{"id":25048,"date":"2022-03-17T12:52:48","date_gmt":"2022-03-17T15:52:48","guid":{"rendered":"http:\/\/vamosporlaliberacion.org\/crpmlm\/?p=25048"},"modified":"2022-03-17T17:10:30","modified_gmt":"2022-03-17T20:10:30","slug":"acuerdo-por-la-deuda-ganan-macri-y-el-fmi","status":"publish","type":"post","link":"http:\/\/vamosporlaliberacion.org\/crpmlm\/acuerdo-por-la-deuda-ganan-macri-y-el-fmi\/","title":{"rendered":"Acuerdo por la deuda, GANAN MACRI Y EL FMI"},"content":{"rendered":"\n<h3 class=\"wp-block-heading\">SEGUIR EN LAS CALLES PARA <strong>QUE LA PAGUEN LOS QUE LA FUGARON, NO EL PUEBLO<\/strong><\/h3>\n\n\n\n<p>El proyecto del acuerdo con el FMI est\u00e1 en estas horas en el \u00faltimo tramo de su aprobaci\u00f3n en el senado. La letra chica es m\u00e1s que elocuente sobre lo que nos tocar\u00e1 poner y las consecuencias que traer\u00e1 en la econom\u00eda y en la pol\u00edtica.<\/p>\n\n\n\n<p>El propio gobierno junto con el c\u00edrculo rojo de clases dominantes y de la comunicaci\u00f3n han acordado que el default es \u201clo peor que nos puede pasar\u201d. Una vez m\u00e1s, con viejos argumentos y viejas recetas se impone la voluntad de las minor\u00edas que quedaran impunes y seguir\u00e1n manejando el control de la econom\u00eda sobre la inmensa mayor\u00eda del pueblo argentino.<\/p>\n\n\n\n<p>En esta primera etapa <strong>se impuso el ajuste por sobre el ajuste salvaje<\/strong> como busca la oposici\u00f3n reaccionaria, a cambio el gobierno cedi\u00f3 no proponer un plan para que la deuda la paguen los que la fugaron y les caiga todo el peso de la ley. \u00a1Gan\u00f3 la impunidad!<\/p>\n\n\n\n<p>El gobierno apunta a que el ajuste sea llevadero en esta primera etapa, pero el acuerdo establece el \u201cmonitoreo colonial\u201d, cada tres meses y hasta diario, que se acord\u00f3 con el FMI lo cual ser\u00e1 un permanente chantaje para aplicar las recetas de ajuste salvaje que promueven, <strong>aunque ya metieron la clausula de aumentar la edad jubilatoria \u201ca voluntad\u201d, el mismo argumento mentiroso de la sangr\u00eda de los \u201cretiros voluntarios\u201d en los 90<\/strong>.<\/p>\n\n\n\n<p>El FMI operar\u00e1 con el chantaje de la oposici\u00f3n reaccionaria como ya lo empez\u00f3 a hacer en diputados y el senado. Chantajes escandalosos impuesto a un gobierno que viene de una dura derrota y est\u00e1 desgastado y d\u00e9bil. Estas consecuencias son precisamente por el ajuste que se llev\u00f3 adelante durante el 2021 mientras se negociaba con el FMI haciendo gestos para lograr dadivas que no llegaron nunca por parte de ese organismo. \u00a1La pagamos caro en las elecciones!<\/p>\n\n\n\n<p>Ahora lamentablemente se elije el mismo camino pero con el acuerdo en el Congreso donde el FMI usa de garante en Juntos por el Cambio. Los resultados no ser\u00e1n otros que los ya conocidos.<\/p>\n\n\n\n<p>Se proclama la lucha contra la inflaci\u00f3n, donde se expresa brutalmente el ajuste, pero se acuerda con el FMI lo contrario como sostiene <strong>Ana Rameri<\/strong>, economista, coordinadora del <strong>Instituto de Pensamiento y Pol\u00edticas P\u00fablicas<\/strong>,<em> \u201cEl acuerdo propone un programa que busca elevar las tasas de inter\u00e9s, situaci\u00f3n que podr\u00eda impactar en mayores costos para la producci\u00f3n. Las tarifas aumentar\u00e1n en funci\u00f3n del objetivo de reducir los subsidios un 0,6 por ciento el PBI. Todo impactar\u00e1 en la evoluci\u00f3n de los precios. Si nos sujetamos a las definiciones del texto, es inflacionario. De esta manera se licuar\u00e1n los salarios e ingresos, y en la arena fiscal, el gasto p\u00fablico\u201d<\/em>.<\/p>\n\n\n\n<p><strong>LA GUERRA, UN NUEVO ORDEN Y LA CRISIS DE LAS MATERIAS PRIMAS<\/strong><\/p>\n\n\n\n<p>La guerra en Ucrania ha marcado el punto m\u00e1s \u00e1lgido de los cambios que se vienen produciendo en el mundo desde la crisis del 2008. <strong>Ya nada volver\u00e1 a ser igual, entramos en una nueva era en las relaciones internacionales. Un nuevo orden mundial se va configurando aceleradamente.<\/strong> Ahora Rusia se muestra como una potencia imperialista en un mundo donde se han agudizado todas las contradicciones, pero la interimperialista particularmente en los \u00faltimos dos a\u00f1os ha ido escalando.<\/p>\n\n\n\n<p>EEUU, principal superpotencia, ha avanzado en la subordinaci\u00f3n sobre Europa y ha aprovechado al m\u00e1ximo el conflicto en Ucrania para aislar a Rusia y su influencia econ\u00f3mica sobre el viejo continente. Pero EEUU ya no puede hacer lo que quiera frente al poder\u00edo econ\u00f3mico y militar Chino y Ruso <strong>(http:\/\/vamosporlaliberacion.org\/crpmlm\/conflicto-de-rusia-y-la-otan-no-a-la-guerra-imperialista\/)<\/strong>, exacerbando las posibilidades de una guerra imperialista a gran escala.<\/p>\n\n\n\n<p><strong>La invasi\u00f3n a Ucrania, y las sanciones econ\u00f3micas sobre Rusia han llevado a la agudizaci\u00f3n de la crisis de los productos primarios en el mundo<\/strong>, donde se encuentra los recursos energ\u00e9ticos y agropecuarios. <strong>(ver nota: \u201c<a href=\"http:\/\/vamosporlaliberacion.org\/crpmlm\/guerra-y-crisis-alimentaria\/\" target=\"_blank\" rel=\"noreferrer noopener\">guerra y crisis alimentaria<\/a>\u201d)<\/strong><\/p>\n\n\n\n<div class=\"wp-block-jetpack-tiled-gallery aligncenter is-style-rectangular\"><div class=\"tiled-gallery__gallery\"><div class=\"tiled-gallery__row\"><div class=\"tiled-gallery__col\" style=\"flex-basis:44.74524%\"><figure class=\"tiled-gallery__item\"><img decoding=\"async\" srcset=\"https:\/\/i2.wp.com\/vamosporlaliberacion.org\/crpmlm\/wp-content\/uploads\/2022\/03\/editorial17-3-22_1.jpeg?strip=info&#038;w=600&#038;ssl=1 600w\" alt=\"\" data-height=\"419\" data-id=\"25052\" data-link=\"http:\/\/vamosporlaliberacion.org\/crpmlm\/?attachment_id=25052\" data-url=\"http:\/\/vamosporlaliberacion.org\/crpmlm\/wp-content\/uploads\/2022\/03\/editorial17-3-22_1.jpeg\" data-width=\"600\" src=\"https:\/\/i2.wp.com\/vamosporlaliberacion.org\/crpmlm\/wp-content\/uploads\/2022\/03\/editorial17-3-22_1.jpeg?ssl=1\" data-amp-layout=\"responsive\"\/><\/figure><\/div><div class=\"tiled-gallery__col\" style=\"flex-basis:55.25476%\"><figure class=\"tiled-gallery__item\"><img decoding=\"async\" srcset=\"https:\/\/i1.wp.com\/vamosporlaliberacion.org\/crpmlm\/wp-content\/uploads\/2022\/03\/editorial17-3-22_3-700x396.jpeg?strip=info&#038;w=600&#038;ssl=1 600w,https:\/\/i1.wp.com\/vamosporlaliberacion.org\/crpmlm\/wp-content\/uploads\/2022\/03\/editorial17-3-22_3-700x396.jpeg?strip=info&#038;w=900&#038;ssl=1 900w,https:\/\/i1.wp.com\/vamosporlaliberacion.org\/crpmlm\/wp-content\/uploads\/2022\/03\/editorial17-3-22_3-700x396.jpeg?strip=info&#038;w=1200&#038;ssl=1 1200w\" alt=\"\" data-height=\"678\" data-id=\"25050\" data-link=\"http:\/\/vamosporlaliberacion.org\/crpmlm\/?attachment_id=25050\" data-url=\"http:\/\/vamosporlaliberacion.org\/crpmlm\/wp-content\/uploads\/2022\/03\/editorial17-3-22_3-700x396.jpeg\" data-width=\"1200\" src=\"https:\/\/i1.wp.com\/vamosporlaliberacion.org\/crpmlm\/wp-content\/uploads\/2022\/03\/editorial17-3-22_3-700x396.jpeg?ssl=1\" data-amp-layout=\"responsive\"\/><\/figure><\/div><\/div><\/div><\/div>\n\n\n\n<p>Nuestro pa\u00eds, productor de materias primas, pero con elevada dependencia tiene un destino cantado en este escenario. Ese destino indica mayor expoliaci\u00f3n de nuestros recursos en aras de sostener a otros estados imperialistas que son afectados por esta guerra, la escases y aumento de los alimentos porque lo monopolios exportadores, en su amplia mayor\u00eda extranjeros, aprovechan la disparada de los precios internacionales con la soja a&nbsp;<strong>670 d\u00f3lares la tonelada<\/strong>, el trigo en&nbsp;<strong>420 d\u00f3lares<\/strong>&nbsp;y el ma\u00edz cerca de los&nbsp;<strong>350 d\u00f3lares<\/strong>. A la par, esos monopolios agroexportadores, grandes terratenientes y cadenas de supermercados hacen escasear la materia prima en nuestro pa\u00eds y especulan con el valor local de los alimentos generando aumentos insostenibles para los bolsillos populares.<\/p>\n\n\n\n<p>Esta realidad va cambiando aceleradamente la pauta de inflaci\u00f3n acordada con el FMI. <strong>La mayor inflaci\u00f3n, genera mayor gasto en energ\u00eda y presiona a un mayor d\u00e9ficit fiscal y achica el super\u00e1vit externo<\/strong> porque los precios de nuestros productos exportables crecen menos que los de importaci\u00f3n.<\/p>\n\n\n\n<p><strong>En este escenario, es mucho m\u00e1s gravoso el acuerdo con el FMI porque en vez de aprovechar esta realidad internacional para poner un freno a las exigencias a futuro, se sigue adelante con el mismo modelo<\/strong> que nos hunde donde el crecimiento econ\u00f3mico se lo llevan el c\u00edrculo rojo de la econom\u00eda.<\/p>\n\n\n\n<p>Se podr\u00e1 hablar mucho del crecimiento econ\u00f3mico, pero en el mejor de los casos vamos aquedar en la foto del 2018\/9 pero con una acuerdo con el fondo que no hab\u00eda en ese momento.<\/p>\n\n\n\n<p><strong>LOS PRECIOS Y LA MESA DE LXS ARGENTINXS<\/strong><\/p>\n\n\n\n<p><strong>Los \u00edndices inflacionarios de 4,7% para febrero con un 52,5% interanual<\/strong>, batieron record. Se espera que marzo supere el 5% llevando la proyecci\u00f3n anual a m\u00e1s del 55% en el mejor de los casos.<\/p>\n\n\n\n<p><strong>Con estos niveles de inflaci\u00f3n lxs trabajadorxs ahora tambi\u00e9n se tendr\u00e1n que imponer a las restricciones del FMI en materia de salarios<\/strong>, lo que traer\u00e1 mayor conflictividad social. El aval de la mayor\u00eda de la CGT al acuerdo una vez m\u00e1s ubica a los jerarcas en la vereda del frente de las necesidades populares.<\/p>\n\n\n\n<p>El acampe masivo de organizaciones sociales en Avenida 9 de Julio frente a al Ministerio de Desarrollo Social con familias enteras con criaturas pasando la noche, muestra la situaci\u00f3n y <strong>el estado de \u00e1nimo por abajo, que es donde se rompe aceleradamente el tejido social<\/strong> porque es sabido que esos registros inflacionarios que muestra el INDEC, en los barrios es mucho mas, donde la gente utiliza b\u00e1sicamente los recursos de las ayudas sociales para comprar alimentos y viajar. La situaci\u00f3n es dur\u00edsima en millones de personas. <strong>\u00bfHasta d\u00f3nde permitir\u00e1 el FMI ampliar los gastos sociales?<\/strong><\/p>\n\n\n\n<p><strong>El gobierno se cuida del default con el FMI, pero entr\u00f3 en el sendero del peligroso default social.<\/strong><\/p>\n\n\n\n<div class=\"wp-block-image\"><figure class=\"aligncenter size-large is-resized\"><img data-recalc-dims=\"1\" loading=\"lazy\" decoding=\"async\" src=\"https:\/\/i0.wp.com\/vamosporlaliberacion.org\/crpmlm\/wp-content\/uploads\/2022\/03\/editorial17-3-22_4-700x525.jpeg?resize=481%2C355\" alt=\"\" class=\"wp-image-25049\" width=\"481\" height=\"355\" srcset=\"https:\/\/i0.wp.com\/vamosporlaliberacion.org\/crpmlm\/wp-content\/uploads\/2022\/03\/editorial17-3-22_4.jpeg?resize=80%2C60&amp;ssl=1 80w, https:\/\/i0.wp.com\/vamosporlaliberacion.org\/crpmlm\/wp-content\/uploads\/2022\/03\/editorial17-3-22_4.jpeg?zoom=2&amp;resize=481%2C355&amp;ssl=1 962w\" sizes=\"auto, (max-width: 481px) 100vw, 481px\" \/><figcaption>El 9\/3 contra el acuerdo en el Congreso Nacional.<\/figcaption><\/figure><\/div>\n\n\n\n<p>Alberto declar\u00f3 <strong>\u201cla guerra a la inflaci\u00f3n\u201d<\/strong> poniendo el centro en la especulaci\u00f3n de los formadores de precios de los alimentos e insumos de primera necesidad. Todav\u00eda hay mucha espuma de los periodistas ac\u00f3litos pero ning\u00fan anuncio que grafique medidas concretas.<\/p>\n\n\n\n<p>Si sabemos que por el camino de los \u201c<strong>retoques paliativos\u201d frente al c\u00e1ncer estructural con met\u00e1stasis <\/strong>que padece el pa\u00eds la situaci\u00f3n social va a explotar m\u00e1s temprano que tarde y se expresar\u00e1 sin dudas en las elecciones del 2023 .<\/p>\n\n\n\n<p>Es necesario avanzar de manera urgente <strong>sobre la especulaci\u00f3n financiera y la evasi\u00f3n de m\u00e1s de 30 mil millones<\/strong> <strong>de<\/strong> <strong>d\u00f3lares<\/strong> <strong>que fugan las agroexportadoras cada a\u00f1o<\/strong>. La creaci\u00f3n de la<strong> Empresa Nacional de Alimentos<\/strong>, es un paso hacia medidas de fondo, porque achica el margen de maniobra de la especulaci\u00f3n monop\u00f3lica sobre los alimentos. Se est\u00e1 a tiempo de <strong>recuperar Vicent\u00edn<\/strong>, ya qued\u00f3 demostrado la gran estafa al Estado y a miles de productores. El cierre de exportaciones de derivados de soja y ma\u00edz debe ir <strong>acompa\u00f1ado por un aumento de las retenciones a las principales empresas y terratenientes<\/strong>, al igual que la carne donde el gobierno amenaza con tomar medidas luego e la ruptura de los acuerdos con los principales frigor\u00edficos exportadores, pero no toma de hecho el \u201ctoro por las astas\u201d.<\/p>\n\n\n\n<p>La pol\u00edtica de \u201cprecios cuidados\u201d fracas\u00f3 porque el Estado no toma medidas directrices estructurales y porque junto con esto no empodera al pueblo para \u201cdarle le\u00f1a a los especuladores\u201d como sosten\u00eda Juan Per\u00f3n. <strong>Un Estado presente es sumamente necesario como lo fue durante el propio peronismo en la d\u00e9cada del 45 al 55<\/strong> con una <strong>Junta Nacional de Granos y un moderno IAPI.<\/strong> Si se toman medidas serias contra el pu\u00f1ado de empresas que forman los precios de la mesa de lxs argentinxs el pueblo apoyar\u00e1 sin dudas y el gobierno se ver\u00e1 fortalecido.<\/p>\n\n\n\n<p>Pero el acuerdo con el FMI condiciona todo, donde la supuesta guerra contra la inflaci\u00f3n y la especulaci\u00f3n va estar marcada por la b\u00fasqueda de d\u00f3lares para pagar los compromisos que manda el acuerdo con el FMI.<\/p>\n\n\n\n<p><strong>UNA NUEVA ETAPA<\/strong><\/p>\n\n\n\n<p>All\u00ed ser\u00e1 el escenario en esta nueva etapa que se abre luego del acuerdo con el FMI. La unidad que se pregona para bancar al presidente en pos de que no avance y gane la derecha, es un dilema estropeado por el mismo ejecutivo que llev\u00f3 y cedi\u00f3 a las presiones y chantajes de \u201cesa derecha\u201d local e internacional. Siempre se\u00f1alamos una disyuntiva objetiva en cuanto a que no hay caminos intermedios, o avanza el neoliberalismo en cualquiera de sus camuflajes o avanza el pueblo. ahora, nuevamente avanzaron los sectores dominantes que controlan la econom\u00eda, la justicia y los medios de comunicaci\u00f3n.<\/p>\n\n\n\n<p><strong>De este laberinto se sale por arriba como suele decir el presidente, pero sus medidas son opuestas a esa salida. El acuerdo con el FMI es la muestra superior.<\/strong><\/p>\n\n\n\n<p>A los sectores populares les queda avanzar en su organizaci\u00f3n y su lucha, en las calles para impedir que se avance en las medidas que ir\u00e1 exigiendo el FMI y la oposici\u00f3n reaccionaria.<\/p>\n\n\n\n<p>Desde este lugar buscamos el encuentro con muchas agrupaciones y dirigentes del amplio espectro del Frente de Todos, que expresan el sentir popular pero nunca fueron tenidos en cuenta para las medidas de fondo que se van tomando. Miles que no acuerdan con este rumbo y buscan construir herramientas que ganen consensos para imponerse.<\/p>\n\n\n\n<p><strong>El acuerdo con el FMI cierra una etapa que tuvo como centro el debate de c\u00f3mo salimos de la pandemia. <\/strong>No salimos mejores: salimos con los ricos m\u00e1s ricos, con un pueblo golpeado, con pobreza e inflaci\u00f3n record y con una deuda impagable sobre sus espaldas.<\/p>\n\n\n\n<p>El camino que se inicia ser\u00e1 muy duro, pero de luchas <strong>y es all\u00ed, junto, bien junto a nuestro pueblo<\/strong> donde las fuerzas revolucionarias, democr\u00e1ticas y antiimperialistas debemos estar <strong>para crecer, crecer y crecer<\/strong>, no solo para impedir que pase el ajuste, sino tambi\u00e9n para cerrarle el paso a la derecha neoliberal que gobern\u00f3 el pa\u00eds, nos endeud\u00f3 por generaciones y pretende volver a como d\u00e9 lugar, sino para ir m\u00e1s all\u00e1, en un rumbo popular <strong>y no volver a viejas \u201crecetas de derrame\u201d mientras los mismos de siempre se llevan las inmensas ganancias con crecimiento o sin \u00e9l, como ocurri\u00f3 en los a\u00f1os de pandemia.<\/strong><\/p>\n\n\n\n<p>Las gigantescas manifestaciones del 8 de Marzo, las de rechazo al acuerdo con el FMI, la de las organizaciones sociales y territoriales contra el hambre y por trabajo genuino y bien pago, la larga lucha de la docencia misionera, muestran el camino que se deber\u00e1 multiplicar para hacer retroceder los tarifazos y aumentos de los alimentos, as\u00ed como conquistar aumento de salarios acordes a la <strong>canasta familiar que ronda los 130.000 pesos<\/strong>, rompiendo el corset que impone el FMI ya expresado en el flamante aumento del <strong>salario m\u00ednimo vital y m\u00f3vil<\/strong> <strong>de<\/strong> <strong>45% llegando a 47.850 pesos<\/strong>, en la l\u00ednea de la indigencia y muy por detr\u00e1s de la inflaci\u00f3n proyectada para el a\u00f1o de m\u00e1s del 52%.<\/p>\n\n\n\n<p>\u201c<em><strong>Prepararse, prepararse y prepararse\u201d<\/strong><\/em> ense\u00f1aba Lenin, sobre todo en los tiempos de mayores dificultades y estar con nuestro pueblo, con lxs trabajadorxs para que lograr unir a una inmensa marea que busca ser protagonista de los cambios que hagan falta hasta encontrar la felicidad para nuestros pueblos.<\/p>\n<!-- AddThis Advanced Settings generic via filter on the_content --><!-- AddThis Share Buttons generic via filter on the_content -->","protected":false},"excerpt":{"rendered":"<p>SEGUIR EN LAS CALLES PARA QUE LA PAGUEN LOS QUE LA FUGARON, NO EL PUEBLO El proyecto del acuerdo con el FMI est\u00e1 en estas horas en el \u00faltimo tramo de su aprobaci\u00f3n en el senado. La letra chica es m\u00e1s que elocuente sobre lo que nos tocar\u00e1 poner y las consecuencias que traer\u00e1 en [&hellip;]<!-- AddThis Advanced Settings generic via filter on get_the_excerpt --><!-- AddThis Share Buttons generic via filter on get_the_excerpt --><\/p>\n","protected":false},"author":9,"featured_media":25051,"comment_status":"open","ping_status":"open","sticky":false,"template":"","format":"standard","meta":{"_jetpack_memberships_contains_paid_content":false,"footnotes":""},"categories":[1881],"tags":[],"class_list":{"0":"post-25048","1":"post","2":"type-post","3":"status-publish","4":"format-standard","5":"has-post-thumbnail","7":"category-editoriales"},"yoast_head":"<!-- This site is optimized with the Yoast SEO plugin v27.4 - https:\/\/yoast.com\/product\/yoast-seo-wordpress\/ -->\n<title>Acuerdo por la deuda, GANAN MACRI Y EL FMI - Vamos por la Liberaci\u00f3n<\/title>\n<meta name=\"robots\" content=\"index, follow, max-snippet:-1, max-image-preview:large, max-video-preview:-1\" \/>\n<link rel=\"canonical\" href=\"http:\/\/vamosporlaliberacion.org\/crpmlm\/acuerdo-por-la-deuda-ganan-macri-y-el-fmi\/\" \/>\n<meta name=\"twitter:label1\" content=\"Escrito por\" \/>\n\t<meta name=\"twitter:data1\" content=\"Prensa Vamos\" \/>\n\t<meta name=\"twitter:label2\" content=\"Tiempo de lectura\" \/>\n\t<meta name=\"twitter:data2\" content=\"10 minutos\" \/>\n<script type=\"application\/ld+json\" class=\"yoast-schema-graph\">{\"@context\":\"https:\\\/\\\/schema.org\",\"@graph\":[{\"@type\":\"Article\",\"@id\":\"http:\\\/\\\/vamosporlaliberacion.org\\\/crpmlm\\\/acuerdo-por-la-deuda-ganan-macri-y-el-fmi\\\/#article\",\"isPartOf\":{\"@id\":\"http:\\\/\\\/vamosporlaliberacion.org\\\/crpmlm\\\/acuerdo-por-la-deuda-ganan-macri-y-el-fmi\\\/\"},\"author\":{\"name\":\"Prensa Vamos\",\"@id\":\"https:\\\/\\\/vamosporlaliberacion.org\\\/crpmlm\\\/#\\\/schema\\\/person\\\/ebdbd4bf0e9418b9f0c0a93395366b2f\"},\"headline\":\"Acuerdo por la deuda, GANAN MACRI Y EL FMI\",\"datePublished\":\"2022-03-17T15:52:48+00:00\",\"dateModified\":\"2022-03-17T20:10:30+00:00\",\"mainEntityOfPage\":{\"@id\":\"http:\\\/\\\/vamosporlaliberacion.org\\\/crpmlm\\\/acuerdo-por-la-deuda-ganan-macri-y-el-fmi\\\/\"},\"wordCount\":2124,\"commentCount\":0,\"image\":{\"@id\":\"http:\\\/\\\/vamosporlaliberacion.org\\\/crpmlm\\\/acuerdo-por-la-deuda-ganan-macri-y-el-fmi\\\/#primaryimage\"},\"thumbnailUrl\":\"https:\\\/\\\/i0.wp.com\\\/vamosporlaliberacion.org\\\/crpmlm\\\/wp-content\\\/uploads\\\/2022\\\/03\\\/editorial17-3-22_2.jpeg?fit=1280%2C721&ssl=1\",\"articleSection\":[\"Editoriales\"],\"inLanguage\":\"es\",\"potentialAction\":[{\"@type\":\"CommentAction\",\"name\":\"Comment\",\"target\":[\"http:\\\/\\\/vamosporlaliberacion.org\\\/crpmlm\\\/acuerdo-por-la-deuda-ganan-macri-y-el-fmi\\\/#respond\"]}]},{\"@type\":\"WebPage\",\"@id\":\"http:\\\/\\\/vamosporlaliberacion.org\\\/crpmlm\\\/acuerdo-por-la-deuda-ganan-macri-y-el-fmi\\\/\",\"url\":\"http:\\\/\\\/vamosporlaliberacion.org\\\/crpmlm\\\/acuerdo-por-la-deuda-ganan-macri-y-el-fmi\\\/\",\"name\":\"Acuerdo por la deuda, GANAN MACRI Y EL FMI - Vamos por la Liberaci\u00f3n\",\"isPartOf\":{\"@id\":\"https:\\\/\\\/vamosporlaliberacion.org\\\/crpmlm\\\/#website\"},\"primaryImageOfPage\":{\"@id\":\"http:\\\/\\\/vamosporlaliberacion.org\\\/crpmlm\\\/acuerdo-por-la-deuda-ganan-macri-y-el-fmi\\\/#primaryimage\"},\"image\":{\"@id\":\"http:\\\/\\\/vamosporlaliberacion.org\\\/crpmlm\\\/acuerdo-por-la-deuda-ganan-macri-y-el-fmi\\\/#primaryimage\"},\"thumbnailUrl\":\"https:\\\/\\\/i0.wp.com\\\/vamosporlaliberacion.org\\\/crpmlm\\\/wp-content\\\/uploads\\\/2022\\\/03\\\/editorial17-3-22_2.jpeg?fit=1280%2C721&ssl=1\",\"datePublished\":\"2022-03-17T15:52:48+00:00\",\"dateModified\":\"2022-03-17T20:10:30+00:00\",\"author\":{\"@id\":\"https:\\\/\\\/vamosporlaliberacion.org\\\/crpmlm\\\/#\\\/schema\\\/person\\\/ebdbd4bf0e9418b9f0c0a93395366b2f\"},\"breadcrumb\":{\"@id\":\"http:\\\/\\\/vamosporlaliberacion.org\\\/crpmlm\\\/acuerdo-por-la-deuda-ganan-macri-y-el-fmi\\\/#breadcrumb\"},\"inLanguage\":\"es\",\"potentialAction\":[{\"@type\":\"ReadAction\",\"target\":[\"http:\\\/\\\/vamosporlaliberacion.org\\\/crpmlm\\\/acuerdo-por-la-deuda-ganan-macri-y-el-fmi\\\/\"]}]},{\"@type\":\"ImageObject\",\"inLanguage\":\"es\",\"@id\":\"http:\\\/\\\/vamosporlaliberacion.org\\\/crpmlm\\\/acuerdo-por-la-deuda-ganan-macri-y-el-fmi\\\/#primaryimage\",\"url\":\"https:\\\/\\\/i0.wp.com\\\/vamosporlaliberacion.org\\\/crpmlm\\\/wp-content\\\/uploads\\\/2022\\\/03\\\/editorial17-3-22_2.jpeg?fit=1280%2C721&ssl=1\",\"contentUrl\":\"https:\\\/\\\/i0.wp.com\\\/vamosporlaliberacion.org\\\/crpmlm\\\/wp-content\\\/uploads\\\/2022\\\/03\\\/editorial17-3-22_2.jpeg?fit=1280%2C721&ssl=1\",\"width\":1280,\"height\":721},{\"@type\":\"BreadcrumbList\",\"@id\":\"http:\\\/\\\/vamosporlaliberacion.org\\\/crpmlm\\\/acuerdo-por-la-deuda-ganan-macri-y-el-fmi\\\/#breadcrumb\",\"itemListElement\":[{\"@type\":\"ListItem\",\"position\":1,\"name\":\"Portada\",\"item\":\"https:\\\/\\\/vamosporlaliberacion.org\\\/crpmlm\\\/\"},{\"@type\":\"ListItem\",\"position\":2,\"name\":\"Acuerdo por la deuda, GANAN MACRI Y EL FMI\"}]},{\"@type\":\"WebSite\",\"@id\":\"https:\\\/\\\/vamosporlaliberacion.org\\\/crpmlm\\\/#website\",\"url\":\"https:\\\/\\\/vamosporlaliberacion.org\\\/crpmlm\\\/\",\"name\":\"Vamos por la Liberaci\u00f3n\",\"description\":\"Prensa CR\",\"potentialAction\":[{\"@type\":\"SearchAction\",\"target\":{\"@type\":\"EntryPoint\",\"urlTemplate\":\"https:\\\/\\\/vamosporlaliberacion.org\\\/crpmlm\\\/?s={search_term_string}\"},\"query-input\":{\"@type\":\"PropertyValueSpecification\",\"valueRequired\":true,\"valueName\":\"search_term_string\"}}],\"inLanguage\":\"es\"},{\"@type\":\"Person\",\"@id\":\"https:\\\/\\\/vamosporlaliberacion.org\\\/crpmlm\\\/#\\\/schema\\\/person\\\/ebdbd4bf0e9418b9f0c0a93395366b2f\",\"name\":\"Prensa Vamos\",\"sameAs\":[\"http:\\\/\\\/vamposporlaliberacion.org\"],\"url\":\"http:\\\/\\\/vamosporlaliberacion.org\\\/crpmlm\\\/author\\\/editor\\\/\"}]}<\/script>\n<!-- \/ Yoast SEO plugin. -->","yoast_head_json":{"title":"Acuerdo por la deuda, GANAN MACRI Y EL FMI - Vamos por la Liberaci\u00f3n","robots":{"index":"index","follow":"follow","max-snippet":"max-snippet:-1","max-image-preview":"max-image-preview:large","max-video-preview":"max-video-preview:-1"},"canonical":"http:\/\/vamosporlaliberacion.org\/crpmlm\/acuerdo-por-la-deuda-ganan-macri-y-el-fmi\/","twitter_misc":{"Escrito por":"Prensa Vamos","Tiempo de lectura":"10 minutos"},"schema":{"@context":"https:\/\/schema.org","@graph":[{"@type":"Article","@id":"http:\/\/vamosporlaliberacion.org\/crpmlm\/acuerdo-por-la-deuda-ganan-macri-y-el-fmi\/#article","isPartOf":{"@id":"http:\/\/vamosporlaliberacion.org\/crpmlm\/acuerdo-por-la-deuda-ganan-macri-y-el-fmi\/"},"author":{"name":"Prensa Vamos","@id":"https:\/\/vamosporlaliberacion.org\/crpmlm\/#\/schema\/person\/ebdbd4bf0e9418b9f0c0a93395366b2f"},"headline":"Acuerdo por la deuda, GANAN MACRI Y EL FMI","datePublished":"2022-03-17T15:52:48+00:00","dateModified":"2022-03-17T20:10:30+00:00","mainEntityOfPage":{"@id":"http:\/\/vamosporlaliberacion.org\/crpmlm\/acuerdo-por-la-deuda-ganan-macri-y-el-fmi\/"},"wordCount":2124,"commentCount":0,"image":{"@id":"http:\/\/vamosporlaliberacion.org\/crpmlm\/acuerdo-por-la-deuda-ganan-macri-y-el-fmi\/#primaryimage"},"thumbnailUrl":"https:\/\/i0.wp.com\/vamosporlaliberacion.org\/crpmlm\/wp-content\/uploads\/2022\/03\/editorial17-3-22_2.jpeg?fit=1280%2C721&ssl=1","articleSection":["Editoriales"],"inLanguage":"es","potentialAction":[{"@type":"CommentAction","name":"Comment","target":["http:\/\/vamosporlaliberacion.org\/crpmlm\/acuerdo-por-la-deuda-ganan-macri-y-el-fmi\/#respond"]}]},{"@type":"WebPage","@id":"http:\/\/vamosporlaliberacion.org\/crpmlm\/acuerdo-por-la-deuda-ganan-macri-y-el-fmi\/","url":"http:\/\/vamosporlaliberacion.org\/crpmlm\/acuerdo-por-la-deuda-ganan-macri-y-el-fmi\/","name":"Acuerdo por la deuda, GANAN MACRI Y EL FMI - Vamos por la Liberaci\u00f3n","isPartOf":{"@id":"https:\/\/vamosporlaliberacion.org\/crpmlm\/#website"},"primaryImageOfPage":{"@id":"http:\/\/vamosporlaliberacion.org\/crpmlm\/acuerdo-por-la-deuda-ganan-macri-y-el-fmi\/#primaryimage"},"image":{"@id":"http:\/\/vamosporlaliberacion.org\/crpmlm\/acuerdo-por-la-deuda-ganan-macri-y-el-fmi\/#primaryimage"},"thumbnailUrl":"https:\/\/i0.wp.com\/vamosporlaliberacion.org\/crpmlm\/wp-content\/uploads\/2022\/03\/editorial17-3-22_2.jpeg?fit=1280%2C721&ssl=1","datePublished":"2022-03-17T15:52:48+00:00","dateModified":"2022-03-17T20:10:30+00:00","author":{"@id":"https:\/\/vamosporlaliberacion.org\/crpmlm\/#\/schema\/person\/ebdbd4bf0e9418b9f0c0a93395366b2f"},"breadcrumb":{"@id":"http:\/\/vamosporlaliberacion.org\/crpmlm\/acuerdo-por-la-deuda-ganan-macri-y-el-fmi\/#breadcrumb"},"inLanguage":"es","potentialAction":[{"@type":"ReadAction","target":["http:\/\/vamosporlaliberacion.org\/crpmlm\/acuerdo-por-la-deuda-ganan-macri-y-el-fmi\/"]}]},{"@type":"ImageObject","inLanguage":"es","@id":"http:\/\/vamosporlaliberacion.org\/crpmlm\/acuerdo-por-la-deuda-ganan-macri-y-el-fmi\/#primaryimage","url":"https:\/\/i0.wp.com\/vamosporlaliberacion.org\/crpmlm\/wp-content\/uploads\/2022\/03\/editorial17-3-22_2.jpeg?fit=1280%2C721&ssl=1","contentUrl":"https:\/\/i0.wp.com\/vamosporlaliberacion.org\/crpmlm\/wp-content\/uploads\/2022\/03\/editorial17-3-22_2.jpeg?fit=1280%2C721&ssl=1","width":1280,"height":721},{"@type":"BreadcrumbList","@id":"http:\/\/vamosporlaliberacion.org\/crpmlm\/acuerdo-por-la-deuda-ganan-macri-y-el-fmi\/#breadcrumb","itemListElement":[{"@type":"ListItem","position":1,"name":"Portada","item":"https:\/\/vamosporlaliberacion.org\/crpmlm\/"},{"@type":"ListItem","position":2,"name":"Acuerdo por la deuda, GANAN MACRI Y EL FMI"}]},{"@type":"WebSite","@id":"https:\/\/vamosporlaliberacion.org\/crpmlm\/#website","url":"https:\/\/vamosporlaliberacion.org\/crpmlm\/","name":"Vamos por la Liberaci\u00f3n","description":"Prensa CR","potentialAction":[{"@type":"SearchAction","target":{"@type":"EntryPoint","urlTemplate":"https:\/\/vamosporlaliberacion.org\/crpmlm\/?s={search_term_string}"},"query-input":{"@type":"PropertyValueSpecification","valueRequired":true,"valueName":"search_term_string"}}],"inLanguage":"es"},{"@type":"Person","@id":"https:\/\/vamosporlaliberacion.org\/crpmlm\/#\/schema\/person\/ebdbd4bf0e9418b9f0c0a93395366b2f","name":"Prensa Vamos","sameAs":["http:\/\/vamposporlaliberacion.org"],"url":"http:\/\/vamosporlaliberacion.org\/crpmlm\/author\/editor\/"}]}},"jetpack_featured_media_url":"https:\/\/i0.wp.com\/vamosporlaliberacion.org\/crpmlm\/wp-content\/uploads\/2022\/03\/editorial17-3-22_2.jpeg?fit=1280%2C721&ssl=1","jetpack_sharing_enabled":true,"_links":{"self":[{"href":"http:\/\/vamosporlaliberacion.org\/crpmlm\/wp-json\/wp\/v2\/posts\/25048","targetHints":{"allow":["GET"]}}],"collection":[{"href":"http:\/\/vamosporlaliberacion.org\/crpmlm\/wp-json\/wp\/v2\/posts"}],"about":[{"href":"http:\/\/vamosporlaliberacion.org\/crpmlm\/wp-json\/wp\/v2\/types\/post"}],"author":[{"embeddable":true,"href":"http:\/\/vamosporlaliberacion.org\/crpmlm\/wp-json\/wp\/v2\/users\/9"}],"replies":[{"embeddable":true,"href":"http:\/\/vamosporlaliberacion.org\/crpmlm\/wp-json\/wp\/v2\/comments?post=25048"}],"version-history":[{"count":3,"href":"http:\/\/vamosporlaliberacion.org\/crpmlm\/wp-json\/wp\/v2\/posts\/25048\/revisions"}],"predecessor-version":[{"id":25062,"href":"http:\/\/vamosporlaliberacion.org\/crpmlm\/wp-json\/wp\/v2\/posts\/25048\/revisions\/25062"}],"wp:featuredmedia":[{"embeddable":true,"href":"http:\/\/vamosporlaliberacion.org\/crpmlm\/wp-json\/wp\/v2\/media\/25051"}],"wp:attachment":[{"href":"http:\/\/vamosporlaliberacion.org\/crpmlm\/wp-json\/wp\/v2\/media?parent=25048"}],"wp:term":[{"taxonomy":"category","embeddable":true,"href":"http:\/\/vamosporlaliberacion.org\/crpmlm\/wp-json\/wp\/v2\/categories?post=25048"},{"taxonomy":"post_tag","embeddable":true,"href":"http:\/\/vamosporlaliberacion.org\/crpmlm\/wp-json\/wp\/v2\/tags?post=25048"}],"curies":[{"name":"wp","href":"https:\/\/api.w.org\/{rel}","templated":true}]}}