{"id":24940,"date":"2022-02-08T10:59:07","date_gmt":"2022-02-08T13:59:07","guid":{"rendered":"http:\/\/vamosporlaliberacion.org\/crpmlm\/?p=24940"},"modified":"2022-02-08T11:09:51","modified_gmt":"2022-02-08T14:09:51","slug":"acuerdo-con-el-fmi-y-la-diversificacion-de-la-dependencia-acciones-y-consecuencias","status":"publish","type":"post","link":"http:\/\/vamosporlaliberacion.org\/crpmlm\/acuerdo-con-el-fmi-y-la-diversificacion-de-la-dependencia-acciones-y-consecuencias\/","title":{"rendered":"Acuerdo con el FMI y la diversificaci\u00f3n de la dependencia. Acciones y consecuencias."},"content":{"rendered":"\n<p><strong>Editorial<\/strong><\/p>\n\n\n\n<h3 class=\"wp-block-heading\" id=\"acciones\"><strong>Acciones<\/strong><\/h3>\n\n\n\n<p>El acuerdo con el FMI implica en primer lugar reconocer una estafa internacional de 57.000 millones de d\u00f3lares, entre el gobierno de Macri y Cambiemos con el FMI. Una acci\u00f3n sin precedentes en la historia de ese organismo internacional desde su fundaci\u00f3n en 1944.<\/p>\n\n\n\n<p>En segundo lugar aceptar las condiciones de un nuevo cr\u00e9dito stanby donde el organismo controlar\u00e1 la econom\u00eda y la pol\u00edtica como condici\u00f3n para ir desembolsando los prestamos perdiendo as\u00ed, soberan\u00eda en las decisiones econ\u00f3micas y pol\u00edticas. Junto con esto las otras pautas acordadas conllevan ajustes y recortes como sostenemos en el documento del MPL del 29-01-2022.&nbsp;<\/p>\n\n\n\n<p>Se cruz\u00f3 un l\u00edmite y se reforz\u00f3 un rumbo, uno que acuerda con los EEUU, pero tambi\u00e9n exigen otras potencias imperialistas como China y Rusia como condici\u00f3n para establecer acuerdos comerciales.<\/p>\n\n\n\n<p><strong>El camino soberano es el que se deber\u00eda emprender con la deuda, suspendiendo los pagos, investigando y mostrando al mundo que somos serios y no nos chantajean con las estafas, pero tampoco somos cantineros de otras potencias imperialistas que solo buscan disputar mercados en el mundo.<\/strong><\/p>\n\n\n\n<p>La acci\u00f3n del propio gobierno lo hizo entrar en el laberinto de la deuda por sus convicciones.&nbsp;<em><strong>\u201cJuan Domingo Biden\u201d<\/strong><\/em><strong>&nbsp;lo llamaron al nuevo presidente de EEUU, creyendo que el recambio en ese pa\u00eds nos iba a favorecer en la negociaci\u00f3n con el FMI<\/strong>. Por eso el gobierno argentino pag\u00f3 intereses y capital de la deuda mientras se negociaba en medio de la pandemia como una se\u00f1al de \u201cbuena voluntad\u201d, as\u00ed fue como perdimos casi 6.000 millones de d\u00f3lares de reservas internacionales en el 2021, se perdieron las elecciones. EEUU no afloj\u00f3 mas plazo, ni la eliminaci\u00f3n de las \u201csobre tasas\u201d, sino que se pusieron duros con la emisi\u00f3n y la reducci\u00f3n del d\u00e9ficit fiscal.&nbsp;<\/p>\n\n\n\n<p>Ahora el FMI est\u00e1 preocupado por la alta inflaci\u00f3n, pero solo apunta a reforzar la \u201cno emisi\u00f3n\u201d, y avala los aumentos de los combustibles, pregona la quita de subsidios a la energ\u00eda mientras nada se hace sobre los formadores de precios de los alimentos controlado por los monopolios, algunos de ellos de la potencia del norte.&nbsp;<\/p>\n\n\n\n<h3 class=\"wp-block-heading\" id=\"consecuencias\"><strong>Consecuencias<\/strong><\/h3>\n\n\n\n<p><strong>La renuncia de M\u00e1ximo Kirchner a la presidencia del bloque de diputados del Frente de Todos, trajo una crisis pol\u00edtica en el oficialismo, pero tambi\u00e9n una \u201cbocanada de aire fresco\u201d a la militancia<\/strong> que no puede digerir el acuerdo vergonzoso con el FMI y sus consecuencias sobre el pueblo. Es el principio de una crisis que puede escalar si no se aceptan modificaciones desde el oficialismo al acuerdo con el FMI en el Congreso.&nbsp;<\/p>\n\n\n\n<p>Varias corrientes y dirigentes de peso nos venimos manifestando antes y a partir de los anuncios. <strong>Porque esta militancia exige que, ya que ni se consulta, por lo menos se le diga la verdad. Y esa verdad es amarga como cada vez que volvi\u00f3 el FMI<\/strong>. M\u00e1s all\u00e1 de los argumentos de poco sustento como<em>&nbsp;\u201cno quedaba otra\u201d, \u201cel default nos saca de la cancha\u201d, \u201ces el mejor acuerdo posible\u201d<\/em>\u2026que repiten desde el ejecutivo y ac\u00f3litos periodistas.&nbsp;<\/p>\n\n\n\n<p>Lo cierto es que las consecuencia de una pol\u00edtica que permita \u201csalir con vida\u201d es \u201cpasto tierno\u201d para el chantaje de los EEUU y el FMI en su b\u00fasqueda de ajuste para tenernos m\u00e1s atados e iniciar (o continuar) el proceso de desgaste social y pol\u00edtico del gobierno de cara al 2023 y recuperar terreno perdido en la regi\u00f3n en su disputa geopol\u00edtica.&nbsp;<\/p>\n\n\n\n<p>No es posible entender la dureza de los EEUU, socio mayoritario en el FMI, en la negociaci\u00f3n con nuestro pa\u00eds sin tener en cuenta la geopol\u00edtica ahora mas agudizada que nunca. En el otorgamiento de prestamos sin precedentes al gobierno de Macri y la renegociaci\u00f3n siempre fue la pol\u00edtica la rectora, no las cuestiones t\u00e9cnicas, el acuerdo alcanzado ahora con el pa\u00eds tiene la misma matriz rectora.&nbsp;<\/p>\n\n\n\n<p>Sin dudas el acuerdo marcar\u00e1 los tiempos y el futuro del gobierno del FdT. Sus consecuencias pueden ser de gran impacto en el corto y mediano plazo en los tres sentidos: el econ\u00f3mico, el social y el pol\u00edtico.&nbsp;<\/p>\n\n\n\n<p><strong>Otra consecuencia del acuerdo, es darle m\u00e1s poder a la oposici\u00f3n de derecha,<\/strong> que si bien hay diferencias en cuanto a apoyar o no el acuerdo, esta se maneja relativamente c\u00f3moda y hay sectores que chantajean con sus votos si no ve linealidad en el bloque oficialista.&nbsp;<\/p>\n\n\n\n<p><strong>La negociaci\u00f3n con el FMI es un punto de inflexi\u00f3n que ha agudizado un estado deliberativo en el Frente de Todos.&nbsp;<\/strong><\/p>\n\n\n\n<p>La renuncia de M\u00e1ximo Kirchner agudiz\u00f3 esta situaci\u00f3n, pero todav\u00eda no hay centralidad en el rumbo a seguir en cuanto a las acciones. <strong>Sin dudas la lucha hoy se traslada a c\u00f3mo van a votar el kirchnerismo duro y otras expresiones del FdT en el Congreso<\/strong> que marcar\u00e1 un nuevo momento ya que podr\u00eda dejar muy expuesto al sector del peronismo que comulga con Alberto Fern\u00e1ndez y gobernadores junto a la oposici\u00f3n de derecha aprobando el acuerdo sin modificaciones.&nbsp;<\/p>\n\n\n\n<p><strong>Se ha instalado la necesidad de trabajar aceleradamente desde los sectores populares del FdT una coordinaci\u00f3n de posiciones y acciones el d\u00eda de la votaci\u00f3n con un eje donde quede expresado en quienes tienen que pagar la deuda, un impuesto permanente a las grandes fortunas (muchos de ellxs fugadores de la deuda)<\/strong> e incluso avanzar sobre el contrabando en las exportaciones donde el Estado, por no tener el control, permite la evasi\u00f3n de m\u00e1s de 30 mil millones de d\u00f3lares anuales como lo planteamos en el documento del MPL (<a href=\"http:\/\/vamosporlaliberacion.org\/crpmlm\/frente-al-acuerdo-del-gobierno-con-el-fmi-qle-la-deuda-la-pague-macri-y-los-que-la-fugaron-y-no-el-pueblo\/\" target=\"_blank\" rel=\"noreferrer noopener\">Ver<\/a>).<\/p>\n\n\n\n<figure class=\"wp-block-gallery has-nested-images columns-default is-cropped wp-block-gallery-1 is-layout-flex wp-block-gallery-is-layout-flex\">\n<figure class=\"wp-block-image size-large\"><img data-recalc-dims=\"1\" loading=\"lazy\" decoding=\"async\" width=\"696\" height=\"465\" data-id=\"24944\" src=\"https:\/\/i0.wp.com\/vamosporlaliberacion.org\/crpmlm\/wp-content\/uploads\/2022\/02\/encuentroAMBA5F-1.jpeg?resize=696%2C465\" alt=\"\" class=\"wp-image-24944\" srcset=\"https:\/\/i0.wp.com\/vamosporlaliberacion.org\/crpmlm\/wp-content\/uploads\/2022\/02\/encuentroAMBA5F-1.jpeg?w=1280&amp;ssl=1 1280w, https:\/\/i0.wp.com\/vamosporlaliberacion.org\/crpmlm\/wp-content\/uploads\/2022\/02\/encuentroAMBA5F-1.jpeg?resize=300%2C200&amp;ssl=1 300w, https:\/\/i0.wp.com\/vamosporlaliberacion.org\/crpmlm\/wp-content\/uploads\/2022\/02\/encuentroAMBA5F-1.jpeg?resize=700%2C468&amp;ssl=1 700w, https:\/\/i0.wp.com\/vamosporlaliberacion.org\/crpmlm\/wp-content\/uploads\/2022\/02\/encuentroAMBA5F-1.jpeg?resize=768%2C513&amp;ssl=1 768w, https:\/\/i0.wp.com\/vamosporlaliberacion.org\/crpmlm\/wp-content\/uploads\/2022\/02\/encuentroAMBA5F-1.jpeg?resize=150%2C100&amp;ssl=1 150w, https:\/\/i0.wp.com\/vamosporlaliberacion.org\/crpmlm\/wp-content\/uploads\/2022\/02\/encuentroAMBA5F-1.jpeg?resize=696%2C465&amp;ssl=1 696w, https:\/\/i0.wp.com\/vamosporlaliberacion.org\/crpmlm\/wp-content\/uploads\/2022\/02\/encuentroAMBA5F-1.jpeg?resize=1068%2C713&amp;ssl=1 1068w, https:\/\/i0.wp.com\/vamosporlaliberacion.org\/crpmlm\/wp-content\/uploads\/2022\/02\/encuentroAMBA5F-1.jpeg?resize=629%2C420&amp;ssl=1 629w\" sizes=\"auto, (max-width: 696px) 100vw, 696px\" \/><\/figure>\n\n\n\n<figure class=\"wp-block-image size-large\"><img data-recalc-dims=\"1\" loading=\"lazy\" decoding=\"async\" width=\"696\" height=\"464\" data-id=\"24943\" src=\"https:\/\/i0.wp.com\/vamosporlaliberacion.org\/crpmlm\/wp-content\/uploads\/2022\/02\/encuentroAMBA5F-2.jpeg?resize=696%2C464\" alt=\"\" class=\"wp-image-24943\" srcset=\"https:\/\/i0.wp.com\/vamosporlaliberacion.org\/crpmlm\/wp-content\/uploads\/2022\/02\/encuentroAMBA5F-2.jpeg?w=960&amp;ssl=1 960w, https:\/\/i0.wp.com\/vamosporlaliberacion.org\/crpmlm\/wp-content\/uploads\/2022\/02\/encuentroAMBA5F-2.jpeg?resize=300%2C200&amp;ssl=1 300w, https:\/\/i0.wp.com\/vamosporlaliberacion.org\/crpmlm\/wp-content\/uploads\/2022\/02\/encuentroAMBA5F-2.jpeg?resize=700%2C467&amp;ssl=1 700w, https:\/\/i0.wp.com\/vamosporlaliberacion.org\/crpmlm\/wp-content\/uploads\/2022\/02\/encuentroAMBA5F-2.jpeg?resize=768%2C512&amp;ssl=1 768w, https:\/\/i0.wp.com\/vamosporlaliberacion.org\/crpmlm\/wp-content\/uploads\/2022\/02\/encuentroAMBA5F-2.jpeg?resize=150%2C100&amp;ssl=1 150w, https:\/\/i0.wp.com\/vamosporlaliberacion.org\/crpmlm\/wp-content\/uploads\/2022\/02\/encuentroAMBA5F-2.jpeg?resize=696%2C464&amp;ssl=1 696w, https:\/\/i0.wp.com\/vamosporlaliberacion.org\/crpmlm\/wp-content\/uploads\/2022\/02\/encuentroAMBA5F-2.jpeg?resize=630%2C420&amp;ssl=1 630w\" sizes=\"auto, (max-width: 696px) 100vw, 696px\" \/><\/figure>\n<figcaption class=\"blocks-gallery-caption\">Plenario de la Militancia en San Mart\u00edn (GBA).<\/figcaption><\/figure>\n\n\n\n<p><strong>Esto no se podr\u00e1 lograr sin la lucha y abandonando concepciones defensivas y derrotistas de <\/strong><em><strong>\u201cllegar hasta donde se pueda\u201d<\/strong><\/em><strong> o <\/strong><em><strong>\u201chasta donde den las relaciones de fuerzas\u201d<\/strong><\/em>, perdiendo de vista que esas relaciones de fuerzas var\u00edan de acuerdo a las convicciones y la presi\u00f3n que se ejerce de un lado o de otro. \u00bfQu\u00e9 ser\u00eda de nosotros, si nuestros pr\u00f3ceres San Mart\u00edn, Belgrano o G\u00fcemes hubieran condicionado su acci\u00f3n a las relaciones de fuerzas?. \u00bfQu\u00e9 ser\u00eda de las conquistas logradas para el pa\u00eds y el pueblo si este vacilaba en liberar a su l\u00edder Juan Per\u00f3n en 1945? \u00bfQu\u00e9 ser\u00eda del triunfo de la Revoluci\u00f3n Cubana si Fidel Castro, el Che Guevara y el pu\u00f1ado de revolucionarios no confiaba plenamente en el pueblo que los cobij\u00f3?.<\/p>\n\n\n\n<p>La crisis producto del acuerdo con el FMI ha puesto con mayor relevancia que son los sectores populares quienes deben pechar fuerte para arrancar derechos aun no concedidos, frenar las consecuencias de ajuste que traer\u00e1 este acuerdo y poder tener expresiones propias en la interna del frente. <strong>Expresiones y acuerdos que no terminen en impedir que vuelva a gobernar el macrismo y Juntos por el Cambio en el 2023, sino que tengan una perspectiva, que de certezas hacia un rumbo popular que tenga apunte a un cambio de matriz econ\u00f3mica y cultural.<\/strong><\/p>\n\n\n\n<h3 class=\"wp-block-heading\" id=\"diversificar-la-dependencia-o-rumbo-soberano\"><strong>\u00bf\u201cDiversificar la dependencia\u201d o rumbo soberano?<\/strong><\/h3>\n\n\n\n<p>El acuerdo con el FMI no va a contrapelo de las necesidades de otras potencias imperialistas,<strong> est\u00e1n de acuerdo porque mientras m\u00e1s d\u00e9biles estemos, m\u00e1s oportunidades de penetraci\u00f3n de sus productos y chantajes tendr\u00e1n<\/strong>. En este juego, los roles no son los mismos, aunque podr\u00edamos decir que los resultados para nosotros ser\u00e1n los de siempre.<\/p>\n\n\n\n<p>Los EEUU aprietan de una manera brutal a trav\u00e9s del FMI, pero del otro lado est\u00e1n sus rivales, \u201clobos con piel de corderos\u201d que \u201cnos quieren ayudar\u201d. As\u00ed unos aparecen \u201cmalos y otros buenos\u201d.<\/p>\n\n\n\n<p><strong>Ofrecerse al jefe del imperialismo ruso, Vladimir Putin como lo hizo Alberto Fern\u00e1ndez nos sumerge en el vergonzoso papel de felpudo<\/strong> para que estos penetren en Am\u00e9rica Latina y el pa\u00eds, (aunque hay que decir que esta potencia imperialista hace muchos a\u00f1os que tiene presencia en estas tierras).<\/p>\n\n\n\n<div class=\"wp-block-image\"><figure class=\"aligncenter size-large is-resized\"><img data-recalc-dims=\"1\" loading=\"lazy\" decoding=\"async\" src=\"https:\/\/i0.wp.com\/vamosporlaliberacion.org\/crpmlm\/wp-content\/uploads\/2022\/02\/AlbertoPutin2-2022-700x394.jpeg?resize=510%2C287\" alt=\"\" class=\"wp-image-24941\" width=\"510\" height=\"287\" srcset=\"https:\/\/i0.wp.com\/vamosporlaliberacion.org\/crpmlm\/wp-content\/uploads\/2022\/02\/AlbertoPutin2-2022.jpeg?resize=700%2C394&amp;ssl=1 700w, https:\/\/i0.wp.com\/vamosporlaliberacion.org\/crpmlm\/wp-content\/uploads\/2022\/02\/AlbertoPutin2-2022.jpeg?resize=300%2C169&amp;ssl=1 300w, https:\/\/i0.wp.com\/vamosporlaliberacion.org\/crpmlm\/wp-content\/uploads\/2022\/02\/AlbertoPutin2-2022.jpeg?resize=768%2C432&amp;ssl=1 768w, https:\/\/i0.wp.com\/vamosporlaliberacion.org\/crpmlm\/wp-content\/uploads\/2022\/02\/AlbertoPutin2-2022.jpeg?resize=150%2C84&amp;ssl=1 150w, https:\/\/i0.wp.com\/vamosporlaliberacion.org\/crpmlm\/wp-content\/uploads\/2022\/02\/AlbertoPutin2-2022.jpeg?resize=696%2C392&amp;ssl=1 696w, https:\/\/i0.wp.com\/vamosporlaliberacion.org\/crpmlm\/wp-content\/uploads\/2022\/02\/AlbertoPutin2-2022.jpeg?resize=747%2C420&amp;ssl=1 747w, https:\/\/i0.wp.com\/vamosporlaliberacion.org\/crpmlm\/wp-content\/uploads\/2022\/02\/AlbertoPutin2-2022.jpeg?w=864&amp;ssl=1 864w\" sizes=\"auto, (max-width: 510px) 100vw, 510px\" \/><figcaption>Alberto Fern\u00e1ndez y Vladimir Putin en la visita de Argentina a Rusia en febrero de este a\u00f1o.<\/figcaption><\/figure><\/div>\n\n\n\n<p>La adhesi\u00f3n de Argentina a la <strong>\u201cfranja y ruta\u201d o la \u201cnueva ruta de la seda\u201d<\/strong> que suscribe ahora el presidente Fern\u00e1ndez, que le dijo al mandam\u00e1s chino Xi Jinping, que \u201csi fuera argentino seria peronista\u201d, negando que pol\u00edticas exteriores como las de China hoy, chocan con aquellas que pregonaba la burgues\u00eda nacional en el poder liderada por el General Per\u00f3n.<\/p>\n\n\n\n<p>Tambi\u00e9n olvid\u00f3 el presidente que fue el mismo Xi Jinping (el \u201cperonista\u201d) el que recibi\u00f3 en el 2017 a Mauricio Macri quien aprob\u00f3 la iniciativa de la \u201cFranja y la Ruta\u201d. Luegoen diciembre de 2018 y despu\u00e9s de la mega devaluaci\u00f3n y la vuelta al FMI, Macri afirm\u00f3:<em><strong>\u00abCuanto mejor le vaya a China, mejor le ir\u00e1 a los argentinos y al mundo\u00bb<\/strong><\/em><em>, <\/em>(no pregonaba precisamente las ideas peronistas en el mundo)<em>,<\/em> yClar\u00edn titulaba en su tapa: \u201ccon 30 nuevos acuerdos, China es uno de los mayores inversores de Argentina\u201d con la foto de los dos presidentes y sus primeras damas.<\/p>\n\n\n\n<div class=\"wp-block-image\"><figure class=\"aligncenter size-large is-resized\"><img data-recalc-dims=\"1\" loading=\"lazy\" decoding=\"async\" src=\"https:\/\/i0.wp.com\/vamosporlaliberacion.org\/crpmlm\/wp-content\/uploads\/2022\/02\/clarinSobreChina2-2022-504x700.jpeg?resize=251%2C348\" alt=\"\" class=\"wp-image-24942\" width=\"251\" height=\"348\" srcset=\"https:\/\/i0.wp.com\/vamosporlaliberacion.org\/crpmlm\/wp-content\/uploads\/2022\/02\/clarinSobreChina2-2022.jpeg?resize=504%2C700&amp;ssl=1 504w, https:\/\/i0.wp.com\/vamosporlaliberacion.org\/crpmlm\/wp-content\/uploads\/2022\/02\/clarinSobreChina2-2022.jpeg?resize=216%2C300&amp;ssl=1 216w, https:\/\/i0.wp.com\/vamosporlaliberacion.org\/crpmlm\/wp-content\/uploads\/2022\/02\/clarinSobreChina2-2022.jpeg?resize=150%2C208&amp;ssl=1 150w, https:\/\/i0.wp.com\/vamosporlaliberacion.org\/crpmlm\/wp-content\/uploads\/2022\/02\/clarinSobreChina2-2022.jpeg?resize=300%2C417&amp;ssl=1 300w, https:\/\/i0.wp.com\/vamosporlaliberacion.org\/crpmlm\/wp-content\/uploads\/2022\/02\/clarinSobreChina2-2022.jpeg?resize=696%2C966&amp;ssl=1 696w, https:\/\/i0.wp.com\/vamosporlaliberacion.org\/crpmlm\/wp-content\/uploads\/2022\/02\/clarinSobreChina2-2022.jpeg?resize=302%2C420&amp;ssl=1 302w, https:\/\/i0.wp.com\/vamosporlaliberacion.org\/crpmlm\/wp-content\/uploads\/2022\/02\/clarinSobreChina2-2022.jpeg?w=767&amp;ssl=1 767w\" sizes=\"auto, (max-width: 251px) 100vw, 251px\" \/><\/figure><\/div>\n\n\n\n<p><strong>Lo cierto es que lo que propone el gobierno Chino es avanzar en inversiones que traer\u00edan los d\u00f3lares tan necesitados para cumplir con el acuerdo con el FMI (del que ellos tambi\u00e9n son parte)<\/strong>, pero tambi\u00e9n avanzan en la geopol\u00edtica en su disputa con los EEUU. As\u00ed, terminar\u00edan de construir la tercera central nuclear (mientras est\u00e1n paradas las dos en construcci\u00f3n, una \u00edntegramente argentina CAREM), profundizar\u00edan la presencia en la explotaci\u00f3n del litio y <strong>dieron pasos en la negociaci\u00f3n por la \u201ctecnolog\u00eda 5G\u201d (aunque no se cerr\u00f3 nada, a\u00fan) <\/strong>a trav\u00e9s de la compa\u00f1\u00eda china Huawei (fabrica que visit\u00f3 la delegaci\u00f3n argentina en estos d\u00edas en China).<strong> Este \u00faltimo es el centro de la disputa con los EEUU (ver aparte).<\/strong><\/p>\n\n\n\n<p>Mientras tanto se acrecentar\u00e1 la inversi\u00f3n en la obra p\u00fablica se avanzar\u00e1 en los trabajo las represas Presidente N\u00e9stor Kirchner y Gobernador Jorge Cepernic paradas hace 14 a\u00f1os en Santa Cruz. Todo esto estar\u00e1 contemplado en la flamante adhesi\u00f3n a la iniciativa de la Franja y la Ruta donde prometen un desembolso de m\u00e1s de 22.000 millones de d\u00f3lares y donde se multiplicar\u00e1 la inundaci\u00f3n de productos fabricados en ese pa\u00eds, en desmedro de lo que podemos fabricar en el nuestro.<\/p>\n\n\n\n<div class=\"wp-block-image\"><figure class=\"aligncenter size-large is-resized\"><img data-recalc-dims=\"1\" loading=\"lazy\" decoding=\"async\" src=\"https:\/\/i0.wp.com\/vamosporlaliberacion.org\/crpmlm\/wp-content\/uploads\/2022\/02\/Alberto-Xijinping2-2022-700x393.jpeg?resize=447%2C251\" alt=\"\" class=\"wp-image-24945\" width=\"447\" height=\"251\" srcset=\"https:\/\/i0.wp.com\/vamosporlaliberacion.org\/crpmlm\/wp-content\/uploads\/2022\/02\/Alberto-Xijinping2-2022.jpeg?resize=700%2C393&amp;ssl=1 700w, https:\/\/i0.wp.com\/vamosporlaliberacion.org\/crpmlm\/wp-content\/uploads\/2022\/02\/Alberto-Xijinping2-2022.jpeg?resize=300%2C169&amp;ssl=1 300w, https:\/\/i0.wp.com\/vamosporlaliberacion.org\/crpmlm\/wp-content\/uploads\/2022\/02\/Alberto-Xijinping2-2022.jpeg?resize=768%2C432&amp;ssl=1 768w, https:\/\/i0.wp.com\/vamosporlaliberacion.org\/crpmlm\/wp-content\/uploads\/2022\/02\/Alberto-Xijinping2-2022.jpeg?resize=150%2C84&amp;ssl=1 150w, https:\/\/i0.wp.com\/vamosporlaliberacion.org\/crpmlm\/wp-content\/uploads\/2022\/02\/Alberto-Xijinping2-2022.jpeg?resize=696%2C391&amp;ssl=1 696w, https:\/\/i0.wp.com\/vamosporlaliberacion.org\/crpmlm\/wp-content\/uploads\/2022\/02\/Alberto-Xijinping2-2022.jpeg?resize=747%2C420&amp;ssl=1 747w, https:\/\/i0.wp.com\/vamosporlaliberacion.org\/crpmlm\/wp-content\/uploads\/2022\/02\/Alberto-Xijinping2-2022.jpeg?w=950&amp;ssl=1 950w\" sizes=\"auto, (max-width: 447px) 100vw, 447px\" \/><figcaption>Alberto Fern\u00e1ndez y XI Jinping en la visita del presidente Argentino a China en febrero de este a\u00f1o.<\/figcaption><\/figure><\/div>\n\n\n\n<p>Hay sectores del Frente de Todos que celebran esto como \u201cpasos soberanos\u201d, por el solo hecho de que no nos subordinamos solo a los EEUU. <strong>Viven y celebran la diversificaci\u00f3n de la dependencia como algo soberano.<\/strong> <em>\u201cYo estoy empecinado en que la Argentina tiene que dejar de tener esa dependencia tan grande que tiene con el Fondo y con Estados Unidos. Tiene que abrirse&nbsp;camino&nbsp;a otros lados y me parece que&nbsp;Rusia&nbsp;tiene un lugar muy importante\u201d<\/em>, le dec\u00eda Alberto Fern\u00e1ndez (sin ponerse colorado) a Putin.<\/p>\n\n\n\n<p><strong>Esta filosof\u00eda, no aprovecha la multipolaridad para avanzar en el camino de pol\u00edticas econ\u00f3micas independientes<\/strong>, sino para remachar el objetivo primario de la \u201centrada de d\u00f3lares\u201d, (donde una gran parte va a parar a los acreedores de la timba financiera y los monopolios) mientras nada para ir desarmando una matriz dependiente. <strong>Seguimos siendo un eslab\u00f3n en la divisi\u00f3n internacional que controlan las potencias imperialistas a las que nos entregamos sin tapujos.<\/strong><\/p>\n\n\n\n<p>\u201c<strong>No se trata de cambiar de collar\u2026sino dejar de ser perro\u201d<\/strong><strong>(Arturo Jauretche)<\/strong><\/p>\n\n\n\n<p>En la medida que no se avance en cambiar estos conceptos culturales de exponentes de la clase dirigente que se ubican en el campo popular, <strong>seguiremos optando por \u201cel mal menor\u201d en la peligrosa disputa geopol\u00edtica de las potencias imperialistas.<\/strong><\/p>\n\n\n\n<p>Por el contrario, en el mundo hay muchos ejemplos de c\u00f3mo aprovechar las contradicciones y los momentos para hacer avanzar a los pueblos en la lucha por el poder, como fue la Revoluci\u00f3n Rusa o la propia China, en las dos hubo vanguardia y sacrificios heroicos y as\u00ed triunfaron.<\/p>\n\n\n\n<p><strong>En nuestro pa\u00eds tambi\u00e9n esa historia se escribi\u00f3 con el surgimiento del peronismo donde tambi\u00e9n se supieron aprovechar acontecimientos hist\u00f3ricos<\/strong> como la segunda guerra mundial y la pos guerra que dio la oportunidad para avanzar en cambiar la matriz econ\u00f3mica y abandonar aquella \u201cArgentina granero del mundo\u201d poniendo en marcha pol\u00edticas independientes que, sin dejar de comerciar con el mundo, ni dejando de comprar componentes necesarios que no se fabricaban aqu\u00ed, el centro estuvo en el desarrollo propio de la industria, el agro y el comercio exterior controlado por el Estado.<\/p>\n\n\n\n<p>La profundidad de la crisis mundial, potenciada por la pandemia, <strong>han llevado a que las diferencias sociales se acrecentaran donde l<\/strong><strong>os 10 m\u00e1s ricos del mundo duplicaron sus fortunas desde marzo 2020. Mientras, se registraron unos 160 millones de nuevos pobres (Oxfam)<\/strong>. Vivimos en un mundo con un sistema econ\u00f3mico que permite que cuatro de cada cinco euros generados como riqueza a nivel mundial terminan en manos del 1% m\u00e1s rico de la poblaci\u00f3n global (Oxfam).<\/p>\n\n\n\n<p><strong>Frente a esta realidad, la salida no puede ser nuevamente la puerta de entrada que nos llev\u00f3 a este abismo<\/strong>. La diversificaci\u00f3n de la dependencia nos trae al FMI, el saqueo imperialista con la destrucci\u00f3n de nuestros recursos naturales, con p\u00e9rdida de soberan\u00eda y viejas pol\u00edticas de ajuste al pueblo.<\/p>\n\n\n\n<p>Son tiempos para emprender un rumbo popular, porque es el mejor camino para empoderar al pueblo y que no vuelva a gobernar la derecha neoliberal y reaccionaria que se prepara para volver al poder.&nbsp;<\/p>\n\n\n\n<p><strong>El rumbo de los acuerdos con el FMI, dispersa a las fuerzas populares y fortalece a la derecha<\/strong> y va a contrapelo de los sentimientos de decenas de miles de luchadorexs que lo dieron todo para terminar con las experiencias de la derecha neoliberal y abrir otro periodo en Am\u00e9rica Latina: un periodo de conquistas de derechos, igualdad, defensa del medio ambiente, disminuyendo la pobreza y la precarizaci\u00f3n laboral.<\/p>\n\n\n\n<p><strong>La militancia popular y antiimperialista debe abrazar esos nuevos vientos para avanzar en un camino de liberaci\u00f3n, aun por sobre los gobierno del campo popular que desv\u00edan el rumbo<\/strong> en el que los pueblos depositaron sus esperanzas, pero sin perder de vista que es en los grandes frentes populares donde se disputa la hegemon\u00eda en la lucha por el poder.&nbsp;<\/p>\n\n\n\n<p><strong>Desde el Comunismo Revolucionario en el MPL (Movimiento Popular Liberaci\u00f3n) trabajamos para empujar la lucha y la unidad de la militancia popular<\/strong> para ser parte de este nuevo periodo donde el pueblo, con lxs trabajadores a la cabeza, pueda ser el sujeto de los cambios revolucionarios que traigan esperanzas, certezas y felicidad a las grandes mayor\u00edas.&nbsp;<\/p>\n<!-- AddThis Advanced Settings generic via filter on the_content --><!-- AddThis Share Buttons generic via filter on the_content -->","protected":false},"excerpt":{"rendered":"<p>Editorial Acciones El acuerdo con el FMI implica en primer lugar reconocer una estafa internacional de 57.000 millones de d\u00f3lares, entre el gobierno de Macri y Cambiemos con el FMI. Una acci\u00f3n sin precedentes en la historia de ese organismo internacional desde su fundaci\u00f3n en 1944. En segundo lugar aceptar las condiciones de un nuevo [&hellip;]<!-- AddThis Advanced Settings generic via filter on get_the_excerpt --><!-- AddThis Share Buttons generic via filter on get_the_excerpt --><\/p>\n","protected":false},"author":9,"featured_media":24946,"comment_status":"open","ping_status":"open","sticky":false,"template":"","format":"standard","meta":{"_jetpack_memberships_contains_paid_content":false,"footnotes":""},"categories":[1881],"tags":[],"class_list":{"0":"post-24940","1":"post","2":"type-post","3":"status-publish","4":"format-standard","5":"has-post-thumbnail","7":"category-editoriales"},"yoast_head":"<!-- This site is optimized with the Yoast SEO plugin v27.4 - https:\/\/yoast.com\/product\/yoast-seo-wordpress\/ -->\n<title>Acuerdo con el FMI y la diversificaci\u00f3n de la dependencia. Acciones y consecuencias. - Vamos por la Liberaci\u00f3n<\/title>\n<meta name=\"description\" content=\"El acuerdo con el FMI implica en primer lugar reconocer una estafa internacional de 57.000 millones de d\u00f3lares, entre el gobierno de Macri y Cambiemos con el FMI. Una acci\u00f3n sin precedentes en la historia de ese organismo.\" \/>\n<meta name=\"robots\" content=\"index, follow, max-snippet:-1, max-image-preview:large, max-video-preview:-1\" \/>\n<link rel=\"canonical\" href=\"http:\/\/vamosporlaliberacion.org\/crpmlm\/acuerdo-con-el-fmi-y-la-diversificacion-de-la-dependencia-acciones-y-consecuencias\/\" \/>\n<meta name=\"twitter:label1\" content=\"Escrito por\" \/>\n\t<meta name=\"twitter:data1\" content=\"Prensa Vamos\" \/>\n\t<meta name=\"twitter:label2\" content=\"Tiempo de lectura\" \/>\n\t<meta name=\"twitter:data2\" content=\"12 minutos\" \/>\n<script type=\"application\/ld+json\" class=\"yoast-schema-graph\">{\"@context\":\"https:\\\/\\\/schema.org\",\"@graph\":[{\"@type\":\"Article\",\"@id\":\"http:\\\/\\\/vamosporlaliberacion.org\\\/crpmlm\\\/acuerdo-con-el-fmi-y-la-diversificacion-de-la-dependencia-acciones-y-consecuencias\\\/#article\",\"isPartOf\":{\"@id\":\"http:\\\/\\\/vamosporlaliberacion.org\\\/crpmlm\\\/acuerdo-con-el-fmi-y-la-diversificacion-de-la-dependencia-acciones-y-consecuencias\\\/\"},\"author\":{\"name\":\"Prensa Vamos\",\"@id\":\"https:\\\/\\\/vamosporlaliberacion.org\\\/crpmlm\\\/#\\\/schema\\\/person\\\/ebdbd4bf0e9418b9f0c0a93395366b2f\"},\"headline\":\"Acuerdo con el FMI y la diversificaci\u00f3n de la dependencia. Acciones y consecuencias.\",\"datePublished\":\"2022-02-08T13:59:07+00:00\",\"dateModified\":\"2022-02-08T14:09:51+00:00\",\"mainEntityOfPage\":{\"@id\":\"http:\\\/\\\/vamosporlaliberacion.org\\\/crpmlm\\\/acuerdo-con-el-fmi-y-la-diversificacion-de-la-dependencia-acciones-y-consecuencias\\\/\"},\"wordCount\":2561,\"commentCount\":0,\"image\":{\"@id\":\"http:\\\/\\\/vamosporlaliberacion.org\\\/crpmlm\\\/acuerdo-con-el-fmi-y-la-diversificacion-de-la-dependencia-acciones-y-consecuencias\\\/#primaryimage\"},\"thumbnailUrl\":\"https:\\\/\\\/i0.wp.com\\\/vamosporlaliberacion.org\\\/crpmlm\\\/wp-content\\\/uploads\\\/2022\\\/02\\\/MacriLagarde2.jpeg?fit=640%2C360&ssl=1\",\"articleSection\":[\"Editoriales\"],\"inLanguage\":\"es\",\"potentialAction\":[{\"@type\":\"CommentAction\",\"name\":\"Comment\",\"target\":[\"http:\\\/\\\/vamosporlaliberacion.org\\\/crpmlm\\\/acuerdo-con-el-fmi-y-la-diversificacion-de-la-dependencia-acciones-y-consecuencias\\\/#respond\"]}]},{\"@type\":\"WebPage\",\"@id\":\"http:\\\/\\\/vamosporlaliberacion.org\\\/crpmlm\\\/acuerdo-con-el-fmi-y-la-diversificacion-de-la-dependencia-acciones-y-consecuencias\\\/\",\"url\":\"http:\\\/\\\/vamosporlaliberacion.org\\\/crpmlm\\\/acuerdo-con-el-fmi-y-la-diversificacion-de-la-dependencia-acciones-y-consecuencias\\\/\",\"name\":\"Acuerdo con el FMI y la diversificaci\u00f3n de la dependencia. Acciones y consecuencias. - Vamos por la Liberaci\u00f3n\",\"isPartOf\":{\"@id\":\"https:\\\/\\\/vamosporlaliberacion.org\\\/crpmlm\\\/#website\"},\"primaryImageOfPage\":{\"@id\":\"http:\\\/\\\/vamosporlaliberacion.org\\\/crpmlm\\\/acuerdo-con-el-fmi-y-la-diversificacion-de-la-dependencia-acciones-y-consecuencias\\\/#primaryimage\"},\"image\":{\"@id\":\"http:\\\/\\\/vamosporlaliberacion.org\\\/crpmlm\\\/acuerdo-con-el-fmi-y-la-diversificacion-de-la-dependencia-acciones-y-consecuencias\\\/#primaryimage\"},\"thumbnailUrl\":\"https:\\\/\\\/i0.wp.com\\\/vamosporlaliberacion.org\\\/crpmlm\\\/wp-content\\\/uploads\\\/2022\\\/02\\\/MacriLagarde2.jpeg?fit=640%2C360&ssl=1\",\"datePublished\":\"2022-02-08T13:59:07+00:00\",\"dateModified\":\"2022-02-08T14:09:51+00:00\",\"author\":{\"@id\":\"https:\\\/\\\/vamosporlaliberacion.org\\\/crpmlm\\\/#\\\/schema\\\/person\\\/ebdbd4bf0e9418b9f0c0a93395366b2f\"},\"description\":\"El acuerdo con el FMI implica en primer lugar reconocer una estafa internacional de 57.000 millones de d\u00f3lares, entre el gobierno de Macri y Cambiemos con el FMI. Una acci\u00f3n sin precedentes en la historia de ese organismo.\",\"breadcrumb\":{\"@id\":\"http:\\\/\\\/vamosporlaliberacion.org\\\/crpmlm\\\/acuerdo-con-el-fmi-y-la-diversificacion-de-la-dependencia-acciones-y-consecuencias\\\/#breadcrumb\"},\"inLanguage\":\"es\",\"potentialAction\":[{\"@type\":\"ReadAction\",\"target\":[\"http:\\\/\\\/vamosporlaliberacion.org\\\/crpmlm\\\/acuerdo-con-el-fmi-y-la-diversificacion-de-la-dependencia-acciones-y-consecuencias\\\/\"]}]},{\"@type\":\"ImageObject\",\"inLanguage\":\"es\",\"@id\":\"http:\\\/\\\/vamosporlaliberacion.org\\\/crpmlm\\\/acuerdo-con-el-fmi-y-la-diversificacion-de-la-dependencia-acciones-y-consecuencias\\\/#primaryimage\",\"url\":\"https:\\\/\\\/i0.wp.com\\\/vamosporlaliberacion.org\\\/crpmlm\\\/wp-content\\\/uploads\\\/2022\\\/02\\\/MacriLagarde2.jpeg?fit=640%2C360&ssl=1\",\"contentUrl\":\"https:\\\/\\\/i0.wp.com\\\/vamosporlaliberacion.org\\\/crpmlm\\\/wp-content\\\/uploads\\\/2022\\\/02\\\/MacriLagarde2.jpeg?fit=640%2C360&ssl=1\",\"width\":640,\"height\":360},{\"@type\":\"BreadcrumbList\",\"@id\":\"http:\\\/\\\/vamosporlaliberacion.org\\\/crpmlm\\\/acuerdo-con-el-fmi-y-la-diversificacion-de-la-dependencia-acciones-y-consecuencias\\\/#breadcrumb\",\"itemListElement\":[{\"@type\":\"ListItem\",\"position\":1,\"name\":\"Portada\",\"item\":\"https:\\\/\\\/vamosporlaliberacion.org\\\/crpmlm\\\/\"},{\"@type\":\"ListItem\",\"position\":2,\"name\":\"Acuerdo con el FMI y la diversificaci\u00f3n de la dependencia. Acciones y consecuencias.\"}]},{\"@type\":\"WebSite\",\"@id\":\"https:\\\/\\\/vamosporlaliberacion.org\\\/crpmlm\\\/#website\",\"url\":\"https:\\\/\\\/vamosporlaliberacion.org\\\/crpmlm\\\/\",\"name\":\"Vamos por la Liberaci\u00f3n\",\"description\":\"Prensa CR\",\"potentialAction\":[{\"@type\":\"SearchAction\",\"target\":{\"@type\":\"EntryPoint\",\"urlTemplate\":\"https:\\\/\\\/vamosporlaliberacion.org\\\/crpmlm\\\/?s={search_term_string}\"},\"query-input\":{\"@type\":\"PropertyValueSpecification\",\"valueRequired\":true,\"valueName\":\"search_term_string\"}}],\"inLanguage\":\"es\"},{\"@type\":\"Person\",\"@id\":\"https:\\\/\\\/vamosporlaliberacion.org\\\/crpmlm\\\/#\\\/schema\\\/person\\\/ebdbd4bf0e9418b9f0c0a93395366b2f\",\"name\":\"Prensa Vamos\",\"sameAs\":[\"http:\\\/\\\/vamposporlaliberacion.org\"],\"url\":\"http:\\\/\\\/vamosporlaliberacion.org\\\/crpmlm\\\/author\\\/editor\\\/\"}]}<\/script>\n<!-- \/ Yoast SEO plugin. -->","yoast_head_json":{"title":"Acuerdo con el FMI y la diversificaci\u00f3n de la dependencia. Acciones y consecuencias. - Vamos por la Liberaci\u00f3n","description":"El acuerdo con el FMI implica en primer lugar reconocer una estafa internacional de 57.000 millones de d\u00f3lares, entre el gobierno de Macri y Cambiemos con el FMI. Una acci\u00f3n sin precedentes en la historia de ese organismo.","robots":{"index":"index","follow":"follow","max-snippet":"max-snippet:-1","max-image-preview":"max-image-preview:large","max-video-preview":"max-video-preview:-1"},"canonical":"http:\/\/vamosporlaliberacion.org\/crpmlm\/acuerdo-con-el-fmi-y-la-diversificacion-de-la-dependencia-acciones-y-consecuencias\/","twitter_misc":{"Escrito por":"Prensa Vamos","Tiempo de lectura":"12 minutos"},"schema":{"@context":"https:\/\/schema.org","@graph":[{"@type":"Article","@id":"http:\/\/vamosporlaliberacion.org\/crpmlm\/acuerdo-con-el-fmi-y-la-diversificacion-de-la-dependencia-acciones-y-consecuencias\/#article","isPartOf":{"@id":"http:\/\/vamosporlaliberacion.org\/crpmlm\/acuerdo-con-el-fmi-y-la-diversificacion-de-la-dependencia-acciones-y-consecuencias\/"},"author":{"name":"Prensa Vamos","@id":"https:\/\/vamosporlaliberacion.org\/crpmlm\/#\/schema\/person\/ebdbd4bf0e9418b9f0c0a93395366b2f"},"headline":"Acuerdo con el FMI y la diversificaci\u00f3n de la dependencia. Acciones y consecuencias.","datePublished":"2022-02-08T13:59:07+00:00","dateModified":"2022-02-08T14:09:51+00:00","mainEntityOfPage":{"@id":"http:\/\/vamosporlaliberacion.org\/crpmlm\/acuerdo-con-el-fmi-y-la-diversificacion-de-la-dependencia-acciones-y-consecuencias\/"},"wordCount":2561,"commentCount":0,"image":{"@id":"http:\/\/vamosporlaliberacion.org\/crpmlm\/acuerdo-con-el-fmi-y-la-diversificacion-de-la-dependencia-acciones-y-consecuencias\/#primaryimage"},"thumbnailUrl":"https:\/\/i0.wp.com\/vamosporlaliberacion.org\/crpmlm\/wp-content\/uploads\/2022\/02\/MacriLagarde2.jpeg?fit=640%2C360&ssl=1","articleSection":["Editoriales"],"inLanguage":"es","potentialAction":[{"@type":"CommentAction","name":"Comment","target":["http:\/\/vamosporlaliberacion.org\/crpmlm\/acuerdo-con-el-fmi-y-la-diversificacion-de-la-dependencia-acciones-y-consecuencias\/#respond"]}]},{"@type":"WebPage","@id":"http:\/\/vamosporlaliberacion.org\/crpmlm\/acuerdo-con-el-fmi-y-la-diversificacion-de-la-dependencia-acciones-y-consecuencias\/","url":"http:\/\/vamosporlaliberacion.org\/crpmlm\/acuerdo-con-el-fmi-y-la-diversificacion-de-la-dependencia-acciones-y-consecuencias\/","name":"Acuerdo con el FMI y la diversificaci\u00f3n de la dependencia. Acciones y consecuencias. - Vamos por la Liberaci\u00f3n","isPartOf":{"@id":"https:\/\/vamosporlaliberacion.org\/crpmlm\/#website"},"primaryImageOfPage":{"@id":"http:\/\/vamosporlaliberacion.org\/crpmlm\/acuerdo-con-el-fmi-y-la-diversificacion-de-la-dependencia-acciones-y-consecuencias\/#primaryimage"},"image":{"@id":"http:\/\/vamosporlaliberacion.org\/crpmlm\/acuerdo-con-el-fmi-y-la-diversificacion-de-la-dependencia-acciones-y-consecuencias\/#primaryimage"},"thumbnailUrl":"https:\/\/i0.wp.com\/vamosporlaliberacion.org\/crpmlm\/wp-content\/uploads\/2022\/02\/MacriLagarde2.jpeg?fit=640%2C360&ssl=1","datePublished":"2022-02-08T13:59:07+00:00","dateModified":"2022-02-08T14:09:51+00:00","author":{"@id":"https:\/\/vamosporlaliberacion.org\/crpmlm\/#\/schema\/person\/ebdbd4bf0e9418b9f0c0a93395366b2f"},"description":"El acuerdo con el FMI implica en primer lugar reconocer una estafa internacional de 57.000 millones de d\u00f3lares, entre el gobierno de Macri y Cambiemos con el FMI. Una acci\u00f3n sin precedentes en la historia de ese organismo.","breadcrumb":{"@id":"http:\/\/vamosporlaliberacion.org\/crpmlm\/acuerdo-con-el-fmi-y-la-diversificacion-de-la-dependencia-acciones-y-consecuencias\/#breadcrumb"},"inLanguage":"es","potentialAction":[{"@type":"ReadAction","target":["http:\/\/vamosporlaliberacion.org\/crpmlm\/acuerdo-con-el-fmi-y-la-diversificacion-de-la-dependencia-acciones-y-consecuencias\/"]}]},{"@type":"ImageObject","inLanguage":"es","@id":"http:\/\/vamosporlaliberacion.org\/crpmlm\/acuerdo-con-el-fmi-y-la-diversificacion-de-la-dependencia-acciones-y-consecuencias\/#primaryimage","url":"https:\/\/i0.wp.com\/vamosporlaliberacion.org\/crpmlm\/wp-content\/uploads\/2022\/02\/MacriLagarde2.jpeg?fit=640%2C360&ssl=1","contentUrl":"https:\/\/i0.wp.com\/vamosporlaliberacion.org\/crpmlm\/wp-content\/uploads\/2022\/02\/MacriLagarde2.jpeg?fit=640%2C360&ssl=1","width":640,"height":360},{"@type":"BreadcrumbList","@id":"http:\/\/vamosporlaliberacion.org\/crpmlm\/acuerdo-con-el-fmi-y-la-diversificacion-de-la-dependencia-acciones-y-consecuencias\/#breadcrumb","itemListElement":[{"@type":"ListItem","position":1,"name":"Portada","item":"https:\/\/vamosporlaliberacion.org\/crpmlm\/"},{"@type":"ListItem","position":2,"name":"Acuerdo con el FMI y la diversificaci\u00f3n de la dependencia. Acciones y consecuencias."}]},{"@type":"WebSite","@id":"https:\/\/vamosporlaliberacion.org\/crpmlm\/#website","url":"https:\/\/vamosporlaliberacion.org\/crpmlm\/","name":"Vamos por la Liberaci\u00f3n","description":"Prensa CR","potentialAction":[{"@type":"SearchAction","target":{"@type":"EntryPoint","urlTemplate":"https:\/\/vamosporlaliberacion.org\/crpmlm\/?s={search_term_string}"},"query-input":{"@type":"PropertyValueSpecification","valueRequired":true,"valueName":"search_term_string"}}],"inLanguage":"es"},{"@type":"Person","@id":"https:\/\/vamosporlaliberacion.org\/crpmlm\/#\/schema\/person\/ebdbd4bf0e9418b9f0c0a93395366b2f","name":"Prensa Vamos","sameAs":["http:\/\/vamposporlaliberacion.org"],"url":"http:\/\/vamosporlaliberacion.org\/crpmlm\/author\/editor\/"}]}},"jetpack_featured_media_url":"https:\/\/i0.wp.com\/vamosporlaliberacion.org\/crpmlm\/wp-content\/uploads\/2022\/02\/MacriLagarde2.jpeg?fit=640%2C360&ssl=1","jetpack_sharing_enabled":true,"_links":{"self":[{"href":"http:\/\/vamosporlaliberacion.org\/crpmlm\/wp-json\/wp\/v2\/posts\/24940","targetHints":{"allow":["GET"]}}],"collection":[{"href":"http:\/\/vamosporlaliberacion.org\/crpmlm\/wp-json\/wp\/v2\/posts"}],"about":[{"href":"http:\/\/vamosporlaliberacion.org\/crpmlm\/wp-json\/wp\/v2\/types\/post"}],"author":[{"embeddable":true,"href":"http:\/\/vamosporlaliberacion.org\/crpmlm\/wp-json\/wp\/v2\/users\/9"}],"replies":[{"embeddable":true,"href":"http:\/\/vamosporlaliberacion.org\/crpmlm\/wp-json\/wp\/v2\/comments?post=24940"}],"version-history":[{"count":4,"href":"http:\/\/vamosporlaliberacion.org\/crpmlm\/wp-json\/wp\/v2\/posts\/24940\/revisions"}],"predecessor-version":[{"id":24950,"href":"http:\/\/vamosporlaliberacion.org\/crpmlm\/wp-json\/wp\/v2\/posts\/24940\/revisions\/24950"}],"wp:featuredmedia":[{"embeddable":true,"href":"http:\/\/vamosporlaliberacion.org\/crpmlm\/wp-json\/wp\/v2\/media\/24946"}],"wp:attachment":[{"href":"http:\/\/vamosporlaliberacion.org\/crpmlm\/wp-json\/wp\/v2\/media?parent=24940"}],"wp:term":[{"taxonomy":"category","embeddable":true,"href":"http:\/\/vamosporlaliberacion.org\/crpmlm\/wp-json\/wp\/v2\/categories?post=24940"},{"taxonomy":"post_tag","embeddable":true,"href":"http:\/\/vamosporlaliberacion.org\/crpmlm\/wp-json\/wp\/v2\/tags?post=24940"}],"curies":[{"name":"wp","href":"https:\/\/api.w.org\/{rel}","templated":true}]}}