{"id":24815,"date":"2021-12-28T21:39:24","date_gmt":"2021-12-29T00:39:24","guid":{"rendered":"http:\/\/vamosporlaliberacion.org\/crpmlm\/?p=24815"},"modified":"2021-12-28T21:39:34","modified_gmt":"2021-12-29T00:39:34","slug":"2022-vamos-por-el-rumbo-popular","status":"publish","type":"post","link":"http:\/\/vamosporlaliberacion.org\/crpmlm\/2022-vamos-por-el-rumbo-popular\/","title":{"rendered":"2022: Vamos por el rumbo popular"},"content":{"rendered":"\n<p>Se termina un a\u00f1o muy dif\u00edcil para el pueblo. <strong>Otro a\u00f1o en pandemia y con repunte de casos en los \u00faltimos d\u00edas.<\/strong> Los efectos de la segunda dosis de las vacunas hacen que se reduzca la gravedad de aquellxs que se contagian, si bien se multiplican los casos diarios en pleno verano. El n\u00famero de fallecidos es bajo al igual que la ocupaci\u00f3n en las UTIs. <strong>Esto muestra que el camino de la vacunaci\u00f3n masiva, junto con la toma de conciencia colectiva en cuanto a los protocolos como el uso del tapabocas y evitar el hacinamiento en lugares cerrados son las principales herramientas para combatir el virus.<\/strong><\/p>\n\n\n\n<p>Esto debe ir acompa\u00f1ado de una m\u00e1s fuerte presencia del Estado, en todos los \u00e1mbitos, <strong>ya que no sirve de nada hacer una propaganda para evitar aglomeraciones de personas, si el transporte p\u00fablico por ejemplo, no tiene las frecuencias adecuadas o no cumple con la ventilaci\u00f3n cruzada. No sirve de nada mostrar los testeos por la TV, si no se extienden los horarios y se vuelve a convocar a mas personal<\/strong>, as\u00ed como evitar el faltante de insumos en varios hospitales como se denuncia desde juntas internas de trabajadorxs de la salud.<\/p>\n\n\n\n<p><strong>El gobierno no cedi\u00f3 a la campa\u00f1a anti vacunas y las versiones apocal\u00edpticas que apostaban al faltante de ellas. Estos dos \u201crecursos\u201d pol\u00edticos us\u00f3 la derecha para llevar zozobra y divisiones en el campo popular buscando profundizar la grieta en la sociedad.<\/strong> Fracasaron, ahora se va cumpliendo a tiempo y forma con la segunda dosis y se arranc\u00f3 con la tercera. Esto, sin dudas, trae tranquilidad en millones de familias frente al avance de la cepa Delta y \u00d3micron.<\/p>\n\n\n\n<div class=\"wp-block-image\"><figure class=\"aligncenter size-full is-resized\"><img data-recalc-dims=\"1\" loading=\"lazy\" decoding=\"async\" src=\"https:\/\/i0.wp.com\/vamosporlaliberacion.org\/crpmlm\/wp-content\/uploads\/2020\/12\/vacunacion.jpg?resize=350%2C233\" alt=\"\" class=\"wp-image-22740\" width=\"350\" height=\"233\" srcset=\"https:\/\/i0.wp.com\/vamosporlaliberacion.org\/crpmlm\/wp-content\/uploads\/2020\/12\/vacunacion.jpg?w=480&amp;ssl=1 480w, https:\/\/i0.wp.com\/vamosporlaliberacion.org\/crpmlm\/wp-content\/uploads\/2020\/12\/vacunacion.jpg?resize=300%2C200&amp;ssl=1 300w, https:\/\/i0.wp.com\/vamosporlaliberacion.org\/crpmlm\/wp-content\/uploads\/2020\/12\/vacunacion.jpg?resize=150%2C100&amp;ssl=1 150w\" sizes=\"auto, (max-width: 350px) 100vw, 350px\" \/><\/figure><\/div>\n\n\n\n<p>Esta realidad de relativa tranquilidad, no se ve reflejada en la situaci\u00f3n econ\u00f3mica de grandes sectores populares. <strong>Si bien la econom\u00eda ya se ubica en los niveles de 2019, y el nivel de ocupaci\u00f3n alcanz\u00f3 al 2017, la realidad del d\u00eda a d\u00eda no ha mejorado para millones.<\/strong> La pobreza sigue golpeando a m\u00e1s del 45% de la poblaci\u00f3n y <strong>la desigualdad social se ha agravado mostrando que los que eran ricos, ahora lo son m\u00e1s que antes de la pandemia.<\/strong> \u00a1Esto est\u00e1 mal!, y es la consecuencia de un rumbo donde si bien se han tomado nuevas medidas que han llevado algunos alivios a vastos sectores populares, se ha recuperado derechos arrasados por el macrismo y las ayudas sociales han aumentado, <strong>no marca un cambio de modelo, donde sigue predominando mantener una matriz econ\u00f3mica dependiente dominada por los grandes pulpos internacionales y nacionales.<\/strong><\/p>\n\n\n\n<p>Por eso hace mas de 40 a\u00f1os que no se ha podido resolver la pobreza y la desigualdad. Porque <strong>se ha ido profundizando una matriz econ\u00f3mica que, con mayor o menor derrame, con mayor o menor inflaci\u00f3n, mantiene las riquezas en pocas manos a costa del sacrificio y el padecimiento de la inmensa mayor\u00eda. Esta es la raz\u00f3n porque la derecha se ha ido fortaleciendo en estos a\u00f1os. Es la raz\u00f3n del porque hoy pueden alternar en el gobierno o desestabilizar si fuese necesario.<\/strong><\/p>\n\n\n\n<p>Nadie plantea aqu\u00ed hacer un cambio de un d\u00eda para el otro, pero en los dos a\u00f1os ha quedado claro que hay sectores parados arriba de la proa del barco manteniendo una matriz dependiente donde <strong>el centro de todo el trabajo consiste solo en la \u201catracci\u00f3n de d\u00f3lares\u201d, y como tal se le abren las puertas a las \u201cinversiones extranjeras\u201d<\/strong> que no son otras que las que repudi\u00f3 el pueblo de Chubut y antes Mendoza en su lucha contra la mega miner\u00eda contaminante y destructiva. O las que controlan el comercio exterior de materias primas a las que en estos d\u00edas se les renovar\u00e1n las concesiones de la cuenca h\u00eddrica del R\u00edo Paran\u00e1. O los monopolios que explotan el petr\u00f3leo en Vaca Muerta con fuertes inversiones del Estado a costa de la destrucci\u00f3n del medio ambiente y la expoliaci\u00f3n de las tierras de las comunidades mapuches. O los oligopolios que est\u00e1n parados arriba de la fabricaci\u00f3n, distribuci\u00f3n y venta de alimentos de consumo masivo a precio de exportaci\u00f3n. Estos que son los responsables directos de la inflaci\u00f3n, que avanza a la par del desarrollo de la dependencia y la concentraci\u00f3n econ\u00f3mica.<\/p>\n\n\n\n<p><strong>Un modelo viejo que de tan viejo muestra a lo largo de los a\u00f1os las consecuencias nefastas para el pueblo y el pa\u00eds<\/strong>,donde se benefician un pu\u00f1ado de empresas monop\u00f3licas internacionales y los lacayos locales.<\/p>\n\n\n\n<p><strong>Pero la pandemia impuso que volver atr\u00e1s es criminal para los intereses populares.<\/strong> <strong>atr\u00e1s est\u00e1 el gobierno que nos precedi\u00f3, ese que nos llev\u00f3 al abismo de la crisis y puso en marcha una \u201cgestapo\u201d<\/strong> para perseguir opositores y arrodillar al movimiento obrero cercenando derechos y profundizando la precarizaci\u00f3n laboral.<\/p>\n\n\n\n<div class=\"wp-block-image\"><figure class=\"aligncenter size-full is-resized\"><img data-recalc-dims=\"1\" loading=\"lazy\" decoding=\"async\" src=\"https:\/\/i0.wp.com\/vamosporlaliberacion.org\/crpmlm\/wp-content\/uploads\/2021\/12\/gestapodeJxC.jpeg?resize=406%2C282\" alt=\"\" class=\"wp-image-24816\" width=\"406\" height=\"282\" srcset=\"https:\/\/i0.wp.com\/vamosporlaliberacion.org\/crpmlm\/wp-content\/uploads\/2021\/12\/gestapodeJxC.jpeg?w=695&amp;ssl=1 695w, https:\/\/i0.wp.com\/vamosporlaliberacion.org\/crpmlm\/wp-content\/uploads\/2021\/12\/gestapodeJxC.jpeg?resize=300%2C208&amp;ssl=1 300w, https:\/\/i0.wp.com\/vamosporlaliberacion.org\/crpmlm\/wp-content\/uploads\/2021\/12\/gestapodeJxC.jpeg?resize=150%2C104&amp;ssl=1 150w, https:\/\/i0.wp.com\/vamosporlaliberacion.org\/crpmlm\/wp-content\/uploads\/2021\/12\/gestapodeJxC.jpeg?resize=218%2C150&amp;ssl=1 218w, https:\/\/i0.wp.com\/vamosporlaliberacion.org\/crpmlm\/wp-content\/uploads\/2021\/12\/gestapodeJxC.jpeg?resize=604%2C420&amp;ssl=1 604w, https:\/\/i0.wp.com\/vamosporlaliberacion.org\/crpmlm\/wp-content\/uploads\/2021\/12\/gestapodeJxC.jpeg?resize=100%2C70&amp;ssl=1 100w\" sizes=\"auto, (max-width: 406px) 100vw, 406px\" \/><\/figure><\/div>\n\n\n\n<p><strong>Algunas organizaciones populares igualan el gobierno del Frente de Todos al de Juntos por el Cambio, con una mirada peque\u00f1a que solo alcanza para arrebatar unos miles de votos, pero deja desamparado al pueblo en cuanto a la disputa por el poder entre el campo popular y los enemigos declarados que quieren y se preparan para volver.<\/strong><\/p>\n\n\n\n<p>La lucha entre modelos existe y es activa en el campo popular, y venimos sosteniendo que en la medida que se alimente el mismo modelo que sostuvo al macrismo, ellos llevan la de ganar; y que por el contrario, emprendiendo un rumbo popular con medidas que empoderen al pueblo en su estructura, ya no en su coyuntura, podremos vencer sobre nuestros enemigos como lo hizo el peronismo luego de la guerra.<\/p>\n\n\n\n<div class=\"wp-block-image\"><figure class=\"aligncenter size-large is-resized\"><img data-recalc-dims=\"1\" loading=\"lazy\" decoding=\"async\" src=\"https:\/\/i0.wp.com\/vamosporlaliberacion.org\/crpmlm\/wp-content\/uploads\/2020\/10\/07-10-2020-FUERA-FMI-700x700.png?resize=394%2C390\" alt=\"\" class=\"wp-image-19864\" width=\"394\" height=\"390\"\/><\/figure><\/div>\n\n\n\n<p>Para eso hay que atreverse y los sectores populares, antiimperialistas y democr\u00e1ticos deben imponerse. <strong>Para ello el 2022 se presenta con grandes desaf\u00edos donde una de las prioridades es que se abandone el camino de derrota que impone el FMI y los sectores que avalan ese acuerdo \u201ccomo la \u00faltima posibilidad de vida\u201d<\/strong>. Debemos demostrar que \u201chay vida sin el FMI\u201d y vaya que puede ser de mucha mejor calidad en todo sentido, pero implica \u201cvivir con lo puesto\u201d para emprender la salida soberana, <strong>haciendo justicia porque plata hay para pagarles a los usureros, y es precisamente mostrando las guaridas donde tienen los d\u00f3lares fugados.<\/strong> <strong>Este es el camino.<\/strong><\/p>\n\n\n\n<p>No queremos volver atr\u00e1s, la derrota en las urnas y el inmediato mensaje en las calles fue una sola lectura:<strong> un castigo por apartarse del rumbo prometido, y la muestra en la calle de un l\u00edmite a la derecha que nos quiere llevar al pasado.<\/strong> El 2022 mostrar\u00e1 hasta donde se entendi\u00f3 ese mensaje.<\/p>\n\n\n\n<p>El pueblo mostr\u00f3 que no soporta m\u00e1s manoseo, el \u201cChubutazo\u201d fue una muestra de ese hartazgo, donde hizo tronar el escarmiento en las calles volviendo atr\u00e1s la entrega en la legislatura. <strong>\u00a1No es no!<\/strong> <strong>fue un grito de advertencia para el gobierno nacional y provinciales.<\/strong><\/p>\n\n\n\n<div class=\"wp-block-jetpack-tiled-gallery aligncenter is-style-rectangular\"><div class=\"tiled-gallery__gallery\"><div class=\"tiled-gallery__row\"><div class=\"tiled-gallery__col\" style=\"flex-basis:64.12035%\"><figure class=\"tiled-gallery__item\"><img decoding=\"async\" srcset=\"https:\/\/i1.wp.com\/vamosporlaliberacion.org\/crpmlm\/wp-content\/uploads\/2021\/12\/chubutazo2021-5-700x525.jpeg?strip=info&#038;w=600&#038;ssl=1 600w,https:\/\/i1.wp.com\/vamosporlaliberacion.org\/crpmlm\/wp-content\/uploads\/2021\/12\/chubutazo2021-5-700x525.jpeg?strip=info&#038;w=900&#038;ssl=1 900w,https:\/\/i1.wp.com\/vamosporlaliberacion.org\/crpmlm\/wp-content\/uploads\/2021\/12\/chubutazo2021-5-700x525.jpeg?strip=info&#038;w=1068&#038;ssl=1 1068w\" alt=\"\" data-height=\"801\" data-id=\"24806\" data-link=\"http:\/\/vamosporlaliberacion.org\/crpmlm\/chubut-no-es-no\/chubutazo2021-5\/\" data-url=\"http:\/\/vamosporlaliberacion.org\/crpmlm\/wp-content\/uploads\/2021\/12\/chubutazo2021-5-700x525.jpeg\" data-width=\"1068\" src=\"https:\/\/i1.wp.com\/vamosporlaliberacion.org\/crpmlm\/wp-content\/uploads\/2021\/12\/chubutazo2021-5-700x525.jpeg?ssl=1\" data-amp-layout=\"responsive\"\/><\/figure><\/div><div class=\"tiled-gallery__col\" style=\"flex-basis:35.87965%\"><figure class=\"tiled-gallery__item\"><img decoding=\"async\" srcset=\"https:\/\/i2.wp.com\/vamosporlaliberacion.org\/crpmlm\/wp-content\/uploads\/2021\/12\/chubutazo2021-1-700x466.jpeg?strip=info&#038;w=600&#038;ssl=1 600w,https:\/\/i2.wp.com\/vamosporlaliberacion.org\/crpmlm\/wp-content\/uploads\/2021\/12\/chubutazo2021-1-700x466.jpeg?strip=info&#038;w=900&#038;ssl=1 900w,https:\/\/i2.wp.com\/vamosporlaliberacion.org\/crpmlm\/wp-content\/uploads\/2021\/12\/chubutazo2021-1-700x466.jpeg?strip=info&#038;w=1200&#038;ssl=1 1200w,https:\/\/i2.wp.com\/vamosporlaliberacion.org\/crpmlm\/wp-content\/uploads\/2021\/12\/chubutazo2021-1-700x466.jpeg?strip=info&#038;w=1280&#038;ssl=1 1280w\" alt=\"\" data-height=\"853\" data-id=\"24776\" data-link=\"http:\/\/vamosporlaliberacion.org\/crpmlm\/argentinazo-20-anos-el-camino-vigente-de-las-puebladas\/chubutazo2021-1\/\" data-url=\"http:\/\/vamosporlaliberacion.org\/crpmlm\/wp-content\/uploads\/2021\/12\/chubutazo2021-1-700x466.jpeg\" data-width=\"1280\" src=\"https:\/\/i2.wp.com\/vamosporlaliberacion.org\/crpmlm\/wp-content\/uploads\/2021\/12\/chubutazo2021-1-700x466.jpeg?ssl=1\" data-amp-layout=\"responsive\"\/><\/figure><figure class=\"tiled-gallery__item\"><img decoding=\"async\" srcset=\"https:\/\/i1.wp.com\/vamosporlaliberacion.org\/crpmlm\/wp-content\/uploads\/2021\/12\/chubutazo2021-2.jpeg?strip=info&#038;w=275&#038;ssl=1 275w\" alt=\"\" data-height=\"183\" data-id=\"24775\" data-link=\"http:\/\/vamosporlaliberacion.org\/crpmlm\/argentinazo-20-anos-el-camino-vigente-de-las-puebladas\/chubutazo2021-2\/\" data-url=\"http:\/\/vamosporlaliberacion.org\/crpmlm\/wp-content\/uploads\/2021\/12\/chubutazo2021-2.jpeg\" data-width=\"275\" src=\"https:\/\/i1.wp.com\/vamosporlaliberacion.org\/crpmlm\/wp-content\/uploads\/2021\/12\/chubutazo2021-2.jpeg?ssl=1\" data-amp-layout=\"responsive\"\/><\/figure><\/div><\/div><\/div><\/div>\n\n\n\n<h4 class=\"wp-block-heading\"><strong>La lucha por el rumbo popular<\/strong><\/h4>\n\n\n\n<p><strong>Esta lucha no se inscribe en el \u00e1mbito de lo posible, sino en hacer posible lo necesario.<\/strong> La esperanza es lo que hay que reconstruir, no solo seguir adelante porque \u201clos que vienen por detr\u00e1s son peores\u201d. En todo caso, para vencerlos, el camino comprobado y necesario es llevar certezas; empoderar a la militancia y escribir una nueva historia la de un pueblo vencedor.<\/p>\n\n\n\n<p><strong>El programa est\u00e1 m\u00e1s claro que nunca, y es poder sacar de la pobreza a la mitad de lxs habitantes del pa\u00eds<\/strong>, es <strong>poder sacar a m\u00e1s de la mitad de lxs asalariados del cepo de la precarizaci\u00f3n<\/strong>, es <strong>poder acceder a la tierra<\/strong> con un plan de colonizaci\u00f3n donde se democratice el acceso y los pobres se instalen y repueblen el interior produciendo para el consumo masivo sin agro t\u00f3xicos. <strong>Un programa donde la vivienda sea un derecho en serio<\/strong> y no se reprima a las familias desesperadas que ocupan porque no tienen un techo.<\/p>\n\n\n\n<p><strong>La esperanza la vamos a construir si somos protagonistas de una nueva Argentina donde los d\u00f3lares vayan para la reconversi\u00f3n de la industria nacional<\/strong> mirando principalmente a las necesidades populares y luego las exportaciones. <strong>Donde la fabricaci\u00f3n de alimentos sea parte fundamental de la soberan\u00eda alimentaria<\/strong> puesta en marcha por el Estado, el pueblo y las Pymes.<\/p>\n\n\n\n<p><strong>El pueblo no quiere volver atr\u00e1s, y sabe diferenciar a los gobiernos de derecha,<\/strong> <strong>porque ajustan y van sobre sus derechos<\/strong>, pero est\u00e1 claro que el margen es muy escaso y en un pa\u00eds tan overo como el nuestro, tan extenso y con tanta riqueza, <strong>si no se van modificando los factores que mantienen la pobreza,<\/strong> en la inflaci\u00f3n, la devaluaci\u00f3n y el control de la econom\u00eda en las selectas manos de los monopolios, los terratenientes y los bancos, entrar\u00e1 en una espiral de rechazo y quedar\u00e1 a merced de los \u201ccantos de sirenas\u201d y las mentiras que llevaran al neoliberalismo y la reacci\u00f3n a gobernar nuevamente el pa\u00eds.<\/p>\n\n\n\n<p><strong>El rumbo popular es un sentimiento necesario en plena pandemia y crisis.<\/strong> <strong>Es una oportunidad que la militancia popular no puede relativizar dejando que otros hagan lo que el pueblo y sus expresiones tienen que hacer<\/strong>. Los vientos soplan hacia la direcci\u00f3n de los cambios profundos y hacen emergen a gobiernos populares para que los lleven adelante. <strong>El pueblo entreg\u00f3 a sus hijos e hijas en esa lucha como lo mostr\u00f3 Bolivia y Chile donde una lucha ejemplar pari\u00f3 un nuevo gobierno derrotando al fascismo. <\/strong>No es un camino f\u00e1cil ni manso, pero no se puede perder el ritmo, porque el enemigo es poderoso y venenoso si se avanza a medias.<\/p>\n\n\n\n<p><strong>El camino de las puebladas es fundacional a una nueva Argentina y una nueva Am\u00e9rica Latina.<\/strong> Hacen tronar el escarmiento cuando es necesario o dan se\u00f1ales fuertes hacia donde se deben dirigir las organizaciones y dirigentes del campo popular<strong>. Pero los tiempos que vienen nos deben ubicar a la militancia popular en la coordinaci\u00f3n para que nazca de estos sectores los que lideren los procesos liberadores.<\/strong><\/p>\n\n\n\n<div class=\"wp-block-image\"><figure class=\"aligncenter size-full is-resized\"><img data-recalc-dims=\"1\" loading=\"lazy\" decoding=\"async\" src=\"https:\/\/i0.wp.com\/vamosporlaliberacion.org\/crpmlm\/wp-content\/uploads\/2021\/06\/chile.jpeg?resize=376%2C257\" alt=\"\" class=\"wp-image-23944\" width=\"376\" height=\"257\"\/><\/figure><\/div>\n\n\n\n<p>En este 2021 hemos dado pasos muy importante en el desarrollo de la Corriente Clasista Ren\u00e9 Salamanca mostrando con escasos recursos, un desarrollo en los territorios; nuevamente las y los compa\u00f1eros del SUTEF han mostrado que significa un sindicato de base provincial que hace protagonistas a sus afiliados que siente la herramienta sindical como suya. Hemos protagonizado una experiencia extraordinaria en el armado de la Lista Naranja en las elecciones del SITTAN del Astillero Tandanor, una nueva camada de j\u00f3venes dirigentes emerge con perspectivas marcadas en la democracia sindical, el compa\u00f1erismo y la solidaridad. El MUS se proyecta como una corriente sindical en el movimiento obrero y asalariadxs que tiene todo el potencial para dar un gran salto en el a\u00f1o que viene. La Agrupaci\u00f3n Bartolina Sisa que agrupa a compa\u00f1eras inmigrantes originarias hermanas de Bolivia se ha extendido y tiene un gran desaf\u00edo como ser una corriente de masas en todo el pa\u00eds. El MPL ha demostrado ser un instrumento pol\u00edtico de frente \u00fanico donde hemos pasado a jugar en regionales como parte importante de frentes y movimientos dentro del Frente de Todos.<\/p>\n\n\n\n<div class=\"wp-block-jetpack-tiled-gallery aligncenter is-style-rectangular\"><div class=\"tiled-gallery__gallery\"><div class=\"tiled-gallery__row\"><div class=\"tiled-gallery__col\" style=\"flex-basis:63.78597%\"><figure class=\"tiled-gallery__item\"><img decoding=\"async\" srcset=\"https:\/\/i1.wp.com\/vamosporlaliberacion.org\/crpmlm\/wp-content\/uploads\/2021\/07\/salamanca7-7Bahia-700x525.jpeg?strip=info&#038;w=600&#038;ssl=1 600w,https:\/\/i1.wp.com\/vamosporlaliberacion.org\/crpmlm\/wp-content\/uploads\/2021\/07\/salamanca7-7Bahia-700x525.jpeg?strip=info&#038;w=900&#038;ssl=1 900w,https:\/\/i1.wp.com\/vamosporlaliberacion.org\/crpmlm\/wp-content\/uploads\/2021\/07\/salamanca7-7Bahia-700x525.jpeg?strip=info&#038;w=1040&#038;ssl=1 1040w\" alt=\"\" data-height=\"780\" data-id=\"24041\" data-link=\"http:\/\/vamosporlaliberacion.org\/crpmlm\/jornada-nacional-de-lucha-primero-el-pueblo\/salamanca7-7bahia\/\" data-url=\"http:\/\/vamosporlaliberacion.org\/crpmlm\/wp-content\/uploads\/2021\/07\/salamanca7-7Bahia-700x525.jpeg\" data-width=\"1040\" src=\"https:\/\/i1.wp.com\/vamosporlaliberacion.org\/crpmlm\/wp-content\/uploads\/2021\/07\/salamanca7-7Bahia-700x525.jpeg?ssl=1\" data-amp-layout=\"responsive\"\/><\/figure><\/div><div class=\"tiled-gallery__col\" style=\"flex-basis:36.21403%\"><figure class=\"tiled-gallery__item\"><img decoding=\"async\" srcset=\"https:\/\/i2.wp.com\/vamosporlaliberacion.org\/crpmlm\/wp-content\/uploads\/2021\/07\/salamanca7-7Salta-700x525.jpeg?strip=info&#038;w=600&#038;ssl=1 600w,https:\/\/i2.wp.com\/vamosporlaliberacion.org\/crpmlm\/wp-content\/uploads\/2021\/07\/salamanca7-7Salta-700x525.jpeg?strip=info&#038;w=720&#038;ssl=1 720w\" alt=\"\" data-height=\"540\" data-id=\"24042\" data-link=\"http:\/\/vamosporlaliberacion.org\/crpmlm\/jornada-nacional-de-lucha-primero-el-pueblo\/salamanca7-7salta\/\" data-url=\"http:\/\/vamosporlaliberacion.org\/crpmlm\/wp-content\/uploads\/2021\/07\/salamanca7-7Salta-700x525.jpeg\" data-width=\"720\" src=\"https:\/\/i2.wp.com\/vamosporlaliberacion.org\/crpmlm\/wp-content\/uploads\/2021\/07\/salamanca7-7Salta-700x525.jpeg?ssl=1\" data-amp-layout=\"responsive\"\/><\/figure><figure class=\"tiled-gallery__item\"><img decoding=\"async\" srcset=\"https:\/\/i2.wp.com\/vamosporlaliberacion.org\/crpmlm\/wp-content\/uploads\/2021\/07\/salamancaMatanza7-21-A-700x394.jpeg?strip=info&#038;w=600&#038;ssl=1 600w,https:\/\/i2.wp.com\/vamosporlaliberacion.org\/crpmlm\/wp-content\/uploads\/2021\/07\/salamancaMatanza7-21-A-700x394.jpeg?strip=info&#038;w=900&#038;ssl=1 900w,https:\/\/i2.wp.com\/vamosporlaliberacion.org\/crpmlm\/wp-content\/uploads\/2021\/07\/salamancaMatanza7-21-A-700x394.jpeg?strip=info&#038;w=1200&#038;ssl=1 1200w,https:\/\/i2.wp.com\/vamosporlaliberacion.org\/crpmlm\/wp-content\/uploads\/2021\/07\/salamancaMatanza7-21-A-700x394.jpeg?strip=info&#038;w=1280&#038;ssl=1 1280w\" alt=\"\" data-height=\"720\" data-id=\"24076\" data-link=\"http:\/\/vamosporlaliberacion.org\/crpmlm\/matanza-la-lucha-abre-caminos\/salamancamatanza7-21-a\/\" data-url=\"http:\/\/vamosporlaliberacion.org\/crpmlm\/wp-content\/uploads\/2021\/07\/salamancaMatanza7-21-A-700x394.jpeg\" data-width=\"1280\" src=\"https:\/\/i2.wp.com\/vamosporlaliberacion.org\/crpmlm\/wp-content\/uploads\/2021\/07\/salamancaMatanza7-21-A-700x394.jpeg?ssl=1\" data-amp-layout=\"responsive\"\/><\/figure><\/div><\/div><div class=\"tiled-gallery__row\"><div class=\"tiled-gallery__col\" style=\"flex-basis:37.27952%\"><figure class=\"tiled-gallery__item\"><img decoding=\"async\" srcset=\"https:\/\/i1.wp.com\/vamosporlaliberacion.org\/crpmlm\/wp-content\/uploads\/2021\/07\/salamanca7-7cordoba2-700x394.jpeg?strip=info&#038;w=600&#038;ssl=1 600w,https:\/\/i1.wp.com\/vamosporlaliberacion.org\/crpmlm\/wp-content\/uploads\/2021\/07\/salamanca7-7cordoba2-700x394.jpeg?strip=info&#038;w=900&#038;ssl=1 900w,https:\/\/i1.wp.com\/vamosporlaliberacion.org\/crpmlm\/wp-content\/uploads\/2021\/07\/salamanca7-7cordoba2-700x394.jpeg?strip=info&#038;w=1200&#038;ssl=1 1200w,https:\/\/i1.wp.com\/vamosporlaliberacion.org\/crpmlm\/wp-content\/uploads\/2021\/07\/salamanca7-7cordoba2-700x394.jpeg?strip=info&#038;w=1280&#038;ssl=1 1280w\" alt=\"\" data-height=\"720\" data-id=\"24034\" data-link=\"http:\/\/vamosporlaliberacion.org\/crpmlm\/jornada-nacional-de-lucha-primero-el-pueblo\/salamanca7-7cordoba2\/\" data-url=\"http:\/\/vamosporlaliberacion.org\/crpmlm\/wp-content\/uploads\/2021\/07\/salamanca7-7cordoba2-700x394.jpeg\" data-width=\"1280\" src=\"https:\/\/i1.wp.com\/vamosporlaliberacion.org\/crpmlm\/wp-content\/uploads\/2021\/07\/salamanca7-7cordoba2-700x394.jpeg?ssl=1\" data-amp-layout=\"responsive\"\/><\/figure><figure class=\"tiled-gallery__item\"><img decoding=\"async\" srcset=\"https:\/\/i1.wp.com\/vamosporlaliberacion.org\/crpmlm\/wp-content\/uploads\/2021\/07\/salamanca7-7cordoba-700x394.jpeg?strip=info&#038;w=600&#038;ssl=1 600w,https:\/\/i1.wp.com\/vamosporlaliberacion.org\/crpmlm\/wp-content\/uploads\/2021\/07\/salamanca7-7cordoba-700x394.jpeg?strip=info&#038;w=900&#038;ssl=1 900w,https:\/\/i1.wp.com\/vamosporlaliberacion.org\/crpmlm\/wp-content\/uploads\/2021\/07\/salamanca7-7cordoba-700x394.jpeg?strip=info&#038;w=1200&#038;ssl=1 1200w,https:\/\/i1.wp.com\/vamosporlaliberacion.org\/crpmlm\/wp-content\/uploads\/2021\/07\/salamanca7-7cordoba-700x394.jpeg?strip=info&#038;w=1280&#038;ssl=1 1280w\" alt=\"\" data-height=\"720\" data-id=\"24035\" data-link=\"http:\/\/vamosporlaliberacion.org\/crpmlm\/jornada-nacional-de-lucha-primero-el-pueblo\/salamanca7-7cordoba\/\" data-url=\"http:\/\/vamosporlaliberacion.org\/crpmlm\/wp-content\/uploads\/2021\/07\/salamanca7-7cordoba-700x394.jpeg\" data-width=\"1280\" src=\"https:\/\/i1.wp.com\/vamosporlaliberacion.org\/crpmlm\/wp-content\/uploads\/2021\/07\/salamanca7-7cordoba-700x394.jpeg?ssl=1\" data-amp-layout=\"responsive\"\/><\/figure><\/div><div class=\"tiled-gallery__col\" style=\"flex-basis:62.72048%\"><figure class=\"tiled-gallery__item\"><img decoding=\"async\" srcset=\"https:\/\/i2.wp.com\/vamosporlaliberacion.org\/crpmlm\/wp-content\/uploads\/2019\/10\/vxl150-rsbb.png?strip=info&#038;w=600&#038;ssl=1 600w,https:\/\/i2.wp.com\/vamosporlaliberacion.org\/crpmlm\/wp-content\/uploads\/2019\/10\/vxl150-rsbb.png?strip=info&#038;w=696&#038;ssl=1 696w\" alt=\"\" data-height=\"469\" data-id=\"14689\" data-link=\"http:\/\/vamosporlaliberacion.org\/crpmlm\/ningun-a-bahiense-con-hambre\/vxl150-rsbb\/\" data-url=\"http:\/\/vamosporlaliberacion.org\/crpmlm\/wp-content\/uploads\/2019\/10\/vxl150-rsbb.png\" data-width=\"696\" src=\"https:\/\/i2.wp.com\/vamosporlaliberacion.org\/crpmlm\/wp-content\/uploads\/2019\/10\/vxl150-rsbb.png?ssl=1\" data-amp-layout=\"responsive\"\/><\/figure><\/div><\/div><div class=\"tiled-gallery__row\"><div class=\"tiled-gallery__col\" style=\"flex-basis:32.66111%\"><figure class=\"tiled-gallery__item\"><img decoding=\"async\" srcset=\"https:\/\/i0.wp.com\/vamosporlaliberacion.org\/crpmlm\/wp-content\/uploads\/2021\/09\/BartolinaSisa3-700x541.jpeg?strip=info&#038;w=600&#038;ssl=1 600w,https:\/\/i0.wp.com\/vamosporlaliberacion.org\/crpmlm\/wp-content\/uploads\/2021\/09\/BartolinaSisa3-700x541.jpeg?strip=info&#038;w=900&#038;ssl=1 900w,https:\/\/i0.wp.com\/vamosporlaliberacion.org\/crpmlm\/wp-content\/uploads\/2021\/09\/BartolinaSisa3-700x541.jpeg?strip=info&#038;w=1200&#038;ssl=1 1200w,https:\/\/i0.wp.com\/vamosporlaliberacion.org\/crpmlm\/wp-content\/uploads\/2021\/09\/BartolinaSisa3-700x541.jpeg?strip=info&#038;w=1235&#038;ssl=1 1235w\" alt=\"\" data-height=\"955\" data-id=\"24362\" data-link=\"http:\/\/vamosporlaliberacion.org\/crpmlm\/5-de-septiembre-aniversario-del-asesinato-de-la-gran-bartolina-sisa\/bartolinasisa3\/\" data-url=\"http:\/\/vamosporlaliberacion.org\/crpmlm\/wp-content\/uploads\/2021\/09\/BartolinaSisa3-700x541.jpeg\" data-width=\"1235\" src=\"https:\/\/i0.wp.com\/vamosporlaliberacion.org\/crpmlm\/wp-content\/uploads\/2021\/09\/BartolinaSisa3-700x541.jpeg?ssl=1\" data-amp-layout=\"responsive\"\/><\/figure><\/div><div class=\"tiled-gallery__col\" style=\"flex-basis:33.66945%\"><figure class=\"tiled-gallery__item\"><img decoding=\"async\" srcset=\"https:\/\/i0.wp.com\/vamosporlaliberacion.org\/crpmlm\/wp-content\/uploads\/2021\/07\/salamanca7-7Salta2-700x525.jpeg?strip=info&#038;w=600&#038;ssl=1 600w,https:\/\/i0.wp.com\/vamosporlaliberacion.org\/crpmlm\/wp-content\/uploads\/2021\/07\/salamanca7-7Salta2-700x525.jpeg?strip=info&#038;w=720&#038;ssl=1 720w\" alt=\"\" data-height=\"540\" data-id=\"24036\" data-link=\"http:\/\/vamosporlaliberacion.org\/crpmlm\/jornada-nacional-de-lucha-primero-el-pueblo\/salamanca7-7salta2\/\" data-url=\"http:\/\/vamosporlaliberacion.org\/crpmlm\/wp-content\/uploads\/2021\/07\/salamanca7-7Salta2-700x525.jpeg\" data-width=\"720\" src=\"https:\/\/i0.wp.com\/vamosporlaliberacion.org\/crpmlm\/wp-content\/uploads\/2021\/07\/salamanca7-7Salta2-700x525.jpeg?ssl=1\" data-amp-layout=\"responsive\"\/><\/figure><\/div><div class=\"tiled-gallery__col\" style=\"flex-basis:33.66945%\"><figure class=\"tiled-gallery__item\"><img decoding=\"async\" srcset=\"https:\/\/i1.wp.com\/vamosporlaliberacion.org\/crpmlm\/wp-content\/uploads\/2021\/09\/paritariasocial30-9-21_1-700x525.jpeg?strip=info&#038;w=600&#038;ssl=1 600w,https:\/\/i1.wp.com\/vamosporlaliberacion.org\/crpmlm\/wp-content\/uploads\/2021\/09\/paritariasocial30-9-21_1-700x525.jpeg?strip=info&#038;w=900&#038;ssl=1 900w,https:\/\/i1.wp.com\/vamosporlaliberacion.org\/crpmlm\/wp-content\/uploads\/2021\/09\/paritariasocial30-9-21_1-700x525.jpeg?strip=info&#038;w=1200&#038;ssl=1 1200w,https:\/\/i1.wp.com\/vamosporlaliberacion.org\/crpmlm\/wp-content\/uploads\/2021\/09\/paritariasocial30-9-21_1-700x525.jpeg?strip=info&#038;w=1500&#038;ssl=1 1500w,https:\/\/i1.wp.com\/vamosporlaliberacion.org\/crpmlm\/wp-content\/uploads\/2021\/09\/paritariasocial30-9-21_1-700x525.jpeg?strip=info&#038;w=1600&#038;ssl=1 1600w\" alt=\"\" data-height=\"1200\" data-id=\"24499\" data-link=\"http:\/\/vamosporlaliberacion.org\/crpmlm\/jornada-nacional-de-la-correinte-paritaria-social-y-popular\/paritariasocial30-9-21_1\/\" data-url=\"http:\/\/vamosporlaliberacion.org\/crpmlm\/wp-content\/uploads\/2021\/09\/paritariasocial30-9-21_1-700x525.jpeg\" data-width=\"1600\" src=\"https:\/\/i1.wp.com\/vamosporlaliberacion.org\/crpmlm\/wp-content\/uploads\/2021\/09\/paritariasocial30-9-21_1-700x525.jpeg?ssl=1\" data-amp-layout=\"responsive\"\/><\/figure><\/div><\/div><\/div><\/div>\n\n\n\n<p>Sin dudas nos toca seguir trabajando para que el 2022 nos encuentre a los sectores populares m\u00e1s unido que antes, donde los y las comunistas revoluciuonarixs deberemos estar a la altura para ser sujetos en la gran lucha para imponer un rumbo popular que abra el camino a la liberaci\u00f3n nacional y social.<\/p>\n\n\n\n<h3 class=\"wp-block-heading\"><strong>#AhoraEsCuando<\/strong><\/h3>\n\n\n\n<h3 class=\"wp-block-heading\"><strong>#VivaElComunismoRevolucionario<\/strong><\/h3>\n\n\n\n<h3 class=\"wp-block-heading\"><strong>#2022DeUnidadYLucha<\/strong><\/h3>\n<!-- AddThis Advanced Settings generic via filter on the_content --><!-- AddThis Share Buttons generic via filter on the_content -->","protected":false},"excerpt":{"rendered":"<p>Se termina un a\u00f1o muy dif\u00edcil para el pueblo. Otro a\u00f1o en pandemia y con repunte de casos en los \u00faltimos d\u00edas. Los efectos de la segunda dosis de las vacunas hacen que se reduzca la gravedad de aquellxs que se contagian, si bien se multiplican los casos diarios en pleno verano. El n\u00famero de [&hellip;]<!-- AddThis Advanced Settings generic via filter on get_the_excerpt --><!-- AddThis Share Buttons generic via filter on get_the_excerpt --><\/p>\n","protected":false},"author":9,"featured_media":24817,"comment_status":"open","ping_status":"open","sticky":false,"template":"","format":"standard","meta":{"_jetpack_memberships_contains_paid_content":false,"footnotes":""},"categories":[1881],"tags":[],"class_list":{"0":"post-24815","1":"post","2":"type-post","3":"status-publish","4":"format-standard","5":"has-post-thumbnail","7":"category-editoriales"},"yoast_head":"<!-- This site is optimized with the Yoast SEO plugin v27.4 - https:\/\/yoast.com\/product\/yoast-seo-wordpress\/ -->\n<title>2022: Vamos por el rumbo popular - Vamos por la Liberaci\u00f3n<\/title>\n<meta name=\"robots\" content=\"index, follow, max-snippet:-1, max-image-preview:large, max-video-preview:-1\" \/>\n<link rel=\"canonical\" href=\"https:\/\/vamosporlaliberacion.org\/crpmlm\/2022-vamos-por-el-rumbo-popular\/\" \/>\n<meta name=\"twitter:label1\" content=\"Escrito por\" \/>\n\t<meta name=\"twitter:data1\" content=\"Prensa Vamos\" \/>\n\t<meta name=\"twitter:label2\" content=\"Tiempo de lectura\" \/>\n\t<meta name=\"twitter:data2\" content=\"12 minutos\" \/>\n<script type=\"application\/ld+json\" class=\"yoast-schema-graph\">{\"@context\":\"https:\\\/\\\/schema.org\",\"@graph\":[{\"@type\":\"Article\",\"@id\":\"https:\\\/\\\/vamosporlaliberacion.org\\\/crpmlm\\\/2022-vamos-por-el-rumbo-popular\\\/#article\",\"isPartOf\":{\"@id\":\"https:\\\/\\\/vamosporlaliberacion.org\\\/crpmlm\\\/2022-vamos-por-el-rumbo-popular\\\/\"},\"author\":{\"name\":\"Prensa Vamos\",\"@id\":\"https:\\\/\\\/vamosporlaliberacion.org\\\/crpmlm\\\/#\\\/schema\\\/person\\\/ebdbd4bf0e9418b9f0c0a93395366b2f\"},\"headline\":\"2022: Vamos por el rumbo popular\",\"datePublished\":\"2021-12-29T00:39:24+00:00\",\"dateModified\":\"2021-12-29T00:39:34+00:00\",\"mainEntityOfPage\":{\"@id\":\"https:\\\/\\\/vamosporlaliberacion.org\\\/crpmlm\\\/2022-vamos-por-el-rumbo-popular\\\/\"},\"wordCount\":1964,\"commentCount\":0,\"image\":{\"@id\":\"https:\\\/\\\/vamosporlaliberacion.org\\\/crpmlm\\\/2022-vamos-por-el-rumbo-popular\\\/#primaryimage\"},\"thumbnailUrl\":\"https:\\\/\\\/i0.wp.com\\\/vamosporlaliberacion.org\\\/crpmlm\\\/wp-content\\\/uploads\\\/2021\\\/12\\\/chubutazo2021-6.jpeg?fit=552%2C681&ssl=1\",\"articleSection\":[\"Editoriales\"],\"inLanguage\":\"es\",\"potentialAction\":[{\"@type\":\"CommentAction\",\"name\":\"Comment\",\"target\":[\"https:\\\/\\\/vamosporlaliberacion.org\\\/crpmlm\\\/2022-vamos-por-el-rumbo-popular\\\/#respond\"]}]},{\"@type\":\"WebPage\",\"@id\":\"https:\\\/\\\/vamosporlaliberacion.org\\\/crpmlm\\\/2022-vamos-por-el-rumbo-popular\\\/\",\"url\":\"https:\\\/\\\/vamosporlaliberacion.org\\\/crpmlm\\\/2022-vamos-por-el-rumbo-popular\\\/\",\"name\":\"2022: Vamos por el rumbo popular - Vamos por la Liberaci\u00f3n\",\"isPartOf\":{\"@id\":\"https:\\\/\\\/vamosporlaliberacion.org\\\/crpmlm\\\/#website\"},\"primaryImageOfPage\":{\"@id\":\"https:\\\/\\\/vamosporlaliberacion.org\\\/crpmlm\\\/2022-vamos-por-el-rumbo-popular\\\/#primaryimage\"},\"image\":{\"@id\":\"https:\\\/\\\/vamosporlaliberacion.org\\\/crpmlm\\\/2022-vamos-por-el-rumbo-popular\\\/#primaryimage\"},\"thumbnailUrl\":\"https:\\\/\\\/i0.wp.com\\\/vamosporlaliberacion.org\\\/crpmlm\\\/wp-content\\\/uploads\\\/2021\\\/12\\\/chubutazo2021-6.jpeg?fit=552%2C681&ssl=1\",\"datePublished\":\"2021-12-29T00:39:24+00:00\",\"dateModified\":\"2021-12-29T00:39:34+00:00\",\"author\":{\"@id\":\"https:\\\/\\\/vamosporlaliberacion.org\\\/crpmlm\\\/#\\\/schema\\\/person\\\/ebdbd4bf0e9418b9f0c0a93395366b2f\"},\"breadcrumb\":{\"@id\":\"https:\\\/\\\/vamosporlaliberacion.org\\\/crpmlm\\\/2022-vamos-por-el-rumbo-popular\\\/#breadcrumb\"},\"inLanguage\":\"es\",\"potentialAction\":[{\"@type\":\"ReadAction\",\"target\":[\"https:\\\/\\\/vamosporlaliberacion.org\\\/crpmlm\\\/2022-vamos-por-el-rumbo-popular\\\/\"]}]},{\"@type\":\"ImageObject\",\"inLanguage\":\"es\",\"@id\":\"https:\\\/\\\/vamosporlaliberacion.org\\\/crpmlm\\\/2022-vamos-por-el-rumbo-popular\\\/#primaryimage\",\"url\":\"https:\\\/\\\/i0.wp.com\\\/vamosporlaliberacion.org\\\/crpmlm\\\/wp-content\\\/uploads\\\/2021\\\/12\\\/chubutazo2021-6.jpeg?fit=552%2C681&ssl=1\",\"contentUrl\":\"https:\\\/\\\/i0.wp.com\\\/vamosporlaliberacion.org\\\/crpmlm\\\/wp-content\\\/uploads\\\/2021\\\/12\\\/chubutazo2021-6.jpeg?fit=552%2C681&ssl=1\",\"width\":552,\"height\":681},{\"@type\":\"BreadcrumbList\",\"@id\":\"https:\\\/\\\/vamosporlaliberacion.org\\\/crpmlm\\\/2022-vamos-por-el-rumbo-popular\\\/#breadcrumb\",\"itemListElement\":[{\"@type\":\"ListItem\",\"position\":1,\"name\":\"Portada\",\"item\":\"https:\\\/\\\/vamosporlaliberacion.org\\\/crpmlm\\\/\"},{\"@type\":\"ListItem\",\"position\":2,\"name\":\"2022: Vamos por el rumbo popular\"}]},{\"@type\":\"WebSite\",\"@id\":\"https:\\\/\\\/vamosporlaliberacion.org\\\/crpmlm\\\/#website\",\"url\":\"https:\\\/\\\/vamosporlaliberacion.org\\\/crpmlm\\\/\",\"name\":\"Vamos por la Liberaci\u00f3n\",\"description\":\"Prensa CR\",\"potentialAction\":[{\"@type\":\"SearchAction\",\"target\":{\"@type\":\"EntryPoint\",\"urlTemplate\":\"https:\\\/\\\/vamosporlaliberacion.org\\\/crpmlm\\\/?s={search_term_string}\"},\"query-input\":{\"@type\":\"PropertyValueSpecification\",\"valueRequired\":true,\"valueName\":\"search_term_string\"}}],\"inLanguage\":\"es\"},{\"@type\":\"Person\",\"@id\":\"https:\\\/\\\/vamosporlaliberacion.org\\\/crpmlm\\\/#\\\/schema\\\/person\\\/ebdbd4bf0e9418b9f0c0a93395366b2f\",\"name\":\"Prensa Vamos\",\"sameAs\":[\"http:\\\/\\\/vamposporlaliberacion.org\"],\"url\":\"http:\\\/\\\/vamosporlaliberacion.org\\\/crpmlm\\\/author\\\/editor\\\/\"}]}<\/script>\n<!-- \/ Yoast SEO plugin. -->","yoast_head_json":{"title":"2022: Vamos por el rumbo popular - Vamos por la Liberaci\u00f3n","robots":{"index":"index","follow":"follow","max-snippet":"max-snippet:-1","max-image-preview":"max-image-preview:large","max-video-preview":"max-video-preview:-1"},"canonical":"https:\/\/vamosporlaliberacion.org\/crpmlm\/2022-vamos-por-el-rumbo-popular\/","twitter_misc":{"Escrito por":"Prensa Vamos","Tiempo de lectura":"12 minutos"},"schema":{"@context":"https:\/\/schema.org","@graph":[{"@type":"Article","@id":"https:\/\/vamosporlaliberacion.org\/crpmlm\/2022-vamos-por-el-rumbo-popular\/#article","isPartOf":{"@id":"https:\/\/vamosporlaliberacion.org\/crpmlm\/2022-vamos-por-el-rumbo-popular\/"},"author":{"name":"Prensa Vamos","@id":"https:\/\/vamosporlaliberacion.org\/crpmlm\/#\/schema\/person\/ebdbd4bf0e9418b9f0c0a93395366b2f"},"headline":"2022: Vamos por el rumbo popular","datePublished":"2021-12-29T00:39:24+00:00","dateModified":"2021-12-29T00:39:34+00:00","mainEntityOfPage":{"@id":"https:\/\/vamosporlaliberacion.org\/crpmlm\/2022-vamos-por-el-rumbo-popular\/"},"wordCount":1964,"commentCount":0,"image":{"@id":"https:\/\/vamosporlaliberacion.org\/crpmlm\/2022-vamos-por-el-rumbo-popular\/#primaryimage"},"thumbnailUrl":"https:\/\/i0.wp.com\/vamosporlaliberacion.org\/crpmlm\/wp-content\/uploads\/2021\/12\/chubutazo2021-6.jpeg?fit=552%2C681&ssl=1","articleSection":["Editoriales"],"inLanguage":"es","potentialAction":[{"@type":"CommentAction","name":"Comment","target":["https:\/\/vamosporlaliberacion.org\/crpmlm\/2022-vamos-por-el-rumbo-popular\/#respond"]}]},{"@type":"WebPage","@id":"https:\/\/vamosporlaliberacion.org\/crpmlm\/2022-vamos-por-el-rumbo-popular\/","url":"https:\/\/vamosporlaliberacion.org\/crpmlm\/2022-vamos-por-el-rumbo-popular\/","name":"2022: Vamos por el rumbo popular - Vamos por la Liberaci\u00f3n","isPartOf":{"@id":"https:\/\/vamosporlaliberacion.org\/crpmlm\/#website"},"primaryImageOfPage":{"@id":"https:\/\/vamosporlaliberacion.org\/crpmlm\/2022-vamos-por-el-rumbo-popular\/#primaryimage"},"image":{"@id":"https:\/\/vamosporlaliberacion.org\/crpmlm\/2022-vamos-por-el-rumbo-popular\/#primaryimage"},"thumbnailUrl":"https:\/\/i0.wp.com\/vamosporlaliberacion.org\/crpmlm\/wp-content\/uploads\/2021\/12\/chubutazo2021-6.jpeg?fit=552%2C681&ssl=1","datePublished":"2021-12-29T00:39:24+00:00","dateModified":"2021-12-29T00:39:34+00:00","author":{"@id":"https:\/\/vamosporlaliberacion.org\/crpmlm\/#\/schema\/person\/ebdbd4bf0e9418b9f0c0a93395366b2f"},"breadcrumb":{"@id":"https:\/\/vamosporlaliberacion.org\/crpmlm\/2022-vamos-por-el-rumbo-popular\/#breadcrumb"},"inLanguage":"es","potentialAction":[{"@type":"ReadAction","target":["https:\/\/vamosporlaliberacion.org\/crpmlm\/2022-vamos-por-el-rumbo-popular\/"]}]},{"@type":"ImageObject","inLanguage":"es","@id":"https:\/\/vamosporlaliberacion.org\/crpmlm\/2022-vamos-por-el-rumbo-popular\/#primaryimage","url":"https:\/\/i0.wp.com\/vamosporlaliberacion.org\/crpmlm\/wp-content\/uploads\/2021\/12\/chubutazo2021-6.jpeg?fit=552%2C681&ssl=1","contentUrl":"https:\/\/i0.wp.com\/vamosporlaliberacion.org\/crpmlm\/wp-content\/uploads\/2021\/12\/chubutazo2021-6.jpeg?fit=552%2C681&ssl=1","width":552,"height":681},{"@type":"BreadcrumbList","@id":"https:\/\/vamosporlaliberacion.org\/crpmlm\/2022-vamos-por-el-rumbo-popular\/#breadcrumb","itemListElement":[{"@type":"ListItem","position":1,"name":"Portada","item":"https:\/\/vamosporlaliberacion.org\/crpmlm\/"},{"@type":"ListItem","position":2,"name":"2022: Vamos por el rumbo popular"}]},{"@type":"WebSite","@id":"https:\/\/vamosporlaliberacion.org\/crpmlm\/#website","url":"https:\/\/vamosporlaliberacion.org\/crpmlm\/","name":"Vamos por la Liberaci\u00f3n","description":"Prensa CR","potentialAction":[{"@type":"SearchAction","target":{"@type":"EntryPoint","urlTemplate":"https:\/\/vamosporlaliberacion.org\/crpmlm\/?s={search_term_string}"},"query-input":{"@type":"PropertyValueSpecification","valueRequired":true,"valueName":"search_term_string"}}],"inLanguage":"es"},{"@type":"Person","@id":"https:\/\/vamosporlaliberacion.org\/crpmlm\/#\/schema\/person\/ebdbd4bf0e9418b9f0c0a93395366b2f","name":"Prensa Vamos","sameAs":["http:\/\/vamposporlaliberacion.org"],"url":"http:\/\/vamosporlaliberacion.org\/crpmlm\/author\/editor\/"}]}},"jetpack_featured_media_url":"https:\/\/i0.wp.com\/vamosporlaliberacion.org\/crpmlm\/wp-content\/uploads\/2021\/12\/chubutazo2021-6.jpeg?fit=552%2C681&ssl=1","jetpack_sharing_enabled":true,"_links":{"self":[{"href":"http:\/\/vamosporlaliberacion.org\/crpmlm\/wp-json\/wp\/v2\/posts\/24815","targetHints":{"allow":["GET"]}}],"collection":[{"href":"http:\/\/vamosporlaliberacion.org\/crpmlm\/wp-json\/wp\/v2\/posts"}],"about":[{"href":"http:\/\/vamosporlaliberacion.org\/crpmlm\/wp-json\/wp\/v2\/types\/post"}],"author":[{"embeddable":true,"href":"http:\/\/vamosporlaliberacion.org\/crpmlm\/wp-json\/wp\/v2\/users\/9"}],"replies":[{"embeddable":true,"href":"http:\/\/vamosporlaliberacion.org\/crpmlm\/wp-json\/wp\/v2\/comments?post=24815"}],"version-history":[{"count":1,"href":"http:\/\/vamosporlaliberacion.org\/crpmlm\/wp-json\/wp\/v2\/posts\/24815\/revisions"}],"predecessor-version":[{"id":24818,"href":"http:\/\/vamosporlaliberacion.org\/crpmlm\/wp-json\/wp\/v2\/posts\/24815\/revisions\/24818"}],"wp:featuredmedia":[{"embeddable":true,"href":"http:\/\/vamosporlaliberacion.org\/crpmlm\/wp-json\/wp\/v2\/media\/24817"}],"wp:attachment":[{"href":"http:\/\/vamosporlaliberacion.org\/crpmlm\/wp-json\/wp\/v2\/media?parent=24815"}],"wp:term":[{"taxonomy":"category","embeddable":true,"href":"http:\/\/vamosporlaliberacion.org\/crpmlm\/wp-json\/wp\/v2\/categories?post=24815"},{"taxonomy":"post_tag","embeddable":true,"href":"http:\/\/vamosporlaliberacion.org\/crpmlm\/wp-json\/wp\/v2\/tags?post=24815"}],"curies":[{"name":"wp","href":"https:\/\/api.w.org\/{rel}","templated":true}]}}