{"id":24741,"date":"2021-12-02T14:59:06","date_gmt":"2021-12-02T17:59:06","guid":{"rendered":"http:\/\/vamosporlaliberacion.org\/crpmlm\/?p=24741"},"modified":"2021-12-02T14:59:14","modified_gmt":"2021-12-02T17:59:14","slug":"que-la-deuda-no-la-pague-el-pueblo","status":"publish","type":"post","link":"http:\/\/vamosporlaliberacion.org\/crpmlm\/que-la-deuda-no-la-pague-el-pueblo\/","title":{"rendered":"QUE LA DEUDA NO LA PAGUE EL PUEBLO"},"content":{"rendered":"\n<h2 class=\"wp-block-heading\"><strong>Los responsables tienen nombre y apellido<\/strong><\/h2>\n\n\n\n<p>Sin dudas la disyuntiva de pagar o no pagar la deuda\/estafa al FMI se ha trasladado a<strong>&nbsp;la disyuntiva de \u201cun mal acuerdo o uno peor\u201d<\/strong>, porque \u201cel mejor acuerdo\u201d siempre es malo para el pa\u00eds. Celebrar el reconocimiento de una estafa, sin investigar y ni siquiera&nbsp;&nbsp;hacerles pagar a los que la contrajeron es sin dudas ocupar un lugar como pa\u00eds que no est\u00e1 dispuesto a romper las cadenas de la dependencia, m\u00e1s all\u00e1 del relato de \u201chaber logrado el mejor acuerdo\u201d para consumo de \u201cdesprevenidos\u201d.&nbsp;<\/p>\n\n\n\n<p>El acuerdo marcar\u00e1 el rumbo econ\u00f3mico y de las alianzas pol\u00edticas a futuro donde sigue mandando occidente respecto de otras alianzas con metr\u00f3polis imperialistas en lo que respecta a la cuesti\u00f3n del rumbo econ\u00f3mico.<\/p>\n\n\n\n<p>Lamentablemente desde la posiciones m\u00e1s progresistas en los medios, as\u00ed como la CGT en pleno (que acepta la eliminaci\u00f3n de la doble indemnizaci\u00f3n y prohibici\u00f3n de despidos, como sugiere el FMI y los empresarios), sostienen que \u201cno queda otra\u201d y \u201chay que acordar\u2026\u201d, ni si quiera se tomaron el trabajo de preguntarse \u201cque hace falta para sostenernos el caso de no pagar, suspender e investigar\u201d. \u201cNo queda otra\u201d repiten como loros\u2026 \u201csi no va ser mucho peor\u201d. \u00bfPeor respecto a qu\u00e9? Y vuelven a caer en la cantinela trillada de que \u201cse van a caer inversiones\u201d, \u201cno vamos a acceder a cr\u00e9ditos\u201d, etc.. nunca probamos si eso puede ser verdad, (el antecedente m\u00e1s cercano va cumplir 20 a\u00f1os este mes) cuando se declar\u00f3 el default con los organismos internacionales..y \u00bfqu\u00e9 pas\u00f3? \u00bfLos chinos dejaron de comprarnos soja? \u00bfLas petroleras se retiraron del pa\u00eds? \u00bfLos bancos internacionales se fueron? \u00bfLas empresas que controlaban los servicios abandonaron? \u00bfLas AFJP dejaron de ganar con los jubiladxs porque Argentina entr\u00f3 en default?&nbsp;<strong>NADA<\/strong>&nbsp;<strong>de eso ocurri\u00f3<\/strong>, porque en la l\u00f3gica del capitalismo y los monopolios no existe un m\u00ednimo resabio de \u201csentimiento de principios\u201d. Solo se mueven por la disputa de mercados, \u00bfalguien puede pensar que van a abandonar a nuestro pa\u00eds?, \u00bfque van abandonar tan apetecible bocado?&nbsp;<strong>NADA DE ESO!.&nbsp;<\/strong>Es m\u00e1s, \u00bfacaso no supimos aprovechar el default para salir del atolladero econ\u00f3mico en el que est\u00e1bamos en el 2002 y 2003?<\/p>\n\n\n\n<p>Ahora, que estamos casi sin reservas internacionales en d\u00f3lares en el BCRA&nbsp;<strong>se busca llegar r\u00e1pidamente a un acuerdo con el FMI para que <\/strong><em><strong>\u201chaya confianza\u201d<\/strong><\/em><strong> y vuelvan a llover inversiones..<\/strong>para que haya entrada de d\u00f3lares y podamos\u2026 <em>\u201cponer en marcha la econom\u00eda que se viene recuperando\u201d<\/em>. \u00bfNo es esto lo que aplaudieron de pie los principales monopolios industriales de la UIA en un encuentro d\u00edas atr\u00e1s, con la delegaci\u00f3n del gobierno cuando les comunicaron que habr\u00e1 acuerdo con el FMI?&nbsp;<strong>Si ellos celebran, que estuvieron gobernando el pa\u00eds con Macri y tambi\u00e9n contrajeron la deuda impagable, sabemos quienes vamos a perder\u2026otra vez.<\/strong><\/p>\n\n\n\n<div class=\"wp-block-image\"><figure class=\"aligncenter size-large is-resized\"><img data-recalc-dims=\"1\" loading=\"lazy\" decoding=\"async\" src=\"https:\/\/i0.wp.com\/vamosporlaliberacion.org\/crpmlm\/wp-content\/uploads\/2021\/12\/manzur-enla-UIA-700x394.jpeg?resize=519%2C292\" alt=\"\" class=\"wp-image-24742\" width=\"519\" height=\"292\" srcset=\"https:\/\/i0.wp.com\/vamosporlaliberacion.org\/crpmlm\/wp-content\/uploads\/2021\/12\/manzur-enla-UIA.jpeg?resize=700%2C394&amp;ssl=1 700w, https:\/\/i0.wp.com\/vamosporlaliberacion.org\/crpmlm\/wp-content\/uploads\/2021\/12\/manzur-enla-UIA.jpeg?resize=300%2C169&amp;ssl=1 300w, https:\/\/i0.wp.com\/vamosporlaliberacion.org\/crpmlm\/wp-content\/uploads\/2021\/12\/manzur-enla-UIA.jpeg?resize=768%2C432&amp;ssl=1 768w, https:\/\/i0.wp.com\/vamosporlaliberacion.org\/crpmlm\/wp-content\/uploads\/2021\/12\/manzur-enla-UIA.jpeg?resize=1536%2C864&amp;ssl=1 1536w, https:\/\/i0.wp.com\/vamosporlaliberacion.org\/crpmlm\/wp-content\/uploads\/2021\/12\/manzur-enla-UIA.jpeg?resize=150%2C84&amp;ssl=1 150w, https:\/\/i0.wp.com\/vamosporlaliberacion.org\/crpmlm\/wp-content\/uploads\/2021\/12\/manzur-enla-UIA.jpeg?resize=696%2C392&amp;ssl=1 696w, https:\/\/i0.wp.com\/vamosporlaliberacion.org\/crpmlm\/wp-content\/uploads\/2021\/12\/manzur-enla-UIA.jpeg?resize=1068%2C601&amp;ssl=1 1068w, https:\/\/i0.wp.com\/vamosporlaliberacion.org\/crpmlm\/wp-content\/uploads\/2021\/12\/manzur-enla-UIA.jpeg?resize=747%2C420&amp;ssl=1 747w, https:\/\/i0.wp.com\/vamosporlaliberacion.org\/crpmlm\/wp-content\/uploads\/2021\/12\/manzur-enla-UIA.jpeg?w=1600&amp;ssl=1 1600w, https:\/\/i0.wp.com\/vamosporlaliberacion.org\/crpmlm\/wp-content\/uploads\/2021\/12\/manzur-enla-UIA.jpeg?w=1392&amp;ssl=1 1392w\" sizes=\"auto, (max-width: 519px) 100vw, 519px\" \/><\/figure><\/div>\n\n\n\n<p>Porque podemos crecer ya a ritmo de la pre pandemia (10%) y tener super\u00e1vit en la balanza de pagos, pero la pobreza est\u00e1 en el 40% y los salarios est\u00e1n en promedio 25 mil pesos por debajo de la canasta del Indec de 72.300$.&nbsp;<\/p>\n\n\n\n<p><strong>O sea se puede crecer pero no es sin\u00f3nimo de mejoras sustanciales para el pueblo.&nbsp;<\/strong><\/p>\n\n\n\n<p>Mientras esta realidad avanza, el gobierno ungido de d\u00f3lares no toma la sart\u00e9n por el mango y echa mano a los tenedores de d\u00f3lares, los exportadores, que no los rinden, ni toma ninguna medida para afectar los que est\u00e1n en los para\u00edsos fiscales ri\u00e9ndose de todxs nostrxs. \u00bfTan d\u00e9biles somos que tememos a una corrida o golpe blando?.<\/p>\n\n\n\n<p>\u00bfO no hay voluntad de tocar a los que han ganado con la crisis, la deuda y la pandemia? Ahora frente a la sequ\u00eda de d\u00f3lares el BCRA tuvo la \u201cmaravillosa idea\u201d de bloquear las compras de pasajes al exterior en cuotas. Medida que golpea y hace perder una franja m\u00e1s de los sectores medios de profesionales asalariadxs y peque\u00f1os empresarios que acceden a esos viajes pagando en cuotas, (porque los grandes siempre han pagado de contado o no tendr\u00e1n problema de hacerlo ahora). Ah, eso s\u00ed, nunca falta alg\u00fan periodista que aplica la \u201c\u00e9pica de clase\u201d para justificar una medida de mierda.<\/p>\n\n\n\n<h4 class=\"wp-block-heading\"><strong>Sin \u201cPLAN B\u201d<\/strong><\/h4>\n\n\n\n<p>El acuerdo con el FMI es el principal y \u00fanico plan para el presente y el futuro. Todo est\u00e1 supeditado al acuerdo y tratar de dividir a la oposici\u00f3n donde una parte apuesta a que fracase el acuerdo pagando el gobierno el costo pol\u00edtico. Otro sector&nbsp;&nbsp;busca que el propio acuerdo sea el real costo pol\u00edtico que pague el gobierno, con un criterio hasta l\u00f3gico porque saben que no hay margen para el \u201cmejor acuerdo\u201d ya que para hacer frente se habla de nuevos endeudamientos (con Rusia y Arabia Saudita), o sea, el plan que sostuvo en su campa\u00f1a Vidal: tomar nueva deuda, la diferencia radicar\u00eda que no ser\u00eda con el FMI, por lo dem\u00e1s, son deudas a una alt\u00edsima tasa de inter\u00e9s m\u00e1s otras requisitorias.&nbsp;<\/p>\n\n\n\n<p><strong>En ning\u00fan p\u00e1rrafo del proyecto plurianual que presentar\u00e1 el gobierno est\u00e1 la investigaci\u00f3n de la Deuda y ya que se acepta y se va pagar, tampoco se hace menci\u00f3n a la posibilidad de que parte de esos d\u00f3lares salgan de las entidades bancarias y financieras a las que hac\u00eda referencia el mismo Macri que la fugaron. Tampoco se tocan a las empresas que ganaron con la bicicleta que nos cost\u00f3 sangre a lxs argentinxs y hoy celebran el acuerdo.&nbsp;<\/strong><\/p>\n\n\n\n<p>Entre el Club de Paris, letras y bonos hasta marzo hay vencimientos por 7600 millones de d\u00f3lares, para eso nos deberemos endeudar y \u201cprender velas\u201d para que la tercera ola, \u00d3micron, mu, delta, lambda u otra cepa del corona virus no se vuelva a desparramar por el territorio nacional que haga volver atr\u00e1s como ya est\u00e1 pasando en pa\u00edses de Europa. \u00bfEstar\u00e1 esta vez, contemplada esta posibilidad en el proyecto de presupuesto 2022 o se eliminar\u00e1 a pedido del FMI algunos \u201cgastos Covid\u201d?&nbsp;<\/p>\n\n\n\n<h4 class=\"wp-block-heading\"><strong>\u00bfFATALISMO O SOBERAN\u00cdA? \u00bfLO POSIBLE O LO NECESARIO?<\/strong><\/h4>\n\n\n\n<p>Estamos dominados por \u201cel fatalismo\u201d donde solo podemos aspirar a \u201cmejorar\u201d las condiciones econ\u00f3micas y sociales. Este \u201cfatalismo\u201d no es coyuntural, sino mas bien debemos anal\u00edzalo en t\u00e9rminos culturales desarrollado desde los sectores que dominan la pol\u00edtica, <strong>mostrando diferencias entre quienes son \u201cm\u00e1s neoliberales\u201d dentro de ese fatalismo y quienes son \u201cm\u00e1s progresistas\u201d.<\/strong>&nbsp;<\/p>\n\n\n\n<p>Pero el volumen de la crisis, la deuda y la pandemia, ha dejado mucho m\u00e1s en evidencia que \u201clo posible\u201d (que a veces en cuestiones \u201cchicas\u201d, coyunturales puede alcanzar) se queda corta, que hace falta ir m\u00e1s a fondo, y avanzar hacia lo necesario porque si no, a la corta o la media, pierden los pueblos.&nbsp;<\/p>\n\n\n\n<p>Esto se expresa en los numerosos reclamos de numerosas luchas en el pa\u00eds, pero principalmente el resultado electoral de las pasadas elecciones donde el gobierno paga no haber avanzado a fondo con las expectativas que gener\u00f3 y el capital pol\u00edtico que construy\u00f3 en la lucha, pero principalmente en la derrota del macrismo en 2019 y la pandemia.&nbsp;<\/p>\n\n\n\n<p><strong>Los \u201cpaliativos\u201d son importantes para cualquier enfermo, pero son eso, \u201cpaliativos\u201d, no es la soluci\u00f3n al problema<\/strong>. Podemos repetir hasta cansarnos y criticar \u201ccomo los exportadores trasladan a los precios dom\u00e9sticos las materias primas que exportan, como precio del trigo que bati\u00f3 ahora el r\u00e9cord desde el 2014, <strong>pero tenemos a 180$ el kilo de pan<\/strong>. Frente a este robo, el \u201cpaliativo\u201d son el \u201ccontrol de precios\u201d por un determinado tiempo pero siempre terminan ganado aquellos que exportan y los grandes comercios si no se avanza en las cuestiones de fondo. Lo mismo ocurre con <strong>la carne que lleg\u00f3 a 1100$ el kilo<\/strong>, mostrando <strong>en la pr\u00e1ctica, que ese \u201cpaliativo\u201d no frena el c\u00e1ncer.<\/strong>&nbsp;<\/p>\n\n\n\n<p><strong>Empezar a salir de los \u201cpaliativos\u201d o \u201clo posible\u201d, es poner en debate lo necesario. No es querer discutir el \u201csocialismo\u201d, sino comprender que es necesario cuestionar la actual matriz econ\u00f3mica que nos lleva a esta dur\u00edsima realidad.<\/strong>&nbsp;<\/p>\n\n\n\n<p>No es socialismo lo que piden las organizaciones sociales cuando reclaman alimentos y trabajo estable no precarizado; no es socialismo lo que exigen aquellxs que reclaman tierra para vivir o trabajar; ni lo plantean aquellxs que denuncian los agrot\u00f3xicos y la contaminaci\u00f3n de r\u00edos, tierra y mares. No es socialismo plantearse recuperar el comercio exterior y la banca; ni lo es plantearse que el Estado administre la v\u00eda navegable del Paran\u00e1,&nbsp;<strong>as\u00ed como no se es socialista si se plantea suspender los pagos de la estafa de la Deuda macrista y del FMI para investigar.&nbsp;<\/strong><strong>Son medidas soberanas en defensa propia.<\/strong><\/p>\n\n\n\n<p>Sin dudas sostenemos que el sistema socialista es superior al capitalista y hay pruebas de ello, pero no somos infantiles para saltar etapas y plantear esas tareas en la actualidad. No son tareas socialistas las que llev\u00f3 adelante el peronismo entre la d\u00e9cada del 45 al 55, pero sin dudas hoy son de avanzada, necesarias y posibles si se atreve a emprender un rumbo popular.&nbsp;<\/p>\n\n\n\n<p>Lamentablemente vemos lejos esa actitud en la conducci\u00f3n del gobierno, pero no son pocos los sectores populares del Frente de Todos que buscan empoderarse y unirse para emprender un camino soberano y cerrarle el paso a las derechas que por cierto, son con las pol\u00edticas centristas y \u201cposibilistas\u201d cuando recuperan aire y se nos vienen encima.&nbsp;<\/p>\n\n\n\n<p>Como bien se muestra en la regi\u00f3n, \u201cla derecha hace ruido\u201d, es brutal y avanza si se les concede, pero en la vereda del frente hay <strong>reservas de grandes sectores que se plantan y confrontan porque tienen necesidad de ir por lo necesario<\/strong> como en Chile donde el 19 de diciembre, en segunda vuelta puede ganar al pinochetismo fascista, una alianza de centroizquierda encabezada por Gabriel Boric. <\/p>\n\n\n\n<div class=\"wp-block-image\"><figure class=\"aligncenter size-full is-resized\"><img data-recalc-dims=\"1\" loading=\"lazy\" decoding=\"async\" src=\"https:\/\/i0.wp.com\/vamosporlaliberacion.org\/crpmlm\/wp-content\/uploads\/2021\/12\/chile11-2021.jpeg?resize=473%2C473\" alt=\"\" class=\"wp-image-24744\" width=\"473\" height=\"473\" srcset=\"https:\/\/i0.wp.com\/vamosporlaliberacion.org\/crpmlm\/wp-content\/uploads\/2021\/12\/chile11-2021.jpeg?w=340&amp;ssl=1 340w, https:\/\/i0.wp.com\/vamosporlaliberacion.org\/crpmlm\/wp-content\/uploads\/2021\/12\/chile11-2021.jpeg?resize=300%2C300&amp;ssl=1 300w, https:\/\/i0.wp.com\/vamosporlaliberacion.org\/crpmlm\/wp-content\/uploads\/2021\/12\/chile11-2021.jpeg?resize=150%2C150&amp;ssl=1 150w\" sizes=\"auto, (max-width: 473px) 100vw, 473px\" \/><\/figure><\/div>\n\n\n\n<p>Como en Honduras donde fueron derrotados los golpistas apoyados por los EEUU, o en Venezuela donde se impuso el oficialismo en las elecciones parlamentarias y de gobernaciones dejando en el aire a la oposici\u00f3n sediciosa, al igual que en Nicaragua donde se derrot\u00f3 el aislamiento empujado por la reacci\u00f3n y los EEUU o en Bolivia donde la resistencia popular a los golpistas que quieren volver conmueve en las masivas marchas y expresiones de apoyo al presidente Arce y Evo Morales.\u00a0<\/p>\n\n\n\n<p><strong>Todos procesos heterog\u00e9neos, porosos que se imponen o se mantienen, pero las ense\u00f1anzas muestran que son puntos de partida, no de llegada, que otorgan mejores condiciones para que los sectores populares profundicen la lucha para imponer un rumbo que desande caminos de dependencia, ajuste, endeudamientos y contaminaci\u00f3n.\u00a0<\/strong><\/p>\n\n\n\n<div class=\"wp-block-image\"><figure class=\"aligncenter size-full\"><img data-recalc-dims=\"1\" loading=\"lazy\" decoding=\"async\" width=\"696\" height=\"393\" src=\"https:\/\/i0.wp.com\/vamosporlaliberacion.org\/crpmlm\/wp-content\/uploads\/2021\/12\/marchaPorLaPatria-Bolivia.jpeg?resize=696%2C393\" alt=\"\" class=\"wp-image-24743\" srcset=\"https:\/\/i0.wp.com\/vamosporlaliberacion.org\/crpmlm\/wp-content\/uploads\/2021\/12\/marchaPorLaPatria-Bolivia.jpeg?w=700&amp;ssl=1 700w, https:\/\/i0.wp.com\/vamosporlaliberacion.org\/crpmlm\/wp-content\/uploads\/2021\/12\/marchaPorLaPatria-Bolivia.jpeg?resize=300%2C169&amp;ssl=1 300w, https:\/\/i0.wp.com\/vamosporlaliberacion.org\/crpmlm\/wp-content\/uploads\/2021\/12\/marchaPorLaPatria-Bolivia.jpeg?resize=150%2C85&amp;ssl=1 150w, https:\/\/i0.wp.com\/vamosporlaliberacion.org\/crpmlm\/wp-content\/uploads\/2021\/12\/marchaPorLaPatria-Bolivia.jpeg?resize=696%2C393&amp;ssl=1 696w\" sizes=\"auto, (max-width: 696px) 100vw, 696px\" \/><\/figure><\/div>\n<!-- AddThis Advanced Settings generic via filter on the_content --><!-- AddThis Share Buttons generic via filter on the_content -->","protected":false},"excerpt":{"rendered":"<p>Los responsables tienen nombre y apellido Sin dudas la disyuntiva de pagar o no pagar la deuda\/estafa al FMI se ha trasladado a&nbsp;la disyuntiva de \u201cun mal acuerdo o uno peor\u201d, porque \u201cel mejor acuerdo\u201d siempre es malo para el pa\u00eds. Celebrar el reconocimiento de una estafa, sin investigar y ni siquiera&nbsp;&nbsp;hacerles pagar a los [&hellip;]<!-- AddThis Advanced Settings generic via filter on get_the_excerpt --><!-- AddThis Share Buttons generic via filter on get_the_excerpt --><\/p>\n","protected":false},"author":9,"featured_media":24745,"comment_status":"open","ping_status":"open","sticky":false,"template":"","format":"standard","meta":{"_jetpack_memberships_contains_paid_content":false,"footnotes":""},"categories":[1881],"tags":[],"class_list":{"0":"post-24741","1":"post","2":"type-post","3":"status-publish","4":"format-standard","5":"has-post-thumbnail","7":"category-editoriales"},"yoast_head":"<!-- This site is optimized with the Yoast SEO plugin v27.4 - https:\/\/yoast.com\/product\/yoast-seo-wordpress\/ -->\n<title>QUE LA DEUDA NO LA PAGUE EL PUEBLO - Vamos por la Liberaci\u00f3n<\/title>\n<meta name=\"description\" content=\"Los responsables tienen nombre y apellido. Sin dudas la disyuntiva de pagar o no pagar la deuda\/estafa al FMI se ha trasladado a\u00a0la disyuntiva de \u201cun mal acuerdo o uno peor\u201d, porque \u201cel mejor acuerdo\u201d siempre es malo para el pa\u00eds. Celebrar el reconocimiento de una estafa, sin investigar y ni siquiera\u00a0\u00a0hacerles pagar a los que la contrajeron es sin dudas ocupar un lugar como pa\u00eds que no est\u00e1 dispuesto a romper las cadenas de la dependencia, m\u00e1s all\u00e1 del relato de \u201chaber logrado el mejor acuerdo\u201d para consumo de \u201cdesprevenidos\u201d.\u00a0\" \/>\n<meta name=\"robots\" content=\"index, follow, max-snippet:-1, max-image-preview:large, max-video-preview:-1\" \/>\n<link rel=\"canonical\" href=\"http:\/\/vamosporlaliberacion.org\/crpmlm\/que-la-deuda-no-la-pague-el-pueblo\/\" \/>\n<meta name=\"twitter:label1\" content=\"Escrito por\" \/>\n\t<meta name=\"twitter:data1\" content=\"Prensa Vamos\" \/>\n\t<meta name=\"twitter:label2\" content=\"Tiempo de lectura\" \/>\n\t<meta name=\"twitter:data2\" content=\"9 minutos\" \/>\n<script type=\"application\/ld+json\" class=\"yoast-schema-graph\">{\"@context\":\"https:\\\/\\\/schema.org\",\"@graph\":[{\"@type\":\"Article\",\"@id\":\"http:\\\/\\\/vamosporlaliberacion.org\\\/crpmlm\\\/que-la-deuda-no-la-pague-el-pueblo\\\/#article\",\"isPartOf\":{\"@id\":\"http:\\\/\\\/vamosporlaliberacion.org\\\/crpmlm\\\/que-la-deuda-no-la-pague-el-pueblo\\\/\"},\"author\":{\"name\":\"Prensa Vamos\",\"@id\":\"https:\\\/\\\/vamosporlaliberacion.org\\\/crpmlm\\\/#\\\/schema\\\/person\\\/ebdbd4bf0e9418b9f0c0a93395366b2f\"},\"headline\":\"QUE LA DEUDA NO LA PAGUE EL PUEBLO\",\"datePublished\":\"2021-12-02T17:59:06+00:00\",\"dateModified\":\"2021-12-02T17:59:14+00:00\",\"mainEntityOfPage\":{\"@id\":\"http:\\\/\\\/vamosporlaliberacion.org\\\/crpmlm\\\/que-la-deuda-no-la-pague-el-pueblo\\\/\"},\"wordCount\":1842,\"commentCount\":0,\"image\":{\"@id\":\"http:\\\/\\\/vamosporlaliberacion.org\\\/crpmlm\\\/que-la-deuda-no-la-pague-el-pueblo\\\/#primaryimage\"},\"thumbnailUrl\":\"https:\\\/\\\/i0.wp.com\\\/vamosporlaliberacion.org\\\/crpmlm\\\/wp-content\\\/uploads\\\/2021\\\/12\\\/Guzman-FMI.jpeg?fit=1000%2C750&ssl=1\",\"articleSection\":[\"Editoriales\"],\"inLanguage\":\"es\",\"potentialAction\":[{\"@type\":\"CommentAction\",\"name\":\"Comment\",\"target\":[\"http:\\\/\\\/vamosporlaliberacion.org\\\/crpmlm\\\/que-la-deuda-no-la-pague-el-pueblo\\\/#respond\"]}]},{\"@type\":\"WebPage\",\"@id\":\"http:\\\/\\\/vamosporlaliberacion.org\\\/crpmlm\\\/que-la-deuda-no-la-pague-el-pueblo\\\/\",\"url\":\"http:\\\/\\\/vamosporlaliberacion.org\\\/crpmlm\\\/que-la-deuda-no-la-pague-el-pueblo\\\/\",\"name\":\"QUE LA DEUDA NO LA PAGUE EL PUEBLO - Vamos por la Liberaci\u00f3n\",\"isPartOf\":{\"@id\":\"https:\\\/\\\/vamosporlaliberacion.org\\\/crpmlm\\\/#website\"},\"primaryImageOfPage\":{\"@id\":\"http:\\\/\\\/vamosporlaliberacion.org\\\/crpmlm\\\/que-la-deuda-no-la-pague-el-pueblo\\\/#primaryimage\"},\"image\":{\"@id\":\"http:\\\/\\\/vamosporlaliberacion.org\\\/crpmlm\\\/que-la-deuda-no-la-pague-el-pueblo\\\/#primaryimage\"},\"thumbnailUrl\":\"https:\\\/\\\/i0.wp.com\\\/vamosporlaliberacion.org\\\/crpmlm\\\/wp-content\\\/uploads\\\/2021\\\/12\\\/Guzman-FMI.jpeg?fit=1000%2C750&ssl=1\",\"datePublished\":\"2021-12-02T17:59:06+00:00\",\"dateModified\":\"2021-12-02T17:59:14+00:00\",\"author\":{\"@id\":\"https:\\\/\\\/vamosporlaliberacion.org\\\/crpmlm\\\/#\\\/schema\\\/person\\\/ebdbd4bf0e9418b9f0c0a93395366b2f\"},\"description\":\"Los responsables tienen nombre y apellido. Sin dudas la disyuntiva de pagar o no pagar la deuda\\\/estafa al FMI se ha trasladado a\u00a0la disyuntiva de \u201cun mal acuerdo o uno peor\u201d, porque \u201cel mejor acuerdo\u201d siempre es malo para el pa\u00eds. Celebrar el reconocimiento de una estafa, sin investigar y ni siquiera\u00a0\u00a0hacerles pagar a los que la contrajeron es sin dudas ocupar un lugar como pa\u00eds que no est\u00e1 dispuesto a romper las cadenas de la dependencia, m\u00e1s all\u00e1 del relato de \u201chaber logrado el mejor acuerdo\u201d para consumo de \u201cdesprevenidos\u201d.\u00a0\",\"breadcrumb\":{\"@id\":\"http:\\\/\\\/vamosporlaliberacion.org\\\/crpmlm\\\/que-la-deuda-no-la-pague-el-pueblo\\\/#breadcrumb\"},\"inLanguage\":\"es\",\"potentialAction\":[{\"@type\":\"ReadAction\",\"target\":[\"http:\\\/\\\/vamosporlaliberacion.org\\\/crpmlm\\\/que-la-deuda-no-la-pague-el-pueblo\\\/\"]}]},{\"@type\":\"ImageObject\",\"inLanguage\":\"es\",\"@id\":\"http:\\\/\\\/vamosporlaliberacion.org\\\/crpmlm\\\/que-la-deuda-no-la-pague-el-pueblo\\\/#primaryimage\",\"url\":\"https:\\\/\\\/i0.wp.com\\\/vamosporlaliberacion.org\\\/crpmlm\\\/wp-content\\\/uploads\\\/2021\\\/12\\\/Guzman-FMI.jpeg?fit=1000%2C750&ssl=1\",\"contentUrl\":\"https:\\\/\\\/i0.wp.com\\\/vamosporlaliberacion.org\\\/crpmlm\\\/wp-content\\\/uploads\\\/2021\\\/12\\\/Guzman-FMI.jpeg?fit=1000%2C750&ssl=1\",\"width\":1000,\"height\":750},{\"@type\":\"BreadcrumbList\",\"@id\":\"http:\\\/\\\/vamosporlaliberacion.org\\\/crpmlm\\\/que-la-deuda-no-la-pague-el-pueblo\\\/#breadcrumb\",\"itemListElement\":[{\"@type\":\"ListItem\",\"position\":1,\"name\":\"Portada\",\"item\":\"https:\\\/\\\/vamosporlaliberacion.org\\\/crpmlm\\\/\"},{\"@type\":\"ListItem\",\"position\":2,\"name\":\"QUE LA DEUDA NO LA PAGUE EL PUEBLO\"}]},{\"@type\":\"WebSite\",\"@id\":\"https:\\\/\\\/vamosporlaliberacion.org\\\/crpmlm\\\/#website\",\"url\":\"https:\\\/\\\/vamosporlaliberacion.org\\\/crpmlm\\\/\",\"name\":\"Vamos por la Liberaci\u00f3n\",\"description\":\"Prensa CR\",\"potentialAction\":[{\"@type\":\"SearchAction\",\"target\":{\"@type\":\"EntryPoint\",\"urlTemplate\":\"https:\\\/\\\/vamosporlaliberacion.org\\\/crpmlm\\\/?s={search_term_string}\"},\"query-input\":{\"@type\":\"PropertyValueSpecification\",\"valueRequired\":true,\"valueName\":\"search_term_string\"}}],\"inLanguage\":\"es\"},{\"@type\":\"Person\",\"@id\":\"https:\\\/\\\/vamosporlaliberacion.org\\\/crpmlm\\\/#\\\/schema\\\/person\\\/ebdbd4bf0e9418b9f0c0a93395366b2f\",\"name\":\"Prensa Vamos\",\"sameAs\":[\"http:\\\/\\\/vamposporlaliberacion.org\"],\"url\":\"http:\\\/\\\/vamosporlaliberacion.org\\\/crpmlm\\\/author\\\/editor\\\/\"}]}<\/script>\n<!-- \/ Yoast SEO plugin. -->","yoast_head_json":{"title":"QUE LA DEUDA NO LA PAGUE EL PUEBLO - Vamos por la Liberaci\u00f3n","description":"Los responsables tienen nombre y apellido. Sin dudas la disyuntiva de pagar o no pagar la deuda\/estafa al FMI se ha trasladado a\u00a0la disyuntiva de \u201cun mal acuerdo o uno peor\u201d, porque \u201cel mejor acuerdo\u201d siempre es malo para el pa\u00eds. Celebrar el reconocimiento de una estafa, sin investigar y ni siquiera\u00a0\u00a0hacerles pagar a los que la contrajeron es sin dudas ocupar un lugar como pa\u00eds que no est\u00e1 dispuesto a romper las cadenas de la dependencia, m\u00e1s all\u00e1 del relato de \u201chaber logrado el mejor acuerdo\u201d para consumo de \u201cdesprevenidos\u201d.\u00a0","robots":{"index":"index","follow":"follow","max-snippet":"max-snippet:-1","max-image-preview":"max-image-preview:large","max-video-preview":"max-video-preview:-1"},"canonical":"http:\/\/vamosporlaliberacion.org\/crpmlm\/que-la-deuda-no-la-pague-el-pueblo\/","twitter_misc":{"Escrito por":"Prensa Vamos","Tiempo de lectura":"9 minutos"},"schema":{"@context":"https:\/\/schema.org","@graph":[{"@type":"Article","@id":"http:\/\/vamosporlaliberacion.org\/crpmlm\/que-la-deuda-no-la-pague-el-pueblo\/#article","isPartOf":{"@id":"http:\/\/vamosporlaliberacion.org\/crpmlm\/que-la-deuda-no-la-pague-el-pueblo\/"},"author":{"name":"Prensa Vamos","@id":"https:\/\/vamosporlaliberacion.org\/crpmlm\/#\/schema\/person\/ebdbd4bf0e9418b9f0c0a93395366b2f"},"headline":"QUE LA DEUDA NO LA PAGUE EL PUEBLO","datePublished":"2021-12-02T17:59:06+00:00","dateModified":"2021-12-02T17:59:14+00:00","mainEntityOfPage":{"@id":"http:\/\/vamosporlaliberacion.org\/crpmlm\/que-la-deuda-no-la-pague-el-pueblo\/"},"wordCount":1842,"commentCount":0,"image":{"@id":"http:\/\/vamosporlaliberacion.org\/crpmlm\/que-la-deuda-no-la-pague-el-pueblo\/#primaryimage"},"thumbnailUrl":"https:\/\/i0.wp.com\/vamosporlaliberacion.org\/crpmlm\/wp-content\/uploads\/2021\/12\/Guzman-FMI.jpeg?fit=1000%2C750&ssl=1","articleSection":["Editoriales"],"inLanguage":"es","potentialAction":[{"@type":"CommentAction","name":"Comment","target":["http:\/\/vamosporlaliberacion.org\/crpmlm\/que-la-deuda-no-la-pague-el-pueblo\/#respond"]}]},{"@type":"WebPage","@id":"http:\/\/vamosporlaliberacion.org\/crpmlm\/que-la-deuda-no-la-pague-el-pueblo\/","url":"http:\/\/vamosporlaliberacion.org\/crpmlm\/que-la-deuda-no-la-pague-el-pueblo\/","name":"QUE LA DEUDA NO LA PAGUE EL PUEBLO - Vamos por la Liberaci\u00f3n","isPartOf":{"@id":"https:\/\/vamosporlaliberacion.org\/crpmlm\/#website"},"primaryImageOfPage":{"@id":"http:\/\/vamosporlaliberacion.org\/crpmlm\/que-la-deuda-no-la-pague-el-pueblo\/#primaryimage"},"image":{"@id":"http:\/\/vamosporlaliberacion.org\/crpmlm\/que-la-deuda-no-la-pague-el-pueblo\/#primaryimage"},"thumbnailUrl":"https:\/\/i0.wp.com\/vamosporlaliberacion.org\/crpmlm\/wp-content\/uploads\/2021\/12\/Guzman-FMI.jpeg?fit=1000%2C750&ssl=1","datePublished":"2021-12-02T17:59:06+00:00","dateModified":"2021-12-02T17:59:14+00:00","author":{"@id":"https:\/\/vamosporlaliberacion.org\/crpmlm\/#\/schema\/person\/ebdbd4bf0e9418b9f0c0a93395366b2f"},"description":"Los responsables tienen nombre y apellido. Sin dudas la disyuntiva de pagar o no pagar la deuda\/estafa al FMI se ha trasladado a\u00a0la disyuntiva de \u201cun mal acuerdo o uno peor\u201d, porque \u201cel mejor acuerdo\u201d siempre es malo para el pa\u00eds. Celebrar el reconocimiento de una estafa, sin investigar y ni siquiera\u00a0\u00a0hacerles pagar a los que la contrajeron es sin dudas ocupar un lugar como pa\u00eds que no est\u00e1 dispuesto a romper las cadenas de la dependencia, m\u00e1s all\u00e1 del relato de \u201chaber logrado el mejor acuerdo\u201d para consumo de \u201cdesprevenidos\u201d.\u00a0","breadcrumb":{"@id":"http:\/\/vamosporlaliberacion.org\/crpmlm\/que-la-deuda-no-la-pague-el-pueblo\/#breadcrumb"},"inLanguage":"es","potentialAction":[{"@type":"ReadAction","target":["http:\/\/vamosporlaliberacion.org\/crpmlm\/que-la-deuda-no-la-pague-el-pueblo\/"]}]},{"@type":"ImageObject","inLanguage":"es","@id":"http:\/\/vamosporlaliberacion.org\/crpmlm\/que-la-deuda-no-la-pague-el-pueblo\/#primaryimage","url":"https:\/\/i0.wp.com\/vamosporlaliberacion.org\/crpmlm\/wp-content\/uploads\/2021\/12\/Guzman-FMI.jpeg?fit=1000%2C750&ssl=1","contentUrl":"https:\/\/i0.wp.com\/vamosporlaliberacion.org\/crpmlm\/wp-content\/uploads\/2021\/12\/Guzman-FMI.jpeg?fit=1000%2C750&ssl=1","width":1000,"height":750},{"@type":"BreadcrumbList","@id":"http:\/\/vamosporlaliberacion.org\/crpmlm\/que-la-deuda-no-la-pague-el-pueblo\/#breadcrumb","itemListElement":[{"@type":"ListItem","position":1,"name":"Portada","item":"https:\/\/vamosporlaliberacion.org\/crpmlm\/"},{"@type":"ListItem","position":2,"name":"QUE LA DEUDA NO LA PAGUE EL PUEBLO"}]},{"@type":"WebSite","@id":"https:\/\/vamosporlaliberacion.org\/crpmlm\/#website","url":"https:\/\/vamosporlaliberacion.org\/crpmlm\/","name":"Vamos por la Liberaci\u00f3n","description":"Prensa CR","potentialAction":[{"@type":"SearchAction","target":{"@type":"EntryPoint","urlTemplate":"https:\/\/vamosporlaliberacion.org\/crpmlm\/?s={search_term_string}"},"query-input":{"@type":"PropertyValueSpecification","valueRequired":true,"valueName":"search_term_string"}}],"inLanguage":"es"},{"@type":"Person","@id":"https:\/\/vamosporlaliberacion.org\/crpmlm\/#\/schema\/person\/ebdbd4bf0e9418b9f0c0a93395366b2f","name":"Prensa Vamos","sameAs":["http:\/\/vamposporlaliberacion.org"],"url":"http:\/\/vamosporlaliberacion.org\/crpmlm\/author\/editor\/"}]}},"jetpack_featured_media_url":"https:\/\/i0.wp.com\/vamosporlaliberacion.org\/crpmlm\/wp-content\/uploads\/2021\/12\/Guzman-FMI.jpeg?fit=1000%2C750&ssl=1","jetpack_sharing_enabled":true,"_links":{"self":[{"href":"http:\/\/vamosporlaliberacion.org\/crpmlm\/wp-json\/wp\/v2\/posts\/24741","targetHints":{"allow":["GET"]}}],"collection":[{"href":"http:\/\/vamosporlaliberacion.org\/crpmlm\/wp-json\/wp\/v2\/posts"}],"about":[{"href":"http:\/\/vamosporlaliberacion.org\/crpmlm\/wp-json\/wp\/v2\/types\/post"}],"author":[{"embeddable":true,"href":"http:\/\/vamosporlaliberacion.org\/crpmlm\/wp-json\/wp\/v2\/users\/9"}],"replies":[{"embeddable":true,"href":"http:\/\/vamosporlaliberacion.org\/crpmlm\/wp-json\/wp\/v2\/comments?post=24741"}],"version-history":[{"count":1,"href":"http:\/\/vamosporlaliberacion.org\/crpmlm\/wp-json\/wp\/v2\/posts\/24741\/revisions"}],"predecessor-version":[{"id":24746,"href":"http:\/\/vamosporlaliberacion.org\/crpmlm\/wp-json\/wp\/v2\/posts\/24741\/revisions\/24746"}],"wp:featuredmedia":[{"embeddable":true,"href":"http:\/\/vamosporlaliberacion.org\/crpmlm\/wp-json\/wp\/v2\/media\/24745"}],"wp:attachment":[{"href":"http:\/\/vamosporlaliberacion.org\/crpmlm\/wp-json\/wp\/v2\/media?parent=24741"}],"wp:term":[{"taxonomy":"category","embeddable":true,"href":"http:\/\/vamosporlaliberacion.org\/crpmlm\/wp-json\/wp\/v2\/categories?post=24741"},{"taxonomy":"post_tag","embeddable":true,"href":"http:\/\/vamosporlaliberacion.org\/crpmlm\/wp-json\/wp\/v2\/tags?post=24741"}],"curies":[{"name":"wp","href":"https:\/\/api.w.org\/{rel}","templated":true}]}}