{"id":24533,"date":"2021-10-18T14:07:39","date_gmt":"2021-10-18T17:07:39","guid":{"rendered":"http:\/\/vamosporlaliberacion.org\/crpmlm\/?p=24533"},"modified":"2021-10-18T18:17:35","modified_gmt":"2021-10-18T21:17:35","slug":"17-de-octubre-la-plaza-del-pueblo-con-las-madres-y-contra-el-fmi","status":"publish","type":"post","link":"http:\/\/vamosporlaliberacion.org\/crpmlm\/17-de-octubre-la-plaza-del-pueblo-con-las-madres-y-contra-el-fmi\/","title":{"rendered":"17 de Octubre: LA PLAZA DEL PUEBLO CON LAS MADRES Y CONTRA EL FMI"},"content":{"rendered":"\n<p><strong>Este no fue un 17 de octubre m\u00e1s, fue una demanda popular convocada y autoconvocada en defensa propia<\/strong>, como aquella hist\u00f3rica de 1945 pero esta vez en la voz de las Madres de Plaza de Mayo exigi\u00f3 ser escuchado.<\/p>\n\n\n\n<p>Para <strong>que se revierta un camino donde al pueblo le va costar muy caro el pago de una deuda usuraria y fraudulenta al FMI.<\/strong>&nbsp;Una bomba de tiempo de 55.000 millones de d\u00f3lares que nos dej\u00f3 el macrismo y Juntos por el Cambio.&nbsp;<\/p>\n\n\n\n<p>\u201cNo podemos pagar lo que no debemos\u2026\u201d, \u201cque la pague el macrismo\u201d se escuchaba desde el escenario, mientras la militancia kirchnerista, de otras corrientes peronistas y muchas de sectores independientes y antiimperialistas como el MPL iban llenando la hist\u00f3rica plaza.&nbsp;<\/p>\n\n\n\n<p>El silencio atento se adue\u00f1\u00f3 de la plaza para escuchar a las Madres que en la figura de Hebe&nbsp;<strong>reivindic\u00f3 la lucha de sus hijxs&nbsp;<\/strong>que<em>&nbsp;\u201cnos ense\u00f1aron esto que sabemos, nos parieron esta lucha\u201d. \u201cMuchas veces nos dec\u00edan \u2018Mam\u00e1, si pasa algo, nosotros no vamos a morir mientras haya uno solo que levante nuestras banderas\u2019 y miren lo que es hoy esta plaza\u201d<\/em>. Reinvindic\u00f3 a la juventud y a las Madres \u201ccon Azucena (Vi\u00f1aflor) a la cabeza\u2026\u201d<\/p>\n\n\n\n<p>\u201c<em>Volvimos a ganar con una coalici\u00f3n\u2026una junta donde algunos no nos gustan, pero si esos non hubieran estado no hubi\u00e9ramos ganado\u2026y ah\u00ed est\u00e1 la cuesti\u00f3n\u201d<\/em>,&nbsp;<strong>a la vez que rescat\u00f3 que la lucha pol\u00edtica es todas las horas y todos los d\u00edas..<\/strong><\/p>\n\n\n\n<p>Inmediatamente Hebe interpel\u00f3 al presidente Fern\u00e1ndez,<em><strong>&nbsp;\u201cle quiero decir que este acto es el inicio de una lucha hasta que consigamos no pagar la deuda. Hoy empezamos\u201d.<\/strong><\/em><em>&nbsp;\u00abSe\u00f1or Presidente, m\u00e1s de la mitad de los argentinos estamos bajo la l\u00ednea de la pobreza y come una vez al d\u00eda. \u00bfY usted con qu\u00e9 quiere pagar la deuda?\u00bb<\/em>.&nbsp;<em>\u201cBasta, ya estamos hartos de pagar deudas\u201d<\/em><\/p>\n\n\n\n<p>Tambi\u00e9n sostuvo con crudeza<em>&nbsp;\u00abNos da mucha tristeza porque usted siempre se junta con los ricos, con IDEA, con los grandes empresarios, con los gordos de la CGT, y a nosotros no nos escucha ni nos mira\u2026\u00bb<\/em><\/p>\n\n\n\n<p>\u201c<strong>Si es necesario para no pagar la deuda nos vamos a movilizar a la plaza muchas veces..\u201d<\/strong>sostuvo.<\/p>\n\n\n\n<p><em>\u00abTodos los que estamos ac\u00e1 somos parte del pueblo que lo vot\u00f3, y lo va a seguir votando si se comporta como debe\u00bb<\/em><\/p>\n\n\n\n<p>Los aplausos fueron la respuesta a esa proclama que nace desde las entra\u00f1as del Frente de Todos, que no busca ruptura, pero tampoco callarse, reconociendo a viva voz que el Frente sirvi\u00f3 para ganarle al macrismo pero tambi\u00e9n es una unidad donde cohabitan sectores populares con otros que son expresi\u00f3n de clases dominantes graficando una lucha activa por el rumbo.<\/p>\n\n\n\n<div class=\"wp-block-image\"><figure class=\"aligncenter size-large\"><img data-recalc-dims=\"1\" loading=\"lazy\" decoding=\"async\" width=\"696\" height=\"418\" src=\"https:\/\/i0.wp.com\/vamosporlaliberacion.org\/crpmlm\/wp-content\/uploads\/2021\/10\/17deoctubre2021-700x420.jpeg?resize=696%2C418\" alt=\"\" class=\"wp-image-24535\" srcset=\"https:\/\/i0.wp.com\/vamosporlaliberacion.org\/crpmlm\/wp-content\/uploads\/2021\/10\/17deoctubre2021.jpeg?resize=700%2C420&amp;ssl=1 700w, https:\/\/i0.wp.com\/vamosporlaliberacion.org\/crpmlm\/wp-content\/uploads\/2021\/10\/17deoctubre2021.jpeg?resize=300%2C180&amp;ssl=1 300w, https:\/\/i0.wp.com\/vamosporlaliberacion.org\/crpmlm\/wp-content\/uploads\/2021\/10\/17deoctubre2021.jpeg?resize=768%2C461&amp;ssl=1 768w, https:\/\/i0.wp.com\/vamosporlaliberacion.org\/crpmlm\/wp-content\/uploads\/2021\/10\/17deoctubre2021.jpeg?resize=150%2C90&amp;ssl=1 150w, https:\/\/i0.wp.com\/vamosporlaliberacion.org\/crpmlm\/wp-content\/uploads\/2021\/10\/17deoctubre2021.jpeg?resize=696%2C418&amp;ssl=1 696w, https:\/\/i0.wp.com\/vamosporlaliberacion.org\/crpmlm\/wp-content\/uploads\/2021\/10\/17deoctubre2021.jpeg?resize=1068%2C641&amp;ssl=1 1068w, https:\/\/i0.wp.com\/vamosporlaliberacion.org\/crpmlm\/wp-content\/uploads\/2021\/10\/17deoctubre2021.jpeg?w=1200&amp;ssl=1 1200w\" sizes=\"auto, (max-width: 696px) 100vw, 696px\" \/><\/figure><\/div>\n\n\n\n<p>Este no fue un 17 m\u00e1s, como tampoco lo fue aquel hist\u00f3rico y tiene, salvando las distancias, similitudes en que los dos fueron puntos de inflexi\u00f3n que abrieron o fueron parte de un periodo nuevo. Los une que el pueblo gan\u00f3 las calles para ser protagonista en la vida pol\u00edtica, en la defensa de derechos reclamados y adquiridos y con iguales enemigos en la oligarqu\u00eda y los intereses espoliadores de metr\u00f3polis imperialistas.&nbsp;<\/p>\n\n\n\n<p>Este nuevo periodo incluye una derrota electoral, presiones y pacto con los enemigos y una militancia y pueblo movilizado para incidir y hacerse escuchar,&nbsp;<strong>a la vez de impedir que el neoliberalismo avance y se consolide porque sus objetivos nos har\u00e1 retroceder y volver a perder derechos duramente conquistados.<\/strong>&nbsp;<\/p>\n\n\n\n<p>La lucha que se plantea desde este 17 de octubre\u00a0<strong>no admite dobles discursos hablando contra el FMI pero \u201daceptando la dura realidad de negociar porque no queda otra..\u201d<\/strong>\u00a0como sostienen algunos dirigentes que se mostraron en la plaza.\u00a0<strong>No admite hablar de un nuevo ciclo pol\u00edtico con mas derechos mientras sigue detenida Milagro Sala y otrxs dirigentes de la Tupac. El reclamo por su libertad fue muy contundente en la plaza.<\/strong><\/p>\n\n\n\n<p>El d\u00eda di\u00e1fano del 17 no fue solo para los peronistas, templ\u00f3 una voluntad popular amplia que&nbsp;<strong>no est\u00e1 dispuesta a aceptar resignadxs el pago de una estafa hist\u00f3rica entre el macrismo y el FMI.<\/strong><\/p>\n\n\n\n<p>Si desde el ejecutivo se reivindica a N\u00e9stor Kirchner, entonces es necesario llevar a la pr\u00e1ctica lo que \u00e9l afirmaba: \u201cLas cosas cambian cuando el pueblo se mete en los lugares donde se toman las decisiones\u00bb<\/p>\n\n\n\n<p>Entonces la militancia popular debe interpelar para que \u201cen nombre de generar trabajo\u201d, no se mantenga una brutal desigualdad entre lxs trabajadorxs,&nbsp;<strong>donde el 50% est\u00e1 precarizado aprovech\u00e1ndose de que solo 1 de cada 4 est\u00e1n sindicalizados.<\/strong><\/p>\n\n\n\n<p>Ni aceptar, en el af\u00e1n de traer d\u00f3lares,&nbsp;<strong>se reduzcan impuestos y se destinen subsidios para sostener la mega miner\u00eda, el petr\u00f3leo y los agro negocios contaminantes<\/strong>&nbsp;de materias primas mientras asistimos a la expansi\u00f3n del latifundio y no se controlan las exportaciones.<\/p>\n\n\n\n<p>La militancia puede y debe incidir para que&nbsp;<strong>se desdolaricen los alimentos, materiales de la construcci\u00f3n, indumentaria, tarifas e insumos.<\/strong><\/p>\n\n\n\n<p>Se anuncia mayor control de precios de alimentos y bienes, a la vez sostenemos que si no se hace sobre el total de la cadena de producci\u00f3n, transporte y comercializaci\u00f3n ser\u00e1 una medida m\u00e1s de las tantas coyunturales y tampoco nada se har\u00e1&nbsp;<strong>sobre la calidad de los alimentos que consume el pueblo como afirm\u00f3 Hebe, donde \u201clos flanes no tienen huevo o los yogures no tienen leche..\u201d<\/strong>&nbsp;<strong>\u201c<\/strong><em><strong>queremos comer lo que comen los ricos pero a precio de pobres con una jubilaci\u00f3n de 26.000 pesos\u201d<\/strong><\/em><\/p>\n\n\n\n<p><strong>La masividad en la plaza mostr\u00f3 que la militancia y el pueblo se encuentra con alegr\u00eda en la lucha.<\/strong>&nbsp;<\/p>\n\n\n\n<p>Una masividad popular que a\u00fan con las diferencias se juega un dura parada el pr\u00f3ximo 14 de noviembre para tratar que los sectores recalcitrantes que expresan la oposici\u00f3n de Juntos por el Cambio y las otras expresiones reaccionarias no avancen en el Congreso y Legislaturas.&nbsp;<\/p>\n\n\n\n<p><strong>Una masividad que va a tener que multiplicarse para protagonizar diez o quiz\u00e1s m\u00e1s \u201c17 de octubres\u201d para imponer un rumbo popular y que la derecha en cualquier versi\u00f3n no vuelva a gobernar el pa\u00eds.<\/strong><\/p>\n<!-- AddThis Advanced Settings generic via filter on the_content --><!-- AddThis Share Buttons generic via filter on the_content -->","protected":false},"excerpt":{"rendered":"<p>Este no fue un 17 de octubre m\u00e1s, fue una demanda popular convocada y autoconvocada en defensa propia, como aquella hist\u00f3rica de 1945 pero esta vez en la voz de las Madres de Plaza de Mayo exigi\u00f3 ser escuchado. Para que se revierta un camino donde al pueblo le va costar muy caro el pago [&hellip;]<!-- AddThis Advanced Settings generic via filter on get_the_excerpt --><!-- AddThis Share Buttons generic via filter on get_the_excerpt --><\/p>\n","protected":false},"author":9,"featured_media":24534,"comment_status":"open","ping_status":"open","sticky":false,"template":"","format":"standard","meta":{"_jetpack_memberships_contains_paid_content":false,"footnotes":""},"categories":[1881],"tags":[],"class_list":{"0":"post-24533","1":"post","2":"type-post","3":"status-publish","4":"format-standard","5":"has-post-thumbnail","7":"category-editoriales"},"yoast_head":"<!-- This site is optimized with the Yoast SEO plugin v27.4 - https:\/\/yoast.com\/product\/yoast-seo-wordpress\/ -->\n<title>17 de Octubre: LA PLAZA DEL PUEBLO CON LAS MADRES Y CONTRA EL FMI - Vamos por la Liberaci\u00f3n<\/title>\n<meta name=\"description\" content=\"Este no fue un 17 de octubre m\u00e1s, fue una demanda popular convocada y autoconvocada en defensa propia, como aquella hist\u00f3rica de 1945 pero esta vez en la voz de las Madres de Plaza de Mayo exigi\u00f3 ser escuchado.\" \/>\n<meta name=\"robots\" content=\"index, follow, max-snippet:-1, max-image-preview:large, max-video-preview:-1\" \/>\n<link rel=\"canonical\" href=\"http:\/\/vamosporlaliberacion.org\/crpmlm\/17-de-octubre-la-plaza-del-pueblo-con-las-madres-y-contra-el-fmi\/\" \/>\n<meta name=\"twitter:label1\" content=\"Escrito por\" \/>\n\t<meta name=\"twitter:data1\" content=\"Prensa Vamos\" \/>\n\t<meta name=\"twitter:label2\" content=\"Tiempo de lectura\" \/>\n\t<meta name=\"twitter:data2\" content=\"5 minutos\" \/>\n<script type=\"application\/ld+json\" class=\"yoast-schema-graph\">{\"@context\":\"https:\\\/\\\/schema.org\",\"@graph\":[{\"@type\":\"Article\",\"@id\":\"http:\\\/\\\/vamosporlaliberacion.org\\\/crpmlm\\\/17-de-octubre-la-plaza-del-pueblo-con-las-madres-y-contra-el-fmi\\\/#article\",\"isPartOf\":{\"@id\":\"http:\\\/\\\/vamosporlaliberacion.org\\\/crpmlm\\\/17-de-octubre-la-plaza-del-pueblo-con-las-madres-y-contra-el-fmi\\\/\"},\"author\":{\"name\":\"Prensa Vamos\",\"@id\":\"https:\\\/\\\/vamosporlaliberacion.org\\\/crpmlm\\\/#\\\/schema\\\/person\\\/ebdbd4bf0e9418b9f0c0a93395366b2f\"},\"headline\":\"17 de Octubre: LA PLAZA DEL PUEBLO CON LAS MADRES Y CONTRA EL FMI\",\"datePublished\":\"2021-10-18T17:07:39+00:00\",\"dateModified\":\"2021-10-18T21:17:35+00:00\",\"mainEntityOfPage\":{\"@id\":\"http:\\\/\\\/vamosporlaliberacion.org\\\/crpmlm\\\/17-de-octubre-la-plaza-del-pueblo-con-las-madres-y-contra-el-fmi\\\/\"},\"wordCount\":1072,\"commentCount\":0,\"image\":{\"@id\":\"http:\\\/\\\/vamosporlaliberacion.org\\\/crpmlm\\\/17-de-octubre-la-plaza-del-pueblo-con-las-madres-y-contra-el-fmi\\\/#primaryimage\"},\"thumbnailUrl\":\"https:\\\/\\\/i0.wp.com\\\/vamosporlaliberacion.org\\\/crpmlm\\\/wp-content\\\/uploads\\\/2021\\\/10\\\/17deosctubre-destacada.jpeg?fit=1440%2C960&ssl=1\",\"articleSection\":[\"Editoriales\"],\"inLanguage\":\"es\",\"potentialAction\":[{\"@type\":\"CommentAction\",\"name\":\"Comment\",\"target\":[\"http:\\\/\\\/vamosporlaliberacion.org\\\/crpmlm\\\/17-de-octubre-la-plaza-del-pueblo-con-las-madres-y-contra-el-fmi\\\/#respond\"]}]},{\"@type\":\"WebPage\",\"@id\":\"http:\\\/\\\/vamosporlaliberacion.org\\\/crpmlm\\\/17-de-octubre-la-plaza-del-pueblo-con-las-madres-y-contra-el-fmi\\\/\",\"url\":\"http:\\\/\\\/vamosporlaliberacion.org\\\/crpmlm\\\/17-de-octubre-la-plaza-del-pueblo-con-las-madres-y-contra-el-fmi\\\/\",\"name\":\"17 de Octubre: LA PLAZA DEL PUEBLO CON LAS MADRES Y CONTRA EL FMI - Vamos por la Liberaci\u00f3n\",\"isPartOf\":{\"@id\":\"https:\\\/\\\/vamosporlaliberacion.org\\\/crpmlm\\\/#website\"},\"primaryImageOfPage\":{\"@id\":\"http:\\\/\\\/vamosporlaliberacion.org\\\/crpmlm\\\/17-de-octubre-la-plaza-del-pueblo-con-las-madres-y-contra-el-fmi\\\/#primaryimage\"},\"image\":{\"@id\":\"http:\\\/\\\/vamosporlaliberacion.org\\\/crpmlm\\\/17-de-octubre-la-plaza-del-pueblo-con-las-madres-y-contra-el-fmi\\\/#primaryimage\"},\"thumbnailUrl\":\"https:\\\/\\\/i0.wp.com\\\/vamosporlaliberacion.org\\\/crpmlm\\\/wp-content\\\/uploads\\\/2021\\\/10\\\/17deosctubre-destacada.jpeg?fit=1440%2C960&ssl=1\",\"datePublished\":\"2021-10-18T17:07:39+00:00\",\"dateModified\":\"2021-10-18T21:17:35+00:00\",\"author\":{\"@id\":\"https:\\\/\\\/vamosporlaliberacion.org\\\/crpmlm\\\/#\\\/schema\\\/person\\\/ebdbd4bf0e9418b9f0c0a93395366b2f\"},\"description\":\"Este no fue un 17 de octubre m\u00e1s, fue una demanda popular convocada y autoconvocada en defensa propia, como aquella hist\u00f3rica de 1945 pero esta vez en la voz de las Madres de Plaza de Mayo exigi\u00f3 ser escuchado.\",\"breadcrumb\":{\"@id\":\"http:\\\/\\\/vamosporlaliberacion.org\\\/crpmlm\\\/17-de-octubre-la-plaza-del-pueblo-con-las-madres-y-contra-el-fmi\\\/#breadcrumb\"},\"inLanguage\":\"es\",\"potentialAction\":[{\"@type\":\"ReadAction\",\"target\":[\"http:\\\/\\\/vamosporlaliberacion.org\\\/crpmlm\\\/17-de-octubre-la-plaza-del-pueblo-con-las-madres-y-contra-el-fmi\\\/\"]}]},{\"@type\":\"ImageObject\",\"inLanguage\":\"es\",\"@id\":\"http:\\\/\\\/vamosporlaliberacion.org\\\/crpmlm\\\/17-de-octubre-la-plaza-del-pueblo-con-las-madres-y-contra-el-fmi\\\/#primaryimage\",\"url\":\"https:\\\/\\\/i0.wp.com\\\/vamosporlaliberacion.org\\\/crpmlm\\\/wp-content\\\/uploads\\\/2021\\\/10\\\/17deosctubre-destacada.jpeg?fit=1440%2C960&ssl=1\",\"contentUrl\":\"https:\\\/\\\/i0.wp.com\\\/vamosporlaliberacion.org\\\/crpmlm\\\/wp-content\\\/uploads\\\/2021\\\/10\\\/17deosctubre-destacada.jpeg?fit=1440%2C960&ssl=1\",\"width\":1440,\"height\":960},{\"@type\":\"BreadcrumbList\",\"@id\":\"http:\\\/\\\/vamosporlaliberacion.org\\\/crpmlm\\\/17-de-octubre-la-plaza-del-pueblo-con-las-madres-y-contra-el-fmi\\\/#breadcrumb\",\"itemListElement\":[{\"@type\":\"ListItem\",\"position\":1,\"name\":\"Portada\",\"item\":\"https:\\\/\\\/vamosporlaliberacion.org\\\/crpmlm\\\/\"},{\"@type\":\"ListItem\",\"position\":2,\"name\":\"17 de Octubre: LA PLAZA DEL PUEBLO CON LAS MADRES Y CONTRA EL FMI\"}]},{\"@type\":\"WebSite\",\"@id\":\"https:\\\/\\\/vamosporlaliberacion.org\\\/crpmlm\\\/#website\",\"url\":\"https:\\\/\\\/vamosporlaliberacion.org\\\/crpmlm\\\/\",\"name\":\"Vamos por la Liberaci\u00f3n\",\"description\":\"Prensa CR\",\"potentialAction\":[{\"@type\":\"SearchAction\",\"target\":{\"@type\":\"EntryPoint\",\"urlTemplate\":\"https:\\\/\\\/vamosporlaliberacion.org\\\/crpmlm\\\/?s={search_term_string}\"},\"query-input\":{\"@type\":\"PropertyValueSpecification\",\"valueRequired\":true,\"valueName\":\"search_term_string\"}}],\"inLanguage\":\"es\"},{\"@type\":\"Person\",\"@id\":\"https:\\\/\\\/vamosporlaliberacion.org\\\/crpmlm\\\/#\\\/schema\\\/person\\\/ebdbd4bf0e9418b9f0c0a93395366b2f\",\"name\":\"Prensa Vamos\",\"sameAs\":[\"http:\\\/\\\/vamposporlaliberacion.org\"],\"url\":\"http:\\\/\\\/vamosporlaliberacion.org\\\/crpmlm\\\/author\\\/editor\\\/\"}]}<\/script>\n<!-- \/ Yoast SEO plugin. -->","yoast_head_json":{"title":"17 de Octubre: LA PLAZA DEL PUEBLO CON LAS MADRES Y CONTRA EL FMI - Vamos por la Liberaci\u00f3n","description":"Este no fue un 17 de octubre m\u00e1s, fue una demanda popular convocada y autoconvocada en defensa propia, como aquella hist\u00f3rica de 1945 pero esta vez en la voz de las Madres de Plaza de Mayo exigi\u00f3 ser escuchado.","robots":{"index":"index","follow":"follow","max-snippet":"max-snippet:-1","max-image-preview":"max-image-preview:large","max-video-preview":"max-video-preview:-1"},"canonical":"http:\/\/vamosporlaliberacion.org\/crpmlm\/17-de-octubre-la-plaza-del-pueblo-con-las-madres-y-contra-el-fmi\/","twitter_misc":{"Escrito por":"Prensa Vamos","Tiempo de lectura":"5 minutos"},"schema":{"@context":"https:\/\/schema.org","@graph":[{"@type":"Article","@id":"http:\/\/vamosporlaliberacion.org\/crpmlm\/17-de-octubre-la-plaza-del-pueblo-con-las-madres-y-contra-el-fmi\/#article","isPartOf":{"@id":"http:\/\/vamosporlaliberacion.org\/crpmlm\/17-de-octubre-la-plaza-del-pueblo-con-las-madres-y-contra-el-fmi\/"},"author":{"name":"Prensa Vamos","@id":"https:\/\/vamosporlaliberacion.org\/crpmlm\/#\/schema\/person\/ebdbd4bf0e9418b9f0c0a93395366b2f"},"headline":"17 de Octubre: LA PLAZA DEL PUEBLO CON LAS MADRES Y CONTRA EL FMI","datePublished":"2021-10-18T17:07:39+00:00","dateModified":"2021-10-18T21:17:35+00:00","mainEntityOfPage":{"@id":"http:\/\/vamosporlaliberacion.org\/crpmlm\/17-de-octubre-la-plaza-del-pueblo-con-las-madres-y-contra-el-fmi\/"},"wordCount":1072,"commentCount":0,"image":{"@id":"http:\/\/vamosporlaliberacion.org\/crpmlm\/17-de-octubre-la-plaza-del-pueblo-con-las-madres-y-contra-el-fmi\/#primaryimage"},"thumbnailUrl":"https:\/\/i0.wp.com\/vamosporlaliberacion.org\/crpmlm\/wp-content\/uploads\/2021\/10\/17deosctubre-destacada.jpeg?fit=1440%2C960&ssl=1","articleSection":["Editoriales"],"inLanguage":"es","potentialAction":[{"@type":"CommentAction","name":"Comment","target":["http:\/\/vamosporlaliberacion.org\/crpmlm\/17-de-octubre-la-plaza-del-pueblo-con-las-madres-y-contra-el-fmi\/#respond"]}]},{"@type":"WebPage","@id":"http:\/\/vamosporlaliberacion.org\/crpmlm\/17-de-octubre-la-plaza-del-pueblo-con-las-madres-y-contra-el-fmi\/","url":"http:\/\/vamosporlaliberacion.org\/crpmlm\/17-de-octubre-la-plaza-del-pueblo-con-las-madres-y-contra-el-fmi\/","name":"17 de Octubre: LA PLAZA DEL PUEBLO CON LAS MADRES Y CONTRA EL FMI - Vamos por la Liberaci\u00f3n","isPartOf":{"@id":"https:\/\/vamosporlaliberacion.org\/crpmlm\/#website"},"primaryImageOfPage":{"@id":"http:\/\/vamosporlaliberacion.org\/crpmlm\/17-de-octubre-la-plaza-del-pueblo-con-las-madres-y-contra-el-fmi\/#primaryimage"},"image":{"@id":"http:\/\/vamosporlaliberacion.org\/crpmlm\/17-de-octubre-la-plaza-del-pueblo-con-las-madres-y-contra-el-fmi\/#primaryimage"},"thumbnailUrl":"https:\/\/i0.wp.com\/vamosporlaliberacion.org\/crpmlm\/wp-content\/uploads\/2021\/10\/17deosctubre-destacada.jpeg?fit=1440%2C960&ssl=1","datePublished":"2021-10-18T17:07:39+00:00","dateModified":"2021-10-18T21:17:35+00:00","author":{"@id":"https:\/\/vamosporlaliberacion.org\/crpmlm\/#\/schema\/person\/ebdbd4bf0e9418b9f0c0a93395366b2f"},"description":"Este no fue un 17 de octubre m\u00e1s, fue una demanda popular convocada y autoconvocada en defensa propia, como aquella hist\u00f3rica de 1945 pero esta vez en la voz de las Madres de Plaza de Mayo exigi\u00f3 ser escuchado.","breadcrumb":{"@id":"http:\/\/vamosporlaliberacion.org\/crpmlm\/17-de-octubre-la-plaza-del-pueblo-con-las-madres-y-contra-el-fmi\/#breadcrumb"},"inLanguage":"es","potentialAction":[{"@type":"ReadAction","target":["http:\/\/vamosporlaliberacion.org\/crpmlm\/17-de-octubre-la-plaza-del-pueblo-con-las-madres-y-contra-el-fmi\/"]}]},{"@type":"ImageObject","inLanguage":"es","@id":"http:\/\/vamosporlaliberacion.org\/crpmlm\/17-de-octubre-la-plaza-del-pueblo-con-las-madres-y-contra-el-fmi\/#primaryimage","url":"https:\/\/i0.wp.com\/vamosporlaliberacion.org\/crpmlm\/wp-content\/uploads\/2021\/10\/17deosctubre-destacada.jpeg?fit=1440%2C960&ssl=1","contentUrl":"https:\/\/i0.wp.com\/vamosporlaliberacion.org\/crpmlm\/wp-content\/uploads\/2021\/10\/17deosctubre-destacada.jpeg?fit=1440%2C960&ssl=1","width":1440,"height":960},{"@type":"BreadcrumbList","@id":"http:\/\/vamosporlaliberacion.org\/crpmlm\/17-de-octubre-la-plaza-del-pueblo-con-las-madres-y-contra-el-fmi\/#breadcrumb","itemListElement":[{"@type":"ListItem","position":1,"name":"Portada","item":"https:\/\/vamosporlaliberacion.org\/crpmlm\/"},{"@type":"ListItem","position":2,"name":"17 de Octubre: LA PLAZA DEL PUEBLO CON LAS MADRES Y CONTRA EL FMI"}]},{"@type":"WebSite","@id":"https:\/\/vamosporlaliberacion.org\/crpmlm\/#website","url":"https:\/\/vamosporlaliberacion.org\/crpmlm\/","name":"Vamos por la Liberaci\u00f3n","description":"Prensa CR","potentialAction":[{"@type":"SearchAction","target":{"@type":"EntryPoint","urlTemplate":"https:\/\/vamosporlaliberacion.org\/crpmlm\/?s={search_term_string}"},"query-input":{"@type":"PropertyValueSpecification","valueRequired":true,"valueName":"search_term_string"}}],"inLanguage":"es"},{"@type":"Person","@id":"https:\/\/vamosporlaliberacion.org\/crpmlm\/#\/schema\/person\/ebdbd4bf0e9418b9f0c0a93395366b2f","name":"Prensa Vamos","sameAs":["http:\/\/vamposporlaliberacion.org"],"url":"http:\/\/vamosporlaliberacion.org\/crpmlm\/author\/editor\/"}]}},"jetpack_featured_media_url":"https:\/\/i0.wp.com\/vamosporlaliberacion.org\/crpmlm\/wp-content\/uploads\/2021\/10\/17deosctubre-destacada.jpeg?fit=1440%2C960&ssl=1","jetpack_sharing_enabled":true,"_links":{"self":[{"href":"http:\/\/vamosporlaliberacion.org\/crpmlm\/wp-json\/wp\/v2\/posts\/24533","targetHints":{"allow":["GET"]}}],"collection":[{"href":"http:\/\/vamosporlaliberacion.org\/crpmlm\/wp-json\/wp\/v2\/posts"}],"about":[{"href":"http:\/\/vamosporlaliberacion.org\/crpmlm\/wp-json\/wp\/v2\/types\/post"}],"author":[{"embeddable":true,"href":"http:\/\/vamosporlaliberacion.org\/crpmlm\/wp-json\/wp\/v2\/users\/9"}],"replies":[{"embeddable":true,"href":"http:\/\/vamosporlaliberacion.org\/crpmlm\/wp-json\/wp\/v2\/comments?post=24533"}],"version-history":[{"count":2,"href":"http:\/\/vamosporlaliberacion.org\/crpmlm\/wp-json\/wp\/v2\/posts\/24533\/revisions"}],"predecessor-version":[{"id":24538,"href":"http:\/\/vamosporlaliberacion.org\/crpmlm\/wp-json\/wp\/v2\/posts\/24533\/revisions\/24538"}],"wp:featuredmedia":[{"embeddable":true,"href":"http:\/\/vamosporlaliberacion.org\/crpmlm\/wp-json\/wp\/v2\/media\/24534"}],"wp:attachment":[{"href":"http:\/\/vamosporlaliberacion.org\/crpmlm\/wp-json\/wp\/v2\/media?parent=24533"}],"wp:term":[{"taxonomy":"category","embeddable":true,"href":"http:\/\/vamosporlaliberacion.org\/crpmlm\/wp-json\/wp\/v2\/categories?post=24533"},{"taxonomy":"post_tag","embeddable":true,"href":"http:\/\/vamosporlaliberacion.org\/crpmlm\/wp-json\/wp\/v2\/tags?post=24533"}],"curies":[{"name":"wp","href":"https:\/\/api.w.org\/{rel}","templated":true}]}}