{"id":24303,"date":"2021-08-25T21:34:33","date_gmt":"2021-08-26T00:34:33","guid":{"rendered":"http:\/\/vamosporlaliberacion.org\/crpmlm\/?p=24303"},"modified":"2021-08-25T21:50:09","modified_gmt":"2021-08-26T00:50:09","slug":"el-12-09-vota-al-frente-de-todos","status":"publish","type":"post","link":"http:\/\/vamosporlaliberacion.org\/crpmlm\/el-12-09-vota-al-frente-de-todos\/","title":{"rendered":"El 12\/09 Vot\u00e1 al Frente de Todos"},"content":{"rendered":"\n<h3 class=\"wp-block-heading\">Para seguir la lucha por \u00abla vida que queremos\u00bb hay que frenar a la derecha, pero tambi\u00e9n conquistar un pa\u00eds sin inflaci\u00f3n, sin latifundio ni megaminer\u00eda ni agrot\u00f3xicos, con soberan\u00eda alimentaria, sin FMI y con una matriz econ\u00f3mica independiente.<\/h3>\n\n\n\n<p>El marco de la campa\u00f1a electoral lo da la lucha contra la pandemia y la marcha de la econom\u00eda, aunque desde los medios hegem\u00f3nicos se insista en el esc\u00e1ndalo de las fotos de Olivos para instalar un \u0093eje moral. Este error pol\u00edtico (que s\u00f3lo lo puede dar la impunidad que otorga muchas veces gobernar alejado del pueblo), no empa\u00f1a la campa\u00f1a contra la pandemia y las medidas de emergencia que se han tomado para hacer frente a un sistema de salud diezmado y una econom\u00eda desbastada que dej\u00f3 la oposici\u00f3n, sin memoria de corto alcance, que gobern\u00f3 el pa\u00eds recientemente. Sin embargo, la campa\u00f1a del Frente de Todos no entusiasma.<br><br>En la poblaci\u00f3n hay un reconocimiento importante al trabajo por traer las vacunas, que ya superaron las 40 millones con 12.638.417 de personas vacunadas con las dos dosis y 27.430.096 con la primera dosis. Pero al haber bajado sustancialmente los casos y entrado en una meseta, se dispuso una mayor apertura trayendo un relajamiento en la movilidad casi pre pandemia.<\/p>\n\n\n\n<p>Por esta raz\u00f3n lo que ocupa mayor espacio en las preocupaciones de los sectores asalariados es la inflaci\u00f3n, que cuando lleguemos a las elecciones generales estar\u00e1 cerca al 50% seg\u00fan el \u00cdndice de Precios al Consumidor, con tipo de cambio, tarifas y precios de algunos productos congelados.<\/p>\n\n\n\n<p>Las paritarias muestran en la mayor\u00eda de los sectores un acompa\u00f1amiento de la inflaci\u00f3n, que cerraron por encima del 40% con cl\u00e1usulas de revisi\u00f3n, pero el salario sigue corriendo por detr\u00e1s porque a\u00fan no se ha recuperado de la perdida de estos a\u00f1os.<\/p>\n\n\n\n<p>El camino para que el movimiento obrero recupere el terreno perdido lo siguen marcando los trabajadores aceiteros, que conquistaron un 48,5%&nbsp;y elevan as\u00ed el salario m\u00ednimo del sector&nbsp;a m\u00e1s de 100.000 pesos. La lucha de los docentes fueguinos abre un rumbo para discutir en cada provincia que ning\u00fan docentes debe ser pobre, al igual que la lucha de los estatales de CABA, la ciudad m\u00e1s rica y cara del pa\u00eds, donde la canasta b\u00e1sica de alimentos y servicios se ubic\u00f3 en $144.511,67.<\/p>\n\n\n\n<div class=\"wp-block-image\"><figure class=\"aligncenter is-resized\"><img data-recalc-dims=\"1\" loading=\"lazy\" decoding=\"async\" src=\"https:\/\/i0.wp.com\/vamosporlaliberacion.org\/crpmlm\/wp-content\/uploads\/2021\/08\/aceiteros.png?resize=603%2C427\" alt=\"\" class=\"wp-image-24306\" width=\"603\" height=\"427\" srcset=\"https:\/\/i0.wp.com\/vamosporlaliberacion.org\/crpmlm\/wp-content\/uploads\/2021\/08\/aceiteros.png?w=750&amp;ssl=1 750w, https:\/\/i0.wp.com\/vamosporlaliberacion.org\/crpmlm\/wp-content\/uploads\/2021\/08\/aceiteros.png?resize=300%2C212&amp;ssl=1 300w, https:\/\/i0.wp.com\/vamosporlaliberacion.org\/crpmlm\/wp-content\/uploads\/2021\/08\/aceiteros.png?resize=700%2C496&amp;ssl=1 700w, https:\/\/i0.wp.com\/vamosporlaliberacion.org\/crpmlm\/wp-content\/uploads\/2021\/08\/aceiteros.png?resize=150%2C106&amp;ssl=1 150w, https:\/\/i0.wp.com\/vamosporlaliberacion.org\/crpmlm\/wp-content\/uploads\/2021\/08\/aceiteros.png?resize=696%2C493&amp;ssl=1 696w, https:\/\/i0.wp.com\/vamosporlaliberacion.org\/crpmlm\/wp-content\/uploads\/2021\/08\/aceiteros.png?resize=593%2C420&amp;ssl=1 593w, https:\/\/i0.wp.com\/vamosporlaliberacion.org\/crpmlm\/wp-content\/uploads\/2021\/08\/aceiteros.png?resize=100%2C70&amp;ssl=1 100w\" sizes=\"auto, (max-width: 603px) 100vw, 603px\" \/><\/figure><\/div>\n\n\n\n<div class=\"wp-block-image\"><figure class=\"aligncenter is-resized\"><img data-recalc-dims=\"1\" loading=\"lazy\" decoding=\"async\" src=\"https:\/\/i0.wp.com\/vamosporlaliberacion.org\/crpmlm\/wp-content\/uploads\/2021\/08\/paroSutef48hs2y3deagosto21.jpg?resize=602%2C278\" alt=\"\" class=\"wp-image-24174\" width=\"602\" height=\"278\"\/><\/figure><\/div>\n\n\n\n<p>La canasta b\u00e1sica alimentaria, integrada por los productos m\u00ednimos que necesita una familia de cuatro integrantes para comer y no caer bajo la l\u00ednea de indigencia, aument\u00f3 2,1% en julio, mientras que la suba de la canasta b\u00e1sica total, que introduce otros bienes y servicios y traza la l\u00ednea de la pobreza, fue de 1,6%. Si se compara con el mismo mes de 2020 los bienes de primera necesidad se encarecieron por encima del nivel general. La canasta b\u00e1sica total aument\u00f3 51,8%, mismo n\u00famero que el \u00cdndice de Precios al Consumidor (IPC), pero la canasta b\u00e1sica alimentaria escal\u00f3 6,5%, un 58,3%. As\u00ed, se evidencia que la inflaci\u00f3n golpe\u00f3 con mucha m\u00e1s fuerza a los hogares m\u00e1s pobres, que destinan una gran porci\u00f3n de sus ingresos a la alimentaci\u00f3n.<\/p>\n\n\n\n<p>De acuerdo con los datos publicados la semana pasada por el INDEC, una familia tipo (integrada por dos adultos y dos menores) debi\u00f3 contar en julio con $ 29.003 para no caer en la indigencia. Son 589 pesos m\u00e1s que en junio y 10.682 pesos m\u00e1s que un a\u00f1o atr\u00e1s. La misma familia necesit\u00f3 generar ingresos por 67.577 pesos para no ser considerada pobre.<\/p>\n\n\n\n<p>Los \u00edndices de pobreza nacional se mantiene en un 42% de la poblaci\u00f3n y cerca del 62% entre los j\u00f3venes menores de 14 a\u00f1os.<\/p>\n\n\n\n<p><strong>Entonces, esta realidad golpea al pueblo y corre a la par de las cifras reales del crecimiento en la econom\u00eda<\/strong>, donde el estimador mensual de la actividad econ\u00f3mica (EMAE)&nbsp;registr\u00f3 un aumento de +2,5% mensual (luego de cuatro meses consecutivos de ca\u00eddas intermensuales). Con respecto a junio de 2020 registr\u00f3 un aumento de +10,8% y en los primeros 6 meses del a\u00f1o acumula un incremento de +9,7% en comparaci\u00f3n con el mismo per\u00edodo del a\u00f1o anterior.<\/p>\n\n\n\n<div class=\"wp-block-image\"><figure class=\"aligncenter size-large is-resized\"><img data-recalc-dims=\"1\" loading=\"lazy\" decoding=\"async\" src=\"https:\/\/i0.wp.com\/vamosporlaliberacion.org\/crpmlm\/wp-content\/uploads\/2021\/07\/IMG-20210722-WA0005-700x525.jpg?resize=539%2C404\" alt=\"\" class=\"wp-image-24100\" width=\"539\" height=\"404\" srcset=\"https:\/\/i0.wp.com\/vamosporlaliberacion.org\/crpmlm\/wp-content\/uploads\/2021\/07\/IMG-20210722-WA0005.jpg?resize=700%2C525&amp;ssl=1 700w, https:\/\/i0.wp.com\/vamosporlaliberacion.org\/crpmlm\/wp-content\/uploads\/2021\/07\/IMG-20210722-WA0005.jpg?resize=300%2C225&amp;ssl=1 300w, https:\/\/i0.wp.com\/vamosporlaliberacion.org\/crpmlm\/wp-content\/uploads\/2021\/07\/IMG-20210722-WA0005.jpg?resize=768%2C576&amp;ssl=1 768w, https:\/\/i0.wp.com\/vamosporlaliberacion.org\/crpmlm\/wp-content\/uploads\/2021\/07\/IMG-20210722-WA0005.jpg?resize=1536%2C1152&amp;ssl=1 1536w, https:\/\/i0.wp.com\/vamosporlaliberacion.org\/crpmlm\/wp-content\/uploads\/2021\/07\/IMG-20210722-WA0005.jpg?resize=150%2C113&amp;ssl=1 150w, https:\/\/i0.wp.com\/vamosporlaliberacion.org\/crpmlm\/wp-content\/uploads\/2021\/07\/IMG-20210722-WA0005.jpg?resize=696%2C522&amp;ssl=1 696w, https:\/\/i0.wp.com\/vamosporlaliberacion.org\/crpmlm\/wp-content\/uploads\/2021\/07\/IMG-20210722-WA0005.jpg?resize=1068%2C801&amp;ssl=1 1068w, https:\/\/i0.wp.com\/vamosporlaliberacion.org\/crpmlm\/wp-content\/uploads\/2021\/07\/IMG-20210722-WA0005.jpg?resize=560%2C420&amp;ssl=1 560w, https:\/\/i0.wp.com\/vamosporlaliberacion.org\/crpmlm\/wp-content\/uploads\/2021\/07\/IMG-20210722-WA0005.jpg?resize=80%2C60&amp;ssl=1 80w, https:\/\/i0.wp.com\/vamosporlaliberacion.org\/crpmlm\/wp-content\/uploads\/2021\/07\/IMG-20210722-WA0005.jpg?resize=265%2C198&amp;ssl=1 265w, https:\/\/i0.wp.com\/vamosporlaliberacion.org\/crpmlm\/wp-content\/uploads\/2021\/07\/IMG-20210722-WA0005.jpg?w=1600&amp;ssl=1 1600w, https:\/\/i0.wp.com\/vamosporlaliberacion.org\/crpmlm\/wp-content\/uploads\/2021\/07\/IMG-20210722-WA0005.jpg?w=1392&amp;ssl=1 1392w\" sizes=\"auto, (max-width: 539px) 100vw, 539px\" \/><\/figure><\/div>\n\n\n\n<p>Tambi\u00e9n los datos de la&nbsp;balanza comercial&nbsp;de julio arrojaron un super\u00e1vit de 1.537 millones de d\u00f3lares (desde 1.101 millones en junio y 1.480 millones en julio 2020). El saldo acumulado en los \u00faltimos 12 meses es de 11.046 millones de d\u00f3lares. Las exportaciones aumentaron +47,1% anual, a 7.252 millones de d\u00f3lares. El crecimiento est\u00e1 empujado por el aumento de los precios internacionales de las materias primas.<\/p>\n\n\n\n<p><strong>Pero ese crecimiento, no se condice con la vida cotidiana del pueblo, ni en su estado de \u00e1nimo, porque esos mismos datos muestran que los que entraron a la pandemia millonarios, ahora son m\u00e1s millonarios, y los que entraron pobres, ahora son m\u00e1s pobres.<\/strong><\/p>\n\n\n\n<p>Se ha tomado m\u00e1s mano de obra, particularmente empujado por rubros como la construcci\u00f3n, aunque la creaci\u00f3n de empleos que se va generando, es lenta en relaci\u00f3n al crecimiento de la actividad industrial, lo que evidencia una mayor precarizaci\u00f3n y superexplotaci\u00f3n de la mano de obra.<\/p>\n\n\n\n<p>Los anuncios de nuevas y millonarias inversiones de monopolios internacionales como Mercadolibre y otras multinacionales, se pueden mostrar para desmentir que \u0093son m\u00e1s los que se van que los que vienen a invertir\u0094, pero vale preguntarse \u00bfbajo qu\u00e9 condiciones y bajo qu\u00e9 modelo laboral vienen? porque es sabido que esas empresas invierten porque encuentran o se les mantiene ping\u00fce ganancias que implican beneficios tributarios y libre accionar para precarizar la mano de obra. \u00bfQu\u00e9 otra cosa se puede esperar de empresarios como Galper\u00edn (Mercadolibre) y otros que fueron los \u0093unicornios\u0094 modelos con el macrismo?<\/p>\n\n\n\n<p>Mientras tanto, se sigue pagando intereses y capital de la deuda usuraria y fraudulenta con el FMI y Club de Par\u00eds, y se ha anunciado que los 4.355 millones de d\u00f3lares que entraron por Derechos Especiales de Giro (DEG) que otorga el FMI, ir\u00e1n a saldar intereses y capital de deuda. (Ver Nota http:\/\/vamosporlaliberacion.org\/crpmlm\/dolares-para-el-pueblo-no-para-el-fmi-y-acreedores)<\/p>\n\n\n\n<p><strong>LA VIDA QUE QUEREMOS<\/strong><\/p>\n\n\n\n<p>El debate de c\u00f3mo vamos a salir de la pandemia es tema central de campa\u00f1a del Frente de Todos sintetizado en <strong>la vida que queremos<\/strong>, mientras la principal oposici\u00f3n, Juntos por el Cambio, aparece ocultando la historia reciente, cuestionando el presente y montando operaciones medi\u00e1ticas. Por otro lado en la di\u00e1spora de la derecha aparecen expresiones liberales \u201crebeldes\u201d, anti Estado, anti pol\u00edtica que interpelan a las opciones de la \u201cderecha tradicional\u201d ganando a un sector de j\u00f3venes que encuentra un cauce sin romper las estructuras que ellos mismos cuestionan.<\/p>\n\n\n\n<div class=\"wp-block-image\"><figure class=\"aligncenter size-large is-resized\"><img data-recalc-dims=\"1\" loading=\"lazy\" decoding=\"async\" src=\"https:\/\/i0.wp.com\/vamosporlaliberacion.org\/crpmlm\/wp-content\/uploads\/2021\/08\/Kayacazo-final-acto-en-congreso-700x525.jpeg?resize=573%2C430\" alt=\"\" class=\"wp-image-24307\" width=\"573\" height=\"430\" srcset=\"https:\/\/i0.wp.com\/vamosporlaliberacion.org\/crpmlm\/wp-content\/uploads\/2021\/08\/Kayacazo-final-acto-en-congreso.jpeg?resize=700%2C525&amp;ssl=1 700w, https:\/\/i0.wp.com\/vamosporlaliberacion.org\/crpmlm\/wp-content\/uploads\/2021\/08\/Kayacazo-final-acto-en-congreso.jpeg?resize=300%2C225&amp;ssl=1 300w, https:\/\/i0.wp.com\/vamosporlaliberacion.org\/crpmlm\/wp-content\/uploads\/2021\/08\/Kayacazo-final-acto-en-congreso.jpeg?resize=768%2C576&amp;ssl=1 768w, https:\/\/i0.wp.com\/vamosporlaliberacion.org\/crpmlm\/wp-content\/uploads\/2021\/08\/Kayacazo-final-acto-en-congreso.jpeg?resize=150%2C113&amp;ssl=1 150w, https:\/\/i0.wp.com\/vamosporlaliberacion.org\/crpmlm\/wp-content\/uploads\/2021\/08\/Kayacazo-final-acto-en-congreso.jpeg?resize=696%2C522&amp;ssl=1 696w, https:\/\/i0.wp.com\/vamosporlaliberacion.org\/crpmlm\/wp-content\/uploads\/2021\/08\/Kayacazo-final-acto-en-congreso.jpeg?resize=1068%2C801&amp;ssl=1 1068w, https:\/\/i0.wp.com\/vamosporlaliberacion.org\/crpmlm\/wp-content\/uploads\/2021\/08\/Kayacazo-final-acto-en-congreso.jpeg?resize=560%2C420&amp;ssl=1 560w, https:\/\/i0.wp.com\/vamosporlaliberacion.org\/crpmlm\/wp-content\/uploads\/2021\/08\/Kayacazo-final-acto-en-congreso.jpeg?resize=80%2C60&amp;ssl=1 80w, https:\/\/i0.wp.com\/vamosporlaliberacion.org\/crpmlm\/wp-content\/uploads\/2021\/08\/Kayacazo-final-acto-en-congreso.jpeg?resize=265%2C198&amp;ssl=1 265w, https:\/\/i0.wp.com\/vamosporlaliberacion.org\/crpmlm\/wp-content\/uploads\/2021\/08\/Kayacazo-final-acto-en-congreso.jpeg?w=1280&amp;ssl=1 1280w\" sizes=\"auto, (max-width: 573px) 100vw, 573px\" \/><figcaption>18\/8, Finalizaci\u00f3n de la traves\u00eda de 350 km en kayaks y movilizaci\u00f3n de Plaza de Mayo a Congreso<\/figcaption><\/figure><\/div>\n\n\n\n<p><strong>\u0093La vida que queremos<\/strong> <strong>es una buena f\u00f3rmula para interpelar el presente y debatir el futuro.<\/strong> <strong>Si partimos de este presente, \u00bfcu\u00e1l es la vida que queremos?<\/strong> Una respuesta puede ser, \u201ceste presente pero mejorado. Esto podr\u00eda estar contenido en <em>cualquier cosa menos la derecha<\/em>, <em>\u201creconocer que la deuda con el FMI es una estafa pero renegociemos y ganemos tiempo para pagar<\/em>, <em>\u0093votar el impuesto a las grandes fortunas por \u00fanica vez<\/em>, <em>\u0093aumentar los programas sociales<\/em>, <em>\u201cllevar adelante programas de producci\u00f3n rural sin agrot\u00f3xicos manteniendo el latifundio y el monocultivo contaminante<\/em>, <em>\u201cavanzar en la construcci\u00f3n de planes de viviendas, a la par de los negocios inmobiliarios<\/em>, y pueden seguir los ejemplos. Acordamos con muchos de ellos, <strong>pero al no ser parte de un plan que implique cambiar la matriz econ\u00f3mica y por ende la superestructura pol\u00edtica, se transforman en paliativos mientras el c\u00e1ncer de la dependencia, el latifundio, los monopolios agroexportadores, contaminantes, extractivistas se fortalecen y avanzan.<\/strong><\/p>\n\n\n\n<p>Frente a este presente al que no pretendemos perfumarlo, luchamos por \u0093la vida que queremos\u0094 que arranca en emprender decididamente la confrontaci\u00f3n con el poder que sostiene los principales resortes de la econom\u00eda, la pol\u00edtica, la justicia y las comunicaciones.<\/p>\n\n\n\n<p>Porque <strong>la vida que queremos<\/strong> es suspendiendo los pagos para investigar la estafa de la Deuda Externa.<br><br><\/p>\n\n\n\n<p><strong>La vida que queremos<\/strong> es con soberan\u00eda sobre nuestros r\u00edos y mares. Es con una poderosa Marina Mercante.<\/p>\n\n\n\n<p><strong>La vida que queremos<\/strong> es recuperando los ferrocarriles, fabric\u00e1ndolos y moderniz\u00e1ndolos, ocupando mano de obra nacional. Es con desarrollo industrial y sider\u00fargico en manos del Estado y controlado por el pueblo.<\/p>\n\n\n\n<p><strong>La vida que queremos<\/strong> es con los recursos energ\u00e9ticos esenciales en manos del Estado con control popular. Es con reducci\u00f3n de la jornada laboral sin reducci\u00f3n salarial en las grandes empresas y supermercados para que se incorporen m\u00e1s trabajadorxs y haya m\u00e1s tiempo libre. <strong>Sin precarizaci\u00f3n y bajo convenio.<\/strong><\/p>\n\n\n\n<p><strong>La vida que queremos<\/strong> es con soberan\u00eda alimentaria plena, con Vicent\u00edn en manos del Estado. <strong>La vida que queremos<\/strong> es sin hambre.<\/p>\n\n\n\n<p>Es con un moderno IAPI (Instituto Argentino de Promoci\u00f3n e Intercambio) para que el comercio mire a las necesidades nacionales.<\/p>\n\n\n\n<p><strong>La vida que queremos<\/strong> es sin latifundios para que la tierra sea para quien la trabaje. Es con la devoluci\u00f3n de las tierras ancestrales a las comunidades originarias. Sin terricidios. Es con reforma urbana y con viviendas para las familias que no la tienen.<\/p>\n\n\n\n<p><strong>La vida que queremos<\/strong> es sin agrot\u00f3xicos, megaminer\u00eda, fraking y granjas porcinas.<\/p>\n\n\n\n<p>Es con industria nacional donde las Pymes sean el motor del desarrollo industrial.<\/p>\n\n\n\n<p><strong>La vida que queremos<\/strong> es con igual trabajo por igual salario para mujeres y diversidades. <strong>Es sin violencia ni femicidios!<\/strong><\/p>\n\n\n\n<p><strong>La vida que queremos<\/strong> es con una justicia democr\u00e1tica, con perspectiva de g\u00e9nero y juicios por jurados elegidos de manera transparente al igual que los jueces y fiscales.<\/p>\n\n\n\n<p>La vida que queremos no est\u00e1 a la vuelta de la esquina, nadie la regala, \u201cno es un eslogan de campa\u00f1a para salir del paso\u201d.<\/p>\n\n\n\n<p>La vida que queremos est\u00e1 en el coraz\u00f3n de la militancia que ha arrancado conquistas porque ha sabido confrontar como el feminismo y el movimiento ambientalista.<\/p>\n\n\n\n<p><strong>\u00a1La vida que queremos es revolucionaria o es m\u00e1s de lo mismo!<\/strong><\/p>\n\n\n\n<p>Hoy la lucha por esta <strong>vida que queremos<\/strong> requiere darle certezas a la gloriosa juventud argentina a la que tratan de embaucarla con \u201crelatos duros\u201d pero para alejarla de la pol\u00edtica y las transformaciones revolucionarias para que sean corderos de los sectores dominantes.<\/p>\n\n\n\n<p>El mejor terreno para seguir luchando por esa <strong>vida que queremos<\/strong> es impedir que se fortalezcan y avancen los sectores reaccionarios que gobernaron recientemente y nos trajeron al abismo.<\/p>\n\n\n\n<p><strong>Es votando al Frente de Todos en las PASO del 12\/09 y las generales del 14\/11<\/strong>, no para seguir con este presente, sino <strong>para poner en pie un poderoso y amplio centro coordinador de los sectores populares, democr\u00e1ticos y antiimperialistas que sintetice un programa plurinacional y revolucionario<\/strong> que se plantee otra matriz econ\u00f3mica, social y cultural que beneficie a las grandes mayor\u00edas y preparen al pueblo para las grandes batallas por la liberaci\u00f3n nacional y social.<\/p>\n<!-- AddThis Advanced Settings generic via filter on the_content --><!-- AddThis Share Buttons generic via filter on the_content -->","protected":false},"excerpt":{"rendered":"<p>Para seguir la lucha por \u00abla vida que queremos\u00bb hay que frenar a la derecha, pero tambi\u00e9n conquistar un pa\u00eds sin inflaci\u00f3n, sin latifundio ni megaminer\u00eda ni agrot\u00f3xicos, con soberan\u00eda alimentaria, sin FMI y con una matriz econ\u00f3mica independiente. El marco de la campa\u00f1a electoral lo da la lucha contra la pandemia y la marcha [&hellip;]<!-- AddThis Advanced Settings generic via filter on get_the_excerpt --><!-- AddThis Share Buttons generic via filter on get_the_excerpt --><\/p>\n","protected":false},"author":9,"featured_media":24305,"comment_status":"open","ping_status":"open","sticky":false,"template":"","format":"standard","meta":{"_jetpack_memberships_contains_paid_content":false,"footnotes":""},"categories":[1881],"tags":[],"class_list":{"0":"post-24303","1":"post","2":"type-post","3":"status-publish","4":"format-standard","5":"has-post-thumbnail","7":"category-editoriales"},"yoast_head":"<!-- This site is optimized with the Yoast SEO plugin v27.4 - https:\/\/yoast.com\/product\/yoast-seo-wordpress\/ -->\n<title>El 12\/09 Vot\u00e1 al Frente de Todos - Vamos por la Liberaci\u00f3n<\/title>\n<meta name=\"description\" content=\"Para seguir la lucha por &quot;la vida que queremos&quot; hay que frenar a la derecha, pero tambi\u00e9n conquistar un pa\u00eds sin inflaci\u00f3n, sin latifundio ni megaminer\u00eda ni agrot\u00f3xicos, con soberan\u00eda alimentaria, sin FMI y con una matriz econ\u00f3mica independiente.\" \/>\n<meta name=\"robots\" content=\"index, follow, max-snippet:-1, max-image-preview:large, max-video-preview:-1\" \/>\n<link rel=\"canonical\" href=\"https:\/\/vamosporlaliberacion.org\/crpmlm\/el-12-09-vota-al-frente-de-todos\/\" \/>\n<meta name=\"twitter:label1\" content=\"Escrito por\" \/>\n\t<meta name=\"twitter:data1\" content=\"Prensa Vamos\" \/>\n\t<meta name=\"twitter:label2\" content=\"Tiempo de lectura\" \/>\n\t<meta name=\"twitter:data2\" content=\"9 minutos\" \/>\n<script type=\"application\/ld+json\" class=\"yoast-schema-graph\">{\"@context\":\"https:\\\/\\\/schema.org\",\"@graph\":[{\"@type\":\"Article\",\"@id\":\"https:\\\/\\\/vamosporlaliberacion.org\\\/crpmlm\\\/el-12-09-vota-al-frente-de-todos\\\/#article\",\"isPartOf\":{\"@id\":\"https:\\\/\\\/vamosporlaliberacion.org\\\/crpmlm\\\/el-12-09-vota-al-frente-de-todos\\\/\"},\"author\":{\"name\":\"Prensa Vamos\",\"@id\":\"https:\\\/\\\/vamosporlaliberacion.org\\\/crpmlm\\\/#\\\/schema\\\/person\\\/ebdbd4bf0e9418b9f0c0a93395366b2f\"},\"headline\":\"El 12\\\/09 Vot\u00e1 al Frente de Todos\",\"datePublished\":\"2021-08-26T00:34:33+00:00\",\"dateModified\":\"2021-08-26T00:50:09+00:00\",\"mainEntityOfPage\":{\"@id\":\"https:\\\/\\\/vamosporlaliberacion.org\\\/crpmlm\\\/el-12-09-vota-al-frente-de-todos\\\/\"},\"wordCount\":1880,\"commentCount\":0,\"image\":{\"@id\":\"https:\\\/\\\/vamosporlaliberacion.org\\\/crpmlm\\\/el-12-09-vota-al-frente-de-todos\\\/#primaryimage\"},\"thumbnailUrl\":\"https:\\\/\\\/i0.wp.com\\\/vamosporlaliberacion.org\\\/crpmlm\\\/wp-content\\\/uploads\\\/2021\\\/08\\\/movemosMPL-Lezama.jpeg?fit=960%2C960&ssl=1\",\"articleSection\":[\"Editoriales\"],\"inLanguage\":\"es\",\"potentialAction\":[{\"@type\":\"CommentAction\",\"name\":\"Comment\",\"target\":[\"https:\\\/\\\/vamosporlaliberacion.org\\\/crpmlm\\\/el-12-09-vota-al-frente-de-todos\\\/#respond\"]}]},{\"@type\":\"WebPage\",\"@id\":\"https:\\\/\\\/vamosporlaliberacion.org\\\/crpmlm\\\/el-12-09-vota-al-frente-de-todos\\\/\",\"url\":\"https:\\\/\\\/vamosporlaliberacion.org\\\/crpmlm\\\/el-12-09-vota-al-frente-de-todos\\\/\",\"name\":\"El 12\\\/09 Vot\u00e1 al Frente de Todos - Vamos por la Liberaci\u00f3n\",\"isPartOf\":{\"@id\":\"https:\\\/\\\/vamosporlaliberacion.org\\\/crpmlm\\\/#website\"},\"primaryImageOfPage\":{\"@id\":\"https:\\\/\\\/vamosporlaliberacion.org\\\/crpmlm\\\/el-12-09-vota-al-frente-de-todos\\\/#primaryimage\"},\"image\":{\"@id\":\"https:\\\/\\\/vamosporlaliberacion.org\\\/crpmlm\\\/el-12-09-vota-al-frente-de-todos\\\/#primaryimage\"},\"thumbnailUrl\":\"https:\\\/\\\/i0.wp.com\\\/vamosporlaliberacion.org\\\/crpmlm\\\/wp-content\\\/uploads\\\/2021\\\/08\\\/movemosMPL-Lezama.jpeg?fit=960%2C960&ssl=1\",\"datePublished\":\"2021-08-26T00:34:33+00:00\",\"dateModified\":\"2021-08-26T00:50:09+00:00\",\"author\":{\"@id\":\"https:\\\/\\\/vamosporlaliberacion.org\\\/crpmlm\\\/#\\\/schema\\\/person\\\/ebdbd4bf0e9418b9f0c0a93395366b2f\"},\"description\":\"Para seguir la lucha por \\\"la vida que queremos\\\" hay que frenar a la derecha, pero tambi\u00e9n conquistar un pa\u00eds sin inflaci\u00f3n, sin latifundio ni megaminer\u00eda ni agrot\u00f3xicos, con soberan\u00eda alimentaria, sin FMI y con una matriz econ\u00f3mica independiente.\",\"breadcrumb\":{\"@id\":\"https:\\\/\\\/vamosporlaliberacion.org\\\/crpmlm\\\/el-12-09-vota-al-frente-de-todos\\\/#breadcrumb\"},\"inLanguage\":\"es\",\"potentialAction\":[{\"@type\":\"ReadAction\",\"target\":[\"https:\\\/\\\/vamosporlaliberacion.org\\\/crpmlm\\\/el-12-09-vota-al-frente-de-todos\\\/\"]}]},{\"@type\":\"ImageObject\",\"inLanguage\":\"es\",\"@id\":\"https:\\\/\\\/vamosporlaliberacion.org\\\/crpmlm\\\/el-12-09-vota-al-frente-de-todos\\\/#primaryimage\",\"url\":\"https:\\\/\\\/i0.wp.com\\\/vamosporlaliberacion.org\\\/crpmlm\\\/wp-content\\\/uploads\\\/2021\\\/08\\\/movemosMPL-Lezama.jpeg?fit=960%2C960&ssl=1\",\"contentUrl\":\"https:\\\/\\\/i0.wp.com\\\/vamosporlaliberacion.org\\\/crpmlm\\\/wp-content\\\/uploads\\\/2021\\\/08\\\/movemosMPL-Lezama.jpeg?fit=960%2C960&ssl=1\",\"width\":960,\"height\":960},{\"@type\":\"BreadcrumbList\",\"@id\":\"https:\\\/\\\/vamosporlaliberacion.org\\\/crpmlm\\\/el-12-09-vota-al-frente-de-todos\\\/#breadcrumb\",\"itemListElement\":[{\"@type\":\"ListItem\",\"position\":1,\"name\":\"Portada\",\"item\":\"https:\\\/\\\/vamosporlaliberacion.org\\\/crpmlm\\\/\"},{\"@type\":\"ListItem\",\"position\":2,\"name\":\"El 12\\\/09 Vot\u00e1 al Frente de Todos\"}]},{\"@type\":\"WebSite\",\"@id\":\"https:\\\/\\\/vamosporlaliberacion.org\\\/crpmlm\\\/#website\",\"url\":\"https:\\\/\\\/vamosporlaliberacion.org\\\/crpmlm\\\/\",\"name\":\"Vamos por la Liberaci\u00f3n\",\"description\":\"Prensa CR\",\"potentialAction\":[{\"@type\":\"SearchAction\",\"target\":{\"@type\":\"EntryPoint\",\"urlTemplate\":\"https:\\\/\\\/vamosporlaliberacion.org\\\/crpmlm\\\/?s={search_term_string}\"},\"query-input\":{\"@type\":\"PropertyValueSpecification\",\"valueRequired\":true,\"valueName\":\"search_term_string\"}}],\"inLanguage\":\"es\"},{\"@type\":\"Person\",\"@id\":\"https:\\\/\\\/vamosporlaliberacion.org\\\/crpmlm\\\/#\\\/schema\\\/person\\\/ebdbd4bf0e9418b9f0c0a93395366b2f\",\"name\":\"Prensa Vamos\",\"sameAs\":[\"http:\\\/\\\/vamposporlaliberacion.org\"],\"url\":\"http:\\\/\\\/vamosporlaliberacion.org\\\/crpmlm\\\/author\\\/editor\\\/\"}]}<\/script>\n<!-- \/ Yoast SEO plugin. -->","yoast_head_json":{"title":"El 12\/09 Vot\u00e1 al Frente de Todos - Vamos por la Liberaci\u00f3n","description":"Para seguir la lucha por \"la vida que queremos\" hay que frenar a la derecha, pero tambi\u00e9n conquistar un pa\u00eds sin inflaci\u00f3n, sin latifundio ni megaminer\u00eda ni agrot\u00f3xicos, con soberan\u00eda alimentaria, sin FMI y con una matriz econ\u00f3mica independiente.","robots":{"index":"index","follow":"follow","max-snippet":"max-snippet:-1","max-image-preview":"max-image-preview:large","max-video-preview":"max-video-preview:-1"},"canonical":"https:\/\/vamosporlaliberacion.org\/crpmlm\/el-12-09-vota-al-frente-de-todos\/","twitter_misc":{"Escrito por":"Prensa Vamos","Tiempo de lectura":"9 minutos"},"schema":{"@context":"https:\/\/schema.org","@graph":[{"@type":"Article","@id":"https:\/\/vamosporlaliberacion.org\/crpmlm\/el-12-09-vota-al-frente-de-todos\/#article","isPartOf":{"@id":"https:\/\/vamosporlaliberacion.org\/crpmlm\/el-12-09-vota-al-frente-de-todos\/"},"author":{"name":"Prensa Vamos","@id":"https:\/\/vamosporlaliberacion.org\/crpmlm\/#\/schema\/person\/ebdbd4bf0e9418b9f0c0a93395366b2f"},"headline":"El 12\/09 Vot\u00e1 al Frente de Todos","datePublished":"2021-08-26T00:34:33+00:00","dateModified":"2021-08-26T00:50:09+00:00","mainEntityOfPage":{"@id":"https:\/\/vamosporlaliberacion.org\/crpmlm\/el-12-09-vota-al-frente-de-todos\/"},"wordCount":1880,"commentCount":0,"image":{"@id":"https:\/\/vamosporlaliberacion.org\/crpmlm\/el-12-09-vota-al-frente-de-todos\/#primaryimage"},"thumbnailUrl":"https:\/\/i0.wp.com\/vamosporlaliberacion.org\/crpmlm\/wp-content\/uploads\/2021\/08\/movemosMPL-Lezama.jpeg?fit=960%2C960&ssl=1","articleSection":["Editoriales"],"inLanguage":"es","potentialAction":[{"@type":"CommentAction","name":"Comment","target":["https:\/\/vamosporlaliberacion.org\/crpmlm\/el-12-09-vota-al-frente-de-todos\/#respond"]}]},{"@type":"WebPage","@id":"https:\/\/vamosporlaliberacion.org\/crpmlm\/el-12-09-vota-al-frente-de-todos\/","url":"https:\/\/vamosporlaliberacion.org\/crpmlm\/el-12-09-vota-al-frente-de-todos\/","name":"El 12\/09 Vot\u00e1 al Frente de Todos - Vamos por la Liberaci\u00f3n","isPartOf":{"@id":"https:\/\/vamosporlaliberacion.org\/crpmlm\/#website"},"primaryImageOfPage":{"@id":"https:\/\/vamosporlaliberacion.org\/crpmlm\/el-12-09-vota-al-frente-de-todos\/#primaryimage"},"image":{"@id":"https:\/\/vamosporlaliberacion.org\/crpmlm\/el-12-09-vota-al-frente-de-todos\/#primaryimage"},"thumbnailUrl":"https:\/\/i0.wp.com\/vamosporlaliberacion.org\/crpmlm\/wp-content\/uploads\/2021\/08\/movemosMPL-Lezama.jpeg?fit=960%2C960&ssl=1","datePublished":"2021-08-26T00:34:33+00:00","dateModified":"2021-08-26T00:50:09+00:00","author":{"@id":"https:\/\/vamosporlaliberacion.org\/crpmlm\/#\/schema\/person\/ebdbd4bf0e9418b9f0c0a93395366b2f"},"description":"Para seguir la lucha por \"la vida que queremos\" hay que frenar a la derecha, pero tambi\u00e9n conquistar un pa\u00eds sin inflaci\u00f3n, sin latifundio ni megaminer\u00eda ni agrot\u00f3xicos, con soberan\u00eda alimentaria, sin FMI y con una matriz econ\u00f3mica independiente.","breadcrumb":{"@id":"https:\/\/vamosporlaliberacion.org\/crpmlm\/el-12-09-vota-al-frente-de-todos\/#breadcrumb"},"inLanguage":"es","potentialAction":[{"@type":"ReadAction","target":["https:\/\/vamosporlaliberacion.org\/crpmlm\/el-12-09-vota-al-frente-de-todos\/"]}]},{"@type":"ImageObject","inLanguage":"es","@id":"https:\/\/vamosporlaliberacion.org\/crpmlm\/el-12-09-vota-al-frente-de-todos\/#primaryimage","url":"https:\/\/i0.wp.com\/vamosporlaliberacion.org\/crpmlm\/wp-content\/uploads\/2021\/08\/movemosMPL-Lezama.jpeg?fit=960%2C960&ssl=1","contentUrl":"https:\/\/i0.wp.com\/vamosporlaliberacion.org\/crpmlm\/wp-content\/uploads\/2021\/08\/movemosMPL-Lezama.jpeg?fit=960%2C960&ssl=1","width":960,"height":960},{"@type":"BreadcrumbList","@id":"https:\/\/vamosporlaliberacion.org\/crpmlm\/el-12-09-vota-al-frente-de-todos\/#breadcrumb","itemListElement":[{"@type":"ListItem","position":1,"name":"Portada","item":"https:\/\/vamosporlaliberacion.org\/crpmlm\/"},{"@type":"ListItem","position":2,"name":"El 12\/09 Vot\u00e1 al Frente de Todos"}]},{"@type":"WebSite","@id":"https:\/\/vamosporlaliberacion.org\/crpmlm\/#website","url":"https:\/\/vamosporlaliberacion.org\/crpmlm\/","name":"Vamos por la Liberaci\u00f3n","description":"Prensa CR","potentialAction":[{"@type":"SearchAction","target":{"@type":"EntryPoint","urlTemplate":"https:\/\/vamosporlaliberacion.org\/crpmlm\/?s={search_term_string}"},"query-input":{"@type":"PropertyValueSpecification","valueRequired":true,"valueName":"search_term_string"}}],"inLanguage":"es"},{"@type":"Person","@id":"https:\/\/vamosporlaliberacion.org\/crpmlm\/#\/schema\/person\/ebdbd4bf0e9418b9f0c0a93395366b2f","name":"Prensa Vamos","sameAs":["http:\/\/vamposporlaliberacion.org"],"url":"http:\/\/vamosporlaliberacion.org\/crpmlm\/author\/editor\/"}]}},"jetpack_featured_media_url":"https:\/\/i0.wp.com\/vamosporlaliberacion.org\/crpmlm\/wp-content\/uploads\/2021\/08\/movemosMPL-Lezama.jpeg?fit=960%2C960&ssl=1","jetpack_sharing_enabled":true,"_links":{"self":[{"href":"http:\/\/vamosporlaliberacion.org\/crpmlm\/wp-json\/wp\/v2\/posts\/24303","targetHints":{"allow":["GET"]}}],"collection":[{"href":"http:\/\/vamosporlaliberacion.org\/crpmlm\/wp-json\/wp\/v2\/posts"}],"about":[{"href":"http:\/\/vamosporlaliberacion.org\/crpmlm\/wp-json\/wp\/v2\/types\/post"}],"author":[{"embeddable":true,"href":"http:\/\/vamosporlaliberacion.org\/crpmlm\/wp-json\/wp\/v2\/users\/9"}],"replies":[{"embeddable":true,"href":"http:\/\/vamosporlaliberacion.org\/crpmlm\/wp-json\/wp\/v2\/comments?post=24303"}],"version-history":[{"count":3,"href":"http:\/\/vamosporlaliberacion.org\/crpmlm\/wp-json\/wp\/v2\/posts\/24303\/revisions"}],"predecessor-version":[{"id":24310,"href":"http:\/\/vamosporlaliberacion.org\/crpmlm\/wp-json\/wp\/v2\/posts\/24303\/revisions\/24310"}],"wp:featuredmedia":[{"embeddable":true,"href":"http:\/\/vamosporlaliberacion.org\/crpmlm\/wp-json\/wp\/v2\/media\/24305"}],"wp:attachment":[{"href":"http:\/\/vamosporlaliberacion.org\/crpmlm\/wp-json\/wp\/v2\/media?parent=24303"}],"wp:term":[{"taxonomy":"category","embeddable":true,"href":"http:\/\/vamosporlaliberacion.org\/crpmlm\/wp-json\/wp\/v2\/categories?post=24303"},{"taxonomy":"post_tag","embeddable":true,"href":"http:\/\/vamosporlaliberacion.org\/crpmlm\/wp-json\/wp\/v2\/tags?post=24303"}],"curies":[{"name":"wp","href":"https:\/\/api.w.org\/{rel}","templated":true}]}}