{"id":23549,"date":"2021-04-02T12:14:59","date_gmt":"2021-04-02T15:14:59","guid":{"rendered":"http:\/\/vamosporlaliberacion.org\/crpmlm\/?p=23549"},"modified":"2021-04-02T12:15:09","modified_gmt":"2021-04-02T15:15:09","slug":"malvinas-y-la-lucha-contra-la-dependencia","status":"publish","type":"post","link":"http:\/\/vamosporlaliberacion.org\/crpmlm\/malvinas-y-la-lucha-contra-la-dependencia\/","title":{"rendered":"Malvinas y la lucha contra la dependencia"},"content":{"rendered":"\n<p><strong>A 39 a\u00f1os de su recuperaci\u00f3n<\/strong>.<\/p>\n\n\n\n<p>Este nuevo aniversario de la recuperaci\u00f3n para la soberan\u00eda argentina de las Islas Malvinas, Georgias del Sur, Sandwich del Sur se da en el escenario de pandemia que golpea a los pueblos del mundo. Un escenario donde se han puesto de manifiesto la cat\u00e1strofe que conllevan las pol\u00edticas que destruyen los ecosistemas, arrasan con los recursos naturales empujando brutalmente a los pueblos a la miseria y el despojo. Los pa\u00edses dependientes y semi-coloniales son brutalmente golpeados por la guerra imperialista esta vez graficadas en el control y comercio de las vacunas contra el Covid-19.<br>As\u00ed podemos ver como un pu\u00f1ado de laboratorios controlan la vida y la muerte de miles de millones en el mundo. Laboratorios controlados por los Estados imperialistas que chantajean para otorgarlas a aquellos pa\u00edses que no tienen la posibilidad de su elaboraci\u00f3n por el lugar que ocupan en el reparto internacional al que fueron empujados, la mayor\u00eda productores de materias primas y alimentos. Los pa\u00edses dependientes no solo pagamos caro esta condici\u00f3n en materia de la econom\u00eda y el desarrollo nacional, sino que tambi\u00e9n tenemos parte de nuestro territorio ocupado como lo hace el Reino Unido con nuestras Islas o China con su base militar en Neuqu\u00e9n.<\/p>\n\n\n\n<p>La soberan\u00eda sigue estando en juego permanentemente y ha sido desafiada d\u00edas pasados por el Primer Ministro Brit\u00e1nico, Boris Johnson, al amenazar a nuestro pa\u00eds en la presentaci\u00f3n de su nueva estrategia para la seguridad y la pol\u00edtica exterior que contiene duras advertencias de uso de la fuerza militar para defender su ocupaci\u00f3n de territorios de ultramar, entre ellos las Islas&nbsp;Malvinas. El plan estrat\u00e9gico, de cien p\u00e1ginas presentado al Parlamento, establece que las Fuerzas Armadas deben estar listas para actuar en defensa de cualquiera de los 14 territorios de ultramar que Reino Unido usurpa.<\/p>\n\n\n\n<p>Es necesario recordar que el gobierno de Juntos por el Cambio, encabezado por Macri, en campa\u00f1a electoral se gan\u00f3 a un sector del electorado hablando sobre Malvinas y su firmeza con la que defender\u00eda la soberan\u00eda en los foros internacionales al igual que las pol\u00edticas que beneficiar\u00edan a los ex combatientes. Ocurri\u00f3 lo contrario cuando gobernaron, ya que cedieron a presiones y dej\u00f3 de reclamar por la soberan\u00eda en las Islas, tambi\u00e9n habilit\u00f3 los ejercicios militares en Mar Argentino, derog\u00f3 leyes que beneficiaban a los ex combatientes y fue responsable directo de la muerte de los 44 marinos muertos en el hundimiento del ARA San Juan, quienes controlaban los movimientos de los buques militares y depredadores de nuestra riqueza mar\u00edtima.<\/p>\n\n\n\n<p>Este 2 de abril, la soberan\u00eda se defiende reafirmando nuestros derechos soberanos sobre nuestros territorios exigiendo el retiro de toda fuerzas civiles y militares de colonizaci\u00f3n, y homenajeando a los que fueron a dar la vida por nuestra tierra, recordando y honrando a quienes quedaron en las islas y abrazando y amparando con pol\u00edticas p\u00fablicas a los ex combatientes que regresaron.<\/p>\n\n\n\n<p>Tambi\u00e9n esta gesta antiimperialista, pone de manifiesto que es necesario avanzar r\u00e1pidamente en pol\u00edticas soberanas que achiquen la distancia en la lucha por terminar con la dependencia. Es necesario construir soberan\u00eda\u201d declarando de inter\u00e9s p\u00fablico la fabricaci\u00f3n de la vacuna contra el Covid-19 AstraZeneca bajo direcci\u00f3n y control estatal.<br>Construir soberan\u00eda derogando el decreto 949\/20 y avanzar hacia la estatizaci\u00f3n de la Hidrov\u00eda, hoy bajo el control de monopolios internacionales. Construir soberan\u00eda avanzando en la estatizaci\u00f3n con control ciudadano de la energ\u00eda, la banca y el comercio exterior. Construir soberan\u00eda, suspendiendo los pagos al FMI y juzgando a los responsables de esa estafa hist\u00f3rica al pueblo argentino.<\/p>\n\n\n\n<p>As\u00ed tendremos m\u00e1s cerca a nuestras Malvinas, Georgias del Sur y Sandwich del Sur, y en la lucha por la liberaci\u00f3n nacional y social emprenderemos la marcha con la fuerza del pueblo para recuperarlas.<\/p>\n<!-- AddThis Advanced Settings generic via filter on the_content --><!-- AddThis Share Buttons generic via filter on the_content -->","protected":false},"excerpt":{"rendered":"<p>A 39 a\u00f1os de su recuperaci\u00f3n. Este nuevo aniversario de la recuperaci\u00f3n para la soberan\u00eda argentina de las Islas Malvinas, Georgias del Sur, Sandwich del Sur se da en el escenario de pandemia que golpea a los pueblos del mundo. Un escenario donde se han puesto de manifiesto la cat\u00e1strofe que conllevan las pol\u00edticas que [&hellip;]<!-- AddThis Advanced Settings generic via filter on get_the_excerpt --><!-- AddThis Share Buttons generic via filter on get_the_excerpt --><\/p>\n","protected":false},"author":9,"featured_media":23550,"comment_status":"open","ping_status":"open","sticky":false,"template":"","format":"standard","meta":{"_jetpack_memberships_contains_paid_content":false,"footnotes":""},"categories":[1699],"tags":[817],"class_list":{"0":"post-23549","1":"post","2":"type-post","3":"status-publish","4":"format-standard","5":"has-post-thumbnail","7":"category-noticias","8":"tag-malvinas-argentinas"},"yoast_head":"<!-- This site is optimized with the Yoast SEO plugin v27.4 - https:\/\/yoast.com\/product\/yoast-seo-wordpress\/ -->\n<title>Malvinas y la lucha contra la dependencia - Vamos por la Liberaci\u00f3n<\/title>\n<meta name=\"robots\" content=\"index, follow, max-snippet:-1, max-image-preview:large, max-video-preview:-1\" \/>\n<link rel=\"canonical\" href=\"https:\/\/vamosporlaliberacion.org\/crpmlm\/malvinas-y-la-lucha-contra-la-dependencia\/\" \/>\n<meta name=\"twitter:label1\" content=\"Escrito por\" \/>\n\t<meta name=\"twitter:data1\" content=\"Prensa Vamos\" \/>\n\t<meta name=\"twitter:label2\" content=\"Tiempo de lectura\" \/>\n\t<meta name=\"twitter:data2\" content=\"3 minutos\" \/>\n<script type=\"application\/ld+json\" class=\"yoast-schema-graph\">{\"@context\":\"https:\\\/\\\/schema.org\",\"@graph\":[{\"@type\":\"Article\",\"@id\":\"https:\\\/\\\/vamosporlaliberacion.org\\\/crpmlm\\\/malvinas-y-la-lucha-contra-la-dependencia\\\/#article\",\"isPartOf\":{\"@id\":\"https:\\\/\\\/vamosporlaliberacion.org\\\/crpmlm\\\/malvinas-y-la-lucha-contra-la-dependencia\\\/\"},\"author\":{\"name\":\"Prensa Vamos\",\"@id\":\"https:\\\/\\\/vamosporlaliberacion.org\\\/crpmlm\\\/#\\\/schema\\\/person\\\/ebdbd4bf0e9418b9f0c0a93395366b2f\"},\"headline\":\"Malvinas y la lucha contra la dependencia\",\"datePublished\":\"2021-04-02T15:14:59+00:00\",\"dateModified\":\"2021-04-02T15:15:09+00:00\",\"mainEntityOfPage\":{\"@id\":\"https:\\\/\\\/vamosporlaliberacion.org\\\/crpmlm\\\/malvinas-y-la-lucha-contra-la-dependencia\\\/\"},\"wordCount\":682,\"commentCount\":0,\"image\":{\"@id\":\"https:\\\/\\\/vamosporlaliberacion.org\\\/crpmlm\\\/malvinas-y-la-lucha-contra-la-dependencia\\\/#primaryimage\"},\"thumbnailUrl\":\"https:\\\/\\\/i0.wp.com\\\/vamosporlaliberacion.org\\\/crpmlm\\\/wp-content\\\/uploads\\\/2021\\\/04\\\/IMG_20210402_120455_794.jpg?fit=1280%2C704&ssl=1\",\"keywords\":[\"Malvinas Argentinas\"],\"articleSection\":[\"Noticias\"],\"inLanguage\":\"es\",\"potentialAction\":[{\"@type\":\"CommentAction\",\"name\":\"Comment\",\"target\":[\"https:\\\/\\\/vamosporlaliberacion.org\\\/crpmlm\\\/malvinas-y-la-lucha-contra-la-dependencia\\\/#respond\"]}]},{\"@type\":\"WebPage\",\"@id\":\"https:\\\/\\\/vamosporlaliberacion.org\\\/crpmlm\\\/malvinas-y-la-lucha-contra-la-dependencia\\\/\",\"url\":\"https:\\\/\\\/vamosporlaliberacion.org\\\/crpmlm\\\/malvinas-y-la-lucha-contra-la-dependencia\\\/\",\"name\":\"Malvinas y la lucha contra la dependencia - Vamos por la Liberaci\u00f3n\",\"isPartOf\":{\"@id\":\"https:\\\/\\\/vamosporlaliberacion.org\\\/crpmlm\\\/#website\"},\"primaryImageOfPage\":{\"@id\":\"https:\\\/\\\/vamosporlaliberacion.org\\\/crpmlm\\\/malvinas-y-la-lucha-contra-la-dependencia\\\/#primaryimage\"},\"image\":{\"@id\":\"https:\\\/\\\/vamosporlaliberacion.org\\\/crpmlm\\\/malvinas-y-la-lucha-contra-la-dependencia\\\/#primaryimage\"},\"thumbnailUrl\":\"https:\\\/\\\/i0.wp.com\\\/vamosporlaliberacion.org\\\/crpmlm\\\/wp-content\\\/uploads\\\/2021\\\/04\\\/IMG_20210402_120455_794.jpg?fit=1280%2C704&ssl=1\",\"datePublished\":\"2021-04-02T15:14:59+00:00\",\"dateModified\":\"2021-04-02T15:15:09+00:00\",\"author\":{\"@id\":\"https:\\\/\\\/vamosporlaliberacion.org\\\/crpmlm\\\/#\\\/schema\\\/person\\\/ebdbd4bf0e9418b9f0c0a93395366b2f\"},\"breadcrumb\":{\"@id\":\"https:\\\/\\\/vamosporlaliberacion.org\\\/crpmlm\\\/malvinas-y-la-lucha-contra-la-dependencia\\\/#breadcrumb\"},\"inLanguage\":\"es\",\"potentialAction\":[{\"@type\":\"ReadAction\",\"target\":[\"https:\\\/\\\/vamosporlaliberacion.org\\\/crpmlm\\\/malvinas-y-la-lucha-contra-la-dependencia\\\/\"]}]},{\"@type\":\"ImageObject\",\"inLanguage\":\"es\",\"@id\":\"https:\\\/\\\/vamosporlaliberacion.org\\\/crpmlm\\\/malvinas-y-la-lucha-contra-la-dependencia\\\/#primaryimage\",\"url\":\"https:\\\/\\\/i0.wp.com\\\/vamosporlaliberacion.org\\\/crpmlm\\\/wp-content\\\/uploads\\\/2021\\\/04\\\/IMG_20210402_120455_794.jpg?fit=1280%2C704&ssl=1\",\"contentUrl\":\"https:\\\/\\\/i0.wp.com\\\/vamosporlaliberacion.org\\\/crpmlm\\\/wp-content\\\/uploads\\\/2021\\\/04\\\/IMG_20210402_120455_794.jpg?fit=1280%2C704&ssl=1\",\"width\":1280,\"height\":704},{\"@type\":\"BreadcrumbList\",\"@id\":\"https:\\\/\\\/vamosporlaliberacion.org\\\/crpmlm\\\/malvinas-y-la-lucha-contra-la-dependencia\\\/#breadcrumb\",\"itemListElement\":[{\"@type\":\"ListItem\",\"position\":1,\"name\":\"Portada\",\"item\":\"https:\\\/\\\/vamosporlaliberacion.org\\\/crpmlm\\\/\"},{\"@type\":\"ListItem\",\"position\":2,\"name\":\"Malvinas y la lucha contra la dependencia\"}]},{\"@type\":\"WebSite\",\"@id\":\"https:\\\/\\\/vamosporlaliberacion.org\\\/crpmlm\\\/#website\",\"url\":\"https:\\\/\\\/vamosporlaliberacion.org\\\/crpmlm\\\/\",\"name\":\"Vamos por la Liberaci\u00f3n\",\"description\":\"Prensa CR\",\"potentialAction\":[{\"@type\":\"SearchAction\",\"target\":{\"@type\":\"EntryPoint\",\"urlTemplate\":\"https:\\\/\\\/vamosporlaliberacion.org\\\/crpmlm\\\/?s={search_term_string}\"},\"query-input\":{\"@type\":\"PropertyValueSpecification\",\"valueRequired\":true,\"valueName\":\"search_term_string\"}}],\"inLanguage\":\"es\"},{\"@type\":\"Person\",\"@id\":\"https:\\\/\\\/vamosporlaliberacion.org\\\/crpmlm\\\/#\\\/schema\\\/person\\\/ebdbd4bf0e9418b9f0c0a93395366b2f\",\"name\":\"Prensa Vamos\",\"sameAs\":[\"http:\\\/\\\/vamposporlaliberacion.org\"],\"url\":\"http:\\\/\\\/vamosporlaliberacion.org\\\/crpmlm\\\/author\\\/editor\\\/\"}]}<\/script>\n<!-- \/ Yoast SEO plugin. -->","yoast_head_json":{"title":"Malvinas y la lucha contra la dependencia - Vamos por la Liberaci\u00f3n","robots":{"index":"index","follow":"follow","max-snippet":"max-snippet:-1","max-image-preview":"max-image-preview:large","max-video-preview":"max-video-preview:-1"},"canonical":"https:\/\/vamosporlaliberacion.org\/crpmlm\/malvinas-y-la-lucha-contra-la-dependencia\/","twitter_misc":{"Escrito por":"Prensa Vamos","Tiempo de lectura":"3 minutos"},"schema":{"@context":"https:\/\/schema.org","@graph":[{"@type":"Article","@id":"https:\/\/vamosporlaliberacion.org\/crpmlm\/malvinas-y-la-lucha-contra-la-dependencia\/#article","isPartOf":{"@id":"https:\/\/vamosporlaliberacion.org\/crpmlm\/malvinas-y-la-lucha-contra-la-dependencia\/"},"author":{"name":"Prensa Vamos","@id":"https:\/\/vamosporlaliberacion.org\/crpmlm\/#\/schema\/person\/ebdbd4bf0e9418b9f0c0a93395366b2f"},"headline":"Malvinas y la lucha contra la dependencia","datePublished":"2021-04-02T15:14:59+00:00","dateModified":"2021-04-02T15:15:09+00:00","mainEntityOfPage":{"@id":"https:\/\/vamosporlaliberacion.org\/crpmlm\/malvinas-y-la-lucha-contra-la-dependencia\/"},"wordCount":682,"commentCount":0,"image":{"@id":"https:\/\/vamosporlaliberacion.org\/crpmlm\/malvinas-y-la-lucha-contra-la-dependencia\/#primaryimage"},"thumbnailUrl":"https:\/\/i0.wp.com\/vamosporlaliberacion.org\/crpmlm\/wp-content\/uploads\/2021\/04\/IMG_20210402_120455_794.jpg?fit=1280%2C704&ssl=1","keywords":["Malvinas Argentinas"],"articleSection":["Noticias"],"inLanguage":"es","potentialAction":[{"@type":"CommentAction","name":"Comment","target":["https:\/\/vamosporlaliberacion.org\/crpmlm\/malvinas-y-la-lucha-contra-la-dependencia\/#respond"]}]},{"@type":"WebPage","@id":"https:\/\/vamosporlaliberacion.org\/crpmlm\/malvinas-y-la-lucha-contra-la-dependencia\/","url":"https:\/\/vamosporlaliberacion.org\/crpmlm\/malvinas-y-la-lucha-contra-la-dependencia\/","name":"Malvinas y la lucha contra la dependencia - Vamos por la Liberaci\u00f3n","isPartOf":{"@id":"https:\/\/vamosporlaliberacion.org\/crpmlm\/#website"},"primaryImageOfPage":{"@id":"https:\/\/vamosporlaliberacion.org\/crpmlm\/malvinas-y-la-lucha-contra-la-dependencia\/#primaryimage"},"image":{"@id":"https:\/\/vamosporlaliberacion.org\/crpmlm\/malvinas-y-la-lucha-contra-la-dependencia\/#primaryimage"},"thumbnailUrl":"https:\/\/i0.wp.com\/vamosporlaliberacion.org\/crpmlm\/wp-content\/uploads\/2021\/04\/IMG_20210402_120455_794.jpg?fit=1280%2C704&ssl=1","datePublished":"2021-04-02T15:14:59+00:00","dateModified":"2021-04-02T15:15:09+00:00","author":{"@id":"https:\/\/vamosporlaliberacion.org\/crpmlm\/#\/schema\/person\/ebdbd4bf0e9418b9f0c0a93395366b2f"},"breadcrumb":{"@id":"https:\/\/vamosporlaliberacion.org\/crpmlm\/malvinas-y-la-lucha-contra-la-dependencia\/#breadcrumb"},"inLanguage":"es","potentialAction":[{"@type":"ReadAction","target":["https:\/\/vamosporlaliberacion.org\/crpmlm\/malvinas-y-la-lucha-contra-la-dependencia\/"]}]},{"@type":"ImageObject","inLanguage":"es","@id":"https:\/\/vamosporlaliberacion.org\/crpmlm\/malvinas-y-la-lucha-contra-la-dependencia\/#primaryimage","url":"https:\/\/i0.wp.com\/vamosporlaliberacion.org\/crpmlm\/wp-content\/uploads\/2021\/04\/IMG_20210402_120455_794.jpg?fit=1280%2C704&ssl=1","contentUrl":"https:\/\/i0.wp.com\/vamosporlaliberacion.org\/crpmlm\/wp-content\/uploads\/2021\/04\/IMG_20210402_120455_794.jpg?fit=1280%2C704&ssl=1","width":1280,"height":704},{"@type":"BreadcrumbList","@id":"https:\/\/vamosporlaliberacion.org\/crpmlm\/malvinas-y-la-lucha-contra-la-dependencia\/#breadcrumb","itemListElement":[{"@type":"ListItem","position":1,"name":"Portada","item":"https:\/\/vamosporlaliberacion.org\/crpmlm\/"},{"@type":"ListItem","position":2,"name":"Malvinas y la lucha contra la dependencia"}]},{"@type":"WebSite","@id":"https:\/\/vamosporlaliberacion.org\/crpmlm\/#website","url":"https:\/\/vamosporlaliberacion.org\/crpmlm\/","name":"Vamos por la Liberaci\u00f3n","description":"Prensa CR","potentialAction":[{"@type":"SearchAction","target":{"@type":"EntryPoint","urlTemplate":"https:\/\/vamosporlaliberacion.org\/crpmlm\/?s={search_term_string}"},"query-input":{"@type":"PropertyValueSpecification","valueRequired":true,"valueName":"search_term_string"}}],"inLanguage":"es"},{"@type":"Person","@id":"https:\/\/vamosporlaliberacion.org\/crpmlm\/#\/schema\/person\/ebdbd4bf0e9418b9f0c0a93395366b2f","name":"Prensa Vamos","sameAs":["http:\/\/vamposporlaliberacion.org"],"url":"http:\/\/vamosporlaliberacion.org\/crpmlm\/author\/editor\/"}]}},"jetpack_featured_media_url":"https:\/\/i0.wp.com\/vamosporlaliberacion.org\/crpmlm\/wp-content\/uploads\/2021\/04\/IMG_20210402_120455_794.jpg?fit=1280%2C704&ssl=1","jetpack_sharing_enabled":true,"_links":{"self":[{"href":"http:\/\/vamosporlaliberacion.org\/crpmlm\/wp-json\/wp\/v2\/posts\/23549","targetHints":{"allow":["GET"]}}],"collection":[{"href":"http:\/\/vamosporlaliberacion.org\/crpmlm\/wp-json\/wp\/v2\/posts"}],"about":[{"href":"http:\/\/vamosporlaliberacion.org\/crpmlm\/wp-json\/wp\/v2\/types\/post"}],"author":[{"embeddable":true,"href":"http:\/\/vamosporlaliberacion.org\/crpmlm\/wp-json\/wp\/v2\/users\/9"}],"replies":[{"embeddable":true,"href":"http:\/\/vamosporlaliberacion.org\/crpmlm\/wp-json\/wp\/v2\/comments?post=23549"}],"version-history":[{"count":1,"href":"http:\/\/vamosporlaliberacion.org\/crpmlm\/wp-json\/wp\/v2\/posts\/23549\/revisions"}],"predecessor-version":[{"id":23551,"href":"http:\/\/vamosporlaliberacion.org\/crpmlm\/wp-json\/wp\/v2\/posts\/23549\/revisions\/23551"}],"wp:featuredmedia":[{"embeddable":true,"href":"http:\/\/vamosporlaliberacion.org\/crpmlm\/wp-json\/wp\/v2\/media\/23550"}],"wp:attachment":[{"href":"http:\/\/vamosporlaliberacion.org\/crpmlm\/wp-json\/wp\/v2\/media?parent=23549"}],"wp:term":[{"taxonomy":"category","embeddable":true,"href":"http:\/\/vamosporlaliberacion.org\/crpmlm\/wp-json\/wp\/v2\/categories?post=23549"},{"taxonomy":"post_tag","embeddable":true,"href":"http:\/\/vamosporlaliberacion.org\/crpmlm\/wp-json\/wp\/v2\/tags?post=23549"}],"curies":[{"name":"wp","href":"https:\/\/api.w.org\/{rel}","templated":true}]}}