{"id":23326,"date":"2021-03-04T11:22:12","date_gmt":"2021-03-04T14:22:12","guid":{"rendered":"http:\/\/vamosporlaliberacion.org\/crpmlm\/?p=23326"},"modified":"2021-03-04T13:08:18","modified_gmt":"2021-03-04T16:08:18","slug":"que-la-deuda-la-paguen-los-que-la-fugaron","status":"publish","type":"post","link":"http:\/\/vamosporlaliberacion.org\/crpmlm\/que-la-deuda-la-paguen-los-que-la-fugaron\/","title":{"rendered":"Que la deuda la paguen los que la fugaron"},"content":{"rendered":"\n<p>En su discurso ante el Congreso de la Naci\u00f3n, el Presidente Alberto Fern\u00e1ndez sali\u00f3 con los tapones de punta con anuncios en la direcci\u00f3n correcta, como querellar de manera criminal a los responsables del endeudamiento con el FMI del gobierno de Juntos por el Cambio y avanzar sobre la reforma judicial, cuestionando a la Corte Suprema y fiscales como Stornelli, estandarte de la oposici\u00f3n.<\/p>\n\n\n\n<div class=\"wp-block-image\"><figure class=\"aligncenter size-large is-resized\"><img data-recalc-dims=\"1\" loading=\"lazy\" decoding=\"async\" src=\"https:\/\/i0.wp.com\/vamosporlaliberacion.org\/crpmlm\/wp-content\/uploads\/2021\/03\/AlbertoCongreso1-3-21-700x427.jpg?resize=430%2C262\" alt=\"\" class=\"wp-image-23323\" width=\"430\" height=\"262\" srcset=\"https:\/\/i0.wp.com\/vamosporlaliberacion.org\/crpmlm\/wp-content\/uploads\/2021\/03\/AlbertoCongreso1-3-21.jpg?resize=700%2C427&amp;ssl=1 700w, https:\/\/i0.wp.com\/vamosporlaliberacion.org\/crpmlm\/wp-content\/uploads\/2021\/03\/AlbertoCongreso1-3-21.jpg?resize=300%2C183&amp;ssl=1 300w, https:\/\/i0.wp.com\/vamosporlaliberacion.org\/crpmlm\/wp-content\/uploads\/2021\/03\/AlbertoCongreso1-3-21.jpg?resize=768%2C468&amp;ssl=1 768w, https:\/\/i0.wp.com\/vamosporlaliberacion.org\/crpmlm\/wp-content\/uploads\/2021\/03\/AlbertoCongreso1-3-21.jpg?resize=150%2C91&amp;ssl=1 150w, https:\/\/i0.wp.com\/vamosporlaliberacion.org\/crpmlm\/wp-content\/uploads\/2021\/03\/AlbertoCongreso1-3-21.jpg?resize=696%2C424&amp;ssl=1 696w, https:\/\/i0.wp.com\/vamosporlaliberacion.org\/crpmlm\/wp-content\/uploads\/2021\/03\/AlbertoCongreso1-3-21.jpg?resize=1068%2C651&amp;ssl=1 1068w, https:\/\/i0.wp.com\/vamosporlaliberacion.org\/crpmlm\/wp-content\/uploads\/2021\/03\/AlbertoCongreso1-3-21.jpg?resize=689%2C420&amp;ssl=1 689w, https:\/\/i0.wp.com\/vamosporlaliberacion.org\/crpmlm\/wp-content\/uploads\/2021\/03\/AlbertoCongreso1-3-21.jpg?w=1500&amp;ssl=1 1500w, https:\/\/i0.wp.com\/vamosporlaliberacion.org\/crpmlm\/wp-content\/uploads\/2021\/03\/AlbertoCongreso1-3-21.jpg?w=1392&amp;ssl=1 1392w\" sizes=\"auto, (max-width: 430px) 100vw, 430px\" \/><\/figure><\/div>\n\n\n\n<p>Tambi\u00e9n anunci\u00f3 otras medidas positivas en lo econ\u00f3mico y social, como la desdolarizaci\u00f3n de las tarifas de los servicios p\u00fablicos. Si bien anunci\u00f3 el fin del congelamiento de tarifas con un nuevo paquete de aumentos en los servicios de comunicaciones.<\/p>\n\n\n\n<p>De esta manera, el gobierno retoma la iniciativa despu\u00e9s del golpe pol\u00edtico por el \u201cvacunatorio VIP\u201d y aprovecha la aberraci\u00f3n de la oposici\u00f3n con las bolsas mortuorias en la vereda de la Casa Rosada.<\/p>\n\n\n\n<p>La descripci\u00f3n por parte del Presidente de las acciones de gobierno del Frente de Todos en el a\u00f1o que pas\u00f3, desnuda la pol\u00edtica neoliberal de Juntos por el Cambio que sumergi\u00f3 en la pobreza y el hambre al pueblo y endeud\u00f3 al pa\u00eds por generaciones. El macrismo destruy\u00f3 el sistema de salud p\u00fablica, rebaj\u00f3 a secretar\u00eda el Ministerio y destruy\u00f3 decenas de programas que estaban destinados al pueblo.<\/p>\n\n\n\n<p>Pero el desaf\u00edo m\u00e1s claro qued\u00f3 marcado alrededor de la Deuda Externa contra\u00edda por el macrismo y la reforma judicial. Esto descoloc\u00f3 a la oposici\u00f3n que sali\u00f3 a denigrar el discurso del presidente.<\/p>\n\n\n\n<p>Claramente Alberto inaugura un a\u00f1o electoral y un nuevo per\u00edodo pol\u00edtico de gran confrontaci\u00f3n con una oposici\u00f3n liderada por los sectores que buscan parecerse a Bolsonaro y a Trump.<\/p>\n\n\n\n<p><strong>Deuda: las estafas no se renegocian, que la paguen los que la fugaron<\/strong><\/p>\n\n\n\n<p>\u0093Se trata de un endeudamiento singular por los montos y por los plazos de Repago (&#8230;) <strong>A una Argentina en absoluto default, el Fondo Monetario Internacional le adjudic\u00f3 un pr\u00e9stamo de 55.000 millones de d\u00f3lares.<\/strong> De esa cifra se desembolsaron 44.000 millones de d\u00f3lares que solo sirvieron para facilitar la salida del mercado financiero argentino de capitales especulativos con la absoluta anuencia de las autoridades de entonces. Ese monto adeudado, seg\u00fan lo acordado por el gobierno que nos precedi\u00f3, debe ser pagado en cuatro a\u00f1os. Este a\u00f1o, la deuda a pagar es de 3.826 millones de d\u00f3lares. En 2022 esa cifra aumenta a 18.092 millones de d\u00f3lares. El a\u00f1o subsiguiente el monto asciende a 19.186 millones de d\u00f3lares. Reci\u00e9n en 2024 el pago de la deuda se cancela abonando 4.921 millones de d\u00f3lares\u201d, sostuvo Alberto Fern\u00e1ndez.<\/p>\n\n\n\n<p>\u0093Endeudar al pa\u00eds de ese modo, permitir que los recursos que ingresaron solo hayan posibilitado la m\u00e1s asombrosa fuga de divisas que nuestra historia registra y que la toma de semejante cr\u00e9dito haya sido resuelta entre gallos y media noche, sin intervenciones jur\u00eddicas y t\u00e9cnicas previas, con total irresponsabilidad y a espaldas de este Congreso Nacional, no puede ser visto de otro modo que no sea una administraci\u00f3n fraudulenta y una malversaci\u00f3n de caudales p\u00fablicos como nunca antes hab\u00edamos registrado\u201d, concluy\u00f3. Afirmando: <strong>\u0093\u201dPor eso, he instruido a las autoridades pertinentes para que formalmente inicien querella criminal tendiente a determinar qui\u00e9nes han sido los autores y part\u00edcipes de la mayor administraci\u00f3n fraudulenta y de la mayor malversaci\u00f3n de caudales que nuestra memoria registra\u0094\u201d.<\/strong><\/p>\n\n\n\n<p>Sin lugar a dudas estas verdades sonaron como un estruendo en el recinto del Congreso y agarraron mal parada a la oposici\u00f3n que s\u00f3lo atin\u00f3 a murmurar su odio en voz alta.<\/p>\n\n\n\n<p><strong>Estas verdades descriptas por el Presidente desnudan una de las p\u00e1ginas m\u00e1s dantescas y descaradas que se recuerde en el pa\u00eds y el mundo en cuanto a deuda se refiere.<\/strong><\/p>\n\n\n\n<p>La misma noche despu\u00e9s del discurso presidencial, desde las cloacas de <em>Clar\u00edn<\/em> y <em>La Naci\u00f3n<\/em> estimularon un cacerolazo contra las palabras vertidas por Fern\u00e1ndez. Esta medida anunciada coincide en la direcci\u00f3n que viene denunciando la \u0093Autoconvocatoria por la suspensi\u00f3n e investigaci\u00f3n de la Deuda\u0094 encabezada por P\u00e9rez Esquivel y Nora Corti\u00f1as.<strong> Pero hay que decir que para que surta efecto pr\u00e1ctico y coherencia, debe ir indefectiblemente acompa\u00f1ada <\/strong><strong>por la suspensi\u00f3n de los pagos<\/strong><strong> de una deuda que est\u00e1 se\u00f1alada por el propio presidente como criminal.<\/strong><\/p>\n\n\n\n<p>El anuncio del Presidente abre la perspectiva de juzgar criminalmente a los responsables, pero ser\u00eda s\u00f3lo un instrumento para \u0093mejorar la renegociaci\u00f3n con el FMI\u201d si no se suspenden los pagos de esa deuda fraudulenta y de malversaci\u00f3n de caudales p\u00fablicos.<strong> \u00a1Ahora hay que ir a fondo con el pueblo movilizado! No se puede renegociar una estafa.<\/strong><\/p>\n\n\n\n<p><strong>La Constituci\u00f3n Nacional tiene en la \u0093Consulta Popular\u0094 un instrumento leg\u00edtimo para hacer protagonista al pueblo en temas cruciales como el de la Deuda<\/strong>. Esta iniciativa es apta para saber si la voluntad popular es suspender los pagos de la deuda mientras se investiga la denuncia de malversaci\u00f3n de fondos presentada por el Presidente.<\/p>\n\n\n\n<p><strong>La reforma judicial<\/strong><\/p>\n\n\n\n<p>\u201c<strong>(\u0085) parecen vivir en las m\u00e1rgenes del sistema republicano\u0094\u201d <\/strong>sostuvo Alberto.<\/p>\n\n\n\n<p>Y exhort\u00f3 a la C\u00e1mara de Diputados a que avance en el tratamiento de la reforma judicial, que ya tuvo media sanci\u00f3n en el Senado, pero en la C\u00e1mara baja encontr\u00f3 una gran resistencia de la oposici\u00f3n y de algunos sectores del oficialismo.<\/p>\n\n\n\n<p>Tambi\u00e9n avanz\u00f3 sobre la descripci\u00f3n de c\u00f3mo desde la justicia se persigui\u00f3 a los opositores durante el macrismo y de c\u00f3mo se armaban causas con fiscales procesados (Stornelli) y que a\u00fan gozan de la impunidad manteniendo su cargo.<\/p>\n\n\n\n<p>En eel discurso se refiri\u00f3 a los juicios por jurados y la creaci\u00f3n de una comisi\u00f3n bicameral para controlar a los jueces. Sin lugar a dudas el pueblo debe ser protagonista en la labor de transparentar la justicia con elecci\u00f3n de jueces y fiscales que investigan y no dejen libres a femicidas y narcotraficantes.<\/p>\n\n\n\n<p>La oposici\u00f3n ya se expres\u00f3 en los medios afines planteando que Alberto cede al kirchnerismo y se quiere llevar puesta la Constituci\u00f3n Nacional. \u0093No pasar\u00e1n\u0094 bramaron desesperadamente desde JxC en una reciente conferencia de prensa.<\/p>\n\n\n\n<p><strong>La pandemia y las vacunas<\/strong><\/p>\n\n\n\n<p>En cuanto al vacunatorio VIP sostuvo una tibia autocr\u00edtica:<em>\u0093<\/em>Ning\u00fan gobierno de la tierra puede arrogarse el privilegio de no cometer errores, pero&nbsp;todo gobierno sensible tiene la obligaci\u00f3n de corregir esos errores para desterrar cualquier indicio de privilegio o falta de solidaridad\u0094.<\/p>\n\n\n\n<p>Como sostuvimos en nuestro comunicado \u0093En la medida que no haya control popular sobre las medidas que lleva adelante el Estado, estos hechos se volver\u00e1n a repetir una y otra vez, porque la estructura desigual, patriarcal y antidemocr\u00e1tica no ha cambiado y es desde donde se sirven lxs pol\u00edticxs, periodistas o empresarios inescrupulosos para gozar de impunidad.<\/p>\n\n\n\n<p>Son tiempos donde el pueblo viene haciendo grandes sacrificios, y donde el sector m\u00e1s vulnerable est\u00e1 en la incertidumbre hasta recibir la vacuna\u0094 (<a href=\"http:\/\/vamosporlaliberacion.org\/crpmlm\/vacunatorio-vip-en-el-ministerio-de-salud\/\">http:\/\/vamosporlaliberacion.org\/crpmlm\/vacunatorio-vip-en-el-ministerio-de-salud\/<\/a>).<\/p>\n\n\n\n<p>La batalla por delante es garantizar millones de vacunas para vacunar en el menor tiempo posible a todo el pueblo y as\u00ed enfrentar de la mejor manera posible la segunda oleada que llegar\u00e1 con el oto\u00f1o\/invierno. Esta es la garant\u00eda, y no los avances temerarios de gobiernos como en CABA y provinciales que introducen el comienzo de las clases como parte de la campa\u00f1a electoral para mostrar la \u0093normalidad\u0094 poniendo en riesgo a lxs docentes y dem\u00e1s personal escolar, as\u00ed como a las propias familias.<\/p>\n\n\n\n<p>(Ver nota \u0093la pandemia de la dependencia\u0094)<\/p>\n\n\n\n<p><strong>El rumbo de la econom\u00eda<\/strong><\/p>\n\n\n\n<p>Fueron pocos los anuncios para delante en materia econ\u00f3mica. Alberto puso \u00e9nfasis en la creaci\u00f3n del <strong>Consejo Econ\u00f3mico y Social<\/strong> (opacado por el esc\u00e1ndalo del \u0093vacunatorio VIP\u0094), pero m\u00e1s all\u00e1 de los actores conocidos como su cabeza, Gustavo Beliz (sin indicios de lo popular en su historial pol\u00edtico, m\u00e1s bien lo contrario), los 30 miembros que lo componen entre empresarios, sindicalistas y asesores nacionales e internacionales expresan un \u0093variopinto\u0094 entre dirigentes populares y otros vinculados a multinacionales y organismos internacionales. Como dato de importancia, en la lista de miembros no figuran las principales cabezas del empresariado y del sector agrario.<\/p>\n\n\n\n<p>La dureza de Alberto Fern\u00e1ndez en su discurso tambi\u00e9n tiene un origen en relaci\u00f3n a esta ausencia y boicot por parte de sectores que controlan los resortes claves del poder econ\u00f3mico y pol\u00edtico del pa\u00eds. A las reuniones previas al lanzamiento del CES, los principales monopolios industriales y exportadores, formadores de precios, no concurrieron o mandaron a sus Ceos.<\/p>\n\n\n\n<p>La pulseara con los sectores monop\u00f3licos concentrados no pasa por el rumbo de la econom\u00eda o su car\u00e1cter estructural, ya que el propio Alberto por m\u00e1s que en su discurso habl\u00f3 de la crisis clim\u00e1tica y que \u0093el desarrollo ser\u00e1 verde o no ser\u00e1\u0094, <strong>se encarg\u00f3 de ratificar el rumbo agro-exportador extractivista <\/strong>(con mayor derrame hacia los sectores populares), productor de materia prima contaminante, ratificando el decreto sobre la Hidrov\u00eda que concede la explotaci\u00f3n a los actuales monopolios agroexportadores y anunci\u00f3 la promoci\u00f3n de la industria hidrocarbur\u00edfera (Vaca Muerta) mediante una ley que enviar\u00e1 al Congreso.<\/p>\n\n\n\n<p>La pulseada con los sectores monop\u00f3licos pasa por la disparada de los precios de los art\u00edculos de primera necesidad y medicamentos, vinculado directamente a los grandes productores y exportadores. La respuesta del gobierno al constante desabastecimiento y su incontrolable carrera \u0093remarcadora\u0094 de los precios de primera necesidad, fue que desde la Secretar\u00eda de Comercio Interior se&nbsp; imput\u00f3&nbsp;a &nbsp;grandes empresas&nbsp;por <strong>\u00ab<\/strong><strong>retenci\u00f3n en sus vol\u00famenes de producci\u00f3n<\/strong>&nbsp;<strong>o<\/strong><strong>&nbsp;falta de entrega de determinados productos<\/strong>&nbsp;<strong>de&nbsp;<\/strong><strong>consumo masivo<\/strong><strong>&nbsp;para su comercializaci\u00f3n\u00bb<\/strong>. Las imputaciones recayeron sobre las compa\u00f1\u00edas,&nbsp;Fargo, AGD,&nbsp;Danone, Molinos Ca\u00f1uelas, Bunge,&nbsp;Molinos R\u00edo de la Plata, Unilever, P&amp;G, Paladini y Potigian.<\/p>\n\n\n\n<p>El titular de la &nbsp;Coordinadora de Productos Alimenticios&nbsp;(COPAL), Daniel Funes de Rioja, se sinti\u00f3 perseguido y nuevamente marc\u00f3 un eje pol\u00edtico en defensa de la rep\u00fablica, aduciendo de hecho haber sido violado sus derechos <em>\u0093<\/em><strong>\u00bfapropiarse de la producci\u00f3n o decirme cu\u00e1nto tengo&nbsp;que producir?\u0094, y agreg\u00f3 \u0093(\u0085) ahora nos dicen que tenemos que producir a&nbsp;full<\/strong><strong>, <\/strong>que hay que incrementar la producci\u00f3n \u0091hasta el m\u00e1s alto grado de su capacidad instalada\u0092. \u00bfY esto de d\u00f3nde sale? de la Ley de Abastecimiento, que es absolutamente inconstitucional\u0094.<\/p>\n\n\n\n<p>Los precios disparan la inflaci\u00f3n en medio que los gremios est\u00e1n discutiendo la paritaria, por eso esta es una de las pulseadas de gran importancia pol\u00edtica del periodo actual.<\/p>\n\n\n\n<p>Todav\u00eda el INDEC no dio los datos de febrero, pero el aumento de los precios para el mes de enero fue de 4,2%, (recordemos que la proyecci\u00f3n del gobierno en el presupuesto 2021 es de 29%) A este ritmo se supera ampliamente.<\/p>\n\n\n\n<p>El acuerdo con las empresas petroleras y transportadoras de liberar el ajuste de la tarifa de la nafta, llev\u00f3 a que en el mes de enero haya habido dos aumentos y ahora se anunciaron dos aumentos m\u00e1s. De poco sirve el control de precios, si por otro lado se libera el aumento de los combustibles que afecta a toda la cadena de producci\u00f3n y comercializaci\u00f3n. Tambi\u00e9n se autoriz\u00f3 aumento de los servicios de comunicaci\u00f3n, tel\u00e9fono, internet y derivados. Las prepagas aumentaron un 5%. Los alquileres, a\u00fan con el congelamiento vigente, aumentaron entre un 35 y un 55% por encima de la inflaci\u00f3n. Ahora acaba de anunciar que se termina el \u0093congelamiento de alquileres\u0094. En el mismo sentido de pesificar las tarifas de servicios p\u00fablicos, se tendr\u00eda que aplicar para las viviendas y la tierra.<\/p>\n\n\n\n<p>En el rubro alimentos la carne vacuna fue el producto que m\u00e1s aument\u00f3, s\u00f3lo en diciembre fue del 19,9% y 74% durante 2020. M\u00e1s del doble que la inflaci\u00f3n, mientras que el consumo medio tuvo el registro m\u00e1s bajo de los \u00faltimos 50 a\u00f1os. Los sectores exportadores, beneficiados al m\u00e1ximo porque China pas\u00f3 a comprar los principales cortes, no s\u00f3lo trasladan esos precios al consumo interno, sino que tambi\u00e9n lo utilizan para desestabilizar.<\/p>\n\n\n\n<p>Frente a este fen\u00f3meno, el gobierno dispuso un acuerdo con exportadores y grandes cadenas de supermercados (no abarcando a las carnicer\u00edas de barrio) para que una serie de cortes tengan precios anteriores a diciembre con un 30% de rebaja, pero los controles son laxos y en algunas cadenas no se cumplen y la calidad es tan mala que ni los chinos se la llevar\u00edan.<\/p>\n\n\n\n<p>Ahora, el gobierno nacional acord\u00f3 hoy con la Mesa de Enlace hacer una revisi\u00f3n sobre la cadena de producci\u00f3n y comercializaci\u00f3n agroindustrial para determinar los costos e incidencias en el precio final de los alimentos de los diferentes eslabones, <strong>sin apelar al aumento de las retenciones o establecer cupos de exportaci\u00f3n<\/strong>, como se ve el \u0093tire y afloje\u0094 es constante y el di\u00e1logo persiste en la medida que no se avance sobre las mega ganancias de los sectores agro exportadores. Un chantaje que retrasa medidas econ\u00f3micas como el aumento de las retenciones segmentadas sobre los grandes exportadores en un per\u00edodo record de precio de la soja.<\/p>\n\n\n\n<p>Sobre los cupos de exportaci\u00f3n el presidente le hab\u00eda advertido a la direcci\u00f3n de la UIA que busca el di\u00e1logo para consensuar la medida, pero si no lo aplicar\u00e1 de hecho. A decir verdad, por un lado esta es una necesidad que hace al financiamiento de la econom\u00eda a corto plazo y por otro, cuenta con el aval del 48% del pueblo que vot\u00f3 romper con el neoliberalismo para avanzar sobre el consorcio de entidades y monopolios que recaudan por exportaciones y por contrabando, la fugan y especulan. Conspiradores que nada les importa las necesidades de las mayor\u00edas como muestran constantemente con la especulaci\u00f3n con los granos y la rendici\u00f3n de divisas.<\/p>\n\n\n\n<p>Las palabras de Alberto Fern\u00e1ndez contra los que la fugaron con la Deuda, contra una justicia corrupta o la pesificaci\u00f3n de las tarifas de los servicios, as\u00ed como la llegada de m\u00e1s de 4 millones de vacunas contra el Covid-19, estimulan y cohesionan al pueblo, pero la contracara de quienes quieren un pa\u00eds para un pu\u00f1ado, no puede ser un pa\u00eds para todos. En ese esquema siempre los poderosos se imponen, ya que manejan los resortes de la econom\u00eda.<\/p>\n\n\n\n<p>La pandemia dej\u00f3 en evidencia que el tiempo debe ser el del pueblo y los intereses del pa\u00eds. Para eso hacen falta medidas que marquen claramente un cambio de rumbo en lo econ\u00f3mico y lo pol\u00edtico. Para eso es sumamente necesario aprovechar cada medida positiva y sumar fuerzas para trabajar en esa direcci\u00f3n sin dale ventaja al neoliberalismo que concentra el poder en el pa\u00eds.<\/p>\n\n\n\n<div class=\"wp-block-image\"><figure class=\"aligncenter size-large is-resized\"><img data-recalc-dims=\"1\" loading=\"lazy\" decoding=\"async\" src=\"https:\/\/i0.wp.com\/vamosporlaliberacion.org\/crpmlm\/wp-content\/uploads\/2021\/03\/contraMegamineriaRawson-700x467.jpg?resize=549%2C366\" alt=\"\" class=\"wp-image-23322\" width=\"549\" height=\"366\" srcset=\"https:\/\/i0.wp.com\/vamosporlaliberacion.org\/crpmlm\/wp-content\/uploads\/2021\/03\/contraMegamineriaRawson.jpg?resize=700%2C467&amp;ssl=1 700w, https:\/\/i0.wp.com\/vamosporlaliberacion.org\/crpmlm\/wp-content\/uploads\/2021\/03\/contraMegamineriaRawson.jpg?resize=300%2C200&amp;ssl=1 300w, https:\/\/i0.wp.com\/vamosporlaliberacion.org\/crpmlm\/wp-content\/uploads\/2021\/03\/contraMegamineriaRawson.jpg?resize=768%2C512&amp;ssl=1 768w, https:\/\/i0.wp.com\/vamosporlaliberacion.org\/crpmlm\/wp-content\/uploads\/2021\/03\/contraMegamineriaRawson.jpg?resize=150%2C100&amp;ssl=1 150w, https:\/\/i0.wp.com\/vamosporlaliberacion.org\/crpmlm\/wp-content\/uploads\/2021\/03\/contraMegamineriaRawson.jpg?resize=696%2C464&amp;ssl=1 696w, https:\/\/i0.wp.com\/vamosporlaliberacion.org\/crpmlm\/wp-content\/uploads\/2021\/03\/contraMegamineriaRawson.jpg?resize=630%2C420&amp;ssl=1 630w, https:\/\/i0.wp.com\/vamosporlaliberacion.org\/crpmlm\/wp-content\/uploads\/2021\/03\/contraMegamineriaRawson.jpg?w=960&amp;ssl=1 960w\" sizes=\"auto, (max-width: 549px) 100vw, 549px\" \/><figcaption>Marcha contra la megaminer\u00eda en Rawson, Chubut.<\/figcaption><\/figure><\/div>\n\n\n\n<p>Es necesario la unidad del campo popular que tracciones y garantice con el pueblo en las calles la marcha hacia un rumbo popular. Como ense\u00f1a el pueblo de Chubut contra la megaminer\u00eda, que otra vez marc\u00f3 la cancha haciendo retroceder a Arcioni y los monopolios extractivistas. Como muestran lxs docentes en Tierra del Fuego, Mendoza, Misiones y dem\u00e1s provincias que salieron a la lucha, como muestran los obreros de la carne contra los despidos o los aceiteros y desmontadores que enfrentan a los monopolios agroexportadores.<\/p>\n<!-- AddThis Advanced Settings generic via filter on the_content --><!-- AddThis Share Buttons generic via filter on the_content -->","protected":false},"excerpt":{"rendered":"<p>En su discurso ante el Congreso de la Naci\u00f3n, el Presidente Alberto Fern\u00e1ndez sali\u00f3 con los tapones de punta con anuncios en la direcci\u00f3n correcta, como querellar de manera criminal a los responsables del endeudamiento con el FMI del gobierno de Juntos por el Cambio y avanzar sobre la reforma judicial, cuestionando a la Corte [&hellip;]<!-- AddThis Advanced Settings generic via filter on get_the_excerpt --><!-- AddThis Share Buttons generic via filter on get_the_excerpt --><\/p>\n","protected":false},"author":9,"featured_media":23324,"comment_status":"open","ping_status":"open","sticky":false,"template":"","format":"standard","meta":{"_jetpack_memberships_contains_paid_content":false,"footnotes":""},"categories":[1881],"tags":[],"class_list":{"0":"post-23326","1":"post","2":"type-post","3":"status-publish","4":"format-standard","5":"has-post-thumbnail","7":"category-editoriales"},"yoast_head":"<!-- This site is optimized with the Yoast SEO plugin v27.4 - https:\/\/yoast.com\/product\/yoast-seo-wordpress\/ -->\n<title>Que la deuda la paguen los que la fugaron - Vamos por la Liberaci\u00f3n<\/title>\n<meta name=\"robots\" content=\"index, follow, max-snippet:-1, max-image-preview:large, max-video-preview:-1\" \/>\n<link rel=\"canonical\" href=\"https:\/\/vamosporlaliberacion.org\/crpmlm\/que-la-deuda-la-paguen-los-que-la-fugaron\/\" \/>\n<meta name=\"twitter:label1\" content=\"Escrito por\" \/>\n\t<meta name=\"twitter:data1\" content=\"Prensa Vamos\" \/>\n\t<meta name=\"twitter:label2\" content=\"Tiempo de lectura\" \/>\n\t<meta name=\"twitter:data2\" content=\"12 minutos\" \/>\n<script type=\"application\/ld+json\" class=\"yoast-schema-graph\">{\"@context\":\"https:\\\/\\\/schema.org\",\"@graph\":[{\"@type\":\"Article\",\"@id\":\"https:\\\/\\\/vamosporlaliberacion.org\\\/crpmlm\\\/que-la-deuda-la-paguen-los-que-la-fugaron\\\/#article\",\"isPartOf\":{\"@id\":\"https:\\\/\\\/vamosporlaliberacion.org\\\/crpmlm\\\/que-la-deuda-la-paguen-los-que-la-fugaron\\\/\"},\"author\":{\"name\":\"Prensa Vamos\",\"@id\":\"https:\\\/\\\/vamosporlaliberacion.org\\\/crpmlm\\\/#\\\/schema\\\/person\\\/ebdbd4bf0e9418b9f0c0a93395366b2f\"},\"headline\":\"Que la deuda la paguen los que la fugaron\",\"datePublished\":\"2021-03-04T14:22:12+00:00\",\"dateModified\":\"2021-03-04T16:08:18+00:00\",\"mainEntityOfPage\":{\"@id\":\"https:\\\/\\\/vamosporlaliberacion.org\\\/crpmlm\\\/que-la-deuda-la-paguen-los-que-la-fugaron\\\/\"},\"wordCount\":2658,\"commentCount\":0,\"image\":{\"@id\":\"https:\\\/\\\/vamosporlaliberacion.org\\\/crpmlm\\\/que-la-deuda-la-paguen-los-que-la-fugaron\\\/#primaryimage\"},\"thumbnailUrl\":\"https:\\\/\\\/i0.wp.com\\\/vamosporlaliberacion.org\\\/crpmlm\\\/wp-content\\\/uploads\\\/2021\\\/03\\\/MacriLagarde.jpg?fit=960%2C540&ssl=1\",\"articleSection\":[\"Editoriales\"],\"inLanguage\":\"es\",\"potentialAction\":[{\"@type\":\"CommentAction\",\"name\":\"Comment\",\"target\":[\"https:\\\/\\\/vamosporlaliberacion.org\\\/crpmlm\\\/que-la-deuda-la-paguen-los-que-la-fugaron\\\/#respond\"]}]},{\"@type\":\"WebPage\",\"@id\":\"https:\\\/\\\/vamosporlaliberacion.org\\\/crpmlm\\\/que-la-deuda-la-paguen-los-que-la-fugaron\\\/\",\"url\":\"https:\\\/\\\/vamosporlaliberacion.org\\\/crpmlm\\\/que-la-deuda-la-paguen-los-que-la-fugaron\\\/\",\"name\":\"Que la deuda la paguen los que la fugaron - Vamos por la Liberaci\u00f3n\",\"isPartOf\":{\"@id\":\"https:\\\/\\\/vamosporlaliberacion.org\\\/crpmlm\\\/#website\"},\"primaryImageOfPage\":{\"@id\":\"https:\\\/\\\/vamosporlaliberacion.org\\\/crpmlm\\\/que-la-deuda-la-paguen-los-que-la-fugaron\\\/#primaryimage\"},\"image\":{\"@id\":\"https:\\\/\\\/vamosporlaliberacion.org\\\/crpmlm\\\/que-la-deuda-la-paguen-los-que-la-fugaron\\\/#primaryimage\"},\"thumbnailUrl\":\"https:\\\/\\\/i0.wp.com\\\/vamosporlaliberacion.org\\\/crpmlm\\\/wp-content\\\/uploads\\\/2021\\\/03\\\/MacriLagarde.jpg?fit=960%2C540&ssl=1\",\"datePublished\":\"2021-03-04T14:22:12+00:00\",\"dateModified\":\"2021-03-04T16:08:18+00:00\",\"author\":{\"@id\":\"https:\\\/\\\/vamosporlaliberacion.org\\\/crpmlm\\\/#\\\/schema\\\/person\\\/ebdbd4bf0e9418b9f0c0a93395366b2f\"},\"breadcrumb\":{\"@id\":\"https:\\\/\\\/vamosporlaliberacion.org\\\/crpmlm\\\/que-la-deuda-la-paguen-los-que-la-fugaron\\\/#breadcrumb\"},\"inLanguage\":\"es\",\"potentialAction\":[{\"@type\":\"ReadAction\",\"target\":[\"https:\\\/\\\/vamosporlaliberacion.org\\\/crpmlm\\\/que-la-deuda-la-paguen-los-que-la-fugaron\\\/\"]}]},{\"@type\":\"ImageObject\",\"inLanguage\":\"es\",\"@id\":\"https:\\\/\\\/vamosporlaliberacion.org\\\/crpmlm\\\/que-la-deuda-la-paguen-los-que-la-fugaron\\\/#primaryimage\",\"url\":\"https:\\\/\\\/i0.wp.com\\\/vamosporlaliberacion.org\\\/crpmlm\\\/wp-content\\\/uploads\\\/2021\\\/03\\\/MacriLagarde.jpg?fit=960%2C540&ssl=1\",\"contentUrl\":\"https:\\\/\\\/i0.wp.com\\\/vamosporlaliberacion.org\\\/crpmlm\\\/wp-content\\\/uploads\\\/2021\\\/03\\\/MacriLagarde.jpg?fit=960%2C540&ssl=1\",\"width\":960,\"height\":540},{\"@type\":\"BreadcrumbList\",\"@id\":\"https:\\\/\\\/vamosporlaliberacion.org\\\/crpmlm\\\/que-la-deuda-la-paguen-los-que-la-fugaron\\\/#breadcrumb\",\"itemListElement\":[{\"@type\":\"ListItem\",\"position\":1,\"name\":\"Portada\",\"item\":\"https:\\\/\\\/vamosporlaliberacion.org\\\/crpmlm\\\/\"},{\"@type\":\"ListItem\",\"position\":2,\"name\":\"Que la deuda la paguen los que la fugaron\"}]},{\"@type\":\"WebSite\",\"@id\":\"https:\\\/\\\/vamosporlaliberacion.org\\\/crpmlm\\\/#website\",\"url\":\"https:\\\/\\\/vamosporlaliberacion.org\\\/crpmlm\\\/\",\"name\":\"Vamos por la Liberaci\u00f3n\",\"description\":\"Prensa CR\",\"potentialAction\":[{\"@type\":\"SearchAction\",\"target\":{\"@type\":\"EntryPoint\",\"urlTemplate\":\"https:\\\/\\\/vamosporlaliberacion.org\\\/crpmlm\\\/?s={search_term_string}\"},\"query-input\":{\"@type\":\"PropertyValueSpecification\",\"valueRequired\":true,\"valueName\":\"search_term_string\"}}],\"inLanguage\":\"es\"},{\"@type\":\"Person\",\"@id\":\"https:\\\/\\\/vamosporlaliberacion.org\\\/crpmlm\\\/#\\\/schema\\\/person\\\/ebdbd4bf0e9418b9f0c0a93395366b2f\",\"name\":\"Prensa Vamos\",\"sameAs\":[\"http:\\\/\\\/vamposporlaliberacion.org\"],\"url\":\"http:\\\/\\\/vamosporlaliberacion.org\\\/crpmlm\\\/author\\\/editor\\\/\"}]}<\/script>\n<!-- \/ Yoast SEO plugin. -->","yoast_head_json":{"title":"Que la deuda la paguen los que la fugaron - Vamos por la Liberaci\u00f3n","robots":{"index":"index","follow":"follow","max-snippet":"max-snippet:-1","max-image-preview":"max-image-preview:large","max-video-preview":"max-video-preview:-1"},"canonical":"https:\/\/vamosporlaliberacion.org\/crpmlm\/que-la-deuda-la-paguen-los-que-la-fugaron\/","twitter_misc":{"Escrito por":"Prensa Vamos","Tiempo de lectura":"12 minutos"},"schema":{"@context":"https:\/\/schema.org","@graph":[{"@type":"Article","@id":"https:\/\/vamosporlaliberacion.org\/crpmlm\/que-la-deuda-la-paguen-los-que-la-fugaron\/#article","isPartOf":{"@id":"https:\/\/vamosporlaliberacion.org\/crpmlm\/que-la-deuda-la-paguen-los-que-la-fugaron\/"},"author":{"name":"Prensa Vamos","@id":"https:\/\/vamosporlaliberacion.org\/crpmlm\/#\/schema\/person\/ebdbd4bf0e9418b9f0c0a93395366b2f"},"headline":"Que la deuda la paguen los que la fugaron","datePublished":"2021-03-04T14:22:12+00:00","dateModified":"2021-03-04T16:08:18+00:00","mainEntityOfPage":{"@id":"https:\/\/vamosporlaliberacion.org\/crpmlm\/que-la-deuda-la-paguen-los-que-la-fugaron\/"},"wordCount":2658,"commentCount":0,"image":{"@id":"https:\/\/vamosporlaliberacion.org\/crpmlm\/que-la-deuda-la-paguen-los-que-la-fugaron\/#primaryimage"},"thumbnailUrl":"https:\/\/i0.wp.com\/vamosporlaliberacion.org\/crpmlm\/wp-content\/uploads\/2021\/03\/MacriLagarde.jpg?fit=960%2C540&ssl=1","articleSection":["Editoriales"],"inLanguage":"es","potentialAction":[{"@type":"CommentAction","name":"Comment","target":["https:\/\/vamosporlaliberacion.org\/crpmlm\/que-la-deuda-la-paguen-los-que-la-fugaron\/#respond"]}]},{"@type":"WebPage","@id":"https:\/\/vamosporlaliberacion.org\/crpmlm\/que-la-deuda-la-paguen-los-que-la-fugaron\/","url":"https:\/\/vamosporlaliberacion.org\/crpmlm\/que-la-deuda-la-paguen-los-que-la-fugaron\/","name":"Que la deuda la paguen los que la fugaron - Vamos por la Liberaci\u00f3n","isPartOf":{"@id":"https:\/\/vamosporlaliberacion.org\/crpmlm\/#website"},"primaryImageOfPage":{"@id":"https:\/\/vamosporlaliberacion.org\/crpmlm\/que-la-deuda-la-paguen-los-que-la-fugaron\/#primaryimage"},"image":{"@id":"https:\/\/vamosporlaliberacion.org\/crpmlm\/que-la-deuda-la-paguen-los-que-la-fugaron\/#primaryimage"},"thumbnailUrl":"https:\/\/i0.wp.com\/vamosporlaliberacion.org\/crpmlm\/wp-content\/uploads\/2021\/03\/MacriLagarde.jpg?fit=960%2C540&ssl=1","datePublished":"2021-03-04T14:22:12+00:00","dateModified":"2021-03-04T16:08:18+00:00","author":{"@id":"https:\/\/vamosporlaliberacion.org\/crpmlm\/#\/schema\/person\/ebdbd4bf0e9418b9f0c0a93395366b2f"},"breadcrumb":{"@id":"https:\/\/vamosporlaliberacion.org\/crpmlm\/que-la-deuda-la-paguen-los-que-la-fugaron\/#breadcrumb"},"inLanguage":"es","potentialAction":[{"@type":"ReadAction","target":["https:\/\/vamosporlaliberacion.org\/crpmlm\/que-la-deuda-la-paguen-los-que-la-fugaron\/"]}]},{"@type":"ImageObject","inLanguage":"es","@id":"https:\/\/vamosporlaliberacion.org\/crpmlm\/que-la-deuda-la-paguen-los-que-la-fugaron\/#primaryimage","url":"https:\/\/i0.wp.com\/vamosporlaliberacion.org\/crpmlm\/wp-content\/uploads\/2021\/03\/MacriLagarde.jpg?fit=960%2C540&ssl=1","contentUrl":"https:\/\/i0.wp.com\/vamosporlaliberacion.org\/crpmlm\/wp-content\/uploads\/2021\/03\/MacriLagarde.jpg?fit=960%2C540&ssl=1","width":960,"height":540},{"@type":"BreadcrumbList","@id":"https:\/\/vamosporlaliberacion.org\/crpmlm\/que-la-deuda-la-paguen-los-que-la-fugaron\/#breadcrumb","itemListElement":[{"@type":"ListItem","position":1,"name":"Portada","item":"https:\/\/vamosporlaliberacion.org\/crpmlm\/"},{"@type":"ListItem","position":2,"name":"Que la deuda la paguen los que la fugaron"}]},{"@type":"WebSite","@id":"https:\/\/vamosporlaliberacion.org\/crpmlm\/#website","url":"https:\/\/vamosporlaliberacion.org\/crpmlm\/","name":"Vamos por la Liberaci\u00f3n","description":"Prensa CR","potentialAction":[{"@type":"SearchAction","target":{"@type":"EntryPoint","urlTemplate":"https:\/\/vamosporlaliberacion.org\/crpmlm\/?s={search_term_string}"},"query-input":{"@type":"PropertyValueSpecification","valueRequired":true,"valueName":"search_term_string"}}],"inLanguage":"es"},{"@type":"Person","@id":"https:\/\/vamosporlaliberacion.org\/crpmlm\/#\/schema\/person\/ebdbd4bf0e9418b9f0c0a93395366b2f","name":"Prensa Vamos","sameAs":["http:\/\/vamposporlaliberacion.org"],"url":"http:\/\/vamosporlaliberacion.org\/crpmlm\/author\/editor\/"}]}},"jetpack_featured_media_url":"https:\/\/i0.wp.com\/vamosporlaliberacion.org\/crpmlm\/wp-content\/uploads\/2021\/03\/MacriLagarde.jpg?fit=960%2C540&ssl=1","jetpack_sharing_enabled":true,"_links":{"self":[{"href":"http:\/\/vamosporlaliberacion.org\/crpmlm\/wp-json\/wp\/v2\/posts\/23326","targetHints":{"allow":["GET"]}}],"collection":[{"href":"http:\/\/vamosporlaliberacion.org\/crpmlm\/wp-json\/wp\/v2\/posts"}],"about":[{"href":"http:\/\/vamosporlaliberacion.org\/crpmlm\/wp-json\/wp\/v2\/types\/post"}],"author":[{"embeddable":true,"href":"http:\/\/vamosporlaliberacion.org\/crpmlm\/wp-json\/wp\/v2\/users\/9"}],"replies":[{"embeddable":true,"href":"http:\/\/vamosporlaliberacion.org\/crpmlm\/wp-json\/wp\/v2\/comments?post=23326"}],"version-history":[{"count":1,"href":"http:\/\/vamosporlaliberacion.org\/crpmlm\/wp-json\/wp\/v2\/posts\/23326\/revisions"}],"predecessor-version":[{"id":23327,"href":"http:\/\/vamosporlaliberacion.org\/crpmlm\/wp-json\/wp\/v2\/posts\/23326\/revisions\/23327"}],"wp:featuredmedia":[{"embeddable":true,"href":"http:\/\/vamosporlaliberacion.org\/crpmlm\/wp-json\/wp\/v2\/media\/23324"}],"wp:attachment":[{"href":"http:\/\/vamosporlaliberacion.org\/crpmlm\/wp-json\/wp\/v2\/media?parent=23326"}],"wp:term":[{"taxonomy":"category","embeddable":true,"href":"http:\/\/vamosporlaliberacion.org\/crpmlm\/wp-json\/wp\/v2\/categories?post=23326"},{"taxonomy":"post_tag","embeddable":true,"href":"http:\/\/vamosporlaliberacion.org\/crpmlm\/wp-json\/wp\/v2\/tags?post=23326"}],"curies":[{"name":"wp","href":"https:\/\/api.w.org\/{rel}","templated":true}]}}