{"id":23165,"date":"2021-02-20T12:37:28","date_gmt":"2021-02-20T15:37:28","guid":{"rendered":"http:\/\/vamosporlaliberacion.org\/crpmlm\/?p=23165"},"modified":"2021-02-20T21:48:12","modified_gmt":"2021-02-21T00:48:12","slug":"vacunatorio-vip-en-el-ministerio-de-salud","status":"publish","type":"post","link":"http:\/\/vamosporlaliberacion.org\/crpmlm\/vacunatorio-vip-en-el-ministerio-de-salud\/","title":{"rendered":"Vacunatorio VIP en el Ministerio de Salud"},"content":{"rendered":"\n<p>El presidente Alberto Fern\u00e1ndez le pidi\u00f3 la renuncia al Ministro de Salud Gin\u00e9s Gonzales Garc\u00eda, que fue aceptada, por haber habilitado un vacunatorio vip en el propio Ministerio de Salud.<\/p>\n\n\n\n<p>Este hecho, golpea al pueblo porque empa\u00f1a una labor positiva en el Ministerio, desde donde se comenz\u00f3 la reconstrucci\u00f3n del sistema de salud que destruy\u00f3 Juntos por el Cambio. Se recuperaron decenas de programas federales y volvi\u00f3 a funcionar el Concejo Federal de Salud desde donde se encabez\u00f3 la lucha contra el COVID poniendo en marcha el \u201cPlan Detectar\u201d, se compraron miles de respiradores y otros elementos. Tambi\u00e9n se impuls\u00f3 desde el Ministerio la sanci\u00f3n de la Ley de Interrupci\u00f3n Voluntaria del Embarazo.<\/p>\n\n\n\n<p>Los hechos acaecidos animan a una oposici\u00f3n sin escr\u00fapulos que degradaron a secretar\u00eda el Ministerio recortando el presupuesto y ahora aprovecha para sacar ventaja, embarrar la cancha y desgastar al gobierno.<\/p>\n\n\n\n<p>La noticia la hizo p\u00fablica el periodista Horacio Verbitsky en la radio del \u201cDestape Web\u201d, \u201ccontando su vivencia\u201d al ir a darse la vacuna por fuera del cronograma publico establecido aprovechando la cadena de favores. Verbitsky tambi\u00e9n cont\u00f3 que all\u00ed se enter\u00f3 que el lunes tambi\u00e9n iba a concurrir el segundo del Grupo Clar\u00edn, Horacio Rendo. Luego se supo que tambi\u00e9n se vacunaron los legisladores Valdez y Taiana (Frente de Todxs) junto a empresarios.<\/p>\n\n\n\n<p>La respuesta r\u00e1pida del presidente al pedirle la renuncia Gin\u00e9s Garc\u00eda es correcta porque el hecho contribuye a actos anti \u00e9ticos en un contexto donde las vacunas son escasas y es el propio Ministro de Salud el que viola los protocolos que debe cumplir la poblaci\u00f3n.<\/p>\n\n\n\n<p>En el caso del periodista Verbitsky lxs propios trabajadorxs del CELS se encargaron de repudiar su actitud y fue despedido como columnista de la radio del \u201cDestape Web\u201d.<\/p>\n\n\n\n<p>Respecto a los legisladores involucrados cabe investigar si est\u00e1n o no justificados sus actos, en el caso del senador Taiana estaba anotado para recibirla e integraba la comitiva que viajaba con el presidente a M\u00e9xico y tiene 70 a\u00f1os.<\/p>\n\n\n\n<p>Es importante se\u00f1alar que la medida del presidente abre la oportunidad para avanzar tambi\u00e9n sobre \u201clos funcionarios que no funcionan\u201d, que tiene legajos incompatibles con su funci\u00f3n o que han demostrado que no persiguen objetivos populares. De la misma manera hacia aquellos funcionarixs que fueron denunciados en intendencias por favorecer a familiares, compa\u00f1erxs o amigxs.<\/p>\n\n\n\n<p>De esta manera se llevar\u00e1 cohesi\u00f3n en el pueblo y el FdT y se le cerrar\u00e1 el paso a la reacci\u00f3n que se agrupa.<\/p>\n\n\n\n<p>En la medida que no haya control popular sobre las medidas que lleva adelante el Estado, estos hechos se volver\u00e1n a repetir una y otra vez porque la estructura desigual, patriarcal y antidemocr\u00e1tica no ha cambiado y es desde donde se sirven lxs pol\u00edticxs, periodistas o empresarios inescrupulosos para gozar de impunidad.<br>Son tiempos donde el pueblo viene haciendo grandes sacrificios, y donde el sector m\u00e1s vulnerable est\u00e1 en la incertidumbre hasta recibir la vacuna.<\/p>\n\n\n\n<p>Estos hechos muestran la necesidad urgente de impulsar y garantizar un rumbo de transformaci\u00f3n popular con medidas pol\u00edticas, econ\u00f3micas y sociales con el protagonismo de todo el pueblo.<\/p>\n<!-- AddThis Advanced Settings generic via filter on the_content --><!-- AddThis Share Buttons generic via filter on the_content -->","protected":false},"excerpt":{"rendered":"<p>El presidente Alberto Fern\u00e1ndez le pidi\u00f3 la renuncia al Ministro de Salud Gin\u00e9s Gonzales Garc\u00eda, que fue aceptada, por haber habilitado un vacunatorio vip en el propio Ministerio de Salud. Este hecho, golpea al pueblo porque empa\u00f1a una labor positiva en el Ministerio, desde donde se comenz\u00f3 la reconstrucci\u00f3n del sistema de salud que destruy\u00f3 [&hellip;]<!-- AddThis Advanced Settings generic via filter on get_the_excerpt --><!-- AddThis Share Buttons generic via filter on get_the_excerpt --><\/p>\n","protected":false},"author":9,"featured_media":23166,"comment_status":"open","ping_status":"open","sticky":false,"template":"","format":"standard","meta":{"_jetpack_memberships_contains_paid_content":false,"footnotes":""},"categories":[299,1699],"tags":[],"class_list":{"0":"post-23165","1":"post","2":"type-post","3":"status-publish","4":"format-standard","5":"has-post-thumbnail","7":"category-comunicados","8":"category-noticias"},"yoast_head":"<!-- This site is optimized with the Yoast SEO plugin v27.4 - https:\/\/yoast.com\/product\/yoast-seo-wordpress\/ -->\n<title>Vacunatorio VIP en el Ministerio de Salud - Vamos por la Liberaci\u00f3n<\/title>\n<meta name=\"robots\" content=\"index, follow, max-snippet:-1, max-image-preview:large, max-video-preview:-1\" \/>\n<link rel=\"canonical\" href=\"http:\/\/vamosporlaliberacion.org\/crpmlm\/vacunatorio-vip-en-el-ministerio-de-salud\/\" \/>\n<meta name=\"twitter:label1\" content=\"Escrito por\" \/>\n\t<meta name=\"twitter:data1\" content=\"Prensa Vamos\" \/>\n\t<meta name=\"twitter:label2\" content=\"Tiempo de lectura\" \/>\n\t<meta name=\"twitter:data2\" content=\"3 minutos\" \/>\n<script type=\"application\/ld+json\" class=\"yoast-schema-graph\">{\"@context\":\"https:\\\/\\\/schema.org\",\"@graph\":[{\"@type\":\"Article\",\"@id\":\"http:\\\/\\\/vamosporlaliberacion.org\\\/crpmlm\\\/vacunatorio-vip-en-el-ministerio-de-salud\\\/#article\",\"isPartOf\":{\"@id\":\"http:\\\/\\\/vamosporlaliberacion.org\\\/crpmlm\\\/vacunatorio-vip-en-el-ministerio-de-salud\\\/\"},\"author\":{\"name\":\"Prensa Vamos\",\"@id\":\"https:\\\/\\\/vamosporlaliberacion.org\\\/crpmlm\\\/#\\\/schema\\\/person\\\/ebdbd4bf0e9418b9f0c0a93395366b2f\"},\"headline\":\"Vacunatorio VIP en el Ministerio de Salud\",\"datePublished\":\"2021-02-20T15:37:28+00:00\",\"dateModified\":\"2021-02-21T00:48:12+00:00\",\"mainEntityOfPage\":{\"@id\":\"http:\\\/\\\/vamosporlaliberacion.org\\\/crpmlm\\\/vacunatorio-vip-en-el-ministerio-de-salud\\\/\"},\"wordCount\":555,\"commentCount\":0,\"image\":{\"@id\":\"http:\\\/\\\/vamosporlaliberacion.org\\\/crpmlm\\\/vacunatorio-vip-en-el-ministerio-de-salud\\\/#primaryimage\"},\"thumbnailUrl\":\"https:\\\/\\\/i0.wp.com\\\/vamosporlaliberacion.org\\\/crpmlm\\\/wp-content\\\/uploads\\\/2021\\\/02\\\/vacunatoriovip.jpg?fit=768%2C432&ssl=1\",\"articleSection\":[\"Comunicados\",\"Noticias\"],\"inLanguage\":\"es\",\"potentialAction\":[{\"@type\":\"CommentAction\",\"name\":\"Comment\",\"target\":[\"http:\\\/\\\/vamosporlaliberacion.org\\\/crpmlm\\\/vacunatorio-vip-en-el-ministerio-de-salud\\\/#respond\"]}]},{\"@type\":\"WebPage\",\"@id\":\"http:\\\/\\\/vamosporlaliberacion.org\\\/crpmlm\\\/vacunatorio-vip-en-el-ministerio-de-salud\\\/\",\"url\":\"http:\\\/\\\/vamosporlaliberacion.org\\\/crpmlm\\\/vacunatorio-vip-en-el-ministerio-de-salud\\\/\",\"name\":\"Vacunatorio VIP en el Ministerio de Salud - Vamos por la Liberaci\u00f3n\",\"isPartOf\":{\"@id\":\"https:\\\/\\\/vamosporlaliberacion.org\\\/crpmlm\\\/#website\"},\"primaryImageOfPage\":{\"@id\":\"http:\\\/\\\/vamosporlaliberacion.org\\\/crpmlm\\\/vacunatorio-vip-en-el-ministerio-de-salud\\\/#primaryimage\"},\"image\":{\"@id\":\"http:\\\/\\\/vamosporlaliberacion.org\\\/crpmlm\\\/vacunatorio-vip-en-el-ministerio-de-salud\\\/#primaryimage\"},\"thumbnailUrl\":\"https:\\\/\\\/i0.wp.com\\\/vamosporlaliberacion.org\\\/crpmlm\\\/wp-content\\\/uploads\\\/2021\\\/02\\\/vacunatoriovip.jpg?fit=768%2C432&ssl=1\",\"datePublished\":\"2021-02-20T15:37:28+00:00\",\"dateModified\":\"2021-02-21T00:48:12+00:00\",\"author\":{\"@id\":\"https:\\\/\\\/vamosporlaliberacion.org\\\/crpmlm\\\/#\\\/schema\\\/person\\\/ebdbd4bf0e9418b9f0c0a93395366b2f\"},\"breadcrumb\":{\"@id\":\"http:\\\/\\\/vamosporlaliberacion.org\\\/crpmlm\\\/vacunatorio-vip-en-el-ministerio-de-salud\\\/#breadcrumb\"},\"inLanguage\":\"es\",\"potentialAction\":[{\"@type\":\"ReadAction\",\"target\":[\"http:\\\/\\\/vamosporlaliberacion.org\\\/crpmlm\\\/vacunatorio-vip-en-el-ministerio-de-salud\\\/\"]}]},{\"@type\":\"ImageObject\",\"inLanguage\":\"es\",\"@id\":\"http:\\\/\\\/vamosporlaliberacion.org\\\/crpmlm\\\/vacunatorio-vip-en-el-ministerio-de-salud\\\/#primaryimage\",\"url\":\"https:\\\/\\\/i0.wp.com\\\/vamosporlaliberacion.org\\\/crpmlm\\\/wp-content\\\/uploads\\\/2021\\\/02\\\/vacunatoriovip.jpg?fit=768%2C432&ssl=1\",\"contentUrl\":\"https:\\\/\\\/i0.wp.com\\\/vamosporlaliberacion.org\\\/crpmlm\\\/wp-content\\\/uploads\\\/2021\\\/02\\\/vacunatoriovip.jpg?fit=768%2C432&ssl=1\",\"width\":768,\"height\":432},{\"@type\":\"BreadcrumbList\",\"@id\":\"http:\\\/\\\/vamosporlaliberacion.org\\\/crpmlm\\\/vacunatorio-vip-en-el-ministerio-de-salud\\\/#breadcrumb\",\"itemListElement\":[{\"@type\":\"ListItem\",\"position\":1,\"name\":\"Portada\",\"item\":\"https:\\\/\\\/vamosporlaliberacion.org\\\/crpmlm\\\/\"},{\"@type\":\"ListItem\",\"position\":2,\"name\":\"Vacunatorio VIP en el Ministerio de Salud\"}]},{\"@type\":\"WebSite\",\"@id\":\"https:\\\/\\\/vamosporlaliberacion.org\\\/crpmlm\\\/#website\",\"url\":\"https:\\\/\\\/vamosporlaliberacion.org\\\/crpmlm\\\/\",\"name\":\"Vamos por la Liberaci\u00f3n\",\"description\":\"Prensa CR\",\"potentialAction\":[{\"@type\":\"SearchAction\",\"target\":{\"@type\":\"EntryPoint\",\"urlTemplate\":\"https:\\\/\\\/vamosporlaliberacion.org\\\/crpmlm\\\/?s={search_term_string}\"},\"query-input\":{\"@type\":\"PropertyValueSpecification\",\"valueRequired\":true,\"valueName\":\"search_term_string\"}}],\"inLanguage\":\"es\"},{\"@type\":\"Person\",\"@id\":\"https:\\\/\\\/vamosporlaliberacion.org\\\/crpmlm\\\/#\\\/schema\\\/person\\\/ebdbd4bf0e9418b9f0c0a93395366b2f\",\"name\":\"Prensa Vamos\",\"sameAs\":[\"http:\\\/\\\/vamposporlaliberacion.org\"],\"url\":\"http:\\\/\\\/vamosporlaliberacion.org\\\/crpmlm\\\/author\\\/editor\\\/\"}]}<\/script>\n<!-- \/ Yoast SEO plugin. -->","yoast_head_json":{"title":"Vacunatorio VIP en el Ministerio de Salud - Vamos por la Liberaci\u00f3n","robots":{"index":"index","follow":"follow","max-snippet":"max-snippet:-1","max-image-preview":"max-image-preview:large","max-video-preview":"max-video-preview:-1"},"canonical":"http:\/\/vamosporlaliberacion.org\/crpmlm\/vacunatorio-vip-en-el-ministerio-de-salud\/","twitter_misc":{"Escrito por":"Prensa Vamos","Tiempo de lectura":"3 minutos"},"schema":{"@context":"https:\/\/schema.org","@graph":[{"@type":"Article","@id":"http:\/\/vamosporlaliberacion.org\/crpmlm\/vacunatorio-vip-en-el-ministerio-de-salud\/#article","isPartOf":{"@id":"http:\/\/vamosporlaliberacion.org\/crpmlm\/vacunatorio-vip-en-el-ministerio-de-salud\/"},"author":{"name":"Prensa Vamos","@id":"https:\/\/vamosporlaliberacion.org\/crpmlm\/#\/schema\/person\/ebdbd4bf0e9418b9f0c0a93395366b2f"},"headline":"Vacunatorio VIP en el Ministerio de Salud","datePublished":"2021-02-20T15:37:28+00:00","dateModified":"2021-02-21T00:48:12+00:00","mainEntityOfPage":{"@id":"http:\/\/vamosporlaliberacion.org\/crpmlm\/vacunatorio-vip-en-el-ministerio-de-salud\/"},"wordCount":555,"commentCount":0,"image":{"@id":"http:\/\/vamosporlaliberacion.org\/crpmlm\/vacunatorio-vip-en-el-ministerio-de-salud\/#primaryimage"},"thumbnailUrl":"https:\/\/i0.wp.com\/vamosporlaliberacion.org\/crpmlm\/wp-content\/uploads\/2021\/02\/vacunatoriovip.jpg?fit=768%2C432&ssl=1","articleSection":["Comunicados","Noticias"],"inLanguage":"es","potentialAction":[{"@type":"CommentAction","name":"Comment","target":["http:\/\/vamosporlaliberacion.org\/crpmlm\/vacunatorio-vip-en-el-ministerio-de-salud\/#respond"]}]},{"@type":"WebPage","@id":"http:\/\/vamosporlaliberacion.org\/crpmlm\/vacunatorio-vip-en-el-ministerio-de-salud\/","url":"http:\/\/vamosporlaliberacion.org\/crpmlm\/vacunatorio-vip-en-el-ministerio-de-salud\/","name":"Vacunatorio VIP en el Ministerio de Salud - Vamos por la Liberaci\u00f3n","isPartOf":{"@id":"https:\/\/vamosporlaliberacion.org\/crpmlm\/#website"},"primaryImageOfPage":{"@id":"http:\/\/vamosporlaliberacion.org\/crpmlm\/vacunatorio-vip-en-el-ministerio-de-salud\/#primaryimage"},"image":{"@id":"http:\/\/vamosporlaliberacion.org\/crpmlm\/vacunatorio-vip-en-el-ministerio-de-salud\/#primaryimage"},"thumbnailUrl":"https:\/\/i0.wp.com\/vamosporlaliberacion.org\/crpmlm\/wp-content\/uploads\/2021\/02\/vacunatoriovip.jpg?fit=768%2C432&ssl=1","datePublished":"2021-02-20T15:37:28+00:00","dateModified":"2021-02-21T00:48:12+00:00","author":{"@id":"https:\/\/vamosporlaliberacion.org\/crpmlm\/#\/schema\/person\/ebdbd4bf0e9418b9f0c0a93395366b2f"},"breadcrumb":{"@id":"http:\/\/vamosporlaliberacion.org\/crpmlm\/vacunatorio-vip-en-el-ministerio-de-salud\/#breadcrumb"},"inLanguage":"es","potentialAction":[{"@type":"ReadAction","target":["http:\/\/vamosporlaliberacion.org\/crpmlm\/vacunatorio-vip-en-el-ministerio-de-salud\/"]}]},{"@type":"ImageObject","inLanguage":"es","@id":"http:\/\/vamosporlaliberacion.org\/crpmlm\/vacunatorio-vip-en-el-ministerio-de-salud\/#primaryimage","url":"https:\/\/i0.wp.com\/vamosporlaliberacion.org\/crpmlm\/wp-content\/uploads\/2021\/02\/vacunatoriovip.jpg?fit=768%2C432&ssl=1","contentUrl":"https:\/\/i0.wp.com\/vamosporlaliberacion.org\/crpmlm\/wp-content\/uploads\/2021\/02\/vacunatoriovip.jpg?fit=768%2C432&ssl=1","width":768,"height":432},{"@type":"BreadcrumbList","@id":"http:\/\/vamosporlaliberacion.org\/crpmlm\/vacunatorio-vip-en-el-ministerio-de-salud\/#breadcrumb","itemListElement":[{"@type":"ListItem","position":1,"name":"Portada","item":"https:\/\/vamosporlaliberacion.org\/crpmlm\/"},{"@type":"ListItem","position":2,"name":"Vacunatorio VIP en el Ministerio de Salud"}]},{"@type":"WebSite","@id":"https:\/\/vamosporlaliberacion.org\/crpmlm\/#website","url":"https:\/\/vamosporlaliberacion.org\/crpmlm\/","name":"Vamos por la Liberaci\u00f3n","description":"Prensa CR","potentialAction":[{"@type":"SearchAction","target":{"@type":"EntryPoint","urlTemplate":"https:\/\/vamosporlaliberacion.org\/crpmlm\/?s={search_term_string}"},"query-input":{"@type":"PropertyValueSpecification","valueRequired":true,"valueName":"search_term_string"}}],"inLanguage":"es"},{"@type":"Person","@id":"https:\/\/vamosporlaliberacion.org\/crpmlm\/#\/schema\/person\/ebdbd4bf0e9418b9f0c0a93395366b2f","name":"Prensa Vamos","sameAs":["http:\/\/vamposporlaliberacion.org"],"url":"http:\/\/vamosporlaliberacion.org\/crpmlm\/author\/editor\/"}]}},"jetpack_featured_media_url":"https:\/\/i0.wp.com\/vamosporlaliberacion.org\/crpmlm\/wp-content\/uploads\/2021\/02\/vacunatoriovip.jpg?fit=768%2C432&ssl=1","jetpack_sharing_enabled":true,"_links":{"self":[{"href":"http:\/\/vamosporlaliberacion.org\/crpmlm\/wp-json\/wp\/v2\/posts\/23165","targetHints":{"allow":["GET"]}}],"collection":[{"href":"http:\/\/vamosporlaliberacion.org\/crpmlm\/wp-json\/wp\/v2\/posts"}],"about":[{"href":"http:\/\/vamosporlaliberacion.org\/crpmlm\/wp-json\/wp\/v2\/types\/post"}],"author":[{"embeddable":true,"href":"http:\/\/vamosporlaliberacion.org\/crpmlm\/wp-json\/wp\/v2\/users\/9"}],"replies":[{"embeddable":true,"href":"http:\/\/vamosporlaliberacion.org\/crpmlm\/wp-json\/wp\/v2\/comments?post=23165"}],"version-history":[{"count":3,"href":"http:\/\/vamosporlaliberacion.org\/crpmlm\/wp-json\/wp\/v2\/posts\/23165\/revisions"}],"predecessor-version":[{"id":23171,"href":"http:\/\/vamosporlaliberacion.org\/crpmlm\/wp-json\/wp\/v2\/posts\/23165\/revisions\/23171"}],"wp:featuredmedia":[{"embeddable":true,"href":"http:\/\/vamosporlaliberacion.org\/crpmlm\/wp-json\/wp\/v2\/media\/23166"}],"wp:attachment":[{"href":"http:\/\/vamosporlaliberacion.org\/crpmlm\/wp-json\/wp\/v2\/media?parent=23165"}],"wp:term":[{"taxonomy":"category","embeddable":true,"href":"http:\/\/vamosporlaliberacion.org\/crpmlm\/wp-json\/wp\/v2\/categories?post=23165"},{"taxonomy":"post_tag","embeddable":true,"href":"http:\/\/vamosporlaliberacion.org\/crpmlm\/wp-json\/wp\/v2\/tags?post=23165"}],"curies":[{"name":"wp","href":"https:\/\/api.w.org\/{rel}","templated":true}]}}