{"id":22904,"date":"2021-01-18T17:04:35","date_gmt":"2021-01-18T20:04:35","guid":{"rendered":"http:\/\/vamosporlaliberacion.org\/crpmlm\/?p=22904"},"modified":"2021-01-18T17:06:46","modified_gmt":"2021-01-18T20:06:46","slug":"la-pandemia-no-afloja-y-la-reaccion-tampoco-hacia-donde-vamos","status":"publish","type":"post","link":"http:\/\/vamosporlaliberacion.org\/crpmlm\/la-pandemia-no-afloja-y-la-reaccion-tampoco-hacia-donde-vamos\/","title":{"rendered":"La pandemia no afloja y la reacci\u00f3n tampoco \u00bfHacia d\u00f3nde vamos?"},"content":{"rendered":"\n<p>Nuevamente los casos de Covid-19 se disparan con valores similares al pico de la pandemia. El Ministro de Salud, <strong>Gin\u00e9s Gonz\u00e1lez Garc\u00eda&nbsp;advirti\u00f3 que el ritmo de crecimiento de casos de coronavirus es peor que en junio del a\u00f1o pasado y no&nbsp;descart\u00f3 un confinamiento m\u00e1s estricto&nbsp;si no frenan los contagios.<\/strong><\/p>\n\n\n\n<p>Se habla de la segunda oleada o un repunte de la primera, pero lo cierto es que los casos se dispararon y presagian una situaci\u00f3n muy complicada porque de tener que retroceder a fases anteriores como ocurre en Europa, no se contar\u00e1 con ayudas que se quitaron, principalmente por el acuerdo con el FMI de controlar el d\u00e9ficit y porque la campa\u00f1a de vacunaci\u00f3n reci\u00e9n comienza. El panorama es muy complicado.<\/p>\n\n\n\n<p><strong>Luego de haber vencido la ofensiva reaccionaria contra la vacuna Sputnik V, se puso en marcha el plan de vacunaci\u00f3n y acaban de llegar las 300 mil nuevas dosis para garantizar la segunda dosis a los ya vacunados.<\/strong> Se trabaja para la llegada de nuevas vacunas y poder aplicarla a la mitad de la poblaci\u00f3n antes de mitad de a\u00f1o, pero a la par, como sucede en el Reino Unido y otros pa\u00edses de Europa los contagios se disparan y lo alarmante en nuestro caso, a diferencia de esos pa\u00edses, es que nuestro rebrote se da en el arranque del verano, con lo que se espera para fin de marzo o abril una escalada a\u00fan mayor.<\/p>\n\n\n\n<p>Esta realidad obliga a que nuevamente el pueblo se ponga al hombro las prevenciones que hagan falta hasta lograr el 100% de la poblaci\u00f3n vacunada.&nbsp;<\/p>\n\n\n\n<div class=\"wp-block-image\"><figure class=\"aligncenter size-large\"><img data-recalc-dims=\"1\" loading=\"lazy\" decoding=\"async\" width=\"696\" height=\"464\" src=\"https:\/\/i0.wp.com\/vamosporlaliberacion.org\/crpmlm\/wp-content\/uploads\/2021\/01\/photo_2021-01-18_12-56-09-700x467.jpg?resize=696%2C464\" alt=\"\" class=\"wp-image-22905\" srcset=\"https:\/\/i0.wp.com\/vamosporlaliberacion.org\/crpmlm\/wp-content\/uploads\/2021\/01\/photo_2021-01-18_12-56-09.jpg?resize=700%2C467&amp;ssl=1 700w, https:\/\/i0.wp.com\/vamosporlaliberacion.org\/crpmlm\/wp-content\/uploads\/2021\/01\/photo_2021-01-18_12-56-09.jpg?resize=300%2C200&amp;ssl=1 300w, https:\/\/i0.wp.com\/vamosporlaliberacion.org\/crpmlm\/wp-content\/uploads\/2021\/01\/photo_2021-01-18_12-56-09.jpg?resize=768%2C512&amp;ssl=1 768w, https:\/\/i0.wp.com\/vamosporlaliberacion.org\/crpmlm\/wp-content\/uploads\/2021\/01\/photo_2021-01-18_12-56-09.jpg?resize=150%2C100&amp;ssl=1 150w, https:\/\/i0.wp.com\/vamosporlaliberacion.org\/crpmlm\/wp-content\/uploads\/2021\/01\/photo_2021-01-18_12-56-09.jpg?resize=696%2C464&amp;ssl=1 696w, https:\/\/i0.wp.com\/vamosporlaliberacion.org\/crpmlm\/wp-content\/uploads\/2021\/01\/photo_2021-01-18_12-56-09.jpg?resize=630%2C420&amp;ssl=1 630w, https:\/\/i0.wp.com\/vamosporlaliberacion.org\/crpmlm\/wp-content\/uploads\/2021\/01\/photo_2021-01-18_12-56-09.jpg?w=960&amp;ssl=1 960w\" sizes=\"auto, (max-width: 696px) 100vw, 696px\" \/><figcaption>Campa\u00f1a de vacunaci\u00f3n en el Hospital Posadas<\/figcaption><\/figure><\/div>\n\n\n\n<h2 class=\"wp-block-heading\">Una econom\u00eda para ganarle a la pandemia y levantar el pa\u00eds<\/h2>\n\n\n\n<p>Los controles y las pol\u00edticas de cuidados que el gobierno nacional implement\u00f3 en la primera etapa de pandemia tuvieron \u00e9xito, pero fueron paulatinamente abandonadas por la relativa baja de casos y la presi\u00f3n de los sectores que controlan la econom\u00eda que insist\u00edan y fogoneaban la apertura.&nbsp;<\/p>\n\n\n\n<p><strong>La realidad indica que la salida para hacer frente a la cat\u00e1strofe de la herencia macrista potenciada por la pandemia, es ni m\u00e1s ni menos que animarse a aplicar medidas teniendo a favor el 48% que vot\u00f3 por dejar atr\u00e1s a las pol\u00edticas y sectores que nos llevaron al abismo.<\/strong><\/p>\n\n\n\n<p>La pol\u00edtica de \u00abgobernar para todxs\u00bb es equivocada porque de ese modo siempre se cede a lxs poderosxs y se practica el \u00abderrame\u00bb en t\u00e9rminos econ\u00f3micos para el pueblo. \u00bfQu\u00e9 ganamos? Ser m\u00e1s vulnerables.&nbsp;<\/p>\n\n\n\n<p>Ahora es cuando se necesita ser m\u00e1s fuertes y pasar a la ofensiva, ahora es cuando se necesita no dar tantas explicaciones al poder concentrado, casi pidiendo disculpas, porque van a perder por \u00fanica vez una \u00ednfima parte de sus siderales ganancias con el \u00abaporte solidario\u00bb, cuando Bolivia acaba de aprobar un impuesto a las grandes fortunas de manera indefinida \u00a1y no pas\u00f3 nada!<\/p>\n\n\n\n<p><strong>Ahora es cuando hay que avanzar sobre el min\u00fasculo sector que est\u00e1 parado sobre la comercializaci\u00f3n de granos y carnes y son due\u00f1os de la tierra en nuestro pa\u00eds.<\/strong> Es un error estrat\u00e9gico ceder a la Mesa de Enlace sabiendo que especulan con las divisas y contribuyen al alza de los precios de los alimentos en nuestro pa\u00eds.&nbsp;<\/p>\n\n\n\n<div class=\"wp-block-image\"><figure class=\"aligncenter size-large\"><img data-recalc-dims=\"1\" loading=\"lazy\" decoding=\"async\" width=\"696\" height=\"464\" src=\"https:\/\/i0.wp.com\/vamosporlaliberacion.org\/crpmlm\/wp-content\/uploads\/2021\/01\/photo_2021-01-18_13-13-27-700x467.jpg?resize=696%2C464\" alt=\"\" class=\"wp-image-22906\" srcset=\"https:\/\/i0.wp.com\/vamosporlaliberacion.org\/crpmlm\/wp-content\/uploads\/2021\/01\/photo_2021-01-18_13-13-27.jpg?resize=700%2C467&amp;ssl=1 700w, https:\/\/i0.wp.com\/vamosporlaliberacion.org\/crpmlm\/wp-content\/uploads\/2021\/01\/photo_2021-01-18_13-13-27.jpg?resize=300%2C200&amp;ssl=1 300w, https:\/\/i0.wp.com\/vamosporlaliberacion.org\/crpmlm\/wp-content\/uploads\/2021\/01\/photo_2021-01-18_13-13-27.jpg?resize=768%2C512&amp;ssl=1 768w, https:\/\/i0.wp.com\/vamosporlaliberacion.org\/crpmlm\/wp-content\/uploads\/2021\/01\/photo_2021-01-18_13-13-27.jpg?resize=150%2C100&amp;ssl=1 150w, https:\/\/i0.wp.com\/vamosporlaliberacion.org\/crpmlm\/wp-content\/uploads\/2021\/01\/photo_2021-01-18_13-13-27.jpg?resize=696%2C464&amp;ssl=1 696w, https:\/\/i0.wp.com\/vamosporlaliberacion.org\/crpmlm\/wp-content\/uploads\/2021\/01\/photo_2021-01-18_13-13-27.jpg?resize=630%2C420&amp;ssl=1 630w, https:\/\/i0.wp.com\/vamosporlaliberacion.org\/crpmlm\/wp-content\/uploads\/2021\/01\/photo_2021-01-18_13-13-27.jpg?w=960&amp;ssl=1 960w\" sizes=\"auto, (max-width: 696px) 100vw, 696px\" \/><figcaption>Los integrantes de la Mesa de Enlace<\/figcaption><\/figure><\/div>\n\n\n\n<p>El gobierno, desde la cartera de comercio interior, lleva adelante una pol\u00edtica de control de precios, pero est\u00e1 a las claras que los grandes formadores de precios no dan bola y las remarcaciones son constantes. Si la salida es \u00abpedir la colaboraci\u00f3n a esos empresarios\u00bb estamos al horno, porque no tienen escr\u00fapulos y son uno de los sectores que ganan con la pandemia.<\/p>\n\n\n\n<p><strong>El gobierno del Frente de Todxs hegemonizado por el peronismo, deber\u00eda hacerse eco de la actitud y las medidas que se tomaron en el gobierno de Per\u00f3n con una inflaci\u00f3n similar<\/strong>, contra los especuladores que guardaban el ma\u00edz y la carne, as\u00ed como aquellos que romp\u00edan los precios m\u00e1ximos fijados y aquellos que aprovechaban la intermediaci\u00f3n. A quienes le llamaba \u00abel c\u00e1ncer\u00bb que hab\u00eda que extirpar, antes que sea tarde.&nbsp;Aunque a la vez sosten\u00eda que \u00abno queremos ser injustos con nadie. Ellos tienen derecho a ganar, pero no tienen derecho a robar\u00bb.&nbsp;<\/p>\n\n\n\n<p>En el famoso discurso del 15 de abril de 1953 Per\u00f3n arengaba al pueblo&nbsp;que colmaba la Plaza de Mayo: <strong>\u00abCon referencia a los especuladores, ellos son elementos coadyuvantes y cooperantes de esta acci\u00f3n. El gobierno est\u00e1 decidido a hacer cumplir los precios aunque tenga que colgarlos a todos. Y ustedes ven que tan pronto se ha comenzado, y el pueblo ha comenzado a cooperar, los precios han bajado un 25%\u00bb<\/strong>.<\/p>\n\n\n\n<p>Pero por el contrario, hoy las naftas volvieron a aumentar empezando por YPF, lo que traer\u00e1 aumentos y mayor inflaci\u00f3n.&nbsp;<\/p>\n\n\n\n<p>Es necesario avanzar en medidas que pongan al pa\u00eds de cara hacia una nueva matriz productiva y dejar de engordar a los que sostienen un modelo arcaico, donde s\u00f3lo ganan un pu\u00f1ado de monopolios como Vicentin -al que le acaban de autorizar pesificar sus deudas con los productores, no as\u00ed con los bancos que siguen ganando- y el consorcio que controla la comercializaci\u00f3n y el transporte de granos en el pa\u00eds.&nbsp;<\/p>\n\n\n\n<p><strong>El hist\u00f3rico paro nacional de lxs trabajadorxs aceiterxs y el \u00faltimo lockout patronal de la Mesa de Enlace mostr\u00f3 la urgente necesidad de implementar una nueva Junta Nacional de Granos y Carnes, as\u00ed como un nuevo IAPI (Instituto Argentino de Promoci\u00f3n e Intercambio) con una poderosa Marina Mercante donde el Estado sea el que maneja y controla las exportaciones, el comercio y transporte<\/strong>. Esto es lo moderno, en beneficio del pa\u00eds, no el modelo actual dependiente, agro exportador, contaminante y extractivista.<\/p>\n\n\n\n<div class=\"wp-block-image\"><figure class=\"aligncenter size-large\"><img data-recalc-dims=\"1\" loading=\"lazy\" decoding=\"async\" width=\"696\" height=\"463\" src=\"https:\/\/i0.wp.com\/vamosporlaliberacion.org\/crpmlm\/wp-content\/uploads\/2021\/01\/photo_2021-01-18_13-27-23-700x466.jpg?resize=696%2C463\" alt=\"\" class=\"wp-image-22907\" srcset=\"https:\/\/i0.wp.com\/vamosporlaliberacion.org\/crpmlm\/wp-content\/uploads\/2021\/01\/photo_2021-01-18_13-27-23.jpg?resize=700%2C466&amp;ssl=1 700w, https:\/\/i0.wp.com\/vamosporlaliberacion.org\/crpmlm\/wp-content\/uploads\/2021\/01\/photo_2021-01-18_13-27-23.jpg?resize=300%2C200&amp;ssl=1 300w, https:\/\/i0.wp.com\/vamosporlaliberacion.org\/crpmlm\/wp-content\/uploads\/2021\/01\/photo_2021-01-18_13-27-23.jpg?resize=768%2C512&amp;ssl=1 768w, https:\/\/i0.wp.com\/vamosporlaliberacion.org\/crpmlm\/wp-content\/uploads\/2021\/01\/photo_2021-01-18_13-27-23.jpg?resize=150%2C100&amp;ssl=1 150w, https:\/\/i0.wp.com\/vamosporlaliberacion.org\/crpmlm\/wp-content\/uploads\/2021\/01\/photo_2021-01-18_13-27-23.jpg?resize=696%2C464&amp;ssl=1 696w, https:\/\/i0.wp.com\/vamosporlaliberacion.org\/crpmlm\/wp-content\/uploads\/2021\/01\/photo_2021-01-18_13-27-23.jpg?resize=1068%2C712&amp;ssl=1 1068w, https:\/\/i0.wp.com\/vamosporlaliberacion.org\/crpmlm\/wp-content\/uploads\/2021\/01\/photo_2021-01-18_13-27-23.jpg?resize=630%2C420&amp;ssl=1 630w, https:\/\/i0.wp.com\/vamosporlaliberacion.org\/crpmlm\/wp-content\/uploads\/2021\/01\/photo_2021-01-18_13-27-23.jpg?w=1280&amp;ssl=1 1280w\" sizes=\"auto, (max-width: 696px) 100vw, 696px\" \/><figcaption>En el marco de la Huelga Nacional de aceiterxs y recibidorxs de granos, se realiz\u00f3 el 19\/12 una asamblea en Dreyfus General Lagos con la presencia de dirigentes nacionales.<\/figcaption><\/figure><\/div>\n\n\n\n<h2 class=\"wp-block-heading\"><strong>La necesaria unidad<\/strong><br><strong>para el rumbo popular<\/strong><\/h2>\n\n\n\n<p>Sin dudas todas las pol\u00edticas como la Ley de Interrupci\u00f3n Voluntaria del Embarazo -por la que se ha luchado durante d\u00e9cadas-, as\u00ed como aquellas como los planes de construcci\u00f3n de viviendas, la comunicaci\u00f3n como servicio esencial, el impuesto a las grandes fortunas y otras medidas tomadas en la emergencia muestran un Estado presente ante la crisis, dan homogeneidad y llevan certezas al pueblo.&nbsp;<\/p>\n\n\n\n<p><strong>Estas pol\u00edticas por las que el pueblo se jug\u00f3 en las pasadas elecciones, no pueden ser medidas en si mismas, desencadenadas de un rumbo general. Y esto todav\u00eda es as\u00ed porque a la par tambi\u00e9n se concede peligrosamente a los poderes concentrados, cuando se necesita ahora ir a fondo en pol\u00edticas que nos saque del abismo y pongan al pa\u00eds en una nueva etapa<\/strong> \u00abmercadointernista\u00bb, con soberan\u00eda alimentaria y producci\u00f3n industrial independiente. Esos sectores nunca estar\u00e1n en esta vereda porque ahora son mucho m\u00e1s poderosos que antes, en lo econ\u00f3mico y en lo pol\u00edtico. Como queda demostrado, buscan aprovechar la profundidad de la crisis, la pandemia, la divisi\u00f3n y confusiones en el pueblo, para chantajear y generar el caos.&nbsp;<\/p>\n\n\n\n<p>Ese es el mensaje que dio la Mesa de Enlace y su correlato en pol\u00edtica con Juntos por el Cambio. Hay que pasarles por arriba para no rifar el 48% que los derrot\u00f3 con el Frente de Todxs. No se puede tolerar m\u00e1s amenazas y operaciones medi\u00e1ticas. Son una traba pol\u00edtica y estrat\u00e9gica. Se cometer\u00eda un grave error de no preparar al pueblo cuando ellos \u00abvelan sus armas\u00bb.&nbsp;<\/p>\n\n\n\n<p><strong>Es necesario profundizar el debate en el Frente de Todxs acerca de la necesidad y la posibilidad de emprender un rumbo popular<\/strong> <strong>y organizar al pueblo para protagonizarlo. Es necesario el encuentro de las organizaciones democr\u00e1ticas y antiimperialistas que luchamos por la justicia social y la liberaci\u00f3n nacional. No jugamos s\u00f3lo con la ret\u00f3rica, trabajamos por la unidad de aquellxs que se animan a hacerle frente a la reacci\u00f3n y organizar al pueblo para tal fin.<\/strong><\/p>\n<!-- AddThis Advanced Settings generic via filter on the_content --><!-- AddThis Share Buttons generic via filter on the_content -->","protected":false},"excerpt":{"rendered":"<p>Nuevamente los casos de Covid-19 se disparan con valores similares al pico de la pandemia. El Ministro de Salud, Gin\u00e9s Gonz\u00e1lez Garc\u00eda&nbsp;advirti\u00f3 que el ritmo de crecimiento de casos de coronavirus es peor que en junio del a\u00f1o pasado y no&nbsp;descart\u00f3 un confinamiento m\u00e1s estricto&nbsp;si no frenan los contagios. Se habla de la segunda oleada [&hellip;]<!-- AddThis Advanced Settings generic via filter on get_the_excerpt --><!-- AddThis Share Buttons generic via filter on get_the_excerpt --><\/p>\n","protected":false},"author":6,"featured_media":22909,"comment_status":"open","ping_status":"open","sticky":false,"template":"","format":"standard","meta":{"_jetpack_memberships_contains_paid_content":false,"footnotes":""},"categories":[1881],"tags":[],"class_list":{"0":"post-22904","1":"post","2":"type-post","3":"status-publish","4":"format-standard","5":"has-post-thumbnail","7":"category-editoriales"},"yoast_head":"<!-- This site is optimized with the Yoast SEO plugin v27.4 - https:\/\/yoast.com\/product\/yoast-seo-wordpress\/ -->\n<title>La pandemia no afloja y la reacci\u00f3n tampoco \u00bfHacia d\u00f3nde vamos? - Vamos por la Liberaci\u00f3n<\/title>\n<meta name=\"robots\" content=\"index, follow, max-snippet:-1, max-image-preview:large, max-video-preview:-1\" \/>\n<link rel=\"canonical\" href=\"https:\/\/vamosporlaliberacion.org\/crpmlm\/la-pandemia-no-afloja-y-la-reaccion-tampoco-hacia-donde-vamos\/\" \/>\n<meta name=\"twitter:label1\" content=\"Escrito por\" \/>\n\t<meta name=\"twitter:data1\" content=\"vamos!\" \/>\n\t<meta name=\"twitter:label2\" content=\"Tiempo de lectura\" \/>\n\t<meta name=\"twitter:data2\" content=\"7 minutos\" \/>\n<script type=\"application\/ld+json\" class=\"yoast-schema-graph\">{\"@context\":\"https:\\\/\\\/schema.org\",\"@graph\":[{\"@type\":\"Article\",\"@id\":\"https:\\\/\\\/vamosporlaliberacion.org\\\/crpmlm\\\/la-pandemia-no-afloja-y-la-reaccion-tampoco-hacia-donde-vamos\\\/#article\",\"isPartOf\":{\"@id\":\"https:\\\/\\\/vamosporlaliberacion.org\\\/crpmlm\\\/la-pandemia-no-afloja-y-la-reaccion-tampoco-hacia-donde-vamos\\\/\"},\"author\":{\"name\":\"vamos!\",\"@id\":\"https:\\\/\\\/vamosporlaliberacion.org\\\/crpmlm\\\/#\\\/schema\\\/person\\\/d6eac7758df3770dae9cd9eb104d615c\"},\"headline\":\"La pandemia no afloja y la reacci\u00f3n tampoco \u00bfHacia d\u00f3nde vamos?\",\"datePublished\":\"2021-01-18T20:04:35+00:00\",\"dateModified\":\"2021-01-18T20:06:46+00:00\",\"mainEntityOfPage\":{\"@id\":\"https:\\\/\\\/vamosporlaliberacion.org\\\/crpmlm\\\/la-pandemia-no-afloja-y-la-reaccion-tampoco-hacia-donde-vamos\\\/\"},\"wordCount\":1414,\"commentCount\":0,\"image\":{\"@id\":\"https:\\\/\\\/vamosporlaliberacion.org\\\/crpmlm\\\/la-pandemia-no-afloja-y-la-reaccion-tampoco-hacia-donde-vamos\\\/#primaryimage\"},\"thumbnailUrl\":\"https:\\\/\\\/i0.wp.com\\\/vamosporlaliberacion.org\\\/crpmlm\\\/wp-content\\\/uploads\\\/2021\\\/01\\\/photo_2021-01-18_14-31-24.jpg?fit=1280%2C853&ssl=1\",\"articleSection\":[\"Editoriales\"],\"inLanguage\":\"es\",\"potentialAction\":[{\"@type\":\"CommentAction\",\"name\":\"Comment\",\"target\":[\"https:\\\/\\\/vamosporlaliberacion.org\\\/crpmlm\\\/la-pandemia-no-afloja-y-la-reaccion-tampoco-hacia-donde-vamos\\\/#respond\"]}]},{\"@type\":\"WebPage\",\"@id\":\"https:\\\/\\\/vamosporlaliberacion.org\\\/crpmlm\\\/la-pandemia-no-afloja-y-la-reaccion-tampoco-hacia-donde-vamos\\\/\",\"url\":\"https:\\\/\\\/vamosporlaliberacion.org\\\/crpmlm\\\/la-pandemia-no-afloja-y-la-reaccion-tampoco-hacia-donde-vamos\\\/\",\"name\":\"La pandemia no afloja y la reacci\u00f3n tampoco \u00bfHacia d\u00f3nde vamos? - Vamos por la Liberaci\u00f3n\",\"isPartOf\":{\"@id\":\"https:\\\/\\\/vamosporlaliberacion.org\\\/crpmlm\\\/#website\"},\"primaryImageOfPage\":{\"@id\":\"https:\\\/\\\/vamosporlaliberacion.org\\\/crpmlm\\\/la-pandemia-no-afloja-y-la-reaccion-tampoco-hacia-donde-vamos\\\/#primaryimage\"},\"image\":{\"@id\":\"https:\\\/\\\/vamosporlaliberacion.org\\\/crpmlm\\\/la-pandemia-no-afloja-y-la-reaccion-tampoco-hacia-donde-vamos\\\/#primaryimage\"},\"thumbnailUrl\":\"https:\\\/\\\/i0.wp.com\\\/vamosporlaliberacion.org\\\/crpmlm\\\/wp-content\\\/uploads\\\/2021\\\/01\\\/photo_2021-01-18_14-31-24.jpg?fit=1280%2C853&ssl=1\",\"datePublished\":\"2021-01-18T20:04:35+00:00\",\"dateModified\":\"2021-01-18T20:06:46+00:00\",\"author\":{\"@id\":\"https:\\\/\\\/vamosporlaliberacion.org\\\/crpmlm\\\/#\\\/schema\\\/person\\\/d6eac7758df3770dae9cd9eb104d615c\"},\"breadcrumb\":{\"@id\":\"https:\\\/\\\/vamosporlaliberacion.org\\\/crpmlm\\\/la-pandemia-no-afloja-y-la-reaccion-tampoco-hacia-donde-vamos\\\/#breadcrumb\"},\"inLanguage\":\"es\",\"potentialAction\":[{\"@type\":\"ReadAction\",\"target\":[\"https:\\\/\\\/vamosporlaliberacion.org\\\/crpmlm\\\/la-pandemia-no-afloja-y-la-reaccion-tampoco-hacia-donde-vamos\\\/\"]}]},{\"@type\":\"ImageObject\",\"inLanguage\":\"es\",\"@id\":\"https:\\\/\\\/vamosporlaliberacion.org\\\/crpmlm\\\/la-pandemia-no-afloja-y-la-reaccion-tampoco-hacia-donde-vamos\\\/#primaryimage\",\"url\":\"https:\\\/\\\/i0.wp.com\\\/vamosporlaliberacion.org\\\/crpmlm\\\/wp-content\\\/uploads\\\/2021\\\/01\\\/photo_2021-01-18_14-31-24.jpg?fit=1280%2C853&ssl=1\",\"contentUrl\":\"https:\\\/\\\/i0.wp.com\\\/vamosporlaliberacion.org\\\/crpmlm\\\/wp-content\\\/uploads\\\/2021\\\/01\\\/photo_2021-01-18_14-31-24.jpg?fit=1280%2C853&ssl=1\",\"width\":1280,\"height\":853},{\"@type\":\"BreadcrumbList\",\"@id\":\"https:\\\/\\\/vamosporlaliberacion.org\\\/crpmlm\\\/la-pandemia-no-afloja-y-la-reaccion-tampoco-hacia-donde-vamos\\\/#breadcrumb\",\"itemListElement\":[{\"@type\":\"ListItem\",\"position\":1,\"name\":\"Portada\",\"item\":\"https:\\\/\\\/vamosporlaliberacion.org\\\/crpmlm\\\/\"},{\"@type\":\"ListItem\",\"position\":2,\"name\":\"La pandemia no afloja y la reacci\u00f3n tampoco \u00bfHacia d\u00f3nde vamos?\"}]},{\"@type\":\"WebSite\",\"@id\":\"https:\\\/\\\/vamosporlaliberacion.org\\\/crpmlm\\\/#website\",\"url\":\"https:\\\/\\\/vamosporlaliberacion.org\\\/crpmlm\\\/\",\"name\":\"Vamos por la Liberaci\u00f3n\",\"description\":\"Prensa CR\",\"potentialAction\":[{\"@type\":\"SearchAction\",\"target\":{\"@type\":\"EntryPoint\",\"urlTemplate\":\"https:\\\/\\\/vamosporlaliberacion.org\\\/crpmlm\\\/?s={search_term_string}\"},\"query-input\":{\"@type\":\"PropertyValueSpecification\",\"valueRequired\":true,\"valueName\":\"search_term_string\"}}],\"inLanguage\":\"es\"},{\"@type\":\"Person\",\"@id\":\"https:\\\/\\\/vamosporlaliberacion.org\\\/crpmlm\\\/#\\\/schema\\\/person\\\/d6eac7758df3770dae9cd9eb104d615c\",\"name\":\"vamos!\",\"url\":\"http:\\\/\\\/vamosporlaliberacion.org\\\/crpmlm\\\/author\\\/adminvxl\\\/\"}]}<\/script>\n<!-- \/ Yoast SEO plugin. -->","yoast_head_json":{"title":"La pandemia no afloja y la reacci\u00f3n tampoco \u00bfHacia d\u00f3nde vamos? - Vamos por la Liberaci\u00f3n","robots":{"index":"index","follow":"follow","max-snippet":"max-snippet:-1","max-image-preview":"max-image-preview:large","max-video-preview":"max-video-preview:-1"},"canonical":"https:\/\/vamosporlaliberacion.org\/crpmlm\/la-pandemia-no-afloja-y-la-reaccion-tampoco-hacia-donde-vamos\/","twitter_misc":{"Escrito por":"vamos!","Tiempo de lectura":"7 minutos"},"schema":{"@context":"https:\/\/schema.org","@graph":[{"@type":"Article","@id":"https:\/\/vamosporlaliberacion.org\/crpmlm\/la-pandemia-no-afloja-y-la-reaccion-tampoco-hacia-donde-vamos\/#article","isPartOf":{"@id":"https:\/\/vamosporlaliberacion.org\/crpmlm\/la-pandemia-no-afloja-y-la-reaccion-tampoco-hacia-donde-vamos\/"},"author":{"name":"vamos!","@id":"https:\/\/vamosporlaliberacion.org\/crpmlm\/#\/schema\/person\/d6eac7758df3770dae9cd9eb104d615c"},"headline":"La pandemia no afloja y la reacci\u00f3n tampoco \u00bfHacia d\u00f3nde vamos?","datePublished":"2021-01-18T20:04:35+00:00","dateModified":"2021-01-18T20:06:46+00:00","mainEntityOfPage":{"@id":"https:\/\/vamosporlaliberacion.org\/crpmlm\/la-pandemia-no-afloja-y-la-reaccion-tampoco-hacia-donde-vamos\/"},"wordCount":1414,"commentCount":0,"image":{"@id":"https:\/\/vamosporlaliberacion.org\/crpmlm\/la-pandemia-no-afloja-y-la-reaccion-tampoco-hacia-donde-vamos\/#primaryimage"},"thumbnailUrl":"https:\/\/i0.wp.com\/vamosporlaliberacion.org\/crpmlm\/wp-content\/uploads\/2021\/01\/photo_2021-01-18_14-31-24.jpg?fit=1280%2C853&ssl=1","articleSection":["Editoriales"],"inLanguage":"es","potentialAction":[{"@type":"CommentAction","name":"Comment","target":["https:\/\/vamosporlaliberacion.org\/crpmlm\/la-pandemia-no-afloja-y-la-reaccion-tampoco-hacia-donde-vamos\/#respond"]}]},{"@type":"WebPage","@id":"https:\/\/vamosporlaliberacion.org\/crpmlm\/la-pandemia-no-afloja-y-la-reaccion-tampoco-hacia-donde-vamos\/","url":"https:\/\/vamosporlaliberacion.org\/crpmlm\/la-pandemia-no-afloja-y-la-reaccion-tampoco-hacia-donde-vamos\/","name":"La pandemia no afloja y la reacci\u00f3n tampoco \u00bfHacia d\u00f3nde vamos? - Vamos por la Liberaci\u00f3n","isPartOf":{"@id":"https:\/\/vamosporlaliberacion.org\/crpmlm\/#website"},"primaryImageOfPage":{"@id":"https:\/\/vamosporlaliberacion.org\/crpmlm\/la-pandemia-no-afloja-y-la-reaccion-tampoco-hacia-donde-vamos\/#primaryimage"},"image":{"@id":"https:\/\/vamosporlaliberacion.org\/crpmlm\/la-pandemia-no-afloja-y-la-reaccion-tampoco-hacia-donde-vamos\/#primaryimage"},"thumbnailUrl":"https:\/\/i0.wp.com\/vamosporlaliberacion.org\/crpmlm\/wp-content\/uploads\/2021\/01\/photo_2021-01-18_14-31-24.jpg?fit=1280%2C853&ssl=1","datePublished":"2021-01-18T20:04:35+00:00","dateModified":"2021-01-18T20:06:46+00:00","author":{"@id":"https:\/\/vamosporlaliberacion.org\/crpmlm\/#\/schema\/person\/d6eac7758df3770dae9cd9eb104d615c"},"breadcrumb":{"@id":"https:\/\/vamosporlaliberacion.org\/crpmlm\/la-pandemia-no-afloja-y-la-reaccion-tampoco-hacia-donde-vamos\/#breadcrumb"},"inLanguage":"es","potentialAction":[{"@type":"ReadAction","target":["https:\/\/vamosporlaliberacion.org\/crpmlm\/la-pandemia-no-afloja-y-la-reaccion-tampoco-hacia-donde-vamos\/"]}]},{"@type":"ImageObject","inLanguage":"es","@id":"https:\/\/vamosporlaliberacion.org\/crpmlm\/la-pandemia-no-afloja-y-la-reaccion-tampoco-hacia-donde-vamos\/#primaryimage","url":"https:\/\/i0.wp.com\/vamosporlaliberacion.org\/crpmlm\/wp-content\/uploads\/2021\/01\/photo_2021-01-18_14-31-24.jpg?fit=1280%2C853&ssl=1","contentUrl":"https:\/\/i0.wp.com\/vamosporlaliberacion.org\/crpmlm\/wp-content\/uploads\/2021\/01\/photo_2021-01-18_14-31-24.jpg?fit=1280%2C853&ssl=1","width":1280,"height":853},{"@type":"BreadcrumbList","@id":"https:\/\/vamosporlaliberacion.org\/crpmlm\/la-pandemia-no-afloja-y-la-reaccion-tampoco-hacia-donde-vamos\/#breadcrumb","itemListElement":[{"@type":"ListItem","position":1,"name":"Portada","item":"https:\/\/vamosporlaliberacion.org\/crpmlm\/"},{"@type":"ListItem","position":2,"name":"La pandemia no afloja y la reacci\u00f3n tampoco \u00bfHacia d\u00f3nde vamos?"}]},{"@type":"WebSite","@id":"https:\/\/vamosporlaliberacion.org\/crpmlm\/#website","url":"https:\/\/vamosporlaliberacion.org\/crpmlm\/","name":"Vamos por la Liberaci\u00f3n","description":"Prensa CR","potentialAction":[{"@type":"SearchAction","target":{"@type":"EntryPoint","urlTemplate":"https:\/\/vamosporlaliberacion.org\/crpmlm\/?s={search_term_string}"},"query-input":{"@type":"PropertyValueSpecification","valueRequired":true,"valueName":"search_term_string"}}],"inLanguage":"es"},{"@type":"Person","@id":"https:\/\/vamosporlaliberacion.org\/crpmlm\/#\/schema\/person\/d6eac7758df3770dae9cd9eb104d615c","name":"vamos!","url":"http:\/\/vamosporlaliberacion.org\/crpmlm\/author\/adminvxl\/"}]}},"jetpack_featured_media_url":"https:\/\/i0.wp.com\/vamosporlaliberacion.org\/crpmlm\/wp-content\/uploads\/2021\/01\/photo_2021-01-18_14-31-24.jpg?fit=1280%2C853&ssl=1","jetpack_sharing_enabled":true,"_links":{"self":[{"href":"http:\/\/vamosporlaliberacion.org\/crpmlm\/wp-json\/wp\/v2\/posts\/22904","targetHints":{"allow":["GET"]}}],"collection":[{"href":"http:\/\/vamosporlaliberacion.org\/crpmlm\/wp-json\/wp\/v2\/posts"}],"about":[{"href":"http:\/\/vamosporlaliberacion.org\/crpmlm\/wp-json\/wp\/v2\/types\/post"}],"author":[{"embeddable":true,"href":"http:\/\/vamosporlaliberacion.org\/crpmlm\/wp-json\/wp\/v2\/users\/6"}],"replies":[{"embeddable":true,"href":"http:\/\/vamosporlaliberacion.org\/crpmlm\/wp-json\/wp\/v2\/comments?post=22904"}],"version-history":[{"count":2,"href":"http:\/\/vamosporlaliberacion.org\/crpmlm\/wp-json\/wp\/v2\/posts\/22904\/revisions"}],"predecessor-version":[{"id":22910,"href":"http:\/\/vamosporlaliberacion.org\/crpmlm\/wp-json\/wp\/v2\/posts\/22904\/revisions\/22910"}],"wp:featuredmedia":[{"embeddable":true,"href":"http:\/\/vamosporlaliberacion.org\/crpmlm\/wp-json\/wp\/v2\/media\/22909"}],"wp:attachment":[{"href":"http:\/\/vamosporlaliberacion.org\/crpmlm\/wp-json\/wp\/v2\/media?parent=22904"}],"wp:term":[{"taxonomy":"category","embeddable":true,"href":"http:\/\/vamosporlaliberacion.org\/crpmlm\/wp-json\/wp\/v2\/categories?post=22904"},{"taxonomy":"post_tag","embeddable":true,"href":"http:\/\/vamosporlaliberacion.org\/crpmlm\/wp-json\/wp\/v2\/tags?post=22904"}],"curies":[{"name":"wp","href":"https:\/\/api.w.org\/{rel}","templated":true}]}}