{"id":2261,"date":"2013-09-24T22:44:29","date_gmt":"2013-09-24T22:44:29","guid":{"rendered":"http:\/\/vamosporlaliberacion.org\/crpmlm\/?p=2261"},"modified":"2015-10-27T22:54:17","modified_gmt":"2015-10-27T22:54:17","slug":"los-estudiantes-encienden-la-mecha","status":"publish","type":"post","link":"http:\/\/vamosporlaliberacion.org\/crpmlm\/los-estudiantes-encienden-la-mecha\/","title":{"rendered":"Los estudiantes encienden la mecha"},"content":{"rendered":"<p>Al cierre de esta edici\u00f3n hab\u00eda siete colegios tomados en la CABA y se realizaban asambleas en otros colegios para decidir nuevas tomas. El reclamo es contra la implementaci\u00f3n en 2014 de la reforma llamada \u201cNueva Escuela Secundaria de Calidad\u201d (NES), que realiz\u00f3 el GCABA cumpliendo con la homologaci\u00f3n exigida por la Ley de Educaci\u00f3n Nacional (LEN) de 2006 y con las resoluciones del Consejo Federal de Educaci\u00f3n (CFE) controlado por el kirchnerismo.<\/p>\n<p>La lucha desat\u00f3 una ofensiva medi\u00e1tica contra las tomas, tanto por parte del ministro de Educaci\u00f3n de la Ciudad, Esteban Bullrich, como del ministro de Educaci\u00f3n Nacional, Alberto Sileoni, que tambi\u00e9n sali\u00f3 a hacer declaraciones contra las tomas. Sin embargo, en las marchas, las asambleas y las reuniones de coordinaci\u00f3n se respira \u00e1nimo de lucha.<\/p>\n<h3><strong>La homologaci\u00f3n y la NES.<\/strong><\/h3>\n<p>Como dijimos en el Vamos! N\u00ba7, la Ley de Educaci\u00f3n Nacional (LEN) exige la homologaci\u00f3n de t\u00edtulos que implica pasar de los m\u00e1s de 150 planes de estudio que existen en Capital Federal a s\u00f3lo 10 t\u00edtulos bachilleres, con un ciclo b\u00e1sico de dos a\u00f1os y tres de orientaci\u00f3n. Estos 10 t\u00edtulos no contemplan el Pedag\u00f3gico, F\u00edsico-Matem\u00e1tico, el de Lenguas Vivas, el Perito Mercantil, los art\u00edsticos se unifican, etc. En los colegios t\u00e9cnicos quieren aplicar el 2\u00ba a\u00f1o de la reforma eliminando horas de Dibujo T\u00e9cnico, agregando 200 horas de trabajo gratuito con las Pr\u00e1cticas Profesionalizantes y eliminando horas de formaci\u00f3n t\u00e9cnica en el ciclo superior (avalado por el GCBA y el INET). <\/p>\n<p>Ante los reclamos se logr\u00f3 que el CFE convocara a una reuni\u00f3n el lunes 23\/9 para tratar el agregado de orientaciones. Pero a\u00fan si se aprueban, sigue habiendo muchos planes que ser\u00edan recortados.<\/p>\n<p>Los dos gobiernos presentan la homologaci\u00f3n como una necesidad para \u201cnivelar\u201d los planes de estudio de todas las provincias. Pero como las escuelas de la CABA lograron impedir las reformas de la Ley Federal de Educaci\u00f3n (LFE) de 1993, al equiparlas con las de provincia con los mismos \u201cm\u00ednimos\u201d, se termina recortando t\u00edtulos y contenidos. Adem\u00e1s la LEN mantiene vigente la descentralizaci\u00f3n: el presupuesto para infraestructura y docentes sigue a cargo de cada provincia.<\/p>\n<p>Queda en evidencia que esta pol\u00edtica educativa tiene m\u00e1s continuidades que rupturas con la Ley Federal de Educaci\u00f3n y la Ley de Educaci\u00f3n Superior de los \u00b490. <\/p>\n<h3><strong>El PRO y los K contra las tomas.<\/strong><\/h3>\n<p>El Ministerio de Educaci\u00f3n de la Ciudad sac\u00f3 un volante diciendo \u201cMantengamos entre todos las escuelas abiertas\u201d, para intentar frenar las tomas. Una vez m\u00e1s el PRO intenta correr el eje de la discusi\u00f3n a \u201ctoma si\u201d vs \u201ctoma no\u201d, ocultando que la reforman recorta contenidos. Mienten cuando hablan de \u201cparticipaci\u00f3n\u201d porque las jornadas fueron vac\u00edas de contenido y de estudiantes.<\/p>\n<p>Sileoni sali\u00f3 a criticar las tomas al igual que el jefe de gabinete Abal Medina, quien dijo que \u201clas tomas no le hacen bien a los argentinos\u201d. <\/p>\n<p>El kirchnerismo esta adoptando el discurso anti toma del PRO, al igual que Mart\u00edn Insaurralde hizo suya la propuesta de meter en cana a los pibes desde los 14 a\u00f1os. \u00bfEsta es la pol\u00edtica que le ofrece el kirchnerismo a la juventud?<\/p>\n<p>La FES (Federaci\u00f3n de Estudiantes Secundarios), uno de los brazos del kirchnerismo en el movimiento estudiantil, est\u00e1 contra las tomas y busca dividir la lucha cuando el reclamo es a los dos gobiernos.<br \/>\nLos dos gobiernos saben que si el conflicto se desarrolla y crece la cantidad de colegios tomados, tarde o temprano se va a acentuar el reclamo al Consejo Federal de Educaci\u00f3n, cuestionando la pol\u00edtica educativa nacional en su conjunto, como ocurre con los terciarios que luchan contra la homologaci\u00f3n.<\/p>\n<h3><strong>Es posible frenar la reforma.<\/strong><\/h3>\n<p>Frente a la Ley Federal de Educaci\u00f3n (LFE) de los \u00b490 se demostr\u00f3 que con la lucha de estudiantes, docentes y padres fue posible frenar un cambio curricular que atentaba contra la escuela p\u00fablica. Los terciarios demostraron que se puede decir \u201cNo a la homologaci\u00f3n\u201d y mantener la validez nacional de los t\u00edtulos. La lucha contra la CONEAU y la Ley de Educaci\u00f3n Superior de los \u00b490 en la UBA ya logr\u00f3 que la Facultad de Ciencias Exactas y Naturales la rechazara; en Ingenier\u00eda se anularon las 200hs de Pr\u00e1cticas Profesionales Supervisadas. Si una reforma curricular va en contra de la educaci\u00f3n p\u00fablica, hay que rechazarla, venga de donde venga y aunque exista una ley que lo exija.<\/p>\n<p>Algunas agrupaciones que impulsan las tomas en algunos colegios plantean que la homologaci\u00f3n es necesaria. En algunos colegios plantearon que no era momento de tomar m\u00e1s colegios. Consideran que el kirchnerismo tiene \u201ccosas buenas y cosas malas\u201d; no ven que va mostrando cada vez m\u00e1s su esencia, como mostraron con Chevron, Milani, la baja de la edad de imputabilidad, etc. Tampoco ven que esos hechos van haciendo que muchos que apoyaban al gobierno nacional, pasan a cuestionar su pol\u00edtica y a enfrentarlo en las calles.<\/p>\n<p>No es momento de dudar: en un escenario con problemas en la econom\u00eda, con el retroceso del kirchnerismo en las PASO, los pibes en las asambleas quieren hacer un reclamo fuerte, tanto al macrismo como al kirchnerismo y a la reforma en su conjunto. La mecha ya est\u00e1 encendida.<\/p>\n<!-- AddThis Advanced Settings generic via filter on the_content --><!-- AddThis Share Buttons generic via filter on the_content -->","protected":false},"excerpt":{"rendered":"<p>Al cierre de esta edici\u00f3n hab\u00eda siete colegios tomados en la CABA y se realizaban asambleas en otros colegios para decidir nuevas tomas. El reclamo es contra la implementaci\u00f3n en 2014 de la reforma llamada \u201cNueva Escuela Secundaria de Calidad\u201d (NES), que realiz\u00f3 el GCABA cumpliendo con la homologaci\u00f3n exigida por la Ley de Educaci\u00f3n [&hellip;]<!-- AddThis Advanced Settings generic via filter on get_the_excerpt --><!-- AddThis Share Buttons generic via filter on get_the_excerpt --><\/p>\n","protected":false},"author":6,"featured_media":2274,"comment_status":"open","ping_status":"open","sticky":false,"template":"","format":"standard","meta":{"_jetpack_memberships_contains_paid_content":false,"footnotes":""},"categories":[1699],"tags":[232,342],"class_list":{"0":"post-2261","1":"post","2":"type-post","3":"status-publish","4":"format-standard","5":"has-post-thumbnail","7":"category-noticias","8":"tag-secundarios","9":"tag-vxl-14"},"yoast_head":"<!-- This site is optimized with the Yoast SEO plugin v27.4 - https:\/\/yoast.com\/product\/yoast-seo-wordpress\/ -->\n<title>Los estudiantes encienden la mecha - Vamos por la Liberaci\u00f3n<\/title>\n<meta name=\"robots\" content=\"index, follow, max-snippet:-1, max-image-preview:large, max-video-preview:-1\" \/>\n<link rel=\"canonical\" href=\"http:\/\/vamosporlaliberacion.org\/crpmlm\/los-estudiantes-encienden-la-mecha\/\" \/>\n<meta name=\"twitter:label1\" content=\"Escrito por\" \/>\n\t<meta name=\"twitter:data1\" content=\"vamos!\" \/>\n\t<meta name=\"twitter:label2\" content=\"Tiempo de lectura\" \/>\n\t<meta name=\"twitter:data2\" content=\"5 minutos\" \/>\n<script type=\"application\/ld+json\" class=\"yoast-schema-graph\">{\"@context\":\"https:\\\/\\\/schema.org\",\"@graph\":[{\"@type\":\"Article\",\"@id\":\"http:\\\/\\\/vamosporlaliberacion.org\\\/crpmlm\\\/los-estudiantes-encienden-la-mecha\\\/#article\",\"isPartOf\":{\"@id\":\"http:\\\/\\\/vamosporlaliberacion.org\\\/crpmlm\\\/los-estudiantes-encienden-la-mecha\\\/\"},\"author\":{\"name\":\"vamos!\",\"@id\":\"https:\\\/\\\/vamosporlaliberacion.org\\\/crpmlm\\\/#\\\/schema\\\/person\\\/d6eac7758df3770dae9cd9eb104d615c\"},\"headline\":\"Los estudiantes encienden la mecha\",\"datePublished\":\"2013-09-24T22:44:29+00:00\",\"dateModified\":\"2015-10-27T22:54:17+00:00\",\"mainEntityOfPage\":{\"@id\":\"http:\\\/\\\/vamosporlaliberacion.org\\\/crpmlm\\\/los-estudiantes-encienden-la-mecha\\\/\"},\"wordCount\":920,\"commentCount\":0,\"image\":{\"@id\":\"http:\\\/\\\/vamosporlaliberacion.org\\\/crpmlm\\\/los-estudiantes-encienden-la-mecha\\\/#primaryimage\"},\"thumbnailUrl\":\"https:\\\/\\\/i0.wp.com\\\/vamosporlaliberacion.org\\\/crpmlm\\\/wp-content\\\/uploads\\\/2015\\\/10\\\/vxl14-07.jpg?fit=696%2C425&ssl=1\",\"keywords\":[\"Secundarios\",\"vxl 14\"],\"articleSection\":[\"Noticias\"],\"inLanguage\":\"es\",\"potentialAction\":[{\"@type\":\"CommentAction\",\"name\":\"Comment\",\"target\":[\"http:\\\/\\\/vamosporlaliberacion.org\\\/crpmlm\\\/los-estudiantes-encienden-la-mecha\\\/#respond\"]}]},{\"@type\":\"WebPage\",\"@id\":\"http:\\\/\\\/vamosporlaliberacion.org\\\/crpmlm\\\/los-estudiantes-encienden-la-mecha\\\/\",\"url\":\"http:\\\/\\\/vamosporlaliberacion.org\\\/crpmlm\\\/los-estudiantes-encienden-la-mecha\\\/\",\"name\":\"Los estudiantes encienden la mecha - Vamos por la Liberaci\u00f3n\",\"isPartOf\":{\"@id\":\"https:\\\/\\\/vamosporlaliberacion.org\\\/crpmlm\\\/#website\"},\"primaryImageOfPage\":{\"@id\":\"http:\\\/\\\/vamosporlaliberacion.org\\\/crpmlm\\\/los-estudiantes-encienden-la-mecha\\\/#primaryimage\"},\"image\":{\"@id\":\"http:\\\/\\\/vamosporlaliberacion.org\\\/crpmlm\\\/los-estudiantes-encienden-la-mecha\\\/#primaryimage\"},\"thumbnailUrl\":\"https:\\\/\\\/i0.wp.com\\\/vamosporlaliberacion.org\\\/crpmlm\\\/wp-content\\\/uploads\\\/2015\\\/10\\\/vxl14-07.jpg?fit=696%2C425&ssl=1\",\"datePublished\":\"2013-09-24T22:44:29+00:00\",\"dateModified\":\"2015-10-27T22:54:17+00:00\",\"author\":{\"@id\":\"https:\\\/\\\/vamosporlaliberacion.org\\\/crpmlm\\\/#\\\/schema\\\/person\\\/d6eac7758df3770dae9cd9eb104d615c\"},\"breadcrumb\":{\"@id\":\"http:\\\/\\\/vamosporlaliberacion.org\\\/crpmlm\\\/los-estudiantes-encienden-la-mecha\\\/#breadcrumb\"},\"inLanguage\":\"es\",\"potentialAction\":[{\"@type\":\"ReadAction\",\"target\":[\"http:\\\/\\\/vamosporlaliberacion.org\\\/crpmlm\\\/los-estudiantes-encienden-la-mecha\\\/\"]}]},{\"@type\":\"ImageObject\",\"inLanguage\":\"es\",\"@id\":\"http:\\\/\\\/vamosporlaliberacion.org\\\/crpmlm\\\/los-estudiantes-encienden-la-mecha\\\/#primaryimage\",\"url\":\"https:\\\/\\\/i0.wp.com\\\/vamosporlaliberacion.org\\\/crpmlm\\\/wp-content\\\/uploads\\\/2015\\\/10\\\/vxl14-07.jpg?fit=696%2C425&ssl=1\",\"contentUrl\":\"https:\\\/\\\/i0.wp.com\\\/vamosporlaliberacion.org\\\/crpmlm\\\/wp-content\\\/uploads\\\/2015\\\/10\\\/vxl14-07.jpg?fit=696%2C425&ssl=1\",\"width\":696,\"height\":425},{\"@type\":\"BreadcrumbList\",\"@id\":\"http:\\\/\\\/vamosporlaliberacion.org\\\/crpmlm\\\/los-estudiantes-encienden-la-mecha\\\/#breadcrumb\",\"itemListElement\":[{\"@type\":\"ListItem\",\"position\":1,\"name\":\"Portada\",\"item\":\"https:\\\/\\\/vamosporlaliberacion.org\\\/crpmlm\\\/\"},{\"@type\":\"ListItem\",\"position\":2,\"name\":\"Los estudiantes encienden la mecha\"}]},{\"@type\":\"WebSite\",\"@id\":\"https:\\\/\\\/vamosporlaliberacion.org\\\/crpmlm\\\/#website\",\"url\":\"https:\\\/\\\/vamosporlaliberacion.org\\\/crpmlm\\\/\",\"name\":\"Vamos por la Liberaci\u00f3n\",\"description\":\"Prensa CR\",\"potentialAction\":[{\"@type\":\"SearchAction\",\"target\":{\"@type\":\"EntryPoint\",\"urlTemplate\":\"https:\\\/\\\/vamosporlaliberacion.org\\\/crpmlm\\\/?s={search_term_string}\"},\"query-input\":{\"@type\":\"PropertyValueSpecification\",\"valueRequired\":true,\"valueName\":\"search_term_string\"}}],\"inLanguage\":\"es\"},{\"@type\":\"Person\",\"@id\":\"https:\\\/\\\/vamosporlaliberacion.org\\\/crpmlm\\\/#\\\/schema\\\/person\\\/d6eac7758df3770dae9cd9eb104d615c\",\"name\":\"vamos!\",\"url\":\"http:\\\/\\\/vamosporlaliberacion.org\\\/crpmlm\\\/author\\\/adminvxl\\\/\"}]}<\/script>\n<!-- \/ Yoast SEO plugin. -->","yoast_head_json":{"title":"Los estudiantes encienden la mecha - Vamos por la Liberaci\u00f3n","robots":{"index":"index","follow":"follow","max-snippet":"max-snippet:-1","max-image-preview":"max-image-preview:large","max-video-preview":"max-video-preview:-1"},"canonical":"http:\/\/vamosporlaliberacion.org\/crpmlm\/los-estudiantes-encienden-la-mecha\/","twitter_misc":{"Escrito por":"vamos!","Tiempo de lectura":"5 minutos"},"schema":{"@context":"https:\/\/schema.org","@graph":[{"@type":"Article","@id":"http:\/\/vamosporlaliberacion.org\/crpmlm\/los-estudiantes-encienden-la-mecha\/#article","isPartOf":{"@id":"http:\/\/vamosporlaliberacion.org\/crpmlm\/los-estudiantes-encienden-la-mecha\/"},"author":{"name":"vamos!","@id":"https:\/\/vamosporlaliberacion.org\/crpmlm\/#\/schema\/person\/d6eac7758df3770dae9cd9eb104d615c"},"headline":"Los estudiantes encienden la mecha","datePublished":"2013-09-24T22:44:29+00:00","dateModified":"2015-10-27T22:54:17+00:00","mainEntityOfPage":{"@id":"http:\/\/vamosporlaliberacion.org\/crpmlm\/los-estudiantes-encienden-la-mecha\/"},"wordCount":920,"commentCount":0,"image":{"@id":"http:\/\/vamosporlaliberacion.org\/crpmlm\/los-estudiantes-encienden-la-mecha\/#primaryimage"},"thumbnailUrl":"https:\/\/i0.wp.com\/vamosporlaliberacion.org\/crpmlm\/wp-content\/uploads\/2015\/10\/vxl14-07.jpg?fit=696%2C425&ssl=1","keywords":["Secundarios","vxl 14"],"articleSection":["Noticias"],"inLanguage":"es","potentialAction":[{"@type":"CommentAction","name":"Comment","target":["http:\/\/vamosporlaliberacion.org\/crpmlm\/los-estudiantes-encienden-la-mecha\/#respond"]}]},{"@type":"WebPage","@id":"http:\/\/vamosporlaliberacion.org\/crpmlm\/los-estudiantes-encienden-la-mecha\/","url":"http:\/\/vamosporlaliberacion.org\/crpmlm\/los-estudiantes-encienden-la-mecha\/","name":"Los estudiantes encienden la mecha - Vamos por la Liberaci\u00f3n","isPartOf":{"@id":"https:\/\/vamosporlaliberacion.org\/crpmlm\/#website"},"primaryImageOfPage":{"@id":"http:\/\/vamosporlaliberacion.org\/crpmlm\/los-estudiantes-encienden-la-mecha\/#primaryimage"},"image":{"@id":"http:\/\/vamosporlaliberacion.org\/crpmlm\/los-estudiantes-encienden-la-mecha\/#primaryimage"},"thumbnailUrl":"https:\/\/i0.wp.com\/vamosporlaliberacion.org\/crpmlm\/wp-content\/uploads\/2015\/10\/vxl14-07.jpg?fit=696%2C425&ssl=1","datePublished":"2013-09-24T22:44:29+00:00","dateModified":"2015-10-27T22:54:17+00:00","author":{"@id":"https:\/\/vamosporlaliberacion.org\/crpmlm\/#\/schema\/person\/d6eac7758df3770dae9cd9eb104d615c"},"breadcrumb":{"@id":"http:\/\/vamosporlaliberacion.org\/crpmlm\/los-estudiantes-encienden-la-mecha\/#breadcrumb"},"inLanguage":"es","potentialAction":[{"@type":"ReadAction","target":["http:\/\/vamosporlaliberacion.org\/crpmlm\/los-estudiantes-encienden-la-mecha\/"]}]},{"@type":"ImageObject","inLanguage":"es","@id":"http:\/\/vamosporlaliberacion.org\/crpmlm\/los-estudiantes-encienden-la-mecha\/#primaryimage","url":"https:\/\/i0.wp.com\/vamosporlaliberacion.org\/crpmlm\/wp-content\/uploads\/2015\/10\/vxl14-07.jpg?fit=696%2C425&ssl=1","contentUrl":"https:\/\/i0.wp.com\/vamosporlaliberacion.org\/crpmlm\/wp-content\/uploads\/2015\/10\/vxl14-07.jpg?fit=696%2C425&ssl=1","width":696,"height":425},{"@type":"BreadcrumbList","@id":"http:\/\/vamosporlaliberacion.org\/crpmlm\/los-estudiantes-encienden-la-mecha\/#breadcrumb","itemListElement":[{"@type":"ListItem","position":1,"name":"Portada","item":"https:\/\/vamosporlaliberacion.org\/crpmlm\/"},{"@type":"ListItem","position":2,"name":"Los estudiantes encienden la mecha"}]},{"@type":"WebSite","@id":"https:\/\/vamosporlaliberacion.org\/crpmlm\/#website","url":"https:\/\/vamosporlaliberacion.org\/crpmlm\/","name":"Vamos por la Liberaci\u00f3n","description":"Prensa CR","potentialAction":[{"@type":"SearchAction","target":{"@type":"EntryPoint","urlTemplate":"https:\/\/vamosporlaliberacion.org\/crpmlm\/?s={search_term_string}"},"query-input":{"@type":"PropertyValueSpecification","valueRequired":true,"valueName":"search_term_string"}}],"inLanguage":"es"},{"@type":"Person","@id":"https:\/\/vamosporlaliberacion.org\/crpmlm\/#\/schema\/person\/d6eac7758df3770dae9cd9eb104d615c","name":"vamos!","url":"http:\/\/vamosporlaliberacion.org\/crpmlm\/author\/adminvxl\/"}]}},"jetpack_featured_media_url":"https:\/\/i0.wp.com\/vamosporlaliberacion.org\/crpmlm\/wp-content\/uploads\/2015\/10\/vxl14-07.jpg?fit=696%2C425&ssl=1","jetpack_sharing_enabled":true,"_links":{"self":[{"href":"http:\/\/vamosporlaliberacion.org\/crpmlm\/wp-json\/wp\/v2\/posts\/2261","targetHints":{"allow":["GET"]}}],"collection":[{"href":"http:\/\/vamosporlaliberacion.org\/crpmlm\/wp-json\/wp\/v2\/posts"}],"about":[{"href":"http:\/\/vamosporlaliberacion.org\/crpmlm\/wp-json\/wp\/v2\/types\/post"}],"author":[{"embeddable":true,"href":"http:\/\/vamosporlaliberacion.org\/crpmlm\/wp-json\/wp\/v2\/users\/6"}],"replies":[{"embeddable":true,"href":"http:\/\/vamosporlaliberacion.org\/crpmlm\/wp-json\/wp\/v2\/comments?post=2261"}],"version-history":[{"count":0,"href":"http:\/\/vamosporlaliberacion.org\/crpmlm\/wp-json\/wp\/v2\/posts\/2261\/revisions"}],"wp:featuredmedia":[{"embeddable":true,"href":"http:\/\/vamosporlaliberacion.org\/crpmlm\/wp-json\/wp\/v2\/media\/2274"}],"wp:attachment":[{"href":"http:\/\/vamosporlaliberacion.org\/crpmlm\/wp-json\/wp\/v2\/media?parent=2261"}],"wp:term":[{"taxonomy":"category","embeddable":true,"href":"http:\/\/vamosporlaliberacion.org\/crpmlm\/wp-json\/wp\/v2\/categories?post=2261"},{"taxonomy":"post_tag","embeddable":true,"href":"http:\/\/vamosporlaliberacion.org\/crpmlm\/wp-json\/wp\/v2\/tags?post=2261"}],"curies":[{"name":"wp","href":"https:\/\/api.w.org\/{rel}","templated":true}]}}