{"id":22334,"date":"2020-11-27T11:26:54","date_gmt":"2020-11-27T14:26:54","guid":{"rendered":"http:\/\/vamosporlaliberacion.org\/crpmlm\/?p=22334"},"modified":"2020-11-27T11:27:17","modified_gmt":"2020-11-27T14:27:17","slug":"ley-de-humedales-una-lucha-cargada-de-futuro","status":"publish","type":"post","link":"http:\/\/vamosporlaliberacion.org\/crpmlm\/ley-de-humedales-una-lucha-cargada-de-futuro\/","title":{"rendered":"Ley de Humedales: una lucha cargada de futuro"},"content":{"rendered":"\n<p>Desde el Vamos! entrevistamos a Gladys Rubinich, miembro de la Comisi\u00f3n Directiva del sindicato docente AMSAFE-Rosario e integrante de la Multisectorial por una Ley de Humedales y de la reciente coordinaci\u00f3n de Sindicatos por el Ambiente.<\/p>\n\n\n\n<p><strong>\u2013 Contamos c\u00f3mo nace \u00abSindicatos por el Ambiente\u00bb&#8230;<\/strong><br>\u2013 Desde que se inicia la Multisectorial cada uno participaba por su cuenta. A partir de encontrarnos con otros sindicatos en la Multisectorial, nos pusimos de acuerdo de agruparnos como Sindicatos por el Ambiente. <\/p>\n\n\n\n<p>Fuimos invitando a sumarse a los sindicatos con los cuales siempre estamos en la lucha, en la calle, tanto estatales como del \u00e1rea privada. Entonces hicimos una bandera con los logos de ATE, SIPRUS (M\u00e9dicos), AMSAFE, COAD (docentes e investigadoxs de la UNR), de Aceiteros, de Jaboneros y de prensa, entre otros. Llevamos la bandera a una actividad que hizo la Multisectorial, del cruce del r\u00edo, uniendo con los kayaks las orillas de Rosario y Victoria. A partir de ah\u00ed se decidi\u00f3 encontrarnos online y constituir algo m\u00e1s formal. Elaboramos un documento conjunto que reclama la Ley de humedales y decidimos hacer una actividad en la calle y v\u00eda streaming por YouTube, para transmitir lo que implica el ambiente para cada sindicato. <\/p>\n\n\n\n<p>No todos tenemos las mismas problem\u00e1ticas, lo que los afecta. El tema nuestro, de lo que vamos a contar es sobre las escuelas fumigadas, sobre los agrot\u00f3xicos, el modelo productivo y c\u00f3mo afecta a nuestros pueblos y a las escuelas que est\u00e1n en esos pueblos. La realizaremos antes que terminen las sesiones legislativas, el viernes 27\/11 junto con la Multisectorial, ya que venimos de la semana del humedal. Y tenemos programada una proclama como Sindicatos por el Ambiente.<\/p>\n\n\n\n<div class=\"wp-block-image\"><figure class=\"aligncenter size-large\"><img data-recalc-dims=\"1\" loading=\"lazy\" decoding=\"async\" width=\"696\" height=\"557\" src=\"https:\/\/i0.wp.com\/vamosporlaliberacion.org\/crpmlm\/wp-content\/uploads\/2020\/11\/125995189_391350455615903_6955573516714668332_o-700x560.jpg?resize=696%2C557\" alt=\"\" class=\"wp-image-22335\" srcset=\"https:\/\/i0.wp.com\/vamosporlaliberacion.org\/crpmlm\/wp-content\/uploads\/2020\/11\/125995189_391350455615903_6955573516714668332_o.jpg?resize=700%2C560&amp;ssl=1 700w, https:\/\/i0.wp.com\/vamosporlaliberacion.org\/crpmlm\/wp-content\/uploads\/2020\/11\/125995189_391350455615903_6955573516714668332_o.jpg?resize=300%2C240&amp;ssl=1 300w, https:\/\/i0.wp.com\/vamosporlaliberacion.org\/crpmlm\/wp-content\/uploads\/2020\/11\/125995189_391350455615903_6955573516714668332_o.jpg?resize=768%2C614&amp;ssl=1 768w, https:\/\/i0.wp.com\/vamosporlaliberacion.org\/crpmlm\/wp-content\/uploads\/2020\/11\/125995189_391350455615903_6955573516714668332_o.jpg?resize=150%2C120&amp;ssl=1 150w, https:\/\/i0.wp.com\/vamosporlaliberacion.org\/crpmlm\/wp-content\/uploads\/2020\/11\/125995189_391350455615903_6955573516714668332_o.jpg?resize=696%2C557&amp;ssl=1 696w, https:\/\/i0.wp.com\/vamosporlaliberacion.org\/crpmlm\/wp-content\/uploads\/2020\/11\/125995189_391350455615903_6955573516714668332_o.jpg?resize=525%2C420&amp;ssl=1 525w, https:\/\/i0.wp.com\/vamosporlaliberacion.org\/crpmlm\/wp-content\/uploads\/2020\/11\/125995189_391350455615903_6955573516714668332_o.jpg?w=1068&amp;ssl=1 1068w\" sizes=\"auto, (max-width: 696px) 100vw, 696px\" \/><\/figure><\/div>\n\n\n\n<p><strong>\u2013 \u00bfCu\u00e1l es el rol de la Secretar\u00eda de Ambiente en los gremios?<\/strong><br>\u2013 Ac\u00e1 el \u00fanico sindicato que tiene Secretar\u00eda de Ambiente es AMSAFE-Rosario. Y en realidad no la tiene, la creamos nosotros en esta Comisi\u00f3n Directiva. Al ver el modelo nuestro, los otros sindicatos han definido a una persona o participan algunos como ambientalistas, sin ser Secretar\u00eda de Ambiente. Un poco hemos direccionado hacia ese lugar porque hoy, no solo en Rosario, en el mundo el ambiente est\u00e1 en agenda permanentemente. <\/p>\n\n\n\n<p>Nuestra idea es que para la pr\u00f3xima Comisi\u00f3n Directiva haya una Secretar\u00eda de Ambiente e inclusive que en la curr\u00edcula de las escuelas haya una materia que atraviesa a todas las materias, que sea el ambiente. Creemos que es importante que los j\u00f3venes entiendan el porqu\u00e9 de las quemas. Hay docentes que ense\u00f1an que hay que cerrar la canilla para no gastar el agua\u2026 hay cosas muy banales y no tienen que ver con el fondo pol\u00edtico ideol\u00f3gico. <\/p>\n\n\n\n<p>Como AMSAFE presentamos en nuestra regi\u00f3n un manual hecho por la gente de la ruta 18, donde participan muchas escuelas rurales, abogados y cient\u00edficos, donde explican bien porque no hay que fumigar campos donde hay escuelas. Se tiene la idea que las escuelas rurales son lugares sanos y limpios. En realidad, est\u00e1n m\u00e1s comprometidos que las escuelas de la ciudad por varias razones: primero porque cuando se va a plantar hay una fumigaci\u00f3n pegada a la escuela, despu\u00e9s est\u00e1 el avi\u00f3n hidrante que pasa. Y aunque lo haga a cien metros de la escuela, el viento lleva lo que va tirando. Lo hemos visto. Por lo tanto, esos alumnos y esas docentes son fumigados. Despu\u00e9s, porque algunas escuelas est\u00e1n en el campo del campesino que est\u00e1 fumigando. Y los alumnos son hijos de los que fumigan. <\/p>\n\n\n\n<p>Crear conciencia en la gente y que pueda luchar contra eso no es f\u00e1cil, pero es posible. Nosotros hemos visto que es posible. Hay una gran experiencia que ha hecho que la gente empiece a levantar la bandera de \u00abNo a la fumigaci\u00f3n\u00bb\u2026 y s\u00ed a la vida. Que eso es lo m\u00e1s importante.<\/p>\n\n\n\n<div class=\"wp-block-image\"><figure class=\"aligncenter size-large\"><img data-recalc-dims=\"1\" loading=\"lazy\" decoding=\"async\" width=\"696\" height=\"556\" src=\"https:\/\/i0.wp.com\/vamosporlaliberacion.org\/crpmlm\/wp-content\/uploads\/2020\/11\/127231968_391350462282569_5784321647685682304_o-700x559.jpg?resize=696%2C556\" alt=\"\" class=\"wp-image-22336\" srcset=\"https:\/\/i0.wp.com\/vamosporlaliberacion.org\/crpmlm\/wp-content\/uploads\/2020\/11\/127231968_391350462282569_5784321647685682304_o.jpg?resize=700%2C559&amp;ssl=1 700w, https:\/\/i0.wp.com\/vamosporlaliberacion.org\/crpmlm\/wp-content\/uploads\/2020\/11\/127231968_391350462282569_5784321647685682304_o.jpg?resize=300%2C239&amp;ssl=1 300w, https:\/\/i0.wp.com\/vamosporlaliberacion.org\/crpmlm\/wp-content\/uploads\/2020\/11\/127231968_391350462282569_5784321647685682304_o.jpg?resize=768%2C613&amp;ssl=1 768w, https:\/\/i0.wp.com\/vamosporlaliberacion.org\/crpmlm\/wp-content\/uploads\/2020\/11\/127231968_391350462282569_5784321647685682304_o.jpg?resize=150%2C120&amp;ssl=1 150w, https:\/\/i0.wp.com\/vamosporlaliberacion.org\/crpmlm\/wp-content\/uploads\/2020\/11\/127231968_391350462282569_5784321647685682304_o.jpg?resize=696%2C556&amp;ssl=1 696w, https:\/\/i0.wp.com\/vamosporlaliberacion.org\/crpmlm\/wp-content\/uploads\/2020\/11\/127231968_391350462282569_5784321647685682304_o.jpg?resize=1068%2C852&amp;ssl=1 1068w, https:\/\/i0.wp.com\/vamosporlaliberacion.org\/crpmlm\/wp-content\/uploads\/2020\/11\/127231968_391350462282569_5784321647685682304_o.jpg?resize=526%2C420&amp;ssl=1 526w, https:\/\/i0.wp.com\/vamosporlaliberacion.org\/crpmlm\/wp-content\/uploads\/2020\/11\/127231968_391350462282569_5784321647685682304_o.jpg?w=1080&amp;ssl=1 1080w\" sizes=\"auto, (max-width: 696px) 100vw, 696px\" \/><\/figure><\/div>\n\n\n\n<p><strong>\u2013 \u00bfC\u00f3mo interact\u00faa con la multisectorial?<\/strong><br>\u2013 La Multisectorial define sus actividades por asamblea. Ellos pensaron que los sindicatos se organicen por el ambiente era in\u00e9dito. Y nos plantearon de participar dentro de la Multisectorial como sindicatos. Nosotros pensamos que no. Porque tenemos nuestras propias particularidades, por lo tanto no podemos como sindicatos participar dentro de la Multisectorial, pero s\u00ed podemos hacer cosas en conjunto.<\/p>\n\n\n\n<p> Por eso lanzamos la actividad este viernes y fue votado el acompa\u00f1amiento de la Multisectorial por un mont\u00f3n de gente, eran m\u00e1s de cien personas. Que se involucren en el ambiente los sindicatos, es que se involucren los trabajadores. Los sindicatos no somos un grupo de personas y nada m\u00e1s. Detr\u00e1s nuestro est\u00e1n todos los trabajadores. Y la idea es esa. Por lo tanto est\u00e1 bueno que los que se van a comprometer son los trabajadores. De esta manera se participa en la Multisectorial.<\/p>\n\n\n\n<p><strong>\u2013 Contanos un poco c\u00f3mo est\u00e1 la situaci\u00f3n en los humedales entrerrianos vecinos a Rosario<\/strong>.<br>\u2013 En las islas siguen prendiendo fuego, sigue habiendo humo. Ac\u00e1 la modalidad de prender es as\u00ed: se arman camas con ramas, o parrillas les dicen, las queman y el fuego agarra rapid\u00edsimo. Ahora no tanto porque ya no hay para quemar. Pero al principio era prender una cama y\u2026 el infierno mismo. Vos ve\u00edas de esta orilla a la noche\u2026 algo espeluznante. Ya no tenemos el humo que tuvimos al principio, durante muchos meses. Inclusive durante el peor momento de la pandemia. Pero sigue habiendo humo con menor intensidad, pero permanentemente. La mayor\u00eda ya se quem\u00f3. Los animales ya est\u00e1n muertos. Hemos tenido una migraci\u00f3n de aves incre\u00edble a la ciudad. Los animales que pueden, disparan. Pero la mayor\u00eda no puede. Esto es un desastre.<\/p>\n\n\n\n<p><strong>\u2013 Te habr\u00e1s enterado del tratamiento de la Ley de Humedales \u00bfqu\u00e9 te pareci\u00f3 lo aprobado teniendo en cuenta qu\u00e9 hay puntos que no entraron?<\/strong><br>\u2013 La Ley de humedales tiene algunos puntos buenos y los que se sacaron creo que deber\u00edan estar. La Comisi\u00f3n de ambiente ya la pas\u00f3 y tiene que ir a la Comisi\u00f3n agraria de lo que es el campo. Ah\u00ed va a estar la mayor traba, porque lo que se est\u00e1 en discusi\u00f3n es un nuevo modelo de pa\u00eds, de estructura econ\u00f3mica agroexportadora y agroindustrial, una forma distinta de concebir el campo. Lo cual es complicado porque el enemigo es muy poderoso. <\/p>\n\n\n\n<p>Ten\u00e9 en cuenta que en las islas, hasta el Delta, se quemaron 300 mil hect\u00e1reas. Hasta lo que se ha averiguado, algunas de esas hect\u00e1reas van a ser proyectos inmobiliarios pero la mayor\u00eda es para ganado vacuno. Porque los terratenientes necesitan los terrenos para plantar soja. Sabiendo que estamos en la provincia m\u00e1s sojera del pa\u00eds, ellos necesitan lugar para llevar las vacas. Tambi\u00e9n teniendo en cuenta la bajante hist\u00f3rica del r\u00edo, nunca se ha visto una igual, en algunos lugares inclusive se est\u00e1n construyendo terraplenes, para que no vuelva a entrar m\u00e1s el agua. Ah\u00ed podr\u00eda ser que quieran hacer un proyecto inmobiliario. Creemos que no es tan importante, porque para un proyecto inmobiliario necesitas la vegetaci\u00f3n, los animales\u2026 para hacerlo m\u00e1s atractivo. Sino ser\u00eda en el medio de la nada. Y eso es lo que ha quedado en las islas: nada.<\/p>\n\n\n\n<div class=\"wp-block-image\"><figure class=\"aligncenter size-large\"><img data-recalc-dims=\"1\" loading=\"lazy\" decoding=\"async\" width=\"696\" height=\"556\" src=\"https:\/\/i0.wp.com\/vamosporlaliberacion.org\/crpmlm\/wp-content\/uploads\/2020\/11\/127124450_391350452282570_6068817984028456291_o-700x559.jpg?resize=696%2C556\" alt=\"\" class=\"wp-image-22337\" srcset=\"https:\/\/i0.wp.com\/vamosporlaliberacion.org\/crpmlm\/wp-content\/uploads\/2020\/11\/127124450_391350452282570_6068817984028456291_o.jpg?resize=700%2C559&amp;ssl=1 700w, https:\/\/i0.wp.com\/vamosporlaliberacion.org\/crpmlm\/wp-content\/uploads\/2020\/11\/127124450_391350452282570_6068817984028456291_o.jpg?resize=300%2C240&amp;ssl=1 300w, https:\/\/i0.wp.com\/vamosporlaliberacion.org\/crpmlm\/wp-content\/uploads\/2020\/11\/127124450_391350452282570_6068817984028456291_o.jpg?resize=768%2C613&amp;ssl=1 768w, https:\/\/i0.wp.com\/vamosporlaliberacion.org\/crpmlm\/wp-content\/uploads\/2020\/11\/127124450_391350452282570_6068817984028456291_o.jpg?resize=150%2C120&amp;ssl=1 150w, https:\/\/i0.wp.com\/vamosporlaliberacion.org\/crpmlm\/wp-content\/uploads\/2020\/11\/127124450_391350452282570_6068817984028456291_o.jpg?resize=696%2C556&amp;ssl=1 696w, https:\/\/i0.wp.com\/vamosporlaliberacion.org\/crpmlm\/wp-content\/uploads\/2020\/11\/127124450_391350452282570_6068817984028456291_o.jpg?resize=526%2C420&amp;ssl=1 526w, https:\/\/i0.wp.com\/vamosporlaliberacion.org\/crpmlm\/wp-content\/uploads\/2020\/11\/127124450_391350452282570_6068817984028456291_o.jpg?w=1014&amp;ssl=1 1014w\" sizes=\"auto, (max-width: 696px) 100vw, 696px\" \/><\/figure><\/div>\n\n\n\n<p><strong>&#8211; \u00bfHay compromiso para atender la problem\u00e1tica?<\/strong><br>&#8211; Las quemas siguen y se sabe qui\u00e9nes queman. Hemos hecho un reconto de qui\u00e9nes tienen terrenos en las islas y son la misma gente del gobierno\u2026 Cuando empezaron los fuegos, acusaban a los kayaquistas que hab\u00edan dejado el fueguito prendido al hacer un asado, algunos se lo cre\u00edan. Pero ahora no se lo cree nadie. Ning\u00fan kayaquista va a prender 300 mil hect\u00e1reas. Por lo tanto ac\u00e1 el compromiso es m\u00ednimo. Creo que va a ser muy dif\u00edcil que esta ley pase a Sesiones Extraordinarias del Congreso, hay una presi\u00f3n muy fuerte de parte del campo, de la Sociedad Rural. Y tambi\u00e9n est\u00e1 la necesidad del gobierno de juntar plata. \u00bfCon qu\u00e9 se va a pagar la deuda? Con el campo y con el sudor del pueblo. Pero si pasan su tratamiento para el a\u00f1o que viene, habr\u00e1 que prepararnos para seguir la lucha. Al principio hubo mucha gente arriba del puente, ahora no. Creo que muchos fueron por la cuesti\u00f3n del humo, tampoco hay conciencia de por qu\u00e9 se queman las islas. Los medios de comunicaci\u00f3n son muy fuertes y la gente ve eso. Es un camino largo. Y creo que vamos por buen camino. Yo estoy contenta de que hay una juventud muy grande que est\u00e1 participando en esto, con mucha conciencia ambiental. Despu\u00e9s de los movimientos de mujeres, creo que este es el movimiento m\u00e1s grande que hay, por lo menos ac\u00e1 en la provincia. Cuando se hizo el corte ac\u00e1 en el puente, un d\u00eda se hizo tambi\u00e9n en Paran\u00e1, en Victoria y otros lugares a la vez. Primero se hablaba del Rosariazo, pero luego del Litoralazo.<\/p>\n\n\n\n<p><strong>\u2013 \u00bfC\u00f3mo caracterizar\u00edas la pol\u00edtica de Santa Fe y nacional en cuanto la quema de humedales y bosques nativos?<\/strong><br>\u2013 El gobierno municipal no puede hacer demasiado porque no tiene injerencia. El gobierno provincial de Perotti no nos ha dado respuestas en nada, al contrario las respuestas fueron bastantes negativas. Es un gobierno bastante de derecha. En Educaci\u00f3n es un desastre, en Salud tambi\u00e9n. Y lo que respecta al ambiente no es diferente que en el resto. Por lo tanto nunca actu\u00f3 la justicia. Por ah\u00ed agarraron a un perejil que mandaron los campesinos a quemar, pero tomar medidas contra los que son tenedores de la tierra, los que mandan a quemar, contra eso nadie hace nada. Inclusive el gobierno de Entre R\u00edos hab\u00edan puesto una restricci\u00f3n que los que \u00edbamos en Kayak no pod\u00edamos bajar a la isla. Si lo hac\u00edas, te aparec\u00eda un polic\u00eda y te echaba. Yo, expectativa de estos pol\u00edticos y el gobierno no tengo, verdaderamente es as\u00ed. S\u00ed conf\u00edo en la lucha del pueblo, de los chicos, de esta Multisectorial que cada d\u00eda crece m\u00e1s, que se hace m\u00e1s contundente. Est\u00e1n bien organizados y hay muchas iniciativas. Por ejemplo el otro d\u00eda se hizo una actividad rel\u00e1mpago en el Monumento a la Bandera. Y hab\u00edan tres gendarmes que en la discusi\u00f3n aceptaron irse porque nosotros \u00e9ramos 300. Hay que aprender de esas cosas. Es una juventud que no est\u00e1 plante\u00e1ndose hacer la revoluci\u00f3n, pero que tiene formas de organizarse revolucionarias para la \u00e9poca. En lo que respecta al ambiente son nuestro futuro.<\/p>\n\n\n\n<div class=\"wp-block-image\"><figure class=\"aligncenter size-large\"><img data-recalc-dims=\"1\" loading=\"lazy\" decoding=\"async\" width=\"696\" height=\"556\" src=\"https:\/\/i0.wp.com\/vamosporlaliberacion.org\/crpmlm\/wp-content\/uploads\/2020\/11\/127141370_391350442282571_4863828543154397664_o-700x559.jpg?resize=696%2C556\" alt=\"\" class=\"wp-image-22338\" srcset=\"https:\/\/i0.wp.com\/vamosporlaliberacion.org\/crpmlm\/wp-content\/uploads\/2020\/11\/127141370_391350442282571_4863828543154397664_o.jpg?resize=700%2C559&amp;ssl=1 700w, https:\/\/i0.wp.com\/vamosporlaliberacion.org\/crpmlm\/wp-content\/uploads\/2020\/11\/127141370_391350442282571_4863828543154397664_o.jpg?resize=300%2C240&amp;ssl=1 300w, https:\/\/i0.wp.com\/vamosporlaliberacion.org\/crpmlm\/wp-content\/uploads\/2020\/11\/127141370_391350442282571_4863828543154397664_o.jpg?resize=768%2C613&amp;ssl=1 768w, https:\/\/i0.wp.com\/vamosporlaliberacion.org\/crpmlm\/wp-content\/uploads\/2020\/11\/127141370_391350442282571_4863828543154397664_o.jpg?resize=150%2C120&amp;ssl=1 150w, https:\/\/i0.wp.com\/vamosporlaliberacion.org\/crpmlm\/wp-content\/uploads\/2020\/11\/127141370_391350442282571_4863828543154397664_o.jpg?resize=696%2C556&amp;ssl=1 696w, https:\/\/i0.wp.com\/vamosporlaliberacion.org\/crpmlm\/wp-content\/uploads\/2020\/11\/127141370_391350442282571_4863828543154397664_o.jpg?resize=526%2C420&amp;ssl=1 526w, https:\/\/i0.wp.com\/vamosporlaliberacion.org\/crpmlm\/wp-content\/uploads\/2020\/11\/127141370_391350442282571_4863828543154397664_o.jpg?w=1014&amp;ssl=1 1014w\" sizes=\"auto, (max-width: 696px) 100vw, 696px\" \/><\/figure><\/div>\n\n\n\n<p><strong>\u2013<\/strong> <strong>\u00bfComo ves el papel de las nuevas generaciones y la lucha por la defensa de los ecosistemas?<\/strong><br>\u2013 En un mont\u00f3n de lugares del pa\u00eds se dieron las luchas no solamente por los humedales, tambi\u00e9n por el agua, por el fracking, por los agrot\u00f3xicos, etc. Creo que es el papel que van a tener las nuevas generaciones. Por ejemplo, yo estoy trabajando con la Marcha Plurinacional de los Barbijos. Yo creo que la gente grande vamos a quedar para dar las charlas, por el recorrido que tiene, que conoce muchas cosas sobre el tema, pero no tiene la fuerza que tiene la juventud. Por lo tanto si ambos sectores se puede unir\u2026 es eso lo que est\u00e1 pasando ac\u00e1.<\/p>\n\n\n\n<center><iframe loading=\"lazy\" src=\"https:\/\/www.facebook.com\/plugins\/post.php?href=https%3A%2F%2Fwww.facebook.com%2Famsafe.rosario%2Fposts%2F1654495748086991&amp;show_text=true&amp;width=552&amp;height=679&amp;appId\" style=\"border:none;overflow:hidden\" scrolling=\"no\" allowfullscreen=\"true\" allow=\"autoplay; clipboard-write; encrypted-media; picture-in-picture; web-share\" width=\"552\" height=\"679\" frameborder=\"0\"><\/iframe><\/center>\n<!-- AddThis Advanced Settings generic via filter on the_content --><!-- AddThis Share Buttons generic via filter on the_content -->","protected":false},"excerpt":{"rendered":"<p>Desde el Vamos! entrevistamos a Gladys Rubinich, miembro de la Comisi\u00f3n Directiva del sindicato docente AMSAFE-Rosario e integrante de la Multisectorial por una Ley de Humedales y de la reciente coordinaci\u00f3n de Sindicatos por el Ambiente. \u2013 Contamos c\u00f3mo nace \u00abSindicatos por el Ambiente\u00bb&#8230;\u2013 Desde que se inicia la Multisectorial cada uno participaba por su [&hellip;]<!-- AddThis Advanced Settings generic via filter on get_the_excerpt --><!-- AddThis Share Buttons generic via filter on get_the_excerpt --><\/p>\n","protected":false},"author":6,"featured_media":22340,"comment_status":"open","ping_status":"open","sticky":false,"template":"","format":"standard","meta":{"_jetpack_memberships_contains_paid_content":false,"footnotes":""},"categories":[1520],"tags":[],"class_list":{"0":"post-22334","1":"post","2":"type-post","3":"status-publish","4":"format-standard","5":"has-post-thumbnail","7":"category-entrevista"},"yoast_head":"<!-- This site is optimized with the Yoast SEO plugin v27.4 - https:\/\/yoast.com\/product\/yoast-seo-wordpress\/ -->\n<title>Ley de Humedales: una lucha cargada de futuro - Vamos por la Liberaci\u00f3n<\/title>\n<meta name=\"robots\" content=\"index, follow, max-snippet:-1, max-image-preview:large, max-video-preview:-1\" \/>\n<link rel=\"canonical\" href=\"https:\/\/vamosporlaliberacion.org\/crpmlm\/ley-de-humedales-una-lucha-cargada-de-futuro\/\" \/>\n<meta name=\"twitter:label1\" content=\"Escrito por\" \/>\n\t<meta name=\"twitter:data1\" content=\"vamos!\" \/>\n\t<meta name=\"twitter:label2\" content=\"Tiempo de lectura\" \/>\n\t<meta name=\"twitter:data2\" content=\"10 minutos\" \/>\n<script type=\"application\/ld+json\" class=\"yoast-schema-graph\">{\"@context\":\"https:\\\/\\\/schema.org\",\"@graph\":[{\"@type\":\"Article\",\"@id\":\"https:\\\/\\\/vamosporlaliberacion.org\\\/crpmlm\\\/ley-de-humedales-una-lucha-cargada-de-futuro\\\/#article\",\"isPartOf\":{\"@id\":\"https:\\\/\\\/vamosporlaliberacion.org\\\/crpmlm\\\/ley-de-humedales-una-lucha-cargada-de-futuro\\\/\"},\"author\":{\"name\":\"vamos!\",\"@id\":\"https:\\\/\\\/vamosporlaliberacion.org\\\/crpmlm\\\/#\\\/schema\\\/person\\\/d6eac7758df3770dae9cd9eb104d615c\"},\"headline\":\"Ley de Humedales: una lucha cargada de futuro\",\"datePublished\":\"2020-11-27T14:26:54+00:00\",\"dateModified\":\"2020-11-27T14:27:17+00:00\",\"mainEntityOfPage\":{\"@id\":\"https:\\\/\\\/vamosporlaliberacion.org\\\/crpmlm\\\/ley-de-humedales-una-lucha-cargada-de-futuro\\\/\"},\"wordCount\":1935,\"commentCount\":0,\"image\":{\"@id\":\"https:\\\/\\\/vamosporlaliberacion.org\\\/crpmlm\\\/ley-de-humedales-una-lucha-cargada-de-futuro\\\/#primaryimage\"},\"thumbnailUrl\":\"https:\\\/\\\/i0.wp.com\\\/vamosporlaliberacion.org\\\/crpmlm\\\/wp-content\\\/uploads\\\/2020\\\/11\\\/gladys.jpg?fit=774%2C575&ssl=1\",\"articleSection\":[\"Entrevista\"],\"inLanguage\":\"es\",\"potentialAction\":[{\"@type\":\"CommentAction\",\"name\":\"Comment\",\"target\":[\"https:\\\/\\\/vamosporlaliberacion.org\\\/crpmlm\\\/ley-de-humedales-una-lucha-cargada-de-futuro\\\/#respond\"]}]},{\"@type\":\"WebPage\",\"@id\":\"https:\\\/\\\/vamosporlaliberacion.org\\\/crpmlm\\\/ley-de-humedales-una-lucha-cargada-de-futuro\\\/\",\"url\":\"https:\\\/\\\/vamosporlaliberacion.org\\\/crpmlm\\\/ley-de-humedales-una-lucha-cargada-de-futuro\\\/\",\"name\":\"Ley de Humedales: una lucha cargada de futuro - Vamos por la Liberaci\u00f3n\",\"isPartOf\":{\"@id\":\"https:\\\/\\\/vamosporlaliberacion.org\\\/crpmlm\\\/#website\"},\"primaryImageOfPage\":{\"@id\":\"https:\\\/\\\/vamosporlaliberacion.org\\\/crpmlm\\\/ley-de-humedales-una-lucha-cargada-de-futuro\\\/#primaryimage\"},\"image\":{\"@id\":\"https:\\\/\\\/vamosporlaliberacion.org\\\/crpmlm\\\/ley-de-humedales-una-lucha-cargada-de-futuro\\\/#primaryimage\"},\"thumbnailUrl\":\"https:\\\/\\\/i0.wp.com\\\/vamosporlaliberacion.org\\\/crpmlm\\\/wp-content\\\/uploads\\\/2020\\\/11\\\/gladys.jpg?fit=774%2C575&ssl=1\",\"datePublished\":\"2020-11-27T14:26:54+00:00\",\"dateModified\":\"2020-11-27T14:27:17+00:00\",\"author\":{\"@id\":\"https:\\\/\\\/vamosporlaliberacion.org\\\/crpmlm\\\/#\\\/schema\\\/person\\\/d6eac7758df3770dae9cd9eb104d615c\"},\"breadcrumb\":{\"@id\":\"https:\\\/\\\/vamosporlaliberacion.org\\\/crpmlm\\\/ley-de-humedales-una-lucha-cargada-de-futuro\\\/#breadcrumb\"},\"inLanguage\":\"es\",\"potentialAction\":[{\"@type\":\"ReadAction\",\"target\":[\"https:\\\/\\\/vamosporlaliberacion.org\\\/crpmlm\\\/ley-de-humedales-una-lucha-cargada-de-futuro\\\/\"]}]},{\"@type\":\"ImageObject\",\"inLanguage\":\"es\",\"@id\":\"https:\\\/\\\/vamosporlaliberacion.org\\\/crpmlm\\\/ley-de-humedales-una-lucha-cargada-de-futuro\\\/#primaryimage\",\"url\":\"https:\\\/\\\/i0.wp.com\\\/vamosporlaliberacion.org\\\/crpmlm\\\/wp-content\\\/uploads\\\/2020\\\/11\\\/gladys.jpg?fit=774%2C575&ssl=1\",\"contentUrl\":\"https:\\\/\\\/i0.wp.com\\\/vamosporlaliberacion.org\\\/crpmlm\\\/wp-content\\\/uploads\\\/2020\\\/11\\\/gladys.jpg?fit=774%2C575&ssl=1\",\"width\":774,\"height\":575},{\"@type\":\"BreadcrumbList\",\"@id\":\"https:\\\/\\\/vamosporlaliberacion.org\\\/crpmlm\\\/ley-de-humedales-una-lucha-cargada-de-futuro\\\/#breadcrumb\",\"itemListElement\":[{\"@type\":\"ListItem\",\"position\":1,\"name\":\"Portada\",\"item\":\"https:\\\/\\\/vamosporlaliberacion.org\\\/crpmlm\\\/\"},{\"@type\":\"ListItem\",\"position\":2,\"name\":\"Ley de Humedales: una lucha cargada de futuro\"}]},{\"@type\":\"WebSite\",\"@id\":\"https:\\\/\\\/vamosporlaliberacion.org\\\/crpmlm\\\/#website\",\"url\":\"https:\\\/\\\/vamosporlaliberacion.org\\\/crpmlm\\\/\",\"name\":\"Vamos por la Liberaci\u00f3n\",\"description\":\"Prensa CR\",\"potentialAction\":[{\"@type\":\"SearchAction\",\"target\":{\"@type\":\"EntryPoint\",\"urlTemplate\":\"https:\\\/\\\/vamosporlaliberacion.org\\\/crpmlm\\\/?s={search_term_string}\"},\"query-input\":{\"@type\":\"PropertyValueSpecification\",\"valueRequired\":true,\"valueName\":\"search_term_string\"}}],\"inLanguage\":\"es\"},{\"@type\":\"Person\",\"@id\":\"https:\\\/\\\/vamosporlaliberacion.org\\\/crpmlm\\\/#\\\/schema\\\/person\\\/d6eac7758df3770dae9cd9eb104d615c\",\"name\":\"vamos!\",\"url\":\"http:\\\/\\\/vamosporlaliberacion.org\\\/crpmlm\\\/author\\\/adminvxl\\\/\"}]}<\/script>\n<!-- \/ Yoast SEO plugin. -->","yoast_head_json":{"title":"Ley de Humedales: una lucha cargada de futuro - Vamos por la Liberaci\u00f3n","robots":{"index":"index","follow":"follow","max-snippet":"max-snippet:-1","max-image-preview":"max-image-preview:large","max-video-preview":"max-video-preview:-1"},"canonical":"https:\/\/vamosporlaliberacion.org\/crpmlm\/ley-de-humedales-una-lucha-cargada-de-futuro\/","twitter_misc":{"Escrito por":"vamos!","Tiempo de lectura":"10 minutos"},"schema":{"@context":"https:\/\/schema.org","@graph":[{"@type":"Article","@id":"https:\/\/vamosporlaliberacion.org\/crpmlm\/ley-de-humedales-una-lucha-cargada-de-futuro\/#article","isPartOf":{"@id":"https:\/\/vamosporlaliberacion.org\/crpmlm\/ley-de-humedales-una-lucha-cargada-de-futuro\/"},"author":{"name":"vamos!","@id":"https:\/\/vamosporlaliberacion.org\/crpmlm\/#\/schema\/person\/d6eac7758df3770dae9cd9eb104d615c"},"headline":"Ley de Humedales: una lucha cargada de futuro","datePublished":"2020-11-27T14:26:54+00:00","dateModified":"2020-11-27T14:27:17+00:00","mainEntityOfPage":{"@id":"https:\/\/vamosporlaliberacion.org\/crpmlm\/ley-de-humedales-una-lucha-cargada-de-futuro\/"},"wordCount":1935,"commentCount":0,"image":{"@id":"https:\/\/vamosporlaliberacion.org\/crpmlm\/ley-de-humedales-una-lucha-cargada-de-futuro\/#primaryimage"},"thumbnailUrl":"https:\/\/i0.wp.com\/vamosporlaliberacion.org\/crpmlm\/wp-content\/uploads\/2020\/11\/gladys.jpg?fit=774%2C575&ssl=1","articleSection":["Entrevista"],"inLanguage":"es","potentialAction":[{"@type":"CommentAction","name":"Comment","target":["https:\/\/vamosporlaliberacion.org\/crpmlm\/ley-de-humedales-una-lucha-cargada-de-futuro\/#respond"]}]},{"@type":"WebPage","@id":"https:\/\/vamosporlaliberacion.org\/crpmlm\/ley-de-humedales-una-lucha-cargada-de-futuro\/","url":"https:\/\/vamosporlaliberacion.org\/crpmlm\/ley-de-humedales-una-lucha-cargada-de-futuro\/","name":"Ley de Humedales: una lucha cargada de futuro - Vamos por la Liberaci\u00f3n","isPartOf":{"@id":"https:\/\/vamosporlaliberacion.org\/crpmlm\/#website"},"primaryImageOfPage":{"@id":"https:\/\/vamosporlaliberacion.org\/crpmlm\/ley-de-humedales-una-lucha-cargada-de-futuro\/#primaryimage"},"image":{"@id":"https:\/\/vamosporlaliberacion.org\/crpmlm\/ley-de-humedales-una-lucha-cargada-de-futuro\/#primaryimage"},"thumbnailUrl":"https:\/\/i0.wp.com\/vamosporlaliberacion.org\/crpmlm\/wp-content\/uploads\/2020\/11\/gladys.jpg?fit=774%2C575&ssl=1","datePublished":"2020-11-27T14:26:54+00:00","dateModified":"2020-11-27T14:27:17+00:00","author":{"@id":"https:\/\/vamosporlaliberacion.org\/crpmlm\/#\/schema\/person\/d6eac7758df3770dae9cd9eb104d615c"},"breadcrumb":{"@id":"https:\/\/vamosporlaliberacion.org\/crpmlm\/ley-de-humedales-una-lucha-cargada-de-futuro\/#breadcrumb"},"inLanguage":"es","potentialAction":[{"@type":"ReadAction","target":["https:\/\/vamosporlaliberacion.org\/crpmlm\/ley-de-humedales-una-lucha-cargada-de-futuro\/"]}]},{"@type":"ImageObject","inLanguage":"es","@id":"https:\/\/vamosporlaliberacion.org\/crpmlm\/ley-de-humedales-una-lucha-cargada-de-futuro\/#primaryimage","url":"https:\/\/i0.wp.com\/vamosporlaliberacion.org\/crpmlm\/wp-content\/uploads\/2020\/11\/gladys.jpg?fit=774%2C575&ssl=1","contentUrl":"https:\/\/i0.wp.com\/vamosporlaliberacion.org\/crpmlm\/wp-content\/uploads\/2020\/11\/gladys.jpg?fit=774%2C575&ssl=1","width":774,"height":575},{"@type":"BreadcrumbList","@id":"https:\/\/vamosporlaliberacion.org\/crpmlm\/ley-de-humedales-una-lucha-cargada-de-futuro\/#breadcrumb","itemListElement":[{"@type":"ListItem","position":1,"name":"Portada","item":"https:\/\/vamosporlaliberacion.org\/crpmlm\/"},{"@type":"ListItem","position":2,"name":"Ley de Humedales: una lucha cargada de futuro"}]},{"@type":"WebSite","@id":"https:\/\/vamosporlaliberacion.org\/crpmlm\/#website","url":"https:\/\/vamosporlaliberacion.org\/crpmlm\/","name":"Vamos por la Liberaci\u00f3n","description":"Prensa CR","potentialAction":[{"@type":"SearchAction","target":{"@type":"EntryPoint","urlTemplate":"https:\/\/vamosporlaliberacion.org\/crpmlm\/?s={search_term_string}"},"query-input":{"@type":"PropertyValueSpecification","valueRequired":true,"valueName":"search_term_string"}}],"inLanguage":"es"},{"@type":"Person","@id":"https:\/\/vamosporlaliberacion.org\/crpmlm\/#\/schema\/person\/d6eac7758df3770dae9cd9eb104d615c","name":"vamos!","url":"http:\/\/vamosporlaliberacion.org\/crpmlm\/author\/adminvxl\/"}]}},"jetpack_featured_media_url":"https:\/\/i0.wp.com\/vamosporlaliberacion.org\/crpmlm\/wp-content\/uploads\/2020\/11\/gladys.jpg?fit=774%2C575&ssl=1","jetpack_sharing_enabled":true,"_links":{"self":[{"href":"http:\/\/vamosporlaliberacion.org\/crpmlm\/wp-json\/wp\/v2\/posts\/22334","targetHints":{"allow":["GET"]}}],"collection":[{"href":"http:\/\/vamosporlaliberacion.org\/crpmlm\/wp-json\/wp\/v2\/posts"}],"about":[{"href":"http:\/\/vamosporlaliberacion.org\/crpmlm\/wp-json\/wp\/v2\/types\/post"}],"author":[{"embeddable":true,"href":"http:\/\/vamosporlaliberacion.org\/crpmlm\/wp-json\/wp\/v2\/users\/6"}],"replies":[{"embeddable":true,"href":"http:\/\/vamosporlaliberacion.org\/crpmlm\/wp-json\/wp\/v2\/comments?post=22334"}],"version-history":[{"count":2,"href":"http:\/\/vamosporlaliberacion.org\/crpmlm\/wp-json\/wp\/v2\/posts\/22334\/revisions"}],"predecessor-version":[{"id":22341,"href":"http:\/\/vamosporlaliberacion.org\/crpmlm\/wp-json\/wp\/v2\/posts\/22334\/revisions\/22341"}],"wp:featuredmedia":[{"embeddable":true,"href":"http:\/\/vamosporlaliberacion.org\/crpmlm\/wp-json\/wp\/v2\/media\/22340"}],"wp:attachment":[{"href":"http:\/\/vamosporlaliberacion.org\/crpmlm\/wp-json\/wp\/v2\/media?parent=22334"}],"wp:term":[{"taxonomy":"category","embeddable":true,"href":"http:\/\/vamosporlaliberacion.org\/crpmlm\/wp-json\/wp\/v2\/categories?post=22334"},{"taxonomy":"post_tag","embeddable":true,"href":"http:\/\/vamosporlaliberacion.org\/crpmlm\/wp-json\/wp\/v2\/tags?post=22334"}],"curies":[{"name":"wp","href":"https:\/\/api.w.org\/{rel}","templated":true}]}}