{"id":22067,"date":"2020-11-12T16:03:24","date_gmt":"2020-11-12T19:03:24","guid":{"rendered":"http:\/\/vamosporlaliberacion.org\/crpmlm\/?p=22067"},"modified":"2020-11-12T16:03:37","modified_gmt":"2020-11-12T19:03:37","slug":"los-companeros-la-experiencia-de-lxs-obrerxs-de-renacer-por-sergio-salvatore","status":"publish","type":"post","link":"http:\/\/vamosporlaliberacion.org\/crpmlm\/los-companeros-la-experiencia-de-lxs-obrerxs-de-renacer-por-sergio-salvatore\/","title":{"rendered":"\u00abLos compa\u00f1eros\u00bb, la experiencia de lxs obrerxs de Renacer por Sergio Salvatore"},"content":{"rendered":"\n<blockquote class=\"wp-block-quote is-layout-flow wp-block-quote-is-layout-flow\"><p>\u00abEl caso de las empresas recuperadas, \u00fanico en el mundo, es una expresi\u00f3n avanzada de las luchas del movimiento obrero que prefigura en algunos aspectos la sociedad del porvenir\u00bb.<\/p><cite>Sergio Salvatore<\/cite><\/blockquote>\n\n\n\n<p><strong>Los compa\u00f1eros<\/strong> es un libro de Sergio Salvatore, publicado en junio del 2010. Diez a\u00f1os despu\u00e9s sigue siendo una obra necesaria y con vigencia. Como intelectual, \u00e9l acompa\u00f1\u00f3 este proceso de forma directa y se puso al servicio de lxs trabajadorxs, aportando en aspectos t\u00e9cnicos, administrativos, humanos y desempe\u00f1\u00e1ndose como coordinador administrativo de la cooperativa. Sergio abraz\u00f3 la lucha de lxs obrerxs, llegando a vivir incluso durante a\u00f1os dentro de la f\u00e1brica, y trabaj\u00f3 para que lxs obrerxs sean quienes tomen \u00ablas tareas administrativas, de ventas, de tesorer\u00eda y de coordinaci\u00f3n de la producci\u00f3n\u00bb.<\/p>\n\n\n\n<p>Salvatore realiza un recorrido de forma detallada de la heroica lucha de lxs obrerxs metal\u00fargicxs de la f\u00e1brica Aurora Grundig en la provincia m\u00e1s austral de nuestro pa\u00eds y el surgimiento de la primera f\u00e1brica recuperada en la Argentina: la Cooperativa de Trabajo Renacer. Un proceso de recuperaci\u00f3n y control obrero de caracter\u00edsticas in\u00e9ditas. El recorrido de esa lucha de casi 10 a\u00f1os, y que a\u00fan contin\u00faa en otra fase, es una invitaci\u00f3n a la admiraci\u00f3n y el aplauso sostenidos.<\/p>\n\n\n\n<p>El libro nos ubica pol\u00edticamente en cada momento de ese complejo proceso, y desmenuza el paso de la convocatoria de acreedores de Electrodom\u00e9sticos Aurora en 1995, el surgimiento en 1997 de Metal\u00fargica Renacer SA \u2013experiencia autogestiva dirigida por la UOM de Ushuaia\u2013 y c\u00f3mo, a partir de denunciar las estafas producidas por estos jerarcas sindicales, se va conformando un grupo de valientes mujeres que encabezan esta gesta.<\/p>\n\n\n\n<p>A lo largo de m\u00e1s de 150 p\u00e1ginas lxs protagonistas de la lucha relatan el proceso desde sus inicios, una \u00abcreaci\u00f3n colectiva\u00bb sintetizar\u00e1 de forma justa Salvatore. Entonces conoceremos a las obreras M\u00f3nica Acosta, Margarita Monla, Bernie Ojeda, In\u00e9s Huayquir y otrxs obrerxs -en particular las mujeres- que en 1998 se nuclearon en la Comisi\u00f3n de Lucha para defender cada uno de los puestos de trabajo y que avanzar\u00edan en la creaci\u00f3n de la empresa recuperada.<\/p>\n\n\n\n<p>Sin duda Los compa\u00f1eros, no es s\u00f3lo una cr\u00f3nica sino que un balance y disparador de debates. Salvatore aborda y profundiza sobre \u00abcooperativismo y neoliberalismo\u00bb, \u00absobre la igualdad\u00bb, \u00abControl obrero, producci\u00f3n y lucha\u00bb, con un an\u00e1lisis marxista sobre el cooperativo en la sociedad capitalista el autor nos plantea la autogesti\u00f3n obrera, los salarios, las jerarqu\u00edas, la contabilidad obrera, los est\u00edmulos materiales y el papel de la conciencia, y reflexiona sobre el fen\u00f3meno de las \u00abrecuperadas\u00bb. Cabe destacar que \u00ablas recuperadas\u00bb es un proceso \u00fanico en el mundo como resultado de la crisis pol\u00edtica, econ\u00f3mica y social que se vivi\u00f3 en nuestro pa\u00eds con el Argentinazo de fines del 2001.<\/p>\n\n\n\n<p>\u00abNo est\u00e1 escrito ni demostrado que estas cooperativas o f\u00e1bricas autogestionadas, adquieran o no la forma cooperativa, vayan a ser inevitablemente derrotadas, si se las entiende como una forma original de la lucha de clases en la Argentina contempor\u00e1nea y en el mundo contempor\u00e1neo. Al rev\u00e9s, hay m\u00e1s posibilidades de que este movimiento se extienda a otros pa\u00edses, en este mundo horadado por la crisis del gran capital\u00bb.<\/p>\n\n\n\n<p>Compartimos con ustedes las primeras p\u00e1ginas&#8230;<\/p>\n\n\n<a href=\"http:\/\/vamosporlaliberacion.org\/crpmlm\/wp-content\/uploads\/2020\/11\/Los-companeros....pdf\" class=\"pdfemb-viewer\" style=\"width:600px;height:500px;\" data-width=\"600\" data-height=\"500\" data-toolbar=\"bottom\" data-toolbar-fixed=\"off\">Los-companeros&#8230;<\/a>\n<p class=\"wp-block-pdfemb-pdf-embedder-viewer\"><\/p>\n\n\n\n<p><br><br><\/p>\n<!-- AddThis Advanced Settings generic via filter on the_content --><!-- AddThis Share Buttons generic via filter on the_content -->","protected":false},"excerpt":{"rendered":"<p>\u00abEl caso de las empresas recuperadas, \u00fanico en el mundo, es una expresi\u00f3n avanzada de las luchas del movimiento obrero que prefigura en algunos aspectos la sociedad del porvenir\u00bb. Sergio Salvatore Los compa\u00f1eros es un libro de Sergio Salvatore, publicado en junio del 2010. Diez a\u00f1os despu\u00e9s sigue siendo una obra necesaria y con vigencia. [&hellip;]<!-- AddThis Advanced Settings generic via filter on get_the_excerpt --><!-- AddThis Share Buttons generic via filter on get_the_excerpt --><\/p>\n","protected":false},"author":6,"featured_media":22072,"comment_status":"open","ping_status":"open","sticky":false,"template":"","format":"standard","meta":{"_jetpack_memberships_contains_paid_content":false,"footnotes":""},"categories":[1850],"tags":[],"class_list":{"0":"post-22067","1":"post","2":"type-post","3":"status-publish","4":"format-standard","5":"has-post-thumbnail","7":"category-cultura"},"yoast_head":"<!-- This site is optimized with the Yoast SEO plugin v27.4 - https:\/\/yoast.com\/product\/yoast-seo-wordpress\/ -->\n<title>&quot;Los compa\u00f1eros&quot;, la experiencia de lxs obrerxs de Renacer por Sergio Salvatore - Vamos por la Liberaci\u00f3n<\/title>\n<meta name=\"robots\" content=\"index, follow, max-snippet:-1, max-image-preview:large, max-video-preview:-1\" \/>\n<link rel=\"canonical\" href=\"http:\/\/vamosporlaliberacion.org\/crpmlm\/los-companeros-la-experiencia-de-lxs-obrerxs-de-renacer-por-sergio-salvatore\/\" \/>\n<meta name=\"twitter:label1\" content=\"Escrito por\" \/>\n\t<meta name=\"twitter:data1\" content=\"vamos!\" \/>\n\t<meta name=\"twitter:label2\" content=\"Tiempo de lectura\" \/>\n\t<meta name=\"twitter:data2\" content=\"3 minutos\" \/>\n<script type=\"application\/ld+json\" class=\"yoast-schema-graph\">{\"@context\":\"https:\\\/\\\/schema.org\",\"@graph\":[{\"@type\":\"Article\",\"@id\":\"http:\\\/\\\/vamosporlaliberacion.org\\\/crpmlm\\\/los-companeros-la-experiencia-de-lxs-obrerxs-de-renacer-por-sergio-salvatore\\\/#article\",\"isPartOf\":{\"@id\":\"http:\\\/\\\/vamosporlaliberacion.org\\\/crpmlm\\\/los-companeros-la-experiencia-de-lxs-obrerxs-de-renacer-por-sergio-salvatore\\\/\"},\"author\":{\"name\":\"vamos!\",\"@id\":\"https:\\\/\\\/vamosporlaliberacion.org\\\/crpmlm\\\/#\\\/schema\\\/person\\\/d6eac7758df3770dae9cd9eb104d615c\"},\"headline\":\"\u00abLos compa\u00f1eros\u00bb, la experiencia de lxs obrerxs de Renacer por Sergio Salvatore\",\"datePublished\":\"2020-11-12T19:03:24+00:00\",\"dateModified\":\"2020-11-12T19:03:37+00:00\",\"mainEntityOfPage\":{\"@id\":\"http:\\\/\\\/vamosporlaliberacion.org\\\/crpmlm\\\/los-companeros-la-experiencia-de-lxs-obrerxs-de-renacer-por-sergio-salvatore\\\/\"},\"wordCount\":592,\"commentCount\":0,\"image\":{\"@id\":\"http:\\\/\\\/vamosporlaliberacion.org\\\/crpmlm\\\/los-companeros-la-experiencia-de-lxs-obrerxs-de-renacer-por-sergio-salvatore\\\/#primaryimage\"},\"thumbnailUrl\":\"https:\\\/\\\/i0.wp.com\\\/vamosporlaliberacion.org\\\/crpmlm\\\/wp-content\\\/uploads\\\/2020\\\/11\\\/los-companeros.jpg?fit=900%2C675&ssl=1\",\"articleSection\":[\"cultura\"],\"inLanguage\":\"es\",\"potentialAction\":[{\"@type\":\"CommentAction\",\"name\":\"Comment\",\"target\":[\"http:\\\/\\\/vamosporlaliberacion.org\\\/crpmlm\\\/los-companeros-la-experiencia-de-lxs-obrerxs-de-renacer-por-sergio-salvatore\\\/#respond\"]}]},{\"@type\":\"WebPage\",\"@id\":\"http:\\\/\\\/vamosporlaliberacion.org\\\/crpmlm\\\/los-companeros-la-experiencia-de-lxs-obrerxs-de-renacer-por-sergio-salvatore\\\/\",\"url\":\"http:\\\/\\\/vamosporlaliberacion.org\\\/crpmlm\\\/los-companeros-la-experiencia-de-lxs-obrerxs-de-renacer-por-sergio-salvatore\\\/\",\"name\":\"\\\"Los compa\u00f1eros\\\", la experiencia de lxs obrerxs de Renacer por Sergio Salvatore - Vamos por la Liberaci\u00f3n\",\"isPartOf\":{\"@id\":\"https:\\\/\\\/vamosporlaliberacion.org\\\/crpmlm\\\/#website\"},\"primaryImageOfPage\":{\"@id\":\"http:\\\/\\\/vamosporlaliberacion.org\\\/crpmlm\\\/los-companeros-la-experiencia-de-lxs-obrerxs-de-renacer-por-sergio-salvatore\\\/#primaryimage\"},\"image\":{\"@id\":\"http:\\\/\\\/vamosporlaliberacion.org\\\/crpmlm\\\/los-companeros-la-experiencia-de-lxs-obrerxs-de-renacer-por-sergio-salvatore\\\/#primaryimage\"},\"thumbnailUrl\":\"https:\\\/\\\/i0.wp.com\\\/vamosporlaliberacion.org\\\/crpmlm\\\/wp-content\\\/uploads\\\/2020\\\/11\\\/los-companeros.jpg?fit=900%2C675&ssl=1\",\"datePublished\":\"2020-11-12T19:03:24+00:00\",\"dateModified\":\"2020-11-12T19:03:37+00:00\",\"author\":{\"@id\":\"https:\\\/\\\/vamosporlaliberacion.org\\\/crpmlm\\\/#\\\/schema\\\/person\\\/d6eac7758df3770dae9cd9eb104d615c\"},\"breadcrumb\":{\"@id\":\"http:\\\/\\\/vamosporlaliberacion.org\\\/crpmlm\\\/los-companeros-la-experiencia-de-lxs-obrerxs-de-renacer-por-sergio-salvatore\\\/#breadcrumb\"},\"inLanguage\":\"es\",\"potentialAction\":[{\"@type\":\"ReadAction\",\"target\":[\"http:\\\/\\\/vamosporlaliberacion.org\\\/crpmlm\\\/los-companeros-la-experiencia-de-lxs-obrerxs-de-renacer-por-sergio-salvatore\\\/\"]}]},{\"@type\":\"ImageObject\",\"inLanguage\":\"es\",\"@id\":\"http:\\\/\\\/vamosporlaliberacion.org\\\/crpmlm\\\/los-companeros-la-experiencia-de-lxs-obrerxs-de-renacer-por-sergio-salvatore\\\/#primaryimage\",\"url\":\"https:\\\/\\\/i0.wp.com\\\/vamosporlaliberacion.org\\\/crpmlm\\\/wp-content\\\/uploads\\\/2020\\\/11\\\/los-companeros.jpg?fit=900%2C675&ssl=1\",\"contentUrl\":\"https:\\\/\\\/i0.wp.com\\\/vamosporlaliberacion.org\\\/crpmlm\\\/wp-content\\\/uploads\\\/2020\\\/11\\\/los-companeros.jpg?fit=900%2C675&ssl=1\",\"width\":900,\"height\":675},{\"@type\":\"BreadcrumbList\",\"@id\":\"http:\\\/\\\/vamosporlaliberacion.org\\\/crpmlm\\\/los-companeros-la-experiencia-de-lxs-obrerxs-de-renacer-por-sergio-salvatore\\\/#breadcrumb\",\"itemListElement\":[{\"@type\":\"ListItem\",\"position\":1,\"name\":\"Portada\",\"item\":\"https:\\\/\\\/vamosporlaliberacion.org\\\/crpmlm\\\/\"},{\"@type\":\"ListItem\",\"position\":2,\"name\":\"\u00abLos compa\u00f1eros\u00bb, la experiencia de lxs obrerxs de Renacer por Sergio Salvatore\"}]},{\"@type\":\"WebSite\",\"@id\":\"https:\\\/\\\/vamosporlaliberacion.org\\\/crpmlm\\\/#website\",\"url\":\"https:\\\/\\\/vamosporlaliberacion.org\\\/crpmlm\\\/\",\"name\":\"Vamos por la Liberaci\u00f3n\",\"description\":\"Prensa CR\",\"potentialAction\":[{\"@type\":\"SearchAction\",\"target\":{\"@type\":\"EntryPoint\",\"urlTemplate\":\"https:\\\/\\\/vamosporlaliberacion.org\\\/crpmlm\\\/?s={search_term_string}\"},\"query-input\":{\"@type\":\"PropertyValueSpecification\",\"valueRequired\":true,\"valueName\":\"search_term_string\"}}],\"inLanguage\":\"es\"},{\"@type\":\"Person\",\"@id\":\"https:\\\/\\\/vamosporlaliberacion.org\\\/crpmlm\\\/#\\\/schema\\\/person\\\/d6eac7758df3770dae9cd9eb104d615c\",\"name\":\"vamos!\",\"url\":\"http:\\\/\\\/vamosporlaliberacion.org\\\/crpmlm\\\/author\\\/adminvxl\\\/\"}]}<\/script>\n<!-- \/ Yoast SEO plugin. -->","yoast_head_json":{"title":"\"Los compa\u00f1eros\", la experiencia de lxs obrerxs de Renacer por Sergio Salvatore - Vamos por la Liberaci\u00f3n","robots":{"index":"index","follow":"follow","max-snippet":"max-snippet:-1","max-image-preview":"max-image-preview:large","max-video-preview":"max-video-preview:-1"},"canonical":"http:\/\/vamosporlaliberacion.org\/crpmlm\/los-companeros-la-experiencia-de-lxs-obrerxs-de-renacer-por-sergio-salvatore\/","twitter_misc":{"Escrito por":"vamos!","Tiempo de lectura":"3 minutos"},"schema":{"@context":"https:\/\/schema.org","@graph":[{"@type":"Article","@id":"http:\/\/vamosporlaliberacion.org\/crpmlm\/los-companeros-la-experiencia-de-lxs-obrerxs-de-renacer-por-sergio-salvatore\/#article","isPartOf":{"@id":"http:\/\/vamosporlaliberacion.org\/crpmlm\/los-companeros-la-experiencia-de-lxs-obrerxs-de-renacer-por-sergio-salvatore\/"},"author":{"name":"vamos!","@id":"https:\/\/vamosporlaliberacion.org\/crpmlm\/#\/schema\/person\/d6eac7758df3770dae9cd9eb104d615c"},"headline":"\u00abLos compa\u00f1eros\u00bb, la experiencia de lxs obrerxs de Renacer por Sergio Salvatore","datePublished":"2020-11-12T19:03:24+00:00","dateModified":"2020-11-12T19:03:37+00:00","mainEntityOfPage":{"@id":"http:\/\/vamosporlaliberacion.org\/crpmlm\/los-companeros-la-experiencia-de-lxs-obrerxs-de-renacer-por-sergio-salvatore\/"},"wordCount":592,"commentCount":0,"image":{"@id":"http:\/\/vamosporlaliberacion.org\/crpmlm\/los-companeros-la-experiencia-de-lxs-obrerxs-de-renacer-por-sergio-salvatore\/#primaryimage"},"thumbnailUrl":"https:\/\/i0.wp.com\/vamosporlaliberacion.org\/crpmlm\/wp-content\/uploads\/2020\/11\/los-companeros.jpg?fit=900%2C675&ssl=1","articleSection":["cultura"],"inLanguage":"es","potentialAction":[{"@type":"CommentAction","name":"Comment","target":["http:\/\/vamosporlaliberacion.org\/crpmlm\/los-companeros-la-experiencia-de-lxs-obrerxs-de-renacer-por-sergio-salvatore\/#respond"]}]},{"@type":"WebPage","@id":"http:\/\/vamosporlaliberacion.org\/crpmlm\/los-companeros-la-experiencia-de-lxs-obrerxs-de-renacer-por-sergio-salvatore\/","url":"http:\/\/vamosporlaliberacion.org\/crpmlm\/los-companeros-la-experiencia-de-lxs-obrerxs-de-renacer-por-sergio-salvatore\/","name":"\"Los compa\u00f1eros\", la experiencia de lxs obrerxs de Renacer por Sergio Salvatore - Vamos por la Liberaci\u00f3n","isPartOf":{"@id":"https:\/\/vamosporlaliberacion.org\/crpmlm\/#website"},"primaryImageOfPage":{"@id":"http:\/\/vamosporlaliberacion.org\/crpmlm\/los-companeros-la-experiencia-de-lxs-obrerxs-de-renacer-por-sergio-salvatore\/#primaryimage"},"image":{"@id":"http:\/\/vamosporlaliberacion.org\/crpmlm\/los-companeros-la-experiencia-de-lxs-obrerxs-de-renacer-por-sergio-salvatore\/#primaryimage"},"thumbnailUrl":"https:\/\/i0.wp.com\/vamosporlaliberacion.org\/crpmlm\/wp-content\/uploads\/2020\/11\/los-companeros.jpg?fit=900%2C675&ssl=1","datePublished":"2020-11-12T19:03:24+00:00","dateModified":"2020-11-12T19:03:37+00:00","author":{"@id":"https:\/\/vamosporlaliberacion.org\/crpmlm\/#\/schema\/person\/d6eac7758df3770dae9cd9eb104d615c"},"breadcrumb":{"@id":"http:\/\/vamosporlaliberacion.org\/crpmlm\/los-companeros-la-experiencia-de-lxs-obrerxs-de-renacer-por-sergio-salvatore\/#breadcrumb"},"inLanguage":"es","potentialAction":[{"@type":"ReadAction","target":["http:\/\/vamosporlaliberacion.org\/crpmlm\/los-companeros-la-experiencia-de-lxs-obrerxs-de-renacer-por-sergio-salvatore\/"]}]},{"@type":"ImageObject","inLanguage":"es","@id":"http:\/\/vamosporlaliberacion.org\/crpmlm\/los-companeros-la-experiencia-de-lxs-obrerxs-de-renacer-por-sergio-salvatore\/#primaryimage","url":"https:\/\/i0.wp.com\/vamosporlaliberacion.org\/crpmlm\/wp-content\/uploads\/2020\/11\/los-companeros.jpg?fit=900%2C675&ssl=1","contentUrl":"https:\/\/i0.wp.com\/vamosporlaliberacion.org\/crpmlm\/wp-content\/uploads\/2020\/11\/los-companeros.jpg?fit=900%2C675&ssl=1","width":900,"height":675},{"@type":"BreadcrumbList","@id":"http:\/\/vamosporlaliberacion.org\/crpmlm\/los-companeros-la-experiencia-de-lxs-obrerxs-de-renacer-por-sergio-salvatore\/#breadcrumb","itemListElement":[{"@type":"ListItem","position":1,"name":"Portada","item":"https:\/\/vamosporlaliberacion.org\/crpmlm\/"},{"@type":"ListItem","position":2,"name":"\u00abLos compa\u00f1eros\u00bb, la experiencia de lxs obrerxs de Renacer por Sergio Salvatore"}]},{"@type":"WebSite","@id":"https:\/\/vamosporlaliberacion.org\/crpmlm\/#website","url":"https:\/\/vamosporlaliberacion.org\/crpmlm\/","name":"Vamos por la Liberaci\u00f3n","description":"Prensa CR","potentialAction":[{"@type":"SearchAction","target":{"@type":"EntryPoint","urlTemplate":"https:\/\/vamosporlaliberacion.org\/crpmlm\/?s={search_term_string}"},"query-input":{"@type":"PropertyValueSpecification","valueRequired":true,"valueName":"search_term_string"}}],"inLanguage":"es"},{"@type":"Person","@id":"https:\/\/vamosporlaliberacion.org\/crpmlm\/#\/schema\/person\/d6eac7758df3770dae9cd9eb104d615c","name":"vamos!","url":"http:\/\/vamosporlaliberacion.org\/crpmlm\/author\/adminvxl\/"}]}},"jetpack_featured_media_url":"https:\/\/i0.wp.com\/vamosporlaliberacion.org\/crpmlm\/wp-content\/uploads\/2020\/11\/los-companeros.jpg?fit=900%2C675&ssl=1","jetpack_sharing_enabled":true,"_links":{"self":[{"href":"http:\/\/vamosporlaliberacion.org\/crpmlm\/wp-json\/wp\/v2\/posts\/22067","targetHints":{"allow":["GET"]}}],"collection":[{"href":"http:\/\/vamosporlaliberacion.org\/crpmlm\/wp-json\/wp\/v2\/posts"}],"about":[{"href":"http:\/\/vamosporlaliberacion.org\/crpmlm\/wp-json\/wp\/v2\/types\/post"}],"author":[{"embeddable":true,"href":"http:\/\/vamosporlaliberacion.org\/crpmlm\/wp-json\/wp\/v2\/users\/6"}],"replies":[{"embeddable":true,"href":"http:\/\/vamosporlaliberacion.org\/crpmlm\/wp-json\/wp\/v2\/comments?post=22067"}],"version-history":[{"count":2,"href":"http:\/\/vamosporlaliberacion.org\/crpmlm\/wp-json\/wp\/v2\/posts\/22067\/revisions"}],"predecessor-version":[{"id":22075,"href":"http:\/\/vamosporlaliberacion.org\/crpmlm\/wp-json\/wp\/v2\/posts\/22067\/revisions\/22075"}],"wp:featuredmedia":[{"embeddable":true,"href":"http:\/\/vamosporlaliberacion.org\/crpmlm\/wp-json\/wp\/v2\/media\/22072"}],"wp:attachment":[{"href":"http:\/\/vamosporlaliberacion.org\/crpmlm\/wp-json\/wp\/v2\/media?parent=22067"}],"wp:term":[{"taxonomy":"category","embeddable":true,"href":"http:\/\/vamosporlaliberacion.org\/crpmlm\/wp-json\/wp\/v2\/categories?post=22067"},{"taxonomy":"post_tag","embeddable":true,"href":"http:\/\/vamosporlaliberacion.org\/crpmlm\/wp-json\/wp\/v2\/tags?post=22067"}],"curies":[{"name":"wp","href":"https:\/\/api.w.org\/{rel}","templated":true}]}}