{"id":22023,"date":"2020-11-10T13:17:50","date_gmt":"2020-11-10T16:17:50","guid":{"rendered":"http:\/\/vamosporlaliberacion.org\/crpmlm\/?p=22023"},"modified":"2020-11-10T13:18:47","modified_gmt":"2020-11-10T16:18:47","slug":"la-afi-de-macri-espio-a-los-trabajadores-del-astillero-tandanor","status":"publish","type":"post","link":"http:\/\/vamosporlaliberacion.org\/crpmlm\/la-afi-de-macri-espio-a-los-trabajadores-del-astillero-tandanor\/","title":{"rendered":"La AFI de Macri espi\u00f3 a los trabajadores del Astillero TANDANOR"},"content":{"rendered":"\n<p style=\"font-size:18px\">El domingo 8 de noviembre, el portal informativo <a href=\"https:\/\/www.elcohetealaluna.com\/para-verte-mejor\/\"><em>El Cohete a la Luna<\/em> public\u00f3 una noticia<\/a> que revel\u00f3 un nuevo cap\u00edtulo en el esc\u00e1ndalo del espionaje ilegal llevado adelante por la AFI, durante la presidencia de Mauricio Macri. Esta nueva denuncia, involucra a Alicia Cristina Pelorosso, entonces vicepresidenta, y a Alfredo Macera, que se desempe\u00f1aba como Director.<\/p>\n\n\n\n<p><strong>El gobierno de Macri design\u00f3 el 29 de diciembre dos agentes de inteligencia en el Directorio de Tandanor, empresa mixta integrada conformada en un 90% por el Estado y en un 10% por participaci\u00f3n obrera. Tandanor es una empresa estrat\u00e9gica del Estado.<\/strong><\/p>\n\n\n\n<div class=\"wp-block-image\"><figure class=\"alignright size-large is-resized\"><img data-recalc-dims=\"1\" loading=\"lazy\" decoding=\"async\" src=\"https:\/\/i0.wp.com\/vamosporlaliberacion.org\/crpmlm\/wp-content\/uploads\/2020\/11\/tandanor-3.jpg?resize=490%2C395\" alt=\"\" class=\"wp-image-22028\" width=\"490\" height=\"395\" srcset=\"https:\/\/i0.wp.com\/vamosporlaliberacion.org\/crpmlm\/wp-content\/uploads\/2020\/11\/tandanor-3.jpg?w=481&amp;ssl=1 481w, https:\/\/i0.wp.com\/vamosporlaliberacion.org\/crpmlm\/wp-content\/uploads\/2020\/11\/tandanor-3.jpg?resize=300%2C242&amp;ssl=1 300w, https:\/\/i0.wp.com\/vamosporlaliberacion.org\/crpmlm\/wp-content\/uploads\/2020\/11\/tandanor-3.jpg?resize=150%2C121&amp;ssl=1 150w\" sizes=\"auto, (max-width: 490px) 100vw, 490px\" \/><figcaption>Arosa, Pelorosso y Macera.<\/figcaption><\/figure><\/div>\n\n\n\n<p>Estamos ante un nuevo esc\u00e1ndalo del espionaje macrista, y seg\u00fan surge del expediente al que tuvo acceso el medio, el gobierno de Mauricio Macri designo a dos agentes de inteligencia en el directorio de Tandanor S.A.C.I.y N., un fen\u00f3meno que hasta ahora no hab\u00eda aparecido: que un agente de inteligencia designara funcionarixs en la mesa de un Directorio. Este dato subraya la dimensi\u00f3n transversal de una pol\u00edtica de Estado.<\/p>\n\n\n\n<p>En di\u00e1logo con el MUS, Mauricio Melian, Sec. Adjunto del Sindicato de Trabajadores de Talleres y Astilleros Navales (SITTAN) relat\u00f3 lo acontecido y la persecuci\u00f3n sufrida a lxs trabajadorxs de Tandanor. Reproducimos la entrevista.<\/p>\n\n\n\n<p><strong>Sali\u00f3 a la luz una nueva denuncia que involucra a ex directores de Tandanor como integrantes del sistema de Inteligencia Nacional, \u00bfC\u00f3mo recibieron esta noticia en el marco de la persecuci\u00f3n sindical que se vivi\u00f3 bajo esa gesti\u00f3n?<\/strong><\/p>\n\n\n\n<p><strong>Mauricio Melian:<\/strong> Tendr\u00eda que decir que la recibimos con asombro pero estar\u00eda mintiendo. Esa no es la sensaci\u00f3n al leer la noticia. La recibimos como una confirmaci\u00f3n de lo vivido y denunciado durante su gesti\u00f3n. El Directorio macrista en TANDANOR tomo como primer medida la instalaci\u00f3n de c\u00e1maras de vigilancia en todo el Astillero. No solo quer\u00edan tener todo bajo control, sino ESPIAR a los compa\u00f1eros, observar los movimientos de los representantes sindicales del SITTAN, coartando de esta manera la libertad sindical. <\/p>\n\n\n\n<p>Cuando llegaron a Tandanor no daban con los perfiles que una empresa que repara y construye buques espera, al final resultaron ser agentes encubiertos. Durante su gesti\u00f3n hemos vivido escenas de espionaje como por ejemplo el insinuar a los trabajadores con quienes deb\u00edan juntarse y con qui\u00e9n no. Ese planteo lo realizaban los d\u00edas viernes en las denominadas mezasas de Arosa. En ellas el ex presidente de Tandanor invitaba a ciertos trabajadores a un almuerzo en sus oficinas y hac\u00edan su bajada de l\u00ednea, la mayor\u00eda de las cr\u00edticas se las llevaba el sindicato, obviamente con el fin de generar un descontento en el ambiente laboral. Lo m\u00e1s grave de todo esto es que ellos sab\u00edan exactamente a quien perseguir y luego despedir. Hicieron un trabajo de inteligencia. <\/p>\n\n\n\n<p>Primero ajustaron sobre los profesionales del astillero generando un vaciamiento intelectual, luego atacaron a la organizaci\u00f3n despidiendo no solo a trabajadores productivos sino a trabajadores militantes en forma arbitraria. Como frutilla del postre judicializaron una huelga denunciando penalmente en Comodoro Py y pidiendo el desafuero de m\u00e1s de la mitad de la Comisi\u00f3n Directiva del SITTAN. Contaban con todas las herramientas para concretar su plan: Ajuste, vaciamiento intelectual y productivo. Para concretar este fin necesitaban tener al gremio afuera y eso lo lograron con las medidas cautelares que no nos permit\u00eda y no nos permite hasta el d\u00eda de hoy cumplir con nuestras funciones dentro del astillero, esas funciones no son ni m\u00e1s ni menos que la defensa de los derechos e intereses de los trabajadores.<\/p>\n\n\n\n<div class=\"wp-block-image td-caption-align-center\"><figure class=\"aligncenter size-large\"><img data-recalc-dims=\"1\" loading=\"lazy\" decoding=\"async\" width=\"696\" height=\"392\" src=\"https:\/\/i0.wp.com\/vamosporlaliberacion.org\/crpmlm\/wp-content\/uploads\/2020\/11\/tandanor-700x394.jpg?resize=696%2C392\" alt=\"\" class=\"wp-image-22025\" srcset=\"https:\/\/i0.wp.com\/vamosporlaliberacion.org\/crpmlm\/wp-content\/uploads\/2020\/11\/tandanor.jpg?resize=700%2C394&amp;ssl=1 700w, https:\/\/i0.wp.com\/vamosporlaliberacion.org\/crpmlm\/wp-content\/uploads\/2020\/11\/tandanor.jpg?resize=300%2C169&amp;ssl=1 300w, https:\/\/i0.wp.com\/vamosporlaliberacion.org\/crpmlm\/wp-content\/uploads\/2020\/11\/tandanor.jpg?resize=768%2C432&amp;ssl=1 768w, https:\/\/i0.wp.com\/vamosporlaliberacion.org\/crpmlm\/wp-content\/uploads\/2020\/11\/tandanor.jpg?resize=150%2C84&amp;ssl=1 150w, https:\/\/i0.wp.com\/vamosporlaliberacion.org\/crpmlm\/wp-content\/uploads\/2020\/11\/tandanor.jpg?resize=696%2C392&amp;ssl=1 696w, https:\/\/i0.wp.com\/vamosporlaliberacion.org\/crpmlm\/wp-content\/uploads\/2020\/11\/tandanor.jpg?resize=747%2C420&amp;ssl=1 747w, https:\/\/i0.wp.com\/vamosporlaliberacion.org\/crpmlm\/wp-content\/uploads\/2020\/11\/tandanor.jpg?w=960&amp;ssl=1 960w\" sizes=\"auto, (max-width: 696px) 100vw, 696px\" \/><figcaption>Protesta en el 2018 contra el vaciamiento del Astillero<\/figcaption><\/figure><\/div>\n\n\n\n<p><strong>\u00bfC\u00f3mo era la situaci\u00f3n de los trabajadores dentro del astillero?<\/strong><\/p>\n\n\n\n<p>Entiendo que los empleadores tienen facultades de control y direcci\u00f3n dentro de una empresa que deviene de la LCT, pero el exceso vulnera no solo los derechos de los trabajadores sino su dignidad. Durante la gesti\u00f3n anterior los controles no se practicaban con discreci\u00f3n, sino por el contrario eran caprichosos y abusivos. El control que ejerc\u00edan no era vinculado a la producci\u00f3n o a mantener los \u00edndices de actividad, sino que ten\u00edan como finalidad perseguir a los trabajadores. Durante esos a\u00f1os los niveles de reparaci\u00f3n y construcci\u00f3n en Tandanor bajaron considerablemente, seg\u00fan el Directorio la culpa se deb\u00eda al tiempo que perd\u00eda un compa\u00f1ero en ir al ba\u00f1o a realizar sus necesidades, o los minutos que tardaba en ir al Servicio M\u00e9dico, a Personal o a RRHH. No se preocupaban por tener las gradas llenas de buques, o proyectos sustentables que generen ingresos para el astillero sino que su mayor preocupaci\u00f3n era CONTROLAR al trabajador.<\/p>\n\n\n\n<p><strong>\u00bfCu\u00e1l es el estado actual de las causas?<\/strong><\/p>\n\n\n\n<p>En el \u00e1mbito penal las denuncias se encuentran en Comodoro Py. En primera instancia hemos sido procesados de tres a diez a\u00f1os por el juez Luis Rodr\u00edguez, resoluci\u00f3n que fue apelada por nuestra parte logrando en segunda instancia un sobreseimiento. Esta \u00faltima sentencia fue apelada por el Directorio macrista a d\u00edas de su salida de la empresa Tandanor. Hace unos d\u00edas el Tribunal de Casaci\u00f3n en lo Penal remiti\u00f3 las actuaciones a Luis Rodr\u00edguez (primera instancia) para que vuelva a fallar nuevamente debido a las contradicciones legales y de interpretaci\u00f3n que se dieron en las instancias anteriores. <\/p>\n\n\n\n<p>En el \u00e1mbito laboral, lamentablemente 3 de los 6 compa\u00f1eros de Comisi\u00f3n Directiva fueron desaforados por el juez Luis Ramonet, Juzgado n.\u00ba 69 injustamente. El restante de los dirigentes a\u00fan no tenemos fallo de primera instancia y nos encontramos en la instancia de prueba. En Agosto del corriente a\u00f1o se cumplieron 2 a\u00f1os que no podemos ejercer nuestras funciones sindicales, debido a que no solo se pidi\u00f3 el desafuero sino que tambi\u00e9n se solicit\u00f3 se una medida cautelar de no ingreso al astillero hasta que la justicia decida.<\/p>\n\n\n\n<div class=\"wp-block-image td-caption-align-center\"><figure class=\"aligncenter size-large\"><img data-recalc-dims=\"1\" loading=\"lazy\" decoding=\"async\" width=\"696\" height=\"522\" src=\"https:\/\/i0.wp.com\/vamosporlaliberacion.org\/crpmlm\/wp-content\/uploads\/2020\/11\/122338030_647535712574203_8927389650319522478_o-700x525.jpg?resize=696%2C522\" alt=\"\" class=\"wp-image-22026\" srcset=\"https:\/\/i0.wp.com\/vamosporlaliberacion.org\/crpmlm\/wp-content\/uploads\/2020\/11\/122338030_647535712574203_8927389650319522478_o.jpg?resize=700%2C525&amp;ssl=1 700w, https:\/\/i0.wp.com\/vamosporlaliberacion.org\/crpmlm\/wp-content\/uploads\/2020\/11\/122338030_647535712574203_8927389650319522478_o.jpg?resize=300%2C225&amp;ssl=1 300w, https:\/\/i0.wp.com\/vamosporlaliberacion.org\/crpmlm\/wp-content\/uploads\/2020\/11\/122338030_647535712574203_8927389650319522478_o.jpg?resize=768%2C576&amp;ssl=1 768w, https:\/\/i0.wp.com\/vamosporlaliberacion.org\/crpmlm\/wp-content\/uploads\/2020\/11\/122338030_647535712574203_8927389650319522478_o.jpg?resize=150%2C113&amp;ssl=1 150w, https:\/\/i0.wp.com\/vamosporlaliberacion.org\/crpmlm\/wp-content\/uploads\/2020\/11\/122338030_647535712574203_8927389650319522478_o.jpg?resize=696%2C522&amp;ssl=1 696w, https:\/\/i0.wp.com\/vamosporlaliberacion.org\/crpmlm\/wp-content\/uploads\/2020\/11\/122338030_647535712574203_8927389650319522478_o.jpg?resize=560%2C420&amp;ssl=1 560w, https:\/\/i0.wp.com\/vamosporlaliberacion.org\/crpmlm\/wp-content\/uploads\/2020\/11\/122338030_647535712574203_8927389650319522478_o.jpg?resize=80%2C60&amp;ssl=1 80w, https:\/\/i0.wp.com\/vamosporlaliberacion.org\/crpmlm\/wp-content\/uploads\/2020\/11\/122338030_647535712574203_8927389650319522478_o.jpg?resize=265%2C198&amp;ssl=1 265w, https:\/\/i0.wp.com\/vamosporlaliberacion.org\/crpmlm\/wp-content\/uploads\/2020\/11\/122338030_647535712574203_8927389650319522478_o.jpg?w=1040&amp;ssl=1 1040w\" sizes=\"auto, (max-width: 696px) 100vw, 696px\" \/><figcaption>Campa\u00f1a contra el cese de los juicios de desafuero contra los dirigentes sindicales del SITTAN en el Astillero TANDANOR<\/figcaption><\/figure><\/div>\n\n\n\n<p><strong>El\u00a0 actual directorio, quien a su vez pidi\u00f3 ser querellante en la causa de espionaje en Tandanor \u00bfqu\u00e9 actitud tomo frente a los procesamientos y pedido de desafuero?<\/strong><\/p>\n\n\n\n<p>Lamentablemente ninguna. Nosotros pens\u00e1bamos que con el cambio del gobierno y por ende cambio del directorio en Tandanor se iba a reivindicar la lucha que se dio, pero eso a\u00fan no sucedi\u00f3. <\/p>\n\n\n\n<p>En la denuncia penal el querellante es Tandanor y en lo laboral el pedido de exclusi\u00f3n de tutela (desafuero) lo pidi\u00f3 tambi\u00e9n Tandanor. Hoy el contexto pol\u00edtico es otro, por eso creemos que est\u00e1n dadas las circunstancias para que estos nuevos directores desistan de los juicios de desafuero que fueron iniciados por el gobierno anterior. Hoy con la llegada de Alberto al gobierno y el cambio del Directorio en TANDANOR, vuelve la esperanza de poner nuevamente al astillero de pie y con ello la posibilidad de reparar la injusticia cometida en nombre de TANDANOR no solo contra los dirigentes perseguidos judicialmente por defender los puestos de trabajos y la industria naval, sino tambi\u00e9n la injusticia cometida contra el conjunto de los trabajadores del astillero. <\/p>\n\n\n\n<p>Hoy el directorio en cabeza de su Presidente Ing. Miguel \u00c1ngel Tudino, tiene en sus manos la soluci\u00f3n de la situaci\u00f3n de los tres dirigentes sindicales, reivindicando la lucha de los trabajadores en defensa de la industria naval. Es su responsabilidad revertir las pol\u00edticas de persecuci\u00f3n sufridas por quienes enfrentamos el vaciamiento y ajuste en TANDANOR, de lo contrario estaremos frente a las mismas pol\u00edticas del directorio saliente, sentando un precedente nefasto para la historia del astillero.<\/p>\n\n\n\n<p><strong>\u00bfExisti\u00f3 instancia de di\u00e1logo a fin de resolver esta situaci\u00f3n?<\/strong><\/p>\n\n\n\n<p>No, pasaron m\u00e1s de 10 meses desde la asunci\u00f3n de este nuevo Directorio y no existi\u00f3 ning\u00fan tipo de negociaci\u00f3n que tenga como objetivo resolver la situaci\u00f3n de los 3 compa\u00f1eros de Comisi\u00f3n Directiva que actualmente est\u00e1n padeciendo los pedidos de desafuero iniciados por el gobierno anterior.<\/p>\n\n\n\n<div class=\"wp-block-image td-caption-align-center\"><figure class=\"aligncenter size-large\"><img data-recalc-dims=\"1\" loading=\"lazy\" decoding=\"async\" width=\"696\" height=\"348\" src=\"https:\/\/i0.wp.com\/vamosporlaliberacion.org\/crpmlm\/wp-content\/uploads\/2020\/11\/122082604_647536079240833_7661719226461715740_o-700x350.jpg?resize=696%2C348\" alt=\"\" class=\"wp-image-22027\" srcset=\"https:\/\/i0.wp.com\/vamosporlaliberacion.org\/crpmlm\/wp-content\/uploads\/2020\/11\/122082604_647536079240833_7661719226461715740_o.jpg?resize=700%2C350&amp;ssl=1 700w, https:\/\/i0.wp.com\/vamosporlaliberacion.org\/crpmlm\/wp-content\/uploads\/2020\/11\/122082604_647536079240833_7661719226461715740_o.jpg?resize=300%2C150&amp;ssl=1 300w, https:\/\/i0.wp.com\/vamosporlaliberacion.org\/crpmlm\/wp-content\/uploads\/2020\/11\/122082604_647536079240833_7661719226461715740_o.jpg?resize=768%2C384&amp;ssl=1 768w, https:\/\/i0.wp.com\/vamosporlaliberacion.org\/crpmlm\/wp-content\/uploads\/2020\/11\/122082604_647536079240833_7661719226461715740_o.jpg?resize=150%2C75&amp;ssl=1 150w, https:\/\/i0.wp.com\/vamosporlaliberacion.org\/crpmlm\/wp-content\/uploads\/2020\/11\/122082604_647536079240833_7661719226461715740_o.jpg?resize=696%2C348&amp;ssl=1 696w, https:\/\/i0.wp.com\/vamosporlaliberacion.org\/crpmlm\/wp-content\/uploads\/2020\/11\/122082604_647536079240833_7661719226461715740_o.jpg?resize=1068%2C534&amp;ssl=1 1068w, https:\/\/i0.wp.com\/vamosporlaliberacion.org\/crpmlm\/wp-content\/uploads\/2020\/11\/122082604_647536079240833_7661719226461715740_o.jpg?resize=840%2C420&amp;ssl=1 840w, https:\/\/i0.wp.com\/vamosporlaliberacion.org\/crpmlm\/wp-content\/uploads\/2020\/11\/122082604_647536079240833_7661719226461715740_o.jpg?w=1280&amp;ssl=1 1280w\" sizes=\"auto, (max-width: 696px) 100vw, 696px\" \/><figcaption>Campa\u00f1a contra el cese de los juicios de desafuero contra los dirigentes sindicales del SITTAN en el Astillero TANDANOR<\/figcaption><\/figure><\/div>\n\n\n\n<p><strong>\u00bfCu\u00e1l fue la respuesta de los trabajadores frente a la persecuci\u00f3n sufrida?<\/strong><\/p>\n\n\n\n<p>Siempre hubo apoyo de los trabajadores. Lamentablemente en alg\u00fan momento se sintieron desprotegidos y los entiendo. Ellos eligieron democr\u00e1ticamente a sus representantes para que estos los representen y defiendan, pero luego de agosto del 2018 se encontraron con que 6 de los 10 representantes estaban afuera del astillero y con denuncias penales por defender las fuentes de trabajo. Ese fue un claro mensaje que dio el gobierno anterior hacia los trabajadores. <\/p>\n\n\n\n<p>Hoy la situaci\u00f3n es otra, con el cambio de gobierno los trabajadores fueron recuperando la alegr\u00eda de trabajar. <strong>En estas \u00faltimas semanas han sido protagonistas y han solicitado el cese de las causas de desafuero contra sus dirigentes, esos mismos dirigentes que eligieron democr\u00e1ticamente. Eso a uno lo llena de orgullo y de ganas de seguir por este camino, de seguir luchando por lo que uno cree justo<\/strong>, luchando para que se termine esta pesadilla que arranco hace m\u00e1s de 2 a\u00f1os. Lo \u00fanico que queremos es una reivindicaci\u00f3n de la lucha que se dio y poder volver al astillero para representar a todos.<\/p>\n<!-- AddThis Advanced Settings generic via filter on the_content --><!-- AddThis Share Buttons generic via filter on the_content -->","protected":false},"excerpt":{"rendered":"<p>El domingo 8 de noviembre, el portal informativo El Cohete a la Luna public\u00f3 una noticia que revel\u00f3 un nuevo cap\u00edtulo en el esc\u00e1ndalo del espionaje ilegal llevado adelante por la AFI, durante la presidencia de Mauricio Macri. Esta nueva denuncia, involucra a Alicia Cristina Pelorosso, entonces vicepresidenta, y a Alfredo Macera, que se desempe\u00f1aba [&hellip;]<!-- AddThis Advanced Settings generic via filter on get_the_excerpt --><!-- AddThis Share Buttons generic via filter on get_the_excerpt --><\/p>\n","protected":false},"author":6,"featured_media":22024,"comment_status":"open","ping_status":"open","sticky":false,"template":"","format":"standard","meta":{"_jetpack_memberships_contains_paid_content":false,"footnotes":""},"categories":[1520],"tags":[],"class_list":{"0":"post-22023","1":"post","2":"type-post","3":"status-publish","4":"format-standard","5":"has-post-thumbnail","7":"category-entrevista"},"yoast_head":"<!-- This site is optimized with the Yoast SEO plugin v27.4 - https:\/\/yoast.com\/product\/yoast-seo-wordpress\/ -->\n<title>La AFI de Macri espi\u00f3 a los trabajadores del Astillero TANDANOR - Vamos por la Liberaci\u00f3n<\/title>\n<meta name=\"robots\" content=\"index, follow, max-snippet:-1, max-image-preview:large, max-video-preview:-1\" \/>\n<link rel=\"canonical\" href=\"https:\/\/vamosporlaliberacion.org\/crpmlm\/la-afi-de-macri-espio-a-los-trabajadores-del-astillero-tandanor\/\" \/>\n<meta name=\"twitter:label1\" content=\"Escrito por\" \/>\n\t<meta name=\"twitter:data1\" content=\"vamos!\" \/>\n\t<meta name=\"twitter:label2\" content=\"Tiempo de lectura\" \/>\n\t<meta name=\"twitter:data2\" content=\"8 minutos\" \/>\n<script type=\"application\/ld+json\" class=\"yoast-schema-graph\">{\"@context\":\"https:\\\/\\\/schema.org\",\"@graph\":[{\"@type\":\"Article\",\"@id\":\"https:\\\/\\\/vamosporlaliberacion.org\\\/crpmlm\\\/la-afi-de-macri-espio-a-los-trabajadores-del-astillero-tandanor\\\/#article\",\"isPartOf\":{\"@id\":\"https:\\\/\\\/vamosporlaliberacion.org\\\/crpmlm\\\/la-afi-de-macri-espio-a-los-trabajadores-del-astillero-tandanor\\\/\"},\"author\":{\"name\":\"vamos!\",\"@id\":\"https:\\\/\\\/vamosporlaliberacion.org\\\/crpmlm\\\/#\\\/schema\\\/person\\\/d6eac7758df3770dae9cd9eb104d615c\"},\"headline\":\"La AFI de Macri espi\u00f3 a los trabajadores del Astillero TANDANOR\",\"datePublished\":\"2020-11-10T16:17:50+00:00\",\"dateModified\":\"2020-11-10T16:18:47+00:00\",\"mainEntityOfPage\":{\"@id\":\"https:\\\/\\\/vamosporlaliberacion.org\\\/crpmlm\\\/la-afi-de-macri-espio-a-los-trabajadores-del-astillero-tandanor\\\/\"},\"wordCount\":1598,\"commentCount\":0,\"image\":{\"@id\":\"https:\\\/\\\/vamosporlaliberacion.org\\\/crpmlm\\\/la-afi-de-macri-espio-a-los-trabajadores-del-astillero-tandanor\\\/#primaryimage\"},\"thumbnailUrl\":\"https:\\\/\\\/i0.wp.com\\\/vamosporlaliberacion.org\\\/crpmlm\\\/wp-content\\\/uploads\\\/2020\\\/11\\\/0000334395.jpg?fit=1500%2C870&ssl=1\",\"articleSection\":[\"Entrevista\"],\"inLanguage\":\"es\",\"potentialAction\":[{\"@type\":\"CommentAction\",\"name\":\"Comment\",\"target\":[\"https:\\\/\\\/vamosporlaliberacion.org\\\/crpmlm\\\/la-afi-de-macri-espio-a-los-trabajadores-del-astillero-tandanor\\\/#respond\"]}]},{\"@type\":\"WebPage\",\"@id\":\"https:\\\/\\\/vamosporlaliberacion.org\\\/crpmlm\\\/la-afi-de-macri-espio-a-los-trabajadores-del-astillero-tandanor\\\/\",\"url\":\"https:\\\/\\\/vamosporlaliberacion.org\\\/crpmlm\\\/la-afi-de-macri-espio-a-los-trabajadores-del-astillero-tandanor\\\/\",\"name\":\"La AFI de Macri espi\u00f3 a los trabajadores del Astillero TANDANOR - Vamos por la Liberaci\u00f3n\",\"isPartOf\":{\"@id\":\"https:\\\/\\\/vamosporlaliberacion.org\\\/crpmlm\\\/#website\"},\"primaryImageOfPage\":{\"@id\":\"https:\\\/\\\/vamosporlaliberacion.org\\\/crpmlm\\\/la-afi-de-macri-espio-a-los-trabajadores-del-astillero-tandanor\\\/#primaryimage\"},\"image\":{\"@id\":\"https:\\\/\\\/vamosporlaliberacion.org\\\/crpmlm\\\/la-afi-de-macri-espio-a-los-trabajadores-del-astillero-tandanor\\\/#primaryimage\"},\"thumbnailUrl\":\"https:\\\/\\\/i0.wp.com\\\/vamosporlaliberacion.org\\\/crpmlm\\\/wp-content\\\/uploads\\\/2020\\\/11\\\/0000334395.jpg?fit=1500%2C870&ssl=1\",\"datePublished\":\"2020-11-10T16:17:50+00:00\",\"dateModified\":\"2020-11-10T16:18:47+00:00\",\"author\":{\"@id\":\"https:\\\/\\\/vamosporlaliberacion.org\\\/crpmlm\\\/#\\\/schema\\\/person\\\/d6eac7758df3770dae9cd9eb104d615c\"},\"breadcrumb\":{\"@id\":\"https:\\\/\\\/vamosporlaliberacion.org\\\/crpmlm\\\/la-afi-de-macri-espio-a-los-trabajadores-del-astillero-tandanor\\\/#breadcrumb\"},\"inLanguage\":\"es\",\"potentialAction\":[{\"@type\":\"ReadAction\",\"target\":[\"https:\\\/\\\/vamosporlaliberacion.org\\\/crpmlm\\\/la-afi-de-macri-espio-a-los-trabajadores-del-astillero-tandanor\\\/\"]}]},{\"@type\":\"ImageObject\",\"inLanguage\":\"es\",\"@id\":\"https:\\\/\\\/vamosporlaliberacion.org\\\/crpmlm\\\/la-afi-de-macri-espio-a-los-trabajadores-del-astillero-tandanor\\\/#primaryimage\",\"url\":\"https:\\\/\\\/i0.wp.com\\\/vamosporlaliberacion.org\\\/crpmlm\\\/wp-content\\\/uploads\\\/2020\\\/11\\\/0000334395.jpg?fit=1500%2C870&ssl=1\",\"contentUrl\":\"https:\\\/\\\/i0.wp.com\\\/vamosporlaliberacion.org\\\/crpmlm\\\/wp-content\\\/uploads\\\/2020\\\/11\\\/0000334395.jpg?fit=1500%2C870&ssl=1\",\"width\":1500,\"height\":870},{\"@type\":\"BreadcrumbList\",\"@id\":\"https:\\\/\\\/vamosporlaliberacion.org\\\/crpmlm\\\/la-afi-de-macri-espio-a-los-trabajadores-del-astillero-tandanor\\\/#breadcrumb\",\"itemListElement\":[{\"@type\":\"ListItem\",\"position\":1,\"name\":\"Portada\",\"item\":\"https:\\\/\\\/vamosporlaliberacion.org\\\/crpmlm\\\/\"},{\"@type\":\"ListItem\",\"position\":2,\"name\":\"La AFI de Macri espi\u00f3 a los trabajadores del Astillero TANDANOR\"}]},{\"@type\":\"WebSite\",\"@id\":\"https:\\\/\\\/vamosporlaliberacion.org\\\/crpmlm\\\/#website\",\"url\":\"https:\\\/\\\/vamosporlaliberacion.org\\\/crpmlm\\\/\",\"name\":\"Vamos por la Liberaci\u00f3n\",\"description\":\"Prensa CR\",\"potentialAction\":[{\"@type\":\"SearchAction\",\"target\":{\"@type\":\"EntryPoint\",\"urlTemplate\":\"https:\\\/\\\/vamosporlaliberacion.org\\\/crpmlm\\\/?s={search_term_string}\"},\"query-input\":{\"@type\":\"PropertyValueSpecification\",\"valueRequired\":true,\"valueName\":\"search_term_string\"}}],\"inLanguage\":\"es\"},{\"@type\":\"Person\",\"@id\":\"https:\\\/\\\/vamosporlaliberacion.org\\\/crpmlm\\\/#\\\/schema\\\/person\\\/d6eac7758df3770dae9cd9eb104d615c\",\"name\":\"vamos!\",\"url\":\"http:\\\/\\\/vamosporlaliberacion.org\\\/crpmlm\\\/author\\\/adminvxl\\\/\"}]}<\/script>\n<!-- \/ Yoast SEO plugin. -->","yoast_head_json":{"title":"La AFI de Macri espi\u00f3 a los trabajadores del Astillero TANDANOR - Vamos por la Liberaci\u00f3n","robots":{"index":"index","follow":"follow","max-snippet":"max-snippet:-1","max-image-preview":"max-image-preview:large","max-video-preview":"max-video-preview:-1"},"canonical":"https:\/\/vamosporlaliberacion.org\/crpmlm\/la-afi-de-macri-espio-a-los-trabajadores-del-astillero-tandanor\/","twitter_misc":{"Escrito por":"vamos!","Tiempo de lectura":"8 minutos"},"schema":{"@context":"https:\/\/schema.org","@graph":[{"@type":"Article","@id":"https:\/\/vamosporlaliberacion.org\/crpmlm\/la-afi-de-macri-espio-a-los-trabajadores-del-astillero-tandanor\/#article","isPartOf":{"@id":"https:\/\/vamosporlaliberacion.org\/crpmlm\/la-afi-de-macri-espio-a-los-trabajadores-del-astillero-tandanor\/"},"author":{"name":"vamos!","@id":"https:\/\/vamosporlaliberacion.org\/crpmlm\/#\/schema\/person\/d6eac7758df3770dae9cd9eb104d615c"},"headline":"La AFI de Macri espi\u00f3 a los trabajadores del Astillero TANDANOR","datePublished":"2020-11-10T16:17:50+00:00","dateModified":"2020-11-10T16:18:47+00:00","mainEntityOfPage":{"@id":"https:\/\/vamosporlaliberacion.org\/crpmlm\/la-afi-de-macri-espio-a-los-trabajadores-del-astillero-tandanor\/"},"wordCount":1598,"commentCount":0,"image":{"@id":"https:\/\/vamosporlaliberacion.org\/crpmlm\/la-afi-de-macri-espio-a-los-trabajadores-del-astillero-tandanor\/#primaryimage"},"thumbnailUrl":"https:\/\/i0.wp.com\/vamosporlaliberacion.org\/crpmlm\/wp-content\/uploads\/2020\/11\/0000334395.jpg?fit=1500%2C870&ssl=1","articleSection":["Entrevista"],"inLanguage":"es","potentialAction":[{"@type":"CommentAction","name":"Comment","target":["https:\/\/vamosporlaliberacion.org\/crpmlm\/la-afi-de-macri-espio-a-los-trabajadores-del-astillero-tandanor\/#respond"]}]},{"@type":"WebPage","@id":"https:\/\/vamosporlaliberacion.org\/crpmlm\/la-afi-de-macri-espio-a-los-trabajadores-del-astillero-tandanor\/","url":"https:\/\/vamosporlaliberacion.org\/crpmlm\/la-afi-de-macri-espio-a-los-trabajadores-del-astillero-tandanor\/","name":"La AFI de Macri espi\u00f3 a los trabajadores del Astillero TANDANOR - Vamos por la Liberaci\u00f3n","isPartOf":{"@id":"https:\/\/vamosporlaliberacion.org\/crpmlm\/#website"},"primaryImageOfPage":{"@id":"https:\/\/vamosporlaliberacion.org\/crpmlm\/la-afi-de-macri-espio-a-los-trabajadores-del-astillero-tandanor\/#primaryimage"},"image":{"@id":"https:\/\/vamosporlaliberacion.org\/crpmlm\/la-afi-de-macri-espio-a-los-trabajadores-del-astillero-tandanor\/#primaryimage"},"thumbnailUrl":"https:\/\/i0.wp.com\/vamosporlaliberacion.org\/crpmlm\/wp-content\/uploads\/2020\/11\/0000334395.jpg?fit=1500%2C870&ssl=1","datePublished":"2020-11-10T16:17:50+00:00","dateModified":"2020-11-10T16:18:47+00:00","author":{"@id":"https:\/\/vamosporlaliberacion.org\/crpmlm\/#\/schema\/person\/d6eac7758df3770dae9cd9eb104d615c"},"breadcrumb":{"@id":"https:\/\/vamosporlaliberacion.org\/crpmlm\/la-afi-de-macri-espio-a-los-trabajadores-del-astillero-tandanor\/#breadcrumb"},"inLanguage":"es","potentialAction":[{"@type":"ReadAction","target":["https:\/\/vamosporlaliberacion.org\/crpmlm\/la-afi-de-macri-espio-a-los-trabajadores-del-astillero-tandanor\/"]}]},{"@type":"ImageObject","inLanguage":"es","@id":"https:\/\/vamosporlaliberacion.org\/crpmlm\/la-afi-de-macri-espio-a-los-trabajadores-del-astillero-tandanor\/#primaryimage","url":"https:\/\/i0.wp.com\/vamosporlaliberacion.org\/crpmlm\/wp-content\/uploads\/2020\/11\/0000334395.jpg?fit=1500%2C870&ssl=1","contentUrl":"https:\/\/i0.wp.com\/vamosporlaliberacion.org\/crpmlm\/wp-content\/uploads\/2020\/11\/0000334395.jpg?fit=1500%2C870&ssl=1","width":1500,"height":870},{"@type":"BreadcrumbList","@id":"https:\/\/vamosporlaliberacion.org\/crpmlm\/la-afi-de-macri-espio-a-los-trabajadores-del-astillero-tandanor\/#breadcrumb","itemListElement":[{"@type":"ListItem","position":1,"name":"Portada","item":"https:\/\/vamosporlaliberacion.org\/crpmlm\/"},{"@type":"ListItem","position":2,"name":"La AFI de Macri espi\u00f3 a los trabajadores del Astillero TANDANOR"}]},{"@type":"WebSite","@id":"https:\/\/vamosporlaliberacion.org\/crpmlm\/#website","url":"https:\/\/vamosporlaliberacion.org\/crpmlm\/","name":"Vamos por la Liberaci\u00f3n","description":"Prensa CR","potentialAction":[{"@type":"SearchAction","target":{"@type":"EntryPoint","urlTemplate":"https:\/\/vamosporlaliberacion.org\/crpmlm\/?s={search_term_string}"},"query-input":{"@type":"PropertyValueSpecification","valueRequired":true,"valueName":"search_term_string"}}],"inLanguage":"es"},{"@type":"Person","@id":"https:\/\/vamosporlaliberacion.org\/crpmlm\/#\/schema\/person\/d6eac7758df3770dae9cd9eb104d615c","name":"vamos!","url":"http:\/\/vamosporlaliberacion.org\/crpmlm\/author\/adminvxl\/"}]}},"jetpack_featured_media_url":"https:\/\/i0.wp.com\/vamosporlaliberacion.org\/crpmlm\/wp-content\/uploads\/2020\/11\/0000334395.jpg?fit=1500%2C870&ssl=1","jetpack_sharing_enabled":true,"_links":{"self":[{"href":"http:\/\/vamosporlaliberacion.org\/crpmlm\/wp-json\/wp\/v2\/posts\/22023","targetHints":{"allow":["GET"]}}],"collection":[{"href":"http:\/\/vamosporlaliberacion.org\/crpmlm\/wp-json\/wp\/v2\/posts"}],"about":[{"href":"http:\/\/vamosporlaliberacion.org\/crpmlm\/wp-json\/wp\/v2\/types\/post"}],"author":[{"embeddable":true,"href":"http:\/\/vamosporlaliberacion.org\/crpmlm\/wp-json\/wp\/v2\/users\/6"}],"replies":[{"embeddable":true,"href":"http:\/\/vamosporlaliberacion.org\/crpmlm\/wp-json\/wp\/v2\/comments?post=22023"}],"version-history":[{"count":2,"href":"http:\/\/vamosporlaliberacion.org\/crpmlm\/wp-json\/wp\/v2\/posts\/22023\/revisions"}],"predecessor-version":[{"id":22030,"href":"http:\/\/vamosporlaliberacion.org\/crpmlm\/wp-json\/wp\/v2\/posts\/22023\/revisions\/22030"}],"wp:featuredmedia":[{"embeddable":true,"href":"http:\/\/vamosporlaliberacion.org\/crpmlm\/wp-json\/wp\/v2\/media\/22024"}],"wp:attachment":[{"href":"http:\/\/vamosporlaliberacion.org\/crpmlm\/wp-json\/wp\/v2\/media?parent=22023"}],"wp:term":[{"taxonomy":"category","embeddable":true,"href":"http:\/\/vamosporlaliberacion.org\/crpmlm\/wp-json\/wp\/v2\/categories?post=22023"},{"taxonomy":"post_tag","embeddable":true,"href":"http:\/\/vamosporlaliberacion.org\/crpmlm\/wp-json\/wp\/v2\/tags?post=22023"}],"curies":[{"name":"wp","href":"https:\/\/api.w.org\/{rel}","templated":true}]}}