{"id":21518,"date":"2020-11-02T18:05:35","date_gmt":"2020-11-02T21:05:35","guid":{"rendered":"http:\/\/vamosporlaliberacion.org\/crpmlm\/?p=21518"},"modified":"2020-11-02T18:12:47","modified_gmt":"2020-11-02T21:12:47","slug":"bahia-blanca-no-al-desalojo-de-espacios-sin-fines-de-lucro-del-mercado-municipal","status":"publish","type":"post","link":"http:\/\/vamosporlaliberacion.org\/crpmlm\/bahia-blanca-no-al-desalojo-de-espacios-sin-fines-de-lucro-del-mercado-municipal\/","title":{"rendered":"Bah\u00eda Blanca: \u00a1No al desalojo de espacios sin fines de lucro del Mercado Municipal!"},"content":{"rendered":"\n<p style=\"font-size:18px\">El gobierno municipal de H\u00e9ctor Gay (JxC), al igual que su anterior mandato, rechaza la cultura popular y s\u00f3lo piensa en los negocios como qued\u00f3 demostrado desde el inicio de la cuarentena, con la desidia y el abandono que vivimos los sectores populares.<\/p>\n\n\n\n<p>Ahora avanza sobre un sector c\u00e9ntrico e hist\u00f3rico, la plaza de la memoria y la resistencia y el mercado municipal. Buscan desarrollar ah\u00ed un polo gastron\u00f3mico a medida de las empresas de comida r\u00e1pida y para ello desalojan locales cedidos a entidades sin fines de lucro.<\/p>\n\n\n\n<p>Desde el Comunismo Revolucionario rechazamos este nuevo ataque a la cultura por parte del intendente de Bah\u00eda Blanca, H\u00e9ctor Gay. Desde iniciada la pandemia que lxs trabajadorxs de la cultura de la ciudad vienen denunciando la grave situaci\u00f3n que atraviesa el sector y que son agravadas por las pol\u00edticas del intendente, que no hace m\u00e1s que destruir la identidad cultural.<\/p>\n\n\n\n<p>Denunciamos la clausura del Teatro Municipal, desde hace m\u00e1s de un a\u00f1o; la desaparici\u00f3n de los Talleres Municipales antes y durante la pandemia, y el abandono de ni\u00f1es, j\u00f3venes y adultes mayores que se quedaron sin sus talleres; y la p\u00e9rdida de cientos de puestos de trabajo. Rechazamos el desalojo del mercado y exigimos el presupuesto y las medidas necesarias para democratizar el acceso a la cultura popular que brota en cada barrio de la ciudad.<\/p>\n\n\n\n<p><strong>Reproducimos el texto de la asociaci\u00f3n civil Bah\u00eda Blanca Che que lo denuncia:<\/strong><\/p>\n\n\n\n<figure class=\"wp-block-image size-large\"><img data-recalc-dims=\"1\" loading=\"lazy\" decoding=\"async\" width=\"696\" height=\"403\" src=\"https:\/\/i0.wp.com\/vamosporlaliberacion.org\/crpmlm\/wp-content\/uploads\/2020\/11\/BBCHE-700x405.png?resize=696%2C403\" alt=\"\" class=\"wp-image-21519\" srcset=\"https:\/\/i0.wp.com\/vamosporlaliberacion.org\/crpmlm\/wp-content\/uploads\/2020\/11\/BBCHE.png?resize=700%2C405&amp;ssl=1 700w, https:\/\/i0.wp.com\/vamosporlaliberacion.org\/crpmlm\/wp-content\/uploads\/2020\/11\/BBCHE.png?resize=300%2C174&amp;ssl=1 300w, https:\/\/i0.wp.com\/vamosporlaliberacion.org\/crpmlm\/wp-content\/uploads\/2020\/11\/BBCHE.png?resize=768%2C445&amp;ssl=1 768w, https:\/\/i0.wp.com\/vamosporlaliberacion.org\/crpmlm\/wp-content\/uploads\/2020\/11\/BBCHE.png?resize=150%2C87&amp;ssl=1 150w, https:\/\/i0.wp.com\/vamosporlaliberacion.org\/crpmlm\/wp-content\/uploads\/2020\/11\/BBCHE.png?resize=696%2C403&amp;ssl=1 696w, https:\/\/i0.wp.com\/vamosporlaliberacion.org\/crpmlm\/wp-content\/uploads\/2020\/11\/BBCHE.png?resize=1068%2C618&amp;ssl=1 1068w, https:\/\/i0.wp.com\/vamosporlaliberacion.org\/crpmlm\/wp-content\/uploads\/2020\/11\/BBCHE.png?resize=726%2C420&amp;ssl=1 726w, https:\/\/i0.wp.com\/vamosporlaliberacion.org\/crpmlm\/wp-content\/uploads\/2020\/11\/BBCHE.png?w=1294&amp;ssl=1 1294w\" sizes=\"auto, (max-width: 696px) 100vw, 696px\" \/><\/figure>\n\n\n\n<p>Bah\u00eda Blanca Che es un espacio cultural que trabaja en la ciudad desde hace muchos a\u00f1os. Tiene sus ra\u00edces en la Feria de la Cultura. En el 2006 se constituy\u00f3 formalmente como una Asociaci\u00f3n Civil sin fines de lucro.<\/p>\n\n\n\n<p>\u00bfPara qu\u00e9 se conform\u00f3 BBChe? Para defender y promover las artes\/artesan\u00edas locales y regionales. Para organizar artesanes y artistas, promover ventas, producci\u00f3n, difusi\u00f3n, cursos, perfeccionamientos, hacer talleres, exponer y hacer conocer lo que se hace en la ciudad y la zona. Uno de los objetivos es reunir la producci\u00f3n local de todas las artes: m\u00fasica, literatura, artes pl\u00e1sticas, esc\u00e9nicas y visuales, etc. Hemos hecho los Salones Mil Miradas todos los a\u00f1os, desde el a\u00f1o 2009, para promover la cer\u00e1mica, el arte textil y el arte objeto, otorgando premios para estimular la producci\u00f3n.<\/p>\n\n\n\n<p>En el a\u00f1o 2008, el Secretario de Cultura de la Municipalidad nos concedi\u00f3 en comodato un local en Alsina 370. Estaba en malas condiciones y luego de mucho trabajo lo pusimos en funciones. All\u00ed desarrollamos much\u00edsimas actividades culturales: ferias en el patio del limonero, cursos, talleres textiles, recitales de poes\u00eda, encuentros musicales, obras teatrales, etc. Un lugar que supimos convertir en un espacio cultural nutritivo y expansivo.<\/p>\n\n\n\n<p>En el a\u00f1o 2016, con el cambio de gobierno municipal, nos piden el local de Alsina 370 y nos ofrecen un espacio en el Mercado Municipal, diciendo que se va a construir un Hostel en el Hotel Italia y vamos a tener m\u00e1s movimiento. Aceptamos, y tuvimos que acondicionar un nuevo espacio. Ahora, en plena pandemia, nos solicitan que abandonemos el lugar porque van a hacer un emprendimiento gastron\u00f3mico. Y no nos quieren dar nada a cambio.<\/p>\n\n\n\n<p>Nosotres necesitamos un espacio que nos permita exponer las producciones y que tenga lugar, para desarrollar actividades comunitarias. Entendemos que es funci\u00f3n del Estado promover y auspiciar las artes artesan\u00edas locales y regionales, y por eso entendemos que deben aportar con un espacio para tales fines.<\/p>\n\n\n\n<p class=\"has-text-align-right\"><strong>\u00a1NO al Desalojo de Bah\u00eda Blanca Che!<\/strong><br><strong>\u00a1Por un Espacio Digno para el arte, la cultura, les artistas y les artesanes!<\/strong><\/p>\n<!-- AddThis Advanced Settings generic via filter on the_content --><!-- AddThis Share Buttons generic via filter on the_content -->","protected":false},"excerpt":{"rendered":"<p>El gobierno municipal de H\u00e9ctor Gay (JxC), al igual que su anterior mandato, rechaza la cultura popular y s\u00f3lo piensa en los negocios como qued\u00f3 demostrado desde el inicio de la cuarentena, con la desidia y el abandono que vivimos los sectores populares. Ahora avanza sobre un sector c\u00e9ntrico e hist\u00f3rico, la plaza de la [&hellip;]<!-- AddThis Advanced Settings generic via filter on get_the_excerpt --><!-- AddThis Share Buttons generic via filter on get_the_excerpt --><\/p>\n","protected":false},"author":6,"featured_media":21520,"comment_status":"open","ping_status":"open","sticky":false,"template":"","format":"standard","meta":{"_jetpack_memberships_contains_paid_content":false,"footnotes":""},"categories":[1850],"tags":[],"class_list":{"0":"post-21518","1":"post","2":"type-post","3":"status-publish","4":"format-standard","5":"has-post-thumbnail","7":"category-cultura"},"yoast_head":"<!-- This site is optimized with the Yoast SEO plugin v27.4 - https:\/\/yoast.com\/product\/yoast-seo-wordpress\/ -->\n<title>Bah\u00eda Blanca: \u00a1No al desalojo de espacios sin fines de lucro del Mercado Municipal! - Vamos por la Liberaci\u00f3n<\/title>\n<meta name=\"robots\" content=\"index, follow, max-snippet:-1, max-image-preview:large, max-video-preview:-1\" \/>\n<link rel=\"canonical\" href=\"https:\/\/vamosporlaliberacion.org\/crpmlm\/bahia-blanca-no-al-desalojo-de-espacios-sin-fines-de-lucro-del-mercado-municipal\/\" \/>\n<meta name=\"twitter:label1\" content=\"Escrito por\" \/>\n\t<meta name=\"twitter:data1\" content=\"vamos!\" \/>\n\t<meta name=\"twitter:label2\" content=\"Tiempo de lectura\" \/>\n\t<meta name=\"twitter:data2\" content=\"3 minutos\" \/>\n<script type=\"application\/ld+json\" class=\"yoast-schema-graph\">{\"@context\":\"https:\\\/\\\/schema.org\",\"@graph\":[{\"@type\":\"Article\",\"@id\":\"https:\\\/\\\/vamosporlaliberacion.org\\\/crpmlm\\\/bahia-blanca-no-al-desalojo-de-espacios-sin-fines-de-lucro-del-mercado-municipal\\\/#article\",\"isPartOf\":{\"@id\":\"https:\\\/\\\/vamosporlaliberacion.org\\\/crpmlm\\\/bahia-blanca-no-al-desalojo-de-espacios-sin-fines-de-lucro-del-mercado-municipal\\\/\"},\"author\":{\"name\":\"vamos!\",\"@id\":\"https:\\\/\\\/vamosporlaliberacion.org\\\/crpmlm\\\/#\\\/schema\\\/person\\\/d6eac7758df3770dae9cd9eb104d615c\"},\"headline\":\"Bah\u00eda Blanca: \u00a1No al desalojo de espacios sin fines de lucro del Mercado Municipal!\",\"datePublished\":\"2020-11-02T21:05:35+00:00\",\"dateModified\":\"2020-11-02T21:12:47+00:00\",\"mainEntityOfPage\":{\"@id\":\"https:\\\/\\\/vamosporlaliberacion.org\\\/crpmlm\\\/bahia-blanca-no-al-desalojo-de-espacios-sin-fines-de-lucro-del-mercado-municipal\\\/\"},\"wordCount\":633,\"commentCount\":0,\"image\":{\"@id\":\"https:\\\/\\\/vamosporlaliberacion.org\\\/crpmlm\\\/bahia-blanca-no-al-desalojo-de-espacios-sin-fines-de-lucro-del-mercado-municipal\\\/#primaryimage\"},\"thumbnailUrl\":\"https:\\\/\\\/i0.wp.com\\\/vamosporlaliberacion.org\\\/crpmlm\\\/wp-content\\\/uploads\\\/2020\\\/11\\\/photo_2020-11-02_17-59-08-3.jpg?fit=720%2C540&ssl=1\",\"articleSection\":[\"cultura\"],\"inLanguage\":\"es\",\"potentialAction\":[{\"@type\":\"CommentAction\",\"name\":\"Comment\",\"target\":[\"https:\\\/\\\/vamosporlaliberacion.org\\\/crpmlm\\\/bahia-blanca-no-al-desalojo-de-espacios-sin-fines-de-lucro-del-mercado-municipal\\\/#respond\"]}]},{\"@type\":\"WebPage\",\"@id\":\"https:\\\/\\\/vamosporlaliberacion.org\\\/crpmlm\\\/bahia-blanca-no-al-desalojo-de-espacios-sin-fines-de-lucro-del-mercado-municipal\\\/\",\"url\":\"https:\\\/\\\/vamosporlaliberacion.org\\\/crpmlm\\\/bahia-blanca-no-al-desalojo-de-espacios-sin-fines-de-lucro-del-mercado-municipal\\\/\",\"name\":\"Bah\u00eda Blanca: \u00a1No al desalojo de espacios sin fines de lucro del Mercado Municipal! - Vamos por la Liberaci\u00f3n\",\"isPartOf\":{\"@id\":\"https:\\\/\\\/vamosporlaliberacion.org\\\/crpmlm\\\/#website\"},\"primaryImageOfPage\":{\"@id\":\"https:\\\/\\\/vamosporlaliberacion.org\\\/crpmlm\\\/bahia-blanca-no-al-desalojo-de-espacios-sin-fines-de-lucro-del-mercado-municipal\\\/#primaryimage\"},\"image\":{\"@id\":\"https:\\\/\\\/vamosporlaliberacion.org\\\/crpmlm\\\/bahia-blanca-no-al-desalojo-de-espacios-sin-fines-de-lucro-del-mercado-municipal\\\/#primaryimage\"},\"thumbnailUrl\":\"https:\\\/\\\/i0.wp.com\\\/vamosporlaliberacion.org\\\/crpmlm\\\/wp-content\\\/uploads\\\/2020\\\/11\\\/photo_2020-11-02_17-59-08-3.jpg?fit=720%2C540&ssl=1\",\"datePublished\":\"2020-11-02T21:05:35+00:00\",\"dateModified\":\"2020-11-02T21:12:47+00:00\",\"author\":{\"@id\":\"https:\\\/\\\/vamosporlaliberacion.org\\\/crpmlm\\\/#\\\/schema\\\/person\\\/d6eac7758df3770dae9cd9eb104d615c\"},\"breadcrumb\":{\"@id\":\"https:\\\/\\\/vamosporlaliberacion.org\\\/crpmlm\\\/bahia-blanca-no-al-desalojo-de-espacios-sin-fines-de-lucro-del-mercado-municipal\\\/#breadcrumb\"},\"inLanguage\":\"es\",\"potentialAction\":[{\"@type\":\"ReadAction\",\"target\":[\"https:\\\/\\\/vamosporlaliberacion.org\\\/crpmlm\\\/bahia-blanca-no-al-desalojo-de-espacios-sin-fines-de-lucro-del-mercado-municipal\\\/\"]}]},{\"@type\":\"ImageObject\",\"inLanguage\":\"es\",\"@id\":\"https:\\\/\\\/vamosporlaliberacion.org\\\/crpmlm\\\/bahia-blanca-no-al-desalojo-de-espacios-sin-fines-de-lucro-del-mercado-municipal\\\/#primaryimage\",\"url\":\"https:\\\/\\\/i0.wp.com\\\/vamosporlaliberacion.org\\\/crpmlm\\\/wp-content\\\/uploads\\\/2020\\\/11\\\/photo_2020-11-02_17-59-08-3.jpg?fit=720%2C540&ssl=1\",\"contentUrl\":\"https:\\\/\\\/i0.wp.com\\\/vamosporlaliberacion.org\\\/crpmlm\\\/wp-content\\\/uploads\\\/2020\\\/11\\\/photo_2020-11-02_17-59-08-3.jpg?fit=720%2C540&ssl=1\",\"width\":720,\"height\":540},{\"@type\":\"BreadcrumbList\",\"@id\":\"https:\\\/\\\/vamosporlaliberacion.org\\\/crpmlm\\\/bahia-blanca-no-al-desalojo-de-espacios-sin-fines-de-lucro-del-mercado-municipal\\\/#breadcrumb\",\"itemListElement\":[{\"@type\":\"ListItem\",\"position\":1,\"name\":\"Portada\",\"item\":\"https:\\\/\\\/vamosporlaliberacion.org\\\/crpmlm\\\/\"},{\"@type\":\"ListItem\",\"position\":2,\"name\":\"Bah\u00eda Blanca: \u00a1No al desalojo de espacios sin fines de lucro del Mercado Municipal!\"}]},{\"@type\":\"WebSite\",\"@id\":\"https:\\\/\\\/vamosporlaliberacion.org\\\/crpmlm\\\/#website\",\"url\":\"https:\\\/\\\/vamosporlaliberacion.org\\\/crpmlm\\\/\",\"name\":\"Vamos por la Liberaci\u00f3n\",\"description\":\"Prensa CR\",\"potentialAction\":[{\"@type\":\"SearchAction\",\"target\":{\"@type\":\"EntryPoint\",\"urlTemplate\":\"https:\\\/\\\/vamosporlaliberacion.org\\\/crpmlm\\\/?s={search_term_string}\"},\"query-input\":{\"@type\":\"PropertyValueSpecification\",\"valueRequired\":true,\"valueName\":\"search_term_string\"}}],\"inLanguage\":\"es\"},{\"@type\":\"Person\",\"@id\":\"https:\\\/\\\/vamosporlaliberacion.org\\\/crpmlm\\\/#\\\/schema\\\/person\\\/d6eac7758df3770dae9cd9eb104d615c\",\"name\":\"vamos!\",\"url\":\"http:\\\/\\\/vamosporlaliberacion.org\\\/crpmlm\\\/author\\\/adminvxl\\\/\"}]}<\/script>\n<!-- \/ Yoast SEO plugin. -->","yoast_head_json":{"title":"Bah\u00eda Blanca: \u00a1No al desalojo de espacios sin fines de lucro del Mercado Municipal! - Vamos por la Liberaci\u00f3n","robots":{"index":"index","follow":"follow","max-snippet":"max-snippet:-1","max-image-preview":"max-image-preview:large","max-video-preview":"max-video-preview:-1"},"canonical":"https:\/\/vamosporlaliberacion.org\/crpmlm\/bahia-blanca-no-al-desalojo-de-espacios-sin-fines-de-lucro-del-mercado-municipal\/","twitter_misc":{"Escrito por":"vamos!","Tiempo de lectura":"3 minutos"},"schema":{"@context":"https:\/\/schema.org","@graph":[{"@type":"Article","@id":"https:\/\/vamosporlaliberacion.org\/crpmlm\/bahia-blanca-no-al-desalojo-de-espacios-sin-fines-de-lucro-del-mercado-municipal\/#article","isPartOf":{"@id":"https:\/\/vamosporlaliberacion.org\/crpmlm\/bahia-blanca-no-al-desalojo-de-espacios-sin-fines-de-lucro-del-mercado-municipal\/"},"author":{"name":"vamos!","@id":"https:\/\/vamosporlaliberacion.org\/crpmlm\/#\/schema\/person\/d6eac7758df3770dae9cd9eb104d615c"},"headline":"Bah\u00eda Blanca: \u00a1No al desalojo de espacios sin fines de lucro del Mercado Municipal!","datePublished":"2020-11-02T21:05:35+00:00","dateModified":"2020-11-02T21:12:47+00:00","mainEntityOfPage":{"@id":"https:\/\/vamosporlaliberacion.org\/crpmlm\/bahia-blanca-no-al-desalojo-de-espacios-sin-fines-de-lucro-del-mercado-municipal\/"},"wordCount":633,"commentCount":0,"image":{"@id":"https:\/\/vamosporlaliberacion.org\/crpmlm\/bahia-blanca-no-al-desalojo-de-espacios-sin-fines-de-lucro-del-mercado-municipal\/#primaryimage"},"thumbnailUrl":"https:\/\/i0.wp.com\/vamosporlaliberacion.org\/crpmlm\/wp-content\/uploads\/2020\/11\/photo_2020-11-02_17-59-08-3.jpg?fit=720%2C540&ssl=1","articleSection":["cultura"],"inLanguage":"es","potentialAction":[{"@type":"CommentAction","name":"Comment","target":["https:\/\/vamosporlaliberacion.org\/crpmlm\/bahia-blanca-no-al-desalojo-de-espacios-sin-fines-de-lucro-del-mercado-municipal\/#respond"]}]},{"@type":"WebPage","@id":"https:\/\/vamosporlaliberacion.org\/crpmlm\/bahia-blanca-no-al-desalojo-de-espacios-sin-fines-de-lucro-del-mercado-municipal\/","url":"https:\/\/vamosporlaliberacion.org\/crpmlm\/bahia-blanca-no-al-desalojo-de-espacios-sin-fines-de-lucro-del-mercado-municipal\/","name":"Bah\u00eda Blanca: \u00a1No al desalojo de espacios sin fines de lucro del Mercado Municipal! - Vamos por la Liberaci\u00f3n","isPartOf":{"@id":"https:\/\/vamosporlaliberacion.org\/crpmlm\/#website"},"primaryImageOfPage":{"@id":"https:\/\/vamosporlaliberacion.org\/crpmlm\/bahia-blanca-no-al-desalojo-de-espacios-sin-fines-de-lucro-del-mercado-municipal\/#primaryimage"},"image":{"@id":"https:\/\/vamosporlaliberacion.org\/crpmlm\/bahia-blanca-no-al-desalojo-de-espacios-sin-fines-de-lucro-del-mercado-municipal\/#primaryimage"},"thumbnailUrl":"https:\/\/i0.wp.com\/vamosporlaliberacion.org\/crpmlm\/wp-content\/uploads\/2020\/11\/photo_2020-11-02_17-59-08-3.jpg?fit=720%2C540&ssl=1","datePublished":"2020-11-02T21:05:35+00:00","dateModified":"2020-11-02T21:12:47+00:00","author":{"@id":"https:\/\/vamosporlaliberacion.org\/crpmlm\/#\/schema\/person\/d6eac7758df3770dae9cd9eb104d615c"},"breadcrumb":{"@id":"https:\/\/vamosporlaliberacion.org\/crpmlm\/bahia-blanca-no-al-desalojo-de-espacios-sin-fines-de-lucro-del-mercado-municipal\/#breadcrumb"},"inLanguage":"es","potentialAction":[{"@type":"ReadAction","target":["https:\/\/vamosporlaliberacion.org\/crpmlm\/bahia-blanca-no-al-desalojo-de-espacios-sin-fines-de-lucro-del-mercado-municipal\/"]}]},{"@type":"ImageObject","inLanguage":"es","@id":"https:\/\/vamosporlaliberacion.org\/crpmlm\/bahia-blanca-no-al-desalojo-de-espacios-sin-fines-de-lucro-del-mercado-municipal\/#primaryimage","url":"https:\/\/i0.wp.com\/vamosporlaliberacion.org\/crpmlm\/wp-content\/uploads\/2020\/11\/photo_2020-11-02_17-59-08-3.jpg?fit=720%2C540&ssl=1","contentUrl":"https:\/\/i0.wp.com\/vamosporlaliberacion.org\/crpmlm\/wp-content\/uploads\/2020\/11\/photo_2020-11-02_17-59-08-3.jpg?fit=720%2C540&ssl=1","width":720,"height":540},{"@type":"BreadcrumbList","@id":"https:\/\/vamosporlaliberacion.org\/crpmlm\/bahia-blanca-no-al-desalojo-de-espacios-sin-fines-de-lucro-del-mercado-municipal\/#breadcrumb","itemListElement":[{"@type":"ListItem","position":1,"name":"Portada","item":"https:\/\/vamosporlaliberacion.org\/crpmlm\/"},{"@type":"ListItem","position":2,"name":"Bah\u00eda Blanca: \u00a1No al desalojo de espacios sin fines de lucro del Mercado Municipal!"}]},{"@type":"WebSite","@id":"https:\/\/vamosporlaliberacion.org\/crpmlm\/#website","url":"https:\/\/vamosporlaliberacion.org\/crpmlm\/","name":"Vamos por la Liberaci\u00f3n","description":"Prensa CR","potentialAction":[{"@type":"SearchAction","target":{"@type":"EntryPoint","urlTemplate":"https:\/\/vamosporlaliberacion.org\/crpmlm\/?s={search_term_string}"},"query-input":{"@type":"PropertyValueSpecification","valueRequired":true,"valueName":"search_term_string"}}],"inLanguage":"es"},{"@type":"Person","@id":"https:\/\/vamosporlaliberacion.org\/crpmlm\/#\/schema\/person\/d6eac7758df3770dae9cd9eb104d615c","name":"vamos!","url":"http:\/\/vamosporlaliberacion.org\/crpmlm\/author\/adminvxl\/"}]}},"jetpack_featured_media_url":"https:\/\/i0.wp.com\/vamosporlaliberacion.org\/crpmlm\/wp-content\/uploads\/2020\/11\/photo_2020-11-02_17-59-08-3.jpg?fit=720%2C540&ssl=1","jetpack_sharing_enabled":true,"_links":{"self":[{"href":"http:\/\/vamosporlaliberacion.org\/crpmlm\/wp-json\/wp\/v2\/posts\/21518","targetHints":{"allow":["GET"]}}],"collection":[{"href":"http:\/\/vamosporlaliberacion.org\/crpmlm\/wp-json\/wp\/v2\/posts"}],"about":[{"href":"http:\/\/vamosporlaliberacion.org\/crpmlm\/wp-json\/wp\/v2\/types\/post"}],"author":[{"embeddable":true,"href":"http:\/\/vamosporlaliberacion.org\/crpmlm\/wp-json\/wp\/v2\/users\/6"}],"replies":[{"embeddable":true,"href":"http:\/\/vamosporlaliberacion.org\/crpmlm\/wp-json\/wp\/v2\/comments?post=21518"}],"version-history":[{"count":1,"href":"http:\/\/vamosporlaliberacion.org\/crpmlm\/wp-json\/wp\/v2\/posts\/21518\/revisions"}],"predecessor-version":[{"id":21521,"href":"http:\/\/vamosporlaliberacion.org\/crpmlm\/wp-json\/wp\/v2\/posts\/21518\/revisions\/21521"}],"wp:featuredmedia":[{"embeddable":true,"href":"http:\/\/vamosporlaliberacion.org\/crpmlm\/wp-json\/wp\/v2\/media\/21520"}],"wp:attachment":[{"href":"http:\/\/vamosporlaliberacion.org\/crpmlm\/wp-json\/wp\/v2\/media?parent=21518"}],"wp:term":[{"taxonomy":"category","embeddable":true,"href":"http:\/\/vamosporlaliberacion.org\/crpmlm\/wp-json\/wp\/v2\/categories?post=21518"},{"taxonomy":"post_tag","embeddable":true,"href":"http:\/\/vamosporlaliberacion.org\/crpmlm\/wp-json\/wp\/v2\/tags?post=21518"}],"curies":[{"name":"wp","href":"https:\/\/api.w.org\/{rel}","templated":true}]}}