{"id":21514,"date":"2020-11-02T15:19:15","date_gmt":"2020-11-02T18:19:15","guid":{"rendered":"http:\/\/vamosporlaliberacion.org\/crpmlm\/?p=21514"},"modified":"2020-11-02T15:21:38","modified_gmt":"2020-11-02T18:21:38","slug":"quedate-en-casa-dijeron","status":"publish","type":"post","link":"http:\/\/vamosporlaliberacion.org\/crpmlm\/quedate-en-casa-dijeron\/","title":{"rendered":"\u00abQuedate en casa\u00bb, dijeron."},"content":{"rendered":"\n<center><iframe loading=\"lazy\" width=\"100%\" height=\"166\" scrolling=\"no\" frameborder=\"no\" allow=\"autoplay\" src=\"https:\/\/w.soundcloud.com\/player\/?url=https%3A\/\/api.soundcloud.com\/tracks\/922153552&#038;color=%23ff5500&#038;auto_play=true&#038;hide_related=false&#038;show_comments=true&#038;show_user=true&#038;show_reposts=false&#038;show_teaser=true\"><\/iframe><div style=\"font-size: 10px; color: #cccccc;line-break: anywhere;word-break: normal;overflow: hidden;white-space: nowrap;text-overflow: ellipsis; font-family: Interstate,Lucida Grande,Lucida Sans Unicode,Lucida Sans,Garuda,Verdana,Tahoma,sans-serif;font-weight: 100;\"><a href=\"https:\/\/soundcloud.com\/prensa-vamos-crpmlm\" title=\"Prensa Vamos CRPMLM\" target=\"_blank\" style=\"color: #cccccc; text-decoration: none;\" rel=\"noopener noreferrer\">Prensa Vamos CRPMLM<\/a> \u00b7 <a href=\"https:\/\/soundcloud.com\/prensa-vamos-crpmlm\/quedate-en-casa-dijeron\" title=\"&quot;Quedate en casa&quot; dijeron...\" target=\"_blank\" style=\"color: #cccccc; text-decoration: none;\" rel=\"noopener noreferrer\">&quot;Quedate en casa&quot; dijeron&#8230;<\/a><\/div><\/center>\n\n\n\n<p>\u00abQuedate en casa\u00bb, dijeron&#8230; y quienes no tienen casa comenzaron a construir una en la toma de Guernica. Una casa para quedarse\u2026 como dijeron.<\/p>\n\n\n\n<p><br>\u00abQuedate en casa\u00bb, dijeron\u2026 para cuidar tu vida y la vida de todos\u2026 y quienes nada tienen dijeron que s\u00ed, que quieren vivir, pero que no tienen casa donde quedarse. Tomaron las tierras y empezaron a hacerla. Llegaron m\u00e1s y m\u00e1s personas que quer\u00edan quedarse en casa, y que para eso la hicieron.<br><br>\u00abQuedate en casa\u00bb dijeron, y amenazaron con meter presos a quienes sal\u00edan de ellas. Por salir de la casa sin permiso desaparecieron a Facundo y lo mataron. Por salir de la casa sin permiso, muchos pibes y pibas pasaron noches en puestos policiales.<br><br>\u00abQuedate en casa\u00bb dijeron. Muchas mujeres intuyeron que cuando se ocupa una tierra y se hace una casa, tambi\u00e9n es posible escapar de la violencia cotidiana que convierte los llamados hogares en infiernos. Se escaparon de la violencia del d\u00eda a d\u00eda, y se reunieron en la toma, hicieron talleres, asambleas feministas, muchas mateadas. Comenzaron a nombrar la violencia machista como patriarcado, y a tejer una trama colectiva para cuidarse, porque eso era lo que quer\u00edan, que nadie las lastime, ni a ellas ni a sus hijos e hijas. Y as\u00ed lo hicieron, hasta que volvieron a sentir el golpe. Fue el polic\u00eda el que la golpe\u00f3, y en el dolor se acord\u00f3 de todos los golpes que hab\u00eda recibido en otros tiempos. Al polic\u00eda lo mand\u00f3 el fiscal. Le peg\u00f3 el poder con cara de Berni, de Axel, de Alberto.<br><br>\u00abQuedate en casa\u00bb dijeron. Desconfiaron de ellos que lo dec\u00edan (porque no hab\u00eda donde quedarse), pero confiaron en ellas mismas, porque aprendieron lo que necesitan para vivir, y desaprendieron lo que las mata. La propiedad privada mata. El patriarcado mata.<br><br>\u00abQuedate en casa\u00bb dijeron. Y cuando la casita iba pareciendo un territorio colectivo, dijeron que ya no, que ah\u00ed estaba la polic\u00eda para desalojar, para mandar a la gente a ning\u00fan lugar.<br><br>\u00abQuedate en casa\u00bb dijeron. Tiraron balas, tiraron gases, tiraron desde carros hidrantes, arrasaron el territorio y lo destrozaron como a ese cuadro de horror al que le dec\u00edan Guernica.<br><br>\u00abQuedate en casa\u00bb dijeron. Ahora est\u00e1 en la intemperie, lastimada, con los ni\u00f1os y ni\u00f1as preguntando donde dormir\u00e1n esta noche, preguntando a alguna vecina qu\u00e9 dijo el Ministro de Salud sobre andar tragando gases y durmiendo sin casa, qu\u00e9 dice el Alberto que nos cuidaba como una madre, qu\u00e9 dice el Ministro de la Mujer de todas estas mujeres muertas de fr\u00edo, de hambre, de miedo, de rabia.<br><br>\u00abQuedate en casa\u00bb dijeron. Y quemaron la casa.<br><br>Texto: Claudia Korol<\/p>\n\n\n\n<p>Voz: M\u00f3nica Oliver<\/p>\n\n\n\n<p>Ilustraci\u00f3n: Obra \u00abBernica\u00bb de Tom\u00e1s M\u00fcller<\/p>\n<!-- AddThis Advanced Settings generic via filter on the_content --><!-- AddThis Share Buttons generic via filter on the_content -->","protected":false},"excerpt":{"rendered":"<p>Prensa Vamos CRPMLM \u00b7 &quot;Quedate en casa&quot; dijeron&#8230; \u00abQuedate en casa\u00bb, dijeron&#8230; y quienes no tienen casa comenzaron a construir una en la toma de Guernica. Una casa para quedarse\u2026 como dijeron. \u00abQuedate en casa\u00bb, dijeron\u2026 para cuidar tu vida y la vida de todos\u2026 y quienes nada tienen dijeron que s\u00ed, que quieren vivir, [&hellip;]<!-- AddThis Advanced Settings generic via filter on get_the_excerpt --><!-- AddThis Share Buttons generic via filter on get_the_excerpt --><\/p>\n","protected":false},"author":6,"featured_media":21517,"comment_status":"open","ping_status":"open","sticky":false,"template":"","format":"standard","meta":{"_jetpack_memberships_contains_paid_content":false,"footnotes":""},"categories":[1850],"tags":[],"class_list":{"0":"post-21514","1":"post","2":"type-post","3":"status-publish","4":"format-standard","5":"has-post-thumbnail","7":"category-cultura"},"yoast_head":"<!-- This site is optimized with the Yoast SEO plugin v27.4 - https:\/\/yoast.com\/product\/yoast-seo-wordpress\/ -->\n<title>&quot;Quedate en casa&quot;, dijeron. - Vamos por la Liberaci\u00f3n<\/title>\n<meta name=\"robots\" content=\"index, follow, max-snippet:-1, max-image-preview:large, max-video-preview:-1\" \/>\n<link rel=\"canonical\" href=\"https:\/\/vamosporlaliberacion.org\/crpmlm\/quedate-en-casa-dijeron\/\" \/>\n<meta name=\"twitter:label1\" content=\"Escrito por\" \/>\n\t<meta name=\"twitter:data1\" content=\"vamos!\" \/>\n\t<meta name=\"twitter:label2\" content=\"Tiempo de lectura\" \/>\n\t<meta name=\"twitter:data2\" content=\"2 minutos\" \/>\n<script type=\"application\/ld+json\" class=\"yoast-schema-graph\">{\"@context\":\"https:\\\/\\\/schema.org\",\"@graph\":[{\"@type\":\"Article\",\"@id\":\"https:\\\/\\\/vamosporlaliberacion.org\\\/crpmlm\\\/quedate-en-casa-dijeron\\\/#article\",\"isPartOf\":{\"@id\":\"https:\\\/\\\/vamosporlaliberacion.org\\\/crpmlm\\\/quedate-en-casa-dijeron\\\/\"},\"author\":{\"name\":\"vamos!\",\"@id\":\"https:\\\/\\\/vamosporlaliberacion.org\\\/crpmlm\\\/#\\\/schema\\\/person\\\/d6eac7758df3770dae9cd9eb104d615c\"},\"headline\":\"\u00abQuedate en casa\u00bb, dijeron.\",\"datePublished\":\"2020-11-02T18:19:15+00:00\",\"dateModified\":\"2020-11-02T18:21:38+00:00\",\"mainEntityOfPage\":{\"@id\":\"https:\\\/\\\/vamosporlaliberacion.org\\\/crpmlm\\\/quedate-en-casa-dijeron\\\/\"},\"wordCount\":487,\"commentCount\":0,\"image\":{\"@id\":\"https:\\\/\\\/vamosporlaliberacion.org\\\/crpmlm\\\/quedate-en-casa-dijeron\\\/#primaryimage\"},\"thumbnailUrl\":\"https:\\\/\\\/i0.wp.com\\\/vamosporlaliberacion.org\\\/crpmlm\\\/wp-content\\\/uploads\\\/2020\\\/11\\\/123027029_10220939390252630_8869037516534820033_o-1.jpg?fit=2048%2C1448&ssl=1\",\"articleSection\":[\"cultura\"],\"inLanguage\":\"es\",\"potentialAction\":[{\"@type\":\"CommentAction\",\"name\":\"Comment\",\"target\":[\"https:\\\/\\\/vamosporlaliberacion.org\\\/crpmlm\\\/quedate-en-casa-dijeron\\\/#respond\"]}]},{\"@type\":\"WebPage\",\"@id\":\"https:\\\/\\\/vamosporlaliberacion.org\\\/crpmlm\\\/quedate-en-casa-dijeron\\\/\",\"url\":\"https:\\\/\\\/vamosporlaliberacion.org\\\/crpmlm\\\/quedate-en-casa-dijeron\\\/\",\"name\":\"\\\"Quedate en casa\\\", dijeron. - Vamos por la Liberaci\u00f3n\",\"isPartOf\":{\"@id\":\"https:\\\/\\\/vamosporlaliberacion.org\\\/crpmlm\\\/#website\"},\"primaryImageOfPage\":{\"@id\":\"https:\\\/\\\/vamosporlaliberacion.org\\\/crpmlm\\\/quedate-en-casa-dijeron\\\/#primaryimage\"},\"image\":{\"@id\":\"https:\\\/\\\/vamosporlaliberacion.org\\\/crpmlm\\\/quedate-en-casa-dijeron\\\/#primaryimage\"},\"thumbnailUrl\":\"https:\\\/\\\/i0.wp.com\\\/vamosporlaliberacion.org\\\/crpmlm\\\/wp-content\\\/uploads\\\/2020\\\/11\\\/123027029_10220939390252630_8869037516534820033_o-1.jpg?fit=2048%2C1448&ssl=1\",\"datePublished\":\"2020-11-02T18:19:15+00:00\",\"dateModified\":\"2020-11-02T18:21:38+00:00\",\"author\":{\"@id\":\"https:\\\/\\\/vamosporlaliberacion.org\\\/crpmlm\\\/#\\\/schema\\\/person\\\/d6eac7758df3770dae9cd9eb104d615c\"},\"breadcrumb\":{\"@id\":\"https:\\\/\\\/vamosporlaliberacion.org\\\/crpmlm\\\/quedate-en-casa-dijeron\\\/#breadcrumb\"},\"inLanguage\":\"es\",\"potentialAction\":[{\"@type\":\"ReadAction\",\"target\":[\"https:\\\/\\\/vamosporlaliberacion.org\\\/crpmlm\\\/quedate-en-casa-dijeron\\\/\"]}]},{\"@type\":\"ImageObject\",\"inLanguage\":\"es\",\"@id\":\"https:\\\/\\\/vamosporlaliberacion.org\\\/crpmlm\\\/quedate-en-casa-dijeron\\\/#primaryimage\",\"url\":\"https:\\\/\\\/i0.wp.com\\\/vamosporlaliberacion.org\\\/crpmlm\\\/wp-content\\\/uploads\\\/2020\\\/11\\\/123027029_10220939390252630_8869037516534820033_o-1.jpg?fit=2048%2C1448&ssl=1\",\"contentUrl\":\"https:\\\/\\\/i0.wp.com\\\/vamosporlaliberacion.org\\\/crpmlm\\\/wp-content\\\/uploads\\\/2020\\\/11\\\/123027029_10220939390252630_8869037516534820033_o-1.jpg?fit=2048%2C1448&ssl=1\",\"width\":2048,\"height\":1448},{\"@type\":\"BreadcrumbList\",\"@id\":\"https:\\\/\\\/vamosporlaliberacion.org\\\/crpmlm\\\/quedate-en-casa-dijeron\\\/#breadcrumb\",\"itemListElement\":[{\"@type\":\"ListItem\",\"position\":1,\"name\":\"Portada\",\"item\":\"https:\\\/\\\/vamosporlaliberacion.org\\\/crpmlm\\\/\"},{\"@type\":\"ListItem\",\"position\":2,\"name\":\"\u00abQuedate en casa\u00bb, dijeron.\"}]},{\"@type\":\"WebSite\",\"@id\":\"https:\\\/\\\/vamosporlaliberacion.org\\\/crpmlm\\\/#website\",\"url\":\"https:\\\/\\\/vamosporlaliberacion.org\\\/crpmlm\\\/\",\"name\":\"Vamos por la Liberaci\u00f3n\",\"description\":\"Prensa CR\",\"potentialAction\":[{\"@type\":\"SearchAction\",\"target\":{\"@type\":\"EntryPoint\",\"urlTemplate\":\"https:\\\/\\\/vamosporlaliberacion.org\\\/crpmlm\\\/?s={search_term_string}\"},\"query-input\":{\"@type\":\"PropertyValueSpecification\",\"valueRequired\":true,\"valueName\":\"search_term_string\"}}],\"inLanguage\":\"es\"},{\"@type\":\"Person\",\"@id\":\"https:\\\/\\\/vamosporlaliberacion.org\\\/crpmlm\\\/#\\\/schema\\\/person\\\/d6eac7758df3770dae9cd9eb104d615c\",\"name\":\"vamos!\",\"url\":\"http:\\\/\\\/vamosporlaliberacion.org\\\/crpmlm\\\/author\\\/adminvxl\\\/\"}]}<\/script>\n<!-- \/ Yoast SEO plugin. -->","yoast_head_json":{"title":"\"Quedate en casa\", dijeron. - Vamos por la Liberaci\u00f3n","robots":{"index":"index","follow":"follow","max-snippet":"max-snippet:-1","max-image-preview":"max-image-preview:large","max-video-preview":"max-video-preview:-1"},"canonical":"https:\/\/vamosporlaliberacion.org\/crpmlm\/quedate-en-casa-dijeron\/","twitter_misc":{"Escrito por":"vamos!","Tiempo de lectura":"2 minutos"},"schema":{"@context":"https:\/\/schema.org","@graph":[{"@type":"Article","@id":"https:\/\/vamosporlaliberacion.org\/crpmlm\/quedate-en-casa-dijeron\/#article","isPartOf":{"@id":"https:\/\/vamosporlaliberacion.org\/crpmlm\/quedate-en-casa-dijeron\/"},"author":{"name":"vamos!","@id":"https:\/\/vamosporlaliberacion.org\/crpmlm\/#\/schema\/person\/d6eac7758df3770dae9cd9eb104d615c"},"headline":"\u00abQuedate en casa\u00bb, dijeron.","datePublished":"2020-11-02T18:19:15+00:00","dateModified":"2020-11-02T18:21:38+00:00","mainEntityOfPage":{"@id":"https:\/\/vamosporlaliberacion.org\/crpmlm\/quedate-en-casa-dijeron\/"},"wordCount":487,"commentCount":0,"image":{"@id":"https:\/\/vamosporlaliberacion.org\/crpmlm\/quedate-en-casa-dijeron\/#primaryimage"},"thumbnailUrl":"https:\/\/i0.wp.com\/vamosporlaliberacion.org\/crpmlm\/wp-content\/uploads\/2020\/11\/123027029_10220939390252630_8869037516534820033_o-1.jpg?fit=2048%2C1448&ssl=1","articleSection":["cultura"],"inLanguage":"es","potentialAction":[{"@type":"CommentAction","name":"Comment","target":["https:\/\/vamosporlaliberacion.org\/crpmlm\/quedate-en-casa-dijeron\/#respond"]}]},{"@type":"WebPage","@id":"https:\/\/vamosporlaliberacion.org\/crpmlm\/quedate-en-casa-dijeron\/","url":"https:\/\/vamosporlaliberacion.org\/crpmlm\/quedate-en-casa-dijeron\/","name":"\"Quedate en casa\", dijeron. - Vamos por la Liberaci\u00f3n","isPartOf":{"@id":"https:\/\/vamosporlaliberacion.org\/crpmlm\/#website"},"primaryImageOfPage":{"@id":"https:\/\/vamosporlaliberacion.org\/crpmlm\/quedate-en-casa-dijeron\/#primaryimage"},"image":{"@id":"https:\/\/vamosporlaliberacion.org\/crpmlm\/quedate-en-casa-dijeron\/#primaryimage"},"thumbnailUrl":"https:\/\/i0.wp.com\/vamosporlaliberacion.org\/crpmlm\/wp-content\/uploads\/2020\/11\/123027029_10220939390252630_8869037516534820033_o-1.jpg?fit=2048%2C1448&ssl=1","datePublished":"2020-11-02T18:19:15+00:00","dateModified":"2020-11-02T18:21:38+00:00","author":{"@id":"https:\/\/vamosporlaliberacion.org\/crpmlm\/#\/schema\/person\/d6eac7758df3770dae9cd9eb104d615c"},"breadcrumb":{"@id":"https:\/\/vamosporlaliberacion.org\/crpmlm\/quedate-en-casa-dijeron\/#breadcrumb"},"inLanguage":"es","potentialAction":[{"@type":"ReadAction","target":["https:\/\/vamosporlaliberacion.org\/crpmlm\/quedate-en-casa-dijeron\/"]}]},{"@type":"ImageObject","inLanguage":"es","@id":"https:\/\/vamosporlaliberacion.org\/crpmlm\/quedate-en-casa-dijeron\/#primaryimage","url":"https:\/\/i0.wp.com\/vamosporlaliberacion.org\/crpmlm\/wp-content\/uploads\/2020\/11\/123027029_10220939390252630_8869037516534820033_o-1.jpg?fit=2048%2C1448&ssl=1","contentUrl":"https:\/\/i0.wp.com\/vamosporlaliberacion.org\/crpmlm\/wp-content\/uploads\/2020\/11\/123027029_10220939390252630_8869037516534820033_o-1.jpg?fit=2048%2C1448&ssl=1","width":2048,"height":1448},{"@type":"BreadcrumbList","@id":"https:\/\/vamosporlaliberacion.org\/crpmlm\/quedate-en-casa-dijeron\/#breadcrumb","itemListElement":[{"@type":"ListItem","position":1,"name":"Portada","item":"https:\/\/vamosporlaliberacion.org\/crpmlm\/"},{"@type":"ListItem","position":2,"name":"\u00abQuedate en casa\u00bb, dijeron."}]},{"@type":"WebSite","@id":"https:\/\/vamosporlaliberacion.org\/crpmlm\/#website","url":"https:\/\/vamosporlaliberacion.org\/crpmlm\/","name":"Vamos por la Liberaci\u00f3n","description":"Prensa CR","potentialAction":[{"@type":"SearchAction","target":{"@type":"EntryPoint","urlTemplate":"https:\/\/vamosporlaliberacion.org\/crpmlm\/?s={search_term_string}"},"query-input":{"@type":"PropertyValueSpecification","valueRequired":true,"valueName":"search_term_string"}}],"inLanguage":"es"},{"@type":"Person","@id":"https:\/\/vamosporlaliberacion.org\/crpmlm\/#\/schema\/person\/d6eac7758df3770dae9cd9eb104d615c","name":"vamos!","url":"http:\/\/vamosporlaliberacion.org\/crpmlm\/author\/adminvxl\/"}]}},"jetpack_featured_media_url":"https:\/\/i0.wp.com\/vamosporlaliberacion.org\/crpmlm\/wp-content\/uploads\/2020\/11\/123027029_10220939390252630_8869037516534820033_o-1.jpg?fit=2048%2C1448&ssl=1","jetpack_sharing_enabled":true,"_links":{"self":[{"href":"http:\/\/vamosporlaliberacion.org\/crpmlm\/wp-json\/wp\/v2\/posts\/21514","targetHints":{"allow":["GET"]}}],"collection":[{"href":"http:\/\/vamosporlaliberacion.org\/crpmlm\/wp-json\/wp\/v2\/posts"}],"about":[{"href":"http:\/\/vamosporlaliberacion.org\/crpmlm\/wp-json\/wp\/v2\/types\/post"}],"author":[{"embeddable":true,"href":"http:\/\/vamosporlaliberacion.org\/crpmlm\/wp-json\/wp\/v2\/users\/6"}],"replies":[{"embeddable":true,"href":"http:\/\/vamosporlaliberacion.org\/crpmlm\/wp-json\/wp\/v2\/comments?post=21514"}],"version-history":[{"count":1,"href":"http:\/\/vamosporlaliberacion.org\/crpmlm\/wp-json\/wp\/v2\/posts\/21514\/revisions"}],"predecessor-version":[{"id":21516,"href":"http:\/\/vamosporlaliberacion.org\/crpmlm\/wp-json\/wp\/v2\/posts\/21514\/revisions\/21516"}],"wp:featuredmedia":[{"embeddable":true,"href":"http:\/\/vamosporlaliberacion.org\/crpmlm\/wp-json\/wp\/v2\/media\/21517"}],"wp:attachment":[{"href":"http:\/\/vamosporlaliberacion.org\/crpmlm\/wp-json\/wp\/v2\/media?parent=21514"}],"wp:term":[{"taxonomy":"category","embeddable":true,"href":"http:\/\/vamosporlaliberacion.org\/crpmlm\/wp-json\/wp\/v2\/categories?post=21514"},{"taxonomy":"post_tag","embeddable":true,"href":"http:\/\/vamosporlaliberacion.org\/crpmlm\/wp-json\/wp\/v2\/tags?post=21514"}],"curies":[{"name":"wp","href":"https:\/\/api.w.org\/{rel}","templated":true}]}}