{"id":20051,"date":"2020-10-13T14:18:19","date_gmt":"2020-10-13T17:18:19","guid":{"rendered":"http:\/\/vamosporlaliberacion.org\/crpmlm\/?p=20051"},"modified":"2020-10-13T14:19:11","modified_gmt":"2020-10-13T17:19:11","slug":"la-propiedad-es-la-maldicion-de-la-hermandad-la-obra-de-titeres-de-norman-briski-para-las-familias-de-guernica","status":"publish","type":"post","link":"http:\/\/vamosporlaliberacion.org\/crpmlm\/la-propiedad-es-la-maldicion-de-la-hermandad-la-obra-de-titeres-de-norman-briski-para-las-familias-de-guernica\/","title":{"rendered":"\u00abLa propiedad es la maldici\u00f3n de la hermandad\u00bb, la obra de t\u00edteres de Norman Briski para las familias de Guernica"},"content":{"rendered":"\n<div class=\"wp-block-jetpack-slideshow aligncenter\" data-effect=\"slide\"><div class=\"wp-block-jetpack-slideshow_container swiper-container\"><ul class=\"wp-block-jetpack-slideshow_swiper-wrapper swiper-wrapper\"><li class=\"wp-block-jetpack-slideshow_slide swiper-slide\"><figure><img data-recalc-dims=\"1\" loading=\"lazy\" decoding=\"async\" width=\"696\" height=\"463\" alt=\"\" class=\"wp-block-jetpack-slideshow_image wp-image-20061\" data-id=\"20061\" src=\"https:\/\/i0.wp.com\/vamosporlaliberacion.org\/crpmlm\/wp-content\/uploads\/2020\/10\/WhatsApp-Image-2020-10-12-at-20.17.542-700x466.jpeg?resize=696%2C463\" srcset=\"https:\/\/i0.wp.com\/vamosporlaliberacion.org\/crpmlm\/wp-content\/uploads\/2020\/10\/WhatsApp-Image-2020-10-12-at-20.17.542.jpeg?resize=700%2C466&amp;ssl=1 700w, https:\/\/i0.wp.com\/vamosporlaliberacion.org\/crpmlm\/wp-content\/uploads\/2020\/10\/WhatsApp-Image-2020-10-12-at-20.17.542.jpeg?resize=300%2C200&amp;ssl=1 300w, https:\/\/i0.wp.com\/vamosporlaliberacion.org\/crpmlm\/wp-content\/uploads\/2020\/10\/WhatsApp-Image-2020-10-12-at-20.17.542.jpeg?resize=768%2C512&amp;ssl=1 768w, https:\/\/i0.wp.com\/vamosporlaliberacion.org\/crpmlm\/wp-content\/uploads\/2020\/10\/WhatsApp-Image-2020-10-12-at-20.17.542.jpeg?resize=696%2C464&amp;ssl=1 696w, https:\/\/i0.wp.com\/vamosporlaliberacion.org\/crpmlm\/wp-content\/uploads\/2020\/10\/WhatsApp-Image-2020-10-12-at-20.17.542.jpeg?resize=1068%2C712&amp;ssl=1 1068w, https:\/\/i0.wp.com\/vamosporlaliberacion.org\/crpmlm\/wp-content\/uploads\/2020\/10\/WhatsApp-Image-2020-10-12-at-20.17.542.jpeg?resize=630%2C420&amp;ssl=1 630w, https:\/\/i0.wp.com\/vamosporlaliberacion.org\/crpmlm\/wp-content\/uploads\/2020\/10\/WhatsApp-Image-2020-10-12-at-20.17.542.jpeg?w=1280&amp;ssl=1 1280w\" sizes=\"(max-width: 696px) 100vw, 696px\" \/><\/figure><\/li><li class=\"wp-block-jetpack-slideshow_slide swiper-slide\"><figure><img data-recalc-dims=\"1\" loading=\"lazy\" decoding=\"async\" width=\"696\" height=\"463\" alt=\"\" class=\"wp-block-jetpack-slideshow_image wp-image-20063\" data-id=\"20063\" src=\"https:\/\/i0.wp.com\/vamosporlaliberacion.org\/crpmlm\/wp-content\/uploads\/2020\/10\/WhatsApp-Image-2020-10-12-at-20.17.572-700x466.jpeg?resize=696%2C463\" srcset=\"https:\/\/i0.wp.com\/vamosporlaliberacion.org\/crpmlm\/wp-content\/uploads\/2020\/10\/WhatsApp-Image-2020-10-12-at-20.17.572.jpeg?resize=700%2C466&amp;ssl=1 700w, https:\/\/i0.wp.com\/vamosporlaliberacion.org\/crpmlm\/wp-content\/uploads\/2020\/10\/WhatsApp-Image-2020-10-12-at-20.17.572.jpeg?resize=300%2C200&amp;ssl=1 300w, https:\/\/i0.wp.com\/vamosporlaliberacion.org\/crpmlm\/wp-content\/uploads\/2020\/10\/WhatsApp-Image-2020-10-12-at-20.17.572.jpeg?resize=768%2C512&amp;ssl=1 768w, https:\/\/i0.wp.com\/vamosporlaliberacion.org\/crpmlm\/wp-content\/uploads\/2020\/10\/WhatsApp-Image-2020-10-12-at-20.17.572.jpeg?resize=696%2C464&amp;ssl=1 696w, https:\/\/i0.wp.com\/vamosporlaliberacion.org\/crpmlm\/wp-content\/uploads\/2020\/10\/WhatsApp-Image-2020-10-12-at-20.17.572.jpeg?resize=1068%2C712&amp;ssl=1 1068w, https:\/\/i0.wp.com\/vamosporlaliberacion.org\/crpmlm\/wp-content\/uploads\/2020\/10\/WhatsApp-Image-2020-10-12-at-20.17.572.jpeg?resize=630%2C420&amp;ssl=1 630w, https:\/\/i0.wp.com\/vamosporlaliberacion.org\/crpmlm\/wp-content\/uploads\/2020\/10\/WhatsApp-Image-2020-10-12-at-20.17.572.jpeg?w=1280&amp;ssl=1 1280w\" sizes=\"(max-width: 696px) 100vw, 696px\" \/><\/figure><\/li><li class=\"wp-block-jetpack-slideshow_slide swiper-slide\"><figure><img data-recalc-dims=\"1\" loading=\"lazy\" decoding=\"async\" width=\"696\" height=\"465\" alt=\"\" class=\"wp-block-jetpack-slideshow_image wp-image-20064\" data-id=\"20064\" src=\"https:\/\/i0.wp.com\/vamosporlaliberacion.org\/crpmlm\/wp-content\/uploads\/2020\/10\/WhatsApp-Image-2020-10-12-at-20.17.551-700x468.jpeg?resize=696%2C465\" srcset=\"https:\/\/i0.wp.com\/vamosporlaliberacion.org\/crpmlm\/wp-content\/uploads\/2020\/10\/WhatsApp-Image-2020-10-12-at-20.17.551.jpeg?resize=700%2C468&amp;ssl=1 700w, https:\/\/i0.wp.com\/vamosporlaliberacion.org\/crpmlm\/wp-content\/uploads\/2020\/10\/WhatsApp-Image-2020-10-12-at-20.17.551.jpeg?resize=300%2C201&amp;ssl=1 300w, https:\/\/i0.wp.com\/vamosporlaliberacion.org\/crpmlm\/wp-content\/uploads\/2020\/10\/WhatsApp-Image-2020-10-12-at-20.17.551.jpeg?resize=768%2C514&amp;ssl=1 768w, https:\/\/i0.wp.com\/vamosporlaliberacion.org\/crpmlm\/wp-content\/uploads\/2020\/10\/WhatsApp-Image-2020-10-12-at-20.17.551.jpeg?resize=696%2C465&amp;ssl=1 696w, https:\/\/i0.wp.com\/vamosporlaliberacion.org\/crpmlm\/wp-content\/uploads\/2020\/10\/WhatsApp-Image-2020-10-12-at-20.17.551.jpeg?resize=1068%2C714&amp;ssl=1 1068w, https:\/\/i0.wp.com\/vamosporlaliberacion.org\/crpmlm\/wp-content\/uploads\/2020\/10\/WhatsApp-Image-2020-10-12-at-20.17.551.jpeg?resize=628%2C420&amp;ssl=1 628w, https:\/\/i0.wp.com\/vamosporlaliberacion.org\/crpmlm\/wp-content\/uploads\/2020\/10\/WhatsApp-Image-2020-10-12-at-20.17.551.jpeg?w=1280&amp;ssl=1 1280w\" sizes=\"(max-width: 696px) 100vw, 696px\" \/><\/figure><\/li><li class=\"wp-block-jetpack-slideshow_slide swiper-slide\"><figure><img data-recalc-dims=\"1\" loading=\"lazy\" decoding=\"async\" width=\"696\" height=\"463\" alt=\"\" class=\"wp-block-jetpack-slideshow_image wp-image-20065\" data-id=\"20065\" src=\"https:\/\/i0.wp.com\/vamosporlaliberacion.org\/crpmlm\/wp-content\/uploads\/2020\/10\/WhatsApp-Image-2020-10-12-at-20.17.552-700x466.jpeg?resize=696%2C463\" srcset=\"https:\/\/i0.wp.com\/vamosporlaliberacion.org\/crpmlm\/wp-content\/uploads\/2020\/10\/WhatsApp-Image-2020-10-12-at-20.17.552.jpeg?resize=700%2C466&amp;ssl=1 700w, https:\/\/i0.wp.com\/vamosporlaliberacion.org\/crpmlm\/wp-content\/uploads\/2020\/10\/WhatsApp-Image-2020-10-12-at-20.17.552.jpeg?resize=300%2C200&amp;ssl=1 300w, https:\/\/i0.wp.com\/vamosporlaliberacion.org\/crpmlm\/wp-content\/uploads\/2020\/10\/WhatsApp-Image-2020-10-12-at-20.17.552.jpeg?resize=768%2C512&amp;ssl=1 768w, https:\/\/i0.wp.com\/vamosporlaliberacion.org\/crpmlm\/wp-content\/uploads\/2020\/10\/WhatsApp-Image-2020-10-12-at-20.17.552.jpeg?resize=696%2C464&amp;ssl=1 696w, https:\/\/i0.wp.com\/vamosporlaliberacion.org\/crpmlm\/wp-content\/uploads\/2020\/10\/WhatsApp-Image-2020-10-12-at-20.17.552.jpeg?resize=1068%2C712&amp;ssl=1 1068w, https:\/\/i0.wp.com\/vamosporlaliberacion.org\/crpmlm\/wp-content\/uploads\/2020\/10\/WhatsApp-Image-2020-10-12-at-20.17.552.jpeg?resize=630%2C420&amp;ssl=1 630w, https:\/\/i0.wp.com\/vamosporlaliberacion.org\/crpmlm\/wp-content\/uploads\/2020\/10\/WhatsApp-Image-2020-10-12-at-20.17.552.jpeg?w=1280&amp;ssl=1 1280w\" sizes=\"(max-width: 696px) 100vw, 696px\" \/><\/figure><\/li><li class=\"wp-block-jetpack-slideshow_slide swiper-slide\"><figure><img data-recalc-dims=\"1\" loading=\"lazy\" decoding=\"async\" width=\"696\" height=\"463\" alt=\"\" class=\"wp-block-jetpack-slideshow_image wp-image-20066\" data-id=\"20066\" src=\"https:\/\/i0.wp.com\/vamosporlaliberacion.org\/crpmlm\/wp-content\/uploads\/2020\/10\/WhatsApp-Image-2020-10-12-at-20.17.561-1-700x466.jpeg?resize=696%2C463\" srcset=\"https:\/\/i0.wp.com\/vamosporlaliberacion.org\/crpmlm\/wp-content\/uploads\/2020\/10\/WhatsApp-Image-2020-10-12-at-20.17.561-1.jpeg?resize=700%2C466&amp;ssl=1 700w, https:\/\/i0.wp.com\/vamosporlaliberacion.org\/crpmlm\/wp-content\/uploads\/2020\/10\/WhatsApp-Image-2020-10-12-at-20.17.561-1.jpeg?resize=300%2C200&amp;ssl=1 300w, https:\/\/i0.wp.com\/vamosporlaliberacion.org\/crpmlm\/wp-content\/uploads\/2020\/10\/WhatsApp-Image-2020-10-12-at-20.17.561-1.jpeg?resize=768%2C512&amp;ssl=1 768w, https:\/\/i0.wp.com\/vamosporlaliberacion.org\/crpmlm\/wp-content\/uploads\/2020\/10\/WhatsApp-Image-2020-10-12-at-20.17.561-1.jpeg?resize=696%2C464&amp;ssl=1 696w, https:\/\/i0.wp.com\/vamosporlaliberacion.org\/crpmlm\/wp-content\/uploads\/2020\/10\/WhatsApp-Image-2020-10-12-at-20.17.561-1.jpeg?resize=1068%2C712&amp;ssl=1 1068w, https:\/\/i0.wp.com\/vamosporlaliberacion.org\/crpmlm\/wp-content\/uploads\/2020\/10\/WhatsApp-Image-2020-10-12-at-20.17.561-1.jpeg?resize=630%2C420&amp;ssl=1 630w, https:\/\/i0.wp.com\/vamosporlaliberacion.org\/crpmlm\/wp-content\/uploads\/2020\/10\/WhatsApp-Image-2020-10-12-at-20.17.561-1.jpeg?w=1280&amp;ssl=1 1280w\" sizes=\"(max-width: 696px) 100vw, 696px\" \/><\/figure><\/li><\/ul><a class=\"wp-block-jetpack-slideshow_button-prev swiper-button-prev swiper-button-white\" role=\"button\"><\/a><a class=\"wp-block-jetpack-slideshow_button-next swiper-button-next swiper-button-white\" role=\"button\"><\/a><a aria-label=\"Pause Slideshow\" class=\"wp-block-jetpack-slideshow_button-pause\" role=\"button\"><\/a><div class=\"wp-block-jetpack-slideshow_pagination swiper-pagination swiper-pagination-white\"><\/div><\/div><\/div>\n\n\n\n<p class=\"has-text-align-right\" style=\"font-size:13px\"><em>Fotograf\u00edas de Juan Pablo Barrientos<\/em><\/p>\n\n\n\n<p>Este lunes, en \u00abla T\u00bb, cerca de 300 ni\u00f1xs y adultxs de la recuperaci\u00f3n de tierras de Guernica pudieron disfrutar de <strong><em>La propiedad es la maldici\u00f3n de la hermandad<\/em><\/strong> escrita por el actor, director teatral y dramaturgo Norman Briski, con lxs personajes ilustrados por Rep y la representaci\u00f3n de \u00abS.O.S. los t\u00edteres de Che Adelita\u00bb.<\/p>\n\n\n\n<p>Desde hace semanas que Norman Briski se viene solidarizando con las 2500 familias que resisten por tierra para vivir, se acerc\u00f3 a las familias, particip\u00f3 de las conferencias de prensa en el Obelisco. Briski no se qued\u00f3 quieto, como todxs, \u00abhay que generar una est\u00e9tica que responda a una lucha de gente que no tiene nada\u00bb.<\/p>\n\n\n\n<p>La obra conecta la historia de la localidad del tercer cord\u00f3n del conurbano bonaerense -otrora territorio de querand\u00edes- con el conflicto actual. La tesis es que quienes ahora viven all\u00ed en precarias casillas encarnan el esp\u00edritu de los que a fines de 1800 fueron echados y masacrados, por eso un personaje central es un querand\u00ed gigante de largos brazos. Juana con Beb\u00e9 s\u00f3lo busca un pedazo de tierra para vivir, pero est\u00e1 amenazada por un desalojo inminente.<\/p>\n\n\n\n<h2 class=\"has-text-align-center wp-block-heading\">La propiedad es la maldici\u00f3n<br>de la hermandad<\/h2>\n\n\n\n<p><strong>Personajes<\/strong><br>Indio y Luna \/ Cuatro grillos cantores \/ Ojos y estrellas \/ Vicente cura viejito \/ Dron \/ Polic\u00eda con bigote y arma \/ Vizcacha \/ Comisario con bigote y arma \/ Juana con beb\u00e9<br>Voz en off del Querand\u00ed<\/p>\n\n\n\n<figure class=\"wp-block-image size-large\"><img data-recalc-dims=\"1\" loading=\"lazy\" decoding=\"async\" width=\"696\" height=\"322\" src=\"https:\/\/i0.wp.com\/vamosporlaliberacion.org\/crpmlm\/wp-content\/uploads\/2020\/10\/ilustraciones-miguel-rep-700x324.png?resize=696%2C322\" alt=\"\" class=\"wp-image-20058\" srcset=\"https:\/\/i0.wp.com\/vamosporlaliberacion.org\/crpmlm\/wp-content\/uploads\/2020\/10\/ilustraciones-miguel-rep.png?resize=700%2C324&amp;ssl=1 700w, https:\/\/i0.wp.com\/vamosporlaliberacion.org\/crpmlm\/wp-content\/uploads\/2020\/10\/ilustraciones-miguel-rep.png?resize=300%2C139&amp;ssl=1 300w, https:\/\/i0.wp.com\/vamosporlaliberacion.org\/crpmlm\/wp-content\/uploads\/2020\/10\/ilustraciones-miguel-rep.png?resize=768%2C356&amp;ssl=1 768w, https:\/\/i0.wp.com\/vamosporlaliberacion.org\/crpmlm\/wp-content\/uploads\/2020\/10\/ilustraciones-miguel-rep.png?resize=1536%2C712&amp;ssl=1 1536w, https:\/\/i0.wp.com\/vamosporlaliberacion.org\/crpmlm\/wp-content\/uploads\/2020\/10\/ilustraciones-miguel-rep.png?resize=2048%2C949&amp;ssl=1 2048w, https:\/\/i0.wp.com\/vamosporlaliberacion.org\/crpmlm\/wp-content\/uploads\/2020\/10\/ilustraciones-miguel-rep.png?resize=696%2C322&amp;ssl=1 696w, https:\/\/i0.wp.com\/vamosporlaliberacion.org\/crpmlm\/wp-content\/uploads\/2020\/10\/ilustraciones-miguel-rep.png?resize=1068%2C495&amp;ssl=1 1068w, https:\/\/i0.wp.com\/vamosporlaliberacion.org\/crpmlm\/wp-content\/uploads\/2020\/10\/ilustraciones-miguel-rep.png?resize=1920%2C889&amp;ssl=1 1920w, https:\/\/i0.wp.com\/vamosporlaliberacion.org\/crpmlm\/wp-content\/uploads\/2020\/10\/ilustraciones-miguel-rep.png?resize=907%2C420&amp;ssl=1 907w, https:\/\/i0.wp.com\/vamosporlaliberacion.org\/crpmlm\/wp-content\/uploads\/2020\/10\/ilustraciones-miguel-rep.png?w=1392&amp;ssl=1 1392w\" sizes=\"auto, (max-width: 696px) 100vw, 696px\" \/><figcaption>Ilustraci\u00f3n de Rep<\/figcaption><\/figure>\n\n\n\n<p><em><strong>(Entra mujer con bebe atr\u00e1s)<\/strong><\/em><\/p>\n\n\n\n<p><strong>Juana: <\/strong>Estoy corriendo para all\u00e1. Ya vuelvo con novedad. Estamos queriendo tener un lugar para poder\u2026 ya vuelvo\u2026 Nos quieren rajar. Yo soy una madre, hija y abuela. Todo eso soy y muchas m\u00e1s.<strong> <em>(A p\u00fablico)<\/em><\/strong><em> <\/em>Ustedes me tienen que ayudar. Si ven que vienen los botones me tienen que avisar. Atr\u00e1s esta mi ni\u00f1o, \u00e9l me avisa cuando rajar. Con el chupete apunta y se pone a llorar.<\/p>\n\n\n\n<p><strong>Vizcacha: <\/strong>Este lugar se llama, s\u00ed, s\u00ed, hab\u00eda llamas, guanacos, vizcachas y sapos. Yo soy la \u00faltima vizcacha y todo lo voy a contar. Esto que se llama Guernica, se lo puso una Matilde tal y hasta el apellido no lo voy a olvidar. D\u00edaz V\u00e9lez, y su abuelo Eustaquio era general. Raj\u00f3 a los indios que estaban ac\u00e1. Le puso Guernica por la madre espa\u00f1ola que la pari\u00f3.<\/p>\n\n\n\n<p><strong>Juana:<\/strong> Que me importa la historia, yo necesito un lugar, miren lo que le voy a decir, yo necesito un lugar para vivir.<\/p>\n\n\n\n<p><strong>Vizcacha: <\/strong>\u00bfY yo no? Yo no cuento nada que no sea la verdad. \u00bfSi tienen mucha\u00a0hambre, ustedes me van a cocinar?<\/p>\n\n\n\n<p><strong>Juana: <\/strong>No, no de ninguna manera si yo acabo de almorzar fais\u00e1n con salsa de nueces de la Italia Meridional.<\/p>\n\n\n\n<p><strong>Vicente: <\/strong>Yo soy el cura que sabe que esos indios que viv\u00edan ac\u00e1 ten\u00edan alma como los dem\u00e1s y solamente creo en los pobres porque como San Vicente solo siendo solidario se encuentra felicidad. D\u00e9jenme hablar con la autoridad.<\/p>\n\n\n\n<p><strong>Vizcacha: <\/strong>Yo s\u00e9 el nombre de esos indios, de ellos es esta propiedad, no de los que hicieron estancias, oligarcas y mandam\u00e1s. Querand\u00edes se llamaban y a la noche se los escucha hablar\u2026<\/p>\n\n\n\n<p>\u00a1Cuidado que ah\u00ed viene la taquer\u00eda que los va a matar!<\/p>\n\n\n\n<p><em><strong>(Todos se van, se queda Vicente) (Entran polic\u00eda pertrechado, aparece Dron en el aire)<\/strong><\/em><\/p>\n\n\n\n<p><strong>Polic\u00eda: <\/strong>Ustedes que hacen aqu\u00ed, ac\u00e1, all\u00ed, all\u00e1.<br><br><strong>Vicente:<\/strong> Yo vengo en son de paz.<\/p>\n\n\n\n<p><strong>Polic\u00eda:<\/strong> Yo no.<strong> <em>(Se lo lleva)<\/em><\/strong><em> <\/em>\u00bfAlguien m\u00e1s viene a quedarse por ac\u00e1?<strong> <em>(Al p\u00fablico)<\/em><\/strong><em> <\/em>porque lo llevo de vacaciones al cementerio que ah\u00ed nom\u00e1s est\u00e1.<\/p>\n\n\n\n<p><strong>Vizcacha:<\/strong> <strong><em>(Entra la Vizcacha y le muerde el tend\u00f3n de Aquiles y se va)<\/em><\/strong><\/p>\n\n\n\n<p><strong>Polic\u00eda: <\/strong>\u00a1Ay! Me atacaron por ac\u00e1 y me duele por all\u00e1. Llamar\u00e9 a las tanquetas, al juez, al gobernador y a los submarinos, diciendo que alevosamente me quieren matar. Hijos de los Querand\u00edes \u00a1Ya los voy a agarrar! <em><em><strong>(Sale)<\/strong><\/em><\/em><\/p>\n\n\n\n<p><strong>Juana: <\/strong><em>(Entra corriendo)<\/em> Nadie nos va a sacar, porque lo nuestro es pura necesidad, a la noche haremos guardia y nadie va a poder entrar. <em><strong>(Sale)<\/strong><\/em><\/p>\n\n\n\n<p><strong>Vicente: <\/strong>Le dije al polic\u00eda que el diablo lo va a castigar, me dijo que vuelva a la parroquia y que no vuelva m\u00e1s por ac\u00e1, por aqu\u00ed, por ah\u00ed, por all\u00ed y por all\u00e1. Y aqu\u00ed estoy do\u00f1a Juana para avisarle que yo a la noche no voy a pernoctar. Pero ma\u00f1ana voy a seguir insistiendo que\u2026 hay que pactar, negociar, m\u00e1s que un cura parezco un sindical. <em><strong>(Sale)<\/strong><\/em><\/p>\n\n\n\n<p><strong>Vizcacha: <\/strong>A la noche es lo m\u00edo, nadie me va a encandilar, la noche no es solo para abrazar, es para abrir los ojos y alertar. <em><strong>(Sale)<\/strong><\/em><\/p>\n\n\n\n<p><em><strong>(Grillos tel\u00f3n con estrellas) (Cuatro grillos entran)<\/strong><\/em><br><em><strong>(Se callan) (Aparece Comisario y polic\u00eda tonto)<\/strong><\/em><\/p>\n\n\n\n<p><strong>Polic\u00eda: <\/strong>Aqu\u00ed me atacaron comisario y yo los detuve, los tortur\u00e9 como usted suele mandar. Merezco una medalla o un aumento salarial.<\/p>\n\n\n\n<p><strong>Comisario: <\/strong>Es de noche y no hay luna, es la hora de atacar. Que todos salgan de este predio porque el Barrio Privado me van a pagar. Si los desalojo\u2026 ser\u00e9 premiado con verdes y algo m\u00e1s.<\/p>\n\n\n\n<p><strong>Polic\u00eda:<\/strong> <em><strong>(con handy)<\/strong> <\/em>Usted vive en ese Barrio Privado mi comisario.<\/p>\n\n\n\n<p><strong>Comisario:<\/strong> C\u00e1llese y avise que vamos a entrar con siete tanquetas, perros, helic\u00f3pteros que Trump nos alquil\u00f3. Son de la Segunda Guerra mundial.<\/p>\n\n\n\n<p><strong>Polic\u00eda:<\/strong><em> <strong>(con handy)<\/strong><\/em> \u00a1Atenci\u00f3n, atenci\u00f3n! Grupo Halc\u00f3n<em> <\/em><strong><em>(se escucha voz en el handy)<\/em> <\/strong>\u201ccallate alcahuete te estoy apuntando con mi chupete\u201d. \u00a1Mi oficial\u2026 me contest\u00f3 el enemigo!<\/p>\n\n\n\n<p><strong>Comisario: <\/strong>Han interceptado su llamado, cambie de banda.<\/p>\n\n\n\n<p><strong>Polic\u00eda:<\/strong> \u00a1No! Yo siempre pertenecer\u00e9 a nuestra banda, Comisario.<\/p>\n\n\n\n<p><strong>Comisario: <\/strong>\u00bfQu\u00e9 dice?<em> <strong>(le quita el handy) <\/strong><\/em>Aqu\u00ed les habla el Comisario Eustaquio Rocamadur de la Mala Espina. Entr\u00e9guense subversivos, terroristas, por orden del juez, culo sucio y de Dios y de Mar\u00eda Sant\u00edsima\u2026<\/p>\n\n\n\n<p><em><strong>(La luna sale)<\/strong><\/em><\/p>\n\n\n\n<p><strong>Polic\u00eda: <\/strong>La luna, sali\u00f3 la luna. La luna llena. Rajemos jefe. Nos van a rejunar.<\/p>\n\n\n\n<p><em><strong>(Se ven muchos ojos)<\/strong><\/em><\/p>\n\n\n\n<p>Mire, nos est\u00e1n rodeando a puro ojo animal.<\/p>\n\n\n\n<p>Comisario: \u00a1Retirada t\u00e1ctica! \u00a1Volveremos!<\/p>\n\n\n\n<p><em><strong>(Entra Juana) (Los grillos cantan) (Voz en off de indio querand\u00ed que aqu\u00ed habit\u00f3)<\/strong><\/em><\/p>\n\n\n\n<p>Soy Querand\u00ed<br>Aqu\u00ed est\u00e1 mi tierra donde nac\u00ed\u2026<br>Que sepan los tiempos<br>Que el viento soy<br>Y que la luna esta noche<br>La puse yo.<\/p>\n\n\n\n<p>Ella es mi amiga<br>Porque yo vivo en la noche<br>Porque el blanco me oscureci\u00f3<br>Cuando amanezca ser\u00e1<br>Que ustedes con su lucha<br>Me devuelvan mi dignidad<\/p>\n\n\n\n<p><strong>Juana:<\/strong> Gracias por ayudarnos a tener vivienda, un hogar. Esto reci\u00e9n empieza, pero vamos a ganar. Si ustedes nos defienden no habr\u00e1 nada que nos pueda derrotar.<\/p>\n\n\n\n<p><strong>Indio:<\/strong> <em><strong>(Indio voz en off)<\/strong> <\/em>Aqu\u00ed estuvimos nosotros, somos los pueblos originarios que vuelven a su lugar \u00bfPodr\u00e1n entenderlo? \u00bfO la propiedad es el virus que a todos nos contagia?<\/p>\n\n\n\n<p><strong>Vizcacha:<\/strong> No se olviden de nosotros, los bichos y las plantas quieren saludar. Ma\u00f1ana les dir\u00e9 donde est\u00e1n las piedras, el agua y el coraje del Gauchito Gil que siempre nos va a acompa\u00f1ar. Si la bandera tiene un sol no puede ser que su luz sea privatizada por los patrones y no para el que va a trabajar.<\/p>\n\n\n\n<p>\u00a1La Pachamama no tiene due\u00f1o!<\/p>\n\n\n\n<p>La tierra es de quien necesita su amor.<\/p>\n\n\n\n<center><iframe loading=\"lazy\" src=\"https:\/\/www.facebook.com\/plugins\/video.php?height=314&#038;href=https%3A%2F%2Fwww.facebook.com%2FtierraparavivirGuernica%2Fvideos%2F792243268279644%2F&#038;show_text=false&#038;width=560\" width=\"560\" height=\"314\" style=\"border:none;overflow:hidden\" scrolling=\"no\" frameborder=\"0\" allowTransparency=\"true\" allow=\"encrypted-media\" allowFullScreen=\"true\"><\/iframe><\/center>\n<!-- AddThis Advanced Settings generic via filter on the_content --><!-- AddThis Share Buttons generic via filter on the_content -->","protected":false},"excerpt":{"rendered":"<p>Fotograf\u00edas de Juan Pablo Barrientos Este lunes, en \u00abla T\u00bb, cerca de 300 ni\u00f1xs y adultxs de la recuperaci\u00f3n de tierras de Guernica pudieron disfrutar de La propiedad es la maldici\u00f3n de la hermandad escrita por el actor, director teatral y dramaturgo Norman Briski, con lxs personajes ilustrados por Rep y la representaci\u00f3n de \u00abS.O.S. [&hellip;]<!-- AddThis Advanced Settings generic via filter on get_the_excerpt --><!-- AddThis Share Buttons generic via filter on get_the_excerpt --><\/p>\n","protected":false},"author":6,"featured_media":20062,"comment_status":"open","ping_status":"open","sticky":false,"template":"","format":"standard","meta":{"_jetpack_memberships_contains_paid_content":false,"footnotes":""},"categories":[1850],"tags":[],"class_list":{"0":"post-20051","1":"post","2":"type-post","3":"status-publish","4":"format-standard","5":"has-post-thumbnail","7":"category-cultura"},"yoast_head":"<!-- This site is optimized with the Yoast SEO plugin v27.4 - https:\/\/yoast.com\/product\/yoast-seo-wordpress\/ -->\n<title>&quot;La propiedad es la maldici\u00f3n de la hermandad&quot;, la obra de t\u00edteres de Norman Briski para las familias de Guernica - Vamos por la Liberaci\u00f3n<\/title>\n<meta name=\"robots\" content=\"index, follow, max-snippet:-1, max-image-preview:large, max-video-preview:-1\" \/>\n<link rel=\"canonical\" href=\"https:\/\/vamosporlaliberacion.org\/crpmlm\/la-propiedad-es-la-maldicion-de-la-hermandad-la-obra-de-titeres-de-norman-briski-para-las-familias-de-guernica\/\" \/>\n<meta name=\"twitter:label1\" content=\"Escrito por\" \/>\n\t<meta name=\"twitter:data1\" content=\"vamos!\" \/>\n\t<meta name=\"twitter:label2\" content=\"Tiempo de lectura\" \/>\n\t<meta name=\"twitter:data2\" content=\"6 minutos\" \/>\n<script type=\"application\/ld+json\" class=\"yoast-schema-graph\">{\"@context\":\"https:\\\/\\\/schema.org\",\"@graph\":[{\"@type\":\"Article\",\"@id\":\"https:\\\/\\\/vamosporlaliberacion.org\\\/crpmlm\\\/la-propiedad-es-la-maldicion-de-la-hermandad-la-obra-de-titeres-de-norman-briski-para-las-familias-de-guernica\\\/#article\",\"isPartOf\":{\"@id\":\"https:\\\/\\\/vamosporlaliberacion.org\\\/crpmlm\\\/la-propiedad-es-la-maldicion-de-la-hermandad-la-obra-de-titeres-de-norman-briski-para-las-familias-de-guernica\\\/\"},\"author\":{\"name\":\"vamos!\",\"@id\":\"https:\\\/\\\/vamosporlaliberacion.org\\\/crpmlm\\\/#\\\/schema\\\/person\\\/d6eac7758df3770dae9cd9eb104d615c\"},\"headline\":\"\u00abLa propiedad es la maldici\u00f3n de la hermandad\u00bb, la obra de t\u00edteres de Norman Briski para las familias de Guernica\",\"datePublished\":\"2020-10-13T17:18:19+00:00\",\"dateModified\":\"2020-10-13T17:19:11+00:00\",\"mainEntityOfPage\":{\"@id\":\"https:\\\/\\\/vamosporlaliberacion.org\\\/crpmlm\\\/la-propiedad-es-la-maldicion-de-la-hermandad-la-obra-de-titeres-de-norman-briski-para-las-familias-de-guernica\\\/\"},\"wordCount\":1257,\"commentCount\":0,\"image\":{\"@id\":\"https:\\\/\\\/vamosporlaliberacion.org\\\/crpmlm\\\/la-propiedad-es-la-maldicion-de-la-hermandad-la-obra-de-titeres-de-norman-briski-para-las-familias-de-guernica\\\/#primaryimage\"},\"thumbnailUrl\":\"https:\\\/\\\/i0.wp.com\\\/vamosporlaliberacion.org\\\/crpmlm\\\/wp-content\\\/uploads\\\/2020\\\/10\\\/WhatsApp-Image-2020-10-12-at-20.17.561.jpeg?fit=1280%2C853&ssl=1\",\"articleSection\":[\"cultura\"],\"inLanguage\":\"es\",\"potentialAction\":[{\"@type\":\"CommentAction\",\"name\":\"Comment\",\"target\":[\"https:\\\/\\\/vamosporlaliberacion.org\\\/crpmlm\\\/la-propiedad-es-la-maldicion-de-la-hermandad-la-obra-de-titeres-de-norman-briski-para-las-familias-de-guernica\\\/#respond\"]}]},{\"@type\":\"WebPage\",\"@id\":\"https:\\\/\\\/vamosporlaliberacion.org\\\/crpmlm\\\/la-propiedad-es-la-maldicion-de-la-hermandad-la-obra-de-titeres-de-norman-briski-para-las-familias-de-guernica\\\/\",\"url\":\"https:\\\/\\\/vamosporlaliberacion.org\\\/crpmlm\\\/la-propiedad-es-la-maldicion-de-la-hermandad-la-obra-de-titeres-de-norman-briski-para-las-familias-de-guernica\\\/\",\"name\":\"\\\"La propiedad es la maldici\u00f3n de la hermandad\\\", la obra de t\u00edteres de Norman Briski para las familias de Guernica - Vamos por la Liberaci\u00f3n\",\"isPartOf\":{\"@id\":\"https:\\\/\\\/vamosporlaliberacion.org\\\/crpmlm\\\/#website\"},\"primaryImageOfPage\":{\"@id\":\"https:\\\/\\\/vamosporlaliberacion.org\\\/crpmlm\\\/la-propiedad-es-la-maldicion-de-la-hermandad-la-obra-de-titeres-de-norman-briski-para-las-familias-de-guernica\\\/#primaryimage\"},\"image\":{\"@id\":\"https:\\\/\\\/vamosporlaliberacion.org\\\/crpmlm\\\/la-propiedad-es-la-maldicion-de-la-hermandad-la-obra-de-titeres-de-norman-briski-para-las-familias-de-guernica\\\/#primaryimage\"},\"thumbnailUrl\":\"https:\\\/\\\/i0.wp.com\\\/vamosporlaliberacion.org\\\/crpmlm\\\/wp-content\\\/uploads\\\/2020\\\/10\\\/WhatsApp-Image-2020-10-12-at-20.17.561.jpeg?fit=1280%2C853&ssl=1\",\"datePublished\":\"2020-10-13T17:18:19+00:00\",\"dateModified\":\"2020-10-13T17:19:11+00:00\",\"author\":{\"@id\":\"https:\\\/\\\/vamosporlaliberacion.org\\\/crpmlm\\\/#\\\/schema\\\/person\\\/d6eac7758df3770dae9cd9eb104d615c\"},\"breadcrumb\":{\"@id\":\"https:\\\/\\\/vamosporlaliberacion.org\\\/crpmlm\\\/la-propiedad-es-la-maldicion-de-la-hermandad-la-obra-de-titeres-de-norman-briski-para-las-familias-de-guernica\\\/#breadcrumb\"},\"inLanguage\":\"es\",\"potentialAction\":[{\"@type\":\"ReadAction\",\"target\":[\"https:\\\/\\\/vamosporlaliberacion.org\\\/crpmlm\\\/la-propiedad-es-la-maldicion-de-la-hermandad-la-obra-de-titeres-de-norman-briski-para-las-familias-de-guernica\\\/\"]}]},{\"@type\":\"ImageObject\",\"inLanguage\":\"es\",\"@id\":\"https:\\\/\\\/vamosporlaliberacion.org\\\/crpmlm\\\/la-propiedad-es-la-maldicion-de-la-hermandad-la-obra-de-titeres-de-norman-briski-para-las-familias-de-guernica\\\/#primaryimage\",\"url\":\"https:\\\/\\\/i0.wp.com\\\/vamosporlaliberacion.org\\\/crpmlm\\\/wp-content\\\/uploads\\\/2020\\\/10\\\/WhatsApp-Image-2020-10-12-at-20.17.561.jpeg?fit=1280%2C853&ssl=1\",\"contentUrl\":\"https:\\\/\\\/i0.wp.com\\\/vamosporlaliberacion.org\\\/crpmlm\\\/wp-content\\\/uploads\\\/2020\\\/10\\\/WhatsApp-Image-2020-10-12-at-20.17.561.jpeg?fit=1280%2C853&ssl=1\",\"width\":1280,\"height\":853,\"caption\":\"Fotograf\u00eda de Juan Pablo Barrientos\"},{\"@type\":\"BreadcrumbList\",\"@id\":\"https:\\\/\\\/vamosporlaliberacion.org\\\/crpmlm\\\/la-propiedad-es-la-maldicion-de-la-hermandad-la-obra-de-titeres-de-norman-briski-para-las-familias-de-guernica\\\/#breadcrumb\",\"itemListElement\":[{\"@type\":\"ListItem\",\"position\":1,\"name\":\"Portada\",\"item\":\"https:\\\/\\\/vamosporlaliberacion.org\\\/crpmlm\\\/\"},{\"@type\":\"ListItem\",\"position\":2,\"name\":\"\u00abLa propiedad es la maldici\u00f3n de la hermandad\u00bb, la obra de t\u00edteres de Norman Briski para las familias de Guernica\"}]},{\"@type\":\"WebSite\",\"@id\":\"https:\\\/\\\/vamosporlaliberacion.org\\\/crpmlm\\\/#website\",\"url\":\"https:\\\/\\\/vamosporlaliberacion.org\\\/crpmlm\\\/\",\"name\":\"Vamos por la Liberaci\u00f3n\",\"description\":\"Prensa CR\",\"potentialAction\":[{\"@type\":\"SearchAction\",\"target\":{\"@type\":\"EntryPoint\",\"urlTemplate\":\"https:\\\/\\\/vamosporlaliberacion.org\\\/crpmlm\\\/?s={search_term_string}\"},\"query-input\":{\"@type\":\"PropertyValueSpecification\",\"valueRequired\":true,\"valueName\":\"search_term_string\"}}],\"inLanguage\":\"es\"},{\"@type\":\"Person\",\"@id\":\"https:\\\/\\\/vamosporlaliberacion.org\\\/crpmlm\\\/#\\\/schema\\\/person\\\/d6eac7758df3770dae9cd9eb104d615c\",\"name\":\"vamos!\",\"url\":\"http:\\\/\\\/vamosporlaliberacion.org\\\/crpmlm\\\/author\\\/adminvxl\\\/\"}]}<\/script>\n<!-- \/ Yoast SEO plugin. -->","yoast_head_json":{"title":"\"La propiedad es la maldici\u00f3n de la hermandad\", la obra de t\u00edteres de Norman Briski para las familias de Guernica - Vamos por la Liberaci\u00f3n","robots":{"index":"index","follow":"follow","max-snippet":"max-snippet:-1","max-image-preview":"max-image-preview:large","max-video-preview":"max-video-preview:-1"},"canonical":"https:\/\/vamosporlaliberacion.org\/crpmlm\/la-propiedad-es-la-maldicion-de-la-hermandad-la-obra-de-titeres-de-norman-briski-para-las-familias-de-guernica\/","twitter_misc":{"Escrito por":"vamos!","Tiempo de lectura":"6 minutos"},"schema":{"@context":"https:\/\/schema.org","@graph":[{"@type":"Article","@id":"https:\/\/vamosporlaliberacion.org\/crpmlm\/la-propiedad-es-la-maldicion-de-la-hermandad-la-obra-de-titeres-de-norman-briski-para-las-familias-de-guernica\/#article","isPartOf":{"@id":"https:\/\/vamosporlaliberacion.org\/crpmlm\/la-propiedad-es-la-maldicion-de-la-hermandad-la-obra-de-titeres-de-norman-briski-para-las-familias-de-guernica\/"},"author":{"name":"vamos!","@id":"https:\/\/vamosporlaliberacion.org\/crpmlm\/#\/schema\/person\/d6eac7758df3770dae9cd9eb104d615c"},"headline":"\u00abLa propiedad es la maldici\u00f3n de la hermandad\u00bb, la obra de t\u00edteres de Norman Briski para las familias de Guernica","datePublished":"2020-10-13T17:18:19+00:00","dateModified":"2020-10-13T17:19:11+00:00","mainEntityOfPage":{"@id":"https:\/\/vamosporlaliberacion.org\/crpmlm\/la-propiedad-es-la-maldicion-de-la-hermandad-la-obra-de-titeres-de-norman-briski-para-las-familias-de-guernica\/"},"wordCount":1257,"commentCount":0,"image":{"@id":"https:\/\/vamosporlaliberacion.org\/crpmlm\/la-propiedad-es-la-maldicion-de-la-hermandad-la-obra-de-titeres-de-norman-briski-para-las-familias-de-guernica\/#primaryimage"},"thumbnailUrl":"https:\/\/i0.wp.com\/vamosporlaliberacion.org\/crpmlm\/wp-content\/uploads\/2020\/10\/WhatsApp-Image-2020-10-12-at-20.17.561.jpeg?fit=1280%2C853&ssl=1","articleSection":["cultura"],"inLanguage":"es","potentialAction":[{"@type":"CommentAction","name":"Comment","target":["https:\/\/vamosporlaliberacion.org\/crpmlm\/la-propiedad-es-la-maldicion-de-la-hermandad-la-obra-de-titeres-de-norman-briski-para-las-familias-de-guernica\/#respond"]}]},{"@type":"WebPage","@id":"https:\/\/vamosporlaliberacion.org\/crpmlm\/la-propiedad-es-la-maldicion-de-la-hermandad-la-obra-de-titeres-de-norman-briski-para-las-familias-de-guernica\/","url":"https:\/\/vamosporlaliberacion.org\/crpmlm\/la-propiedad-es-la-maldicion-de-la-hermandad-la-obra-de-titeres-de-norman-briski-para-las-familias-de-guernica\/","name":"\"La propiedad es la maldici\u00f3n de la hermandad\", la obra de t\u00edteres de Norman Briski para las familias de Guernica - Vamos por la Liberaci\u00f3n","isPartOf":{"@id":"https:\/\/vamosporlaliberacion.org\/crpmlm\/#website"},"primaryImageOfPage":{"@id":"https:\/\/vamosporlaliberacion.org\/crpmlm\/la-propiedad-es-la-maldicion-de-la-hermandad-la-obra-de-titeres-de-norman-briski-para-las-familias-de-guernica\/#primaryimage"},"image":{"@id":"https:\/\/vamosporlaliberacion.org\/crpmlm\/la-propiedad-es-la-maldicion-de-la-hermandad-la-obra-de-titeres-de-norman-briski-para-las-familias-de-guernica\/#primaryimage"},"thumbnailUrl":"https:\/\/i0.wp.com\/vamosporlaliberacion.org\/crpmlm\/wp-content\/uploads\/2020\/10\/WhatsApp-Image-2020-10-12-at-20.17.561.jpeg?fit=1280%2C853&ssl=1","datePublished":"2020-10-13T17:18:19+00:00","dateModified":"2020-10-13T17:19:11+00:00","author":{"@id":"https:\/\/vamosporlaliberacion.org\/crpmlm\/#\/schema\/person\/d6eac7758df3770dae9cd9eb104d615c"},"breadcrumb":{"@id":"https:\/\/vamosporlaliberacion.org\/crpmlm\/la-propiedad-es-la-maldicion-de-la-hermandad-la-obra-de-titeres-de-norman-briski-para-las-familias-de-guernica\/#breadcrumb"},"inLanguage":"es","potentialAction":[{"@type":"ReadAction","target":["https:\/\/vamosporlaliberacion.org\/crpmlm\/la-propiedad-es-la-maldicion-de-la-hermandad-la-obra-de-titeres-de-norman-briski-para-las-familias-de-guernica\/"]}]},{"@type":"ImageObject","inLanguage":"es","@id":"https:\/\/vamosporlaliberacion.org\/crpmlm\/la-propiedad-es-la-maldicion-de-la-hermandad-la-obra-de-titeres-de-norman-briski-para-las-familias-de-guernica\/#primaryimage","url":"https:\/\/i0.wp.com\/vamosporlaliberacion.org\/crpmlm\/wp-content\/uploads\/2020\/10\/WhatsApp-Image-2020-10-12-at-20.17.561.jpeg?fit=1280%2C853&ssl=1","contentUrl":"https:\/\/i0.wp.com\/vamosporlaliberacion.org\/crpmlm\/wp-content\/uploads\/2020\/10\/WhatsApp-Image-2020-10-12-at-20.17.561.jpeg?fit=1280%2C853&ssl=1","width":1280,"height":853,"caption":"Fotograf\u00eda de Juan Pablo Barrientos"},{"@type":"BreadcrumbList","@id":"https:\/\/vamosporlaliberacion.org\/crpmlm\/la-propiedad-es-la-maldicion-de-la-hermandad-la-obra-de-titeres-de-norman-briski-para-las-familias-de-guernica\/#breadcrumb","itemListElement":[{"@type":"ListItem","position":1,"name":"Portada","item":"https:\/\/vamosporlaliberacion.org\/crpmlm\/"},{"@type":"ListItem","position":2,"name":"\u00abLa propiedad es la maldici\u00f3n de la hermandad\u00bb, la obra de t\u00edteres de Norman Briski para las familias de Guernica"}]},{"@type":"WebSite","@id":"https:\/\/vamosporlaliberacion.org\/crpmlm\/#website","url":"https:\/\/vamosporlaliberacion.org\/crpmlm\/","name":"Vamos por la Liberaci\u00f3n","description":"Prensa CR","potentialAction":[{"@type":"SearchAction","target":{"@type":"EntryPoint","urlTemplate":"https:\/\/vamosporlaliberacion.org\/crpmlm\/?s={search_term_string}"},"query-input":{"@type":"PropertyValueSpecification","valueRequired":true,"valueName":"search_term_string"}}],"inLanguage":"es"},{"@type":"Person","@id":"https:\/\/vamosporlaliberacion.org\/crpmlm\/#\/schema\/person\/d6eac7758df3770dae9cd9eb104d615c","name":"vamos!","url":"http:\/\/vamosporlaliberacion.org\/crpmlm\/author\/adminvxl\/"}]}},"jetpack_featured_media_url":"https:\/\/i0.wp.com\/vamosporlaliberacion.org\/crpmlm\/wp-content\/uploads\/2020\/10\/WhatsApp-Image-2020-10-12-at-20.17.561.jpeg?fit=1280%2C853&ssl=1","jetpack_sharing_enabled":true,"_links":{"self":[{"href":"http:\/\/vamosporlaliberacion.org\/crpmlm\/wp-json\/wp\/v2\/posts\/20051","targetHints":{"allow":["GET"]}}],"collection":[{"href":"http:\/\/vamosporlaliberacion.org\/crpmlm\/wp-json\/wp\/v2\/posts"}],"about":[{"href":"http:\/\/vamosporlaliberacion.org\/crpmlm\/wp-json\/wp\/v2\/types\/post"}],"author":[{"embeddable":true,"href":"http:\/\/vamosporlaliberacion.org\/crpmlm\/wp-json\/wp\/v2\/users\/6"}],"replies":[{"embeddable":true,"href":"http:\/\/vamosporlaliberacion.org\/crpmlm\/wp-json\/wp\/v2\/comments?post=20051"}],"version-history":[{"count":2,"href":"http:\/\/vamosporlaliberacion.org\/crpmlm\/wp-json\/wp\/v2\/posts\/20051\/revisions"}],"predecessor-version":[{"id":20068,"href":"http:\/\/vamosporlaliberacion.org\/crpmlm\/wp-json\/wp\/v2\/posts\/20051\/revisions\/20068"}],"wp:featuredmedia":[{"embeddable":true,"href":"http:\/\/vamosporlaliberacion.org\/crpmlm\/wp-json\/wp\/v2\/media\/20062"}],"wp:attachment":[{"href":"http:\/\/vamosporlaliberacion.org\/crpmlm\/wp-json\/wp\/v2\/media?parent=20051"}],"wp:term":[{"taxonomy":"category","embeddable":true,"href":"http:\/\/vamosporlaliberacion.org\/crpmlm\/wp-json\/wp\/v2\/categories?post=20051"},{"taxonomy":"post_tag","embeddable":true,"href":"http:\/\/vamosporlaliberacion.org\/crpmlm\/wp-json\/wp\/v2\/tags?post=20051"}],"curies":[{"name":"wp","href":"https:\/\/api.w.org\/{rel}","templated":true}]}}