{"id":19920,"date":"2020-10-12T18:05:51","date_gmt":"2020-10-12T21:05:51","guid":{"rendered":"http:\/\/vamosporlaliberacion.org\/crpmlm\/?p=19920"},"modified":"2020-11-06T13:49:36","modified_gmt":"2020-11-06T16:49:36","slug":"asi-no","status":"publish","type":"post","link":"http:\/\/vamosporlaliberacion.org\/crpmlm\/asi-no\/","title":{"rendered":"\u00a1As\u00ed no!"},"content":{"rendered":"\n<p>La delegaci\u00f3n del FMI est\u00e1 en nuestro pa\u00eds monitoreando la econom\u00eda en busca de un acuerdo con el gobierno. <strong>El marco de la negociaci\u00f3n es el de una crisis econ\u00f3mica de magnitud que junto con la ofensiva de los sectores reaccionarios, es el peor momento del gobierno desde el triunfo electoral.<\/strong><\/p>\n\n\n\n<p>El Banco Mundial acaba de emitir un informe donde estima que la ca\u00edda de la econom\u00eda argentina en 2021 ser\u00e1 la peor de Am\u00e9rica Latina (sin contar a Venezuela). Para este a\u00f1o las proyecciones arrojan un 12,3% de ca\u00edda para nuestro pa\u00eds, con un rebote de apenas 5,5% en 2021.<\/p>\n\n\n\n<p>El informe, titulado <strong>\u00abEl costo de mantenerse sano\u00bb<\/strong>, asegura que la regi\u00f3n ser\u00e1 la m\u00e1s castigada por la crisis del coronavirus y tendr\u00e1 en conjunto (sin Venezuela) una baja del 7,9% del Producto Interno Bruto (PIB) este a\u00f1o. El rebote esperado para 2021 es del 4%.<\/p>\n\n\n\n<p><strong>En esta situaci\u00f3n se monta el FMI para lograr un acuerdo de ajuste fiscal<\/strong> que permita garantizarse cobrar su deuda odiosa y fraudulenta, por m\u00e1s que sea alargando los plazos, e incluso habilitar el uso del tramo del pr\u00e9stamo que no lleg\u00f3 a utilizar el macrismo.&nbsp;<\/p>\n\n\n\n<p>La prenda de cambio para avanzar en los acuerdos ya se empiezan a mostrar: por un lado rebajar retenciones a los sectores agroexportadores y mineros para que rindan las divisas que a\u00fan no han rendido y por otro, votar contra Venezuela en la ONU.&nbsp;<\/p>\n\n\n\n<p>La medida de rebaja de retenciones abona un rumbo equivocado donde se vuelve \u201chacer gestos\u201d para que entren d\u00f3lares, pero avanzar en ese camino desanda otros pagando un alto costo. Qued\u00f3 demostrado por un lado que los exportadores ganan m\u00e1s metiendo millones en la especulaci\u00f3n del d\u00f3lar, que con los tres puntos que les otorga el gobierno. Y en el terreno pol\u00edtico \u201cese gesto se lo lleva el viento\u201d, ya que esos sectores \u201cle bajaron la persiana al gobierno\u201d, y ahora recaudan por el lado de la especulaci\u00f3n y por la rebaja de retenciones, pero no rinden las divisas (alrededor de 18 millones de toneladas cosechadas se encuentran en silos) mientras van provocando una corrida cambiaria apuntando a una devaluaci\u00f3n. El d\u00f3lar blue cerr\u00f3 el viernes a $167 por d\u00f3lar, 110% del d\u00f3lar oficial. Mientras las entidades agropecuarias piden al gobierno que libere el d\u00f3lar \u201ccontado con liquidaci\u00f3n\u201d.&nbsp;<\/p>\n\n\n\n<p>Esta realidad fuerza a medidas que no se toman y no est\u00e1n en el horizonte como por ejemplo pasar a tener el control de las exportaciones como si lo hizo el gobierno de Per\u00f3n desde el Estado con el IAPI (Instituto Argentino de Promoci\u00f3n del Intercambio). Ser\u00eda este un camino soberano para reivindicar, m\u00e1s all\u00e1 de la ret\u00f3rica, aquella gesta popular del 17 de octubre de 1945. Y ya que hablamos de aquella gesta, tambi\u00e9n se hace sumamente necesario pasar a tener el control de cambio, la banca y el comercio exterior.&nbsp;<\/p>\n\n\n\n<p>Se puede tener un \u201cEstado presente\u201d, el problema es su car\u00e1cter y hacia d\u00f3nde se dirige.<\/p>\n\n\n\n<figure class=\"wp-block-image size-large\"><img data-recalc-dims=\"1\" loading=\"lazy\" decoding=\"async\" width=\"696\" height=\"464\" src=\"https:\/\/i0.wp.com\/vamosporlaliberacion.org\/crpmlm\/wp-content\/uploads\/2020\/10\/cancilleria-700x467.png?resize=696%2C464\" alt=\"\" class=\"wp-image-19933\" srcset=\"https:\/\/i0.wp.com\/vamosporlaliberacion.org\/crpmlm\/wp-content\/uploads\/2020\/10\/cancilleria.png?resize=700%2C467&amp;ssl=1 700w, https:\/\/i0.wp.com\/vamosporlaliberacion.org\/crpmlm\/wp-content\/uploads\/2020\/10\/cancilleria.png?resize=300%2C200&amp;ssl=1 300w, https:\/\/i0.wp.com\/vamosporlaliberacion.org\/crpmlm\/wp-content\/uploads\/2020\/10\/cancilleria.png?resize=768%2C512&amp;ssl=1 768w, https:\/\/i0.wp.com\/vamosporlaliberacion.org\/crpmlm\/wp-content\/uploads\/2020\/10\/cancilleria.png?resize=696%2C464&amp;ssl=1 696w, https:\/\/i0.wp.com\/vamosporlaliberacion.org\/crpmlm\/wp-content\/uploads\/2020\/10\/cancilleria.png?resize=1068%2C712&amp;ssl=1 1068w, https:\/\/i0.wp.com\/vamosporlaliberacion.org\/crpmlm\/wp-content\/uploads\/2020\/10\/cancilleria.png?resize=630%2C420&amp;ssl=1 630w, https:\/\/i0.wp.com\/vamosporlaliberacion.org\/crpmlm\/wp-content\/uploads\/2020\/10\/cancilleria.png?w=1200&amp;ssl=1 1200w\" sizes=\"auto, (max-width: 696px) 100vw, 696px\" \/><figcaption>El embajador argentino ante la <em>ONU<\/em>, <em>Federico Villegas<\/em><\/figcaption><\/figure>\n\n\n\n<h2 class=\"wp-block-heading\"><strong>El voto contra Venezuela<\/strong><\/h2>\n\n\n\n<p>Porque en el terreno de la pol\u00edtica exterior el \u201cEstado presente\u201d a trav\u00e9s del representante del gobierno, fue el que vot\u00f3 el informe Bachellet en las Naciones Unidas condenado a Venezuela por su pol\u00edtica de DDHH. Como se\u00f1alamos en <a href=\"http:\/\/vamosporlaliberacion.org\/crpmlm\/una-votacion-a-medida-de-ee-uu-y-el-grupo-lima\/\">nuestro comunicado (ver)<\/a> lo que correspond\u00eda era en todo caso, abstenerse y mantener las diferencias en este terreno con el gobierno de Venezuela de manera bilateral, ya que hacerlo en este marco de la ONU solo podr\u00eda beneficiar a los que buscan sumar m\u00e1s voluntades y objetivos intervencionistas en el hermano pa\u00eds como EEUU y el \u201cGrupo Lima\u201d principalmente. Nada imped\u00eda a nuestro pa\u00eds hacerlo.<\/p>\n\n\n\n<p>Estas medidas remueven aguas y agudizan debates dentro del Frente de Todxs, donde se benefician los sectores que no descansan en sus planes destituyentes.<\/p>\n\n\n\n<h2 class=\"wp-block-heading\"><strong>Disputa, dependencia y el rumbo popular<\/strong><\/h2>\n\n\n\n<p>Estamos atravesando una aguda disputa inter-imperialista en la regi\u00f3n. Las elecciones en EE.UU. el pr\u00f3ximo 3 de noviembre ti\u00f1en el panorama geopol\u00edtico. En la campa\u00f1a electoral de los candidatos van desgranando lo que ser\u00e1n <strong>sus pol\u00edticas hacia su \u201cpatio trasero\u201d, m\u00e1s all\u00e1 de los matices y el fuego cruzado, los dos apuestan a la mayor presencia y mayor destino de recursos frente al avance del imperialismo chino y ruso en la regi\u00f3n.<\/strong> <\/p>\n\n\n\n<figure class=\"wp-block-image size-large\"><img data-recalc-dims=\"1\" loading=\"lazy\" decoding=\"async\" width=\"696\" height=\"464\" src=\"https:\/\/i0.wp.com\/vamosporlaliberacion.org\/crpmlm\/wp-content\/uploads\/2020\/10\/trump-biden-700x467.png?resize=696%2C464\" alt=\"\" class=\"wp-image-19934\" srcset=\"https:\/\/i0.wp.com\/vamosporlaliberacion.org\/crpmlm\/wp-content\/uploads\/2020\/10\/trump-biden.png?resize=700%2C467&amp;ssl=1 700w, https:\/\/i0.wp.com\/vamosporlaliberacion.org\/crpmlm\/wp-content\/uploads\/2020\/10\/trump-biden.png?resize=300%2C200&amp;ssl=1 300w, https:\/\/i0.wp.com\/vamosporlaliberacion.org\/crpmlm\/wp-content\/uploads\/2020\/10\/trump-biden.png?resize=768%2C512&amp;ssl=1 768w, https:\/\/i0.wp.com\/vamosporlaliberacion.org\/crpmlm\/wp-content\/uploads\/2020\/10\/trump-biden.png?resize=696%2C464&amp;ssl=1 696w, https:\/\/i0.wp.com\/vamosporlaliberacion.org\/crpmlm\/wp-content\/uploads\/2020\/10\/trump-biden.png?resize=1068%2C712&amp;ssl=1 1068w, https:\/\/i0.wp.com\/vamosporlaliberacion.org\/crpmlm\/wp-content\/uploads\/2020\/10\/trump-biden.png?resize=630%2C420&amp;ssl=1 630w, https:\/\/i0.wp.com\/vamosporlaliberacion.org\/crpmlm\/wp-content\/uploads\/2020\/10\/trump-biden.png?w=1200&amp;ssl=1 1200w\" sizes=\"auto, (max-width: 696px) 100vw, 696px\" \/><figcaption>Donald <em>Trump<\/em> y Joe <em>Biden<\/em>, candidatos a la presidencia de Estados Unidos<\/figcaption><\/figure>\n\n\n\n<p>Trump ya dio el primer paso al colocar como Presidente del BID (Banco Interamericano de Desarrollo) al gusano Mauricio Claver-Carone. Por primera vez en la historia de la entidad, los EE.UU. lo preside, rompiendo una tradici\u00f3n desde su fundaci\u00f3n en 1959. Ahora manejar\u00e1 los 170.000 millones de d\u00f3lares de capital. El mensaje de Claver-Carone fue expreso en fomentar inversiones para contrarrestar la presencia china.<\/p>\n\n\n\n<p>Argentina no es ajena a esta realidad, en particular en una regi\u00f3n donde el pa\u00eds est\u00e1 rodeado de gobiernos reaccionarios o de derecha. <strong>En este sentido, las elecciones del pr\u00f3ximo domingo en Bolivia son de gran importancia porque el golpismo en el gobierno, apoyado por la oligarqu\u00eda y los EEUU, se juegan mediante el fraude, a tratar de mantener el poder<\/strong>, en un escenario adverso en las encuestas que favorece ampliamente al candidato del MAS-IPSP Luis Arce Catacora quien le saca a Mesa alrededor de 10 puntos de diferencia.<\/p>\n\n\n\n<figure class=\"wp-block-image size-large\"><img data-recalc-dims=\"1\" loading=\"lazy\" decoding=\"async\" width=\"696\" height=\"464\" src=\"https:\/\/i0.wp.com\/vamosporlaliberacion.org\/crpmlm\/wp-content\/uploads\/2020\/10\/luchodavid-700x467.png?resize=696%2C464\" alt=\"\" class=\"wp-image-19936\" srcset=\"https:\/\/i0.wp.com\/vamosporlaliberacion.org\/crpmlm\/wp-content\/uploads\/2020\/10\/luchodavid.png?resize=700%2C467&amp;ssl=1 700w, https:\/\/i0.wp.com\/vamosporlaliberacion.org\/crpmlm\/wp-content\/uploads\/2020\/10\/luchodavid.png?resize=300%2C200&amp;ssl=1 300w, https:\/\/i0.wp.com\/vamosporlaliberacion.org\/crpmlm\/wp-content\/uploads\/2020\/10\/luchodavid.png?resize=768%2C512&amp;ssl=1 768w, https:\/\/i0.wp.com\/vamosporlaliberacion.org\/crpmlm\/wp-content\/uploads\/2020\/10\/luchodavid.png?resize=696%2C464&amp;ssl=1 696w, https:\/\/i0.wp.com\/vamosporlaliberacion.org\/crpmlm\/wp-content\/uploads\/2020\/10\/luchodavid.png?resize=1068%2C712&amp;ssl=1 1068w, https:\/\/i0.wp.com\/vamosporlaliberacion.org\/crpmlm\/wp-content\/uploads\/2020\/10\/luchodavid.png?resize=630%2C420&amp;ssl=1 630w, https:\/\/i0.wp.com\/vamosporlaliberacion.org\/crpmlm\/wp-content\/uploads\/2020\/10\/luchodavid.png?w=1200&amp;ssl=1 1200w\" sizes=\"auto, (max-width: 696px) 100vw, 696px\" \/><\/figure>\n\n\n\n<p><strong>La disputa de sectores vinculados a los negocios con distintas potencias imperialistas se expresa claramente en el pa\u00eds, los acuerdos con China son los m\u00e1s avanzados<\/strong>, incluso desplazando a los EEUU en alguno de ellos. El control de los granos, el litio y las centrales nucleares son ejes de esa disputa. El imperialismo ruso tiene intereses y v\u00ednculos desde muchos a\u00f1os en el pa\u00eds y no va a permitir as\u00ed nom\u00e1s perder plazas en el pa\u00eds.&nbsp;<\/p>\n\n\n\n<p>Pero el variopinto que se agrupa particularmente en AEA (Asociaci\u00f3n Empresaria Argentina) que re\u00fane a lo m\u00e1s granado de los sectores reaccionarios del pa\u00eds como Techint, Clar\u00edn, Arcor y otros,&nbsp; est\u00e1n activos estimulando las acciones destituyentes porque no aceptan que el pueblo eligi\u00f3 otro rumbo y no el que ellos administraron donde entregaron al pa\u00eds y hambrearon al pueblo.<\/p>\n\n\n\n<p>Desde las operaciones buscan tener ecos en sectores que se encuentran dentro del Frente de Todos, vinculados a Massa, Nielsen y otros. <strong>El blanco de esos sectores reaccionarios es Cristina y la acci\u00f3n es dividirla de Alberto, pero como a\u00fan no pueden, buscan llevarse puesto todo el gobierno.<\/strong>&nbsp;<\/p>\n\n\n\n<p>Venimos sosteniendo que la pol\u00edtica de tratar de conciliar a estos sectores con el pueblo es una quimera donde siempre salen ganado los sectores dominantes. Siempre sostuvimos que el rumbo popular no est\u00e1 garantizado y a veces se lo ve m\u00e1s alejado cuando se toman medidas como las que se\u00f1alamos m\u00e1s arriba. Tambi\u00e9n lo dijimos con Guernica, donde la pulseada es por el uso de la tierra urbana ya sea para seguir sosteniendo un modelo de negocios inmobiliarios u otro para urbanizar en funci\u00f3n de las necesidades populares. El pueblo vot\u00f3 por este \u00faltimo, pero hoy est\u00e1 m\u00e1s cerca el desalojo con la polic\u00eda que una soluci\u00f3n habitacional real.<\/p>\n\n\n\n<p><strong>El reflejo de la realidad es que se no avanza al ritmo que exige la situaci\u00f3n de quebranto de la econom\u00eda y la pandemia<\/strong>. M\u00e1s all\u00e1 de los recursos destinados a la emergencia sanitaria y social, que no se sostienen en el tiempo con emisi\u00f3n, el impuesto a las grandes fortunas se dilata y es el factor de ataque por parte de la reacci\u00f3n a la que se le van otorgando concesiones por otro lado como la rebaja de retenciones, rebaja o eliminaci\u00f3n de impuestos como a las mineras.<\/p>\n\n\n\n<p>El camino que marcan las luchas <a href=\"http:\/\/vamosporlaliberacion.org\/crpmlm\/en-mendoza-estamos-en-modo-7722-que-significa-estar-en-modo-lucha\/\">de la docencia en provincias como Mendoza que acaban de triunfar,<\/a> las que se desarrollan en Santa F\u00e9 y <a href=\"http:\/\/vamosporlaliberacion.org\/crpmlm\/la-lucha-de-docentes-y-campesinxs-como-garantia-de-la-soberania-alimentaria\/\">Misiones<\/a>, muestran voluntad de lucha y que no hay cheque en blanco. La ejemplar <a href=\"http:\/\/vamosporlaliberacion.org\/crpmlm\/trabajadorxs-de-ambassador-fueguina-tomaron-la-planta\/\">lucha de lxs metal\u00fargicxs de la f\u00e1brica Ambasador Fueguina de Tierra del Fuego<\/a>, muestra un camino de resistencia para mantener la fuente de trabajo frente al abandono patronal, bajo el lema ocupar, resistir y producir.<\/p>\n\n\n\n<figure class=\"wp-block-image size-large\"><img data-recalc-dims=\"1\" loading=\"lazy\" decoding=\"async\" width=\"696\" height=\"464\" src=\"https:\/\/i0.wp.com\/vamosporlaliberacion.org\/crpmlm\/wp-content\/uploads\/2020\/10\/ambassador-700x467.png?resize=696%2C464\" alt=\"\" class=\"wp-image-19937\" srcset=\"https:\/\/i0.wp.com\/vamosporlaliberacion.org\/crpmlm\/wp-content\/uploads\/2020\/10\/ambassador.png?resize=700%2C467&amp;ssl=1 700w, https:\/\/i0.wp.com\/vamosporlaliberacion.org\/crpmlm\/wp-content\/uploads\/2020\/10\/ambassador.png?resize=300%2C200&amp;ssl=1 300w, https:\/\/i0.wp.com\/vamosporlaliberacion.org\/crpmlm\/wp-content\/uploads\/2020\/10\/ambassador.png?resize=768%2C512&amp;ssl=1 768w, https:\/\/i0.wp.com\/vamosporlaliberacion.org\/crpmlm\/wp-content\/uploads\/2020\/10\/ambassador.png?resize=696%2C464&amp;ssl=1 696w, https:\/\/i0.wp.com\/vamosporlaliberacion.org\/crpmlm\/wp-content\/uploads\/2020\/10\/ambassador.png?resize=1068%2C712&amp;ssl=1 1068w, https:\/\/i0.wp.com\/vamosporlaliberacion.org\/crpmlm\/wp-content\/uploads\/2020\/10\/ambassador.png?resize=630%2C420&amp;ssl=1 630w, https:\/\/i0.wp.com\/vamosporlaliberacion.org\/crpmlm\/wp-content\/uploads\/2020\/10\/ambassador.png?w=1200&amp;ssl=1 1200w\" sizes=\"auto, (max-width: 696px) 100vw, 696px\" \/><\/figure>\n\n\n\n<p>Esta semana se recordar\u00e1 un nuevo aniversario del 17 de octubre de 1945, aquella gesta popular que dio origen al peronismo. Ser\u00e1 recordado en un acto virtual en la CGT donde hablar\u00e1 el presidente Alberto Fern\u00e1ndez. <strong>Este acto, del cual seremos parte ya que excede la fecha hist\u00f3rica, para transformarse en una acto donde la masividad ser\u00e1 de gran importancia para mostrarle a los sectores reaccionarios que acechan, como los que se movilizar\u00e1n el 12 de octubre, que la voluntad del pueblo es dar vuelta una p\u00e1gina nefasta de la historia reciente<\/strong> y garantizar un rumbo popular que no vendr\u00e1 de la mano de esos jerarcas que hoy dirigen la CGT que buscan una tregua con los empresarios arrodillando al movimiento obrero, pactando la reducci\u00f3n salarial, los despidos y paritarias a la baja en plena pandemia, <strong>sino de la mano de la unidad en la diversidad de los sectores populares para recuperar derechos y tratar de virar hacia las medidas soberanas que pari\u00f3 hace 75 a\u00f1os aquel 17 de octubre.<\/strong>&nbsp;<\/p>\n<!-- AddThis Advanced Settings generic via filter on the_content --><!-- AddThis Share Buttons generic via filter on the_content -->","protected":false},"excerpt":{"rendered":"<p>La delegaci\u00f3n del FMI est\u00e1 en nuestro pa\u00eds monitoreando la econom\u00eda en busca de un acuerdo con el gobierno. El marco de la negociaci\u00f3n es el de una crisis econ\u00f3mica de magnitud que junto con la ofensiva de los sectores reaccionarios, es el peor momento del gobierno desde el triunfo electoral. El Banco Mundial acaba [&hellip;]<!-- AddThis Advanced Settings generic via filter on get_the_excerpt --><!-- AddThis Share Buttons generic via filter on get_the_excerpt --><\/p>\n","protected":false},"author":6,"featured_media":19943,"comment_status":"open","ping_status":"open","sticky":false,"template":"","format":"standard","meta":{"_jetpack_memberships_contains_paid_content":false,"footnotes":""},"categories":[1881],"tags":[],"class_list":{"0":"post-19920","1":"post","2":"type-post","3":"status-publish","4":"format-standard","5":"has-post-thumbnail","7":"category-editoriales"},"yoast_head":"<!-- This site is optimized with the Yoast SEO plugin v27.4 - https:\/\/yoast.com\/product\/yoast-seo-wordpress\/ -->\n<title>\u00a1As\u00ed no! - Vamos por la Liberaci\u00f3n<\/title>\n<meta name=\"robots\" content=\"index, follow, max-snippet:-1, max-image-preview:large, max-video-preview:-1\" \/>\n<link rel=\"canonical\" href=\"https:\/\/vamosporlaliberacion.org\/crpmlm\/asi-no\/\" \/>\n<meta name=\"twitter:label1\" content=\"Escrito por\" \/>\n\t<meta name=\"twitter:data1\" content=\"vamos!\" \/>\n\t<meta name=\"twitter:label2\" content=\"Tiempo de lectura\" \/>\n\t<meta name=\"twitter:data2\" content=\"8 minutos\" \/>\n<script type=\"application\/ld+json\" class=\"yoast-schema-graph\">{\"@context\":\"https:\\\/\\\/schema.org\",\"@graph\":[{\"@type\":\"Article\",\"@id\":\"https:\\\/\\\/vamosporlaliberacion.org\\\/crpmlm\\\/asi-no\\\/#article\",\"isPartOf\":{\"@id\":\"https:\\\/\\\/vamosporlaliberacion.org\\\/crpmlm\\\/asi-no\\\/\"},\"author\":{\"name\":\"vamos!\",\"@id\":\"https:\\\/\\\/vamosporlaliberacion.org\\\/crpmlm\\\/#\\\/schema\\\/person\\\/d6eac7758df3770dae9cd9eb104d615c\"},\"headline\":\"\u00a1As\u00ed no!\",\"datePublished\":\"2020-10-12T21:05:51+00:00\",\"dateModified\":\"2020-11-06T16:49:36+00:00\",\"mainEntityOfPage\":{\"@id\":\"https:\\\/\\\/vamosporlaliberacion.org\\\/crpmlm\\\/asi-no\\\/\"},\"wordCount\":1596,\"commentCount\":0,\"image\":{\"@id\":\"https:\\\/\\\/vamosporlaliberacion.org\\\/crpmlm\\\/asi-no\\\/#primaryimage\"},\"thumbnailUrl\":\"https:\\\/\\\/i0.wp.com\\\/vamosporlaliberacion.org\\\/crpmlm\\\/wp-content\\\/uploads\\\/2020\\\/10\\\/dolar.png?fit=1920%2C789&ssl=1\",\"articleSection\":[\"Editoriales\"],\"inLanguage\":\"es\",\"potentialAction\":[{\"@type\":\"CommentAction\",\"name\":\"Comment\",\"target\":[\"https:\\\/\\\/vamosporlaliberacion.org\\\/crpmlm\\\/asi-no\\\/#respond\"]}]},{\"@type\":\"WebPage\",\"@id\":\"https:\\\/\\\/vamosporlaliberacion.org\\\/crpmlm\\\/asi-no\\\/\",\"url\":\"https:\\\/\\\/vamosporlaliberacion.org\\\/crpmlm\\\/asi-no\\\/\",\"name\":\"\u00a1As\u00ed no! - Vamos por la Liberaci\u00f3n\",\"isPartOf\":{\"@id\":\"https:\\\/\\\/vamosporlaliberacion.org\\\/crpmlm\\\/#website\"},\"primaryImageOfPage\":{\"@id\":\"https:\\\/\\\/vamosporlaliberacion.org\\\/crpmlm\\\/asi-no\\\/#primaryimage\"},\"image\":{\"@id\":\"https:\\\/\\\/vamosporlaliberacion.org\\\/crpmlm\\\/asi-no\\\/#primaryimage\"},\"thumbnailUrl\":\"https:\\\/\\\/i0.wp.com\\\/vamosporlaliberacion.org\\\/crpmlm\\\/wp-content\\\/uploads\\\/2020\\\/10\\\/dolar.png?fit=1920%2C789&ssl=1\",\"datePublished\":\"2020-10-12T21:05:51+00:00\",\"dateModified\":\"2020-11-06T16:49:36+00:00\",\"author\":{\"@id\":\"https:\\\/\\\/vamosporlaliberacion.org\\\/crpmlm\\\/#\\\/schema\\\/person\\\/d6eac7758df3770dae9cd9eb104d615c\"},\"breadcrumb\":{\"@id\":\"https:\\\/\\\/vamosporlaliberacion.org\\\/crpmlm\\\/asi-no\\\/#breadcrumb\"},\"inLanguage\":\"es\",\"potentialAction\":[{\"@type\":\"ReadAction\",\"target\":[\"https:\\\/\\\/vamosporlaliberacion.org\\\/crpmlm\\\/asi-no\\\/\"]}]},{\"@type\":\"ImageObject\",\"inLanguage\":\"es\",\"@id\":\"https:\\\/\\\/vamosporlaliberacion.org\\\/crpmlm\\\/asi-no\\\/#primaryimage\",\"url\":\"https:\\\/\\\/i0.wp.com\\\/vamosporlaliberacion.org\\\/crpmlm\\\/wp-content\\\/uploads\\\/2020\\\/10\\\/dolar.png?fit=1920%2C789&ssl=1\",\"contentUrl\":\"https:\\\/\\\/i0.wp.com\\\/vamosporlaliberacion.org\\\/crpmlm\\\/wp-content\\\/uploads\\\/2020\\\/10\\\/dolar.png?fit=1920%2C789&ssl=1\",\"width\":1920,\"height\":789},{\"@type\":\"BreadcrumbList\",\"@id\":\"https:\\\/\\\/vamosporlaliberacion.org\\\/crpmlm\\\/asi-no\\\/#breadcrumb\",\"itemListElement\":[{\"@type\":\"ListItem\",\"position\":1,\"name\":\"Portada\",\"item\":\"https:\\\/\\\/vamosporlaliberacion.org\\\/crpmlm\\\/\"},{\"@type\":\"ListItem\",\"position\":2,\"name\":\"\u00a1As\u00ed no!\"}]},{\"@type\":\"WebSite\",\"@id\":\"https:\\\/\\\/vamosporlaliberacion.org\\\/crpmlm\\\/#website\",\"url\":\"https:\\\/\\\/vamosporlaliberacion.org\\\/crpmlm\\\/\",\"name\":\"Vamos por la Liberaci\u00f3n\",\"description\":\"Prensa CR\",\"potentialAction\":[{\"@type\":\"SearchAction\",\"target\":{\"@type\":\"EntryPoint\",\"urlTemplate\":\"https:\\\/\\\/vamosporlaliberacion.org\\\/crpmlm\\\/?s={search_term_string}\"},\"query-input\":{\"@type\":\"PropertyValueSpecification\",\"valueRequired\":true,\"valueName\":\"search_term_string\"}}],\"inLanguage\":\"es\"},{\"@type\":\"Person\",\"@id\":\"https:\\\/\\\/vamosporlaliberacion.org\\\/crpmlm\\\/#\\\/schema\\\/person\\\/d6eac7758df3770dae9cd9eb104d615c\",\"name\":\"vamos!\",\"url\":\"http:\\\/\\\/vamosporlaliberacion.org\\\/crpmlm\\\/author\\\/adminvxl\\\/\"}]}<\/script>\n<!-- \/ Yoast SEO plugin. -->","yoast_head_json":{"title":"\u00a1As\u00ed no! - Vamos por la Liberaci\u00f3n","robots":{"index":"index","follow":"follow","max-snippet":"max-snippet:-1","max-image-preview":"max-image-preview:large","max-video-preview":"max-video-preview:-1"},"canonical":"https:\/\/vamosporlaliberacion.org\/crpmlm\/asi-no\/","twitter_misc":{"Escrito por":"vamos!","Tiempo de lectura":"8 minutos"},"schema":{"@context":"https:\/\/schema.org","@graph":[{"@type":"Article","@id":"https:\/\/vamosporlaliberacion.org\/crpmlm\/asi-no\/#article","isPartOf":{"@id":"https:\/\/vamosporlaliberacion.org\/crpmlm\/asi-no\/"},"author":{"name":"vamos!","@id":"https:\/\/vamosporlaliberacion.org\/crpmlm\/#\/schema\/person\/d6eac7758df3770dae9cd9eb104d615c"},"headline":"\u00a1As\u00ed no!","datePublished":"2020-10-12T21:05:51+00:00","dateModified":"2020-11-06T16:49:36+00:00","mainEntityOfPage":{"@id":"https:\/\/vamosporlaliberacion.org\/crpmlm\/asi-no\/"},"wordCount":1596,"commentCount":0,"image":{"@id":"https:\/\/vamosporlaliberacion.org\/crpmlm\/asi-no\/#primaryimage"},"thumbnailUrl":"https:\/\/i0.wp.com\/vamosporlaliberacion.org\/crpmlm\/wp-content\/uploads\/2020\/10\/dolar.png?fit=1920%2C789&ssl=1","articleSection":["Editoriales"],"inLanguage":"es","potentialAction":[{"@type":"CommentAction","name":"Comment","target":["https:\/\/vamosporlaliberacion.org\/crpmlm\/asi-no\/#respond"]}]},{"@type":"WebPage","@id":"https:\/\/vamosporlaliberacion.org\/crpmlm\/asi-no\/","url":"https:\/\/vamosporlaliberacion.org\/crpmlm\/asi-no\/","name":"\u00a1As\u00ed no! - Vamos por la Liberaci\u00f3n","isPartOf":{"@id":"https:\/\/vamosporlaliberacion.org\/crpmlm\/#website"},"primaryImageOfPage":{"@id":"https:\/\/vamosporlaliberacion.org\/crpmlm\/asi-no\/#primaryimage"},"image":{"@id":"https:\/\/vamosporlaliberacion.org\/crpmlm\/asi-no\/#primaryimage"},"thumbnailUrl":"https:\/\/i0.wp.com\/vamosporlaliberacion.org\/crpmlm\/wp-content\/uploads\/2020\/10\/dolar.png?fit=1920%2C789&ssl=1","datePublished":"2020-10-12T21:05:51+00:00","dateModified":"2020-11-06T16:49:36+00:00","author":{"@id":"https:\/\/vamosporlaliberacion.org\/crpmlm\/#\/schema\/person\/d6eac7758df3770dae9cd9eb104d615c"},"breadcrumb":{"@id":"https:\/\/vamosporlaliberacion.org\/crpmlm\/asi-no\/#breadcrumb"},"inLanguage":"es","potentialAction":[{"@type":"ReadAction","target":["https:\/\/vamosporlaliberacion.org\/crpmlm\/asi-no\/"]}]},{"@type":"ImageObject","inLanguage":"es","@id":"https:\/\/vamosporlaliberacion.org\/crpmlm\/asi-no\/#primaryimage","url":"https:\/\/i0.wp.com\/vamosporlaliberacion.org\/crpmlm\/wp-content\/uploads\/2020\/10\/dolar.png?fit=1920%2C789&ssl=1","contentUrl":"https:\/\/i0.wp.com\/vamosporlaliberacion.org\/crpmlm\/wp-content\/uploads\/2020\/10\/dolar.png?fit=1920%2C789&ssl=1","width":1920,"height":789},{"@type":"BreadcrumbList","@id":"https:\/\/vamosporlaliberacion.org\/crpmlm\/asi-no\/#breadcrumb","itemListElement":[{"@type":"ListItem","position":1,"name":"Portada","item":"https:\/\/vamosporlaliberacion.org\/crpmlm\/"},{"@type":"ListItem","position":2,"name":"\u00a1As\u00ed no!"}]},{"@type":"WebSite","@id":"https:\/\/vamosporlaliberacion.org\/crpmlm\/#website","url":"https:\/\/vamosporlaliberacion.org\/crpmlm\/","name":"Vamos por la Liberaci\u00f3n","description":"Prensa CR","potentialAction":[{"@type":"SearchAction","target":{"@type":"EntryPoint","urlTemplate":"https:\/\/vamosporlaliberacion.org\/crpmlm\/?s={search_term_string}"},"query-input":{"@type":"PropertyValueSpecification","valueRequired":true,"valueName":"search_term_string"}}],"inLanguage":"es"},{"@type":"Person","@id":"https:\/\/vamosporlaliberacion.org\/crpmlm\/#\/schema\/person\/d6eac7758df3770dae9cd9eb104d615c","name":"vamos!","url":"http:\/\/vamosporlaliberacion.org\/crpmlm\/author\/adminvxl\/"}]}},"jetpack_featured_media_url":"https:\/\/i0.wp.com\/vamosporlaliberacion.org\/crpmlm\/wp-content\/uploads\/2020\/10\/dolar.png?fit=1920%2C789&ssl=1","jetpack_sharing_enabled":true,"_links":{"self":[{"href":"http:\/\/vamosporlaliberacion.org\/crpmlm\/wp-json\/wp\/v2\/posts\/19920","targetHints":{"allow":["GET"]}}],"collection":[{"href":"http:\/\/vamosporlaliberacion.org\/crpmlm\/wp-json\/wp\/v2\/posts"}],"about":[{"href":"http:\/\/vamosporlaliberacion.org\/crpmlm\/wp-json\/wp\/v2\/types\/post"}],"author":[{"embeddable":true,"href":"http:\/\/vamosporlaliberacion.org\/crpmlm\/wp-json\/wp\/v2\/users\/6"}],"replies":[{"embeddable":true,"href":"http:\/\/vamosporlaliberacion.org\/crpmlm\/wp-json\/wp\/v2\/comments?post=19920"}],"version-history":[{"count":3,"href":"http:\/\/vamosporlaliberacion.org\/crpmlm\/wp-json\/wp\/v2\/posts\/19920\/revisions"}],"predecessor-version":[{"id":19944,"href":"http:\/\/vamosporlaliberacion.org\/crpmlm\/wp-json\/wp\/v2\/posts\/19920\/revisions\/19944"}],"wp:featuredmedia":[{"embeddable":true,"href":"http:\/\/vamosporlaliberacion.org\/crpmlm\/wp-json\/wp\/v2\/media\/19943"}],"wp:attachment":[{"href":"http:\/\/vamosporlaliberacion.org\/crpmlm\/wp-json\/wp\/v2\/media?parent=19920"}],"wp:term":[{"taxonomy":"category","embeddable":true,"href":"http:\/\/vamosporlaliberacion.org\/crpmlm\/wp-json\/wp\/v2\/categories?post=19920"},{"taxonomy":"post_tag","embeddable":true,"href":"http:\/\/vamosporlaliberacion.org\/crpmlm\/wp-json\/wp\/v2\/tags?post=19920"}],"curies":[{"name":"wp","href":"https:\/\/api.w.org\/{rel}","templated":true}]}}