{"id":19723,"date":"2020-10-01T08:22:02","date_gmt":"2020-10-01T11:22:02","guid":{"rendered":"http:\/\/vamosporlaliberacion.org\/crpmlm\/?p=19723"},"modified":"2020-10-01T17:27:05","modified_gmt":"2020-10-01T20:27:05","slug":"la-lucha-de-docentes-y-campesinxs-como-garantia-de-la-soberania-alimentaria","status":"publish","type":"post","link":"http:\/\/vamosporlaliberacion.org\/crpmlm\/la-lucha-de-docentes-y-campesinxs-como-garantia-de-la-soberania-alimentaria\/","title":{"rendered":"La lucha de docentes y campesinxs como garant\u00eda de la soberan\u00eda alimentaria"},"content":{"rendered":"\n<p style=\"font-size:18px\">En Misiones lxs campesinxs del Movimiento Campesino de Liberaci\u00f3n (MCL) y docentes del Movimiento Pedag\u00f3gico de Liberaci\u00f3n (MPL) pelean por el derecho a la tierra, lxs tareferxs para poder vivir de su trabajo y por el reconocimiento de las escuelas rurales. Comenz\u00f3 otra semana con cortes de ruta en su plan de lucha y entrevistamos a Rub\u00e9n Ortiz, Secretario General del sindicato docente de Misiones MPL.<\/p>\n\n\n\n<p><strong>&#8211; Lxs docentes vienen de una larga lucha en la provincia \u00bfCu\u00e1les son los principales reclamos?<\/strong><\/p>\n\n\n\n<p>&#8211; Antes de la pandemia la provincia estaba en emergencia alimentaria. <a href=\"http:\/\/vamosporlaliberacion.org\/crpmlm\/en-misiones-la-lucha-docente-crece-desde-el-pie\/\">En marzo ya hab\u00edamos articulado un frente sindical muy amplio<\/a> con el Movimiento Pedag\u00f3gico de Liberaci\u00f3n, gremios menores y un grupo disidente del gremio de base de CTERA (<em>Confederaci\u00f3n de Trabajadores de la Educaci\u00f3n de la Rep\u00fablica Argentina<\/em>). Despu\u00e9s de que el gobierno firm\u00f3 con los gremios amigos un incremento que llev\u00f3 al b\u00e1sico a $ 9.200, todos nosotros seguimos y logramos llevar el aumento a $ 10.500 m\u00e1s un 5% remunerativo y bonificable por antig\u00fcedad para \u00fatiles escolares. Tambi\u00e9n logramos que incorporen a las cocineras y mejoren el sueldo a los porteros. <a href=\"http:\/\/vamosporlaliberacion.org\/crpmlm\/docentes-de-misiones-una-inquebrantable-lucha-que-no-para\/\">Pero continuamos la lucha por volver a construir una grilla salarial hoy.<\/a> Esa reuni\u00f3n ser\u00e1 en noviembre \u00bfc\u00f3mo va a vivir una maestra ganando 13.000 pesos? El gobierno provincial tiene soberbia para escucharnos. <\/p>\n\n\n\n<p>Ac\u00e1 est\u00e1 fracasando CTERA, el sindicalismo oficialista se qued\u00f3 sin un plan. No s\u00e9 qu\u00e9 est\u00e1n esperando para escuchar a los colegas y elaborar un plan. Eso no es ser opositor, ni macrista, ac\u00e1 se necesita defender los derechos. Estamos reclamando salario, reconocimiento, tierra para escuelas. Y que te hablen de la grieta&#8230; es de una pobreza pol\u00edtica.<\/p>\n\n\n\n<p>Hoy la principal lucha que se sostiene en la provincia es por el reconocimiento de las escuelas ind\u00edgenas, las escuelas campesinas y las escuelas de los tarefereros que impulsa el MPL. La semana pasada se llev\u00f3 a cabo una jornada de corte de la ruta nacional 14. Hay contacto con el Consejo Escolar pero no nos dan el instrumento legal.<\/p>\n\n\n\n<figure class=\"wp-block-image size-large\"><img data-recalc-dims=\"1\" loading=\"lazy\" decoding=\"async\" width=\"696\" height=\"321\" src=\"https:\/\/i0.wp.com\/vamosporlaliberacion.org\/crpmlm\/wp-content\/uploads\/2020\/10\/119425446_1471223126407657_8201679310908486589_o-700x323.jpg?resize=696%2C321\" alt=\"\" class=\"wp-image-19732\" srcset=\"https:\/\/i0.wp.com\/vamosporlaliberacion.org\/crpmlm\/wp-content\/uploads\/2020\/10\/119425446_1471223126407657_8201679310908486589_o-scaled.jpg?resize=700%2C323&amp;ssl=1 700w, https:\/\/i0.wp.com\/vamosporlaliberacion.org\/crpmlm\/wp-content\/uploads\/2020\/10\/119425446_1471223126407657_8201679310908486589_o-scaled.jpg?resize=300%2C138&amp;ssl=1 300w, https:\/\/i0.wp.com\/vamosporlaliberacion.org\/crpmlm\/wp-content\/uploads\/2020\/10\/119425446_1471223126407657_8201679310908486589_o-scaled.jpg?resize=768%2C354&amp;ssl=1 768w, https:\/\/i0.wp.com\/vamosporlaliberacion.org\/crpmlm\/wp-content\/uploads\/2020\/10\/119425446_1471223126407657_8201679310908486589_o-scaled.jpg?resize=1536%2C708&amp;ssl=1 1536w, https:\/\/i0.wp.com\/vamosporlaliberacion.org\/crpmlm\/wp-content\/uploads\/2020\/10\/119425446_1471223126407657_8201679310908486589_o-scaled.jpg?resize=2048%2C944&amp;ssl=1 2048w, https:\/\/i0.wp.com\/vamosporlaliberacion.org\/crpmlm\/wp-content\/uploads\/2020\/10\/119425446_1471223126407657_8201679310908486589_o-scaled.jpg?resize=696%2C321&amp;ssl=1 696w, https:\/\/i0.wp.com\/vamosporlaliberacion.org\/crpmlm\/wp-content\/uploads\/2020\/10\/119425446_1471223126407657_8201679310908486589_o-scaled.jpg?resize=1068%2C493&amp;ssl=1 1068w, https:\/\/i0.wp.com\/vamosporlaliberacion.org\/crpmlm\/wp-content\/uploads\/2020\/10\/119425446_1471223126407657_8201679310908486589_o-scaled.jpg?resize=1920%2C885&amp;ssl=1 1920w, https:\/\/i0.wp.com\/vamosporlaliberacion.org\/crpmlm\/wp-content\/uploads\/2020\/10\/119425446_1471223126407657_8201679310908486589_o-scaled.jpg?resize=911%2C420&amp;ssl=1 911w, https:\/\/i0.wp.com\/vamosporlaliberacion.org\/crpmlm\/wp-content\/uploads\/2020\/10\/119425446_1471223126407657_8201679310908486589_o-scaled.jpg?w=1392&amp;ssl=1 1392w\" sizes=\"auto, (max-width: 696px) 100vw, 696px\" \/><\/figure>\n\n\n\n<p>&#8211;<strong> \u00bfPor qu\u00e9 el reconocimiento de las escuelas est\u00e1 vinculado a la lucha por la tierra?<\/strong><\/p>\n\n\n\n<p>&#8211; Nosotros tenemos que luchar para conquistar la tierra y cuando la tenemos, tenemos que donar tierra al Consejo para que el Estado haga la escuela \u00a1y hasta hay veces que las tenemos que construir nosotros! <\/p>\n\n\n\n<p>El mismo Estado que primero nos reprime, nos arma causas, nos dice usurpadores, luego termina siendo el beneficiario de las tierras. Eso hay que cambiarlo. No puede ser que el Estado no compre tierras para hacer escuelas, o que en el presupuesto actual no se destine ni un peso para construcci\u00f3n de escuelas. Esto ocurre hace d\u00e9cadas\u2026<\/p>\n\n\n\n<p><strong>&#8211; \u00bfC\u00f3mo funcionan esas escuelas agrarias?<\/strong><\/p>\n\n\n\n<p>&#8211; Hoy hay mucho analfabetismo, necesitamos las escuelas. Ah\u00ed es donde se producen saberes para democratizar tierras, desarrollar agricultura, econom\u00eda y alcanzar la soberan\u00eda alimentaria. Esa es la verdadera reforma agraria que hay que ir construyendo. <\/p>\n\n\n\n<p>Nosotros hablamos de intercambio, de comercio justo, de reciprocidad. Se necesita mejorar la protecci\u00f3n del ambiente porque la agricultura lo da\u00f1a mucho. Hay que estudiar la agroecolog\u00eda, manejo de suelos, etc. Todos esos saberes no se ense\u00f1an en la escuela com\u00fan. Requiere que el campesinado tenga su propia escuela. Una escuela rural, desde las necesidades de este ambiente. Ac\u00e1 hay que empezar a cambiar: no una escuela urbana que va a llevar a la pobreza de la ruralidad su miseria. Miren lo que hace el gobierno: env\u00edan a un maestro que no sabe el idioma a una escuela ind\u00edgena\u2026 \u00a1hace m\u00e1s destrozo de su cultura que protecci\u00f3n de los territorios!<\/p>\n\n\n\n<figure class=\"wp-block-image size-large\"><img data-recalc-dims=\"1\" loading=\"lazy\" decoding=\"async\" width=\"696\" height=\"392\" src=\"https:\/\/i0.wp.com\/vamosporlaliberacion.org\/crpmlm\/wp-content\/uploads\/2020\/10\/109445865_2609164949351062_3396803169236455255_o-700x394.jpg?resize=696%2C392\" alt=\"\" class=\"wp-image-19733\" srcset=\"https:\/\/i0.wp.com\/vamosporlaliberacion.org\/crpmlm\/wp-content\/uploads\/2020\/10\/109445865_2609164949351062_3396803169236455255_o.jpg?resize=700%2C394&amp;ssl=1 700w, https:\/\/i0.wp.com\/vamosporlaliberacion.org\/crpmlm\/wp-content\/uploads\/2020\/10\/109445865_2609164949351062_3396803169236455255_o.jpg?resize=300%2C169&amp;ssl=1 300w, https:\/\/i0.wp.com\/vamosporlaliberacion.org\/crpmlm\/wp-content\/uploads\/2020\/10\/109445865_2609164949351062_3396803169236455255_o.jpg?resize=768%2C432&amp;ssl=1 768w, https:\/\/i0.wp.com\/vamosporlaliberacion.org\/crpmlm\/wp-content\/uploads\/2020\/10\/109445865_2609164949351062_3396803169236455255_o.jpg?resize=696%2C392&amp;ssl=1 696w, https:\/\/i0.wp.com\/vamosporlaliberacion.org\/crpmlm\/wp-content\/uploads\/2020\/10\/109445865_2609164949351062_3396803169236455255_o.jpg?resize=1068%2C601&amp;ssl=1 1068w, https:\/\/i0.wp.com\/vamosporlaliberacion.org\/crpmlm\/wp-content\/uploads\/2020\/10\/109445865_2609164949351062_3396803169236455255_o.jpg?resize=747%2C420&amp;ssl=1 747w, https:\/\/i0.wp.com\/vamosporlaliberacion.org\/crpmlm\/wp-content\/uploads\/2020\/10\/109445865_2609164949351062_3396803169236455255_o.jpg?w=1280&amp;ssl=1 1280w\" sizes=\"auto, (max-width: 696px) 100vw, 696px\" \/><\/figure>\n\n\n\n<p>Por ejemplo la escuela campesina del MCL funciona hace 7 a\u00f1os, la de tareferos hace 10 a\u00f1os, todo ad honorem. Nosotros no estamos reconocidos. Hemos ense\u00f1ado a miles de tareferos a leer y escribir, a la formaci\u00f3n ciudadana. Una tarea tit\u00e1nica pero por afuera del sistema. El Estado no se hace cargo de los salarios, ni de los gastos. Somos los trabajadores con la CTA Aut\u00f3noma que salimos a hacer esa experiencia. Por ejemplo, esas escuelas tienen institutos de investigaci\u00f3n, donde investigamos: tierra, yerba mate, los grupos econ\u00f3micos, etc, elementos que hacen a un sujeto pedag\u00f3gico cr\u00edtico.<\/p>\n\n\n\n<p>Para darte un ejemplo solamente de un producto, el movimiento campesino (MCL) y la escuela de ese asentamiento lleva producido m\u00e1s de un mill\u00f3n y medio de kilos de mandioca en lo que va del a\u00f1o. Ahora f\u00edjate, que de \u201cusurpadores\u201d de repente pasamos a ser los que resolvimos el tema del hambre. En la zona de Montecarlo, los compa\u00f1eros del MCL son, lejos, los que m\u00e1s alimentos producen\u2026 y de mejor calidad: no se usan transg\u00e9nicos, ni h\u00edbridos. Parece un chiste que despu\u00e9s de tantos a\u00f1os de democracia se siga hablando de hambre, de la falta de democratizaci\u00f3n de la tierra. Bueno, para eso estamos luchando, construyendo organizaci\u00f3n, haciendo escuelas.<\/p>\n\n\n\n<p><strong>&#8211; A ra\u00edz de la defensa de las tierras amenazadas de desalojo por la empresa \u00abLa Misionera\u00bb, y por Oscar Scheibe y Liliana Rol\u00f3n -quienes se pretend\u00edan propietarios del lugar- vos y otrxs compa\u00f1erxs del MPL y MCL recibieron amenazas de muerte \u00bfEste 8 de octubre comienza el juicio oral?<\/strong><\/p>\n\n\n\n<p>&#8211; S\u00ed, fue en el 2016. Est\u00e1bamos en emergencia roja en la provincia. Por la presi\u00f3n de los sectores populares el gobierno tuvo que investigar qui\u00e9nes fueron y cayeron de la mafia de las madereras, donde estaban involucrados pol\u00edticos, abogados, ingenieros\u2026 ahora hasta aparece involucrada una Jueza de Paz. Por supuesto los grupos econ\u00f3micos interesados en esas tierras\u2026<\/p>\n\n\n\n<p>En mi caso fue vergonzoso, viv\u00ed como un a\u00f1o con custodia. A otros compa\u00f1eros hace poco <a href=\"http:\/\/vamosporlaliberacion.org\/crpmlm\/solidaridad-con-el-movimiento-campesino-de-liberacion-de-misiones\/\">les quemaron donde guardan la semilla<\/a>. El acoso judicial, policial, sobre todo de la compa\u00f1\u00eda La Misionera no ha cesado. Son descendientes de los Avellaneda. Desde esa \u00e9poca se quedaron con 67 mil hect\u00e1reas. Y siguen teniendo privilegios que condenan a otros al hambre.<\/p>\n\n\n\n<figure class=\"wp-block-image size-large\"><img data-recalc-dims=\"1\" loading=\"lazy\" decoding=\"async\" width=\"696\" height=\"392\" src=\"https:\/\/i0.wp.com\/vamosporlaliberacion.org\/crpmlm\/wp-content\/uploads\/2020\/10\/imgmpl-700x394.png?resize=696%2C392\" alt=\"\" class=\"wp-image-19734\" srcset=\"https:\/\/i0.wp.com\/vamosporlaliberacion.org\/crpmlm\/wp-content\/uploads\/2020\/10\/imgmpl.png?resize=700%2C394&amp;ssl=1 700w, https:\/\/i0.wp.com\/vamosporlaliberacion.org\/crpmlm\/wp-content\/uploads\/2020\/10\/imgmpl.png?resize=300%2C169&amp;ssl=1 300w, https:\/\/i0.wp.com\/vamosporlaliberacion.org\/crpmlm\/wp-content\/uploads\/2020\/10\/imgmpl.png?resize=768%2C432&amp;ssl=1 768w, https:\/\/i0.wp.com\/vamosporlaliberacion.org\/crpmlm\/wp-content\/uploads\/2020\/10\/imgmpl.png?resize=696%2C392&amp;ssl=1 696w, https:\/\/i0.wp.com\/vamosporlaliberacion.org\/crpmlm\/wp-content\/uploads\/2020\/10\/imgmpl.png?resize=1068%2C601&amp;ssl=1 1068w, https:\/\/i0.wp.com\/vamosporlaliberacion.org\/crpmlm\/wp-content\/uploads\/2020\/10\/imgmpl.png?resize=747%2C420&amp;ssl=1 747w, https:\/\/i0.wp.com\/vamosporlaliberacion.org\/crpmlm\/wp-content\/uploads\/2020\/10\/imgmpl.png?w=1280&amp;ssl=1 1280w\" sizes=\"auto, (max-width: 696px) 100vw, 696px\" \/><\/figure>\n\n\n\n<p>&#8211; <strong>Volviendo a las escuelas rurales, ustedes son muy cr\u00edticos a la actual escuela p\u00fablica \u00bfQu\u00e9 rol impulsan que tenga?<\/strong><\/p>\n\n\n\n<p>&#8211; El territorio es m\u00e1s que la tierra. Y eso tiene que estar plasmado en el sistema educativo. El de Misiones, como el de todo el pa\u00eds, es funcional al modelo extractivista actual. Fijate que en la escuela p\u00fablica no se estudia la yerba mate, cuando en los \u201990 era el principal aporte al PBI. No hay un solo instituto agropecuario con orientaci\u00f3n en yerba mate \u00bfPero por qu\u00e9 no se estudia? Porque el tarefero tiene que seguir siendo una figura que desaparezca del lenguaje. Nosotros hemos colocado en la agenda pol\u00edtica el problema de qui\u00e9n cosecha la yerba mate. Eso no nos lo van a perdonar nunca. Necesitamos que la escuela p\u00fablica levante su voz y diga \u00abno se puede seguir tomando mate sobre la esclavitud de los tareferos\u00bb.<\/p>\n\n\n\n<p>Ahora \u00bfc\u00f3mo se cambia eso? A partir de una reflexi\u00f3n profunda, de un escuchar a los compa\u00f1eros que est\u00e1n defendiendo su territorio.<\/p>\n\n\n\n<p>No se puede seguir con la escuela como est\u00e1. La escuela p\u00fablica en Misiones est\u00e1 en terapia, no le sirve a nadie. \u00bfC\u00f3mo este sistema educativo tiene una escuela agropastoril que combina la madera de estaci\u00f3n, pino y eucalipto, con la ganader\u00eda?. Es una escuela para triturar empleos. Es realmente ponerse a discutir la formaci\u00f3n de los educadores.<\/p>\n\n\n\n<p>Ac\u00e1 apareci\u00f3 de repente Miguel Sedoff. Nadie lo conoce, es el Ministro de Educaci\u00f3n. Insiste con las plataformas virtuales, cuando en realidad es un instrumento auxiliar pedag\u00f3gico, pero no puede ser la herramienta para construir la escuela p\u00fablica. Cuando en el pa\u00eds el 70% no tiene conectividad directa y en Misiones el 60 y pico.<\/p>\n\n\n\n<p>Tambi\u00e9n creo que la educaci\u00f3n p\u00fablica tiene un problema desde los institutos. Incluso se ve un analfabetismo pol\u00edtico y sindical de los que egresan.<\/p>\n\n\n\n<p>En provincias como la nuestra, donde hay \u00e1reas totalmente monopolizadas. Misiones es la provincia con m\u00e1s extranjerizaci\u00f3n de la tierra: el 13,9% de su superficie. Casi 3 veces m\u00e1s que el porcentaje de las provincias del sur. Montecarlo tiene 20% de sus tierras en manos de compa\u00f1\u00edas extranjeras. Y esto no es parte del dispositivo curricular de lo que se estudia en la escuela p\u00fablica. Al tapar esto vergonzosamente, tapa un problema: la pasta de papel y la madera ac\u00e1 est\u00e1 monopolizada por una empresa, Arauco- Alto Paran\u00e1; el tabaco por dos; el t\u00e9 por cuatro\u2026 \u00bfc\u00f3mo vas a crear un ciudadano cr\u00edtico que no conozca esta realidad?<\/p>\n<!-- AddThis Advanced Settings generic via filter on the_content --><!-- AddThis Share Buttons generic via filter on the_content -->","protected":false},"excerpt":{"rendered":"<p>En Misiones lxs campesinxs del Movimiento Campesino de Liberaci\u00f3n (MCL) y docentes del Movimiento Pedag\u00f3gico de Liberaci\u00f3n (MPL) pelean por el derecho a la tierra, lxs tareferxs para poder vivir de su trabajo y por el reconocimiento de las escuelas rurales. Comenz\u00f3 otra semana con cortes de ruta en su plan de lucha y entrevistamos [&hellip;]<!-- AddThis Advanced Settings generic via filter on get_the_excerpt --><!-- AddThis Share Buttons generic via filter on get_the_excerpt --><\/p>\n","protected":false},"author":6,"featured_media":19735,"comment_status":"open","ping_status":"open","sticky":false,"template":"","format":"standard","meta":{"_jetpack_memberships_contains_paid_content":false,"footnotes":""},"categories":[1520],"tags":[],"class_list":{"0":"post-19723","1":"post","2":"type-post","3":"status-publish","4":"format-standard","5":"has-post-thumbnail","7":"category-entrevista"},"yoast_head":"<!-- This site is optimized with the Yoast SEO plugin v27.4 - https:\/\/yoast.com\/product\/yoast-seo-wordpress\/ -->\n<title>La lucha de docentes y campesinxs como garant\u00eda de la soberan\u00eda alimentaria - Vamos por la Liberaci\u00f3n<\/title>\n<meta name=\"robots\" content=\"index, follow, max-snippet:-1, max-image-preview:large, max-video-preview:-1\" \/>\n<link rel=\"canonical\" href=\"https:\/\/vamosporlaliberacion.org\/crpmlm\/la-lucha-de-docentes-y-campesinxs-como-garantia-de-la-soberania-alimentaria\/\" \/>\n<meta name=\"twitter:label1\" content=\"Escrito por\" \/>\n\t<meta name=\"twitter:data1\" content=\"vamos!\" \/>\n\t<meta name=\"twitter:label2\" content=\"Tiempo de lectura\" \/>\n\t<meta name=\"twitter:data2\" content=\"7 minutos\" \/>\n<script type=\"application\/ld+json\" class=\"yoast-schema-graph\">{\"@context\":\"https:\\\/\\\/schema.org\",\"@graph\":[{\"@type\":\"Article\",\"@id\":\"https:\\\/\\\/vamosporlaliberacion.org\\\/crpmlm\\\/la-lucha-de-docentes-y-campesinxs-como-garantia-de-la-soberania-alimentaria\\\/#article\",\"isPartOf\":{\"@id\":\"https:\\\/\\\/vamosporlaliberacion.org\\\/crpmlm\\\/la-lucha-de-docentes-y-campesinxs-como-garantia-de-la-soberania-alimentaria\\\/\"},\"author\":{\"name\":\"vamos!\",\"@id\":\"https:\\\/\\\/vamosporlaliberacion.org\\\/crpmlm\\\/#\\\/schema\\\/person\\\/d6eac7758df3770dae9cd9eb104d615c\"},\"headline\":\"La lucha de docentes y campesinxs como garant\u00eda de la soberan\u00eda alimentaria\",\"datePublished\":\"2020-10-01T11:22:02+00:00\",\"dateModified\":\"2020-10-01T20:27:05+00:00\",\"mainEntityOfPage\":{\"@id\":\"https:\\\/\\\/vamosporlaliberacion.org\\\/crpmlm\\\/la-lucha-de-docentes-y-campesinxs-como-garantia-de-la-soberania-alimentaria\\\/\"},\"wordCount\":1490,\"commentCount\":0,\"image\":{\"@id\":\"https:\\\/\\\/vamosporlaliberacion.org\\\/crpmlm\\\/la-lucha-de-docentes-y-campesinxs-como-garantia-de-la-soberania-alimentaria\\\/#primaryimage\"},\"thumbnailUrl\":\"https:\\\/\\\/i0.wp.com\\\/vamosporlaliberacion.org\\\/crpmlm\\\/wp-content\\\/uploads\\\/2020\\\/10\\\/17492317_604205286442783_2394106993763833463_o.jpg?fit=2048%2C1356&ssl=1\",\"articleSection\":[\"Entrevista\"],\"inLanguage\":\"es\",\"potentialAction\":[{\"@type\":\"CommentAction\",\"name\":\"Comment\",\"target\":[\"https:\\\/\\\/vamosporlaliberacion.org\\\/crpmlm\\\/la-lucha-de-docentes-y-campesinxs-como-garantia-de-la-soberania-alimentaria\\\/#respond\"]}]},{\"@type\":\"WebPage\",\"@id\":\"https:\\\/\\\/vamosporlaliberacion.org\\\/crpmlm\\\/la-lucha-de-docentes-y-campesinxs-como-garantia-de-la-soberania-alimentaria\\\/\",\"url\":\"https:\\\/\\\/vamosporlaliberacion.org\\\/crpmlm\\\/la-lucha-de-docentes-y-campesinxs-como-garantia-de-la-soberania-alimentaria\\\/\",\"name\":\"La lucha de docentes y campesinxs como garant\u00eda de la soberan\u00eda alimentaria - Vamos por la Liberaci\u00f3n\",\"isPartOf\":{\"@id\":\"https:\\\/\\\/vamosporlaliberacion.org\\\/crpmlm\\\/#website\"},\"primaryImageOfPage\":{\"@id\":\"https:\\\/\\\/vamosporlaliberacion.org\\\/crpmlm\\\/la-lucha-de-docentes-y-campesinxs-como-garantia-de-la-soberania-alimentaria\\\/#primaryimage\"},\"image\":{\"@id\":\"https:\\\/\\\/vamosporlaliberacion.org\\\/crpmlm\\\/la-lucha-de-docentes-y-campesinxs-como-garantia-de-la-soberania-alimentaria\\\/#primaryimage\"},\"thumbnailUrl\":\"https:\\\/\\\/i0.wp.com\\\/vamosporlaliberacion.org\\\/crpmlm\\\/wp-content\\\/uploads\\\/2020\\\/10\\\/17492317_604205286442783_2394106993763833463_o.jpg?fit=2048%2C1356&ssl=1\",\"datePublished\":\"2020-10-01T11:22:02+00:00\",\"dateModified\":\"2020-10-01T20:27:05+00:00\",\"author\":{\"@id\":\"https:\\\/\\\/vamosporlaliberacion.org\\\/crpmlm\\\/#\\\/schema\\\/person\\\/d6eac7758df3770dae9cd9eb104d615c\"},\"breadcrumb\":{\"@id\":\"https:\\\/\\\/vamosporlaliberacion.org\\\/crpmlm\\\/la-lucha-de-docentes-y-campesinxs-como-garantia-de-la-soberania-alimentaria\\\/#breadcrumb\"},\"inLanguage\":\"es\",\"potentialAction\":[{\"@type\":\"ReadAction\",\"target\":[\"https:\\\/\\\/vamosporlaliberacion.org\\\/crpmlm\\\/la-lucha-de-docentes-y-campesinxs-como-garantia-de-la-soberania-alimentaria\\\/\"]}]},{\"@type\":\"ImageObject\",\"inLanguage\":\"es\",\"@id\":\"https:\\\/\\\/vamosporlaliberacion.org\\\/crpmlm\\\/la-lucha-de-docentes-y-campesinxs-como-garantia-de-la-soberania-alimentaria\\\/#primaryimage\",\"url\":\"https:\\\/\\\/i0.wp.com\\\/vamosporlaliberacion.org\\\/crpmlm\\\/wp-content\\\/uploads\\\/2020\\\/10\\\/17492317_604205286442783_2394106993763833463_o.jpg?fit=2048%2C1356&ssl=1\",\"contentUrl\":\"https:\\\/\\\/i0.wp.com\\\/vamosporlaliberacion.org\\\/crpmlm\\\/wp-content\\\/uploads\\\/2020\\\/10\\\/17492317_604205286442783_2394106993763833463_o.jpg?fit=2048%2C1356&ssl=1\",\"width\":2048,\"height\":1356},{\"@type\":\"BreadcrumbList\",\"@id\":\"https:\\\/\\\/vamosporlaliberacion.org\\\/crpmlm\\\/la-lucha-de-docentes-y-campesinxs-como-garantia-de-la-soberania-alimentaria\\\/#breadcrumb\",\"itemListElement\":[{\"@type\":\"ListItem\",\"position\":1,\"name\":\"Portada\",\"item\":\"https:\\\/\\\/vamosporlaliberacion.org\\\/crpmlm\\\/\"},{\"@type\":\"ListItem\",\"position\":2,\"name\":\"La lucha de docentes y campesinxs como garant\u00eda de la soberan\u00eda alimentaria\"}]},{\"@type\":\"WebSite\",\"@id\":\"https:\\\/\\\/vamosporlaliberacion.org\\\/crpmlm\\\/#website\",\"url\":\"https:\\\/\\\/vamosporlaliberacion.org\\\/crpmlm\\\/\",\"name\":\"Vamos por la Liberaci\u00f3n\",\"description\":\"Prensa CR\",\"potentialAction\":[{\"@type\":\"SearchAction\",\"target\":{\"@type\":\"EntryPoint\",\"urlTemplate\":\"https:\\\/\\\/vamosporlaliberacion.org\\\/crpmlm\\\/?s={search_term_string}\"},\"query-input\":{\"@type\":\"PropertyValueSpecification\",\"valueRequired\":true,\"valueName\":\"search_term_string\"}}],\"inLanguage\":\"es\"},{\"@type\":\"Person\",\"@id\":\"https:\\\/\\\/vamosporlaliberacion.org\\\/crpmlm\\\/#\\\/schema\\\/person\\\/d6eac7758df3770dae9cd9eb104d615c\",\"name\":\"vamos!\",\"url\":\"http:\\\/\\\/vamosporlaliberacion.org\\\/crpmlm\\\/author\\\/adminvxl\\\/\"}]}<\/script>\n<!-- \/ Yoast SEO plugin. -->","yoast_head_json":{"title":"La lucha de docentes y campesinxs como garant\u00eda de la soberan\u00eda alimentaria - Vamos por la Liberaci\u00f3n","robots":{"index":"index","follow":"follow","max-snippet":"max-snippet:-1","max-image-preview":"max-image-preview:large","max-video-preview":"max-video-preview:-1"},"canonical":"https:\/\/vamosporlaliberacion.org\/crpmlm\/la-lucha-de-docentes-y-campesinxs-como-garantia-de-la-soberania-alimentaria\/","twitter_misc":{"Escrito por":"vamos!","Tiempo de lectura":"7 minutos"},"schema":{"@context":"https:\/\/schema.org","@graph":[{"@type":"Article","@id":"https:\/\/vamosporlaliberacion.org\/crpmlm\/la-lucha-de-docentes-y-campesinxs-como-garantia-de-la-soberania-alimentaria\/#article","isPartOf":{"@id":"https:\/\/vamosporlaliberacion.org\/crpmlm\/la-lucha-de-docentes-y-campesinxs-como-garantia-de-la-soberania-alimentaria\/"},"author":{"name":"vamos!","@id":"https:\/\/vamosporlaliberacion.org\/crpmlm\/#\/schema\/person\/d6eac7758df3770dae9cd9eb104d615c"},"headline":"La lucha de docentes y campesinxs como garant\u00eda de la soberan\u00eda alimentaria","datePublished":"2020-10-01T11:22:02+00:00","dateModified":"2020-10-01T20:27:05+00:00","mainEntityOfPage":{"@id":"https:\/\/vamosporlaliberacion.org\/crpmlm\/la-lucha-de-docentes-y-campesinxs-como-garantia-de-la-soberania-alimentaria\/"},"wordCount":1490,"commentCount":0,"image":{"@id":"https:\/\/vamosporlaliberacion.org\/crpmlm\/la-lucha-de-docentes-y-campesinxs-como-garantia-de-la-soberania-alimentaria\/#primaryimage"},"thumbnailUrl":"https:\/\/i0.wp.com\/vamosporlaliberacion.org\/crpmlm\/wp-content\/uploads\/2020\/10\/17492317_604205286442783_2394106993763833463_o.jpg?fit=2048%2C1356&ssl=1","articleSection":["Entrevista"],"inLanguage":"es","potentialAction":[{"@type":"CommentAction","name":"Comment","target":["https:\/\/vamosporlaliberacion.org\/crpmlm\/la-lucha-de-docentes-y-campesinxs-como-garantia-de-la-soberania-alimentaria\/#respond"]}]},{"@type":"WebPage","@id":"https:\/\/vamosporlaliberacion.org\/crpmlm\/la-lucha-de-docentes-y-campesinxs-como-garantia-de-la-soberania-alimentaria\/","url":"https:\/\/vamosporlaliberacion.org\/crpmlm\/la-lucha-de-docentes-y-campesinxs-como-garantia-de-la-soberania-alimentaria\/","name":"La lucha de docentes y campesinxs como garant\u00eda de la soberan\u00eda alimentaria - Vamos por la Liberaci\u00f3n","isPartOf":{"@id":"https:\/\/vamosporlaliberacion.org\/crpmlm\/#website"},"primaryImageOfPage":{"@id":"https:\/\/vamosporlaliberacion.org\/crpmlm\/la-lucha-de-docentes-y-campesinxs-como-garantia-de-la-soberania-alimentaria\/#primaryimage"},"image":{"@id":"https:\/\/vamosporlaliberacion.org\/crpmlm\/la-lucha-de-docentes-y-campesinxs-como-garantia-de-la-soberania-alimentaria\/#primaryimage"},"thumbnailUrl":"https:\/\/i0.wp.com\/vamosporlaliberacion.org\/crpmlm\/wp-content\/uploads\/2020\/10\/17492317_604205286442783_2394106993763833463_o.jpg?fit=2048%2C1356&ssl=1","datePublished":"2020-10-01T11:22:02+00:00","dateModified":"2020-10-01T20:27:05+00:00","author":{"@id":"https:\/\/vamosporlaliberacion.org\/crpmlm\/#\/schema\/person\/d6eac7758df3770dae9cd9eb104d615c"},"breadcrumb":{"@id":"https:\/\/vamosporlaliberacion.org\/crpmlm\/la-lucha-de-docentes-y-campesinxs-como-garantia-de-la-soberania-alimentaria\/#breadcrumb"},"inLanguage":"es","potentialAction":[{"@type":"ReadAction","target":["https:\/\/vamosporlaliberacion.org\/crpmlm\/la-lucha-de-docentes-y-campesinxs-como-garantia-de-la-soberania-alimentaria\/"]}]},{"@type":"ImageObject","inLanguage":"es","@id":"https:\/\/vamosporlaliberacion.org\/crpmlm\/la-lucha-de-docentes-y-campesinxs-como-garantia-de-la-soberania-alimentaria\/#primaryimage","url":"https:\/\/i0.wp.com\/vamosporlaliberacion.org\/crpmlm\/wp-content\/uploads\/2020\/10\/17492317_604205286442783_2394106993763833463_o.jpg?fit=2048%2C1356&ssl=1","contentUrl":"https:\/\/i0.wp.com\/vamosporlaliberacion.org\/crpmlm\/wp-content\/uploads\/2020\/10\/17492317_604205286442783_2394106993763833463_o.jpg?fit=2048%2C1356&ssl=1","width":2048,"height":1356},{"@type":"BreadcrumbList","@id":"https:\/\/vamosporlaliberacion.org\/crpmlm\/la-lucha-de-docentes-y-campesinxs-como-garantia-de-la-soberania-alimentaria\/#breadcrumb","itemListElement":[{"@type":"ListItem","position":1,"name":"Portada","item":"https:\/\/vamosporlaliberacion.org\/crpmlm\/"},{"@type":"ListItem","position":2,"name":"La lucha de docentes y campesinxs como garant\u00eda de la soberan\u00eda alimentaria"}]},{"@type":"WebSite","@id":"https:\/\/vamosporlaliberacion.org\/crpmlm\/#website","url":"https:\/\/vamosporlaliberacion.org\/crpmlm\/","name":"Vamos por la Liberaci\u00f3n","description":"Prensa CR","potentialAction":[{"@type":"SearchAction","target":{"@type":"EntryPoint","urlTemplate":"https:\/\/vamosporlaliberacion.org\/crpmlm\/?s={search_term_string}"},"query-input":{"@type":"PropertyValueSpecification","valueRequired":true,"valueName":"search_term_string"}}],"inLanguage":"es"},{"@type":"Person","@id":"https:\/\/vamosporlaliberacion.org\/crpmlm\/#\/schema\/person\/d6eac7758df3770dae9cd9eb104d615c","name":"vamos!","url":"http:\/\/vamosporlaliberacion.org\/crpmlm\/author\/adminvxl\/"}]}},"jetpack_featured_media_url":"https:\/\/i0.wp.com\/vamosporlaliberacion.org\/crpmlm\/wp-content\/uploads\/2020\/10\/17492317_604205286442783_2394106993763833463_o.jpg?fit=2048%2C1356&ssl=1","jetpack_sharing_enabled":true,"_links":{"self":[{"href":"http:\/\/vamosporlaliberacion.org\/crpmlm\/wp-json\/wp\/v2\/posts\/19723","targetHints":{"allow":["GET"]}}],"collection":[{"href":"http:\/\/vamosporlaliberacion.org\/crpmlm\/wp-json\/wp\/v2\/posts"}],"about":[{"href":"http:\/\/vamosporlaliberacion.org\/crpmlm\/wp-json\/wp\/v2\/types\/post"}],"author":[{"embeddable":true,"href":"http:\/\/vamosporlaliberacion.org\/crpmlm\/wp-json\/wp\/v2\/users\/6"}],"replies":[{"embeddable":true,"href":"http:\/\/vamosporlaliberacion.org\/crpmlm\/wp-json\/wp\/v2\/comments?post=19723"}],"version-history":[{"count":3,"href":"http:\/\/vamosporlaliberacion.org\/crpmlm\/wp-json\/wp\/v2\/posts\/19723\/revisions"}],"predecessor-version":[{"id":19736,"href":"http:\/\/vamosporlaliberacion.org\/crpmlm\/wp-json\/wp\/v2\/posts\/19723\/revisions\/19736"}],"wp:featuredmedia":[{"embeddable":true,"href":"http:\/\/vamosporlaliberacion.org\/crpmlm\/wp-json\/wp\/v2\/media\/19735"}],"wp:attachment":[{"href":"http:\/\/vamosporlaliberacion.org\/crpmlm\/wp-json\/wp\/v2\/media?parent=19723"}],"wp:term":[{"taxonomy":"category","embeddable":true,"href":"http:\/\/vamosporlaliberacion.org\/crpmlm\/wp-json\/wp\/v2\/categories?post=19723"},{"taxonomy":"post_tag","embeddable":true,"href":"http:\/\/vamosporlaliberacion.org\/crpmlm\/wp-json\/wp\/v2\/tags?post=19723"}],"curies":[{"name":"wp","href":"https:\/\/api.w.org\/{rel}","templated":true}]}}