{"id":19517,"date":"2020-09-18T09:45:22","date_gmt":"2020-09-18T12:45:22","guid":{"rendered":"http:\/\/vamosporlaliberacion.org\/crpmlm\/?p=19517"},"modified":"2020-11-06T13:46:53","modified_gmt":"2020-11-06T16:46:53","slug":"destituyentes-al-acecho","status":"publish","type":"post","link":"http:\/\/vamosporlaliberacion.org\/crpmlm\/destituyentes-al-acecho\/","title":{"rendered":"Destituyentes al acecho"},"content":{"rendered":"\n<p>La carta de <a href=\"https:\/\/www.lanacion.com.ar\/politica\/para-defender-el-presente-y-ganar-el-futuro-nid2448530\">Mauricio Macri<\/a> publicada en el diario La Naci\u00f3n el pasado domingo, las afirmaciones medi\u00e1ticas de Patricia Bullrich y Eduardo Duhalde muestran que el plan destituyente est\u00e1 en marcha, tiene objetivos a corto y mediano plazo, as\u00ed como diferentes formas. <\/p>\n\n\n\n<p>Por un lado est\u00e1 la decisi\u00f3n de los monopolios, sectores terratenientes y el sector financiero de marcar la cancha y emprender un camino que entorpezca todas las medidas que se puedan tomar que afecten sus intereses. Esto tiene una expresi\u00f3n heterog\u00e9nea de fuerzas y dirigentxs pol\u00edticxs: en primer lugar Juntos por el Cambio y los partidos que lo integran; tambi\u00e9n fuerzas como la que preside Roberto Lavagna y dirigentes como el ex presidente Eduardo Duhalde, entre otros. Por otro lado, el trabajo de los medios hegem\u00f3nicos de comunicaci\u00f3n con Clar\u00edn a la cabeza junto a otros multimedios audiovisuales, radiales y gr\u00e1ficos es determinante para instalar operaciones y \u00abFake news\u00bb (divulgaci\u00f3n de noticias falsas). <\/p>\n\n\n\n<p>La Asociaci\u00f3n de Empresas Argentinas (AEA) como el mismo Macri trabajan desde los ejes que se\u00f1alan la \u00abfalta de libertad\u00bb, \u00ablos ataques a la rep\u00fablica\u00bb, \u00abel atropello a la divisi\u00f3n de poderes\u00bb y las \u00abviolaciones constitucionales\u00bb. Una campa\u00f1a que vienen trabajando e instalando, es que  la  instalando \u00abvivimos en una dictablanda\u00bb y que puede derivar en una dictadura. El cinismo no tiene fronteras si tenemos en cuenta que provienen de los sectores que integraron y sostuvieron las dictaduras que se sucedieron en nuestro pa\u00eds, en particular la \u00faltima con 30.000 desaparecidxs.<\/p>\n\n\n\n<p>Estos ejes son difundidos e instalados hasta el hartazgo, son la base con la que trabajaran ya sea para no perder la calle con los banderazos o para seguir trabando y embarrando la cancha desde el bloque de Juntos por el Cambio en el Congreso de la Naci\u00f3n. Aprovechan al m\u00e1ximo la desgracia de la pandemia y la crisis econ\u00f3mica para sacar ventajas, as\u00ed como precipitar alguna maniobra desestabilizadora aprovechando o trabajando desde adentro en hechos como el levantamiento de la polic\u00eda bonaerense. <\/p>\n\n\n\n<p>Este plan tiene un objetivo a mediano plazo en tratar de ganar las elecciones de medio t\u00e9rmino en el 2021. La carrera ya se lanz\u00f3 teniendo en cuenta que las elecciones primarias, abiertas, simult\u00e1neas y obligatorias (PASO) ser\u00e1n en el primer semestre de ese a\u00f1o, aunque con la advertencia de Duhalde, el comunicado de AEA y la carta de Mauricio Macri, habr\u00e1 que estar alertas sobre cualquier maniobra o plan desestabilizador antes de las elecciones. No ser\u00e1 la primera vez que una elecci\u00f3n est\u00e1 rodeadas de hechos de violencia. <\/p>\n\n\n\n<p>De esta manera, se busca unificar a la oposici\u00f3n sobre estos ejes, trabajando para ensanchar una grieta en el Frente de Todxs, particularmente entre Cristina Fern\u00e1ndez de Kirchner, Alberto Fern\u00e1ndez y Sergio Massa, y seguir alejando del gobierno nacional a gobernadores como Schiaretti de C\u00f3rdoba o Arcioni de Chubut. Pero habr\u00e1 que ver si consiguen los resultados esperados, ya que no es todo unidad en Juntos por el Cambio, y se van perfilando grietas y divisiones entre estos sectores reaccionarios expresados por un lado en Rodr\u00edguez Larreta, Vidal, Monz\u00f3 y sectores del radicalismo, y por otro el propio Macri, Pichetto, otros sectores del radicalismo, Carri\u00f3 o Patricia Bullrich del PRO, quien hizo una nueva afirmaci\u00f3n golpista en su cuenta de Twtter, con llegada directa al Departamento de Estado de Donald Trump. <\/p>\n\n\n\n<p>Con el anuncio del presidente Fern\u00e1ndez de restituir el 1,5% -que el entonces presidente Macri le hab\u00eda regalado por decreto a la Ciudad Aut\u00f3noma de Buenos Aires (CABA) perjudicando la coparticipaci\u00f3n con el resto de las provincias- y con el jefe de gobierno porte\u00f1o Horacio Rodr\u00edguez Larreta contestando desde una conferencia de prensa, reproducida por Clar\u00edn, se instal\u00f3 como una cabeza dentro de Juntos por el Cambio para liderar la oposici\u00f3n. La carta de Macri en La Naci\u00f3n es una clara respuesta a esto y marca el per\u00edodo que se abre dentro de Juntos por el Cambio.<\/p>\n\n\n\n<p>Entendemos que el gobierno debe trazar una l\u00ednea divisoria entre los que apoyan o respetan el triunfo en las urnas y las pol\u00edticas que el pueblo vot\u00f3, y los que niegan esa realidad y buscan desde posiciones de poder generar hechos y acciones destituyentes u obstaculizando el funcionamiento democr\u00e1tico de cualquiera de los tres poderes del Estado. <\/p>\n\n\n\n<p>Entendemos que la actitud para debilitar y ponerle freno a esa oposici\u00f3n liderada por sectores reaccionarios, no pasa por otorgarles concesiones como primera medida a algunos sectores, sino denunciar y golpear en bloque los planes y operaciones destituyentes, vincul\u00e1ndolos a las organizaciones empresariales y pol\u00edticas atr\u00e1s de esas posiciones para aislar a los sectores recalcitrantes y neutralizar al resto. Y la forma de llevar adelante esta t\u00e1ctica, es preparar y empoderar al pueblo en la conquista de derechos y garantizando un rumbo popular. <\/p>\n\n\n\n<p>De otra manera, aprovechar\u00e1n los sectores reaccionarios y aquellos que nos llevaron al precipicio. En este sentido, es sumamente necesario que se detenga la represi\u00f3n y las \u00f3rdenes de desalojo sobre los predios ocupados por las familias sin techo que exigen una vivienda digna como manda la Constituci\u00f3n. No es represi\u00f3n lo que necesitan, sino soluciones como proponen. <\/p>\n\n\n\n<p>Es sumamente necesario avanzar en la destituci\u00f3n de Sergio Berni para llevar tranquilidad y debilitar la l\u00ednea de la \u00abmano dura\u00bb y el desprecio a los colectivos de DDHH, que trae divisiones y debilita al Frente de Todxs de cara a una derecha que conspira. <\/p>\n\n\n\n<p>Es sumamente necesario aprobar el bono a las grandes fortunas para volcar ese dinero a la emergencia sanitaria, creaci\u00f3n de trabajo y salarios, reforzando en este sentido los ejes centrales del presupuesto 2021 que se est\u00e1 por discutir. Un presupuesto que deber\u00e1 ir a fondo con medidas que habiliten la discusi\u00f3n de la reforma tributaria para que se eleve el impuesto a las ganancias, que sea diferenciado y se elimine el IVA a los productos de primera necesidad, donde se actualice el impuesto a los bienes personales y la renta m\u00ednima presunta y se elimine el impuesto al salario, donde la deuda con los bonistas la pague la oligarqu\u00eda y se investigue la deuda con el FMI en vez de buscar \u00abel mejor acuerdo\u00bb. <\/p>\n\n\n\n<p>En esta direcci\u00f3n se fortalecer\u00e1 el pueblo y le cerraremos el paso a los sectores que sostuvieron el hambre, el ajuste, el endeudamiento por generaciones y la entrega de nuestras riquezas. Esos sectores que no pudieron parar la lucha y la voluntad de un pueblo que dijo basta a la avanzada neoliberal y perdieron en las elecciones del 27 de octubre de 2019 pero quieren volver a toda costa y como sea. Estos monopolios, bancos y terratenientes saben que si los intereses del pueblo avanzan, los suyos deben retroceder, porque el pueblo eligi\u00f3 dar vuelta una p\u00e1gina negra en nuestra historia. <\/p>\n\n\n\n<p><strong>En tal sentido, y partiendo de las medidas que ha tomado el gobierno en esa direcci\u00f3n, vemos necesario avanzar en la recuperaci\u00f3n de derechos, construyendo una amplia unidad donde el pueblo pueda vencer a la reacci\u00f3n destituyente y garantizar un rumbo popular que nos acerque a la liberaci\u00f3n nacional y social.<\/strong><\/p>\n<!-- AddThis Advanced Settings generic via filter on the_content --><!-- AddThis Share Buttons generic via filter on the_content -->","protected":false},"excerpt":{"rendered":"<p>La carta de Mauricio Macri publicada en el diario La Naci\u00f3n el pasado domingo, las afirmaciones medi\u00e1ticas de Patricia Bullrich y Eduardo Duhalde muestran que el plan destituyente est\u00e1 en marcha, tiene objetivos a corto y mediano plazo, as\u00ed como diferentes formas. Por un lado est\u00e1 la decisi\u00f3n de los monopolios, sectores terratenientes y el [&hellip;]<!-- AddThis Advanced Settings generic via filter on get_the_excerpt --><!-- AddThis Share Buttons generic via filter on get_the_excerpt --><\/p>\n","protected":false},"author":6,"featured_media":19538,"comment_status":"open","ping_status":"open","sticky":false,"template":"","format":"standard","meta":{"_jetpack_memberships_contains_paid_content":false,"footnotes":""},"categories":[1881],"tags":[],"class_list":{"0":"post-19517","1":"post","2":"type-post","3":"status-publish","4":"format-standard","5":"has-post-thumbnail","7":"category-editoriales"},"yoast_head":"<!-- This site is optimized with the Yoast SEO plugin v27.4 - https:\/\/yoast.com\/product\/yoast-seo-wordpress\/ -->\n<title>Destituyentes al acecho - Vamos por la Liberaci\u00f3n<\/title>\n<meta name=\"robots\" content=\"index, follow, max-snippet:-1, max-image-preview:large, max-video-preview:-1\" \/>\n<link rel=\"canonical\" href=\"https:\/\/vamosporlaliberacion.org\/crpmlm\/destituyentes-al-acecho\/\" \/>\n<meta name=\"twitter:label1\" content=\"Escrito por\" \/>\n\t<meta name=\"twitter:data1\" content=\"vamos!\" \/>\n\t<meta name=\"twitter:label2\" content=\"Tiempo de lectura\" \/>\n\t<meta name=\"twitter:data2\" content=\"6 minutos\" \/>\n<script type=\"application\/ld+json\" class=\"yoast-schema-graph\">{\"@context\":\"https:\\\/\\\/schema.org\",\"@graph\":[{\"@type\":\"Article\",\"@id\":\"https:\\\/\\\/vamosporlaliberacion.org\\\/crpmlm\\\/destituyentes-al-acecho\\\/#article\",\"isPartOf\":{\"@id\":\"https:\\\/\\\/vamosporlaliberacion.org\\\/crpmlm\\\/destituyentes-al-acecho\\\/\"},\"author\":{\"name\":\"vamos!\",\"@id\":\"https:\\\/\\\/vamosporlaliberacion.org\\\/crpmlm\\\/#\\\/schema\\\/person\\\/d6eac7758df3770dae9cd9eb104d615c\"},\"headline\":\"Destituyentes al acecho\",\"datePublished\":\"2020-09-18T12:45:22+00:00\",\"dateModified\":\"2020-11-06T16:46:53+00:00\",\"mainEntityOfPage\":{\"@id\":\"https:\\\/\\\/vamosporlaliberacion.org\\\/crpmlm\\\/destituyentes-al-acecho\\\/\"},\"wordCount\":1229,\"commentCount\":0,\"image\":{\"@id\":\"https:\\\/\\\/vamosporlaliberacion.org\\\/crpmlm\\\/destituyentes-al-acecho\\\/#primaryimage\"},\"thumbnailUrl\":\"https:\\\/\\\/i0.wp.com\\\/vamosporlaliberacion.org\\\/crpmlm\\\/wp-content\\\/uploads\\\/2020\\\/09\\\/carutala.png?fit=960%2C640&ssl=1\",\"articleSection\":[\"Editoriales\"],\"inLanguage\":\"es\",\"potentialAction\":[{\"@type\":\"CommentAction\",\"name\":\"Comment\",\"target\":[\"https:\\\/\\\/vamosporlaliberacion.org\\\/crpmlm\\\/destituyentes-al-acecho\\\/#respond\"]}]},{\"@type\":\"WebPage\",\"@id\":\"https:\\\/\\\/vamosporlaliberacion.org\\\/crpmlm\\\/destituyentes-al-acecho\\\/\",\"url\":\"https:\\\/\\\/vamosporlaliberacion.org\\\/crpmlm\\\/destituyentes-al-acecho\\\/\",\"name\":\"Destituyentes al acecho - Vamos por la Liberaci\u00f3n\",\"isPartOf\":{\"@id\":\"https:\\\/\\\/vamosporlaliberacion.org\\\/crpmlm\\\/#website\"},\"primaryImageOfPage\":{\"@id\":\"https:\\\/\\\/vamosporlaliberacion.org\\\/crpmlm\\\/destituyentes-al-acecho\\\/#primaryimage\"},\"image\":{\"@id\":\"https:\\\/\\\/vamosporlaliberacion.org\\\/crpmlm\\\/destituyentes-al-acecho\\\/#primaryimage\"},\"thumbnailUrl\":\"https:\\\/\\\/i0.wp.com\\\/vamosporlaliberacion.org\\\/crpmlm\\\/wp-content\\\/uploads\\\/2020\\\/09\\\/carutala.png?fit=960%2C640&ssl=1\",\"datePublished\":\"2020-09-18T12:45:22+00:00\",\"dateModified\":\"2020-11-06T16:46:53+00:00\",\"author\":{\"@id\":\"https:\\\/\\\/vamosporlaliberacion.org\\\/crpmlm\\\/#\\\/schema\\\/person\\\/d6eac7758df3770dae9cd9eb104d615c\"},\"breadcrumb\":{\"@id\":\"https:\\\/\\\/vamosporlaliberacion.org\\\/crpmlm\\\/destituyentes-al-acecho\\\/#breadcrumb\"},\"inLanguage\":\"es\",\"potentialAction\":[{\"@type\":\"ReadAction\",\"target\":[\"https:\\\/\\\/vamosporlaliberacion.org\\\/crpmlm\\\/destituyentes-al-acecho\\\/\"]}]},{\"@type\":\"ImageObject\",\"inLanguage\":\"es\",\"@id\":\"https:\\\/\\\/vamosporlaliberacion.org\\\/crpmlm\\\/destituyentes-al-acecho\\\/#primaryimage\",\"url\":\"https:\\\/\\\/i0.wp.com\\\/vamosporlaliberacion.org\\\/crpmlm\\\/wp-content\\\/uploads\\\/2020\\\/09\\\/carutala.png?fit=960%2C640&ssl=1\",\"contentUrl\":\"https:\\\/\\\/i0.wp.com\\\/vamosporlaliberacion.org\\\/crpmlm\\\/wp-content\\\/uploads\\\/2020\\\/09\\\/carutala.png?fit=960%2C640&ssl=1\",\"width\":960,\"height\":640},{\"@type\":\"BreadcrumbList\",\"@id\":\"https:\\\/\\\/vamosporlaliberacion.org\\\/crpmlm\\\/destituyentes-al-acecho\\\/#breadcrumb\",\"itemListElement\":[{\"@type\":\"ListItem\",\"position\":1,\"name\":\"Portada\",\"item\":\"https:\\\/\\\/vamosporlaliberacion.org\\\/crpmlm\\\/\"},{\"@type\":\"ListItem\",\"position\":2,\"name\":\"Destituyentes al acecho\"}]},{\"@type\":\"WebSite\",\"@id\":\"https:\\\/\\\/vamosporlaliberacion.org\\\/crpmlm\\\/#website\",\"url\":\"https:\\\/\\\/vamosporlaliberacion.org\\\/crpmlm\\\/\",\"name\":\"Vamos por la Liberaci\u00f3n\",\"description\":\"Prensa CR\",\"potentialAction\":[{\"@type\":\"SearchAction\",\"target\":{\"@type\":\"EntryPoint\",\"urlTemplate\":\"https:\\\/\\\/vamosporlaliberacion.org\\\/crpmlm\\\/?s={search_term_string}\"},\"query-input\":{\"@type\":\"PropertyValueSpecification\",\"valueRequired\":true,\"valueName\":\"search_term_string\"}}],\"inLanguage\":\"es\"},{\"@type\":\"Person\",\"@id\":\"https:\\\/\\\/vamosporlaliberacion.org\\\/crpmlm\\\/#\\\/schema\\\/person\\\/d6eac7758df3770dae9cd9eb104d615c\",\"name\":\"vamos!\",\"url\":\"http:\\\/\\\/vamosporlaliberacion.org\\\/crpmlm\\\/author\\\/adminvxl\\\/\"}]}<\/script>\n<!-- \/ Yoast SEO plugin. -->","yoast_head_json":{"title":"Destituyentes al acecho - Vamos por la Liberaci\u00f3n","robots":{"index":"index","follow":"follow","max-snippet":"max-snippet:-1","max-image-preview":"max-image-preview:large","max-video-preview":"max-video-preview:-1"},"canonical":"https:\/\/vamosporlaliberacion.org\/crpmlm\/destituyentes-al-acecho\/","twitter_misc":{"Escrito por":"vamos!","Tiempo de lectura":"6 minutos"},"schema":{"@context":"https:\/\/schema.org","@graph":[{"@type":"Article","@id":"https:\/\/vamosporlaliberacion.org\/crpmlm\/destituyentes-al-acecho\/#article","isPartOf":{"@id":"https:\/\/vamosporlaliberacion.org\/crpmlm\/destituyentes-al-acecho\/"},"author":{"name":"vamos!","@id":"https:\/\/vamosporlaliberacion.org\/crpmlm\/#\/schema\/person\/d6eac7758df3770dae9cd9eb104d615c"},"headline":"Destituyentes al acecho","datePublished":"2020-09-18T12:45:22+00:00","dateModified":"2020-11-06T16:46:53+00:00","mainEntityOfPage":{"@id":"https:\/\/vamosporlaliberacion.org\/crpmlm\/destituyentes-al-acecho\/"},"wordCount":1229,"commentCount":0,"image":{"@id":"https:\/\/vamosporlaliberacion.org\/crpmlm\/destituyentes-al-acecho\/#primaryimage"},"thumbnailUrl":"https:\/\/i0.wp.com\/vamosporlaliberacion.org\/crpmlm\/wp-content\/uploads\/2020\/09\/carutala.png?fit=960%2C640&ssl=1","articleSection":["Editoriales"],"inLanguage":"es","potentialAction":[{"@type":"CommentAction","name":"Comment","target":["https:\/\/vamosporlaliberacion.org\/crpmlm\/destituyentes-al-acecho\/#respond"]}]},{"@type":"WebPage","@id":"https:\/\/vamosporlaliberacion.org\/crpmlm\/destituyentes-al-acecho\/","url":"https:\/\/vamosporlaliberacion.org\/crpmlm\/destituyentes-al-acecho\/","name":"Destituyentes al acecho - Vamos por la Liberaci\u00f3n","isPartOf":{"@id":"https:\/\/vamosporlaliberacion.org\/crpmlm\/#website"},"primaryImageOfPage":{"@id":"https:\/\/vamosporlaliberacion.org\/crpmlm\/destituyentes-al-acecho\/#primaryimage"},"image":{"@id":"https:\/\/vamosporlaliberacion.org\/crpmlm\/destituyentes-al-acecho\/#primaryimage"},"thumbnailUrl":"https:\/\/i0.wp.com\/vamosporlaliberacion.org\/crpmlm\/wp-content\/uploads\/2020\/09\/carutala.png?fit=960%2C640&ssl=1","datePublished":"2020-09-18T12:45:22+00:00","dateModified":"2020-11-06T16:46:53+00:00","author":{"@id":"https:\/\/vamosporlaliberacion.org\/crpmlm\/#\/schema\/person\/d6eac7758df3770dae9cd9eb104d615c"},"breadcrumb":{"@id":"https:\/\/vamosporlaliberacion.org\/crpmlm\/destituyentes-al-acecho\/#breadcrumb"},"inLanguage":"es","potentialAction":[{"@type":"ReadAction","target":["https:\/\/vamosporlaliberacion.org\/crpmlm\/destituyentes-al-acecho\/"]}]},{"@type":"ImageObject","inLanguage":"es","@id":"https:\/\/vamosporlaliberacion.org\/crpmlm\/destituyentes-al-acecho\/#primaryimage","url":"https:\/\/i0.wp.com\/vamosporlaliberacion.org\/crpmlm\/wp-content\/uploads\/2020\/09\/carutala.png?fit=960%2C640&ssl=1","contentUrl":"https:\/\/i0.wp.com\/vamosporlaliberacion.org\/crpmlm\/wp-content\/uploads\/2020\/09\/carutala.png?fit=960%2C640&ssl=1","width":960,"height":640},{"@type":"BreadcrumbList","@id":"https:\/\/vamosporlaliberacion.org\/crpmlm\/destituyentes-al-acecho\/#breadcrumb","itemListElement":[{"@type":"ListItem","position":1,"name":"Portada","item":"https:\/\/vamosporlaliberacion.org\/crpmlm\/"},{"@type":"ListItem","position":2,"name":"Destituyentes al acecho"}]},{"@type":"WebSite","@id":"https:\/\/vamosporlaliberacion.org\/crpmlm\/#website","url":"https:\/\/vamosporlaliberacion.org\/crpmlm\/","name":"Vamos por la Liberaci\u00f3n","description":"Prensa CR","potentialAction":[{"@type":"SearchAction","target":{"@type":"EntryPoint","urlTemplate":"https:\/\/vamosporlaliberacion.org\/crpmlm\/?s={search_term_string}"},"query-input":{"@type":"PropertyValueSpecification","valueRequired":true,"valueName":"search_term_string"}}],"inLanguage":"es"},{"@type":"Person","@id":"https:\/\/vamosporlaliberacion.org\/crpmlm\/#\/schema\/person\/d6eac7758df3770dae9cd9eb104d615c","name":"vamos!","url":"http:\/\/vamosporlaliberacion.org\/crpmlm\/author\/adminvxl\/"}]}},"jetpack_featured_media_url":"https:\/\/i0.wp.com\/vamosporlaliberacion.org\/crpmlm\/wp-content\/uploads\/2020\/09\/carutala.png?fit=960%2C640&ssl=1","jetpack_sharing_enabled":true,"_links":{"self":[{"href":"http:\/\/vamosporlaliberacion.org\/crpmlm\/wp-json\/wp\/v2\/posts\/19517","targetHints":{"allow":["GET"]}}],"collection":[{"href":"http:\/\/vamosporlaliberacion.org\/crpmlm\/wp-json\/wp\/v2\/posts"}],"about":[{"href":"http:\/\/vamosporlaliberacion.org\/crpmlm\/wp-json\/wp\/v2\/types\/post"}],"author":[{"embeddable":true,"href":"http:\/\/vamosporlaliberacion.org\/crpmlm\/wp-json\/wp\/v2\/users\/6"}],"replies":[{"embeddable":true,"href":"http:\/\/vamosporlaliberacion.org\/crpmlm\/wp-json\/wp\/v2\/comments?post=19517"}],"version-history":[{"count":3,"href":"http:\/\/vamosporlaliberacion.org\/crpmlm\/wp-json\/wp\/v2\/posts\/19517\/revisions"}],"predecessor-version":[{"id":19528,"href":"http:\/\/vamosporlaliberacion.org\/crpmlm\/wp-json\/wp\/v2\/posts\/19517\/revisions\/19528"}],"wp:featuredmedia":[{"embeddable":true,"href":"http:\/\/vamosporlaliberacion.org\/crpmlm\/wp-json\/wp\/v2\/media\/19538"}],"wp:attachment":[{"href":"http:\/\/vamosporlaliberacion.org\/crpmlm\/wp-json\/wp\/v2\/media?parent=19517"}],"wp:term":[{"taxonomy":"category","embeddable":true,"href":"http:\/\/vamosporlaliberacion.org\/crpmlm\/wp-json\/wp\/v2\/categories?post=19517"},{"taxonomy":"post_tag","embeddable":true,"href":"http:\/\/vamosporlaliberacion.org\/crpmlm\/wp-json\/wp\/v2\/tags?post=19517"}],"curies":[{"name":"wp","href":"https:\/\/api.w.org\/{rel}","templated":true}]}}