{"id":19201,"date":"2020-08-21T21:09:55","date_gmt":"2020-08-22T00:09:55","guid":{"rendered":"http:\/\/vamosporlaliberacion.org\/crpmlm\/?p=19201"},"modified":"2020-08-21T21:55:33","modified_gmt":"2020-08-22T00:55:33","slug":"ni-olvido-ni-perdon-la-matanza-de-trelew-de-raymundo-gleyzer","status":"publish","type":"post","link":"http:\/\/vamosporlaliberacion.org\/crpmlm\/ni-olvido-ni-perdon-la-matanza-de-trelew-de-raymundo-gleyzer\/","title":{"rendered":"\u00abNi olvido ni perd\u00f3n. La matanza de Trelew\u00bb de Raymundo Gleyzer"},"content":{"rendered":"\n<figure class=\"wp-block-embed-youtube wp-block-embed is-type-video is-provider-youtube wp-embed-aspect-4-3 wp-has-aspect-ratio\"><div class=\"wp-block-embed__wrapper\">\n<iframe loading=\"lazy\" title=\"NI OLVIDO NI PERDO\u0301N (Raymundo Gleyzer, 1973)\" width=\"696\" height=\"522\" src=\"https:\/\/www.youtube.com\/embed\/hk78X2LFMQs?feature=oembed&#038;enablejsapi=1\" frameborder=\"0\" allow=\"accelerometer; autoplay; encrypted-media; gyroscope; picture-in-picture\" allowfullscreen><\/iframe>\n<\/div><\/figure>\n\n\n\n<p>Este mediometraje fue elaborado por el militante y cineasta Raymundo Gleyzer, detenido-desaparecido en 1976. Realiz\u00f3 este documento imprescindible para la Memoria, la Verdad y la Justicia que sostenemos como bandera.<\/p>\n\n\n\n<p>Filmada, editada y rodada en la clandestinidad en 1972 durante el gobierno dictatorial del general Lanusse. Contiene la conferencia de prensa completa de lxs militantes de FAR, Montoneros y el ERP ofrecida el 15 de agosto de 1972 en el aeropuerto de Trelew.<\/p>\n\n\n\n<p>Aquel 15 de agosto veinticinco presxs pol\u00edticxs pertenecientes al PRT-ERP, Montoneros y las FAR, se fugaron del penal de Rawson en la provincia patag\u00f3nica de Chubut. Seis de ellxs lograron escapar a Chile. Diecinueve no alcanzaron a subir al avi\u00f3n y se entregaron luego de acordar p\u00fablicamente garant\u00edas para su integridad f\u00edsica. <\/p>\n\n\n\n<p>Advierten durante la conferencia que, de no mediar protecci\u00f3n legal, ser\u00edan fusiladxs a mansalva con r\u00e1fagas de ametralladoras, como efectivamente lo fueron una semana despu\u00e9s, el 22 de agosto, simulando un intento de fuga del penal que jam\u00e1s existi\u00f3.<\/p>\n\n\n\n<p>El mediometraje contiene los testimonios de quienes ser\u00edan fusilados y documentaci\u00f3n sobre el modo en que la Marina ignor\u00f3 la evidencia de la matanza.<\/p>\n<!-- AddThis Advanced Settings generic via filter on the_content --><!-- AddThis Share Buttons generic via filter on the_content -->","protected":false},"excerpt":{"rendered":"<p>Este mediometraje fue elaborado por el militante y cineasta Raymundo Gleyzer, detenido-desaparecido en 1976. Realiz\u00f3 este documento imprescindible para la Memoria, la Verdad y la Justicia que sostenemos como bandera. Filmada, editada y rodada en la clandestinidad en 1972 durante el gobierno dictatorial del general Lanusse. Contiene la conferencia de prensa completa de lxs militantes [&hellip;]<!-- AddThis Advanced Settings generic via filter on get_the_excerpt --><!-- AddThis Share Buttons generic via filter on get_the_excerpt --><\/p>\n","protected":false},"author":6,"featured_media":19203,"comment_status":"open","ping_status":"open","sticky":false,"template":"","format":"standard","meta":{"_jetpack_memberships_contains_paid_content":false,"footnotes":""},"categories":[1850],"tags":[],"class_list":{"0":"post-19201","1":"post","2":"type-post","3":"status-publish","4":"format-standard","5":"has-post-thumbnail","7":"category-cultura"},"yoast_head":"<!-- This site is optimized with the Yoast SEO plugin v27.4 - https:\/\/yoast.com\/product\/yoast-seo-wordpress\/ -->\n<title>\u00abNi olvido ni perd\u00f3n. La matanza de Trelew\u00bb de Raymundo Gleyzer - Vamos por la Liberaci\u00f3n<\/title>\n<meta name=\"robots\" content=\"index, follow, max-snippet:-1, max-image-preview:large, max-video-preview:-1\" \/>\n<link rel=\"canonical\" href=\"https:\/\/vamosporlaliberacion.org\/crpmlm\/ni-olvido-ni-perdon-la-matanza-de-trelew-de-raymundo-gleyzer\/\" \/>\n<meta name=\"twitter:label1\" content=\"Escrito por\" \/>\n\t<meta name=\"twitter:data1\" content=\"vamos!\" \/>\n\t<meta name=\"twitter:label2\" content=\"Tiempo de lectura\" \/>\n\t<meta name=\"twitter:data2\" content=\"1 minuto\" \/>\n<script type=\"application\/ld+json\" class=\"yoast-schema-graph\">{\"@context\":\"https:\\\/\\\/schema.org\",\"@graph\":[{\"@type\":\"Article\",\"@id\":\"https:\\\/\\\/vamosporlaliberacion.org\\\/crpmlm\\\/ni-olvido-ni-perdon-la-matanza-de-trelew-de-raymundo-gleyzer\\\/#article\",\"isPartOf\":{\"@id\":\"https:\\\/\\\/vamosporlaliberacion.org\\\/crpmlm\\\/ni-olvido-ni-perdon-la-matanza-de-trelew-de-raymundo-gleyzer\\\/\"},\"author\":{\"name\":\"vamos!\",\"@id\":\"https:\\\/\\\/vamosporlaliberacion.org\\\/crpmlm\\\/#\\\/schema\\\/person\\\/d6eac7758df3770dae9cd9eb104d615c\"},\"headline\":\"\u00abNi olvido ni perd\u00f3n. La matanza de Trelew\u00bb de Raymundo Gleyzer\",\"datePublished\":\"2020-08-22T00:09:55+00:00\",\"dateModified\":\"2020-08-22T00:55:33+00:00\",\"mainEntityOfPage\":{\"@id\":\"https:\\\/\\\/vamosporlaliberacion.org\\\/crpmlm\\\/ni-olvido-ni-perdon-la-matanza-de-trelew-de-raymundo-gleyzer\\\/\"},\"wordCount\":216,\"commentCount\":0,\"image\":{\"@id\":\"https:\\\/\\\/vamosporlaliberacion.org\\\/crpmlm\\\/ni-olvido-ni-perdon-la-matanza-de-trelew-de-raymundo-gleyzer\\\/#primaryimage\"},\"thumbnailUrl\":\"https:\\\/\\\/i0.wp.com\\\/vamosporlaliberacion.org\\\/crpmlm\\\/wp-content\\\/uploads\\\/2020\\\/08\\\/1559192476696.jpg?fit=770%2C471&ssl=1\",\"articleSection\":[\"cultura\"],\"inLanguage\":\"es\",\"potentialAction\":[{\"@type\":\"CommentAction\",\"name\":\"Comment\",\"target\":[\"https:\\\/\\\/vamosporlaliberacion.org\\\/crpmlm\\\/ni-olvido-ni-perdon-la-matanza-de-trelew-de-raymundo-gleyzer\\\/#respond\"]}]},{\"@type\":\"WebPage\",\"@id\":\"https:\\\/\\\/vamosporlaliberacion.org\\\/crpmlm\\\/ni-olvido-ni-perdon-la-matanza-de-trelew-de-raymundo-gleyzer\\\/\",\"url\":\"https:\\\/\\\/vamosporlaliberacion.org\\\/crpmlm\\\/ni-olvido-ni-perdon-la-matanza-de-trelew-de-raymundo-gleyzer\\\/\",\"name\":\"\u00abNi olvido ni perd\u00f3n. La matanza de Trelew\u00bb de Raymundo Gleyzer - Vamos por la Liberaci\u00f3n\",\"isPartOf\":{\"@id\":\"https:\\\/\\\/vamosporlaliberacion.org\\\/crpmlm\\\/#website\"},\"primaryImageOfPage\":{\"@id\":\"https:\\\/\\\/vamosporlaliberacion.org\\\/crpmlm\\\/ni-olvido-ni-perdon-la-matanza-de-trelew-de-raymundo-gleyzer\\\/#primaryimage\"},\"image\":{\"@id\":\"https:\\\/\\\/vamosporlaliberacion.org\\\/crpmlm\\\/ni-olvido-ni-perdon-la-matanza-de-trelew-de-raymundo-gleyzer\\\/#primaryimage\"},\"thumbnailUrl\":\"https:\\\/\\\/i0.wp.com\\\/vamosporlaliberacion.org\\\/crpmlm\\\/wp-content\\\/uploads\\\/2020\\\/08\\\/1559192476696.jpg?fit=770%2C471&ssl=1\",\"datePublished\":\"2020-08-22T00:09:55+00:00\",\"dateModified\":\"2020-08-22T00:55:33+00:00\",\"author\":{\"@id\":\"https:\\\/\\\/vamosporlaliberacion.org\\\/crpmlm\\\/#\\\/schema\\\/person\\\/d6eac7758df3770dae9cd9eb104d615c\"},\"breadcrumb\":{\"@id\":\"https:\\\/\\\/vamosporlaliberacion.org\\\/crpmlm\\\/ni-olvido-ni-perdon-la-matanza-de-trelew-de-raymundo-gleyzer\\\/#breadcrumb\"},\"inLanguage\":\"es\",\"potentialAction\":[{\"@type\":\"ReadAction\",\"target\":[\"https:\\\/\\\/vamosporlaliberacion.org\\\/crpmlm\\\/ni-olvido-ni-perdon-la-matanza-de-trelew-de-raymundo-gleyzer\\\/\"]}]},{\"@type\":\"ImageObject\",\"inLanguage\":\"es\",\"@id\":\"https:\\\/\\\/vamosporlaliberacion.org\\\/crpmlm\\\/ni-olvido-ni-perdon-la-matanza-de-trelew-de-raymundo-gleyzer\\\/#primaryimage\",\"url\":\"https:\\\/\\\/i0.wp.com\\\/vamosporlaliberacion.org\\\/crpmlm\\\/wp-content\\\/uploads\\\/2020\\\/08\\\/1559192476696.jpg?fit=770%2C471&ssl=1\",\"contentUrl\":\"https:\\\/\\\/i0.wp.com\\\/vamosporlaliberacion.org\\\/crpmlm\\\/wp-content\\\/uploads\\\/2020\\\/08\\\/1559192476696.jpg?fit=770%2C471&ssl=1\",\"width\":770,\"height\":471},{\"@type\":\"BreadcrumbList\",\"@id\":\"https:\\\/\\\/vamosporlaliberacion.org\\\/crpmlm\\\/ni-olvido-ni-perdon-la-matanza-de-trelew-de-raymundo-gleyzer\\\/#breadcrumb\",\"itemListElement\":[{\"@type\":\"ListItem\",\"position\":1,\"name\":\"Portada\",\"item\":\"https:\\\/\\\/vamosporlaliberacion.org\\\/crpmlm\\\/\"},{\"@type\":\"ListItem\",\"position\":2,\"name\":\"\u00abNi olvido ni perd\u00f3n. La matanza de Trelew\u00bb de Raymundo Gleyzer\"}]},{\"@type\":\"WebSite\",\"@id\":\"https:\\\/\\\/vamosporlaliberacion.org\\\/crpmlm\\\/#website\",\"url\":\"https:\\\/\\\/vamosporlaliberacion.org\\\/crpmlm\\\/\",\"name\":\"Vamos por la Liberaci\u00f3n\",\"description\":\"Prensa CR\",\"potentialAction\":[{\"@type\":\"SearchAction\",\"target\":{\"@type\":\"EntryPoint\",\"urlTemplate\":\"https:\\\/\\\/vamosporlaliberacion.org\\\/crpmlm\\\/?s={search_term_string}\"},\"query-input\":{\"@type\":\"PropertyValueSpecification\",\"valueRequired\":true,\"valueName\":\"search_term_string\"}}],\"inLanguage\":\"es\"},{\"@type\":\"Person\",\"@id\":\"https:\\\/\\\/vamosporlaliberacion.org\\\/crpmlm\\\/#\\\/schema\\\/person\\\/d6eac7758df3770dae9cd9eb104d615c\",\"name\":\"vamos!\",\"url\":\"http:\\\/\\\/vamosporlaliberacion.org\\\/crpmlm\\\/author\\\/adminvxl\\\/\"}]}<\/script>\n<!-- \/ Yoast SEO plugin. -->","yoast_head_json":{"title":"\u00abNi olvido ni perd\u00f3n. La matanza de Trelew\u00bb de Raymundo Gleyzer - Vamos por la Liberaci\u00f3n","robots":{"index":"index","follow":"follow","max-snippet":"max-snippet:-1","max-image-preview":"max-image-preview:large","max-video-preview":"max-video-preview:-1"},"canonical":"https:\/\/vamosporlaliberacion.org\/crpmlm\/ni-olvido-ni-perdon-la-matanza-de-trelew-de-raymundo-gleyzer\/","twitter_misc":{"Escrito por":"vamos!","Tiempo de lectura":"1 minuto"},"schema":{"@context":"https:\/\/schema.org","@graph":[{"@type":"Article","@id":"https:\/\/vamosporlaliberacion.org\/crpmlm\/ni-olvido-ni-perdon-la-matanza-de-trelew-de-raymundo-gleyzer\/#article","isPartOf":{"@id":"https:\/\/vamosporlaliberacion.org\/crpmlm\/ni-olvido-ni-perdon-la-matanza-de-trelew-de-raymundo-gleyzer\/"},"author":{"name":"vamos!","@id":"https:\/\/vamosporlaliberacion.org\/crpmlm\/#\/schema\/person\/d6eac7758df3770dae9cd9eb104d615c"},"headline":"\u00abNi olvido ni perd\u00f3n. La matanza de Trelew\u00bb de Raymundo Gleyzer","datePublished":"2020-08-22T00:09:55+00:00","dateModified":"2020-08-22T00:55:33+00:00","mainEntityOfPage":{"@id":"https:\/\/vamosporlaliberacion.org\/crpmlm\/ni-olvido-ni-perdon-la-matanza-de-trelew-de-raymundo-gleyzer\/"},"wordCount":216,"commentCount":0,"image":{"@id":"https:\/\/vamosporlaliberacion.org\/crpmlm\/ni-olvido-ni-perdon-la-matanza-de-trelew-de-raymundo-gleyzer\/#primaryimage"},"thumbnailUrl":"https:\/\/i0.wp.com\/vamosporlaliberacion.org\/crpmlm\/wp-content\/uploads\/2020\/08\/1559192476696.jpg?fit=770%2C471&ssl=1","articleSection":["cultura"],"inLanguage":"es","potentialAction":[{"@type":"CommentAction","name":"Comment","target":["https:\/\/vamosporlaliberacion.org\/crpmlm\/ni-olvido-ni-perdon-la-matanza-de-trelew-de-raymundo-gleyzer\/#respond"]}]},{"@type":"WebPage","@id":"https:\/\/vamosporlaliberacion.org\/crpmlm\/ni-olvido-ni-perdon-la-matanza-de-trelew-de-raymundo-gleyzer\/","url":"https:\/\/vamosporlaliberacion.org\/crpmlm\/ni-olvido-ni-perdon-la-matanza-de-trelew-de-raymundo-gleyzer\/","name":"\u00abNi olvido ni perd\u00f3n. La matanza de Trelew\u00bb de Raymundo Gleyzer - Vamos por la Liberaci\u00f3n","isPartOf":{"@id":"https:\/\/vamosporlaliberacion.org\/crpmlm\/#website"},"primaryImageOfPage":{"@id":"https:\/\/vamosporlaliberacion.org\/crpmlm\/ni-olvido-ni-perdon-la-matanza-de-trelew-de-raymundo-gleyzer\/#primaryimage"},"image":{"@id":"https:\/\/vamosporlaliberacion.org\/crpmlm\/ni-olvido-ni-perdon-la-matanza-de-trelew-de-raymundo-gleyzer\/#primaryimage"},"thumbnailUrl":"https:\/\/i0.wp.com\/vamosporlaliberacion.org\/crpmlm\/wp-content\/uploads\/2020\/08\/1559192476696.jpg?fit=770%2C471&ssl=1","datePublished":"2020-08-22T00:09:55+00:00","dateModified":"2020-08-22T00:55:33+00:00","author":{"@id":"https:\/\/vamosporlaliberacion.org\/crpmlm\/#\/schema\/person\/d6eac7758df3770dae9cd9eb104d615c"},"breadcrumb":{"@id":"https:\/\/vamosporlaliberacion.org\/crpmlm\/ni-olvido-ni-perdon-la-matanza-de-trelew-de-raymundo-gleyzer\/#breadcrumb"},"inLanguage":"es","potentialAction":[{"@type":"ReadAction","target":["https:\/\/vamosporlaliberacion.org\/crpmlm\/ni-olvido-ni-perdon-la-matanza-de-trelew-de-raymundo-gleyzer\/"]}]},{"@type":"ImageObject","inLanguage":"es","@id":"https:\/\/vamosporlaliberacion.org\/crpmlm\/ni-olvido-ni-perdon-la-matanza-de-trelew-de-raymundo-gleyzer\/#primaryimage","url":"https:\/\/i0.wp.com\/vamosporlaliberacion.org\/crpmlm\/wp-content\/uploads\/2020\/08\/1559192476696.jpg?fit=770%2C471&ssl=1","contentUrl":"https:\/\/i0.wp.com\/vamosporlaliberacion.org\/crpmlm\/wp-content\/uploads\/2020\/08\/1559192476696.jpg?fit=770%2C471&ssl=1","width":770,"height":471},{"@type":"BreadcrumbList","@id":"https:\/\/vamosporlaliberacion.org\/crpmlm\/ni-olvido-ni-perdon-la-matanza-de-trelew-de-raymundo-gleyzer\/#breadcrumb","itemListElement":[{"@type":"ListItem","position":1,"name":"Portada","item":"https:\/\/vamosporlaliberacion.org\/crpmlm\/"},{"@type":"ListItem","position":2,"name":"\u00abNi olvido ni perd\u00f3n. La matanza de Trelew\u00bb de Raymundo Gleyzer"}]},{"@type":"WebSite","@id":"https:\/\/vamosporlaliberacion.org\/crpmlm\/#website","url":"https:\/\/vamosporlaliberacion.org\/crpmlm\/","name":"Vamos por la Liberaci\u00f3n","description":"Prensa CR","potentialAction":[{"@type":"SearchAction","target":{"@type":"EntryPoint","urlTemplate":"https:\/\/vamosporlaliberacion.org\/crpmlm\/?s={search_term_string}"},"query-input":{"@type":"PropertyValueSpecification","valueRequired":true,"valueName":"search_term_string"}}],"inLanguage":"es"},{"@type":"Person","@id":"https:\/\/vamosporlaliberacion.org\/crpmlm\/#\/schema\/person\/d6eac7758df3770dae9cd9eb104d615c","name":"vamos!","url":"http:\/\/vamosporlaliberacion.org\/crpmlm\/author\/adminvxl\/"}]}},"jetpack_featured_media_url":"https:\/\/i0.wp.com\/vamosporlaliberacion.org\/crpmlm\/wp-content\/uploads\/2020\/08\/1559192476696.jpg?fit=770%2C471&ssl=1","jetpack_sharing_enabled":true,"_links":{"self":[{"href":"http:\/\/vamosporlaliberacion.org\/crpmlm\/wp-json\/wp\/v2\/posts\/19201","targetHints":{"allow":["GET"]}}],"collection":[{"href":"http:\/\/vamosporlaliberacion.org\/crpmlm\/wp-json\/wp\/v2\/posts"}],"about":[{"href":"http:\/\/vamosporlaliberacion.org\/crpmlm\/wp-json\/wp\/v2\/types\/post"}],"author":[{"embeddable":true,"href":"http:\/\/vamosporlaliberacion.org\/crpmlm\/wp-json\/wp\/v2\/users\/6"}],"replies":[{"embeddable":true,"href":"http:\/\/vamosporlaliberacion.org\/crpmlm\/wp-json\/wp\/v2\/comments?post=19201"}],"version-history":[{"count":1,"href":"http:\/\/vamosporlaliberacion.org\/crpmlm\/wp-json\/wp\/v2\/posts\/19201\/revisions"}],"predecessor-version":[{"id":19202,"href":"http:\/\/vamosporlaliberacion.org\/crpmlm\/wp-json\/wp\/v2\/posts\/19201\/revisions\/19202"}],"wp:featuredmedia":[{"embeddable":true,"href":"http:\/\/vamosporlaliberacion.org\/crpmlm\/wp-json\/wp\/v2\/media\/19203"}],"wp:attachment":[{"href":"http:\/\/vamosporlaliberacion.org\/crpmlm\/wp-json\/wp\/v2\/media?parent=19201"}],"wp:term":[{"taxonomy":"category","embeddable":true,"href":"http:\/\/vamosporlaliberacion.org\/crpmlm\/wp-json\/wp\/v2\/categories?post=19201"},{"taxonomy":"post_tag","embeddable":true,"href":"http:\/\/vamosporlaliberacion.org\/crpmlm\/wp-json\/wp\/v2\/tags?post=19201"}],"curies":[{"name":"wp","href":"https:\/\/api.w.org\/{rel}","templated":true}]}}