{"id":19052,"date":"2020-08-04T12:50:17","date_gmt":"2020-08-04T15:50:17","guid":{"rendered":"http:\/\/vamosporlaliberacion.org\/crpmlm\/?p=19052"},"modified":"2020-10-26T19:45:43","modified_gmt":"2020-10-26T22:45:43","slug":"queremos-un-pedazo-de-tierra-donde-tener-un-techo-digno","status":"publish","type":"post","link":"http:\/\/vamosporlaliberacion.org\/crpmlm\/queremos-un-pedazo-de-tierra-donde-tener-un-techo-digno\/","title":{"rendered":"\u00abQueremos un pedazo de tierra donde tener un techo digno\u00bb"},"content":{"rendered":"\n<p style=\"font-size:18px\">Desde hace m\u00e1s de una semana que m\u00e1s de 3 mil vecinxs de los alrededores est\u00e1n ocupando tierras en Guernica, al sur del AMBA. Tierras vac\u00edas por a\u00f1os, que buscan convertirlas en viviendas dignas para quienes ya no pueden sostener el alquiler, o escapan de la violencia, o deambulan en situaci\u00f3n de calle. <\/p>\n\n\n\n<p>Al cabo de una asamblea para unificar fuerzas, entrevistamos a Yamila, una joven vecina de Presidente Per\u00f3n que apuesta a esta lucha como su posibilidad de acceder a una vivienda.<\/p>\n\n\n\n<p><strong>&#8211; \u00bfC\u00f3mo es la situaci\u00f3n que est\u00e1n atravesando ahora?<\/strong><\/p>\n\n\n\n<p>&#8211; En principio digamos que la situaci\u00f3n es bastante, bastante tensa en cuanto a municipio, y por las problem\u00e1ticas de los que estamos asentados aqu\u00ed, que estamos en esta situaci\u00f3n. Las caracter\u00edsticas del predio son bastante grandes: el espacio real son 100 hect\u00e1reas, en las que hay m\u00e1s de 3500 familias. <\/p>\n\n\n\n<p>Ma\u00f1ana vamos a terminar de confirmar eso en una reuni\u00f3n con los cuatro barrios. Nos definimos como cuatro barrios que estamos ah\u00ed, que estamos coordinando y que nos empezamos a conocer entre todos. Porque lamentablemente nos adjudican que son las mismas tierras en las 100 hect\u00e1reas. <\/p>\n\n\n\n<p>Eran yuyales y basural, pero desde que nos metimos y empezamos a limpiarlas, vinieron a reclamarlas. Entre licitaciones y dem\u00e1s, las personas o entidades interesadas o \u201cdamnificadas\u201d, como le quieran llamar, son aproximadamente siete u ocho.<\/p>\n\n\n\n<p><strong>-\u00bfQu\u00e9 los llev\u00f3 a tomar esta medida?<\/strong><\/p>\n\n\n\n<p>Nos llev\u00f3 a tomar esta medida principalmente esta situaci\u00f3n de vulnerabilidad de parte de las personas que ocupamos, y que el Estado no est\u00e1 pudiendo garantizar. Hay muchas personas que quedaron en situaci\u00f3n de calle cuando la pandemia comenz\u00f3, que no pudieron seguir pagando sus alquileres, personas a las que les bajaron el sueldo de forma abismal, y tienen orden de retirarse de sus hogares por no poder seguir pagando. Hay mujeres con situaci\u00f3n de violencia de g\u00e9nero, que tuvieron que tomar esta medida porque la situaci\u00f3n se les volv\u00eda muy l\u00edmite y decidieron tomar a sus hijos e ir a la calle.<\/p>\n\n\n\n<p>As\u00ed nos encontramos todos de casualidad, porque en realidad somos todos vecinos de Presidente Per\u00f3n, todos nos conocemos, o si no nos conocemos sabemos d\u00f3nde es la calle donde est\u00e1n viviendo, o d\u00f3nde es, c\u00f3mo llegar y dem\u00e1s. Somos un pueblo que se est\u00e1 convirtiendo reci\u00e9n en ciudad y cuatro mil familias es un n\u00famero enorme. Enorme para los que vivimos ac\u00e1. Yo vivo en Presidente Per\u00f3n hace 25 a\u00f1os, y sabemos que cuatro mil familias es una tercera parte -por decirte- de lo que es Presidente Per\u00f3n.<\/p>\n\n\n\n<p>Es una situaci\u00f3n muy l\u00edmite porque nos presentamos para intentar llegar a un acuerdo con el municipio, a trav\u00e9s de nuestros representantes, nuestros defensores legales y los defensores del pueblo, y lamentablemente, los intereses pol\u00edticos del municipio est\u00e1n por sobre las necesidades de la gente y de c\u00f3mo tratamos de paliar el hambre. Hay un mont\u00f3n de gente que hace d\u00edas que no come porque no tiene con qu\u00e9. Tratamos de hacer ollas populares en las que por lo menos tengan su platito de comida mediante donaciones, recibimos muchas\u2026 A medida que fueron pasando los d\u00edas las organizaciones sociales se hicieron muy presentes. Fueron las que nos dieron respuesta. Las organizaciones populares nos dieron una mano al asesorarnos de forma legal. Porque el avasallamiento de la polic\u00eda, los atrevimientos que se ha tomado el municipio, hasta nos han llevado detenidos por supuestos errores. Han hecho de forma fraudulenta 533 causas, que est\u00e1n viendo los abogados. Les hicieron firmar mediante un supuesto censo a las personas dos papeles que estaban en blanco, despu\u00e9s los llenaron y as\u00ed los encausaron. Nos persiguen, nos amedrentan, y nos siguen vulnerando a\u00fan m\u00e1s, cuando lo \u00fanico que queremos es un pedazo de tierra donde poder pensar que, aunque no tengamos para comer, por lo menos vamos a tener un techo medianamente digno que no nos est\u00e1 proveyendo el Estado y que nos est\u00e1 dejando totalmente en una situaci\u00f3n vulnerable y triste, muy triste\u2026<\/p>\n\n\n\n<figure class=\"wp-block-image size-large\"><img data-recalc-dims=\"1\" loading=\"lazy\" decoding=\"async\" width=\"696\" height=\"522\" src=\"https:\/\/i0.wp.com\/vamosporlaliberacion.org\/crpmlm\/wp-content\/uploads\/2020\/08\/photo_2020-08-04_00-23-11-700x525.jpg?resize=696%2C522\" alt=\"\" class=\"wp-image-19054\" srcset=\"https:\/\/i0.wp.com\/vamosporlaliberacion.org\/crpmlm\/wp-content\/uploads\/2020\/08\/photo_2020-08-04_00-23-11.jpg?resize=700%2C525&amp;ssl=1 700w, https:\/\/i0.wp.com\/vamosporlaliberacion.org\/crpmlm\/wp-content\/uploads\/2020\/08\/photo_2020-08-04_00-23-11.jpg?resize=300%2C225&amp;ssl=1 300w, https:\/\/i0.wp.com\/vamosporlaliberacion.org\/crpmlm\/wp-content\/uploads\/2020\/08\/photo_2020-08-04_00-23-11.jpg?resize=768%2C576&amp;ssl=1 768w, https:\/\/i0.wp.com\/vamosporlaliberacion.org\/crpmlm\/wp-content\/uploads\/2020\/08\/photo_2020-08-04_00-23-11.jpg?resize=696%2C522&amp;ssl=1 696w, https:\/\/i0.wp.com\/vamosporlaliberacion.org\/crpmlm\/wp-content\/uploads\/2020\/08\/photo_2020-08-04_00-23-11.jpg?resize=1068%2C801&amp;ssl=1 1068w, https:\/\/i0.wp.com\/vamosporlaliberacion.org\/crpmlm\/wp-content\/uploads\/2020\/08\/photo_2020-08-04_00-23-11.jpg?resize=560%2C420&amp;ssl=1 560w, https:\/\/i0.wp.com\/vamosporlaliberacion.org\/crpmlm\/wp-content\/uploads\/2020\/08\/photo_2020-08-04_00-23-11.jpg?resize=80%2C60&amp;ssl=1 80w, https:\/\/i0.wp.com\/vamosporlaliberacion.org\/crpmlm\/wp-content\/uploads\/2020\/08\/photo_2020-08-04_00-23-11.jpg?resize=265%2C198&amp;ssl=1 265w, https:\/\/i0.wp.com\/vamosporlaliberacion.org\/crpmlm\/wp-content\/uploads\/2020\/08\/photo_2020-08-04_00-23-11.jpg?w=1152&amp;ssl=1 1152w\" sizes=\"auto, (max-width: 696px) 100vw, 696px\" \/><\/figure>\n\n\n\n<p><strong>-Ustedes est\u00e1n planificando urbanizar el \u00e1rea ocupada, \u00bfen qu\u00e9 consiste el proyecto?<\/strong><\/p>\n\n\n\n<p>-Nosotros estamos viendo de poder llegar a un acuerdo con los cuatro barrios para que esa zona se urbanice. Nuestro proyecto es una propuesta de urbanizaci\u00f3n, con todo lo que eso conlleva: con cuadras que concuerden, donde pueda pasar el agua, donde pueda pasar la luz, donde no tengamos que estar colgados, donde cada lugar tenga su salita de primeros auxilios, que tenga su colegio, que tenga su jard\u00edn, que tenga sus espacios verdes que es muy importante para la recreaci\u00f3n de los chicos y chicas. Hay muchas familias con ni\u00f1os peque\u00f1os que ya est\u00e1n viviendo ah\u00ed porque no tienen techo, no tienen un espacio donde poner a sus hijos y est\u00e1n ah\u00ed, est\u00e1n desde el primer d\u00eda, con temperaturas bajo cero, sin le\u00f1a, sin un poquito de fuego, y nos estamos\u2026 o sea, es una situaci\u00f3n muy desesperante. Estar ah\u00ed adentro es muy desesperante.<\/p>\n\n\n\n<p><strong>-\u00bfDe qu\u00e9 manera la gente puede colaborar y solidarizarse?<\/strong><\/p>\n\n\n\n<p>-Estamos viendo el tema de las donaciones. En principio las organizaciones sociales se solidarizaron en ese sentido, hubo muchas colaboraciones de parte de ellos. Estamos tratando de centralizarlo mediante un grupo de vecinas que est\u00e1 mensaje\u00e1ndose con las personas que quieren solidarizarse, colaborar para las ollas populares, para las postas de salud. Nosotros sabemos y estamos conscientes de que es una situaci\u00f3n de pandemia, y estamos ah\u00ed, totalmente expuestos, y tratamos de tomar las medidas necesarias\u2026 o medianamente necesarias. Estamos buscando muchos bidones de agua, estamos tratando de conseguir agua potable, o sea, agua mineral, y de higiene tratamos de centralizar lo m\u00e1s que se puede. Lamentablemente, reci\u00e9n ahora pudimos empezar a meterle pilas a eso. Somos todas familias, somos toda gente que intenta meterle fuerza ah\u00ed porque es lo \u00fanico que tenemos, y aunque nos quieran levantar, lamentablemente, por el momento es lo \u00fanico que tenemos.<\/p>\n\n\n\n<figure class=\"wp-block-image size-large\"><img data-recalc-dims=\"1\" loading=\"lazy\" decoding=\"async\" width=\"696\" height=\"522\" src=\"https:\/\/i0.wp.com\/vamosporlaliberacion.org\/crpmlm\/wp-content\/uploads\/2020\/08\/photo_2020-08-04_00-24-24-700x525.jpg?resize=696%2C522\" alt=\"\" class=\"wp-image-19055\" srcset=\"https:\/\/i0.wp.com\/vamosporlaliberacion.org\/crpmlm\/wp-content\/uploads\/2020\/08\/photo_2020-08-04_00-24-24.jpg?resize=700%2C525&amp;ssl=1 700w, https:\/\/i0.wp.com\/vamosporlaliberacion.org\/crpmlm\/wp-content\/uploads\/2020\/08\/photo_2020-08-04_00-24-24.jpg?resize=300%2C225&amp;ssl=1 300w, https:\/\/i0.wp.com\/vamosporlaliberacion.org\/crpmlm\/wp-content\/uploads\/2020\/08\/photo_2020-08-04_00-24-24.jpg?resize=768%2C576&amp;ssl=1 768w, https:\/\/i0.wp.com\/vamosporlaliberacion.org\/crpmlm\/wp-content\/uploads\/2020\/08\/photo_2020-08-04_00-24-24.jpg?resize=696%2C522&amp;ssl=1 696w, https:\/\/i0.wp.com\/vamosporlaliberacion.org\/crpmlm\/wp-content\/uploads\/2020\/08\/photo_2020-08-04_00-24-24.jpg?resize=560%2C420&amp;ssl=1 560w, https:\/\/i0.wp.com\/vamosporlaliberacion.org\/crpmlm\/wp-content\/uploads\/2020\/08\/photo_2020-08-04_00-24-24.jpg?resize=80%2C60&amp;ssl=1 80w, https:\/\/i0.wp.com\/vamosporlaliberacion.org\/crpmlm\/wp-content\/uploads\/2020\/08\/photo_2020-08-04_00-24-24.jpg?resize=265%2C198&amp;ssl=1 265w, https:\/\/i0.wp.com\/vamosporlaliberacion.org\/crpmlm\/wp-content\/uploads\/2020\/08\/photo_2020-08-04_00-24-24.jpg?w=1032&amp;ssl=1 1032w\" sizes=\"auto, (max-width: 696px) 100vw, 696px\" \/><\/figure>\n\n\n\n<p><strong>-\u00bfQuer\u00e9s agregar o resaltar algo?<\/strong><\/p>\n\n\n\n<p>-No s\u00e9, podr\u00eda resaltar la solidaridad de la gente, de las familias, de los que estamos desde el primer d\u00eda, que estamos bancando noches fr\u00edas, noches tristes, noches de frustraci\u00f3n en las que nos dicen: \u201cSe van, se van, se van\u201d, cuando hay una medida judicial por el juez de garant\u00edas, que por treinta d\u00edas por lo menos no hay orden de nada. Y es triste, es muy triste que el Estado, que deber\u00eda ser el que garantice nuestros derechos a la vivienda, nuestro derecho a\u2026 No s\u00e9, la verdad es que resalto la tristeza, pero tambi\u00e9n resalto much\u00edsimo m\u00e1s la solidaridad de la gente, el compa\u00f1erismo y la fuerza que le estamos metiendo.<\/p>\n\n\n\n<p>Hoy que est\u00e1 pronosticado lluvia estamos muy preocupados. Sabemos que hay mucha gente que est\u00e1 durmiendo a la intemperie. Lamentablemente no nos dejan entrar nada y todo lo que tratan de entrar como para un techo, o una chapa que les tape la cabeza, se lo confiscan y se lo llevan detenido. Entonces creo que es complicado, es muy triste y creo que la \u00fanica respuesta que tenemos es la uni\u00f3n de los mismos vecinos y de la fuerza que le est\u00e1n metiendo muchos colaboradores de organizaciones sociales y gente independiente, profesionales independientes, para tratar de garantizar esos derechos que nos est\u00e1n negando.<\/p>\n<!-- AddThis Advanced Settings generic via filter on the_content --><!-- AddThis Share Buttons generic via filter on the_content -->","protected":false},"excerpt":{"rendered":"<p>Desde hace m\u00e1s de una semana que m\u00e1s de 3 mil vecinxs de los alrededores est\u00e1n ocupando tierras en Guernica, al sur del AMBA. Tierras vac\u00edas por a\u00f1os, que buscan convertirlas en viviendas dignas para quienes ya no pueden sostener el alquiler, o escapan de la violencia, o deambulan en situaci\u00f3n de calle. Al cabo [&hellip;]<!-- AddThis Advanced Settings generic via filter on get_the_excerpt --><!-- AddThis Share Buttons generic via filter on get_the_excerpt --><\/p>\n","protected":false},"author":6,"featured_media":19053,"comment_status":"open","ping_status":"open","sticky":false,"template":"","format":"standard","meta":{"_jetpack_memberships_contains_paid_content":false,"footnotes":""},"categories":[1520],"tags":[],"class_list":{"0":"post-19052","1":"post","2":"type-post","3":"status-publish","4":"format-standard","5":"has-post-thumbnail","7":"category-entrevista"},"yoast_head":"<!-- This site is optimized with the Yoast SEO plugin v27.4 - https:\/\/yoast.com\/product\/yoast-seo-wordpress\/ -->\n<title>\u00abQueremos un pedazo de tierra donde tener un techo digno\u00bb - Vamos por la Liberaci\u00f3n<\/title>\n<meta name=\"robots\" content=\"index, follow, max-snippet:-1, max-image-preview:large, max-video-preview:-1\" \/>\n<link rel=\"canonical\" href=\"http:\/\/vamosporlaliberacion.org\/crpmlm\/queremos-un-pedazo-de-tierra-donde-tener-un-techo-digno\/\" \/>\n<meta name=\"twitter:label1\" content=\"Escrito por\" \/>\n\t<meta name=\"twitter:data1\" content=\"vamos!\" \/>\n\t<meta name=\"twitter:label2\" content=\"Tiempo de lectura\" \/>\n\t<meta name=\"twitter:data2\" content=\"6 minutos\" \/>\n<script type=\"application\/ld+json\" class=\"yoast-schema-graph\">{\"@context\":\"https:\\\/\\\/schema.org\",\"@graph\":[{\"@type\":\"Article\",\"@id\":\"http:\\\/\\\/vamosporlaliberacion.org\\\/crpmlm\\\/queremos-un-pedazo-de-tierra-donde-tener-un-techo-digno\\\/#article\",\"isPartOf\":{\"@id\":\"http:\\\/\\\/vamosporlaliberacion.org\\\/crpmlm\\\/queremos-un-pedazo-de-tierra-donde-tener-un-techo-digno\\\/\"},\"author\":{\"name\":\"vamos!\",\"@id\":\"https:\\\/\\\/vamosporlaliberacion.org\\\/crpmlm\\\/#\\\/schema\\\/person\\\/d6eac7758df3770dae9cd9eb104d615c\"},\"headline\":\"\u00abQueremos un pedazo de tierra donde tener un techo digno\u00bb\",\"datePublished\":\"2020-08-04T15:50:17+00:00\",\"dateModified\":\"2020-10-26T22:45:43+00:00\",\"mainEntityOfPage\":{\"@id\":\"http:\\\/\\\/vamosporlaliberacion.org\\\/crpmlm\\\/queremos-un-pedazo-de-tierra-donde-tener-un-techo-digno\\\/\"},\"wordCount\":1287,\"commentCount\":0,\"image\":{\"@id\":\"http:\\\/\\\/vamosporlaliberacion.org\\\/crpmlm\\\/queremos-un-pedazo-de-tierra-donde-tener-un-techo-digno\\\/#primaryimage\"},\"thumbnailUrl\":\"https:\\\/\\\/i0.wp.com\\\/vamosporlaliberacion.org\\\/crpmlm\\\/wp-content\\\/uploads\\\/2020\\\/08\\\/photo_2020-08-04_00-25-20-e1596555888314.jpg?fit=1280%2C688&ssl=1\",\"articleSection\":[\"Entrevista\"],\"inLanguage\":\"es\",\"potentialAction\":[{\"@type\":\"CommentAction\",\"name\":\"Comment\",\"target\":[\"http:\\\/\\\/vamosporlaliberacion.org\\\/crpmlm\\\/queremos-un-pedazo-de-tierra-donde-tener-un-techo-digno\\\/#respond\"]}]},{\"@type\":\"WebPage\",\"@id\":\"http:\\\/\\\/vamosporlaliberacion.org\\\/crpmlm\\\/queremos-un-pedazo-de-tierra-donde-tener-un-techo-digno\\\/\",\"url\":\"http:\\\/\\\/vamosporlaliberacion.org\\\/crpmlm\\\/queremos-un-pedazo-de-tierra-donde-tener-un-techo-digno\\\/\",\"name\":\"\u00abQueremos un pedazo de tierra donde tener un techo digno\u00bb - Vamos por la Liberaci\u00f3n\",\"isPartOf\":{\"@id\":\"https:\\\/\\\/vamosporlaliberacion.org\\\/crpmlm\\\/#website\"},\"primaryImageOfPage\":{\"@id\":\"http:\\\/\\\/vamosporlaliberacion.org\\\/crpmlm\\\/queremos-un-pedazo-de-tierra-donde-tener-un-techo-digno\\\/#primaryimage\"},\"image\":{\"@id\":\"http:\\\/\\\/vamosporlaliberacion.org\\\/crpmlm\\\/queremos-un-pedazo-de-tierra-donde-tener-un-techo-digno\\\/#primaryimage\"},\"thumbnailUrl\":\"https:\\\/\\\/i0.wp.com\\\/vamosporlaliberacion.org\\\/crpmlm\\\/wp-content\\\/uploads\\\/2020\\\/08\\\/photo_2020-08-04_00-25-20-e1596555888314.jpg?fit=1280%2C688&ssl=1\",\"datePublished\":\"2020-08-04T15:50:17+00:00\",\"dateModified\":\"2020-10-26T22:45:43+00:00\",\"author\":{\"@id\":\"https:\\\/\\\/vamosporlaliberacion.org\\\/crpmlm\\\/#\\\/schema\\\/person\\\/d6eac7758df3770dae9cd9eb104d615c\"},\"breadcrumb\":{\"@id\":\"http:\\\/\\\/vamosporlaliberacion.org\\\/crpmlm\\\/queremos-un-pedazo-de-tierra-donde-tener-un-techo-digno\\\/#breadcrumb\"},\"inLanguage\":\"es\",\"potentialAction\":[{\"@type\":\"ReadAction\",\"target\":[\"http:\\\/\\\/vamosporlaliberacion.org\\\/crpmlm\\\/queremos-un-pedazo-de-tierra-donde-tener-un-techo-digno\\\/\"]}]},{\"@type\":\"ImageObject\",\"inLanguage\":\"es\",\"@id\":\"http:\\\/\\\/vamosporlaliberacion.org\\\/crpmlm\\\/queremos-un-pedazo-de-tierra-donde-tener-un-techo-digno\\\/#primaryimage\",\"url\":\"https:\\\/\\\/i0.wp.com\\\/vamosporlaliberacion.org\\\/crpmlm\\\/wp-content\\\/uploads\\\/2020\\\/08\\\/photo_2020-08-04_00-25-20-e1596555888314.jpg?fit=1280%2C688&ssl=1\",\"contentUrl\":\"https:\\\/\\\/i0.wp.com\\\/vamosporlaliberacion.org\\\/crpmlm\\\/wp-content\\\/uploads\\\/2020\\\/08\\\/photo_2020-08-04_00-25-20-e1596555888314.jpg?fit=1280%2C688&ssl=1\",\"width\":1280,\"height\":688},{\"@type\":\"BreadcrumbList\",\"@id\":\"http:\\\/\\\/vamosporlaliberacion.org\\\/crpmlm\\\/queremos-un-pedazo-de-tierra-donde-tener-un-techo-digno\\\/#breadcrumb\",\"itemListElement\":[{\"@type\":\"ListItem\",\"position\":1,\"name\":\"Portada\",\"item\":\"https:\\\/\\\/vamosporlaliberacion.org\\\/crpmlm\\\/\"},{\"@type\":\"ListItem\",\"position\":2,\"name\":\"\u00abQueremos un pedazo de tierra donde tener un techo digno\u00bb\"}]},{\"@type\":\"WebSite\",\"@id\":\"https:\\\/\\\/vamosporlaliberacion.org\\\/crpmlm\\\/#website\",\"url\":\"https:\\\/\\\/vamosporlaliberacion.org\\\/crpmlm\\\/\",\"name\":\"Vamos por la Liberaci\u00f3n\",\"description\":\"Prensa CR\",\"potentialAction\":[{\"@type\":\"SearchAction\",\"target\":{\"@type\":\"EntryPoint\",\"urlTemplate\":\"https:\\\/\\\/vamosporlaliberacion.org\\\/crpmlm\\\/?s={search_term_string}\"},\"query-input\":{\"@type\":\"PropertyValueSpecification\",\"valueRequired\":true,\"valueName\":\"search_term_string\"}}],\"inLanguage\":\"es\"},{\"@type\":\"Person\",\"@id\":\"https:\\\/\\\/vamosporlaliberacion.org\\\/crpmlm\\\/#\\\/schema\\\/person\\\/d6eac7758df3770dae9cd9eb104d615c\",\"name\":\"vamos!\",\"url\":\"http:\\\/\\\/vamosporlaliberacion.org\\\/crpmlm\\\/author\\\/adminvxl\\\/\"}]}<\/script>\n<!-- \/ Yoast SEO plugin. -->","yoast_head_json":{"title":"\u00abQueremos un pedazo de tierra donde tener un techo digno\u00bb - Vamos por la Liberaci\u00f3n","robots":{"index":"index","follow":"follow","max-snippet":"max-snippet:-1","max-image-preview":"max-image-preview:large","max-video-preview":"max-video-preview:-1"},"canonical":"http:\/\/vamosporlaliberacion.org\/crpmlm\/queremos-un-pedazo-de-tierra-donde-tener-un-techo-digno\/","twitter_misc":{"Escrito por":"vamos!","Tiempo de lectura":"6 minutos"},"schema":{"@context":"https:\/\/schema.org","@graph":[{"@type":"Article","@id":"http:\/\/vamosporlaliberacion.org\/crpmlm\/queremos-un-pedazo-de-tierra-donde-tener-un-techo-digno\/#article","isPartOf":{"@id":"http:\/\/vamosporlaliberacion.org\/crpmlm\/queremos-un-pedazo-de-tierra-donde-tener-un-techo-digno\/"},"author":{"name":"vamos!","@id":"https:\/\/vamosporlaliberacion.org\/crpmlm\/#\/schema\/person\/d6eac7758df3770dae9cd9eb104d615c"},"headline":"\u00abQueremos un pedazo de tierra donde tener un techo digno\u00bb","datePublished":"2020-08-04T15:50:17+00:00","dateModified":"2020-10-26T22:45:43+00:00","mainEntityOfPage":{"@id":"http:\/\/vamosporlaliberacion.org\/crpmlm\/queremos-un-pedazo-de-tierra-donde-tener-un-techo-digno\/"},"wordCount":1287,"commentCount":0,"image":{"@id":"http:\/\/vamosporlaliberacion.org\/crpmlm\/queremos-un-pedazo-de-tierra-donde-tener-un-techo-digno\/#primaryimage"},"thumbnailUrl":"https:\/\/i0.wp.com\/vamosporlaliberacion.org\/crpmlm\/wp-content\/uploads\/2020\/08\/photo_2020-08-04_00-25-20-e1596555888314.jpg?fit=1280%2C688&ssl=1","articleSection":["Entrevista"],"inLanguage":"es","potentialAction":[{"@type":"CommentAction","name":"Comment","target":["http:\/\/vamosporlaliberacion.org\/crpmlm\/queremos-un-pedazo-de-tierra-donde-tener-un-techo-digno\/#respond"]}]},{"@type":"WebPage","@id":"http:\/\/vamosporlaliberacion.org\/crpmlm\/queremos-un-pedazo-de-tierra-donde-tener-un-techo-digno\/","url":"http:\/\/vamosporlaliberacion.org\/crpmlm\/queremos-un-pedazo-de-tierra-donde-tener-un-techo-digno\/","name":"\u00abQueremos un pedazo de tierra donde tener un techo digno\u00bb - Vamos por la Liberaci\u00f3n","isPartOf":{"@id":"https:\/\/vamosporlaliberacion.org\/crpmlm\/#website"},"primaryImageOfPage":{"@id":"http:\/\/vamosporlaliberacion.org\/crpmlm\/queremos-un-pedazo-de-tierra-donde-tener-un-techo-digno\/#primaryimage"},"image":{"@id":"http:\/\/vamosporlaliberacion.org\/crpmlm\/queremos-un-pedazo-de-tierra-donde-tener-un-techo-digno\/#primaryimage"},"thumbnailUrl":"https:\/\/i0.wp.com\/vamosporlaliberacion.org\/crpmlm\/wp-content\/uploads\/2020\/08\/photo_2020-08-04_00-25-20-e1596555888314.jpg?fit=1280%2C688&ssl=1","datePublished":"2020-08-04T15:50:17+00:00","dateModified":"2020-10-26T22:45:43+00:00","author":{"@id":"https:\/\/vamosporlaliberacion.org\/crpmlm\/#\/schema\/person\/d6eac7758df3770dae9cd9eb104d615c"},"breadcrumb":{"@id":"http:\/\/vamosporlaliberacion.org\/crpmlm\/queremos-un-pedazo-de-tierra-donde-tener-un-techo-digno\/#breadcrumb"},"inLanguage":"es","potentialAction":[{"@type":"ReadAction","target":["http:\/\/vamosporlaliberacion.org\/crpmlm\/queremos-un-pedazo-de-tierra-donde-tener-un-techo-digno\/"]}]},{"@type":"ImageObject","inLanguage":"es","@id":"http:\/\/vamosporlaliberacion.org\/crpmlm\/queremos-un-pedazo-de-tierra-donde-tener-un-techo-digno\/#primaryimage","url":"https:\/\/i0.wp.com\/vamosporlaliberacion.org\/crpmlm\/wp-content\/uploads\/2020\/08\/photo_2020-08-04_00-25-20-e1596555888314.jpg?fit=1280%2C688&ssl=1","contentUrl":"https:\/\/i0.wp.com\/vamosporlaliberacion.org\/crpmlm\/wp-content\/uploads\/2020\/08\/photo_2020-08-04_00-25-20-e1596555888314.jpg?fit=1280%2C688&ssl=1","width":1280,"height":688},{"@type":"BreadcrumbList","@id":"http:\/\/vamosporlaliberacion.org\/crpmlm\/queremos-un-pedazo-de-tierra-donde-tener-un-techo-digno\/#breadcrumb","itemListElement":[{"@type":"ListItem","position":1,"name":"Portada","item":"https:\/\/vamosporlaliberacion.org\/crpmlm\/"},{"@type":"ListItem","position":2,"name":"\u00abQueremos un pedazo de tierra donde tener un techo digno\u00bb"}]},{"@type":"WebSite","@id":"https:\/\/vamosporlaliberacion.org\/crpmlm\/#website","url":"https:\/\/vamosporlaliberacion.org\/crpmlm\/","name":"Vamos por la Liberaci\u00f3n","description":"Prensa CR","potentialAction":[{"@type":"SearchAction","target":{"@type":"EntryPoint","urlTemplate":"https:\/\/vamosporlaliberacion.org\/crpmlm\/?s={search_term_string}"},"query-input":{"@type":"PropertyValueSpecification","valueRequired":true,"valueName":"search_term_string"}}],"inLanguage":"es"},{"@type":"Person","@id":"https:\/\/vamosporlaliberacion.org\/crpmlm\/#\/schema\/person\/d6eac7758df3770dae9cd9eb104d615c","name":"vamos!","url":"http:\/\/vamosporlaliberacion.org\/crpmlm\/author\/adminvxl\/"}]}},"jetpack_featured_media_url":"https:\/\/i0.wp.com\/vamosporlaliberacion.org\/crpmlm\/wp-content\/uploads\/2020\/08\/photo_2020-08-04_00-25-20-e1596555888314.jpg?fit=1280%2C688&ssl=1","jetpack_sharing_enabled":true,"_links":{"self":[{"href":"http:\/\/vamosporlaliberacion.org\/crpmlm\/wp-json\/wp\/v2\/posts\/19052","targetHints":{"allow":["GET"]}}],"collection":[{"href":"http:\/\/vamosporlaliberacion.org\/crpmlm\/wp-json\/wp\/v2\/posts"}],"about":[{"href":"http:\/\/vamosporlaliberacion.org\/crpmlm\/wp-json\/wp\/v2\/types\/post"}],"author":[{"embeddable":true,"href":"http:\/\/vamosporlaliberacion.org\/crpmlm\/wp-json\/wp\/v2\/users\/6"}],"replies":[{"embeddable":true,"href":"http:\/\/vamosporlaliberacion.org\/crpmlm\/wp-json\/wp\/v2\/comments?post=19052"}],"version-history":[{"count":1,"href":"http:\/\/vamosporlaliberacion.org\/crpmlm\/wp-json\/wp\/v2\/posts\/19052\/revisions"}],"predecessor-version":[{"id":19056,"href":"http:\/\/vamosporlaliberacion.org\/crpmlm\/wp-json\/wp\/v2\/posts\/19052\/revisions\/19056"}],"wp:featuredmedia":[{"embeddable":true,"href":"http:\/\/vamosporlaliberacion.org\/crpmlm\/wp-json\/wp\/v2\/media\/19053"}],"wp:attachment":[{"href":"http:\/\/vamosporlaliberacion.org\/crpmlm\/wp-json\/wp\/v2\/media?parent=19052"}],"wp:term":[{"taxonomy":"category","embeddable":true,"href":"http:\/\/vamosporlaliberacion.org\/crpmlm\/wp-json\/wp\/v2\/categories?post=19052"},{"taxonomy":"post_tag","embeddable":true,"href":"http:\/\/vamosporlaliberacion.org\/crpmlm\/wp-json\/wp\/v2\/tags?post=19052"}],"curies":[{"name":"wp","href":"https:\/\/api.w.org\/{rel}","templated":true}]}}