{"id":18456,"date":"2020-06-22T12:15:35","date_gmt":"2020-06-22T15:15:35","guid":{"rendered":"http:\/\/vamosporlaliberacion.org\/crpmlm\/?p=18456"},"modified":"2020-11-06T13:47:53","modified_gmt":"2020-11-06T16:47:53","slug":"al-covid-19-y-la-reaccion-le-ganamos-con-unidad-y-rumbo-popular","status":"publish","type":"post","link":"http:\/\/vamosporlaliberacion.org\/crpmlm\/al-covid-19-y-la-reaccion-le-ganamos-con-unidad-y-rumbo-popular\/","title":{"rendered":"Al covid-19 y la reacci\u00f3n le ganamos con unidad y rumbo popular"},"content":{"rendered":"\n<h3 class=\"wp-block-heading\"><strong>El peor momento del Covid-19<\/strong><\/h3>\n\n\n\n<p>La aceleraci\u00f3n de los casos de Covid-19 en el \u00c1rea Metropolitana Buenos Aires (AMBA), Chaco y tambi\u00e9n, aunque en menor medida, en otras provincias como Jujuy o Mendoza dan cuenta que <strong>estamos atravesando el peor momento de la pandemia acerc\u00e1ndonos al pico de contagios.<\/strong> Hay ciudades de la Provincia de Bs.As. y del interior que han tenido que volver fases de la cuarentena por nuevos rebrotes. Se espera el anuncio del Presidente sobre medidas en este sentido.<\/p>\n\n\n\n<p>Debemos tener en cuenta que el virus es resistente y en pa\u00edses que hab\u00edan avanzado en combatirlo aparecieron rebrotes. China muestra ahora un rebrote en Pek\u00edn donde analizan si cerrar la ciudad capital del pa\u00eds.<\/p>\n\n\n\n<p>En la Ciudad Aut\u00f3noma de Buenos Aires han bajado los contagios en las villas y barrios populares porque se ajustaron los controles, pero tambi\u00e9n es cierto que se ha bajado la cantidad de testeos y se han acrecentado en otros barrios de sectores medios, donde aparecen muchos casos.&nbsp;<\/p>\n\n\n\n<p>El virus est\u00e1 golpeando con fuerza en los barrios populares del conurbano bonaerense y El Gran Chaco donde residen las comunidades Qom (que aparte sufren la persecuci\u00f3n y represi\u00f3n por la polic\u00eda de la provincia). Se han aumentado los testeos en estos sectores elevando el n\u00famero de casos y esta situaci\u00f3n lleva angustia a lxs vecinxs de esos barrios, que vienen golpeados por la situaci\u00f3n econ\u00f3mica y porque saben que las condiciones de vida, de hacinamiento -donde se comparte entre varias familias ba\u00f1os y lugares comunes-lleva a multiplicar los contagios. <strong>Frente a esta realidad, en los territorios La Ren\u00e9 Salamanca plantea garantizar el funcionamiento de los Comit\u00e9s de Crisis y reforzar los protocolos, la solidaridad y m\u00e1s organizaci\u00f3n para llevar m\u00e1s tranquilidad y seguridad a lxs vecinxs.<\/strong><\/p>\n\n\n\n<p>Es sumamente necesario reforzar las medidas de protocolo y cuidado,  y no bajar la guardia para pasar este per\u00edodo de la pandemia donde se suman los casos virales comunes del invierno, que tambi\u00e9n ocupan camas en los hospitales pudiendo llevar, en determinados lugares, a que falten camas de internaci\u00f3n.<\/p>\n\n\n\n<h3 class=\"wp-block-heading\"><strong>\u00a1Con represi\u00f3n y razias no!<\/strong><\/h3>\n\n\n\n<p>Junto a la situaci\u00f3n dram\u00e1tica que se vive en barrios del conurbano bonaerense y CABA, <strong>se suman los apremios y razias de la polic\u00eda provincial y la Gendarmer\u00eda, que son pretexto de controles.<\/strong><\/p>\n\n\n\n<p>D\u00edas atr\u00e1s la <a href=\"http:\/\/vamosporlaliberacion.org\/crpmlm\/la-gendarmeria-fusilo-a-facundo-scalzo-de-19-anos\/\"><strong>Gendarmer\u00eda fusil\u00f3 por la espalda a Facundo Scalzo<\/strong><\/a>, de 19 a\u00f1os, en la entrada del Barrio Rivadavia del Bajo Flores en CABA. La polic\u00eda de la Provincia de Bs.As. comenz\u00f3 a realizar controles represivos en el transporte p\u00fablico, bajando a todxs lxs pasajerxs, cach\u00e1ndolxs con las manos sobre la cabeza o contra los colectivos.<\/p>\n\n\n\n<center> <blockquote class=\"twitter-tweet\"><p dir=\"ltr\" lang=\"es\"><a href=\"https:\/\/twitter.com\/hashtag\/Controles?src=hash&amp;ref_src=twsrc%5Etfw\">#Controles<\/a> la L\u00ednea 180 en la zona de Villegas, Ciudad Evita. Las personas que no poseen certificado de circulaci\u00f3n son llevadas a la Comisar\u00eda y se les aplica el Art\u00edculo 205. <a href=\"https:\/\/t.co\/8rk01CAFMj\">pic.twitter.com\/8rk01CAFMj<\/a><\/p>\u2014 Revista Colectibondi (@colectibondi) <a href=\"https:\/\/twitter.com\/colectibondi\/status\/1274453301803827201?ref_src=twsrc%5Etfw\">June 20, 2020<\/a><\/blockquote> <script async=\"\" src=\"https:\/\/platform.twitter.com\/widgets.js\" charset=\"utf-8\"><\/script><\/center>\n\n\n\n<p>Los organismos de DDHH vienen alertando de los apremios y represi\u00f3n por parte de las fuerzas de seguridad en los barrios populares. No llama la atenci\u00f3n que la figura del Ministro de Seguridad de la Provincia de Bs.As., <strong>Sergio Berni<\/strong> (quien se muestra armado con fusil en los barrios), sea levantada y llevado al piso de los programas y medios que promueven la mano dura y defienden la \u201cdoctrina Chocobar\u201d de Bullrich y Macri. <strong>Militarizar los barrios e instalar el miedo est\u00e1 en las ant\u00edpodas de las pol\u00edticas populares que se dicen promover.&nbsp;&nbsp;&nbsp;<\/strong><\/p>\n\n\n\n<h3 class=\"wp-block-heading\"><strong>La campa\u00f1a reaccionaria<\/strong><\/h3>\n\n\n\n<p>A la crisis que soporta el pueblo se le debe agregar la campa\u00f1a <strong>de la divisi\u00f3n y el caos que se despliega por los multimedios hegem\u00f3nicos como Clar\u00edn, Canal 13, TN, Am\u00e9rica, Telef\u00e9 y radios y medios controlados <\/strong>por esos grupos que solo se dedican a buscar los puntos d\u00e9biles y tergiversar la realidad para mostrar que \u201cen el conurbano la situaci\u00f3n se est\u00e1 descontrolando a diferencia de la CABA\u201d. <strong>Estos periodistas al servicio de esos intereses reaccionarios, celebran el aumento de los casos porque es la base para las operaciones pol\u00edticas.<\/strong>&nbsp; <\/p>\n\n\n\n<p><strong>El pueblo debe cerrar filas frente a estos agoreros de la desesperanza, que solo buscan profundizar la crisis y sacar provecho de la pandemia, <\/strong>porque defienden los intereses de los sectores dominantes que llevaron al precipicio al pa\u00eds y que con solo seis meses de gobierno -con una pandemia en el medio- ya hablan de autoritarismo, falta de democracia y buscan vincular la cuarentena con la falta de libertad y el ataque a la propiedad privada.&nbsp;<\/p>\n\n\n\n<p><strong>Defienden la propiedad privada de Vicentin pero no la propiedad del pueblo que se fue en el \u201cauxilio\u201d de 18.000 millones de pesos que le concedi\u00f3 el Banco Naci\u00f3n para fugarlo a para\u00edsos fiscales<\/strong>, o la propiedad privada de los cientos de productores que fueron estafados y se les debe miles de millones de pesos o los trabajadores que se les debe el salario. <\/p>\n\n\n\n<p>Estos sectores reaccionarios buscan sembrar el caos para marcar la cancha frente al debate del impuesto a las grandes fortunas y porque no pueden tapar uno de las operaciones de inteligencia m\u00e1s escandalosa de la historia en democracia con el espionaje desde la AFI y la Casa Rosada sobre pol\u00edticos, periodistas, dirigentes opositores y oficialistas.&nbsp;<\/p>\n\n\n\n<h3 class=\"wp-block-heading\"><strong>La satisfacci\u00f3n y unidad del pueblo<\/strong><\/h3>\n\n\n\n<p>Frente a esta embestida, es preciso dar certezas en cuanto a las pol\u00edticas econ\u00f3micas y sociales. <strong>Es preciso profundizar y garantizar los elementos b\u00e1sicos de seguridad sanitaria y que abunden en los hospitales p\u00fablicos.<\/strong> Con profundo dolor nos enteramos por estas horas de una nueva muerte de otro trabajador de la salud, el enfermero Jos\u00e9 Aguirre del Hospital Rivadavia en CABA por Covid-19.<\/p>\n\n\n\n<p><strong>Es necesario seguir avanzando en el camino de la expropiaci\u00f3n sobre Vicentin<\/strong>. El pueblo debe ganar la calle en todo el pa\u00eds para hacer fuerza hacia esa direcci\u00f3n, cerrando el paso a las salidas que proponen sectores de clases dominantes que nos alejan del camino hacia la producci\u00f3n de alimentos y la Soberan\u00eda Alimentaria.&nbsp;<\/p>\n\n\n\n<center><iframe loading=\"lazy\" src=\"https:\/\/www.facebook.com\/plugins\/video.php?href=https%3A%2F%2Fwww.facebook.com%2Fvamosporlaliberacion%2Fvideos%2F273930637015235%2F&amp;show_text=0&amp;width=560\" style=\"border:none;overflow:hidden\" scrolling=\"no\" allowtransparency=\"true\" allowfullscreen=\"true\" width=\"560\" height=\"308\" frameborder=\"0\"><\/iframe><\/center>\n\n\n\n<p><strong>Es necesario desmilitarizar los barrios populares<\/strong>, se debe terminar con los apremios y gatillo f\u00e1cil, es necesario avanzar en pol\u00edticas que lleven satisfacci\u00f3n y cohesi\u00f3n al pueblo.&nbsp;<\/p>\n\n\n\n<p><strong>No se puede hacer frente a la pandemia y la cuarentena si los alimentos tardan o no llegan a los comedores y merenderos.&nbsp;<\/strong><\/p>\n\n\n\n<p><strong>No se le puede ganar a la pandemia y la reacci\u00f3n con<\/strong> <strong>incertidumbre, desaz\u00f3n y bronca por los salarios recortados y cada vez m\u00e1s lejos de la inflaci\u00f3n, con el pago del aguinaldo en cuotas<\/strong> y la postergaci\u00f3n hasta fin de a\u00f1o de los aumentos por decreto a los jubilados que seguir\u00e1n perdiendo, <strong>mientras se pagan intereses al FMI y se negocia con los buitres<\/strong>.&nbsp;<\/p>\n\n\n\n<p><strong>No se puede tener la guardia en alto del pueblo si se lo castiga con m\u00e1s despidos<\/strong> como en LATAM y otras empresas sin que se toma alguna medida para los que se la llevaron con pala con el macrismo y mientras duerme en el congreso el proyecto de \u201cimpuesto a la riqueza\u201d.&nbsp;&nbsp;<\/p>\n\n\n\n<p><strong>Es necesario hoy m\u00e1s que nunca, a m\u00e1s de noventa d\u00edas de cuarentena marcada por el cansancio y la incertidumbre, dar un gran est\u00edmulo econ\u00f3mico y pol\u00edtico, mostrando medidas que marquen claramente un rumbo popular.<\/strong> Es necesario abandonar&nbsp; la \u201cpol\u00edtica del equilibrio\u201d, porque en el \u201cequilibrio\u201d o la \u201cavenida del medio\u201d solo ganan los poderosos.&nbsp;&nbsp;&nbsp;&nbsp;&nbsp;<\/p>\n\n\n\n<h4 class=\"has-text-align-right wp-block-heading\"><strong>HAY QUE GOBERNAR PARA EL PUEBLO PORQUE SI \u00c9STE NO AVANZA, AVANZAN LOS SECTORES REACCIONARIOS.&nbsp;<\/strong><\/h4>\n\n\n\n<p><\/p>\n<!-- AddThis Advanced Settings generic via filter on the_content --><!-- AddThis Share Buttons generic via filter on the_content -->","protected":false},"excerpt":{"rendered":"<p>El peor momento del Covid-19 La aceleraci\u00f3n de los casos de Covid-19 en el \u00c1rea Metropolitana Buenos Aires (AMBA), Chaco y tambi\u00e9n, aunque en menor medida, en otras provincias como Jujuy o Mendoza dan cuenta que estamos atravesando el peor momento de la pandemia acerc\u00e1ndonos al pico de contagios. Hay ciudades de la Provincia de [&hellip;]<!-- AddThis Advanced Settings generic via filter on get_the_excerpt --><!-- AddThis Share Buttons generic via filter on get_the_excerpt --><\/p>\n","protected":false},"author":6,"featured_media":18483,"comment_status":"open","ping_status":"open","sticky":false,"template":"","format":"standard","meta":{"_jetpack_memberships_contains_paid_content":false,"footnotes":""},"categories":[1881],"tags":[],"class_list":{"0":"post-18456","1":"post","2":"type-post","3":"status-publish","4":"format-standard","5":"has-post-thumbnail","7":"category-editoriales"},"yoast_head":"<!-- This site is optimized with the Yoast SEO plugin v27.4 - https:\/\/yoast.com\/product\/yoast-seo-wordpress\/ -->\n<title>Al covid-19 y la reacci\u00f3n le ganamos con unidad y rumbo popular - Vamos por la Liberaci\u00f3n<\/title>\n<meta name=\"robots\" content=\"index, follow, max-snippet:-1, max-image-preview:large, max-video-preview:-1\" \/>\n<link rel=\"canonical\" href=\"http:\/\/vamosporlaliberacion.org\/crpmlm\/al-covid-19-y-la-reaccion-le-ganamos-con-unidad-y-rumbo-popular\/\" \/>\n<meta name=\"twitter:label1\" content=\"Escrito por\" \/>\n\t<meta name=\"twitter:data1\" content=\"vamos!\" \/>\n\t<meta name=\"twitter:label2\" content=\"Tiempo de lectura\" \/>\n\t<meta name=\"twitter:data2\" content=\"7 minutos\" \/>\n<script type=\"application\/ld+json\" class=\"yoast-schema-graph\">{\"@context\":\"https:\\\/\\\/schema.org\",\"@graph\":[{\"@type\":\"Article\",\"@id\":\"http:\\\/\\\/vamosporlaliberacion.org\\\/crpmlm\\\/al-covid-19-y-la-reaccion-le-ganamos-con-unidad-y-rumbo-popular\\\/#article\",\"isPartOf\":{\"@id\":\"http:\\\/\\\/vamosporlaliberacion.org\\\/crpmlm\\\/al-covid-19-y-la-reaccion-le-ganamos-con-unidad-y-rumbo-popular\\\/\"},\"author\":{\"name\":\"vamos!\",\"@id\":\"https:\\\/\\\/vamosporlaliberacion.org\\\/crpmlm\\\/#\\\/schema\\\/person\\\/d6eac7758df3770dae9cd9eb104d615c\"},\"headline\":\"Al covid-19 y la reacci\u00f3n le ganamos con unidad y rumbo popular\",\"datePublished\":\"2020-06-22T15:15:35+00:00\",\"dateModified\":\"2020-11-06T16:47:53+00:00\",\"mainEntityOfPage\":{\"@id\":\"http:\\\/\\\/vamosporlaliberacion.org\\\/crpmlm\\\/al-covid-19-y-la-reaccion-le-ganamos-con-unidad-y-rumbo-popular\\\/\"},\"wordCount\":1338,\"commentCount\":0,\"image\":{\"@id\":\"http:\\\/\\\/vamosporlaliberacion.org\\\/crpmlm\\\/al-covid-19-y-la-reaccion-le-ganamos-con-unidad-y-rumbo-popular\\\/#primaryimage\"},\"thumbnailUrl\":\"https:\\\/\\\/i0.wp.com\\\/vamosporlaliberacion.org\\\/crpmlm\\\/wp-content\\\/uploads\\\/2020\\\/06\\\/entre-rios.jpg?fit=1280%2C720&ssl=1\",\"articleSection\":[\"Editoriales\"],\"inLanguage\":\"es\",\"potentialAction\":[{\"@type\":\"CommentAction\",\"name\":\"Comment\",\"target\":[\"http:\\\/\\\/vamosporlaliberacion.org\\\/crpmlm\\\/al-covid-19-y-la-reaccion-le-ganamos-con-unidad-y-rumbo-popular\\\/#respond\"]}]},{\"@type\":\"WebPage\",\"@id\":\"http:\\\/\\\/vamosporlaliberacion.org\\\/crpmlm\\\/al-covid-19-y-la-reaccion-le-ganamos-con-unidad-y-rumbo-popular\\\/\",\"url\":\"http:\\\/\\\/vamosporlaliberacion.org\\\/crpmlm\\\/al-covid-19-y-la-reaccion-le-ganamos-con-unidad-y-rumbo-popular\\\/\",\"name\":\"Al covid-19 y la reacci\u00f3n le ganamos con unidad y rumbo popular - Vamos por la Liberaci\u00f3n\",\"isPartOf\":{\"@id\":\"https:\\\/\\\/vamosporlaliberacion.org\\\/crpmlm\\\/#website\"},\"primaryImageOfPage\":{\"@id\":\"http:\\\/\\\/vamosporlaliberacion.org\\\/crpmlm\\\/al-covid-19-y-la-reaccion-le-ganamos-con-unidad-y-rumbo-popular\\\/#primaryimage\"},\"image\":{\"@id\":\"http:\\\/\\\/vamosporlaliberacion.org\\\/crpmlm\\\/al-covid-19-y-la-reaccion-le-ganamos-con-unidad-y-rumbo-popular\\\/#primaryimage\"},\"thumbnailUrl\":\"https:\\\/\\\/i0.wp.com\\\/vamosporlaliberacion.org\\\/crpmlm\\\/wp-content\\\/uploads\\\/2020\\\/06\\\/entre-rios.jpg?fit=1280%2C720&ssl=1\",\"datePublished\":\"2020-06-22T15:15:35+00:00\",\"dateModified\":\"2020-11-06T16:47:53+00:00\",\"author\":{\"@id\":\"https:\\\/\\\/vamosporlaliberacion.org\\\/crpmlm\\\/#\\\/schema\\\/person\\\/d6eac7758df3770dae9cd9eb104d615c\"},\"breadcrumb\":{\"@id\":\"http:\\\/\\\/vamosporlaliberacion.org\\\/crpmlm\\\/al-covid-19-y-la-reaccion-le-ganamos-con-unidad-y-rumbo-popular\\\/#breadcrumb\"},\"inLanguage\":\"es\",\"potentialAction\":[{\"@type\":\"ReadAction\",\"target\":[\"http:\\\/\\\/vamosporlaliberacion.org\\\/crpmlm\\\/al-covid-19-y-la-reaccion-le-ganamos-con-unidad-y-rumbo-popular\\\/\"]}]},{\"@type\":\"ImageObject\",\"inLanguage\":\"es\",\"@id\":\"http:\\\/\\\/vamosporlaliberacion.org\\\/crpmlm\\\/al-covid-19-y-la-reaccion-le-ganamos-con-unidad-y-rumbo-popular\\\/#primaryimage\",\"url\":\"https:\\\/\\\/i0.wp.com\\\/vamosporlaliberacion.org\\\/crpmlm\\\/wp-content\\\/uploads\\\/2020\\\/06\\\/entre-rios.jpg?fit=1280%2C720&ssl=1\",\"contentUrl\":\"https:\\\/\\\/i0.wp.com\\\/vamosporlaliberacion.org\\\/crpmlm\\\/wp-content\\\/uploads\\\/2020\\\/06\\\/entre-rios.jpg?fit=1280%2C720&ssl=1\",\"width\":1280,\"height\":720},{\"@type\":\"BreadcrumbList\",\"@id\":\"http:\\\/\\\/vamosporlaliberacion.org\\\/crpmlm\\\/al-covid-19-y-la-reaccion-le-ganamos-con-unidad-y-rumbo-popular\\\/#breadcrumb\",\"itemListElement\":[{\"@type\":\"ListItem\",\"position\":1,\"name\":\"Portada\",\"item\":\"https:\\\/\\\/vamosporlaliberacion.org\\\/crpmlm\\\/\"},{\"@type\":\"ListItem\",\"position\":2,\"name\":\"Al covid-19 y la reacci\u00f3n le ganamos con unidad y rumbo popular\"}]},{\"@type\":\"WebSite\",\"@id\":\"https:\\\/\\\/vamosporlaliberacion.org\\\/crpmlm\\\/#website\",\"url\":\"https:\\\/\\\/vamosporlaliberacion.org\\\/crpmlm\\\/\",\"name\":\"Vamos por la Liberaci\u00f3n\",\"description\":\"Prensa CR\",\"potentialAction\":[{\"@type\":\"SearchAction\",\"target\":{\"@type\":\"EntryPoint\",\"urlTemplate\":\"https:\\\/\\\/vamosporlaliberacion.org\\\/crpmlm\\\/?s={search_term_string}\"},\"query-input\":{\"@type\":\"PropertyValueSpecification\",\"valueRequired\":true,\"valueName\":\"search_term_string\"}}],\"inLanguage\":\"es\"},{\"@type\":\"Person\",\"@id\":\"https:\\\/\\\/vamosporlaliberacion.org\\\/crpmlm\\\/#\\\/schema\\\/person\\\/d6eac7758df3770dae9cd9eb104d615c\",\"name\":\"vamos!\",\"url\":\"http:\\\/\\\/vamosporlaliberacion.org\\\/crpmlm\\\/author\\\/adminvxl\\\/\"}]}<\/script>\n<!-- \/ Yoast SEO plugin. -->","yoast_head_json":{"title":"Al covid-19 y la reacci\u00f3n le ganamos con unidad y rumbo popular - Vamos por la Liberaci\u00f3n","robots":{"index":"index","follow":"follow","max-snippet":"max-snippet:-1","max-image-preview":"max-image-preview:large","max-video-preview":"max-video-preview:-1"},"canonical":"http:\/\/vamosporlaliberacion.org\/crpmlm\/al-covid-19-y-la-reaccion-le-ganamos-con-unidad-y-rumbo-popular\/","twitter_misc":{"Escrito por":"vamos!","Tiempo de lectura":"7 minutos"},"schema":{"@context":"https:\/\/schema.org","@graph":[{"@type":"Article","@id":"http:\/\/vamosporlaliberacion.org\/crpmlm\/al-covid-19-y-la-reaccion-le-ganamos-con-unidad-y-rumbo-popular\/#article","isPartOf":{"@id":"http:\/\/vamosporlaliberacion.org\/crpmlm\/al-covid-19-y-la-reaccion-le-ganamos-con-unidad-y-rumbo-popular\/"},"author":{"name":"vamos!","@id":"https:\/\/vamosporlaliberacion.org\/crpmlm\/#\/schema\/person\/d6eac7758df3770dae9cd9eb104d615c"},"headline":"Al covid-19 y la reacci\u00f3n le ganamos con unidad y rumbo popular","datePublished":"2020-06-22T15:15:35+00:00","dateModified":"2020-11-06T16:47:53+00:00","mainEntityOfPage":{"@id":"http:\/\/vamosporlaliberacion.org\/crpmlm\/al-covid-19-y-la-reaccion-le-ganamos-con-unidad-y-rumbo-popular\/"},"wordCount":1338,"commentCount":0,"image":{"@id":"http:\/\/vamosporlaliberacion.org\/crpmlm\/al-covid-19-y-la-reaccion-le-ganamos-con-unidad-y-rumbo-popular\/#primaryimage"},"thumbnailUrl":"https:\/\/i0.wp.com\/vamosporlaliberacion.org\/crpmlm\/wp-content\/uploads\/2020\/06\/entre-rios.jpg?fit=1280%2C720&ssl=1","articleSection":["Editoriales"],"inLanguage":"es","potentialAction":[{"@type":"CommentAction","name":"Comment","target":["http:\/\/vamosporlaliberacion.org\/crpmlm\/al-covid-19-y-la-reaccion-le-ganamos-con-unidad-y-rumbo-popular\/#respond"]}]},{"@type":"WebPage","@id":"http:\/\/vamosporlaliberacion.org\/crpmlm\/al-covid-19-y-la-reaccion-le-ganamos-con-unidad-y-rumbo-popular\/","url":"http:\/\/vamosporlaliberacion.org\/crpmlm\/al-covid-19-y-la-reaccion-le-ganamos-con-unidad-y-rumbo-popular\/","name":"Al covid-19 y la reacci\u00f3n le ganamos con unidad y rumbo popular - Vamos por la Liberaci\u00f3n","isPartOf":{"@id":"https:\/\/vamosporlaliberacion.org\/crpmlm\/#website"},"primaryImageOfPage":{"@id":"http:\/\/vamosporlaliberacion.org\/crpmlm\/al-covid-19-y-la-reaccion-le-ganamos-con-unidad-y-rumbo-popular\/#primaryimage"},"image":{"@id":"http:\/\/vamosporlaliberacion.org\/crpmlm\/al-covid-19-y-la-reaccion-le-ganamos-con-unidad-y-rumbo-popular\/#primaryimage"},"thumbnailUrl":"https:\/\/i0.wp.com\/vamosporlaliberacion.org\/crpmlm\/wp-content\/uploads\/2020\/06\/entre-rios.jpg?fit=1280%2C720&ssl=1","datePublished":"2020-06-22T15:15:35+00:00","dateModified":"2020-11-06T16:47:53+00:00","author":{"@id":"https:\/\/vamosporlaliberacion.org\/crpmlm\/#\/schema\/person\/d6eac7758df3770dae9cd9eb104d615c"},"breadcrumb":{"@id":"http:\/\/vamosporlaliberacion.org\/crpmlm\/al-covid-19-y-la-reaccion-le-ganamos-con-unidad-y-rumbo-popular\/#breadcrumb"},"inLanguage":"es","potentialAction":[{"@type":"ReadAction","target":["http:\/\/vamosporlaliberacion.org\/crpmlm\/al-covid-19-y-la-reaccion-le-ganamos-con-unidad-y-rumbo-popular\/"]}]},{"@type":"ImageObject","inLanguage":"es","@id":"http:\/\/vamosporlaliberacion.org\/crpmlm\/al-covid-19-y-la-reaccion-le-ganamos-con-unidad-y-rumbo-popular\/#primaryimage","url":"https:\/\/i0.wp.com\/vamosporlaliberacion.org\/crpmlm\/wp-content\/uploads\/2020\/06\/entre-rios.jpg?fit=1280%2C720&ssl=1","contentUrl":"https:\/\/i0.wp.com\/vamosporlaliberacion.org\/crpmlm\/wp-content\/uploads\/2020\/06\/entre-rios.jpg?fit=1280%2C720&ssl=1","width":1280,"height":720},{"@type":"BreadcrumbList","@id":"http:\/\/vamosporlaliberacion.org\/crpmlm\/al-covid-19-y-la-reaccion-le-ganamos-con-unidad-y-rumbo-popular\/#breadcrumb","itemListElement":[{"@type":"ListItem","position":1,"name":"Portada","item":"https:\/\/vamosporlaliberacion.org\/crpmlm\/"},{"@type":"ListItem","position":2,"name":"Al covid-19 y la reacci\u00f3n le ganamos con unidad y rumbo popular"}]},{"@type":"WebSite","@id":"https:\/\/vamosporlaliberacion.org\/crpmlm\/#website","url":"https:\/\/vamosporlaliberacion.org\/crpmlm\/","name":"Vamos por la Liberaci\u00f3n","description":"Prensa CR","potentialAction":[{"@type":"SearchAction","target":{"@type":"EntryPoint","urlTemplate":"https:\/\/vamosporlaliberacion.org\/crpmlm\/?s={search_term_string}"},"query-input":{"@type":"PropertyValueSpecification","valueRequired":true,"valueName":"search_term_string"}}],"inLanguage":"es"},{"@type":"Person","@id":"https:\/\/vamosporlaliberacion.org\/crpmlm\/#\/schema\/person\/d6eac7758df3770dae9cd9eb104d615c","name":"vamos!","url":"http:\/\/vamosporlaliberacion.org\/crpmlm\/author\/adminvxl\/"}]}},"jetpack_featured_media_url":"https:\/\/i0.wp.com\/vamosporlaliberacion.org\/crpmlm\/wp-content\/uploads\/2020\/06\/entre-rios.jpg?fit=1280%2C720&ssl=1","jetpack_sharing_enabled":true,"_links":{"self":[{"href":"http:\/\/vamosporlaliberacion.org\/crpmlm\/wp-json\/wp\/v2\/posts\/18456","targetHints":{"allow":["GET"]}}],"collection":[{"href":"http:\/\/vamosporlaliberacion.org\/crpmlm\/wp-json\/wp\/v2\/posts"}],"about":[{"href":"http:\/\/vamosporlaliberacion.org\/crpmlm\/wp-json\/wp\/v2\/types\/post"}],"author":[{"embeddable":true,"href":"http:\/\/vamosporlaliberacion.org\/crpmlm\/wp-json\/wp\/v2\/users\/6"}],"replies":[{"embeddable":true,"href":"http:\/\/vamosporlaliberacion.org\/crpmlm\/wp-json\/wp\/v2\/comments?post=18456"}],"version-history":[{"count":6,"href":"http:\/\/vamosporlaliberacion.org\/crpmlm\/wp-json\/wp\/v2\/posts\/18456\/revisions"}],"predecessor-version":[{"id":18484,"href":"http:\/\/vamosporlaliberacion.org\/crpmlm\/wp-json\/wp\/v2\/posts\/18456\/revisions\/18484"}],"wp:featuredmedia":[{"embeddable":true,"href":"http:\/\/vamosporlaliberacion.org\/crpmlm\/wp-json\/wp\/v2\/media\/18483"}],"wp:attachment":[{"href":"http:\/\/vamosporlaliberacion.org\/crpmlm\/wp-json\/wp\/v2\/media?parent=18456"}],"wp:term":[{"taxonomy":"category","embeddable":true,"href":"http:\/\/vamosporlaliberacion.org\/crpmlm\/wp-json\/wp\/v2\/categories?post=18456"},{"taxonomy":"post_tag","embeddable":true,"href":"http:\/\/vamosporlaliberacion.org\/crpmlm\/wp-json\/wp\/v2\/tags?post=18456"}],"curies":[{"name":"wp","href":"https:\/\/api.w.org\/{rel}","templated":true}]}}