{"id":18350,"date":"2020-06-17T10:22:04","date_gmt":"2020-06-17T13:22:04","guid":{"rendered":"http:\/\/vamosporlaliberacion.org\/crpmlm\/?p=18350"},"modified":"2020-11-05T19:01:39","modified_gmt":"2020-11-05T22:01:39","slug":"una-vez-mas-renacer-enciende-las-maquinas","status":"publish","type":"post","link":"http:\/\/vamosporlaliberacion.org\/crpmlm\/una-vez-mas-renacer-enciende-las-maquinas\/","title":{"rendered":"Una vez m\u00e1s Renacer enciende las m\u00e1quinas"},"content":{"rendered":"\n<p style=\"font-size:18px\"><strong>Entrevistamos a Maira Yb\u00e1\u00f1ez, trabajadora de la cooperativa metal\u00fargica fueguina. Con tres d\u00e9cadas de lucha de sus trabajadorxs para sostenerla y mantenerla en marcha, vuelven a producir televisores y microondas.<\/strong><\/p>\n\n\n\n<p><strong>&#8211; Han vuelto a la producci\u00f3n despu\u00e9s de un largo tiempo. \u00bfPod\u00e9s contarnos un poco sobre este importante acontecimiento?<\/strong><\/p>\n\n\n\n<p>&#8211; Venimos de un parate general desde el \u00faltimo trimestre el 2018. Este mes de junio tenemos la alegr\u00eda de poner en marcha nuevamente nuestra f\u00e1brica, con una proyecci\u00f3n m\u00e1s a largo plazo, con nuevos proyectos e innovaciones en futuros productos. Somos una gran familia de m\u00e1s de 140 compa\u00f1eros. El saber que vamos a poder llevar a la mesa el pan a nuestras casas, es una alegr\u00eda que no se puede explicar.<\/p>\n\n\n\n<figure class=\"wp-block-image size-large\"><img loading=\"lazy\" decoding=\"async\" width=\"804\" height=\"498\" src=\"https:\/\/i0.wp.com\/vamosporlaliberacion.org\/crpmlm\/wp-content\/uploads\/2020\/06\/renacer3.jpg?fit=696%2C432&amp;ssl=1\" alt=\"\" class=\"wp-image-18364\" srcset=\"https:\/\/i0.wp.com\/vamosporlaliberacion.org\/crpmlm\/wp-content\/uploads\/2020\/06\/renacer3.jpg?w=804&amp;ssl=1 804w, https:\/\/i0.wp.com\/vamosporlaliberacion.org\/crpmlm\/wp-content\/uploads\/2020\/06\/renacer3.jpg?resize=300%2C186&amp;ssl=1 300w, https:\/\/i0.wp.com\/vamosporlaliberacion.org\/crpmlm\/wp-content\/uploads\/2020\/06\/renacer3.jpg?resize=700%2C434&amp;ssl=1 700w, https:\/\/i0.wp.com\/vamosporlaliberacion.org\/crpmlm\/wp-content\/uploads\/2020\/06\/renacer3.jpg?resize=768%2C476&amp;ssl=1 768w, https:\/\/i0.wp.com\/vamosporlaliberacion.org\/crpmlm\/wp-content\/uploads\/2020\/06\/renacer3.jpg?resize=696%2C431&amp;ssl=1 696w, https:\/\/i0.wp.com\/vamosporlaliberacion.org\/crpmlm\/wp-content\/uploads\/2020\/06\/renacer3.jpg?resize=678%2C420&amp;ssl=1 678w, https:\/\/i0.wp.com\/vamosporlaliberacion.org\/crpmlm\/wp-content\/uploads\/2020\/06\/renacer3.jpg?resize=356%2C220&amp;ssl=1 356w\" sizes=\"auto, (max-width: 696px) 100vw, 696px\" \/><\/figure>\n\n\n\n<p><strong>&#8211; \u00bfQu\u00e9 medidas de prevenci\u00f3n han tomado en cuanto a los protocolos por la pandemia?<\/strong><\/p>\n\n\n\n<p>&#8211; Trabajamos con nuestros compa\u00f1eros en el protocolo, investigando, gui\u00e1ndonos de las resoluciones tanto del Ministerio de Salud de Naci\u00f3n, como as\u00ed tambi\u00e9n del Ministerio de Industria y el Ministerio de Salud de la Provincia para cumplir con todo lo requerido. <\/p>\n\n\n\n<div class=\"wp-block-image\"><figure class=\"alignright size-large is-resized\"><img loading=\"lazy\" decoding=\"async\" src=\"https:\/\/i1.wp.com\/vamosporlaliberacion.org\/crpmlm\/wp-content\/uploads\/2020\/06\/renacer2.jpg?fit=492%2C700&amp;ssl=1\" alt=\"\" class=\"wp-image-18361\" width=\"246\" height=\"350\" srcset=\"https:\/\/i0.wp.com\/vamosporlaliberacion.org\/crpmlm\/wp-content\/uploads\/2020\/06\/renacer2.jpg?w=660&amp;ssl=1 660w, https:\/\/i0.wp.com\/vamosporlaliberacion.org\/crpmlm\/wp-content\/uploads\/2020\/06\/renacer2.jpg?resize=211%2C300&amp;ssl=1 211w, https:\/\/i0.wp.com\/vamosporlaliberacion.org\/crpmlm\/wp-content\/uploads\/2020\/06\/renacer2.jpg?resize=492%2C700&amp;ssl=1 492w, https:\/\/i0.wp.com\/vamosporlaliberacion.org\/crpmlm\/wp-content\/uploads\/2020\/06\/renacer2.jpg?resize=295%2C420&amp;ssl=1 295w\" sizes=\"auto, (max-width: 246px) 100vw, 246px\" \/><\/figure><\/div>\n\n\n\n<p>Nuestros compa\u00f1eros del \u00e1rea de mantenimiento y de seguridad e higiene han trabajado durante varias semanas para acondicionar la planta, tanto adecuando las l\u00edneas para cumplir con el distanciamiento, colocando separadores entre cada puesto de trabajo, mucha carteler\u00eda de prevenci\u00f3n, diagramando el circuito de limpieza y consiguiendo los insumos para desinfectar cada sector. Tambi\u00e9n conseguimos los elementos de protecci\u00f3n personal como las mascarillas que fueron donadas, barbijos y cofias reutilizables, y la pistola de temperatura para tomarle diariamente a cada uno de los que ingresan a la cooperativa, llevando as\u00ed tambi\u00e9n un registro y un control por si tenemos que dar aviso al 107.<\/p>\n\n\n\n<p>Adem\u00e1s tenemos a m\u00e1s de 60 compa\u00f1eros fuera del circuito productivo por ser compa\u00f1eros de riego, tanto por la edad, como as\u00ed tambi\u00e9n enfermedades. Raz\u00f3n por la cual, hemos decidido pedirles que se queden en sus casas y que se cuiden, que cuando todo esto de la pandemia termine, queremos volver a vernos todos. Nosotros, los que s\u00ed podemos trabajar, vamos a hacerlo por nosotros y por ellos.<\/p>\n\n\n\n<p><strong>&#8211; \u00bfHan recibido por parte del gobierno nacional y provincial ayuda para los sueldos como los ATP o cr\u00e9ditos para insumos?<\/strong><\/p>\n\n\n\n<p>&#8211; Lamentablemente no hemos podido ser beneficiaros del Programa de Asistencia de Emergencia al Trabajo y la Producci\u00f3n (ATP). Creemos que es una medida muy buena, pero al ser cooperativa no est\u00e1bamos enmarcados en dicho beneficio. <\/p>\n\n\n\n<p>Sabemos que a nivel nacional se est\u00e1 trabajando con diferentes organizaciones que nuclean a las cooperativas y a las pymes, para podernos incluir en beneficios que tengan que ver con subsidios no reintegrables para sueldos, compra de insumos, readecuaciones en infraestructura en los lugares de trabajo, entre otras cosas. De hecho, nosotros ya hemos mandado solicitudes con los requisitos que piden y estamos a la espera para saber si fuimos aprobados o no.<\/p>\n\n\n\n<figure class=\"wp-block-image size-large\"><img loading=\"lazy\" decoding=\"async\" width=\"804\" height=\"498\" src=\"https:\/\/i2.wp.com\/vamosporlaliberacion.org\/crpmlm\/wp-content\/uploads\/2020\/06\/renacer1.jpg?fit=696%2C432&amp;ssl=1\" alt=\"\" class=\"wp-image-18360\" srcset=\"https:\/\/i0.wp.com\/vamosporlaliberacion.org\/crpmlm\/wp-content\/uploads\/2020\/06\/renacer1.jpg?w=804&amp;ssl=1 804w, https:\/\/i0.wp.com\/vamosporlaliberacion.org\/crpmlm\/wp-content\/uploads\/2020\/06\/renacer1.jpg?resize=300%2C186&amp;ssl=1 300w, https:\/\/i0.wp.com\/vamosporlaliberacion.org\/crpmlm\/wp-content\/uploads\/2020\/06\/renacer1.jpg?resize=700%2C434&amp;ssl=1 700w, https:\/\/i0.wp.com\/vamosporlaliberacion.org\/crpmlm\/wp-content\/uploads\/2020\/06\/renacer1.jpg?resize=768%2C476&amp;ssl=1 768w, https:\/\/i0.wp.com\/vamosporlaliberacion.org\/crpmlm\/wp-content\/uploads\/2020\/06\/renacer1.jpg?resize=696%2C431&amp;ssl=1 696w, https:\/\/i0.wp.com\/vamosporlaliberacion.org\/crpmlm\/wp-content\/uploads\/2020\/06\/renacer1.jpg?resize=678%2C420&amp;ssl=1 678w, https:\/\/i0.wp.com\/vamosporlaliberacion.org\/crpmlm\/wp-content\/uploads\/2020\/06\/renacer1.jpg?resize=356%2C220&amp;ssl=1 356w\" sizes=\"auto, (max-width: 696px) 100vw, 696px\" \/><\/figure>\n\n\n\n<p><strong>-\u00bfTienen presentados proyectos para la producci\u00f3n de elementos esenciales en el marco de la lucha contra el Covid-19?<\/strong><\/p>\n\n\n\n<p>&#8211; Hace un par de a\u00f1os hab\u00edamos presentado un proyecto relacionado a la biomedicina en la que propon\u00edamos fabricar insumos para los hospitales, como jeringas, sondas, andadores, sillas de ruedas, respiradores, etc. pero no tuvimos el acompa\u00f1amiento para que esto salga. Pero respecto a poder fabricar elementos contra la lucha del Covid-19, creemos factible y necesario sumarlo a este proyecto.<\/p>\n\n\n\n<p><strong>&#8211; \u00bfCu\u00e1l es la situaci\u00f3n de las f\u00e1bricas y en particular de las cooperativas y Pymes en la provincia?<\/strong><\/p>\n\n\n\n<p>&#8211; En la provincia la situaci\u00f3n de las f\u00e1bricas ven\u00eda en ca\u00edda en todo lo que fue el gobierno nacional y provincial anterior (Macri &#8211; Bertone). Hubo despidos, suspensiones, f\u00e1bricas cerradas. Las cooperativas y pymes subsist\u00edan como pod\u00edan. Algunas tambi\u00e9n quedaron en el camino. <\/p>\n\n\n\n<p>Con el gobierno nuevo vemos una mirada distinta al anterior, con respecto a las \u00faltimas leyes de emergencia aprobadas en la provincia, en las que s\u00ed fuimos incorporadas. Vamos a poder solicitar cr\u00e9ditos a con tasas razonables, subsidios para compra de insumos, para herramientas, ropa de trabajo, etc.<\/p>\n\n\n\n<p><\/p>\n\n\n\n<center><iframe loading=\"lazy\" src=\"https:\/\/www.facebook.com\/plugins\/video.php?href=https%3A%2F%2Fwww.facebook.com%2Fcooperativadetrabajorenacer%2Fvideos%2F257081345704589%2F&amp;show_text=1&amp;width=560\" style=\"border:none;overflow:hidden\" scrolling=\"no\" allowtransparency=\"true\" allow=\"encrypted-media\" allowfullscreen=\"true\" width=\"560\" height=\"445\" frameborder=\"0\"><\/iframe><\/center>\n<!-- AddThis Advanced Settings generic via filter on the_content --><!-- AddThis Share Buttons generic via filter on the_content -->","protected":false},"excerpt":{"rendered":"<p>Entrevistamos a Maira Yb\u00e1\u00f1ez, trabajadora de la cooperativa metal\u00fargica fueguina. Con tres d\u00e9cadas de lucha de sus trabajadorxs para sostenerla y mantenerla en marcha, vuelven a producir televisores y microondas. &#8211; Han vuelto a la producci\u00f3n despu\u00e9s de un largo tiempo. \u00bfPod\u00e9s contarnos un poco sobre este importante acontecimiento? &#8211; Venimos de un parate general [&hellip;]<!-- AddThis Advanced Settings generic via filter on get_the_excerpt --><!-- AddThis Share Buttons generic via filter on get_the_excerpt --><\/p>\n","protected":false},"author":6,"featured_media":18359,"comment_status":"open","ping_status":"open","sticky":false,"template":"","format":"standard","meta":{"_jetpack_memberships_contains_paid_content":false,"footnotes":""},"categories":[1520],"tags":[],"class_list":{"0":"post-18350","1":"post","2":"type-post","3":"status-publish","4":"format-standard","5":"has-post-thumbnail","7":"category-entrevista"},"yoast_head":"<!-- This site is optimized with the Yoast SEO plugin v27.4 - https:\/\/yoast.com\/product\/yoast-seo-wordpress\/ -->\n<title>Una vez m\u00e1s Renacer enciende las m\u00e1quinas - Vamos por la Liberaci\u00f3n<\/title>\n<meta name=\"robots\" content=\"index, follow, max-snippet:-1, max-image-preview:large, max-video-preview:-1\" \/>\n<link rel=\"canonical\" href=\"https:\/\/vamosporlaliberacion.org\/crpmlm\/una-vez-mas-renacer-enciende-las-maquinas\/\" \/>\n<meta name=\"twitter:label1\" content=\"Escrito por\" \/>\n\t<meta name=\"twitter:data1\" content=\"vamos!\" \/>\n\t<meta name=\"twitter:label2\" content=\"Tiempo de lectura\" \/>\n\t<meta name=\"twitter:data2\" content=\"4 minutos\" \/>\n<script type=\"application\/ld+json\" class=\"yoast-schema-graph\">{\"@context\":\"https:\\\/\\\/schema.org\",\"@graph\":[{\"@type\":\"Article\",\"@id\":\"https:\\\/\\\/vamosporlaliberacion.org\\\/crpmlm\\\/una-vez-mas-renacer-enciende-las-maquinas\\\/#article\",\"isPartOf\":{\"@id\":\"https:\\\/\\\/vamosporlaliberacion.org\\\/crpmlm\\\/una-vez-mas-renacer-enciende-las-maquinas\\\/\"},\"author\":{\"name\":\"vamos!\",\"@id\":\"https:\\\/\\\/vamosporlaliberacion.org\\\/crpmlm\\\/#\\\/schema\\\/person\\\/d6eac7758df3770dae9cd9eb104d615c\"},\"headline\":\"Una vez m\u00e1s Renacer enciende las m\u00e1quinas\",\"datePublished\":\"2020-06-17T13:22:04+00:00\",\"dateModified\":\"2020-11-05T22:01:39+00:00\",\"mainEntityOfPage\":{\"@id\":\"https:\\\/\\\/vamosporlaliberacion.org\\\/crpmlm\\\/una-vez-mas-renacer-enciende-las-maquinas\\\/\"},\"wordCount\":726,\"commentCount\":0,\"image\":{\"@id\":\"https:\\\/\\\/vamosporlaliberacion.org\\\/crpmlm\\\/una-vez-mas-renacer-enciende-las-maquinas\\\/#primaryimage\"},\"thumbnailUrl\":\"https:\\\/\\\/i0.wp.com\\\/vamosporlaliberacion.org\\\/crpmlm\\\/wp-content\\\/uploads\\\/2020\\\/06\\\/renacer0.jpg?fit=804%2C498&ssl=1\",\"articleSection\":[\"Entrevista\"],\"inLanguage\":\"es\",\"potentialAction\":[{\"@type\":\"CommentAction\",\"name\":\"Comment\",\"target\":[\"https:\\\/\\\/vamosporlaliberacion.org\\\/crpmlm\\\/una-vez-mas-renacer-enciende-las-maquinas\\\/#respond\"]}]},{\"@type\":\"WebPage\",\"@id\":\"https:\\\/\\\/vamosporlaliberacion.org\\\/crpmlm\\\/una-vez-mas-renacer-enciende-las-maquinas\\\/\",\"url\":\"https:\\\/\\\/vamosporlaliberacion.org\\\/crpmlm\\\/una-vez-mas-renacer-enciende-las-maquinas\\\/\",\"name\":\"Una vez m\u00e1s Renacer enciende las m\u00e1quinas - Vamos por la Liberaci\u00f3n\",\"isPartOf\":{\"@id\":\"https:\\\/\\\/vamosporlaliberacion.org\\\/crpmlm\\\/#website\"},\"primaryImageOfPage\":{\"@id\":\"https:\\\/\\\/vamosporlaliberacion.org\\\/crpmlm\\\/una-vez-mas-renacer-enciende-las-maquinas\\\/#primaryimage\"},\"image\":{\"@id\":\"https:\\\/\\\/vamosporlaliberacion.org\\\/crpmlm\\\/una-vez-mas-renacer-enciende-las-maquinas\\\/#primaryimage\"},\"thumbnailUrl\":\"https:\\\/\\\/i0.wp.com\\\/vamosporlaliberacion.org\\\/crpmlm\\\/wp-content\\\/uploads\\\/2020\\\/06\\\/renacer0.jpg?fit=804%2C498&ssl=1\",\"datePublished\":\"2020-06-17T13:22:04+00:00\",\"dateModified\":\"2020-11-05T22:01:39+00:00\",\"author\":{\"@id\":\"https:\\\/\\\/vamosporlaliberacion.org\\\/crpmlm\\\/#\\\/schema\\\/person\\\/d6eac7758df3770dae9cd9eb104d615c\"},\"breadcrumb\":{\"@id\":\"https:\\\/\\\/vamosporlaliberacion.org\\\/crpmlm\\\/una-vez-mas-renacer-enciende-las-maquinas\\\/#breadcrumb\"},\"inLanguage\":\"es\",\"potentialAction\":[{\"@type\":\"ReadAction\",\"target\":[\"https:\\\/\\\/vamosporlaliberacion.org\\\/crpmlm\\\/una-vez-mas-renacer-enciende-las-maquinas\\\/\"]}]},{\"@type\":\"ImageObject\",\"inLanguage\":\"es\",\"@id\":\"https:\\\/\\\/vamosporlaliberacion.org\\\/crpmlm\\\/una-vez-mas-renacer-enciende-las-maquinas\\\/#primaryimage\",\"url\":\"https:\\\/\\\/i0.wp.com\\\/vamosporlaliberacion.org\\\/crpmlm\\\/wp-content\\\/uploads\\\/2020\\\/06\\\/renacer0.jpg?fit=804%2C498&ssl=1\",\"contentUrl\":\"https:\\\/\\\/i0.wp.com\\\/vamosporlaliberacion.org\\\/crpmlm\\\/wp-content\\\/uploads\\\/2020\\\/06\\\/renacer0.jpg?fit=804%2C498&ssl=1\",\"width\":804,\"height\":498},{\"@type\":\"BreadcrumbList\",\"@id\":\"https:\\\/\\\/vamosporlaliberacion.org\\\/crpmlm\\\/una-vez-mas-renacer-enciende-las-maquinas\\\/#breadcrumb\",\"itemListElement\":[{\"@type\":\"ListItem\",\"position\":1,\"name\":\"Portada\",\"item\":\"https:\\\/\\\/vamosporlaliberacion.org\\\/crpmlm\\\/\"},{\"@type\":\"ListItem\",\"position\":2,\"name\":\"Una vez m\u00e1s Renacer enciende las m\u00e1quinas\"}]},{\"@type\":\"WebSite\",\"@id\":\"https:\\\/\\\/vamosporlaliberacion.org\\\/crpmlm\\\/#website\",\"url\":\"https:\\\/\\\/vamosporlaliberacion.org\\\/crpmlm\\\/\",\"name\":\"Vamos por la Liberaci\u00f3n\",\"description\":\"Prensa CR\",\"potentialAction\":[{\"@type\":\"SearchAction\",\"target\":{\"@type\":\"EntryPoint\",\"urlTemplate\":\"https:\\\/\\\/vamosporlaliberacion.org\\\/crpmlm\\\/?s={search_term_string}\"},\"query-input\":{\"@type\":\"PropertyValueSpecification\",\"valueRequired\":true,\"valueName\":\"search_term_string\"}}],\"inLanguage\":\"es\"},{\"@type\":\"Person\",\"@id\":\"https:\\\/\\\/vamosporlaliberacion.org\\\/crpmlm\\\/#\\\/schema\\\/person\\\/d6eac7758df3770dae9cd9eb104d615c\",\"name\":\"vamos!\",\"url\":\"http:\\\/\\\/vamosporlaliberacion.org\\\/crpmlm\\\/author\\\/adminvxl\\\/\"}]}<\/script>\n<!-- \/ Yoast SEO plugin. -->","yoast_head_json":{"title":"Una vez m\u00e1s Renacer enciende las m\u00e1quinas - Vamos por la Liberaci\u00f3n","robots":{"index":"index","follow":"follow","max-snippet":"max-snippet:-1","max-image-preview":"max-image-preview:large","max-video-preview":"max-video-preview:-1"},"canonical":"https:\/\/vamosporlaliberacion.org\/crpmlm\/una-vez-mas-renacer-enciende-las-maquinas\/","twitter_misc":{"Escrito por":"vamos!","Tiempo de lectura":"4 minutos"},"schema":{"@context":"https:\/\/schema.org","@graph":[{"@type":"Article","@id":"https:\/\/vamosporlaliberacion.org\/crpmlm\/una-vez-mas-renacer-enciende-las-maquinas\/#article","isPartOf":{"@id":"https:\/\/vamosporlaliberacion.org\/crpmlm\/una-vez-mas-renacer-enciende-las-maquinas\/"},"author":{"name":"vamos!","@id":"https:\/\/vamosporlaliberacion.org\/crpmlm\/#\/schema\/person\/d6eac7758df3770dae9cd9eb104d615c"},"headline":"Una vez m\u00e1s Renacer enciende las m\u00e1quinas","datePublished":"2020-06-17T13:22:04+00:00","dateModified":"2020-11-05T22:01:39+00:00","mainEntityOfPage":{"@id":"https:\/\/vamosporlaliberacion.org\/crpmlm\/una-vez-mas-renacer-enciende-las-maquinas\/"},"wordCount":726,"commentCount":0,"image":{"@id":"https:\/\/vamosporlaliberacion.org\/crpmlm\/una-vez-mas-renacer-enciende-las-maquinas\/#primaryimage"},"thumbnailUrl":"https:\/\/i0.wp.com\/vamosporlaliberacion.org\/crpmlm\/wp-content\/uploads\/2020\/06\/renacer0.jpg?fit=804%2C498&ssl=1","articleSection":["Entrevista"],"inLanguage":"es","potentialAction":[{"@type":"CommentAction","name":"Comment","target":["https:\/\/vamosporlaliberacion.org\/crpmlm\/una-vez-mas-renacer-enciende-las-maquinas\/#respond"]}]},{"@type":"WebPage","@id":"https:\/\/vamosporlaliberacion.org\/crpmlm\/una-vez-mas-renacer-enciende-las-maquinas\/","url":"https:\/\/vamosporlaliberacion.org\/crpmlm\/una-vez-mas-renacer-enciende-las-maquinas\/","name":"Una vez m\u00e1s Renacer enciende las m\u00e1quinas - Vamos por la Liberaci\u00f3n","isPartOf":{"@id":"https:\/\/vamosporlaliberacion.org\/crpmlm\/#website"},"primaryImageOfPage":{"@id":"https:\/\/vamosporlaliberacion.org\/crpmlm\/una-vez-mas-renacer-enciende-las-maquinas\/#primaryimage"},"image":{"@id":"https:\/\/vamosporlaliberacion.org\/crpmlm\/una-vez-mas-renacer-enciende-las-maquinas\/#primaryimage"},"thumbnailUrl":"https:\/\/i0.wp.com\/vamosporlaliberacion.org\/crpmlm\/wp-content\/uploads\/2020\/06\/renacer0.jpg?fit=804%2C498&ssl=1","datePublished":"2020-06-17T13:22:04+00:00","dateModified":"2020-11-05T22:01:39+00:00","author":{"@id":"https:\/\/vamosporlaliberacion.org\/crpmlm\/#\/schema\/person\/d6eac7758df3770dae9cd9eb104d615c"},"breadcrumb":{"@id":"https:\/\/vamosporlaliberacion.org\/crpmlm\/una-vez-mas-renacer-enciende-las-maquinas\/#breadcrumb"},"inLanguage":"es","potentialAction":[{"@type":"ReadAction","target":["https:\/\/vamosporlaliberacion.org\/crpmlm\/una-vez-mas-renacer-enciende-las-maquinas\/"]}]},{"@type":"ImageObject","inLanguage":"es","@id":"https:\/\/vamosporlaliberacion.org\/crpmlm\/una-vez-mas-renacer-enciende-las-maquinas\/#primaryimage","url":"https:\/\/i0.wp.com\/vamosporlaliberacion.org\/crpmlm\/wp-content\/uploads\/2020\/06\/renacer0.jpg?fit=804%2C498&ssl=1","contentUrl":"https:\/\/i0.wp.com\/vamosporlaliberacion.org\/crpmlm\/wp-content\/uploads\/2020\/06\/renacer0.jpg?fit=804%2C498&ssl=1","width":804,"height":498},{"@type":"BreadcrumbList","@id":"https:\/\/vamosporlaliberacion.org\/crpmlm\/una-vez-mas-renacer-enciende-las-maquinas\/#breadcrumb","itemListElement":[{"@type":"ListItem","position":1,"name":"Portada","item":"https:\/\/vamosporlaliberacion.org\/crpmlm\/"},{"@type":"ListItem","position":2,"name":"Una vez m\u00e1s Renacer enciende las m\u00e1quinas"}]},{"@type":"WebSite","@id":"https:\/\/vamosporlaliberacion.org\/crpmlm\/#website","url":"https:\/\/vamosporlaliberacion.org\/crpmlm\/","name":"Vamos por la Liberaci\u00f3n","description":"Prensa CR","potentialAction":[{"@type":"SearchAction","target":{"@type":"EntryPoint","urlTemplate":"https:\/\/vamosporlaliberacion.org\/crpmlm\/?s={search_term_string}"},"query-input":{"@type":"PropertyValueSpecification","valueRequired":true,"valueName":"search_term_string"}}],"inLanguage":"es"},{"@type":"Person","@id":"https:\/\/vamosporlaliberacion.org\/crpmlm\/#\/schema\/person\/d6eac7758df3770dae9cd9eb104d615c","name":"vamos!","url":"http:\/\/vamosporlaliberacion.org\/crpmlm\/author\/adminvxl\/"}]}},"jetpack_featured_media_url":"https:\/\/i0.wp.com\/vamosporlaliberacion.org\/crpmlm\/wp-content\/uploads\/2020\/06\/renacer0.jpg?fit=804%2C498&ssl=1","jetpack_sharing_enabled":true,"_links":{"self":[{"href":"http:\/\/vamosporlaliberacion.org\/crpmlm\/wp-json\/wp\/v2\/posts\/18350","targetHints":{"allow":["GET"]}}],"collection":[{"href":"http:\/\/vamosporlaliberacion.org\/crpmlm\/wp-json\/wp\/v2\/posts"}],"about":[{"href":"http:\/\/vamosporlaliberacion.org\/crpmlm\/wp-json\/wp\/v2\/types\/post"}],"author":[{"embeddable":true,"href":"http:\/\/vamosporlaliberacion.org\/crpmlm\/wp-json\/wp\/v2\/users\/6"}],"replies":[{"embeddable":true,"href":"http:\/\/vamosporlaliberacion.org\/crpmlm\/wp-json\/wp\/v2\/comments?post=18350"}],"version-history":[{"count":5,"href":"http:\/\/vamosporlaliberacion.org\/crpmlm\/wp-json\/wp\/v2\/posts\/18350\/revisions"}],"predecessor-version":[{"id":21663,"href":"http:\/\/vamosporlaliberacion.org\/crpmlm\/wp-json\/wp\/v2\/posts\/18350\/revisions\/21663"}],"wp:featuredmedia":[{"embeddable":true,"href":"http:\/\/vamosporlaliberacion.org\/crpmlm\/wp-json\/wp\/v2\/media\/18359"}],"wp:attachment":[{"href":"http:\/\/vamosporlaliberacion.org\/crpmlm\/wp-json\/wp\/v2\/media?parent=18350"}],"wp:term":[{"taxonomy":"category","embeddable":true,"href":"http:\/\/vamosporlaliberacion.org\/crpmlm\/wp-json\/wp\/v2\/categories?post=18350"},{"taxonomy":"post_tag","embeddable":true,"href":"http:\/\/vamosporlaliberacion.org\/crpmlm\/wp-json\/wp\/v2\/tags?post=18350"}],"curies":[{"name":"wp","href":"https:\/\/api.w.org\/{rel}","templated":true}]}}