{"id":18201,"date":"2020-06-08T13:07:18","date_gmt":"2020-06-08T16:07:18","guid":{"rendered":"http:\/\/vamosporlaliberacion.org\/crpmlm\/?p=18201"},"modified":"2020-11-05T20:24:11","modified_gmt":"2020-11-05T23:24:11","slug":"el-rechazo-al-racismo-y-la-represion-recorre-el-mundo","status":"publish","type":"post","link":"http:\/\/vamosporlaliberacion.org\/crpmlm\/el-rechazo-al-racismo-y-la-represion-recorre-el-mundo\/","title":{"rendered":"El rechazo al racismo y la represi\u00f3n recorre el mundo"},"content":{"rendered":"\n<p>La bronca estall\u00f3 primero en repudio al asesinato de Floyd, pero se expandi\u00f3 r\u00e1pido por los miles de asesinatos y el hartazgo de la violencia racista. Miles de personas salen a las calles en todo el mundo, se\u00f1alan a los responsables de haber sostenido la esclavitud en las capitales europeas y tiran abajo sus monumentos o escrachan lugares gubernamentales en Londres, Roma, Par\u00eds, Berl\u00edn, Bruselas, S\u00eddney (Australia), Barcelona, Madrid y ciudades de Sur \u00c1frica entre otras capitales. <\/p>\n\n\n\n<p>En\u00a0Barcelona\u00a0se manifestaron al grito de \u00abBasta ya de violencia policial\u00bb; y con pancartas como \u00abEl racismo mata\u00bb o \u00abSin justicia no hay paz\u00bb. En Madrid la concentraci\u00f3n fue autorizada para 200 personas, frente a la\u00a0Embajada de EEUU, pero finalmente reuni\u00f3 a 3.000 personas, que caminaron hasta la Puerta del Sol, para guardar un minuto de silencio en memoria de Floyd.\u00a0<\/p>\n\n\n\n<p>En\u00a0Copenhague, Dinamarca, las redes sociales del movimiento \u00abBlack lives matter\u00bb convocaron a unas 12.000 personas frente a la Embajada de Estados Unidos, que luego se traslad\u00f3 al parlamento dan\u00e9s. <\/p>\n\n\n\n<figure class=\"wp-block-video\"><video height=\"720\" style=\"aspect-ratio: 1280 \/ 720;\" width=\"1280\" controls src=\"http:\/\/vamosporlaliberacion.org\/crpmlm\/wp-content\/uploads\/2020\/06\/yyOdVn2Y1_DvDlhs.mp4\"><\/video><figcaption>Momento en que tiran la estatua de un esclavista en Bristol<\/figcaption><\/figure>\n\n\n\n<p>En la Ciudad de Bristol, Inglaterra, los manifestantes derribaron y tiraron al r\u00edo Avon la estatua de\u00a0Edward Colston, un esclavista del siglo XVII. La protesta contra el racismo zanj\u00f3 as\u00ed una pol\u00e9mica de a\u00f1os a favor y en contra de que se retirara el monumento. El rechazo al racismo recorre el mundo.\u00a0<\/p>\n\n\n\n<p>El 64% de los ciudadanos estadounidenses apoya el repudio y las exigencias de los manifestantes en m\u00e1s de 130 ciudades de EEUU. pero como bien se se\u00f1ala en las movilizaciones y los escraches en el mundo,<strong> la lucha adquiere la necesaria ubicaci\u00f3n en el repudio al sistema opresor capitalista imperialista que encierra al racismo y el odio a los inmigrantes.<\/strong> Un sistema que se muestra crudamente con la pandemia, con la crisis de los sistemas de salud como en EE.UU., China o Italia que son uno de los factores principales de la expansi\u00f3n del Covid-19 en esos y otros pa\u00edses, agravando las condiciones de vida de millones, donde los j\u00f3venes afroamericanos e inmigrantes son los m\u00e1s castigados en EE.UU. y los principales pa\u00edses europeos.<\/p>\n\n\n\n<div class=\"wp-block-jetpack-slideshow aligncenter\" data-effect=\"slide\"><div class=\"wp-block-jetpack-slideshow_container swiper-container\"><ul class=\"wp-block-jetpack-slideshow_swiper-wrapper swiper-wrapper\"><li class=\"wp-block-jetpack-slideshow_slide swiper-slide\"><figure><img loading=\"lazy\" decoding=\"async\" width=\"768\" height=\"512\" alt=\"\" class=\"wp-block-jetpack-slideshow_image wp-image-18204\" data-id=\"18204\" src=\"https:\/\/i0.wp.com\/vamosporlaliberacion.org\/crpmlm\/wp-content\/uploads\/2020\/06\/foto7.png?fit=696%2C464&amp;ssl=1\" srcset=\"https:\/\/i0.wp.com\/vamosporlaliberacion.org\/crpmlm\/wp-content\/uploads\/2020\/06\/foto7.png?w=768&amp;ssl=1 768w, https:\/\/i0.wp.com\/vamosporlaliberacion.org\/crpmlm\/wp-content\/uploads\/2020\/06\/foto7.png?resize=300%2C200&amp;ssl=1 300w, https:\/\/i0.wp.com\/vamosporlaliberacion.org\/crpmlm\/wp-content\/uploads\/2020\/06\/foto7.png?resize=700%2C467&amp;ssl=1 700w, https:\/\/i0.wp.com\/vamosporlaliberacion.org\/crpmlm\/wp-content\/uploads\/2020\/06\/foto7.png?resize=696%2C464&amp;ssl=1 696w, https:\/\/i0.wp.com\/vamosporlaliberacion.org\/crpmlm\/wp-content\/uploads\/2020\/06\/foto7.png?resize=630%2C420&amp;ssl=1 630w\" sizes=\"(max-width: 696px) 100vw, 696px\" \/><\/figure><\/li><li class=\"wp-block-jetpack-slideshow_slide swiper-slide\"><figure><img loading=\"lazy\" decoding=\"async\" width=\"768\" height=\"512\" alt=\"\" class=\"wp-block-jetpack-slideshow_image wp-image-18205\" data-id=\"18205\" src=\"https:\/\/i0.wp.com\/vamosporlaliberacion.org\/crpmlm\/wp-content\/uploads\/2020\/06\/foto6.png?fit=696%2C464&amp;ssl=1\" srcset=\"https:\/\/i0.wp.com\/vamosporlaliberacion.org\/crpmlm\/wp-content\/uploads\/2020\/06\/foto6.png?w=768&amp;ssl=1 768w, https:\/\/i0.wp.com\/vamosporlaliberacion.org\/crpmlm\/wp-content\/uploads\/2020\/06\/foto6.png?resize=300%2C200&amp;ssl=1 300w, https:\/\/i0.wp.com\/vamosporlaliberacion.org\/crpmlm\/wp-content\/uploads\/2020\/06\/foto6.png?resize=700%2C467&amp;ssl=1 700w, https:\/\/i0.wp.com\/vamosporlaliberacion.org\/crpmlm\/wp-content\/uploads\/2020\/06\/foto6.png?resize=696%2C464&amp;ssl=1 696w, https:\/\/i0.wp.com\/vamosporlaliberacion.org\/crpmlm\/wp-content\/uploads\/2020\/06\/foto6.png?resize=630%2C420&amp;ssl=1 630w\" sizes=\"(max-width: 696px) 100vw, 696px\" \/><\/figure><\/li><li class=\"wp-block-jetpack-slideshow_slide swiper-slide\"><figure><img loading=\"lazy\" decoding=\"async\" width=\"768\" height=\"512\" alt=\"\" class=\"wp-block-jetpack-slideshow_image wp-image-18207\" data-id=\"18207\" src=\"https:\/\/i1.wp.com\/vamosporlaliberacion.org\/crpmlm\/wp-content\/uploads\/2020\/06\/foto5.png?fit=696%2C464&amp;ssl=1\" srcset=\"https:\/\/i0.wp.com\/vamosporlaliberacion.org\/crpmlm\/wp-content\/uploads\/2020\/06\/foto5.png?w=768&amp;ssl=1 768w, https:\/\/i0.wp.com\/vamosporlaliberacion.org\/crpmlm\/wp-content\/uploads\/2020\/06\/foto5.png?resize=300%2C200&amp;ssl=1 300w, https:\/\/i0.wp.com\/vamosporlaliberacion.org\/crpmlm\/wp-content\/uploads\/2020\/06\/foto5.png?resize=700%2C467&amp;ssl=1 700w, https:\/\/i0.wp.com\/vamosporlaliberacion.org\/crpmlm\/wp-content\/uploads\/2020\/06\/foto5.png?resize=696%2C464&amp;ssl=1 696w, https:\/\/i0.wp.com\/vamosporlaliberacion.org\/crpmlm\/wp-content\/uploads\/2020\/06\/foto5.png?resize=630%2C420&amp;ssl=1 630w\" sizes=\"(max-width: 696px) 100vw, 696px\" \/><\/figure><\/li><li class=\"wp-block-jetpack-slideshow_slide swiper-slide is-transient\"><figure><img decoding=\"async\" class=\"wp-block-jetpack-slideshow_image wp-image-undefined\" src=\"blob:http:\/\/vamosporlaliberacion.org\/372631c9-b397-4537-9757-3b0ff344a117\"\/><span class=\"components-spinner\"><\/span><\/figure><\/li><li class=\"wp-block-jetpack-slideshow_slide swiper-slide is-transient\"><figure><img decoding=\"async\" class=\"wp-block-jetpack-slideshow_image wp-image-undefined\" src=\"blob:http:\/\/vamosporlaliberacion.org\/af0dfd9f-cdad-4be7-90da-b9de0c4c31c8\"\/><span class=\"components-spinner\"><\/span><\/figure><\/li><li class=\"wp-block-jetpack-slideshow_slide swiper-slide is-transient\"><figure><img decoding=\"async\" class=\"wp-block-jetpack-slideshow_image wp-image-undefined\" src=\"blob:http:\/\/vamosporlaliberacion.org\/bbbe39dd-31be-4ec8-9a6c-3d837af1bf9b\"\/><span class=\"components-spinner\"><\/span><\/figure><\/li><li class=\"wp-block-jetpack-slideshow_slide swiper-slide is-transient\"><figure><img decoding=\"async\" class=\"wp-block-jetpack-slideshow_image wp-image-undefined\" src=\"blob:http:\/\/vamosporlaliberacion.org\/fb01629b-629c-4232-a98d-2137acf32e59\"\/><span class=\"components-spinner\"><\/span><\/figure><\/li><\/ul><a class=\"wp-block-jetpack-slideshow_button-prev swiper-button-prev swiper-button-white\" role=\"button\"><\/a><a class=\"wp-block-jetpack-slideshow_button-next swiper-button-next swiper-button-white\" role=\"button\"><\/a><a aria-label=\"Pause Slideshow\" class=\"wp-block-jetpack-slideshow_button-pause\" role=\"button\"><\/a><div class=\"wp-block-jetpack-slideshow_pagination swiper-pagination swiper-pagination-white\"><\/div><\/div><\/div>\n\n\n\n<p>La crisis en EEUU no es solo por su racismo como \u201cpol\u00edtica de Estado\u201d, se ha abierto una situaci\u00f3n m\u00e1s profunda, hist\u00f3rica, que debe su explicaci\u00f3n en las condiciones internas de la crisis en ese pa\u00eds, y por los factores externos en la agudizaci\u00f3n de la disputa interimperialista en particular con China, y por la resistencia de los pueblos al sometimiento que pretenden a trav\u00e9s de los gobiernos c\u00f3mplices en Am\u00e9rica Latina.&nbsp;&nbsp;<\/p>\n\n\n\n<p>La crisis de la principal superpotencia dentro de la crisis del sistema capitalista imperialista, ahora agravado por la pandemia, lleva la desigualdad, el odio y la guerra como la nube a la tormenta. <strong>La realidad cotidiana que ha comenzado a estallar son la muestra de situaciones l\u00edmites con comunidades rotas, junto con el aumento de la desigualdad, la criminalidad, los apremios y muertes por parte de las fuerzas de seguridad.\u00a0<\/strong><\/p>\n\n\n\n<p>Pero <strong>las voces y acciones en el mundo y en particular en los EE.UU. tienen a nuevas generaciones de j\u00f3venes luchadorxs que est\u00e1n protagonizando el repudio a un orden establecido que es de muerte y desesperanza.<\/strong> No hay un liderazgo claro a\u00fan, pero al calor de la lucha se ir\u00e1 poniendo de pie y organizado esa resistencia que tarde o temprano conquistar\u00e1 una democracia grande, la de los pueblos, la que vale la pena defender y ser vivida.\u00a0<\/p>\n<!-- AddThis Advanced Settings generic via filter on the_content --><!-- AddThis Share Buttons generic via filter on the_content -->","protected":false},"excerpt":{"rendered":"<p>La bronca estall\u00f3 primero en repudio al asesinato de Floyd, pero se expandi\u00f3 r\u00e1pido por los miles de asesinatos y el hartazgo de la violencia racista. Miles de personas salen a las calles en todo el mundo, se\u00f1alan a los responsables de haber sostenido la esclavitud en las capitales europeas y tiran abajo sus monumentos [&hellip;]<!-- AddThis Advanced Settings generic via filter on get_the_excerpt --><!-- AddThis Share Buttons generic via filter on get_the_excerpt --><\/p>\n","protected":false},"author":6,"featured_media":18206,"comment_status":"open","ping_status":"open","sticky":false,"template":"","format":"standard","meta":{"_jetpack_memberships_contains_paid_content":false,"footnotes":""},"categories":[1878],"tags":[],"class_list":{"0":"post-18201","1":"post","2":"type-post","3":"status-publish","4":"format-standard","5":"has-post-thumbnail","7":"category-internacional"},"yoast_head":"<!-- This site is optimized with the Yoast SEO plugin v27.4 - https:\/\/yoast.com\/product\/yoast-seo-wordpress\/ -->\n<title>El rechazo al racismo y la represi\u00f3n recorre el mundo - Vamos por la Liberaci\u00f3n<\/title>\n<meta name=\"robots\" content=\"index, follow, max-snippet:-1, max-image-preview:large, max-video-preview:-1\" \/>\n<link rel=\"canonical\" href=\"https:\/\/vamosporlaliberacion.org\/crpmlm\/el-rechazo-al-racismo-y-la-represion-recorre-el-mundo\/\" \/>\n<meta name=\"twitter:label1\" content=\"Escrito por\" \/>\n\t<meta name=\"twitter:data1\" content=\"vamos!\" \/>\n\t<meta name=\"twitter:label2\" content=\"Tiempo de lectura\" \/>\n\t<meta name=\"twitter:data2\" content=\"3 minutos\" \/>\n<script type=\"application\/ld+json\" class=\"yoast-schema-graph\">{\"@context\":\"https:\\\/\\\/schema.org\",\"@graph\":[{\"@type\":\"Article\",\"@id\":\"https:\\\/\\\/vamosporlaliberacion.org\\\/crpmlm\\\/el-rechazo-al-racismo-y-la-represion-recorre-el-mundo\\\/#article\",\"isPartOf\":{\"@id\":\"https:\\\/\\\/vamosporlaliberacion.org\\\/crpmlm\\\/el-rechazo-al-racismo-y-la-represion-recorre-el-mundo\\\/\"},\"author\":{\"name\":\"vamos!\",\"@id\":\"https:\\\/\\\/vamosporlaliberacion.org\\\/crpmlm\\\/#\\\/schema\\\/person\\\/d6eac7758df3770dae9cd9eb104d615c\"},\"headline\":\"El rechazo al racismo y la represi\u00f3n recorre el mundo\",\"datePublished\":\"2020-06-08T16:07:18+00:00\",\"dateModified\":\"2020-11-05T23:24:11+00:00\",\"mainEntityOfPage\":{\"@id\":\"https:\\\/\\\/vamosporlaliberacion.org\\\/crpmlm\\\/el-rechazo-al-racismo-y-la-represion-recorre-el-mundo\\\/\"},\"wordCount\":621,\"commentCount\":0,\"image\":{\"@id\":\"https:\\\/\\\/vamosporlaliberacion.org\\\/crpmlm\\\/el-rechazo-al-racismo-y-la-represion-recorre-el-mundo\\\/#primaryimage\"},\"thumbnailUrl\":\"https:\\\/\\\/i0.wp.com\\\/vamosporlaliberacion.org\\\/crpmlm\\\/wp-content\\\/uploads\\\/2020\\\/06\\\/foto00.jpg?fit=1960%2C1330&ssl=1\",\"articleSection\":[\"Internacional\"],\"inLanguage\":\"es\",\"potentialAction\":[{\"@type\":\"CommentAction\",\"name\":\"Comment\",\"target\":[\"https:\\\/\\\/vamosporlaliberacion.org\\\/crpmlm\\\/el-rechazo-al-racismo-y-la-represion-recorre-el-mundo\\\/#respond\"]}]},{\"@type\":\"WebPage\",\"@id\":\"https:\\\/\\\/vamosporlaliberacion.org\\\/crpmlm\\\/el-rechazo-al-racismo-y-la-represion-recorre-el-mundo\\\/\",\"url\":\"https:\\\/\\\/vamosporlaliberacion.org\\\/crpmlm\\\/el-rechazo-al-racismo-y-la-represion-recorre-el-mundo\\\/\",\"name\":\"El rechazo al racismo y la represi\u00f3n recorre el mundo - Vamos por la Liberaci\u00f3n\",\"isPartOf\":{\"@id\":\"https:\\\/\\\/vamosporlaliberacion.org\\\/crpmlm\\\/#website\"},\"primaryImageOfPage\":{\"@id\":\"https:\\\/\\\/vamosporlaliberacion.org\\\/crpmlm\\\/el-rechazo-al-racismo-y-la-represion-recorre-el-mundo\\\/#primaryimage\"},\"image\":{\"@id\":\"https:\\\/\\\/vamosporlaliberacion.org\\\/crpmlm\\\/el-rechazo-al-racismo-y-la-represion-recorre-el-mundo\\\/#primaryimage\"},\"thumbnailUrl\":\"https:\\\/\\\/i0.wp.com\\\/vamosporlaliberacion.org\\\/crpmlm\\\/wp-content\\\/uploads\\\/2020\\\/06\\\/foto00.jpg?fit=1960%2C1330&ssl=1\",\"datePublished\":\"2020-06-08T16:07:18+00:00\",\"dateModified\":\"2020-11-05T23:24:11+00:00\",\"author\":{\"@id\":\"https:\\\/\\\/vamosporlaliberacion.org\\\/crpmlm\\\/#\\\/schema\\\/person\\\/d6eac7758df3770dae9cd9eb104d615c\"},\"breadcrumb\":{\"@id\":\"https:\\\/\\\/vamosporlaliberacion.org\\\/crpmlm\\\/el-rechazo-al-racismo-y-la-represion-recorre-el-mundo\\\/#breadcrumb\"},\"inLanguage\":\"es\",\"potentialAction\":[{\"@type\":\"ReadAction\",\"target\":[\"https:\\\/\\\/vamosporlaliberacion.org\\\/crpmlm\\\/el-rechazo-al-racismo-y-la-represion-recorre-el-mundo\\\/\"]}]},{\"@type\":\"ImageObject\",\"inLanguage\":\"es\",\"@id\":\"https:\\\/\\\/vamosporlaliberacion.org\\\/crpmlm\\\/el-rechazo-al-racismo-y-la-represion-recorre-el-mundo\\\/#primaryimage\",\"url\":\"https:\\\/\\\/i0.wp.com\\\/vamosporlaliberacion.org\\\/crpmlm\\\/wp-content\\\/uploads\\\/2020\\\/06\\\/foto00.jpg?fit=1960%2C1330&ssl=1\",\"contentUrl\":\"https:\\\/\\\/i0.wp.com\\\/vamosporlaliberacion.org\\\/crpmlm\\\/wp-content\\\/uploads\\\/2020\\\/06\\\/foto00.jpg?fit=1960%2C1330&ssl=1\",\"width\":1960,\"height\":1330},{\"@type\":\"BreadcrumbList\",\"@id\":\"https:\\\/\\\/vamosporlaliberacion.org\\\/crpmlm\\\/el-rechazo-al-racismo-y-la-represion-recorre-el-mundo\\\/#breadcrumb\",\"itemListElement\":[{\"@type\":\"ListItem\",\"position\":1,\"name\":\"Portada\",\"item\":\"https:\\\/\\\/vamosporlaliberacion.org\\\/crpmlm\\\/\"},{\"@type\":\"ListItem\",\"position\":2,\"name\":\"El rechazo al racismo y la represi\u00f3n recorre el mundo\"}]},{\"@type\":\"WebSite\",\"@id\":\"https:\\\/\\\/vamosporlaliberacion.org\\\/crpmlm\\\/#website\",\"url\":\"https:\\\/\\\/vamosporlaliberacion.org\\\/crpmlm\\\/\",\"name\":\"Vamos por la Liberaci\u00f3n\",\"description\":\"Prensa CR\",\"potentialAction\":[{\"@type\":\"SearchAction\",\"target\":{\"@type\":\"EntryPoint\",\"urlTemplate\":\"https:\\\/\\\/vamosporlaliberacion.org\\\/crpmlm\\\/?s={search_term_string}\"},\"query-input\":{\"@type\":\"PropertyValueSpecification\",\"valueRequired\":true,\"valueName\":\"search_term_string\"}}],\"inLanguage\":\"es\"},{\"@type\":\"Person\",\"@id\":\"https:\\\/\\\/vamosporlaliberacion.org\\\/crpmlm\\\/#\\\/schema\\\/person\\\/d6eac7758df3770dae9cd9eb104d615c\",\"name\":\"vamos!\",\"url\":\"http:\\\/\\\/vamosporlaliberacion.org\\\/crpmlm\\\/author\\\/adminvxl\\\/\"}]}<\/script>\n<!-- \/ Yoast SEO plugin. -->","yoast_head_json":{"title":"El rechazo al racismo y la represi\u00f3n recorre el mundo - Vamos por la Liberaci\u00f3n","robots":{"index":"index","follow":"follow","max-snippet":"max-snippet:-1","max-image-preview":"max-image-preview:large","max-video-preview":"max-video-preview:-1"},"canonical":"https:\/\/vamosporlaliberacion.org\/crpmlm\/el-rechazo-al-racismo-y-la-represion-recorre-el-mundo\/","twitter_misc":{"Escrito por":"vamos!","Tiempo de lectura":"3 minutos"},"schema":{"@context":"https:\/\/schema.org","@graph":[{"@type":"Article","@id":"https:\/\/vamosporlaliberacion.org\/crpmlm\/el-rechazo-al-racismo-y-la-represion-recorre-el-mundo\/#article","isPartOf":{"@id":"https:\/\/vamosporlaliberacion.org\/crpmlm\/el-rechazo-al-racismo-y-la-represion-recorre-el-mundo\/"},"author":{"name":"vamos!","@id":"https:\/\/vamosporlaliberacion.org\/crpmlm\/#\/schema\/person\/d6eac7758df3770dae9cd9eb104d615c"},"headline":"El rechazo al racismo y la represi\u00f3n recorre el mundo","datePublished":"2020-06-08T16:07:18+00:00","dateModified":"2020-11-05T23:24:11+00:00","mainEntityOfPage":{"@id":"https:\/\/vamosporlaliberacion.org\/crpmlm\/el-rechazo-al-racismo-y-la-represion-recorre-el-mundo\/"},"wordCount":621,"commentCount":0,"image":{"@id":"https:\/\/vamosporlaliberacion.org\/crpmlm\/el-rechazo-al-racismo-y-la-represion-recorre-el-mundo\/#primaryimage"},"thumbnailUrl":"https:\/\/i0.wp.com\/vamosporlaliberacion.org\/crpmlm\/wp-content\/uploads\/2020\/06\/foto00.jpg?fit=1960%2C1330&ssl=1","articleSection":["Internacional"],"inLanguage":"es","potentialAction":[{"@type":"CommentAction","name":"Comment","target":["https:\/\/vamosporlaliberacion.org\/crpmlm\/el-rechazo-al-racismo-y-la-represion-recorre-el-mundo\/#respond"]}]},{"@type":"WebPage","@id":"https:\/\/vamosporlaliberacion.org\/crpmlm\/el-rechazo-al-racismo-y-la-represion-recorre-el-mundo\/","url":"https:\/\/vamosporlaliberacion.org\/crpmlm\/el-rechazo-al-racismo-y-la-represion-recorre-el-mundo\/","name":"El rechazo al racismo y la represi\u00f3n recorre el mundo - Vamos por la Liberaci\u00f3n","isPartOf":{"@id":"https:\/\/vamosporlaliberacion.org\/crpmlm\/#website"},"primaryImageOfPage":{"@id":"https:\/\/vamosporlaliberacion.org\/crpmlm\/el-rechazo-al-racismo-y-la-represion-recorre-el-mundo\/#primaryimage"},"image":{"@id":"https:\/\/vamosporlaliberacion.org\/crpmlm\/el-rechazo-al-racismo-y-la-represion-recorre-el-mundo\/#primaryimage"},"thumbnailUrl":"https:\/\/i0.wp.com\/vamosporlaliberacion.org\/crpmlm\/wp-content\/uploads\/2020\/06\/foto00.jpg?fit=1960%2C1330&ssl=1","datePublished":"2020-06-08T16:07:18+00:00","dateModified":"2020-11-05T23:24:11+00:00","author":{"@id":"https:\/\/vamosporlaliberacion.org\/crpmlm\/#\/schema\/person\/d6eac7758df3770dae9cd9eb104d615c"},"breadcrumb":{"@id":"https:\/\/vamosporlaliberacion.org\/crpmlm\/el-rechazo-al-racismo-y-la-represion-recorre-el-mundo\/#breadcrumb"},"inLanguage":"es","potentialAction":[{"@type":"ReadAction","target":["https:\/\/vamosporlaliberacion.org\/crpmlm\/el-rechazo-al-racismo-y-la-represion-recorre-el-mundo\/"]}]},{"@type":"ImageObject","inLanguage":"es","@id":"https:\/\/vamosporlaliberacion.org\/crpmlm\/el-rechazo-al-racismo-y-la-represion-recorre-el-mundo\/#primaryimage","url":"https:\/\/i0.wp.com\/vamosporlaliberacion.org\/crpmlm\/wp-content\/uploads\/2020\/06\/foto00.jpg?fit=1960%2C1330&ssl=1","contentUrl":"https:\/\/i0.wp.com\/vamosporlaliberacion.org\/crpmlm\/wp-content\/uploads\/2020\/06\/foto00.jpg?fit=1960%2C1330&ssl=1","width":1960,"height":1330},{"@type":"BreadcrumbList","@id":"https:\/\/vamosporlaliberacion.org\/crpmlm\/el-rechazo-al-racismo-y-la-represion-recorre-el-mundo\/#breadcrumb","itemListElement":[{"@type":"ListItem","position":1,"name":"Portada","item":"https:\/\/vamosporlaliberacion.org\/crpmlm\/"},{"@type":"ListItem","position":2,"name":"El rechazo al racismo y la represi\u00f3n recorre el mundo"}]},{"@type":"WebSite","@id":"https:\/\/vamosporlaliberacion.org\/crpmlm\/#website","url":"https:\/\/vamosporlaliberacion.org\/crpmlm\/","name":"Vamos por la Liberaci\u00f3n","description":"Prensa CR","potentialAction":[{"@type":"SearchAction","target":{"@type":"EntryPoint","urlTemplate":"https:\/\/vamosporlaliberacion.org\/crpmlm\/?s={search_term_string}"},"query-input":{"@type":"PropertyValueSpecification","valueRequired":true,"valueName":"search_term_string"}}],"inLanguage":"es"},{"@type":"Person","@id":"https:\/\/vamosporlaliberacion.org\/crpmlm\/#\/schema\/person\/d6eac7758df3770dae9cd9eb104d615c","name":"vamos!","url":"http:\/\/vamosporlaliberacion.org\/crpmlm\/author\/adminvxl\/"}]}},"jetpack_featured_media_url":"https:\/\/i0.wp.com\/vamosporlaliberacion.org\/crpmlm\/wp-content\/uploads\/2020\/06\/foto00.jpg?fit=1960%2C1330&ssl=1","jetpack_sharing_enabled":true,"_links":{"self":[{"href":"http:\/\/vamosporlaliberacion.org\/crpmlm\/wp-json\/wp\/v2\/posts\/18201","targetHints":{"allow":["GET"]}}],"collection":[{"href":"http:\/\/vamosporlaliberacion.org\/crpmlm\/wp-json\/wp\/v2\/posts"}],"about":[{"href":"http:\/\/vamosporlaliberacion.org\/crpmlm\/wp-json\/wp\/v2\/types\/post"}],"author":[{"embeddable":true,"href":"http:\/\/vamosporlaliberacion.org\/crpmlm\/wp-json\/wp\/v2\/users\/6"}],"replies":[{"embeddable":true,"href":"http:\/\/vamosporlaliberacion.org\/crpmlm\/wp-json\/wp\/v2\/comments?post=18201"}],"version-history":[{"count":3,"href":"http:\/\/vamosporlaliberacion.org\/crpmlm\/wp-json\/wp\/v2\/posts\/18201\/revisions"}],"predecessor-version":[{"id":18212,"href":"http:\/\/vamosporlaliberacion.org\/crpmlm\/wp-json\/wp\/v2\/posts\/18201\/revisions\/18212"}],"wp:featuredmedia":[{"embeddable":true,"href":"http:\/\/vamosporlaliberacion.org\/crpmlm\/wp-json\/wp\/v2\/media\/18206"}],"wp:attachment":[{"href":"http:\/\/vamosporlaliberacion.org\/crpmlm\/wp-json\/wp\/v2\/media?parent=18201"}],"wp:term":[{"taxonomy":"category","embeddable":true,"href":"http:\/\/vamosporlaliberacion.org\/crpmlm\/wp-json\/wp\/v2\/categories?post=18201"},{"taxonomy":"post_tag","embeddable":true,"href":"http:\/\/vamosporlaliberacion.org\/crpmlm\/wp-json\/wp\/v2\/tags?post=18201"}],"curies":[{"name":"wp","href":"https:\/\/api.w.org\/{rel}","templated":true}]}}