{"id":18196,"date":"2020-06-08T10:19:38","date_gmt":"2020-06-08T13:19:38","guid":{"rendered":"http:\/\/vamosporlaliberacion.org\/crpmlm\/?p=18196"},"modified":"2020-10-25T19:33:12","modified_gmt":"2020-10-25T22:33:12","slug":"nos-toca-defender-nuestro-salario-nos-toca-defender-a-nuestro-sector-y-eso-es-lo-que-vamos-a-hacer-horacio-catena","status":"publish","type":"post","link":"http:\/\/vamosporlaliberacion.org\/crpmlm\/nos-toca-defender-nuestro-salario-nos-toca-defender-a-nuestro-sector-y-eso-es-lo-que-vamos-a-hacer-horacio-catena\/","title":{"rendered":"\u201cNos toca defender nuestro salario, nos toca defender a nuestro sector, y eso es lo que vamos a hacer\u201d, Horacio Catena"},"content":{"rendered":"\n<p style=\"font-size:18px\"><strong>Los docentes de Tierra del Fuego realizaron el pasado jueves 4 y viernes 5 una jornada de apag\u00f3n virtual acompa\u00f1ando con caravanas en las ciudades de R\u00edo Grande, Tolhuin y Ushuaia, reclamando al Gobierno provincial el cumplimiento del acuerdo homologado. La jornada se resolvi\u00f3 luego de un Congreso Provincial del SUTEF.<\/strong><\/p>\n\n\n\n<p>\u201cCuando se nos anunci\u00f3 la postergaci\u00f3n por 60 d\u00edas m\u00e1s, llamamos a realizar asambleas virtuales, como se puede y con las dificultades que implica, porque est\u00e1 clara la situaci\u00f3n en la que estamos. Hicimos un Congreso Provincial, d\u00f3nde se determin\u00f3 la realizaci\u00f3n de un apag\u00f3n virtual hoy (04\/06) y ma\u00f1ana (05\/06) con caravanas cumpliendo estrictamente lo dispuesto por las autoridades sanitarias, en t\u00e9rminos de la circulaci\u00f3n vehicular familiar\u201d, se\u00f1al\u00f3 Horacio Catena, Secretario General del SUTEF, y a\u00f1adi\u00f3 \u201cno nos ponernos en riesgo nosotros, ni nuestras familias, y obviamente no traer ning\u00fan otro tipo de inconveniente en esto que ya es una pesadilla\u201d.<\/p>\n\n\n\n<p>Catena explic\u00f3 que \u201cla situaci\u00f3n de la familia docente es grave, como se lo hemos dicho al ministro de Econom\u00eda (Guillermo Fern\u00e1ndez) y a la ministra de Educaci\u00f3n (Anal\u00eda Cubino) la docencia ha invertido para poder trabajar en todos estos d\u00edas\u201d.<\/p>\n\n\n\n<p>El titular del gremio docente de Tierra del Fuego sostuvo que, \u201cllevamos cerca de dos meses y medio en los que se hace importante compartir algunos datos que muchas veces no damos, porque la docencia para atender la demanda educativa ha invertido en conectividad, en la utilizaci\u00f3n de tiempo, en compra de software; es decir, una cantidad de cosas que ha tenido que realizar para intentar cumplir con algo que tuvo que inventar y que implic\u00f3 la duplicaci\u00f3n de las horas de trabajo. <strong>Es importante decir que se estuvieron atendiendo aproximadamente a 50 mil ni\u00f1os, adolescentes y adultos que son estudiantes en la provincia, <\/strong>si eso lo proyectamos familiarmente, porque son actividades planificadas que involucran a las familias, la docencia estuvo trabajando con no menos de 170 o 180 mil personas a lo largo de todos estos d\u00edas\u201d.<\/p>\n\n\n\n<p><strong>\u201cHay sectores que la est\u00e1n pasando mal, que han perdido su empleo, que han perdido sus ingresos, y como parte de esos sectores queremos que se garantice nuestro salario, que se garantice el acceso a la conectividad y los bienes tecnol\u00f3gicos, para poder dar satisfacci\u00f3n a lo que se est\u00e1 llevando adelante que no es poco\u201d<\/strong>, remarc\u00f3 Catena.<\/p>\n\n\n\n<figure class=\"wp-block-image size-large\"><img loading=\"lazy\" decoding=\"async\" width=\"748\" height=\"440\" src=\"https:\/\/i1.wp.com\/vamosporlaliberacion.org\/crpmlm\/wp-content\/uploads\/2020\/06\/sutef2.jpg?fit=696%2C410&amp;ssl=1\" alt=\"\" class=\"wp-image-18198\" srcset=\"https:\/\/i0.wp.com\/vamosporlaliberacion.org\/crpmlm\/wp-content\/uploads\/2020\/06\/sutef2.jpg?w=748&amp;ssl=1 748w, https:\/\/i0.wp.com\/vamosporlaliberacion.org\/crpmlm\/wp-content\/uploads\/2020\/06\/sutef2.jpg?resize=300%2C176&amp;ssl=1 300w, https:\/\/i0.wp.com\/vamosporlaliberacion.org\/crpmlm\/wp-content\/uploads\/2020\/06\/sutef2.jpg?resize=700%2C412&amp;ssl=1 700w, https:\/\/i0.wp.com\/vamosporlaliberacion.org\/crpmlm\/wp-content\/uploads\/2020\/06\/sutef2.jpg?resize=696%2C409&amp;ssl=1 696w, https:\/\/i0.wp.com\/vamosporlaliberacion.org\/crpmlm\/wp-content\/uploads\/2020\/06\/sutef2.jpg?resize=714%2C420&amp;ssl=1 714w\" sizes=\"auto, (max-width: 696px) 100vw, 696px\" \/><\/figure>\n\n\n\n<p>Refiri\u00e9ndose a la nueva postergaci\u00f3n del pago del incremento salarial acordado, dijo que, \u201cfue una medida que obviamente no esper\u00e1bamos, aunque la situaci\u00f3n es la que es y como dec\u00edan nuestros propios compa\u00f1eros y compa\u00f1eras: algo se ol\u00eda. Pero la verdad es que nosotros lo hemos discutido claramente con el Ministro de Econom\u00eda. Algunas medidas que se tomaron se ten\u00edan que haber tomado antes -y nosotros lo planteamos- y algunas que todav\u00eda no se tomaron ya se deber\u00edan haber tomado. Pero nosotros no gobernamos, nosotros no disponemos las pol\u00edticas. Lo que nosotros se\u00f1alamos es alguna l\u00ednea de acci\u00f3n de lo que se deber\u00eda haber hecho, ahora nos toca defender nuestro salario, nos toca defender a nuestro sector y eso es lo que vamos a hacer\u201d.<\/p>\n\n\n\n<p>\u201cHace cuatro a\u00f1os y medio que no hay aumento en el b\u00e1sico del sector docente. Era la primera vez en cuatro a\u00f1os y medio que \u00edbamos a tener un 25% de aumento en el b\u00e1sico, ojo en un salario de 25 mil pesos, no estamos hablando de un salario de 150 o 200 mil pesos, pero se iba a mejorar el ingreso de nuestras jubiladas, de nuestros jubilados. Entonces para nosotros era esperado, era importante, por eso se lo hemos planteado al Gobierno y estamos esperando que revean la decisi\u00f3n. Esperamos ser escuchados, pero mientras tanto nos tocas ser visibles, con responsabilidad social, como lo hacemos, y sin exponer a nadie, pero es lo que nos toca y lo vamos a hacer\u201d, subray\u00f3 Horacio Catena.<\/p>\n\n\n\n<p><\/p>\n<!-- AddThis Advanced Settings generic via filter on the_content --><!-- AddThis Share Buttons generic via filter on the_content -->","protected":false},"excerpt":{"rendered":"<p>Los docentes de Tierra del Fuego realizaron el pasado jueves 4 y viernes 5 una jornada de apag\u00f3n virtual acompa\u00f1ando con caravanas en las ciudades de R\u00edo Grande, Tolhuin y Ushuaia, reclamando al Gobierno provincial el cumplimiento del acuerdo homologado. La jornada se resolvi\u00f3 luego de un Congreso Provincial del SUTEF. \u201cCuando se nos anunci\u00f3 [&hellip;]<!-- AddThis Advanced Settings generic via filter on get_the_excerpt --><!-- AddThis Share Buttons generic via filter on get_the_excerpt --><\/p>\n","protected":false},"author":6,"featured_media":18197,"comment_status":"open","ping_status":"open","sticky":false,"template":"","format":"standard","meta":{"_jetpack_memberships_contains_paid_content":false,"footnotes":""},"categories":[1877,1520],"tags":[],"class_list":{"0":"post-18196","1":"post","2":"type-post","3":"status-publish","4":"format-standard","5":"has-post-thumbnail","7":"category-gremiales","8":"category-entrevista"},"yoast_head":"<!-- This site is optimized with the Yoast SEO plugin v27.4 - https:\/\/yoast.com\/product\/yoast-seo-wordpress\/ -->\n<title>\u201cNos toca defender nuestro salario, nos toca defender a nuestro sector, y eso es lo que vamos a hacer\u201d, Horacio Catena - Vamos por la Liberaci\u00f3n<\/title>\n<meta name=\"robots\" content=\"index, follow, max-snippet:-1, max-image-preview:large, max-video-preview:-1\" \/>\n<link rel=\"canonical\" href=\"http:\/\/vamosporlaliberacion.org\/crpmlm\/nos-toca-defender-nuestro-salario-nos-toca-defender-a-nuestro-sector-y-eso-es-lo-que-vamos-a-hacer-horacio-catena\/\" \/>\n<meta name=\"twitter:label1\" content=\"Escrito por\" \/>\n\t<meta name=\"twitter:data1\" content=\"vamos!\" \/>\n\t<meta name=\"twitter:label2\" content=\"Tiempo de lectura\" \/>\n\t<meta name=\"twitter:data2\" content=\"3 minutos\" \/>\n<script type=\"application\/ld+json\" class=\"yoast-schema-graph\">{\"@context\":\"https:\\\/\\\/schema.org\",\"@graph\":[{\"@type\":\"Article\",\"@id\":\"http:\\\/\\\/vamosporlaliberacion.org\\\/crpmlm\\\/nos-toca-defender-nuestro-salario-nos-toca-defender-a-nuestro-sector-y-eso-es-lo-que-vamos-a-hacer-horacio-catena\\\/#article\",\"isPartOf\":{\"@id\":\"http:\\\/\\\/vamosporlaliberacion.org\\\/crpmlm\\\/nos-toca-defender-nuestro-salario-nos-toca-defender-a-nuestro-sector-y-eso-es-lo-que-vamos-a-hacer-horacio-catena\\\/\"},\"author\":{\"name\":\"vamos!\",\"@id\":\"https:\\\/\\\/vamosporlaliberacion.org\\\/crpmlm\\\/#\\\/schema\\\/person\\\/d6eac7758df3770dae9cd9eb104d615c\"},\"headline\":\"\u201cNos toca defender nuestro salario, nos toca defender a nuestro sector, y eso es lo que vamos a hacer\u201d, Horacio Catena\",\"datePublished\":\"2020-06-08T13:19:38+00:00\",\"dateModified\":\"2020-10-25T22:33:12+00:00\",\"mainEntityOfPage\":{\"@id\":\"http:\\\/\\\/vamosporlaliberacion.org\\\/crpmlm\\\/nos-toca-defender-nuestro-salario-nos-toca-defender-a-nuestro-sector-y-eso-es-lo-que-vamos-a-hacer-horacio-catena\\\/\"},\"wordCount\":700,\"commentCount\":0,\"image\":{\"@id\":\"http:\\\/\\\/vamosporlaliberacion.org\\\/crpmlm\\\/nos-toca-defender-nuestro-salario-nos-toca-defender-a-nuestro-sector-y-eso-es-lo-que-vamos-a-hacer-horacio-catena\\\/#primaryimage\"},\"thumbnailUrl\":\"https:\\\/\\\/i0.wp.com\\\/vamosporlaliberacion.org\\\/crpmlm\\\/wp-content\\\/uploads\\\/2020\\\/06\\\/sutef.jpg?fit=1142%2C541&ssl=1\",\"articleSection\":[\"Actualidad e historia del movimiento obrero\",\"Entrevista\"],\"inLanguage\":\"es\",\"potentialAction\":[{\"@type\":\"CommentAction\",\"name\":\"Comment\",\"target\":[\"http:\\\/\\\/vamosporlaliberacion.org\\\/crpmlm\\\/nos-toca-defender-nuestro-salario-nos-toca-defender-a-nuestro-sector-y-eso-es-lo-que-vamos-a-hacer-horacio-catena\\\/#respond\"]}]},{\"@type\":\"WebPage\",\"@id\":\"http:\\\/\\\/vamosporlaliberacion.org\\\/crpmlm\\\/nos-toca-defender-nuestro-salario-nos-toca-defender-a-nuestro-sector-y-eso-es-lo-que-vamos-a-hacer-horacio-catena\\\/\",\"url\":\"http:\\\/\\\/vamosporlaliberacion.org\\\/crpmlm\\\/nos-toca-defender-nuestro-salario-nos-toca-defender-a-nuestro-sector-y-eso-es-lo-que-vamos-a-hacer-horacio-catena\\\/\",\"name\":\"\u201cNos toca defender nuestro salario, nos toca defender a nuestro sector, y eso es lo que vamos a hacer\u201d, Horacio Catena - Vamos por la Liberaci\u00f3n\",\"isPartOf\":{\"@id\":\"https:\\\/\\\/vamosporlaliberacion.org\\\/crpmlm\\\/#website\"},\"primaryImageOfPage\":{\"@id\":\"http:\\\/\\\/vamosporlaliberacion.org\\\/crpmlm\\\/nos-toca-defender-nuestro-salario-nos-toca-defender-a-nuestro-sector-y-eso-es-lo-que-vamos-a-hacer-horacio-catena\\\/#primaryimage\"},\"image\":{\"@id\":\"http:\\\/\\\/vamosporlaliberacion.org\\\/crpmlm\\\/nos-toca-defender-nuestro-salario-nos-toca-defender-a-nuestro-sector-y-eso-es-lo-que-vamos-a-hacer-horacio-catena\\\/#primaryimage\"},\"thumbnailUrl\":\"https:\\\/\\\/i0.wp.com\\\/vamosporlaliberacion.org\\\/crpmlm\\\/wp-content\\\/uploads\\\/2020\\\/06\\\/sutef.jpg?fit=1142%2C541&ssl=1\",\"datePublished\":\"2020-06-08T13:19:38+00:00\",\"dateModified\":\"2020-10-25T22:33:12+00:00\",\"author\":{\"@id\":\"https:\\\/\\\/vamosporlaliberacion.org\\\/crpmlm\\\/#\\\/schema\\\/person\\\/d6eac7758df3770dae9cd9eb104d615c\"},\"breadcrumb\":{\"@id\":\"http:\\\/\\\/vamosporlaliberacion.org\\\/crpmlm\\\/nos-toca-defender-nuestro-salario-nos-toca-defender-a-nuestro-sector-y-eso-es-lo-que-vamos-a-hacer-horacio-catena\\\/#breadcrumb\"},\"inLanguage\":\"es\",\"potentialAction\":[{\"@type\":\"ReadAction\",\"target\":[\"http:\\\/\\\/vamosporlaliberacion.org\\\/crpmlm\\\/nos-toca-defender-nuestro-salario-nos-toca-defender-a-nuestro-sector-y-eso-es-lo-que-vamos-a-hacer-horacio-catena\\\/\"]}]},{\"@type\":\"ImageObject\",\"inLanguage\":\"es\",\"@id\":\"http:\\\/\\\/vamosporlaliberacion.org\\\/crpmlm\\\/nos-toca-defender-nuestro-salario-nos-toca-defender-a-nuestro-sector-y-eso-es-lo-que-vamos-a-hacer-horacio-catena\\\/#primaryimage\",\"url\":\"https:\\\/\\\/i0.wp.com\\\/vamosporlaliberacion.org\\\/crpmlm\\\/wp-content\\\/uploads\\\/2020\\\/06\\\/sutef.jpg?fit=1142%2C541&ssl=1\",\"contentUrl\":\"https:\\\/\\\/i0.wp.com\\\/vamosporlaliberacion.org\\\/crpmlm\\\/wp-content\\\/uploads\\\/2020\\\/06\\\/sutef.jpg?fit=1142%2C541&ssl=1\",\"width\":1142,\"height\":541},{\"@type\":\"BreadcrumbList\",\"@id\":\"http:\\\/\\\/vamosporlaliberacion.org\\\/crpmlm\\\/nos-toca-defender-nuestro-salario-nos-toca-defender-a-nuestro-sector-y-eso-es-lo-que-vamos-a-hacer-horacio-catena\\\/#breadcrumb\",\"itemListElement\":[{\"@type\":\"ListItem\",\"position\":1,\"name\":\"Portada\",\"item\":\"https:\\\/\\\/vamosporlaliberacion.org\\\/crpmlm\\\/\"},{\"@type\":\"ListItem\",\"position\":2,\"name\":\"\u201cNos toca defender nuestro salario, nos toca defender a nuestro sector, y eso es lo que vamos a hacer\u201d, Horacio Catena\"}]},{\"@type\":\"WebSite\",\"@id\":\"https:\\\/\\\/vamosporlaliberacion.org\\\/crpmlm\\\/#website\",\"url\":\"https:\\\/\\\/vamosporlaliberacion.org\\\/crpmlm\\\/\",\"name\":\"Vamos por la Liberaci\u00f3n\",\"description\":\"Prensa CR\",\"potentialAction\":[{\"@type\":\"SearchAction\",\"target\":{\"@type\":\"EntryPoint\",\"urlTemplate\":\"https:\\\/\\\/vamosporlaliberacion.org\\\/crpmlm\\\/?s={search_term_string}\"},\"query-input\":{\"@type\":\"PropertyValueSpecification\",\"valueRequired\":true,\"valueName\":\"search_term_string\"}}],\"inLanguage\":\"es\"},{\"@type\":\"Person\",\"@id\":\"https:\\\/\\\/vamosporlaliberacion.org\\\/crpmlm\\\/#\\\/schema\\\/person\\\/d6eac7758df3770dae9cd9eb104d615c\",\"name\":\"vamos!\",\"url\":\"http:\\\/\\\/vamosporlaliberacion.org\\\/crpmlm\\\/author\\\/adminvxl\\\/\"}]}<\/script>\n<!-- \/ Yoast SEO plugin. -->","yoast_head_json":{"title":"\u201cNos toca defender nuestro salario, nos toca defender a nuestro sector, y eso es lo que vamos a hacer\u201d, Horacio Catena - Vamos por la Liberaci\u00f3n","robots":{"index":"index","follow":"follow","max-snippet":"max-snippet:-1","max-image-preview":"max-image-preview:large","max-video-preview":"max-video-preview:-1"},"canonical":"http:\/\/vamosporlaliberacion.org\/crpmlm\/nos-toca-defender-nuestro-salario-nos-toca-defender-a-nuestro-sector-y-eso-es-lo-que-vamos-a-hacer-horacio-catena\/","twitter_misc":{"Escrito por":"vamos!","Tiempo de lectura":"3 minutos"},"schema":{"@context":"https:\/\/schema.org","@graph":[{"@type":"Article","@id":"http:\/\/vamosporlaliberacion.org\/crpmlm\/nos-toca-defender-nuestro-salario-nos-toca-defender-a-nuestro-sector-y-eso-es-lo-que-vamos-a-hacer-horacio-catena\/#article","isPartOf":{"@id":"http:\/\/vamosporlaliberacion.org\/crpmlm\/nos-toca-defender-nuestro-salario-nos-toca-defender-a-nuestro-sector-y-eso-es-lo-que-vamos-a-hacer-horacio-catena\/"},"author":{"name":"vamos!","@id":"https:\/\/vamosporlaliberacion.org\/crpmlm\/#\/schema\/person\/d6eac7758df3770dae9cd9eb104d615c"},"headline":"\u201cNos toca defender nuestro salario, nos toca defender a nuestro sector, y eso es lo que vamos a hacer\u201d, Horacio Catena","datePublished":"2020-06-08T13:19:38+00:00","dateModified":"2020-10-25T22:33:12+00:00","mainEntityOfPage":{"@id":"http:\/\/vamosporlaliberacion.org\/crpmlm\/nos-toca-defender-nuestro-salario-nos-toca-defender-a-nuestro-sector-y-eso-es-lo-que-vamos-a-hacer-horacio-catena\/"},"wordCount":700,"commentCount":0,"image":{"@id":"http:\/\/vamosporlaliberacion.org\/crpmlm\/nos-toca-defender-nuestro-salario-nos-toca-defender-a-nuestro-sector-y-eso-es-lo-que-vamos-a-hacer-horacio-catena\/#primaryimage"},"thumbnailUrl":"https:\/\/i0.wp.com\/vamosporlaliberacion.org\/crpmlm\/wp-content\/uploads\/2020\/06\/sutef.jpg?fit=1142%2C541&ssl=1","articleSection":["Actualidad e historia del movimiento obrero","Entrevista"],"inLanguage":"es","potentialAction":[{"@type":"CommentAction","name":"Comment","target":["http:\/\/vamosporlaliberacion.org\/crpmlm\/nos-toca-defender-nuestro-salario-nos-toca-defender-a-nuestro-sector-y-eso-es-lo-que-vamos-a-hacer-horacio-catena\/#respond"]}]},{"@type":"WebPage","@id":"http:\/\/vamosporlaliberacion.org\/crpmlm\/nos-toca-defender-nuestro-salario-nos-toca-defender-a-nuestro-sector-y-eso-es-lo-que-vamos-a-hacer-horacio-catena\/","url":"http:\/\/vamosporlaliberacion.org\/crpmlm\/nos-toca-defender-nuestro-salario-nos-toca-defender-a-nuestro-sector-y-eso-es-lo-que-vamos-a-hacer-horacio-catena\/","name":"\u201cNos toca defender nuestro salario, nos toca defender a nuestro sector, y eso es lo que vamos a hacer\u201d, Horacio Catena - Vamos por la Liberaci\u00f3n","isPartOf":{"@id":"https:\/\/vamosporlaliberacion.org\/crpmlm\/#website"},"primaryImageOfPage":{"@id":"http:\/\/vamosporlaliberacion.org\/crpmlm\/nos-toca-defender-nuestro-salario-nos-toca-defender-a-nuestro-sector-y-eso-es-lo-que-vamos-a-hacer-horacio-catena\/#primaryimage"},"image":{"@id":"http:\/\/vamosporlaliberacion.org\/crpmlm\/nos-toca-defender-nuestro-salario-nos-toca-defender-a-nuestro-sector-y-eso-es-lo-que-vamos-a-hacer-horacio-catena\/#primaryimage"},"thumbnailUrl":"https:\/\/i0.wp.com\/vamosporlaliberacion.org\/crpmlm\/wp-content\/uploads\/2020\/06\/sutef.jpg?fit=1142%2C541&ssl=1","datePublished":"2020-06-08T13:19:38+00:00","dateModified":"2020-10-25T22:33:12+00:00","author":{"@id":"https:\/\/vamosporlaliberacion.org\/crpmlm\/#\/schema\/person\/d6eac7758df3770dae9cd9eb104d615c"},"breadcrumb":{"@id":"http:\/\/vamosporlaliberacion.org\/crpmlm\/nos-toca-defender-nuestro-salario-nos-toca-defender-a-nuestro-sector-y-eso-es-lo-que-vamos-a-hacer-horacio-catena\/#breadcrumb"},"inLanguage":"es","potentialAction":[{"@type":"ReadAction","target":["http:\/\/vamosporlaliberacion.org\/crpmlm\/nos-toca-defender-nuestro-salario-nos-toca-defender-a-nuestro-sector-y-eso-es-lo-que-vamos-a-hacer-horacio-catena\/"]}]},{"@type":"ImageObject","inLanguage":"es","@id":"http:\/\/vamosporlaliberacion.org\/crpmlm\/nos-toca-defender-nuestro-salario-nos-toca-defender-a-nuestro-sector-y-eso-es-lo-que-vamos-a-hacer-horacio-catena\/#primaryimage","url":"https:\/\/i0.wp.com\/vamosporlaliberacion.org\/crpmlm\/wp-content\/uploads\/2020\/06\/sutef.jpg?fit=1142%2C541&ssl=1","contentUrl":"https:\/\/i0.wp.com\/vamosporlaliberacion.org\/crpmlm\/wp-content\/uploads\/2020\/06\/sutef.jpg?fit=1142%2C541&ssl=1","width":1142,"height":541},{"@type":"BreadcrumbList","@id":"http:\/\/vamosporlaliberacion.org\/crpmlm\/nos-toca-defender-nuestro-salario-nos-toca-defender-a-nuestro-sector-y-eso-es-lo-que-vamos-a-hacer-horacio-catena\/#breadcrumb","itemListElement":[{"@type":"ListItem","position":1,"name":"Portada","item":"https:\/\/vamosporlaliberacion.org\/crpmlm\/"},{"@type":"ListItem","position":2,"name":"\u201cNos toca defender nuestro salario, nos toca defender a nuestro sector, y eso es lo que vamos a hacer\u201d, Horacio Catena"}]},{"@type":"WebSite","@id":"https:\/\/vamosporlaliberacion.org\/crpmlm\/#website","url":"https:\/\/vamosporlaliberacion.org\/crpmlm\/","name":"Vamos por la Liberaci\u00f3n","description":"Prensa CR","potentialAction":[{"@type":"SearchAction","target":{"@type":"EntryPoint","urlTemplate":"https:\/\/vamosporlaliberacion.org\/crpmlm\/?s={search_term_string}"},"query-input":{"@type":"PropertyValueSpecification","valueRequired":true,"valueName":"search_term_string"}}],"inLanguage":"es"},{"@type":"Person","@id":"https:\/\/vamosporlaliberacion.org\/crpmlm\/#\/schema\/person\/d6eac7758df3770dae9cd9eb104d615c","name":"vamos!","url":"http:\/\/vamosporlaliberacion.org\/crpmlm\/author\/adminvxl\/"}]}},"jetpack_featured_media_url":"https:\/\/i0.wp.com\/vamosporlaliberacion.org\/crpmlm\/wp-content\/uploads\/2020\/06\/sutef.jpg?fit=1142%2C541&ssl=1","jetpack_sharing_enabled":true,"_links":{"self":[{"href":"http:\/\/vamosporlaliberacion.org\/crpmlm\/wp-json\/wp\/v2\/posts\/18196","targetHints":{"allow":["GET"]}}],"collection":[{"href":"http:\/\/vamosporlaliberacion.org\/crpmlm\/wp-json\/wp\/v2\/posts"}],"about":[{"href":"http:\/\/vamosporlaliberacion.org\/crpmlm\/wp-json\/wp\/v2\/types\/post"}],"author":[{"embeddable":true,"href":"http:\/\/vamosporlaliberacion.org\/crpmlm\/wp-json\/wp\/v2\/users\/6"}],"replies":[{"embeddable":true,"href":"http:\/\/vamosporlaliberacion.org\/crpmlm\/wp-json\/wp\/v2\/comments?post=18196"}],"version-history":[{"count":2,"href":"http:\/\/vamosporlaliberacion.org\/crpmlm\/wp-json\/wp\/v2\/posts\/18196\/revisions"}],"predecessor-version":[{"id":18200,"href":"http:\/\/vamosporlaliberacion.org\/crpmlm\/wp-json\/wp\/v2\/posts\/18196\/revisions\/18200"}],"wp:featuredmedia":[{"embeddable":true,"href":"http:\/\/vamosporlaliberacion.org\/crpmlm\/wp-json\/wp\/v2\/media\/18197"}],"wp:attachment":[{"href":"http:\/\/vamosporlaliberacion.org\/crpmlm\/wp-json\/wp\/v2\/media?parent=18196"}],"wp:term":[{"taxonomy":"category","embeddable":true,"href":"http:\/\/vamosporlaliberacion.org\/crpmlm\/wp-json\/wp\/v2\/categories?post=18196"},{"taxonomy":"post_tag","embeddable":true,"href":"http:\/\/vamosporlaliberacion.org\/crpmlm\/wp-json\/wp\/v2\/tags?post=18196"}],"curies":[{"name":"wp","href":"https:\/\/api.w.org\/{rel}","templated":true}]}}