{"id":18193,"date":"2020-06-07T14:47:45","date_gmt":"2020-06-07T17:47:45","guid":{"rendered":"http:\/\/vamosporlaliberacion.org\/crpmlm\/?p=18193"},"modified":"2020-11-05T20:24:26","modified_gmt":"2020-11-05T23:24:26","slug":"fatpren-y-argra-repudian-el-espionaje-macrista-de-la-afi-contra-periodistas","status":"publish","type":"post","link":"http:\/\/vamosporlaliberacion.org\/crpmlm\/fatpren-y-argra-repudian-el-espionaje-macrista-de-la-afi-contra-periodistas\/","title":{"rendered":"FATPREN y aRGra repudian el espionaje macrista de la AFI contra periodistas"},"content":{"rendered":"\n<p>La Federaci\u00f3n Argentina de Trabajadores de Prensa y la Asociaci\u00f3n de Reporteros Gr\u00e1ficos de la Rep\u00fablica Argentina expresan su repudio al espionaje realizado contra periodistas por la Agencia Federal de Inteligencia durante el gobierno de Mauricio Macri.<\/p>\n\n\n\n<p>Seg\u00fan la denuncia realizada por la actual titular de la AFI Cristina Caama\u00f1o el organismo de inteligencia realiz\u00f3 operaciones de espionaje prohibidas expresamente por la legislaci\u00f3n argentina contra 403 trabajadorxs de prensa de diferentes medios de todo el pa\u00eds en ocasi\u00f3n de la pasada cumbre del G20. Esta se agrega a la existencia de otra denuncia anterior que tambi\u00e9n involucra a periodistas e importantes dirigentes pol\u00edticos y referentes sociales victimas de espionaje, seguimientos y escuchas ilegales realizadas por la AFI durante el gobierno anterior.<\/p>\n\n\n\n<p>Este ataque al libre ejercicio del trabajo period\u00edstico se dio en un contexto brutal para nuestra tarea. Durante el gobierno nacional anterior, ahora acusado de espiar a nuestros compa\u00f1eros, al menos medio centenar de trabajadoras y trabajadores de prensa recibieron balas de goma, golpes y gases mientras realizaban la cobertura de diferentes marchas y movilizaciones. Una veintena fue detenida sin justificaci\u00f3n alguna. Sufrimos tambi\u00e9n la p\u00e9rdida de unos 4.500 puestos laborales y la persecuci\u00f3n y el hostigamiento a les trabajadores de los medios p\u00fablicos.<\/p>\n\n\n\n<p>Exigimos a la Justicia un pronto esclarecimiento del hecho y el castigo a los responsables de este nuevo atropello.<\/p>\n\n\n\n<p>En los pr\u00f3ximos d\u00edas solicitaremos acceso a toda la informaci\u00f3n respecto de esta grave situaci\u00f3n. Exigimos que los responsables de estos hechos sean sancionados por la justicia. Nos ponemos a disposici\u00f3n de todxs lxs trabajadorxs de prensa afectados para acompa\u00f1arlos en las acciones que sean necesarias.<\/p>\n<!-- AddThis Advanced Settings generic via filter on the_content --><!-- AddThis Share Buttons generic via filter on the_content -->","protected":false},"excerpt":{"rendered":"<p>La Federaci\u00f3n Argentina de Trabajadores de Prensa y la Asociaci\u00f3n de Reporteros Gr\u00e1ficos de la Rep\u00fablica Argentina expresan su repudio al espionaje realizado contra periodistas por la Agencia Federal de Inteligencia durante el gobierno de Mauricio Macri. Seg\u00fan la denuncia realizada por la actual titular de la AFI Cristina Caama\u00f1o el organismo de inteligencia realiz\u00f3 [&hellip;]<!-- AddThis Advanced Settings generic via filter on get_the_excerpt --><!-- AddThis Share Buttons generic via filter on get_the_excerpt --><\/p>\n","protected":false},"author":6,"featured_media":18194,"comment_status":"open","ping_status":"open","sticky":false,"template":"","format":"standard","meta":{"_jetpack_memberships_contains_paid_content":false,"footnotes":""},"categories":[1877],"tags":[],"class_list":{"0":"post-18193","1":"post","2":"type-post","3":"status-publish","4":"format-standard","5":"has-post-thumbnail","7":"category-gremiales"},"yoast_head":"<!-- This site is optimized with the Yoast SEO plugin v27.4 - https:\/\/yoast.com\/product\/yoast-seo-wordpress\/ -->\n<title>FATPREN y aRGra repudian el espionaje macrista de la AFI contra periodistas - Vamos por la Liberaci\u00f3n<\/title>\n<meta name=\"robots\" content=\"index, follow, max-snippet:-1, max-image-preview:large, max-video-preview:-1\" \/>\n<link rel=\"canonical\" href=\"https:\/\/vamosporlaliberacion.org\/crpmlm\/fatpren-y-argra-repudian-el-espionaje-macrista-de-la-afi-contra-periodistas\/\" \/>\n<meta name=\"twitter:label1\" content=\"Escrito por\" \/>\n\t<meta name=\"twitter:data1\" content=\"vamos!\" \/>\n\t<meta name=\"twitter:label2\" content=\"Tiempo de lectura\" \/>\n\t<meta name=\"twitter:data2\" content=\"1 minuto\" \/>\n<script type=\"application\/ld+json\" class=\"yoast-schema-graph\">{\"@context\":\"https:\\\/\\\/schema.org\",\"@graph\":[{\"@type\":\"Article\",\"@id\":\"https:\\\/\\\/vamosporlaliberacion.org\\\/crpmlm\\\/fatpren-y-argra-repudian-el-espionaje-macrista-de-la-afi-contra-periodistas\\\/#article\",\"isPartOf\":{\"@id\":\"https:\\\/\\\/vamosporlaliberacion.org\\\/crpmlm\\\/fatpren-y-argra-repudian-el-espionaje-macrista-de-la-afi-contra-periodistas\\\/\"},\"author\":{\"name\":\"vamos!\",\"@id\":\"https:\\\/\\\/vamosporlaliberacion.org\\\/crpmlm\\\/#\\\/schema\\\/person\\\/d6eac7758df3770dae9cd9eb104d615c\"},\"headline\":\"FATPREN y aRGra repudian el espionaje macrista de la AFI contra periodistas\",\"datePublished\":\"2020-06-07T17:47:45+00:00\",\"dateModified\":\"2020-11-05T23:24:26+00:00\",\"mainEntityOfPage\":{\"@id\":\"https:\\\/\\\/vamosporlaliberacion.org\\\/crpmlm\\\/fatpren-y-argra-repudian-el-espionaje-macrista-de-la-afi-contra-periodistas\\\/\"},\"wordCount\":304,\"commentCount\":0,\"image\":{\"@id\":\"https:\\\/\\\/vamosporlaliberacion.org\\\/crpmlm\\\/fatpren-y-argra-repudian-el-espionaje-macrista-de-la-afi-contra-periodistas\\\/#primaryimage\"},\"thumbnailUrl\":\"https:\\\/\\\/i0.wp.com\\\/vamosporlaliberacion.org\\\/crpmlm\\\/wp-content\\\/uploads\\\/2020\\\/06\\\/macri-arribas.jpg?fit=960%2C640&ssl=1\",\"articleSection\":[\"Actualidad e historia del movimiento obrero\"],\"inLanguage\":\"es\",\"potentialAction\":[{\"@type\":\"CommentAction\",\"name\":\"Comment\",\"target\":[\"https:\\\/\\\/vamosporlaliberacion.org\\\/crpmlm\\\/fatpren-y-argra-repudian-el-espionaje-macrista-de-la-afi-contra-periodistas\\\/#respond\"]}]},{\"@type\":\"WebPage\",\"@id\":\"https:\\\/\\\/vamosporlaliberacion.org\\\/crpmlm\\\/fatpren-y-argra-repudian-el-espionaje-macrista-de-la-afi-contra-periodistas\\\/\",\"url\":\"https:\\\/\\\/vamosporlaliberacion.org\\\/crpmlm\\\/fatpren-y-argra-repudian-el-espionaje-macrista-de-la-afi-contra-periodistas\\\/\",\"name\":\"FATPREN y aRGra repudian el espionaje macrista de la AFI contra periodistas - Vamos por la Liberaci\u00f3n\",\"isPartOf\":{\"@id\":\"https:\\\/\\\/vamosporlaliberacion.org\\\/crpmlm\\\/#website\"},\"primaryImageOfPage\":{\"@id\":\"https:\\\/\\\/vamosporlaliberacion.org\\\/crpmlm\\\/fatpren-y-argra-repudian-el-espionaje-macrista-de-la-afi-contra-periodistas\\\/#primaryimage\"},\"image\":{\"@id\":\"https:\\\/\\\/vamosporlaliberacion.org\\\/crpmlm\\\/fatpren-y-argra-repudian-el-espionaje-macrista-de-la-afi-contra-periodistas\\\/#primaryimage\"},\"thumbnailUrl\":\"https:\\\/\\\/i0.wp.com\\\/vamosporlaliberacion.org\\\/crpmlm\\\/wp-content\\\/uploads\\\/2020\\\/06\\\/macri-arribas.jpg?fit=960%2C640&ssl=1\",\"datePublished\":\"2020-06-07T17:47:45+00:00\",\"dateModified\":\"2020-11-05T23:24:26+00:00\",\"author\":{\"@id\":\"https:\\\/\\\/vamosporlaliberacion.org\\\/crpmlm\\\/#\\\/schema\\\/person\\\/d6eac7758df3770dae9cd9eb104d615c\"},\"breadcrumb\":{\"@id\":\"https:\\\/\\\/vamosporlaliberacion.org\\\/crpmlm\\\/fatpren-y-argra-repudian-el-espionaje-macrista-de-la-afi-contra-periodistas\\\/#breadcrumb\"},\"inLanguage\":\"es\",\"potentialAction\":[{\"@type\":\"ReadAction\",\"target\":[\"https:\\\/\\\/vamosporlaliberacion.org\\\/crpmlm\\\/fatpren-y-argra-repudian-el-espionaje-macrista-de-la-afi-contra-periodistas\\\/\"]}]},{\"@type\":\"ImageObject\",\"inLanguage\":\"es\",\"@id\":\"https:\\\/\\\/vamosporlaliberacion.org\\\/crpmlm\\\/fatpren-y-argra-repudian-el-espionaje-macrista-de-la-afi-contra-periodistas\\\/#primaryimage\",\"url\":\"https:\\\/\\\/i0.wp.com\\\/vamosporlaliberacion.org\\\/crpmlm\\\/wp-content\\\/uploads\\\/2020\\\/06\\\/macri-arribas.jpg?fit=960%2C640&ssl=1\",\"contentUrl\":\"https:\\\/\\\/i0.wp.com\\\/vamosporlaliberacion.org\\\/crpmlm\\\/wp-content\\\/uploads\\\/2020\\\/06\\\/macri-arribas.jpg?fit=960%2C640&ssl=1\",\"width\":960,\"height\":640},{\"@type\":\"BreadcrumbList\",\"@id\":\"https:\\\/\\\/vamosporlaliberacion.org\\\/crpmlm\\\/fatpren-y-argra-repudian-el-espionaje-macrista-de-la-afi-contra-periodistas\\\/#breadcrumb\",\"itemListElement\":[{\"@type\":\"ListItem\",\"position\":1,\"name\":\"Portada\",\"item\":\"https:\\\/\\\/vamosporlaliberacion.org\\\/crpmlm\\\/\"},{\"@type\":\"ListItem\",\"position\":2,\"name\":\"FATPREN y aRGra repudian el espionaje macrista de la AFI contra periodistas\"}]},{\"@type\":\"WebSite\",\"@id\":\"https:\\\/\\\/vamosporlaliberacion.org\\\/crpmlm\\\/#website\",\"url\":\"https:\\\/\\\/vamosporlaliberacion.org\\\/crpmlm\\\/\",\"name\":\"Vamos por la Liberaci\u00f3n\",\"description\":\"Prensa CR\",\"potentialAction\":[{\"@type\":\"SearchAction\",\"target\":{\"@type\":\"EntryPoint\",\"urlTemplate\":\"https:\\\/\\\/vamosporlaliberacion.org\\\/crpmlm\\\/?s={search_term_string}\"},\"query-input\":{\"@type\":\"PropertyValueSpecification\",\"valueRequired\":true,\"valueName\":\"search_term_string\"}}],\"inLanguage\":\"es\"},{\"@type\":\"Person\",\"@id\":\"https:\\\/\\\/vamosporlaliberacion.org\\\/crpmlm\\\/#\\\/schema\\\/person\\\/d6eac7758df3770dae9cd9eb104d615c\",\"name\":\"vamos!\",\"url\":\"http:\\\/\\\/vamosporlaliberacion.org\\\/crpmlm\\\/author\\\/adminvxl\\\/\"}]}<\/script>\n<!-- \/ Yoast SEO plugin. -->","yoast_head_json":{"title":"FATPREN y aRGra repudian el espionaje macrista de la AFI contra periodistas - Vamos por la Liberaci\u00f3n","robots":{"index":"index","follow":"follow","max-snippet":"max-snippet:-1","max-image-preview":"max-image-preview:large","max-video-preview":"max-video-preview:-1"},"canonical":"https:\/\/vamosporlaliberacion.org\/crpmlm\/fatpren-y-argra-repudian-el-espionaje-macrista-de-la-afi-contra-periodistas\/","twitter_misc":{"Escrito por":"vamos!","Tiempo de lectura":"1 minuto"},"schema":{"@context":"https:\/\/schema.org","@graph":[{"@type":"Article","@id":"https:\/\/vamosporlaliberacion.org\/crpmlm\/fatpren-y-argra-repudian-el-espionaje-macrista-de-la-afi-contra-periodistas\/#article","isPartOf":{"@id":"https:\/\/vamosporlaliberacion.org\/crpmlm\/fatpren-y-argra-repudian-el-espionaje-macrista-de-la-afi-contra-periodistas\/"},"author":{"name":"vamos!","@id":"https:\/\/vamosporlaliberacion.org\/crpmlm\/#\/schema\/person\/d6eac7758df3770dae9cd9eb104d615c"},"headline":"FATPREN y aRGra repudian el espionaje macrista de la AFI contra periodistas","datePublished":"2020-06-07T17:47:45+00:00","dateModified":"2020-11-05T23:24:26+00:00","mainEntityOfPage":{"@id":"https:\/\/vamosporlaliberacion.org\/crpmlm\/fatpren-y-argra-repudian-el-espionaje-macrista-de-la-afi-contra-periodistas\/"},"wordCount":304,"commentCount":0,"image":{"@id":"https:\/\/vamosporlaliberacion.org\/crpmlm\/fatpren-y-argra-repudian-el-espionaje-macrista-de-la-afi-contra-periodistas\/#primaryimage"},"thumbnailUrl":"https:\/\/i0.wp.com\/vamosporlaliberacion.org\/crpmlm\/wp-content\/uploads\/2020\/06\/macri-arribas.jpg?fit=960%2C640&ssl=1","articleSection":["Actualidad e historia del movimiento obrero"],"inLanguage":"es","potentialAction":[{"@type":"CommentAction","name":"Comment","target":["https:\/\/vamosporlaliberacion.org\/crpmlm\/fatpren-y-argra-repudian-el-espionaje-macrista-de-la-afi-contra-periodistas\/#respond"]}]},{"@type":"WebPage","@id":"https:\/\/vamosporlaliberacion.org\/crpmlm\/fatpren-y-argra-repudian-el-espionaje-macrista-de-la-afi-contra-periodistas\/","url":"https:\/\/vamosporlaliberacion.org\/crpmlm\/fatpren-y-argra-repudian-el-espionaje-macrista-de-la-afi-contra-periodistas\/","name":"FATPREN y aRGra repudian el espionaje macrista de la AFI contra periodistas - Vamos por la Liberaci\u00f3n","isPartOf":{"@id":"https:\/\/vamosporlaliberacion.org\/crpmlm\/#website"},"primaryImageOfPage":{"@id":"https:\/\/vamosporlaliberacion.org\/crpmlm\/fatpren-y-argra-repudian-el-espionaje-macrista-de-la-afi-contra-periodistas\/#primaryimage"},"image":{"@id":"https:\/\/vamosporlaliberacion.org\/crpmlm\/fatpren-y-argra-repudian-el-espionaje-macrista-de-la-afi-contra-periodistas\/#primaryimage"},"thumbnailUrl":"https:\/\/i0.wp.com\/vamosporlaliberacion.org\/crpmlm\/wp-content\/uploads\/2020\/06\/macri-arribas.jpg?fit=960%2C640&ssl=1","datePublished":"2020-06-07T17:47:45+00:00","dateModified":"2020-11-05T23:24:26+00:00","author":{"@id":"https:\/\/vamosporlaliberacion.org\/crpmlm\/#\/schema\/person\/d6eac7758df3770dae9cd9eb104d615c"},"breadcrumb":{"@id":"https:\/\/vamosporlaliberacion.org\/crpmlm\/fatpren-y-argra-repudian-el-espionaje-macrista-de-la-afi-contra-periodistas\/#breadcrumb"},"inLanguage":"es","potentialAction":[{"@type":"ReadAction","target":["https:\/\/vamosporlaliberacion.org\/crpmlm\/fatpren-y-argra-repudian-el-espionaje-macrista-de-la-afi-contra-periodistas\/"]}]},{"@type":"ImageObject","inLanguage":"es","@id":"https:\/\/vamosporlaliberacion.org\/crpmlm\/fatpren-y-argra-repudian-el-espionaje-macrista-de-la-afi-contra-periodistas\/#primaryimage","url":"https:\/\/i0.wp.com\/vamosporlaliberacion.org\/crpmlm\/wp-content\/uploads\/2020\/06\/macri-arribas.jpg?fit=960%2C640&ssl=1","contentUrl":"https:\/\/i0.wp.com\/vamosporlaliberacion.org\/crpmlm\/wp-content\/uploads\/2020\/06\/macri-arribas.jpg?fit=960%2C640&ssl=1","width":960,"height":640},{"@type":"BreadcrumbList","@id":"https:\/\/vamosporlaliberacion.org\/crpmlm\/fatpren-y-argra-repudian-el-espionaje-macrista-de-la-afi-contra-periodistas\/#breadcrumb","itemListElement":[{"@type":"ListItem","position":1,"name":"Portada","item":"https:\/\/vamosporlaliberacion.org\/crpmlm\/"},{"@type":"ListItem","position":2,"name":"FATPREN y aRGra repudian el espionaje macrista de la AFI contra periodistas"}]},{"@type":"WebSite","@id":"https:\/\/vamosporlaliberacion.org\/crpmlm\/#website","url":"https:\/\/vamosporlaliberacion.org\/crpmlm\/","name":"Vamos por la Liberaci\u00f3n","description":"Prensa CR","potentialAction":[{"@type":"SearchAction","target":{"@type":"EntryPoint","urlTemplate":"https:\/\/vamosporlaliberacion.org\/crpmlm\/?s={search_term_string}"},"query-input":{"@type":"PropertyValueSpecification","valueRequired":true,"valueName":"search_term_string"}}],"inLanguage":"es"},{"@type":"Person","@id":"https:\/\/vamosporlaliberacion.org\/crpmlm\/#\/schema\/person\/d6eac7758df3770dae9cd9eb104d615c","name":"vamos!","url":"http:\/\/vamosporlaliberacion.org\/crpmlm\/author\/adminvxl\/"}]}},"jetpack_featured_media_url":"https:\/\/i0.wp.com\/vamosporlaliberacion.org\/crpmlm\/wp-content\/uploads\/2020\/06\/macri-arribas.jpg?fit=960%2C640&ssl=1","jetpack_sharing_enabled":true,"_links":{"self":[{"href":"http:\/\/vamosporlaliberacion.org\/crpmlm\/wp-json\/wp\/v2\/posts\/18193","targetHints":{"allow":["GET"]}}],"collection":[{"href":"http:\/\/vamosporlaliberacion.org\/crpmlm\/wp-json\/wp\/v2\/posts"}],"about":[{"href":"http:\/\/vamosporlaliberacion.org\/crpmlm\/wp-json\/wp\/v2\/types\/post"}],"author":[{"embeddable":true,"href":"http:\/\/vamosporlaliberacion.org\/crpmlm\/wp-json\/wp\/v2\/users\/6"}],"replies":[{"embeddable":true,"href":"http:\/\/vamosporlaliberacion.org\/crpmlm\/wp-json\/wp\/v2\/comments?post=18193"}],"version-history":[{"count":1,"href":"http:\/\/vamosporlaliberacion.org\/crpmlm\/wp-json\/wp\/v2\/posts\/18193\/revisions"}],"predecessor-version":[{"id":18195,"href":"http:\/\/vamosporlaliberacion.org\/crpmlm\/wp-json\/wp\/v2\/posts\/18193\/revisions\/18195"}],"wp:featuredmedia":[{"embeddable":true,"href":"http:\/\/vamosporlaliberacion.org\/crpmlm\/wp-json\/wp\/v2\/media\/18194"}],"wp:attachment":[{"href":"http:\/\/vamosporlaliberacion.org\/crpmlm\/wp-json\/wp\/v2\/media?parent=18193"}],"wp:term":[{"taxonomy":"category","embeddable":true,"href":"http:\/\/vamosporlaliberacion.org\/crpmlm\/wp-json\/wp\/v2\/categories?post=18193"},{"taxonomy":"post_tag","embeddable":true,"href":"http:\/\/vamosporlaliberacion.org\/crpmlm\/wp-json\/wp\/v2\/tags?post=18193"}],"curies":[{"name":"wp","href":"https:\/\/api.w.org\/{rel}","templated":true}]}}