{"id":1769,"date":"2015-05-26T23:58:05","date_gmt":"2015-05-27T02:58:05","guid":{"rendered":"http:\/\/m8000370.ferozo.com\/crpmlm\/?p=1769"},"modified":"2020-11-06T18:36:08","modified_gmt":"2020-11-06T21:36:08","slug":"avanza-la-lucha-salarial","status":"publish","type":"post","link":"http:\/\/vamosporlaliberacion.org\/crpmlm\/avanza-la-lucha-salarial\/","title":{"rendered":"Avanza la lucha salarial"},"content":{"rendered":"<p>Tras una inflaci\u00f3n de casi 40% el a\u00f1o pasado y una estimaci\u00f3n superior al 30% para este a\u00f1o, el techo salarial del Gobierno perjudica a los bolsillos de los trabajadores. El 9 de junio, paro nacional y activo. En las elecciones llamamos a votar al Frente de Izquierda y los Trabajadores.<\/p>\n<p>La lucha de los trabajadores aceiteros no se detiene. El paro por tiempo indeterminado lleva ya 18 d\u00edas y mantiene paralizado a los puertos de Santa Fe. Es una lucha gigantesca y testigo del estado de \u00e1nimo y la firmeza que hay por abajo entre los trabajadores. <\/p>\n<p>Los monopolios imperialistas como Cargil o Nidera tienen sus barcos varados en la entrada a los puertos perdiendo milloneJoonos de d\u00f3lares. Aunque todav\u00eda es m\u00e1s lo que ganan, como denuncian los aceiteros en esta lucha por un aumento de 42% de aumento. <\/p>\n<p>Junto a este sector, se le suma los de la Federaci\u00f3n de la Alimentaci\u00f3n con un paro por tiempo indeterminado que acaban de lanzar por un aumento de 43%. Al igual que otros gremios, la pechada por abajo es muy grande y hace mover a los jerarcas que buscaban pactar una tregua hasta las elecciones. La realidad de los trabajadores y el pueblo, golpeada por la inflaci\u00f3n y el aumento de precios golpe\u00f3 su puerta.<\/p>\n<p>Para entender esta dura pulseada con ra\u00edces profundas, s\u00f3lo hay que ver que el promedio de los salarios en el pa\u00eds es de 5.500 pesos, con 36% de inflaci\u00f3n en los \u00faltimos doce meses y 45% de mano de obra precarizada. Esa olla a presi\u00f3n estall\u00f3 y para los que exigen m\u00e1s de un 30% o un 42% como los aceiteros el 27% oficial est\u00e1 muy lejos. La lucha seguir\u00e1. <\/p>\n<p>Esta pulseada, que ti\u00f1e la campa\u00f1a electoral, est\u00e1 atravesada por la disputa electoral de las clases dominantes. Los oficialistas que pactaron el 27% apoyan a Scioli; mientras los jerarcas que \u201cempujan\u201d la lucha apoyan a Macri o en menor medida a Massa, buscan sacar provecho de esta realidad que golpea centralmente al Gobierno y sus candidatos. <\/p>\n<p>Por eso, a la vez que golpeamos juntos en la medida de fuerza y en la mayor\u00eda de los reclamos en el paro del 9 de junio, trabajamos para hacerlo activo ese d\u00eda (m\u00e1s all\u00e1 de las cr\u00edticas que nuevamente infiri\u00f3 a los piquetes el propio Moyano). Lo hacemos desde las agrupaciones clasistas que motorizamos, desde el Encuentro Sindical Combativo y el FIT, donde se expresan los puntos de lucha y procesos de los sectores combativos en el movimiento obrero que apuntan a enfrentar al ajuste del 27% en la calle y a la polaridad en el terreno pol\u00edtico electoral que buscan imponer desde el Gobierno y la oposici\u00f3n de las clases dominantes.<\/p>\n<h3><strong>Por arriba m\u00e1s divisi\u00f3n.<\/strong><\/h3>\n<p>\u201cEl proyecto no puede quedar manco\u201d, afirm\u00f3 Randazzo en la reuni\u00f3n de Carta Abierta, desatando una carcajada general de los presentes. Este inocultable desprecio es lo que piensa el kirchnerismo de Scioli. El kirchnerismo ir\u00eda con Randazzo a las PASO, donde casi seguro ganar\u00eda el gobernador de Buenos Aires, pero dejar\u00edan en claro su poder\u00edo como corriente interna dentro del peronismo. Y si CFK va como senadora, dirigir\u00eda directamente los condicionamientos al flamante presidente. <\/p>\n<p>Esta lucha tiene como trasfondo que Scioli, si bien es un defensor del modelo, no viene del redil del kirchnerismo y tiene llegada y buen trato con rivales de la talla del Grupo Clar\u00edn.<\/p>\n<p>El macrismo se mantiene como el contrincante del FpV. Esto envalentona a Macri, pero tambi\u00e9n a Scioli que ve que puede ganar en primera vuelta con el 45% de los votos ya que es el que m\u00e1s suma en el desangre del Frente Renovador de Sergio Massa. Esta posibilidad hace que un sector de la oposici\u00f3n busque un acuerdo con el PRO para hacer una gran interna y no dividir los votos que har\u00eda naufragar un ballotage. Est\u00e1 claro que la polaridad con Macri es lo que m\u00e1s le conviene al FpV; y esta posibilidad tambi\u00e9n alimenta la dispersi\u00f3n de gran parte de los votantes, ya que es la continuidad del ajuste por inflaci\u00f3n o el macrismo con un ajuste m\u00e1s ortodoxo.<\/p>\n<p>La lucha por arriba transcurre entre la ofensiva del oficialismo sobre la Justicia, golpeando al Juez Fait para discutir el n\u00famero y la composici\u00f3n de la Corte Suprema, para garantizarse impunidad con un nuevo gobierno frente a una ofensiva \u201canticorrupci\u00f3n\u201d sobre los principales exponentes del kirchnerismo y testaferros manchados hasta el cuello. <\/p>\n<p>La denuncia contra Horacio Verbitsky, asesor de lujo del oficialismo K y vinculado con el lanusista comodoro (r) Juan Jos\u00e9 G\u00fciraldes de la aeron\u00e1utica, realizada por el empleado de Clar\u00edn Gabriel Levinas puede tomarse como respuesta a la ofensiva contra la Corte Suprema. No ser\u00eda la primera vez que la lucha de los de arriba saca a la palestra sus lacras como la corrupci\u00f3n, Milani u otros oscuros personajes.<\/p>\n<h3><strong>El voto popular.<\/strong><\/h3>\n<p>Frente al escenario electoral de polaridad, mayor disputa por arriba y creciente lucha obrera y popular, el Frente de Izquierda y los Trabajadores (FIT) aparece como un canal frente a las variantes de las clases dominantes y un polo frente a la dispersi\u00f3n. En las legislativas del 2013, el FIT obtuvo 1.000.000 de votos. Este a\u00f1o, en las PASO provinciales y en Capital Federal, el Frente fue reafirmado como instrumento.<\/p>\n<p>Tras las PASO en Salta, Mendoza y Capital Federal, los integrantes del FIT anunciaron que ir\u00e1n a internas abiertas para dirimir la candidatura presidencial y tambi\u00e9n en algunos lugares, desandando as\u00ed acuerdos anteriores. Esto tiene un trasfondo en que por un lado Izquierda Socialista y el PO buscan ampliar pol\u00edticamente el Frente a fuerzas no trosquistas. Y por el otro, el PTS resiste esta ampliaci\u00f3n desde la defensa de una \u201cunidad ideol\u00f3gica\u201d y critica el manejo de las candidaturas, mientras llamativamente fue el que propuso dirimir la candidatura en internas abiertas.<\/p>\n<p>Con las PASO las internas las terminan definiendo fuerzas externas al Frente, donde intervienen los medios de comunicaci\u00f3n, el recuentro inform\u00e1tico del Estado y sus jueces. Por eso somos cr\u00edticos a que el FIT haya derivado a esta instancia. Forzados ante esta realidad, en la que las PASO son obligatorias y habiendo definido el apoyo al FIT en las elecciones generales, llamamos a votar al FIT con las listas encabezadas por el PO e Izquierda Socialista.<\/p>\n<p>En la provincia de Tierra del Fuego, el Nuevo Movimiento Popular para la Liberaci\u00f3n obtuvo la personer\u00eda jur\u00eddica y pasar\u00e1 a ser una opci\u00f3n en las elecciones del 21 de junio. Sobre la base de un recorrido de lucha, de dirigir sindicatos como el Sutef, de recuperar la CTA Aut\u00f3noma de la provincia, de sostener la f\u00e1brica recuperada Renacer, de vincularse a otros sectores barriales y de profesionales, y con un reconocido trabajo en el terreno deportivo, el Partido Marxista Leninista Mao\u00edsta de Tierra del Fuego vio la necesidad de impulsar el NMPL como una herramienta pol\u00edtica con un programa popular y antiimperialista que pueda tambi\u00e9n servir en la disputa electoral.<\/p>\n<p>En Malague\u00f1o, C\u00f3rdoba, estamos conversando con un partido vecinal un acuerdo para las elecciones municipales, con un programa que sirva a los reclamos populares y en particular a la lucha por tierra y vivienda.<\/p>\n<p>Desde nuestra posici\u00f3n popular, antiimperialista y antiterrateniente, t\u00e1cticamente apoyamos al Frente de Izquierda y los Trabajadores (FIT) en el orden nacional y otros frentes que impulsamos e integramos para que nuestro papel en la t\u00e1ctica electoral tenga la premisa que todo lo que hagamos en ella nos sirva para la acumulaci\u00f3n de fuerzas para la revoluci\u00f3n de liberaci\u00f3n nacional y social en marcha al socialismo.<\/p>\n<!-- AddThis Advanced Settings generic via filter on the_content --><!-- AddThis Share Buttons generic via filter on the_content -->","protected":false},"excerpt":{"rendered":"<p>Tras una inflaci\u00f3n de casi 40% el a\u00f1o pasado y una estimaci\u00f3n superior al 30% para este a\u00f1o, el techo salarial del Gobierno perjudica a los bolsillos de los trabajadores. El 9 de junio, paro nacional y activo. En las elecciones llamamos a votar al Frente de Izquierda y los Trabajadores. La lucha de los [&hellip;]<!-- AddThis Advanced Settings generic via filter on get_the_excerpt --><!-- AddThis Share Buttons generic via filter on get_the_excerpt --><\/p>\n","protected":false},"author":6,"featured_media":1774,"comment_status":"open","ping_status":"open","sticky":false,"template":"","format":"standard","meta":{"_jetpack_memberships_contains_paid_content":false,"footnotes":""},"categories":[1881],"tags":[92],"class_list":{"0":"post-1769","1":"post","2":"type-post","3":"status-publish","4":"format-standard","5":"has-post-thumbnail","7":"category-editoriales","8":"tag-editorial-52"},"yoast_head":"<!-- This site is optimized with the Yoast SEO plugin v27.4 - https:\/\/yoast.com\/product\/yoast-seo-wordpress\/ -->\n<title>Avanza la lucha salarial - Vamos por la Liberaci\u00f3n<\/title>\n<meta name=\"robots\" content=\"index, follow, max-snippet:-1, max-image-preview:large, max-video-preview:-1\" \/>\n<link rel=\"canonical\" href=\"https:\/\/vamosporlaliberacion.org\/crpmlm\/avanza-la-lucha-salarial\/\" \/>\n<meta name=\"twitter:label1\" content=\"Escrito por\" \/>\n\t<meta name=\"twitter:data1\" content=\"vamos!\" \/>\n\t<meta name=\"twitter:label2\" content=\"Tiempo de lectura\" \/>\n\t<meta name=\"twitter:data2\" content=\"7 minutos\" \/>\n<script type=\"application\/ld+json\" class=\"yoast-schema-graph\">{\"@context\":\"https:\\\/\\\/schema.org\",\"@graph\":[{\"@type\":\"Article\",\"@id\":\"https:\\\/\\\/vamosporlaliberacion.org\\\/crpmlm\\\/avanza-la-lucha-salarial\\\/#article\",\"isPartOf\":{\"@id\":\"https:\\\/\\\/vamosporlaliberacion.org\\\/crpmlm\\\/avanza-la-lucha-salarial\\\/\"},\"author\":{\"name\":\"vamos!\",\"@id\":\"https:\\\/\\\/vamosporlaliberacion.org\\\/crpmlm\\\/#\\\/schema\\\/person\\\/d6eac7758df3770dae9cd9eb104d615c\"},\"headline\":\"Avanza la lucha salarial\",\"datePublished\":\"2015-05-27T02:58:05+00:00\",\"dateModified\":\"2020-11-06T21:36:08+00:00\",\"mainEntityOfPage\":{\"@id\":\"https:\\\/\\\/vamosporlaliberacion.org\\\/crpmlm\\\/avanza-la-lucha-salarial\\\/\"},\"wordCount\":1322,\"commentCount\":0,\"image\":{\"@id\":\"https:\\\/\\\/vamosporlaliberacion.org\\\/crpmlm\\\/avanza-la-lucha-salarial\\\/#primaryimage\"},\"thumbnailUrl\":\"https:\\\/\\\/i0.wp.com\\\/vamosporlaliberacion.org\\\/crpmlm\\\/wp-content\\\/uploads\\\/2015\\\/10\\\/vxl52-15.jpg?fit=696%2C469&ssl=1\",\"keywords\":[\"editorial 52\"],\"articleSection\":[\"Editoriales\"],\"inLanguage\":\"es\",\"potentialAction\":[{\"@type\":\"CommentAction\",\"name\":\"Comment\",\"target\":[\"https:\\\/\\\/vamosporlaliberacion.org\\\/crpmlm\\\/avanza-la-lucha-salarial\\\/#respond\"]}]},{\"@type\":\"WebPage\",\"@id\":\"https:\\\/\\\/vamosporlaliberacion.org\\\/crpmlm\\\/avanza-la-lucha-salarial\\\/\",\"url\":\"https:\\\/\\\/vamosporlaliberacion.org\\\/crpmlm\\\/avanza-la-lucha-salarial\\\/\",\"name\":\"Avanza la lucha salarial - Vamos por la Liberaci\u00f3n\",\"isPartOf\":{\"@id\":\"https:\\\/\\\/vamosporlaliberacion.org\\\/crpmlm\\\/#website\"},\"primaryImageOfPage\":{\"@id\":\"https:\\\/\\\/vamosporlaliberacion.org\\\/crpmlm\\\/avanza-la-lucha-salarial\\\/#primaryimage\"},\"image\":{\"@id\":\"https:\\\/\\\/vamosporlaliberacion.org\\\/crpmlm\\\/avanza-la-lucha-salarial\\\/#primaryimage\"},\"thumbnailUrl\":\"https:\\\/\\\/i0.wp.com\\\/vamosporlaliberacion.org\\\/crpmlm\\\/wp-content\\\/uploads\\\/2015\\\/10\\\/vxl52-15.jpg?fit=696%2C469&ssl=1\",\"datePublished\":\"2015-05-27T02:58:05+00:00\",\"dateModified\":\"2020-11-06T21:36:08+00:00\",\"author\":{\"@id\":\"https:\\\/\\\/vamosporlaliberacion.org\\\/crpmlm\\\/#\\\/schema\\\/person\\\/d6eac7758df3770dae9cd9eb104d615c\"},\"breadcrumb\":{\"@id\":\"https:\\\/\\\/vamosporlaliberacion.org\\\/crpmlm\\\/avanza-la-lucha-salarial\\\/#breadcrumb\"},\"inLanguage\":\"es\",\"potentialAction\":[{\"@type\":\"ReadAction\",\"target\":[\"https:\\\/\\\/vamosporlaliberacion.org\\\/crpmlm\\\/avanza-la-lucha-salarial\\\/\"]}]},{\"@type\":\"ImageObject\",\"inLanguage\":\"es\",\"@id\":\"https:\\\/\\\/vamosporlaliberacion.org\\\/crpmlm\\\/avanza-la-lucha-salarial\\\/#primaryimage\",\"url\":\"https:\\\/\\\/i0.wp.com\\\/vamosporlaliberacion.org\\\/crpmlm\\\/wp-content\\\/uploads\\\/2015\\\/10\\\/vxl52-15.jpg?fit=696%2C469&ssl=1\",\"contentUrl\":\"https:\\\/\\\/i0.wp.com\\\/vamosporlaliberacion.org\\\/crpmlm\\\/wp-content\\\/uploads\\\/2015\\\/10\\\/vxl52-15.jpg?fit=696%2C469&ssl=1\",\"width\":696,\"height\":469},{\"@type\":\"BreadcrumbList\",\"@id\":\"https:\\\/\\\/vamosporlaliberacion.org\\\/crpmlm\\\/avanza-la-lucha-salarial\\\/#breadcrumb\",\"itemListElement\":[{\"@type\":\"ListItem\",\"position\":1,\"name\":\"Portada\",\"item\":\"https:\\\/\\\/vamosporlaliberacion.org\\\/crpmlm\\\/\"},{\"@type\":\"ListItem\",\"position\":2,\"name\":\"Avanza la lucha salarial\"}]},{\"@type\":\"WebSite\",\"@id\":\"https:\\\/\\\/vamosporlaliberacion.org\\\/crpmlm\\\/#website\",\"url\":\"https:\\\/\\\/vamosporlaliberacion.org\\\/crpmlm\\\/\",\"name\":\"Vamos por la Liberaci\u00f3n\",\"description\":\"Prensa CR\",\"potentialAction\":[{\"@type\":\"SearchAction\",\"target\":{\"@type\":\"EntryPoint\",\"urlTemplate\":\"https:\\\/\\\/vamosporlaliberacion.org\\\/crpmlm\\\/?s={search_term_string}\"},\"query-input\":{\"@type\":\"PropertyValueSpecification\",\"valueRequired\":true,\"valueName\":\"search_term_string\"}}],\"inLanguage\":\"es\"},{\"@type\":\"Person\",\"@id\":\"https:\\\/\\\/vamosporlaliberacion.org\\\/crpmlm\\\/#\\\/schema\\\/person\\\/d6eac7758df3770dae9cd9eb104d615c\",\"name\":\"vamos!\",\"url\":\"http:\\\/\\\/vamosporlaliberacion.org\\\/crpmlm\\\/author\\\/adminvxl\\\/\"}]}<\/script>\n<!-- \/ Yoast SEO plugin. -->","yoast_head_json":{"title":"Avanza la lucha salarial - Vamos por la Liberaci\u00f3n","robots":{"index":"index","follow":"follow","max-snippet":"max-snippet:-1","max-image-preview":"max-image-preview:large","max-video-preview":"max-video-preview:-1"},"canonical":"https:\/\/vamosporlaliberacion.org\/crpmlm\/avanza-la-lucha-salarial\/","twitter_misc":{"Escrito por":"vamos!","Tiempo de lectura":"7 minutos"},"schema":{"@context":"https:\/\/schema.org","@graph":[{"@type":"Article","@id":"https:\/\/vamosporlaliberacion.org\/crpmlm\/avanza-la-lucha-salarial\/#article","isPartOf":{"@id":"https:\/\/vamosporlaliberacion.org\/crpmlm\/avanza-la-lucha-salarial\/"},"author":{"name":"vamos!","@id":"https:\/\/vamosporlaliberacion.org\/crpmlm\/#\/schema\/person\/d6eac7758df3770dae9cd9eb104d615c"},"headline":"Avanza la lucha salarial","datePublished":"2015-05-27T02:58:05+00:00","dateModified":"2020-11-06T21:36:08+00:00","mainEntityOfPage":{"@id":"https:\/\/vamosporlaliberacion.org\/crpmlm\/avanza-la-lucha-salarial\/"},"wordCount":1322,"commentCount":0,"image":{"@id":"https:\/\/vamosporlaliberacion.org\/crpmlm\/avanza-la-lucha-salarial\/#primaryimage"},"thumbnailUrl":"https:\/\/i0.wp.com\/vamosporlaliberacion.org\/crpmlm\/wp-content\/uploads\/2015\/10\/vxl52-15.jpg?fit=696%2C469&ssl=1","keywords":["editorial 52"],"articleSection":["Editoriales"],"inLanguage":"es","potentialAction":[{"@type":"CommentAction","name":"Comment","target":["https:\/\/vamosporlaliberacion.org\/crpmlm\/avanza-la-lucha-salarial\/#respond"]}]},{"@type":"WebPage","@id":"https:\/\/vamosporlaliberacion.org\/crpmlm\/avanza-la-lucha-salarial\/","url":"https:\/\/vamosporlaliberacion.org\/crpmlm\/avanza-la-lucha-salarial\/","name":"Avanza la lucha salarial - Vamos por la Liberaci\u00f3n","isPartOf":{"@id":"https:\/\/vamosporlaliberacion.org\/crpmlm\/#website"},"primaryImageOfPage":{"@id":"https:\/\/vamosporlaliberacion.org\/crpmlm\/avanza-la-lucha-salarial\/#primaryimage"},"image":{"@id":"https:\/\/vamosporlaliberacion.org\/crpmlm\/avanza-la-lucha-salarial\/#primaryimage"},"thumbnailUrl":"https:\/\/i0.wp.com\/vamosporlaliberacion.org\/crpmlm\/wp-content\/uploads\/2015\/10\/vxl52-15.jpg?fit=696%2C469&ssl=1","datePublished":"2015-05-27T02:58:05+00:00","dateModified":"2020-11-06T21:36:08+00:00","author":{"@id":"https:\/\/vamosporlaliberacion.org\/crpmlm\/#\/schema\/person\/d6eac7758df3770dae9cd9eb104d615c"},"breadcrumb":{"@id":"https:\/\/vamosporlaliberacion.org\/crpmlm\/avanza-la-lucha-salarial\/#breadcrumb"},"inLanguage":"es","potentialAction":[{"@type":"ReadAction","target":["https:\/\/vamosporlaliberacion.org\/crpmlm\/avanza-la-lucha-salarial\/"]}]},{"@type":"ImageObject","inLanguage":"es","@id":"https:\/\/vamosporlaliberacion.org\/crpmlm\/avanza-la-lucha-salarial\/#primaryimage","url":"https:\/\/i0.wp.com\/vamosporlaliberacion.org\/crpmlm\/wp-content\/uploads\/2015\/10\/vxl52-15.jpg?fit=696%2C469&ssl=1","contentUrl":"https:\/\/i0.wp.com\/vamosporlaliberacion.org\/crpmlm\/wp-content\/uploads\/2015\/10\/vxl52-15.jpg?fit=696%2C469&ssl=1","width":696,"height":469},{"@type":"BreadcrumbList","@id":"https:\/\/vamosporlaliberacion.org\/crpmlm\/avanza-la-lucha-salarial\/#breadcrumb","itemListElement":[{"@type":"ListItem","position":1,"name":"Portada","item":"https:\/\/vamosporlaliberacion.org\/crpmlm\/"},{"@type":"ListItem","position":2,"name":"Avanza la lucha salarial"}]},{"@type":"WebSite","@id":"https:\/\/vamosporlaliberacion.org\/crpmlm\/#website","url":"https:\/\/vamosporlaliberacion.org\/crpmlm\/","name":"Vamos por la Liberaci\u00f3n","description":"Prensa CR","potentialAction":[{"@type":"SearchAction","target":{"@type":"EntryPoint","urlTemplate":"https:\/\/vamosporlaliberacion.org\/crpmlm\/?s={search_term_string}"},"query-input":{"@type":"PropertyValueSpecification","valueRequired":true,"valueName":"search_term_string"}}],"inLanguage":"es"},{"@type":"Person","@id":"https:\/\/vamosporlaliberacion.org\/crpmlm\/#\/schema\/person\/d6eac7758df3770dae9cd9eb104d615c","name":"vamos!","url":"http:\/\/vamosporlaliberacion.org\/crpmlm\/author\/adminvxl\/"}]}},"jetpack_featured_media_url":"https:\/\/i0.wp.com\/vamosporlaliberacion.org\/crpmlm\/wp-content\/uploads\/2015\/10\/vxl52-15.jpg?fit=696%2C469&ssl=1","jetpack_sharing_enabled":true,"_links":{"self":[{"href":"http:\/\/vamosporlaliberacion.org\/crpmlm\/wp-json\/wp\/v2\/posts\/1769","targetHints":{"allow":["GET"]}}],"collection":[{"href":"http:\/\/vamosporlaliberacion.org\/crpmlm\/wp-json\/wp\/v2\/posts"}],"about":[{"href":"http:\/\/vamosporlaliberacion.org\/crpmlm\/wp-json\/wp\/v2\/types\/post"}],"author":[{"embeddable":true,"href":"http:\/\/vamosporlaliberacion.org\/crpmlm\/wp-json\/wp\/v2\/users\/6"}],"replies":[{"embeddable":true,"href":"http:\/\/vamosporlaliberacion.org\/crpmlm\/wp-json\/wp\/v2\/comments?post=1769"}],"version-history":[{"count":1,"href":"http:\/\/vamosporlaliberacion.org\/crpmlm\/wp-json\/wp\/v2\/posts\/1769\/revisions"}],"predecessor-version":[{"id":21910,"href":"http:\/\/vamosporlaliberacion.org\/crpmlm\/wp-json\/wp\/v2\/posts\/1769\/revisions\/21910"}],"wp:featuredmedia":[{"embeddable":true,"href":"http:\/\/vamosporlaliberacion.org\/crpmlm\/wp-json\/wp\/v2\/media\/1774"}],"wp:attachment":[{"href":"http:\/\/vamosporlaliberacion.org\/crpmlm\/wp-json\/wp\/v2\/media?parent=1769"}],"wp:term":[{"taxonomy":"category","embeddable":true,"href":"http:\/\/vamosporlaliberacion.org\/crpmlm\/wp-json\/wp\/v2\/categories?post=1769"},{"taxonomy":"post_tag","embeddable":true,"href":"http:\/\/vamosporlaliberacion.org\/crpmlm\/wp-json\/wp\/v2\/tags?post=1769"}],"curies":[{"name":"wp","href":"https:\/\/api.w.org\/{rel}","templated":true}]}}