{"id":1699,"date":"2015-06-11T21:50:51","date_gmt":"2015-06-12T00:50:51","guid":{"rendered":"http:\/\/m8000370.ferozo.com\/crpmlm\/?p=1699"},"modified":"2020-11-06T18:43:07","modified_gmt":"2020-11-06T21:43:07","slug":"sin-tregua","status":"publish","type":"post","link":"http:\/\/vamosporlaliberacion.org\/crpmlm\/sin-tregua\/","title":{"rendered":"Sin tregua"},"content":{"rendered":"<p>Sea por salario o contra la violencia hacia las mujeres, los trabajadores y el pueblo marcaron d\u00f3nde ponen sus expectativas de cambio: en la calle. Una voluntad que incomoda o molesta al Gobierno y los presidenciables. Un camino que buscamos reafirmar tambi\u00e9n en las elecciones, en la perspectiva de la liberaci\u00f3n nacional y social.<\/p>\n<p>La lucha de los aceiteros marc\u00f3 el camino para perforar el techo ajustador del 27% y contagi\u00f3 a sectores del movimiento obrero. El clamor de \u201cni una menos\u201d remueve cuestiones profundas que est\u00e1n en la sociedad capitalista y abren debates de fondo. Las elecciones se van ti\u00f1endo de la lucha popular y la agudizaci\u00f3n de la disputa que divide a los de arriba. <\/p>\n<h3><strong>El camino de los aceiteros.<\/strong><\/h3>\n<p>La impresionante lucha de los aceiteros abri\u00f3 el camino que rompi\u00f3 el techo salarial que pretend\u00eda imponer el gobierno, los monopolios y los jerarcas sindicales. Una lucha ejemplar que puso al desnudo las ganancias de los monopolios imperialistas que amasan fortunas con la pol\u00edtica kirchnerista. Como denuncia el sindicato aceitero, estas empresas tienen un costo laboral que va del 0,5% al 1,8% por ciento, mientras que Cargill factur\u00f3 en el 2013 $26.000 millones, Dreyfus $19.000 millones y Molinos R\u00edo de la Plata $21.000 millones. <\/p>\n<p>Como bien se se\u00f1ala en la declaraci\u00f3n del Encuentro Sindical Combativo para el paro del 9 de junio, \u201cEsta lucha testigo aceler\u00f3 las paritarias en otros gremios industriales, ya que las patronales no quieren que se generalice el conflicto obrero una vez que se super\u00f3 el techo del gobierno. Por eso se apuraron a cerrar en la alimentaci\u00f3n un 35% m\u00e1s $1200 en enero, (aunque los delegados todav\u00eda no aceptaron), o el subterr\u00e1neo de Buenos Aires donde se logr\u00f3 el 32% en un solo pago retroactivo a marzo, donde los delegados de la oposici\u00f3n se impusieron sobre la conducci\u00f3n kirchnerista del sindicato dirigida por Pianelli y tambi\u00e9n Fern\u00e1ndez de la UTA (que apoya a Macri).\u201d<\/p>\n<p>Fue muy importante el paro total de los bancarios que conquist\u00f3 un aumento del 27,8% en un pago y por doce meses y al mismo tiempo incorpora cl\u00e1usulas especiales como un porcentaje sobre las ganancias del sector que permitir\u00e1n a los afiliados alcanzar un aumento salarial del 33%. La FOTIA par\u00f3 todos los ingenios en el mes de mayo y se dispone a otro paro general el pr\u00f3ximo 10 de junio, rechazando el 20% que se ofreci\u00f3 y reclamando un aumento que lleve la categor\u00eda m\u00e1s baja a 10.400 pesos.<\/p>\n<p>Esta realidad ti\u00f1\u00f3 el paro del 9 de junio convocado por la CGT de Moyano, la CTA Aut\u00f3noma (que march\u00f3 al Ministerio de Trabajo el d\u00eda 8 de junio) y la CATT (que nuclea a los gremios del transporte). <\/p>\n<p>La lucha de los aceiteros, los qu\u00edmicos de Bah\u00eda Blanca que lograron con paros y bloqueos del polo petroqu\u00edmico la continuidad laboral de los trabajadores de la empresa Ollearis o los bancarios, muestran que las luchas son muy duras, pero los que deciden darla pueden ganar. <\/p>\n<p>Tendr\u00e1n que rendir cuentas los traidores como Cal\u00f3, que desoy\u00f3 el mandato de paro de 36hs y firm\u00f3 un vergonzoso 27% garantiz\u00e1ndoles a los monopolios y el Gobierno el techo salarial.<\/p>\n<p>Se abre una nueva situaci\u00f3n en el movimiento obrero que te\u00f1ir\u00e1 de luchas la campa\u00f1a electoral.<\/p>\n<h3><strong>Un solo grito, \u00a1Ni una menos!<\/strong><\/h3>\n<p>Centenares de miles en todo el pa\u00eds salieron a las calles en una de las manifestaciones populares m\u00e1s importante de los \u00faltimos a\u00f1os. El tama\u00f1o de la movilizaci\u00f3n es en proporci\u00f3n de la tragedia que viven miles de mujeres cada d\u00eda en nuestro pa\u00eds v\u00edctimas de los femicidios y todo tipo de violencia de g\u00e9nero. En los \u00faltimos a\u00f1os se ha desarrollado un proceso de denuncia, discusi\u00f3n, visibilizaci\u00f3n y toma de conciencia sobre este problema y es parte del avance de la lucha de g\u00e9nero en nuestro pa\u00eds (ver nota).<\/p>\n<p>La masividad de la convocatoria super\u00f3 los intentos de instrumentar este reclamo o de lavarse la cara, ya sea desde el oficialismo, desde Clar\u00edn o desde la far\u00e1ndula de la tele. En cambio, se ha abierto un profundo debate sobre las causas de la violencia hacia las mujeres, que deja expuestas las responsabilidades de los poderes del Estado, los medios y la Iglesia.<\/p>\n<p>Sobre las razones de la violencia de g\u00e9nero se han mencionado, entre otras, las causas culturales, sociales y biol\u00f3gicas. Algunos por \u201cizquierda\u201d marcan la responsabilidad del Estado pero despoj\u00e1ndolo de su car\u00e1cter de clase, ya que desvinculan la violencia hacia las mujeres del rol que les asigna el sistema capitalista. Y es precisamente el Estado el instrumento fundamental para garantizar la explotaci\u00f3n de una clase por otra. A decir verdad, cada sociedad le otorg\u00f3 a lo largo de la historia un papel a la mujer.<\/p>\n<p>Las relaciones capitalistas de producci\u00f3n ubica a la mujer en las tareas dom\u00e9sticas, tareas no retribuidas, ya que se considera que est\u00e1n contempladas en el salario que recibe el marido, a quien deber\u00e1 garantizar su descanso, ropa, alimentos, para que pueda reiniciar sus tareas cada d\u00eda, contribuyendo a la reproducci\u00f3n y cuidado de la fuerza de trabajo que necesita la clase explotadora. Junto con esto, son responsables de la crianza de sus hijos y de transferir en el hogar los valores de la sociedad patriarcal con la ideolog\u00eda de las clases dominantes que se reproduce en la educaci\u00f3n ubic\u00e1ndoles un lugar desde temprana edad a las ni\u00f1as: el hogar.<\/p>\n<p>Sin dudas, la incorporaci\u00f3n de las mujeres a la producci\u00f3n social ha creado mejores condiciones para su independencia econ\u00f3mica y para la participaci\u00f3n masiva en la lucha social. Pero esto por s\u00ed s\u00f3lo no cambia el rol asignado por la sociedad capitalista a la mujer, ya que en esta sociedad millones de mujeres tienen dos trabajos: uno fuera del hogar y otro en el hogar.<\/p>\n<p>Justamente la experiencia de las revoluciones que triunfaron en Rusia, pero principalmente en China -que no lo hubieran logrado sin el papel de la mujer en la lucha revolucionaria dirigida por el Partido Comunista y una f\u00e9rrea pol\u00edtica de frente \u00fanico en este terreno- mostraron c\u00f3mo la socializaci\u00f3n del trabajo dom\u00e9stico signific\u00f3 un salto gigantesco y marc\u00f3 a fuego un rasgo esencial de esa nueva sociedad que nac\u00eda, conducida ya por un Estado revolucionario.<\/p>\n<p>Al socializarse el trabajo dom\u00e9stico, la mujer reconquist\u00f3 su derecho de ciudadan\u00eda. Al mismo tiempo, los que toman a su cargo ese trabajo dejan de ser menospreciados, transformando y enriqueciendo a las antiguas amas de casa, que entonces se incorporaron activamente a la producci\u00f3n y a los \u00f3rganos de poder popular en un plano de igualdad con los hombres en la lucha social, cultural, pol\u00edtica e ideol\u00f3gica. <\/p>\n<h3><strong>Las elecciones.<\/strong><\/h3>\n<p>Los reagrupamientos por arriba est\u00e1n en constante movimiento. Las encuestas que dan ganador a Daniel Scioli en una primera vuelta si la oposici\u00f3n va dividida aceler\u00f3 el desarmado del Frente Renovador de Massa y dispar\u00f3 el \u201coperativo clamor\u201d para unir a la oposici\u00f3n que todav\u00eda no parece conmover a Macri. <\/p>\n<p>Hay mucho en juego en un pa\u00eds dependiente \u2013como mostr\u00f3 la lucha de aceiteros- y en disputa en el terreno pol\u00edtico y econ\u00f3mico producto de la pol\u00edtica kirchnerista que ha profundizado la dependencia, principalmente con el imperialismo chino y ruso, tensando las contradicciones con los EEUU. Esto se da en un mundo donde se acent\u00faan los factores de guerras, como dijo el Papa Francisco en Sarajevo advirtiendo sobre el \u201cclima de guerra\u201d que reina en el mundo.<\/p>\n<p>En este marco, frente a la polarizaci\u00f3n de las clases dominantes y ante un centroizquierda \u2013fogoneada por Clar\u00edn u otros\u2013 que levanta las figuras de Lula, Tabar\u00e9 V\u00e1zquez, el FAP o reivindica la Celac, el FIT y los sectores que lo apoyan como el CR y el PMLM de Tierra del Fuego, entre otras organizaciones, se fortalecen y muestran para estas elecciones una opci\u00f3n popular de oposici\u00f3n e independiente con una plataforma de lucha en el camino de la construcci\u00f3n del reagrupamiento antiimperialista y antiterrateniente que luche por la liberaci\u00f3n nacional y social.<\/p>\n<!-- AddThis Advanced Settings generic via filter on the_content --><!-- AddThis Share Buttons generic via filter on the_content -->","protected":false},"excerpt":{"rendered":"<p>Sea por salario o contra la violencia hacia las mujeres, los trabajadores y el pueblo marcaron d\u00f3nde ponen sus expectativas de cambio: en la calle. Una voluntad que incomoda o molesta al Gobierno y los presidenciables. Un camino que buscamos reafirmar tambi\u00e9n en las elecciones, en la perspectiva de la liberaci\u00f3n nacional y social. La [&hellip;]<!-- AddThis Advanced Settings generic via filter on get_the_excerpt --><!-- AddThis Share Buttons generic via filter on get_the_excerpt --><\/p>\n","protected":false},"author":6,"featured_media":1678,"comment_status":"open","ping_status":"open","sticky":false,"template":"","format":"standard","meta":{"_jetpack_memberships_contains_paid_content":false,"footnotes":""},"categories":[1881],"tags":[93],"class_list":{"0":"post-1699","1":"post","2":"type-post","3":"status-publish","4":"format-standard","5":"has-post-thumbnail","7":"category-editoriales","8":"tag-editorial-53"},"yoast_head":"<!-- This site is optimized with the Yoast SEO plugin v27.4 - https:\/\/yoast.com\/product\/yoast-seo-wordpress\/ -->\n<title>Sin tregua - Vamos por la Liberaci\u00f3n<\/title>\n<meta name=\"robots\" content=\"index, follow, max-snippet:-1, max-image-preview:large, max-video-preview:-1\" \/>\n<link rel=\"canonical\" href=\"https:\/\/vamosporlaliberacion.org\/crpmlm\/sin-tregua\/\" \/>\n<meta name=\"twitter:label1\" content=\"Escrito por\" \/>\n\t<meta name=\"twitter:data1\" content=\"vamos!\" \/>\n\t<meta name=\"twitter:label2\" content=\"Tiempo de lectura\" \/>\n\t<meta name=\"twitter:data2\" content=\"7 minutos\" \/>\n<script type=\"application\/ld+json\" class=\"yoast-schema-graph\">{\"@context\":\"https:\\\/\\\/schema.org\",\"@graph\":[{\"@type\":\"Article\",\"@id\":\"https:\\\/\\\/vamosporlaliberacion.org\\\/crpmlm\\\/sin-tregua\\\/#article\",\"isPartOf\":{\"@id\":\"https:\\\/\\\/vamosporlaliberacion.org\\\/crpmlm\\\/sin-tregua\\\/\"},\"author\":{\"name\":\"vamos!\",\"@id\":\"https:\\\/\\\/vamosporlaliberacion.org\\\/crpmlm\\\/#\\\/schema\\\/person\\\/d6eac7758df3770dae9cd9eb104d615c\"},\"headline\":\"Sin tregua\",\"datePublished\":\"2015-06-12T00:50:51+00:00\",\"dateModified\":\"2020-11-06T21:43:07+00:00\",\"mainEntityOfPage\":{\"@id\":\"https:\\\/\\\/vamosporlaliberacion.org\\\/crpmlm\\\/sin-tregua\\\/\"},\"wordCount\":1404,\"commentCount\":0,\"image\":{\"@id\":\"https:\\\/\\\/vamosporlaliberacion.org\\\/crpmlm\\\/sin-tregua\\\/#primaryimage\"},\"thumbnailUrl\":\"https:\\\/\\\/i0.wp.com\\\/vamosporlaliberacion.org\\\/crpmlm\\\/wp-content\\\/uploads\\\/2015\\\/10\\\/vxl53-12.jpg?fit=696%2C525&ssl=1\",\"keywords\":[\"editorial 53\"],\"articleSection\":[\"Editoriales\"],\"inLanguage\":\"es\",\"potentialAction\":[{\"@type\":\"CommentAction\",\"name\":\"Comment\",\"target\":[\"https:\\\/\\\/vamosporlaliberacion.org\\\/crpmlm\\\/sin-tregua\\\/#respond\"]}]},{\"@type\":\"WebPage\",\"@id\":\"https:\\\/\\\/vamosporlaliberacion.org\\\/crpmlm\\\/sin-tregua\\\/\",\"url\":\"https:\\\/\\\/vamosporlaliberacion.org\\\/crpmlm\\\/sin-tregua\\\/\",\"name\":\"Sin tregua - Vamos por la Liberaci\u00f3n\",\"isPartOf\":{\"@id\":\"https:\\\/\\\/vamosporlaliberacion.org\\\/crpmlm\\\/#website\"},\"primaryImageOfPage\":{\"@id\":\"https:\\\/\\\/vamosporlaliberacion.org\\\/crpmlm\\\/sin-tregua\\\/#primaryimage\"},\"image\":{\"@id\":\"https:\\\/\\\/vamosporlaliberacion.org\\\/crpmlm\\\/sin-tregua\\\/#primaryimage\"},\"thumbnailUrl\":\"https:\\\/\\\/i0.wp.com\\\/vamosporlaliberacion.org\\\/crpmlm\\\/wp-content\\\/uploads\\\/2015\\\/10\\\/vxl53-12.jpg?fit=696%2C525&ssl=1\",\"datePublished\":\"2015-06-12T00:50:51+00:00\",\"dateModified\":\"2020-11-06T21:43:07+00:00\",\"author\":{\"@id\":\"https:\\\/\\\/vamosporlaliberacion.org\\\/crpmlm\\\/#\\\/schema\\\/person\\\/d6eac7758df3770dae9cd9eb104d615c\"},\"breadcrumb\":{\"@id\":\"https:\\\/\\\/vamosporlaliberacion.org\\\/crpmlm\\\/sin-tregua\\\/#breadcrumb\"},\"inLanguage\":\"es\",\"potentialAction\":[{\"@type\":\"ReadAction\",\"target\":[\"https:\\\/\\\/vamosporlaliberacion.org\\\/crpmlm\\\/sin-tregua\\\/\"]}]},{\"@type\":\"ImageObject\",\"inLanguage\":\"es\",\"@id\":\"https:\\\/\\\/vamosporlaliberacion.org\\\/crpmlm\\\/sin-tregua\\\/#primaryimage\",\"url\":\"https:\\\/\\\/i0.wp.com\\\/vamosporlaliberacion.org\\\/crpmlm\\\/wp-content\\\/uploads\\\/2015\\\/10\\\/vxl53-12.jpg?fit=696%2C525&ssl=1\",\"contentUrl\":\"https:\\\/\\\/i0.wp.com\\\/vamosporlaliberacion.org\\\/crpmlm\\\/wp-content\\\/uploads\\\/2015\\\/10\\\/vxl53-12.jpg?fit=696%2C525&ssl=1\",\"width\":696,\"height\":525},{\"@type\":\"BreadcrumbList\",\"@id\":\"https:\\\/\\\/vamosporlaliberacion.org\\\/crpmlm\\\/sin-tregua\\\/#breadcrumb\",\"itemListElement\":[{\"@type\":\"ListItem\",\"position\":1,\"name\":\"Portada\",\"item\":\"https:\\\/\\\/vamosporlaliberacion.org\\\/crpmlm\\\/\"},{\"@type\":\"ListItem\",\"position\":2,\"name\":\"Sin tregua\"}]},{\"@type\":\"WebSite\",\"@id\":\"https:\\\/\\\/vamosporlaliberacion.org\\\/crpmlm\\\/#website\",\"url\":\"https:\\\/\\\/vamosporlaliberacion.org\\\/crpmlm\\\/\",\"name\":\"Vamos por la Liberaci\u00f3n\",\"description\":\"Prensa CR\",\"potentialAction\":[{\"@type\":\"SearchAction\",\"target\":{\"@type\":\"EntryPoint\",\"urlTemplate\":\"https:\\\/\\\/vamosporlaliberacion.org\\\/crpmlm\\\/?s={search_term_string}\"},\"query-input\":{\"@type\":\"PropertyValueSpecification\",\"valueRequired\":true,\"valueName\":\"search_term_string\"}}],\"inLanguage\":\"es\"},{\"@type\":\"Person\",\"@id\":\"https:\\\/\\\/vamosporlaliberacion.org\\\/crpmlm\\\/#\\\/schema\\\/person\\\/d6eac7758df3770dae9cd9eb104d615c\",\"name\":\"vamos!\",\"url\":\"http:\\\/\\\/vamosporlaliberacion.org\\\/crpmlm\\\/author\\\/adminvxl\\\/\"}]}<\/script>\n<!-- \/ Yoast SEO plugin. -->","yoast_head_json":{"title":"Sin tregua - Vamos por la Liberaci\u00f3n","robots":{"index":"index","follow":"follow","max-snippet":"max-snippet:-1","max-image-preview":"max-image-preview:large","max-video-preview":"max-video-preview:-1"},"canonical":"https:\/\/vamosporlaliberacion.org\/crpmlm\/sin-tregua\/","twitter_misc":{"Escrito por":"vamos!","Tiempo de lectura":"7 minutos"},"schema":{"@context":"https:\/\/schema.org","@graph":[{"@type":"Article","@id":"https:\/\/vamosporlaliberacion.org\/crpmlm\/sin-tregua\/#article","isPartOf":{"@id":"https:\/\/vamosporlaliberacion.org\/crpmlm\/sin-tregua\/"},"author":{"name":"vamos!","@id":"https:\/\/vamosporlaliberacion.org\/crpmlm\/#\/schema\/person\/d6eac7758df3770dae9cd9eb104d615c"},"headline":"Sin tregua","datePublished":"2015-06-12T00:50:51+00:00","dateModified":"2020-11-06T21:43:07+00:00","mainEntityOfPage":{"@id":"https:\/\/vamosporlaliberacion.org\/crpmlm\/sin-tregua\/"},"wordCount":1404,"commentCount":0,"image":{"@id":"https:\/\/vamosporlaliberacion.org\/crpmlm\/sin-tregua\/#primaryimage"},"thumbnailUrl":"https:\/\/i0.wp.com\/vamosporlaliberacion.org\/crpmlm\/wp-content\/uploads\/2015\/10\/vxl53-12.jpg?fit=696%2C525&ssl=1","keywords":["editorial 53"],"articleSection":["Editoriales"],"inLanguage":"es","potentialAction":[{"@type":"CommentAction","name":"Comment","target":["https:\/\/vamosporlaliberacion.org\/crpmlm\/sin-tregua\/#respond"]}]},{"@type":"WebPage","@id":"https:\/\/vamosporlaliberacion.org\/crpmlm\/sin-tregua\/","url":"https:\/\/vamosporlaliberacion.org\/crpmlm\/sin-tregua\/","name":"Sin tregua - Vamos por la Liberaci\u00f3n","isPartOf":{"@id":"https:\/\/vamosporlaliberacion.org\/crpmlm\/#website"},"primaryImageOfPage":{"@id":"https:\/\/vamosporlaliberacion.org\/crpmlm\/sin-tregua\/#primaryimage"},"image":{"@id":"https:\/\/vamosporlaliberacion.org\/crpmlm\/sin-tregua\/#primaryimage"},"thumbnailUrl":"https:\/\/i0.wp.com\/vamosporlaliberacion.org\/crpmlm\/wp-content\/uploads\/2015\/10\/vxl53-12.jpg?fit=696%2C525&ssl=1","datePublished":"2015-06-12T00:50:51+00:00","dateModified":"2020-11-06T21:43:07+00:00","author":{"@id":"https:\/\/vamosporlaliberacion.org\/crpmlm\/#\/schema\/person\/d6eac7758df3770dae9cd9eb104d615c"},"breadcrumb":{"@id":"https:\/\/vamosporlaliberacion.org\/crpmlm\/sin-tregua\/#breadcrumb"},"inLanguage":"es","potentialAction":[{"@type":"ReadAction","target":["https:\/\/vamosporlaliberacion.org\/crpmlm\/sin-tregua\/"]}]},{"@type":"ImageObject","inLanguage":"es","@id":"https:\/\/vamosporlaliberacion.org\/crpmlm\/sin-tregua\/#primaryimage","url":"https:\/\/i0.wp.com\/vamosporlaliberacion.org\/crpmlm\/wp-content\/uploads\/2015\/10\/vxl53-12.jpg?fit=696%2C525&ssl=1","contentUrl":"https:\/\/i0.wp.com\/vamosporlaliberacion.org\/crpmlm\/wp-content\/uploads\/2015\/10\/vxl53-12.jpg?fit=696%2C525&ssl=1","width":696,"height":525},{"@type":"BreadcrumbList","@id":"https:\/\/vamosporlaliberacion.org\/crpmlm\/sin-tregua\/#breadcrumb","itemListElement":[{"@type":"ListItem","position":1,"name":"Portada","item":"https:\/\/vamosporlaliberacion.org\/crpmlm\/"},{"@type":"ListItem","position":2,"name":"Sin tregua"}]},{"@type":"WebSite","@id":"https:\/\/vamosporlaliberacion.org\/crpmlm\/#website","url":"https:\/\/vamosporlaliberacion.org\/crpmlm\/","name":"Vamos por la Liberaci\u00f3n","description":"Prensa CR","potentialAction":[{"@type":"SearchAction","target":{"@type":"EntryPoint","urlTemplate":"https:\/\/vamosporlaliberacion.org\/crpmlm\/?s={search_term_string}"},"query-input":{"@type":"PropertyValueSpecification","valueRequired":true,"valueName":"search_term_string"}}],"inLanguage":"es"},{"@type":"Person","@id":"https:\/\/vamosporlaliberacion.org\/crpmlm\/#\/schema\/person\/d6eac7758df3770dae9cd9eb104d615c","name":"vamos!","url":"http:\/\/vamosporlaliberacion.org\/crpmlm\/author\/adminvxl\/"}]}},"jetpack_featured_media_url":"https:\/\/i0.wp.com\/vamosporlaliberacion.org\/crpmlm\/wp-content\/uploads\/2015\/10\/vxl53-12.jpg?fit=696%2C525&ssl=1","jetpack_sharing_enabled":true,"_links":{"self":[{"href":"http:\/\/vamosporlaliberacion.org\/crpmlm\/wp-json\/wp\/v2\/posts\/1699","targetHints":{"allow":["GET"]}}],"collection":[{"href":"http:\/\/vamosporlaliberacion.org\/crpmlm\/wp-json\/wp\/v2\/posts"}],"about":[{"href":"http:\/\/vamosporlaliberacion.org\/crpmlm\/wp-json\/wp\/v2\/types\/post"}],"author":[{"embeddable":true,"href":"http:\/\/vamosporlaliberacion.org\/crpmlm\/wp-json\/wp\/v2\/users\/6"}],"replies":[{"embeddable":true,"href":"http:\/\/vamosporlaliberacion.org\/crpmlm\/wp-json\/wp\/v2\/comments?post=1699"}],"version-history":[{"count":1,"href":"http:\/\/vamosporlaliberacion.org\/crpmlm\/wp-json\/wp\/v2\/posts\/1699\/revisions"}],"predecessor-version":[{"id":21921,"href":"http:\/\/vamosporlaliberacion.org\/crpmlm\/wp-json\/wp\/v2\/posts\/1699\/revisions\/21921"}],"wp:featuredmedia":[{"embeddable":true,"href":"http:\/\/vamosporlaliberacion.org\/crpmlm\/wp-json\/wp\/v2\/media\/1678"}],"wp:attachment":[{"href":"http:\/\/vamosporlaliberacion.org\/crpmlm\/wp-json\/wp\/v2\/media?parent=1699"}],"wp:term":[{"taxonomy":"category","embeddable":true,"href":"http:\/\/vamosporlaliberacion.org\/crpmlm\/wp-json\/wp\/v2\/categories?post=1699"},{"taxonomy":"post_tag","embeddable":true,"href":"http:\/\/vamosporlaliberacion.org\/crpmlm\/wp-json\/wp\/v2\/tags?post=1699"}],"curies":[{"name":"wp","href":"https:\/\/api.w.org\/{rel}","templated":true}]}}