{"id":16614,"date":"2020-03-18T15:41:31","date_gmt":"2020-03-18T18:41:31","guid":{"rendered":"http:\/\/vamosporlaliberacion.org\/crpmlm\/?p=16614"},"modified":"2020-05-24T22:01:20","modified_gmt":"2020-05-25T01:01:20","slug":"quien-se-acuerda-de-los-invisibles","status":"publish","type":"post","link":"http:\/\/vamosporlaliberacion.org\/crpmlm\/quien-se-acuerda-de-los-invisibles\/","title":{"rendered":"\u00bfQui\u00e9n se acuerda de los invisibles?"},"content":{"rendered":"\n<p>Los que est\u00e1n&nbsp;ah\u00ed, firmes, mientras nosotros y nosotras estamos, con cierto privilegio, haciendo la cuarentena, en nuestras casas.<\/p>\n\n\n\n<p>Los invisibles, los de siempre&nbsp;\u00bfNo? Los que tienen que seguir moviendo el mundo, aunque este detenido, porque la necesidad no conoce la espera, mucho menos la cuarentena.&nbsp;&nbsp;<\/p>\n\n\n\n<p>\u00bfQuien se acuerda de aquellos que tienen que seguir produciendo alimentos a raja tabla, y con sueldos de hambre, por cierto?&nbsp;&nbsp;<\/p>\n\n\n\n<p>\u00bfQui\u00e9n se acuerda de los recolectores de residuos?\u00bfDe los Choferes de \u00f3mnibus?\u00bfDe los y las trabajadores que hacen&nbsp;delivery, con estas empresas fantasmas, ultra precarizados por las calles? Nadie, o m\u00e1s bien, poquitos. \u00bfQuien se acuerda de los que tienen que garantizar que siga funcionando la energ\u00eda?&nbsp;<\/p>\n\n\n\n<p>\u00bfQui\u00e9n&nbsp;se acuerda de los y las comerciantes que nos aseguran las necesidades b\u00e1sicas?&nbsp;<\/p>\n\n\n\n<p>\u00bfY, de la gente de la calle, quien se acuerda? Esos&nbsp;si&nbsp;que son invisibles, incluso antes de la pandemia. Me remoto a una estrofa que escrib\u00ed hace unos d\u00edas&#8230;<\/p>\n\n\n\n<p>Parece una paradoja, pensando en el aislamiento, si ya venimos alejados de todo momento.&nbsp;<\/p>\n\n\n\n<p>\u00bfQui\u00e9n se acuerda de aquellas madres solteras que tienen que salir a laburar igual, y tienen que dejar a sus hijos e hijas con alguien?\u00bfY, si no les alcanza el dinero?\u00bfA que recurren? A alg\u00fan familiar, supongo. Pero imagino peores casos, es decir aquellas mujeres que tienen que hacer cuarentena con sus agresores al lado. Terrible&#8230;<\/p>\n\n\n\n<p>\u00bfQui\u00e9n se acuerda de los y las trabajadores de la salud? Los aplausos son hermosos, y llegan hondo, de alg\u00fan modo son una caricia, pero hace falta reconocimiento pol\u00edtico, social,&nbsp;y&nbsp;sobre todo, econ\u00f3mico.&nbsp;&nbsp;<\/p>\n\n\n\n<p>Anoche le\u00eda una noticia de una empresa de salud. Esta, saco un comunicado diciendo que no pagara la licencia a sus trabajadores, es decir, principalmente&nbsp;M\u00e9dicos\/as&nbsp;y&nbsp;Enfermeros\/as. Las empresas no est\u00e1n dispuestas a perder dinero, como habitualmente sucede. La frivolidad no conoce la gl\u00e1ndula de los escr\u00fapulos, como bien dec\u00eda Eduardo Galeano.&nbsp;<\/p>\n\n\n\n<p>\u00a1No nos olvidemos del personal de seguridad, de limpieza, de mantenimiento! Carajo, sin ellos y ellas no existir\u00eda todo lo&nbsp;dem\u00e1s.&nbsp;&nbsp;<\/p>\n\n\n\n<p>Cada uno de nosotros no vale nada sin la otra parte,&nbsp;as\u00ed&nbsp;es el movimiento, ese movimiento que mueven los invisibles.&nbsp;&nbsp;<\/p>\n\n\n\n<p>Por \u00faltimo \u00bfQui\u00e9n se acuerda de los maestros y maestras que a\u00fan tienen que mantener los planes de estudios desde sus hogares? y&nbsp;que&nbsp;por cierto,&nbsp;tambi\u00e9n son negados al reconocimiento social y econ\u00f3mico por los gobiernos todos.<\/p>\n\n\n\n<p>En fin, seguramente me olvide de m\u00e1s ejemplos, no quiero dejar a nadie afuera, pero sepan que&nbsp;est\u00e1n&nbsp;all\u00ed, trabajando mientras nosotros tenemos el privilegio de la cuarentena.&nbsp;<\/p>\n\n\n\n<p>En conclusi\u00f3n, este bichito&nbsp;despertara, inevitablemente, el bichito de los cuestionamientos a un sistema que excluye, que no tiene en cuenta a los invisibles-&nbsp;<\/p>\n\n\n\n<p>\u00bfSe imaginan, si por ejemplo&nbsp;hubieran&nbsp;jardines maternales en las empresas, hospitales y escuelas? Esa madre soltera tendr\u00eda m\u00e1s libertad en caso de no tener dinero, pero supongamos que gana lo que corresponde, igual seria lo justo. Y as\u00ed hay miles de cosas que podr\u00edan cambiar. Gracias al bichito del cuestionarnos todo esto. Digo, la pandemia anterior, la que ignora a los invisibles por los siglos de los siglos.&nbsp;<\/p>\n\n\n\n<p>LOS NADIES.&nbsp;&nbsp;Eduardo Galeano.&nbsp;<\/p>\n\n\n\n<p>Sue\u00f1an las pulgas con comprarse un perro<br>y sue\u00f1an los nadies con salir de pobres,<br>que alg\u00fan m\u00e1gico d\u00eda<br>llueva de pronto la buena suerte,<br>que llueva a c\u00e1ntaros la buena suerte;<br>pero la buena suerte no llueve ayer, ni hoy,<br>ni ma\u00f1ana, ni nunca,<br>ni en lloviznita cae del cielo la buena suerte, <br>por mucho que los nadies la llamen<br>y aunque les pique la mano izquierda,<br>o se levanten con el pie derecho,<br>o empiecen el a\u00f1o cambiando de escoba.<\/p>\n\n\n\n<p>Los nadies: los hijos de nadie,<br>los due\u00f1os de nada.<br>Los nadies: los ningunos, los ninguneados, <br>corriendo la liebre, muriendo la vida, jodidos, <br>rejodidos:<\/p>\n\n\n\n<p>Que no son, aunque sean.<br>Que no hablan idiomas, sino dialectos.<br>Que no profesan religiones,<br>sino supersticiones.<br>Que no hacen arte, sino artesan\u00eda.<br>Que no practican cultura, sino folklore.<br>Que no son seres humanos,<br>sino recursos humanos.<br>Que no tienen cara, sino brazos.<br>Que no tienen nombre, sino n\u00famero.<br>Que no figuran en la historia universal,<br>sino en la cr\u00f3nica roja de la prensa local.<br>Los nadies,<br>que cuestan menos<br>que la bala que los mata. <\/p>\n<!-- AddThis Advanced Settings generic via filter on the_content --><!-- AddThis Share Buttons generic via filter on the_content -->","protected":false},"excerpt":{"rendered":"<p>Los que est\u00e1n&nbsp;ah\u00ed, firmes, mientras nosotros y nosotras estamos, con cierto privilegio, haciendo la cuarentena, en nuestras casas. Los invisibles, los de siempre&nbsp;\u00bfNo? Los que tienen que seguir moviendo el mundo, aunque este detenido, porque la necesidad no conoce la espera, mucho menos la cuarentena.&nbsp;&nbsp; \u00bfQuien se acuerda de aquellos que tienen que seguir produciendo [&hellip;]<!-- AddThis Advanced Settings generic via filter on get_the_excerpt --><!-- AddThis Share Buttons generic via filter on get_the_excerpt --><\/p>\n","protected":false},"author":6,"featured_media":16615,"comment_status":"open","ping_status":"open","sticky":false,"template":"","format":"standard","meta":{"_jetpack_memberships_contains_paid_content":false,"footnotes":""},"categories":[1850],"tags":[944],"class_list":{"0":"post-16614","1":"post","2":"type-post","3":"status-publish","4":"format-standard","5":"has-post-thumbnail","7":"category-cultura","8":"tag-cultura"},"yoast_head":"<!-- This site is optimized with the Yoast SEO plugin v27.4 - https:\/\/yoast.com\/product\/yoast-seo-wordpress\/ -->\n<title>\u00bfQui\u00e9n se acuerda de los invisibles? - Vamos por la Liberaci\u00f3n<\/title>\n<meta name=\"robots\" content=\"index, follow, max-snippet:-1, max-image-preview:large, max-video-preview:-1\" \/>\n<link rel=\"canonical\" href=\"https:\/\/vamosporlaliberacion.org\/crpmlm\/quien-se-acuerda-de-los-invisibles\/\" \/>\n<meta name=\"twitter:label1\" content=\"Escrito por\" \/>\n\t<meta name=\"twitter:data1\" content=\"vamos!\" \/>\n\t<meta name=\"twitter:label2\" content=\"Tiempo de lectura\" \/>\n\t<meta name=\"twitter:data2\" content=\"4 minutos\" \/>\n<script type=\"application\/ld+json\" class=\"yoast-schema-graph\">{\"@context\":\"https:\\\/\\\/schema.org\",\"@graph\":[{\"@type\":\"Article\",\"@id\":\"https:\\\/\\\/vamosporlaliberacion.org\\\/crpmlm\\\/quien-se-acuerda-de-los-invisibles\\\/#article\",\"isPartOf\":{\"@id\":\"https:\\\/\\\/vamosporlaliberacion.org\\\/crpmlm\\\/quien-se-acuerda-de-los-invisibles\\\/\"},\"author\":{\"name\":\"vamos!\",\"@id\":\"https:\\\/\\\/vamosporlaliberacion.org\\\/crpmlm\\\/#\\\/schema\\\/person\\\/d6eac7758df3770dae9cd9eb104d615c\"},\"headline\":\"\u00bfQui\u00e9n se acuerda de los invisibles?\",\"datePublished\":\"2020-03-18T18:41:31+00:00\",\"dateModified\":\"2020-05-25T01:01:20+00:00\",\"mainEntityOfPage\":{\"@id\":\"https:\\\/\\\/vamosporlaliberacion.org\\\/crpmlm\\\/quien-se-acuerda-de-los-invisibles\\\/\"},\"wordCount\":797,\"commentCount\":0,\"image\":{\"@id\":\"https:\\\/\\\/vamosporlaliberacion.org\\\/crpmlm\\\/quien-se-acuerda-de-los-invisibles\\\/#primaryimage\"},\"thumbnailUrl\":\"https:\\\/\\\/i0.wp.com\\\/vamosporlaliberacion.org\\\/crpmlm\\\/wp-content\\\/uploads\\\/2020\\\/03\\\/1.png?fit=1256%2C617&ssl=1\",\"keywords\":[\"cultura\"],\"articleSection\":[\"cultura\"],\"inLanguage\":\"es\",\"potentialAction\":[{\"@type\":\"CommentAction\",\"name\":\"Comment\",\"target\":[\"https:\\\/\\\/vamosporlaliberacion.org\\\/crpmlm\\\/quien-se-acuerda-de-los-invisibles\\\/#respond\"]}]},{\"@type\":\"WebPage\",\"@id\":\"https:\\\/\\\/vamosporlaliberacion.org\\\/crpmlm\\\/quien-se-acuerda-de-los-invisibles\\\/\",\"url\":\"https:\\\/\\\/vamosporlaliberacion.org\\\/crpmlm\\\/quien-se-acuerda-de-los-invisibles\\\/\",\"name\":\"\u00bfQui\u00e9n se acuerda de los invisibles? - Vamos por la Liberaci\u00f3n\",\"isPartOf\":{\"@id\":\"https:\\\/\\\/vamosporlaliberacion.org\\\/crpmlm\\\/#website\"},\"primaryImageOfPage\":{\"@id\":\"https:\\\/\\\/vamosporlaliberacion.org\\\/crpmlm\\\/quien-se-acuerda-de-los-invisibles\\\/#primaryimage\"},\"image\":{\"@id\":\"https:\\\/\\\/vamosporlaliberacion.org\\\/crpmlm\\\/quien-se-acuerda-de-los-invisibles\\\/#primaryimage\"},\"thumbnailUrl\":\"https:\\\/\\\/i0.wp.com\\\/vamosporlaliberacion.org\\\/crpmlm\\\/wp-content\\\/uploads\\\/2020\\\/03\\\/1.png?fit=1256%2C617&ssl=1\",\"datePublished\":\"2020-03-18T18:41:31+00:00\",\"dateModified\":\"2020-05-25T01:01:20+00:00\",\"author\":{\"@id\":\"https:\\\/\\\/vamosporlaliberacion.org\\\/crpmlm\\\/#\\\/schema\\\/person\\\/d6eac7758df3770dae9cd9eb104d615c\"},\"breadcrumb\":{\"@id\":\"https:\\\/\\\/vamosporlaliberacion.org\\\/crpmlm\\\/quien-se-acuerda-de-los-invisibles\\\/#breadcrumb\"},\"inLanguage\":\"es\",\"potentialAction\":[{\"@type\":\"ReadAction\",\"target\":[\"https:\\\/\\\/vamosporlaliberacion.org\\\/crpmlm\\\/quien-se-acuerda-de-los-invisibles\\\/\"]}]},{\"@type\":\"ImageObject\",\"inLanguage\":\"es\",\"@id\":\"https:\\\/\\\/vamosporlaliberacion.org\\\/crpmlm\\\/quien-se-acuerda-de-los-invisibles\\\/#primaryimage\",\"url\":\"https:\\\/\\\/i0.wp.com\\\/vamosporlaliberacion.org\\\/crpmlm\\\/wp-content\\\/uploads\\\/2020\\\/03\\\/1.png?fit=1256%2C617&ssl=1\",\"contentUrl\":\"https:\\\/\\\/i0.wp.com\\\/vamosporlaliberacion.org\\\/crpmlm\\\/wp-content\\\/uploads\\\/2020\\\/03\\\/1.png?fit=1256%2C617&ssl=1\",\"width\":1256,\"height\":617},{\"@type\":\"BreadcrumbList\",\"@id\":\"https:\\\/\\\/vamosporlaliberacion.org\\\/crpmlm\\\/quien-se-acuerda-de-los-invisibles\\\/#breadcrumb\",\"itemListElement\":[{\"@type\":\"ListItem\",\"position\":1,\"name\":\"Portada\",\"item\":\"https:\\\/\\\/vamosporlaliberacion.org\\\/crpmlm\\\/\"},{\"@type\":\"ListItem\",\"position\":2,\"name\":\"\u00bfQui\u00e9n se acuerda de los invisibles?\"}]},{\"@type\":\"WebSite\",\"@id\":\"https:\\\/\\\/vamosporlaliberacion.org\\\/crpmlm\\\/#website\",\"url\":\"https:\\\/\\\/vamosporlaliberacion.org\\\/crpmlm\\\/\",\"name\":\"Vamos por la Liberaci\u00f3n\",\"description\":\"Prensa CR\",\"potentialAction\":[{\"@type\":\"SearchAction\",\"target\":{\"@type\":\"EntryPoint\",\"urlTemplate\":\"https:\\\/\\\/vamosporlaliberacion.org\\\/crpmlm\\\/?s={search_term_string}\"},\"query-input\":{\"@type\":\"PropertyValueSpecification\",\"valueRequired\":true,\"valueName\":\"search_term_string\"}}],\"inLanguage\":\"es\"},{\"@type\":\"Person\",\"@id\":\"https:\\\/\\\/vamosporlaliberacion.org\\\/crpmlm\\\/#\\\/schema\\\/person\\\/d6eac7758df3770dae9cd9eb104d615c\",\"name\":\"vamos!\",\"url\":\"http:\\\/\\\/vamosporlaliberacion.org\\\/crpmlm\\\/author\\\/adminvxl\\\/\"}]}<\/script>\n<!-- \/ Yoast SEO plugin. -->","yoast_head_json":{"title":"\u00bfQui\u00e9n se acuerda de los invisibles? - Vamos por la Liberaci\u00f3n","robots":{"index":"index","follow":"follow","max-snippet":"max-snippet:-1","max-image-preview":"max-image-preview:large","max-video-preview":"max-video-preview:-1"},"canonical":"https:\/\/vamosporlaliberacion.org\/crpmlm\/quien-se-acuerda-de-los-invisibles\/","twitter_misc":{"Escrito por":"vamos!","Tiempo de lectura":"4 minutos"},"schema":{"@context":"https:\/\/schema.org","@graph":[{"@type":"Article","@id":"https:\/\/vamosporlaliberacion.org\/crpmlm\/quien-se-acuerda-de-los-invisibles\/#article","isPartOf":{"@id":"https:\/\/vamosporlaliberacion.org\/crpmlm\/quien-se-acuerda-de-los-invisibles\/"},"author":{"name":"vamos!","@id":"https:\/\/vamosporlaliberacion.org\/crpmlm\/#\/schema\/person\/d6eac7758df3770dae9cd9eb104d615c"},"headline":"\u00bfQui\u00e9n se acuerda de los invisibles?","datePublished":"2020-03-18T18:41:31+00:00","dateModified":"2020-05-25T01:01:20+00:00","mainEntityOfPage":{"@id":"https:\/\/vamosporlaliberacion.org\/crpmlm\/quien-se-acuerda-de-los-invisibles\/"},"wordCount":797,"commentCount":0,"image":{"@id":"https:\/\/vamosporlaliberacion.org\/crpmlm\/quien-se-acuerda-de-los-invisibles\/#primaryimage"},"thumbnailUrl":"https:\/\/i0.wp.com\/vamosporlaliberacion.org\/crpmlm\/wp-content\/uploads\/2020\/03\/1.png?fit=1256%2C617&ssl=1","keywords":["cultura"],"articleSection":["cultura"],"inLanguage":"es","potentialAction":[{"@type":"CommentAction","name":"Comment","target":["https:\/\/vamosporlaliberacion.org\/crpmlm\/quien-se-acuerda-de-los-invisibles\/#respond"]}]},{"@type":"WebPage","@id":"https:\/\/vamosporlaliberacion.org\/crpmlm\/quien-se-acuerda-de-los-invisibles\/","url":"https:\/\/vamosporlaliberacion.org\/crpmlm\/quien-se-acuerda-de-los-invisibles\/","name":"\u00bfQui\u00e9n se acuerda de los invisibles? - Vamos por la Liberaci\u00f3n","isPartOf":{"@id":"https:\/\/vamosporlaliberacion.org\/crpmlm\/#website"},"primaryImageOfPage":{"@id":"https:\/\/vamosporlaliberacion.org\/crpmlm\/quien-se-acuerda-de-los-invisibles\/#primaryimage"},"image":{"@id":"https:\/\/vamosporlaliberacion.org\/crpmlm\/quien-se-acuerda-de-los-invisibles\/#primaryimage"},"thumbnailUrl":"https:\/\/i0.wp.com\/vamosporlaliberacion.org\/crpmlm\/wp-content\/uploads\/2020\/03\/1.png?fit=1256%2C617&ssl=1","datePublished":"2020-03-18T18:41:31+00:00","dateModified":"2020-05-25T01:01:20+00:00","author":{"@id":"https:\/\/vamosporlaliberacion.org\/crpmlm\/#\/schema\/person\/d6eac7758df3770dae9cd9eb104d615c"},"breadcrumb":{"@id":"https:\/\/vamosporlaliberacion.org\/crpmlm\/quien-se-acuerda-de-los-invisibles\/#breadcrumb"},"inLanguage":"es","potentialAction":[{"@type":"ReadAction","target":["https:\/\/vamosporlaliberacion.org\/crpmlm\/quien-se-acuerda-de-los-invisibles\/"]}]},{"@type":"ImageObject","inLanguage":"es","@id":"https:\/\/vamosporlaliberacion.org\/crpmlm\/quien-se-acuerda-de-los-invisibles\/#primaryimage","url":"https:\/\/i0.wp.com\/vamosporlaliberacion.org\/crpmlm\/wp-content\/uploads\/2020\/03\/1.png?fit=1256%2C617&ssl=1","contentUrl":"https:\/\/i0.wp.com\/vamosporlaliberacion.org\/crpmlm\/wp-content\/uploads\/2020\/03\/1.png?fit=1256%2C617&ssl=1","width":1256,"height":617},{"@type":"BreadcrumbList","@id":"https:\/\/vamosporlaliberacion.org\/crpmlm\/quien-se-acuerda-de-los-invisibles\/#breadcrumb","itemListElement":[{"@type":"ListItem","position":1,"name":"Portada","item":"https:\/\/vamosporlaliberacion.org\/crpmlm\/"},{"@type":"ListItem","position":2,"name":"\u00bfQui\u00e9n se acuerda de los invisibles?"}]},{"@type":"WebSite","@id":"https:\/\/vamosporlaliberacion.org\/crpmlm\/#website","url":"https:\/\/vamosporlaliberacion.org\/crpmlm\/","name":"Vamos por la Liberaci\u00f3n","description":"Prensa CR","potentialAction":[{"@type":"SearchAction","target":{"@type":"EntryPoint","urlTemplate":"https:\/\/vamosporlaliberacion.org\/crpmlm\/?s={search_term_string}"},"query-input":{"@type":"PropertyValueSpecification","valueRequired":true,"valueName":"search_term_string"}}],"inLanguage":"es"},{"@type":"Person","@id":"https:\/\/vamosporlaliberacion.org\/crpmlm\/#\/schema\/person\/d6eac7758df3770dae9cd9eb104d615c","name":"vamos!","url":"http:\/\/vamosporlaliberacion.org\/crpmlm\/author\/adminvxl\/"}]}},"jetpack_featured_media_url":"https:\/\/i0.wp.com\/vamosporlaliberacion.org\/crpmlm\/wp-content\/uploads\/2020\/03\/1.png?fit=1256%2C617&ssl=1","jetpack_sharing_enabled":true,"_links":{"self":[{"href":"http:\/\/vamosporlaliberacion.org\/crpmlm\/wp-json\/wp\/v2\/posts\/16614","targetHints":{"allow":["GET"]}}],"collection":[{"href":"http:\/\/vamosporlaliberacion.org\/crpmlm\/wp-json\/wp\/v2\/posts"}],"about":[{"href":"http:\/\/vamosporlaliberacion.org\/crpmlm\/wp-json\/wp\/v2\/types\/post"}],"author":[{"embeddable":true,"href":"http:\/\/vamosporlaliberacion.org\/crpmlm\/wp-json\/wp\/v2\/users\/6"}],"replies":[{"embeddable":true,"href":"http:\/\/vamosporlaliberacion.org\/crpmlm\/wp-json\/wp\/v2\/comments?post=16614"}],"version-history":[{"count":2,"href":"http:\/\/vamosporlaliberacion.org\/crpmlm\/wp-json\/wp\/v2\/posts\/16614\/revisions"}],"predecessor-version":[{"id":16619,"href":"http:\/\/vamosporlaliberacion.org\/crpmlm\/wp-json\/wp\/v2\/posts\/16614\/revisions\/16619"}],"wp:featuredmedia":[{"embeddable":true,"href":"http:\/\/vamosporlaliberacion.org\/crpmlm\/wp-json\/wp\/v2\/media\/16615"}],"wp:attachment":[{"href":"http:\/\/vamosporlaliberacion.org\/crpmlm\/wp-json\/wp\/v2\/media?parent=16614"}],"wp:term":[{"taxonomy":"category","embeddable":true,"href":"http:\/\/vamosporlaliberacion.org\/crpmlm\/wp-json\/wp\/v2\/categories?post=16614"},{"taxonomy":"post_tag","embeddable":true,"href":"http:\/\/vamosporlaliberacion.org\/crpmlm\/wp-json\/wp\/v2\/tags?post=16614"}],"curies":[{"name":"wp","href":"https:\/\/api.w.org\/{rel}","templated":true}]}}