{"id":16336,"date":"2020-02-24T12:58:21","date_gmt":"2020-02-24T15:58:21","guid":{"rendered":"http:\/\/vamosporlaliberacion.org\/crpmlm\/?p=16336"},"modified":"2020-02-24T13:49:19","modified_gmt":"2020-02-24T16:49:19","slug":"fallo-historico-procesaron-a-cuatro-militares-en-la-causa-por-torturas-a-soldados-en-malvinas","status":"publish","type":"post","link":"http:\/\/vamosporlaliberacion.org\/crpmlm\/fallo-historico-procesaron-a-cuatro-militares-en-la-causa-por-torturas-a-soldados-en-malvinas\/","title":{"rendered":"Fallo hist\u00f3rico: procesaron a cuatro militares en la causa por torturas a soldados en Malvinas"},"content":{"rendered":"\n<p>La Jueza federal de R\u00edo Grande Mariel Borruto, determin\u00f3 en un fallo hist\u00f3rico como delitos de lesa humanidad a las torturas aplicadas por mandos militares a los soldados que intervinieron en la guerra por las Islas Malvinas.<\/p>\n\n\n\n<p>Proces\u00f3 a los ex militares Miguel \u00c1ngel Garde, Belisario Gustavo Affranchino Rumi, Gustavo Adolfo Calderini y Eduardo Luis Gassino,  por los delitos de \u201cimposici\u00f3n de tormentos, amenazas agravadas y abuso de armas\u201d.<\/p>\n\n\n\n<p>Si bien no dict\u00f3 la prisi\u00f3n preventiva de ninguno, la magistrada mand\u00f3 a trabar embargos por cinco millones de pesos para Garde y por un mill\u00f3n de pesos para cada uno de los otros tres.<\/p>\n\n\n\n<p>Al respecto, los abogados del Centro de Ex Combatientes Islas Malvinas  La Plata (querellante desde los inicios de la causa), Laurentina Alonso y Jer\u00f3nimo Guerrero Iraola manifestaron: \u201cel fallo es un instrumento  central, la Jueza entiende que los hechos investigados son cr\u00edmenes de  lesa humanidad cometidos durante la dictadura c\u00edvico-militar, per\u00edodo en  el que se encontraban suspendidas las garant\u00edas constitucionales, esto  quiere decir que los soldados que resultaron v\u00edctimas no pudieron  denunciar al Estado criminal que hab\u00eda promovido las torturas, y que  luego hizo todo lo posible porque estos hechos queden impunes\u201d. <\/p>\n\n\n\n<p>\u201cPara fundamentar esto, Borruto tom\u00f3 en consideraci\u00f3n un elemento que  desde el CECIM hemos puntualizado en numerosas presentaciones y  audiencias, concretamente, el despliegue efectuado por el Estado terrorista de acciones de inteligencia y psicol\u00f3gicas contra las  v\u00edctimas de torturas, por medio de los que montaron el aparato de  impunidad, as\u00ed, a los soldados que sufrieron torturas los obligaron a  callar\u201d, sostuvieron los letrados. <\/p>\n\n\n\n<p>Borruto sostiene en la sentencia que hubo un \u00abdespliegue\u00bb por parte del \u00abEstado terrorista de acciones de inteligencia y psicol\u00f3gicas contra las v\u00edctimas de torturas,  por medio de los que montaron el aparato de impunidad\u00bb.<\/p>\n\n\n\n<p>La causa se inici\u00f3 en 2007 y tiene a 95 militares denunciados por 105 casos, cometidos contra m\u00e1s de 120 v\u00edctimas, y hasta ahora se tomaron indagatorias a 24 ex militares, por lo que el n\u00famero de procesados podr\u00eda incrementarse con el avance de la investigaci\u00f3n. <\/p>\n\n\n\n<p>La resoluci\u00f3n de Borruto se suma al fallo del juez federal subrogante de R\u00edo Gallegos Javier Leal de Ibarra, quien, en una causa que deriva  del expediente que lleva adelante la magistrada, orden\u00f3 el procesamiento a dos militares, Reynaldo Jos\u00e9 Pascuzzi y Carlos Mar\u00eda Aleman Urquiza, por la privaci\u00f3n ileg\u00edtima de libertad y torturas contra tres soldados  que prestaban servicio en el Puerto San Juli\u00e1n durante la guerra de  Malvinas.<\/p>\n\n\n\n<h3 class=\"wp-block-heading\"><strong>Torturas<\/strong><\/h3>\n\n\n\n<p>El estaqueamiento fue una de las m\u00e1s atroces modalidades de  \u201cdisciplinamiento\u201d aplicada por los jefes militares contra los soldados. Y de las m\u00e1s frecuentes. <\/p>\n\n\n\n<p>En la mayor\u00eda de los casos como sanci\u00f3n por el intento de b\u00fasqueda de alimentos por parte de los conscriptos. \u00bfEn qu\u00e9 consist\u00eda? En atar de pies y manos sobre el terreno helado de las Islas a los soldados oblig\u00e1ndolos a permanecer en esa  condici\u00f3n durante horas y hasta d\u00edas, adem\u00e1s de propinarles golpes de pu\u00f1o, patadas y someterlos a simulacros de fusilamiento. <\/p>\n\n\n\n<p>Seg\u00fan la jueza Borruto, uno de estos casos tuvo como v\u00edctimas a Mario S\u00e1nchez y Ram\u00f3n Salvador Caballero, qui\u00e9nes habr\u00edan sido sometidos al castigo de estaqueo por m\u00e1s  de dos d\u00edas consecutivos, en los que coincidieron con un bombardero de  las fuerzas brit\u00e1nicas que habr\u00edan provocado de muerte de ambos soldados.<\/p>\n\n\n\n<p>Entre otras torturas, se imputa a los acusados por haber obligado a los soldados a sentarse en el interior de un pozo para luego ser enterrados hasta el cuello en donde permanecieron sin abrigos, sin cascos y sin alimentos entre nueve y diez horas. El \u201ccastigo\u201d obedec\u00eda a  que los soldados habr\u00edan sustra\u00eddo y posteriormente comido una oveja. <\/p>\n<!-- AddThis Advanced Settings generic via filter on the_content --><!-- AddThis Share Buttons generic via filter on the_content -->","protected":false},"excerpt":{"rendered":"<p>La Jueza federal de R\u00edo Grande Mariel Borruto, determin\u00f3 en un fallo hist\u00f3rico como delitos de lesa humanidad a las torturas aplicadas por mandos militares a los soldados que intervinieron en la guerra por las Islas Malvinas. Proces\u00f3 a los ex militares Miguel \u00c1ngel Garde, Belisario Gustavo Affranchino Rumi, Gustavo Adolfo Calderini y Eduardo Luis [&hellip;]<!-- AddThis Advanced Settings generic via filter on get_the_excerpt --><!-- AddThis Share Buttons generic via filter on get_the_excerpt --><\/p>\n","protected":false},"author":6,"featured_media":16337,"comment_status":"open","ping_status":"open","sticky":false,"template":"","format":"standard","meta":{"_jetpack_memberships_contains_paid_content":false,"footnotes":""},"categories":[1699],"tags":[1710,1709,817,1708],"class_list":{"0":"post-16336","1":"post","2":"type-post","3":"status-publish","4":"format-standard","5":"has-post-thumbnail","7":"category-noticias","8":"tag-estaqueos","9":"tag-guerra-de-malvinas","10":"tag-malvinas-argentinas","11":"tag-torturas"},"yoast_head":"<!-- This site is optimized with the Yoast SEO plugin v27.4 - https:\/\/yoast.com\/product\/yoast-seo-wordpress\/ -->\n<title>Fallo hist\u00f3rico: procesaron a cuatro militares en la causa por torturas a soldados en Malvinas - Vamos por la Liberaci\u00f3n<\/title>\n<meta name=\"robots\" content=\"index, follow, max-snippet:-1, max-image-preview:large, max-video-preview:-1\" \/>\n<link rel=\"canonical\" href=\"http:\/\/vamosporlaliberacion.org\/crpmlm\/fallo-historico-procesaron-a-cuatro-militares-en-la-causa-por-torturas-a-soldados-en-malvinas\/\" \/>\n<meta name=\"twitter:label1\" content=\"Escrito por\" \/>\n\t<meta name=\"twitter:data1\" content=\"vamos!\" \/>\n\t<meta name=\"twitter:label2\" content=\"Tiempo de lectura\" \/>\n\t<meta name=\"twitter:data2\" content=\"3 minutos\" \/>\n<script type=\"application\/ld+json\" class=\"yoast-schema-graph\">{\"@context\":\"https:\\\/\\\/schema.org\",\"@graph\":[{\"@type\":\"Article\",\"@id\":\"http:\\\/\\\/vamosporlaliberacion.org\\\/crpmlm\\\/fallo-historico-procesaron-a-cuatro-militares-en-la-causa-por-torturas-a-soldados-en-malvinas\\\/#article\",\"isPartOf\":{\"@id\":\"http:\\\/\\\/vamosporlaliberacion.org\\\/crpmlm\\\/fallo-historico-procesaron-a-cuatro-militares-en-la-causa-por-torturas-a-soldados-en-malvinas\\\/\"},\"author\":{\"name\":\"vamos!\",\"@id\":\"https:\\\/\\\/vamosporlaliberacion.org\\\/crpmlm\\\/#\\\/schema\\\/person\\\/d6eac7758df3770dae9cd9eb104d615c\"},\"headline\":\"Fallo hist\u00f3rico: procesaron a cuatro militares en la causa por torturas a soldados en Malvinas\",\"datePublished\":\"2020-02-24T15:58:21+00:00\",\"dateModified\":\"2020-02-24T16:49:19+00:00\",\"mainEntityOfPage\":{\"@id\":\"http:\\\/\\\/vamosporlaliberacion.org\\\/crpmlm\\\/fallo-historico-procesaron-a-cuatro-militares-en-la-causa-por-torturas-a-soldados-en-malvinas\\\/\"},\"wordCount\":670,\"commentCount\":0,\"image\":{\"@id\":\"http:\\\/\\\/vamosporlaliberacion.org\\\/crpmlm\\\/fallo-historico-procesaron-a-cuatro-militares-en-la-causa-por-torturas-a-soldados-en-malvinas\\\/#primaryimage\"},\"thumbnailUrl\":\"https:\\\/\\\/i0.wp.com\\\/vamosporlaliberacion.org\\\/crpmlm\\\/wp-content\\\/uploads\\\/2020\\\/02\\\/estaqueado.jpg?fit=800%2C513&ssl=1\",\"keywords\":[\"estaqueos\",\"guerra de malvinas\",\"Malvinas Argentinas\",\"torturas\"],\"articleSection\":[\"Noticias\"],\"inLanguage\":\"es\",\"potentialAction\":[{\"@type\":\"CommentAction\",\"name\":\"Comment\",\"target\":[\"http:\\\/\\\/vamosporlaliberacion.org\\\/crpmlm\\\/fallo-historico-procesaron-a-cuatro-militares-en-la-causa-por-torturas-a-soldados-en-malvinas\\\/#respond\"]}]},{\"@type\":\"WebPage\",\"@id\":\"http:\\\/\\\/vamosporlaliberacion.org\\\/crpmlm\\\/fallo-historico-procesaron-a-cuatro-militares-en-la-causa-por-torturas-a-soldados-en-malvinas\\\/\",\"url\":\"http:\\\/\\\/vamosporlaliberacion.org\\\/crpmlm\\\/fallo-historico-procesaron-a-cuatro-militares-en-la-causa-por-torturas-a-soldados-en-malvinas\\\/\",\"name\":\"Fallo hist\u00f3rico: procesaron a cuatro militares en la causa por torturas a soldados en Malvinas - Vamos por la Liberaci\u00f3n\",\"isPartOf\":{\"@id\":\"https:\\\/\\\/vamosporlaliberacion.org\\\/crpmlm\\\/#website\"},\"primaryImageOfPage\":{\"@id\":\"http:\\\/\\\/vamosporlaliberacion.org\\\/crpmlm\\\/fallo-historico-procesaron-a-cuatro-militares-en-la-causa-por-torturas-a-soldados-en-malvinas\\\/#primaryimage\"},\"image\":{\"@id\":\"http:\\\/\\\/vamosporlaliberacion.org\\\/crpmlm\\\/fallo-historico-procesaron-a-cuatro-militares-en-la-causa-por-torturas-a-soldados-en-malvinas\\\/#primaryimage\"},\"thumbnailUrl\":\"https:\\\/\\\/i0.wp.com\\\/vamosporlaliberacion.org\\\/crpmlm\\\/wp-content\\\/uploads\\\/2020\\\/02\\\/estaqueado.jpg?fit=800%2C513&ssl=1\",\"datePublished\":\"2020-02-24T15:58:21+00:00\",\"dateModified\":\"2020-02-24T16:49:19+00:00\",\"author\":{\"@id\":\"https:\\\/\\\/vamosporlaliberacion.org\\\/crpmlm\\\/#\\\/schema\\\/person\\\/d6eac7758df3770dae9cd9eb104d615c\"},\"breadcrumb\":{\"@id\":\"http:\\\/\\\/vamosporlaliberacion.org\\\/crpmlm\\\/fallo-historico-procesaron-a-cuatro-militares-en-la-causa-por-torturas-a-soldados-en-malvinas\\\/#breadcrumb\"},\"inLanguage\":\"es\",\"potentialAction\":[{\"@type\":\"ReadAction\",\"target\":[\"http:\\\/\\\/vamosporlaliberacion.org\\\/crpmlm\\\/fallo-historico-procesaron-a-cuatro-militares-en-la-causa-por-torturas-a-soldados-en-malvinas\\\/\"]}]},{\"@type\":\"ImageObject\",\"inLanguage\":\"es\",\"@id\":\"http:\\\/\\\/vamosporlaliberacion.org\\\/crpmlm\\\/fallo-historico-procesaron-a-cuatro-militares-en-la-causa-por-torturas-a-soldados-en-malvinas\\\/#primaryimage\",\"url\":\"https:\\\/\\\/i0.wp.com\\\/vamosporlaliberacion.org\\\/crpmlm\\\/wp-content\\\/uploads\\\/2020\\\/02\\\/estaqueado.jpg?fit=800%2C513&ssl=1\",\"contentUrl\":\"https:\\\/\\\/i0.wp.com\\\/vamosporlaliberacion.org\\\/crpmlm\\\/wp-content\\\/uploads\\\/2020\\\/02\\\/estaqueado.jpg?fit=800%2C513&ssl=1\",\"width\":800,\"height\":513,\"caption\":\"Abril de 1982: Fabio De Benedetti es estaqueado como castigo.\"},{\"@type\":\"BreadcrumbList\",\"@id\":\"http:\\\/\\\/vamosporlaliberacion.org\\\/crpmlm\\\/fallo-historico-procesaron-a-cuatro-militares-en-la-causa-por-torturas-a-soldados-en-malvinas\\\/#breadcrumb\",\"itemListElement\":[{\"@type\":\"ListItem\",\"position\":1,\"name\":\"Portada\",\"item\":\"https:\\\/\\\/vamosporlaliberacion.org\\\/crpmlm\\\/\"},{\"@type\":\"ListItem\",\"position\":2,\"name\":\"Fallo hist\u00f3rico: procesaron a cuatro militares en la causa por torturas a soldados en Malvinas\"}]},{\"@type\":\"WebSite\",\"@id\":\"https:\\\/\\\/vamosporlaliberacion.org\\\/crpmlm\\\/#website\",\"url\":\"https:\\\/\\\/vamosporlaliberacion.org\\\/crpmlm\\\/\",\"name\":\"Vamos por la Liberaci\u00f3n\",\"description\":\"Prensa CR\",\"potentialAction\":[{\"@type\":\"SearchAction\",\"target\":{\"@type\":\"EntryPoint\",\"urlTemplate\":\"https:\\\/\\\/vamosporlaliberacion.org\\\/crpmlm\\\/?s={search_term_string}\"},\"query-input\":{\"@type\":\"PropertyValueSpecification\",\"valueRequired\":true,\"valueName\":\"search_term_string\"}}],\"inLanguage\":\"es\"},{\"@type\":\"Person\",\"@id\":\"https:\\\/\\\/vamosporlaliberacion.org\\\/crpmlm\\\/#\\\/schema\\\/person\\\/d6eac7758df3770dae9cd9eb104d615c\",\"name\":\"vamos!\",\"url\":\"http:\\\/\\\/vamosporlaliberacion.org\\\/crpmlm\\\/author\\\/adminvxl\\\/\"}]}<\/script>\n<!-- \/ Yoast SEO plugin. -->","yoast_head_json":{"title":"Fallo hist\u00f3rico: procesaron a cuatro militares en la causa por torturas a soldados en Malvinas - Vamos por la Liberaci\u00f3n","robots":{"index":"index","follow":"follow","max-snippet":"max-snippet:-1","max-image-preview":"max-image-preview:large","max-video-preview":"max-video-preview:-1"},"canonical":"http:\/\/vamosporlaliberacion.org\/crpmlm\/fallo-historico-procesaron-a-cuatro-militares-en-la-causa-por-torturas-a-soldados-en-malvinas\/","twitter_misc":{"Escrito por":"vamos!","Tiempo de lectura":"3 minutos"},"schema":{"@context":"https:\/\/schema.org","@graph":[{"@type":"Article","@id":"http:\/\/vamosporlaliberacion.org\/crpmlm\/fallo-historico-procesaron-a-cuatro-militares-en-la-causa-por-torturas-a-soldados-en-malvinas\/#article","isPartOf":{"@id":"http:\/\/vamosporlaliberacion.org\/crpmlm\/fallo-historico-procesaron-a-cuatro-militares-en-la-causa-por-torturas-a-soldados-en-malvinas\/"},"author":{"name":"vamos!","@id":"https:\/\/vamosporlaliberacion.org\/crpmlm\/#\/schema\/person\/d6eac7758df3770dae9cd9eb104d615c"},"headline":"Fallo hist\u00f3rico: procesaron a cuatro militares en la causa por torturas a soldados en Malvinas","datePublished":"2020-02-24T15:58:21+00:00","dateModified":"2020-02-24T16:49:19+00:00","mainEntityOfPage":{"@id":"http:\/\/vamosporlaliberacion.org\/crpmlm\/fallo-historico-procesaron-a-cuatro-militares-en-la-causa-por-torturas-a-soldados-en-malvinas\/"},"wordCount":670,"commentCount":0,"image":{"@id":"http:\/\/vamosporlaliberacion.org\/crpmlm\/fallo-historico-procesaron-a-cuatro-militares-en-la-causa-por-torturas-a-soldados-en-malvinas\/#primaryimage"},"thumbnailUrl":"https:\/\/i0.wp.com\/vamosporlaliberacion.org\/crpmlm\/wp-content\/uploads\/2020\/02\/estaqueado.jpg?fit=800%2C513&ssl=1","keywords":["estaqueos","guerra de malvinas","Malvinas Argentinas","torturas"],"articleSection":["Noticias"],"inLanguage":"es","potentialAction":[{"@type":"CommentAction","name":"Comment","target":["http:\/\/vamosporlaliberacion.org\/crpmlm\/fallo-historico-procesaron-a-cuatro-militares-en-la-causa-por-torturas-a-soldados-en-malvinas\/#respond"]}]},{"@type":"WebPage","@id":"http:\/\/vamosporlaliberacion.org\/crpmlm\/fallo-historico-procesaron-a-cuatro-militares-en-la-causa-por-torturas-a-soldados-en-malvinas\/","url":"http:\/\/vamosporlaliberacion.org\/crpmlm\/fallo-historico-procesaron-a-cuatro-militares-en-la-causa-por-torturas-a-soldados-en-malvinas\/","name":"Fallo hist\u00f3rico: procesaron a cuatro militares en la causa por torturas a soldados en Malvinas - Vamos por la Liberaci\u00f3n","isPartOf":{"@id":"https:\/\/vamosporlaliberacion.org\/crpmlm\/#website"},"primaryImageOfPage":{"@id":"http:\/\/vamosporlaliberacion.org\/crpmlm\/fallo-historico-procesaron-a-cuatro-militares-en-la-causa-por-torturas-a-soldados-en-malvinas\/#primaryimage"},"image":{"@id":"http:\/\/vamosporlaliberacion.org\/crpmlm\/fallo-historico-procesaron-a-cuatro-militares-en-la-causa-por-torturas-a-soldados-en-malvinas\/#primaryimage"},"thumbnailUrl":"https:\/\/i0.wp.com\/vamosporlaliberacion.org\/crpmlm\/wp-content\/uploads\/2020\/02\/estaqueado.jpg?fit=800%2C513&ssl=1","datePublished":"2020-02-24T15:58:21+00:00","dateModified":"2020-02-24T16:49:19+00:00","author":{"@id":"https:\/\/vamosporlaliberacion.org\/crpmlm\/#\/schema\/person\/d6eac7758df3770dae9cd9eb104d615c"},"breadcrumb":{"@id":"http:\/\/vamosporlaliberacion.org\/crpmlm\/fallo-historico-procesaron-a-cuatro-militares-en-la-causa-por-torturas-a-soldados-en-malvinas\/#breadcrumb"},"inLanguage":"es","potentialAction":[{"@type":"ReadAction","target":["http:\/\/vamosporlaliberacion.org\/crpmlm\/fallo-historico-procesaron-a-cuatro-militares-en-la-causa-por-torturas-a-soldados-en-malvinas\/"]}]},{"@type":"ImageObject","inLanguage":"es","@id":"http:\/\/vamosporlaliberacion.org\/crpmlm\/fallo-historico-procesaron-a-cuatro-militares-en-la-causa-por-torturas-a-soldados-en-malvinas\/#primaryimage","url":"https:\/\/i0.wp.com\/vamosporlaliberacion.org\/crpmlm\/wp-content\/uploads\/2020\/02\/estaqueado.jpg?fit=800%2C513&ssl=1","contentUrl":"https:\/\/i0.wp.com\/vamosporlaliberacion.org\/crpmlm\/wp-content\/uploads\/2020\/02\/estaqueado.jpg?fit=800%2C513&ssl=1","width":800,"height":513,"caption":"Abril de 1982: Fabio De Benedetti es estaqueado como castigo."},{"@type":"BreadcrumbList","@id":"http:\/\/vamosporlaliberacion.org\/crpmlm\/fallo-historico-procesaron-a-cuatro-militares-en-la-causa-por-torturas-a-soldados-en-malvinas\/#breadcrumb","itemListElement":[{"@type":"ListItem","position":1,"name":"Portada","item":"https:\/\/vamosporlaliberacion.org\/crpmlm\/"},{"@type":"ListItem","position":2,"name":"Fallo hist\u00f3rico: procesaron a cuatro militares en la causa por torturas a soldados en Malvinas"}]},{"@type":"WebSite","@id":"https:\/\/vamosporlaliberacion.org\/crpmlm\/#website","url":"https:\/\/vamosporlaliberacion.org\/crpmlm\/","name":"Vamos por la Liberaci\u00f3n","description":"Prensa CR","potentialAction":[{"@type":"SearchAction","target":{"@type":"EntryPoint","urlTemplate":"https:\/\/vamosporlaliberacion.org\/crpmlm\/?s={search_term_string}"},"query-input":{"@type":"PropertyValueSpecification","valueRequired":true,"valueName":"search_term_string"}}],"inLanguage":"es"},{"@type":"Person","@id":"https:\/\/vamosporlaliberacion.org\/crpmlm\/#\/schema\/person\/d6eac7758df3770dae9cd9eb104d615c","name":"vamos!","url":"http:\/\/vamosporlaliberacion.org\/crpmlm\/author\/adminvxl\/"}]}},"jetpack_featured_media_url":"https:\/\/i0.wp.com\/vamosporlaliberacion.org\/crpmlm\/wp-content\/uploads\/2020\/02\/estaqueado.jpg?fit=800%2C513&ssl=1","jetpack_sharing_enabled":true,"_links":{"self":[{"href":"http:\/\/vamosporlaliberacion.org\/crpmlm\/wp-json\/wp\/v2\/posts\/16336","targetHints":{"allow":["GET"]}}],"collection":[{"href":"http:\/\/vamosporlaliberacion.org\/crpmlm\/wp-json\/wp\/v2\/posts"}],"about":[{"href":"http:\/\/vamosporlaliberacion.org\/crpmlm\/wp-json\/wp\/v2\/types\/post"}],"author":[{"embeddable":true,"href":"http:\/\/vamosporlaliberacion.org\/crpmlm\/wp-json\/wp\/v2\/users\/6"}],"replies":[{"embeddable":true,"href":"http:\/\/vamosporlaliberacion.org\/crpmlm\/wp-json\/wp\/v2\/comments?post=16336"}],"version-history":[{"count":1,"href":"http:\/\/vamosporlaliberacion.org\/crpmlm\/wp-json\/wp\/v2\/posts\/16336\/revisions"}],"predecessor-version":[{"id":16338,"href":"http:\/\/vamosporlaliberacion.org\/crpmlm\/wp-json\/wp\/v2\/posts\/16336\/revisions\/16338"}],"wp:featuredmedia":[{"embeddable":true,"href":"http:\/\/vamosporlaliberacion.org\/crpmlm\/wp-json\/wp\/v2\/media\/16337"}],"wp:attachment":[{"href":"http:\/\/vamosporlaliberacion.org\/crpmlm\/wp-json\/wp\/v2\/media?parent=16336"}],"wp:term":[{"taxonomy":"category","embeddable":true,"href":"http:\/\/vamosporlaliberacion.org\/crpmlm\/wp-json\/wp\/v2\/categories?post=16336"},{"taxonomy":"post_tag","embeddable":true,"href":"http:\/\/vamosporlaliberacion.org\/crpmlm\/wp-json\/wp\/v2\/tags?post=16336"}],"curies":[{"name":"wp","href":"https:\/\/api.w.org\/{rel}","templated":true}]}}