{"id":15670,"date":"2019-12-24T14:21:38","date_gmt":"2019-12-24T17:21:38","guid":{"rendered":"http:\/\/vamosporlaliberacion.org\/crpmlm\/?p=15670"},"modified":"2020-09-14T11:05:14","modified_gmt":"2020-09-14T14:05:14","slug":"adios-a-rafael-amor","status":"publish","type":"post","link":"http:\/\/vamosporlaliberacion.org\/crpmlm\/adios-a-rafael-amor\/","title":{"rendered":"Adi\u00f3s a Rafael Amor"},"content":{"rendered":"<p><strong>Rafael Amor le cantaba a la igualdad y era un pu\u00f1o levantado contra la opresi\u00f3n.<\/strong><\/p>\n<p>Cantor y escritor, falleci\u00f3 imprevistamente ayer en Buenos Aires, a los 71 a\u00f1os.<\/p>\n<p>Las canciones de Amor integran buena parte del repertorio de artistas populares iberoamericanos que interpretaron y grabaron sus canciones, artistas como Jos\u00e9 Larralde, Alberto Cortez, Facundo Cabral, Mercedes Sosa, Los Cuatro de C\u00f3rdoba, Cantoral, Xavier Labandera y Los Sabande\u00f1os.<\/p>\n<p>Una de sus composiciones m\u00e1s conocidas, <strong>\u201cNo me llames extranjero\u201d<\/strong>, y la transform\u00f3 en el himno de los emigrantes por el mundo. El propio autor padeci\u00f3 en carne propia el exilio, cuando joven debi\u00f3 radicarse en Espa\u00f1a, donde se hizo conocido desde mediados de la d\u00e9cada del 70 al regreso de la democracia. Animador de pe\u00f1as y locales madrile\u00f1os, <strong>fue uno de referentes de los movimientos en respaldo de los derechos humanos avasallados por las dictaduras militares latinoamericanas <\/strong>con sus temas de protesta pol\u00edtica, denuncia social y profundo humanismo.<\/p>\n<p>\u00abRafael Amor es la expresi\u00f3n temperamental y emotiva de un genuino juglar contempor\u00e1neo\u00bb, dijo en su momento el cantautor Julio Lacarra, destacando su importancia dentro de la m\u00fasica argentina.<\/p>\n<p><center><iframe loading=\"lazy\" frameborder=\"0\" width=\"560\" height=\"315\" src=\"https:\/\/www.youtube.com\/embed\/7MAiT0D0l6k\" allow=\"accelerometer; autoplay; encrypted-media; gyroscope; picture-in-picture\" allowfullscreen><\/iframe><\/center><br \/>\nHab\u00eda nacido el 5 de noviembre de 1948 en el barrio de Belgrano, hijo del cantor Francisco Amor, famoso por haber actuado con la orquesta de Francisco Canaro, y de Mar\u00eda Tora\u00f1o, una artesana bordadora, lo que le permiti\u00f3 criarse en el seno de una familia creativa.<\/p>\n<p>En 1966 conoci\u00f3 a Carlos G\u00e1ndara, Nestor Vilardell y Edgardo Parrondo, con quienes form\u00f3 el conjunto folcl\u00f3rico Los Norte\u00f1os, con el que comenz\u00f3 a recorrer las pe\u00f1as de Buenos Aires y sus alrededores; cant\u00f3 en festivales y se present\u00f3 junto a reconocidos cantantes, aunque en 1974 se mud\u00f3 a Madrid, donde forj\u00f3 el resto de su prol\u00edfica trayectoria.<\/p>\n<p>Su primer disco registrado en Espa\u00f1a fue \u201cNo me llames extranjero\u201d, nombre de la canci\u00f3n que se transform\u00f3 en un himno de los emigrantes sudamericanos en la pen\u00ednsula, y a la distancia continu\u00f3 acompa\u00f1ando la situaci\u00f3n pol\u00edtica que se viv\u00eda en Argentina grabando \u201cLa madre de Plaza de Mayo\u201d en 1983.<\/p>\n<p>En los 90 volvi\u00f3 a presentarse en la Argentina y en festivales del continente y desde entonces altern\u00f3 sus residencia entre ambos pa\u00edses.<\/p>\n<p>Entre su amplia obra se reconocen t\u00edtulos como \u00abIndependencia\u00bb, \u00abCoraz\u00f3n libre\u00bb, \u00abFuentealba\u00bb y \u00abOlor a goma quemada\u00bb.<\/p>\n<!-- AddThis Advanced Settings generic via filter on the_content --><!-- AddThis Share Buttons generic via filter on the_content -->","protected":false},"excerpt":{"rendered":"<p>Rafael Amor le cantaba a la igualdad y era un pu\u00f1o levantado contra la opresi\u00f3n. Cantor y escritor, falleci\u00f3 imprevistamente ayer en Buenos Aires, a los 71 a\u00f1os. Las canciones de Amor integran buena parte del repertorio de artistas populares iberoamericanos que interpretaron y grabaron sus canciones, artistas como Jos\u00e9 Larralde, Alberto Cortez, Facundo Cabral, [&hellip;]<!-- AddThis Advanced Settings generic via filter on get_the_excerpt --><!-- AddThis Share Buttons generic via filter on get_the_excerpt --><\/p>\n","protected":false},"author":6,"featured_media":15669,"comment_status":"open","ping_status":"open","sticky":false,"template":"","format":"standard","meta":{"_jetpack_memberships_contains_paid_content":false,"footnotes":""},"categories":[1850],"tags":[1504,1502,1503],"class_list":{"0":"post-15670","1":"post","2":"type-post","3":"status-publish","4":"format-standard","5":"has-post-thumbnail","7":"category-cultura","8":"tag-arte","9":"tag-musica","10":"tag-rafael-amor"},"yoast_head":"<!-- This site is optimized with the Yoast SEO plugin v27.4 - https:\/\/yoast.com\/product\/yoast-seo-wordpress\/ -->\n<title>Adi\u00f3s a Rafael Amor - Vamos por la Liberaci\u00f3n<\/title>\n<meta name=\"robots\" content=\"index, follow, max-snippet:-1, max-image-preview:large, max-video-preview:-1\" \/>\n<link rel=\"canonical\" href=\"https:\/\/vamosporlaliberacion.org\/crpmlm\/adios-a-rafael-amor\/\" \/>\n<meta name=\"twitter:label1\" content=\"Escrito por\" \/>\n\t<meta name=\"twitter:data1\" content=\"vamos!\" \/>\n\t<meta name=\"twitter:label2\" content=\"Tiempo de lectura\" \/>\n\t<meta name=\"twitter:data2\" content=\"2 minutos\" \/>\n<script type=\"application\/ld+json\" class=\"yoast-schema-graph\">{\"@context\":\"https:\\\/\\\/schema.org\",\"@graph\":[{\"@type\":\"Article\",\"@id\":\"https:\\\/\\\/vamosporlaliberacion.org\\\/crpmlm\\\/adios-a-rafael-amor\\\/#article\",\"isPartOf\":{\"@id\":\"https:\\\/\\\/vamosporlaliberacion.org\\\/crpmlm\\\/adios-a-rafael-amor\\\/\"},\"author\":{\"name\":\"vamos!\",\"@id\":\"https:\\\/\\\/vamosporlaliberacion.org\\\/crpmlm\\\/#\\\/schema\\\/person\\\/d6eac7758df3770dae9cd9eb104d615c\"},\"headline\":\"Adi\u00f3s a Rafael Amor\",\"datePublished\":\"2019-12-24T17:21:38+00:00\",\"dateModified\":\"2020-09-14T14:05:14+00:00\",\"mainEntityOfPage\":{\"@id\":\"https:\\\/\\\/vamosporlaliberacion.org\\\/crpmlm\\\/adios-a-rafael-amor\\\/\"},\"wordCount\":410,\"commentCount\":0,\"image\":{\"@id\":\"https:\\\/\\\/vamosporlaliberacion.org\\\/crpmlm\\\/adios-a-rafael-amor\\\/#primaryimage\"},\"thumbnailUrl\":\"https:\\\/\\\/i0.wp.com\\\/vamosporlaliberacion.org\\\/crpmlm\\\/wp-content\\\/uploads\\\/2019\\\/12\\\/rafael-20amor-20-c2-a9-20telam.jpg?fit=960%2C640&ssl=1\",\"keywords\":[\"arte\",\"m\u00fasica\",\"rafael amor\"],\"articleSection\":[\"cultura\"],\"inLanguage\":\"es\",\"potentialAction\":[{\"@type\":\"CommentAction\",\"name\":\"Comment\",\"target\":[\"https:\\\/\\\/vamosporlaliberacion.org\\\/crpmlm\\\/adios-a-rafael-amor\\\/#respond\"]}]},{\"@type\":\"WebPage\",\"@id\":\"https:\\\/\\\/vamosporlaliberacion.org\\\/crpmlm\\\/adios-a-rafael-amor\\\/\",\"url\":\"https:\\\/\\\/vamosporlaliberacion.org\\\/crpmlm\\\/adios-a-rafael-amor\\\/\",\"name\":\"Adi\u00f3s a Rafael Amor - Vamos por la Liberaci\u00f3n\",\"isPartOf\":{\"@id\":\"https:\\\/\\\/vamosporlaliberacion.org\\\/crpmlm\\\/#website\"},\"primaryImageOfPage\":{\"@id\":\"https:\\\/\\\/vamosporlaliberacion.org\\\/crpmlm\\\/adios-a-rafael-amor\\\/#primaryimage\"},\"image\":{\"@id\":\"https:\\\/\\\/vamosporlaliberacion.org\\\/crpmlm\\\/adios-a-rafael-amor\\\/#primaryimage\"},\"thumbnailUrl\":\"https:\\\/\\\/i0.wp.com\\\/vamosporlaliberacion.org\\\/crpmlm\\\/wp-content\\\/uploads\\\/2019\\\/12\\\/rafael-20amor-20-c2-a9-20telam.jpg?fit=960%2C640&ssl=1\",\"datePublished\":\"2019-12-24T17:21:38+00:00\",\"dateModified\":\"2020-09-14T14:05:14+00:00\",\"author\":{\"@id\":\"https:\\\/\\\/vamosporlaliberacion.org\\\/crpmlm\\\/#\\\/schema\\\/person\\\/d6eac7758df3770dae9cd9eb104d615c\"},\"breadcrumb\":{\"@id\":\"https:\\\/\\\/vamosporlaliberacion.org\\\/crpmlm\\\/adios-a-rafael-amor\\\/#breadcrumb\"},\"inLanguage\":\"es\",\"potentialAction\":[{\"@type\":\"ReadAction\",\"target\":[\"https:\\\/\\\/vamosporlaliberacion.org\\\/crpmlm\\\/adios-a-rafael-amor\\\/\"]}]},{\"@type\":\"ImageObject\",\"inLanguage\":\"es\",\"@id\":\"https:\\\/\\\/vamosporlaliberacion.org\\\/crpmlm\\\/adios-a-rafael-amor\\\/#primaryimage\",\"url\":\"https:\\\/\\\/i0.wp.com\\\/vamosporlaliberacion.org\\\/crpmlm\\\/wp-content\\\/uploads\\\/2019\\\/12\\\/rafael-20amor-20-c2-a9-20telam.jpg?fit=960%2C640&ssl=1\",\"contentUrl\":\"https:\\\/\\\/i0.wp.com\\\/vamosporlaliberacion.org\\\/crpmlm\\\/wp-content\\\/uploads\\\/2019\\\/12\\\/rafael-20amor-20-c2-a9-20telam.jpg?fit=960%2C640&ssl=1\",\"width\":960,\"height\":640},{\"@type\":\"BreadcrumbList\",\"@id\":\"https:\\\/\\\/vamosporlaliberacion.org\\\/crpmlm\\\/adios-a-rafael-amor\\\/#breadcrumb\",\"itemListElement\":[{\"@type\":\"ListItem\",\"position\":1,\"name\":\"Portada\",\"item\":\"https:\\\/\\\/vamosporlaliberacion.org\\\/crpmlm\\\/\"},{\"@type\":\"ListItem\",\"position\":2,\"name\":\"Adi\u00f3s a Rafael Amor\"}]},{\"@type\":\"WebSite\",\"@id\":\"https:\\\/\\\/vamosporlaliberacion.org\\\/crpmlm\\\/#website\",\"url\":\"https:\\\/\\\/vamosporlaliberacion.org\\\/crpmlm\\\/\",\"name\":\"Vamos por la Liberaci\u00f3n\",\"description\":\"Prensa CR\",\"potentialAction\":[{\"@type\":\"SearchAction\",\"target\":{\"@type\":\"EntryPoint\",\"urlTemplate\":\"https:\\\/\\\/vamosporlaliberacion.org\\\/crpmlm\\\/?s={search_term_string}\"},\"query-input\":{\"@type\":\"PropertyValueSpecification\",\"valueRequired\":true,\"valueName\":\"search_term_string\"}}],\"inLanguage\":\"es\"},{\"@type\":\"Person\",\"@id\":\"https:\\\/\\\/vamosporlaliberacion.org\\\/crpmlm\\\/#\\\/schema\\\/person\\\/d6eac7758df3770dae9cd9eb104d615c\",\"name\":\"vamos!\",\"url\":\"http:\\\/\\\/vamosporlaliberacion.org\\\/crpmlm\\\/author\\\/adminvxl\\\/\"}]}<\/script>\n<!-- \/ Yoast SEO plugin. -->","yoast_head_json":{"title":"Adi\u00f3s a Rafael Amor - Vamos por la Liberaci\u00f3n","robots":{"index":"index","follow":"follow","max-snippet":"max-snippet:-1","max-image-preview":"max-image-preview:large","max-video-preview":"max-video-preview:-1"},"canonical":"https:\/\/vamosporlaliberacion.org\/crpmlm\/adios-a-rafael-amor\/","twitter_misc":{"Escrito por":"vamos!","Tiempo de lectura":"2 minutos"},"schema":{"@context":"https:\/\/schema.org","@graph":[{"@type":"Article","@id":"https:\/\/vamosporlaliberacion.org\/crpmlm\/adios-a-rafael-amor\/#article","isPartOf":{"@id":"https:\/\/vamosporlaliberacion.org\/crpmlm\/adios-a-rafael-amor\/"},"author":{"name":"vamos!","@id":"https:\/\/vamosporlaliberacion.org\/crpmlm\/#\/schema\/person\/d6eac7758df3770dae9cd9eb104d615c"},"headline":"Adi\u00f3s a Rafael Amor","datePublished":"2019-12-24T17:21:38+00:00","dateModified":"2020-09-14T14:05:14+00:00","mainEntityOfPage":{"@id":"https:\/\/vamosporlaliberacion.org\/crpmlm\/adios-a-rafael-amor\/"},"wordCount":410,"commentCount":0,"image":{"@id":"https:\/\/vamosporlaliberacion.org\/crpmlm\/adios-a-rafael-amor\/#primaryimage"},"thumbnailUrl":"https:\/\/i0.wp.com\/vamosporlaliberacion.org\/crpmlm\/wp-content\/uploads\/2019\/12\/rafael-20amor-20-c2-a9-20telam.jpg?fit=960%2C640&ssl=1","keywords":["arte","m\u00fasica","rafael amor"],"articleSection":["cultura"],"inLanguage":"es","potentialAction":[{"@type":"CommentAction","name":"Comment","target":["https:\/\/vamosporlaliberacion.org\/crpmlm\/adios-a-rafael-amor\/#respond"]}]},{"@type":"WebPage","@id":"https:\/\/vamosporlaliberacion.org\/crpmlm\/adios-a-rafael-amor\/","url":"https:\/\/vamosporlaliberacion.org\/crpmlm\/adios-a-rafael-amor\/","name":"Adi\u00f3s a Rafael Amor - Vamos por la Liberaci\u00f3n","isPartOf":{"@id":"https:\/\/vamosporlaliberacion.org\/crpmlm\/#website"},"primaryImageOfPage":{"@id":"https:\/\/vamosporlaliberacion.org\/crpmlm\/adios-a-rafael-amor\/#primaryimage"},"image":{"@id":"https:\/\/vamosporlaliberacion.org\/crpmlm\/adios-a-rafael-amor\/#primaryimage"},"thumbnailUrl":"https:\/\/i0.wp.com\/vamosporlaliberacion.org\/crpmlm\/wp-content\/uploads\/2019\/12\/rafael-20amor-20-c2-a9-20telam.jpg?fit=960%2C640&ssl=1","datePublished":"2019-12-24T17:21:38+00:00","dateModified":"2020-09-14T14:05:14+00:00","author":{"@id":"https:\/\/vamosporlaliberacion.org\/crpmlm\/#\/schema\/person\/d6eac7758df3770dae9cd9eb104d615c"},"breadcrumb":{"@id":"https:\/\/vamosporlaliberacion.org\/crpmlm\/adios-a-rafael-amor\/#breadcrumb"},"inLanguage":"es","potentialAction":[{"@type":"ReadAction","target":["https:\/\/vamosporlaliberacion.org\/crpmlm\/adios-a-rafael-amor\/"]}]},{"@type":"ImageObject","inLanguage":"es","@id":"https:\/\/vamosporlaliberacion.org\/crpmlm\/adios-a-rafael-amor\/#primaryimage","url":"https:\/\/i0.wp.com\/vamosporlaliberacion.org\/crpmlm\/wp-content\/uploads\/2019\/12\/rafael-20amor-20-c2-a9-20telam.jpg?fit=960%2C640&ssl=1","contentUrl":"https:\/\/i0.wp.com\/vamosporlaliberacion.org\/crpmlm\/wp-content\/uploads\/2019\/12\/rafael-20amor-20-c2-a9-20telam.jpg?fit=960%2C640&ssl=1","width":960,"height":640},{"@type":"BreadcrumbList","@id":"https:\/\/vamosporlaliberacion.org\/crpmlm\/adios-a-rafael-amor\/#breadcrumb","itemListElement":[{"@type":"ListItem","position":1,"name":"Portada","item":"https:\/\/vamosporlaliberacion.org\/crpmlm\/"},{"@type":"ListItem","position":2,"name":"Adi\u00f3s a Rafael Amor"}]},{"@type":"WebSite","@id":"https:\/\/vamosporlaliberacion.org\/crpmlm\/#website","url":"https:\/\/vamosporlaliberacion.org\/crpmlm\/","name":"Vamos por la Liberaci\u00f3n","description":"Prensa CR","potentialAction":[{"@type":"SearchAction","target":{"@type":"EntryPoint","urlTemplate":"https:\/\/vamosporlaliberacion.org\/crpmlm\/?s={search_term_string}"},"query-input":{"@type":"PropertyValueSpecification","valueRequired":true,"valueName":"search_term_string"}}],"inLanguage":"es"},{"@type":"Person","@id":"https:\/\/vamosporlaliberacion.org\/crpmlm\/#\/schema\/person\/d6eac7758df3770dae9cd9eb104d615c","name":"vamos!","url":"http:\/\/vamosporlaliberacion.org\/crpmlm\/author\/adminvxl\/"}]}},"jetpack_featured_media_url":"https:\/\/i0.wp.com\/vamosporlaliberacion.org\/crpmlm\/wp-content\/uploads\/2019\/12\/rafael-20amor-20-c2-a9-20telam.jpg?fit=960%2C640&ssl=1","jetpack_sharing_enabled":true,"_links":{"self":[{"href":"http:\/\/vamosporlaliberacion.org\/crpmlm\/wp-json\/wp\/v2\/posts\/15670","targetHints":{"allow":["GET"]}}],"collection":[{"href":"http:\/\/vamosporlaliberacion.org\/crpmlm\/wp-json\/wp\/v2\/posts"}],"about":[{"href":"http:\/\/vamosporlaliberacion.org\/crpmlm\/wp-json\/wp\/v2\/types\/post"}],"author":[{"embeddable":true,"href":"http:\/\/vamosporlaliberacion.org\/crpmlm\/wp-json\/wp\/v2\/users\/6"}],"replies":[{"embeddable":true,"href":"http:\/\/vamosporlaliberacion.org\/crpmlm\/wp-json\/wp\/v2\/comments?post=15670"}],"version-history":[{"count":1,"href":"http:\/\/vamosporlaliberacion.org\/crpmlm\/wp-json\/wp\/v2\/posts\/15670\/revisions"}],"predecessor-version":[{"id":19461,"href":"http:\/\/vamosporlaliberacion.org\/crpmlm\/wp-json\/wp\/v2\/posts\/15670\/revisions\/19461"}],"wp:featuredmedia":[{"embeddable":true,"href":"http:\/\/vamosporlaliberacion.org\/crpmlm\/wp-json\/wp\/v2\/media\/15669"}],"wp:attachment":[{"href":"http:\/\/vamosporlaliberacion.org\/crpmlm\/wp-json\/wp\/v2\/media?parent=15670"}],"wp:term":[{"taxonomy":"category","embeddable":true,"href":"http:\/\/vamosporlaliberacion.org\/crpmlm\/wp-json\/wp\/v2\/categories?post=15670"},{"taxonomy":"post_tag","embeddable":true,"href":"http:\/\/vamosporlaliberacion.org\/crpmlm\/wp-json\/wp\/v2\/tags?post=15670"}],"curies":[{"name":"wp","href":"https:\/\/api.w.org\/{rel}","templated":true}]}}