{"id":13910,"date":"2019-06-19T14:16:41","date_gmt":"2019-06-19T17:16:41","guid":{"rendered":"http:\/\/vamosporlaliberacion.org\/crpmlm\/?p=13910"},"modified":"2020-11-06T13:49:17","modified_gmt":"2020-11-06T16:49:17","slug":"un-pais-en-la-oscuridad","status":"publish","type":"post","link":"http:\/\/vamosporlaliberacion.org\/crpmlm\/un-pais-en-la-oscuridad\/","title":{"rendered":"Un pa\u00eds en la oscuridad"},"content":{"rendered":"<p>La imagen de Argentina en la oscuridad por el apag\u00f3n masivo producto de una falla \u2013que todav\u00eda el gobierno no sabe\u2013 es un s\u00edmbolo de la decadencia de una pol\u00edtica que llev\u00f3 al enriquecimiento descomunal a las empresas energ\u00e9ticas, entre ellas las de la familia Macri y de su entorno, con tarifazos de m\u00e1s del 1.000% y casi nula inversi\u00f3n. Es la imagen de la desidia de una Argentina que se hunde en el abismo. Nada de esto puede quedar impune.<br \/>\nEl propio apag\u00f3n hist\u00f3rico muestra que esta \u00e1rea es estrat\u00e9gica y no puede estar en manos de empresas privadas, sino del Estado con un estricto control popular. \u00c9sta es una de las primeras medidas a la que se debe abocar el pr\u00f3ximo gobierno, junto con una severa auditor\u00eda para saber c\u00f3mo fue la inversi\u00f3n o desinversi\u00f3n en esta \u00e1rea vital para la Naci\u00f3n.<\/p>\n<h3>Elecciones provinciales: castigo infinito<\/h3>\n<p>El resultado de las elecciones en Formosa, Santa Fe, San Luis y Tierra del Fuego fue el otro dato de un fin de semana negro para el gobierno nacional. Por m\u00e1s que Clar\u00edn se esforz\u00f3 en instalar que la llegada de Miguel \u00c1ngel Pichetto tra\u00eda \u201caire fresco\u201d al gobierno y a los mercados. Utiliz\u00f3 los datos \u201cmilagrosos\u201d de un d\u00f3lar que bajaba y una bolsa que sub\u00eda, como si esto reflejara la realidad de un pueblo que es vapuleado brutalmente por esta pol\u00edtica. Pero no les alcanz\u00f3 para instalar que cambiaba positivamente el humor de la gente. Y se not\u00f3 en los resultados electorales.<\/p>\n<p>El partido de gobierno \u2013Cambiemos o sus mutaciones\u2013 fue duramente golpeado en todas las elecciones. Ya son 19 provincias en las que pierde y retrocede. Santa Fe es quiz\u00e1s la m\u00e1s emblem\u00e1tica, no porque Cambiemos haya perdido, sino porque el peronismo vuelve al gobierno luego de doce a\u00f1os y esa provincia es el tercer distrito electoral nacional.<br \/>\nPero tambi\u00e9n fue castigada una amiga y aliada del gobierno como Rosana Bertone en Tierra del Fuego. La gobernadora fue duramente castigada por su pol\u00edtica de ajuste, persecuci\u00f3n y endeudamiento de la provincia. Se logr\u00f3 que por primera vez un gobernante en gesti\u00f3n perdiera en primera vuelta. Una vez m\u00e1s una alianza amplia, como Concertaci\u00f3n-Forja, canaliz\u00f3 la bronca popular. Como la que mostr\u00f3 la incansable lucha de las y los docentes y estatales que supieron instalar que \u201cBertone es Macri\u201d, lo que fue una de las claves para la derrota (ver nota).<\/p>\n<h3>Manotazo de ahogado<\/h3>\n<p>La designaci\u00f3n de Macri para llevar a Pichetto como candidato a vicepresidente muestra una movida del gobierno apuntado a cambiar el eje pol\u00edtico, manteniendo el rumbo econ\u00f3mico. Cambia el paradigma buscando nuevos aliados en un peronismo de centro derecha como expresa el senador. Esto llev\u00f3 a cambiar el nombre por \u201cJuntos por el Cambio\u201d. Pichetto y Frigerio encabezar\u00e1n r\u00e1pidamente el camino de la disputa de candidatos peronistas, a los que les abren lugares en las listas para que compitan en las PASO y as\u00ed restarle votos a las listas del Frente de Todos.<\/p>\n<p>Para esto deben prometer una estabilidad econ\u00f3mica que no se avizora, un mejor federalismo y otras promesas que estar\u00edan por verse, como el efecto derrame de Vaca Muerta \u2013donde Pichetto tiene buena llegada con los monopolios petroleros\u2013 o el litio en una provincia que gobierna Cambiemos con Gerardo Morales, entre otras.<br \/>\nTambi\u00e9n deben ampliar el mensaje y la propia batalla cultural. Debe reorientarse ya no teniendo como contraparte a \u201clos \u00faltimos 70 a\u00f1os\u201d, donde el peronismo ser\u00eda el responsable de todos los males, sino instalar una alianza de centro derecha republicana versus un centro izquierda \u201cpopulista\u201d (corruptos y autoritarios). \u201cRepublicanos vs populistas\u201d.<\/p>\n<p>El mismo eje se impuso en Brasil y llev\u00f3 al triunfo del fascista Bolsonaro. Ese eje se mont\u00f3 con operaciones con un sector de la Justicia expresada en el juez Moro (ver nota) y los medios hegem\u00f3nicos como la red O Globo. Aqu\u00ed se est\u00e1 destapando como opera una red de espionaje, extorsi\u00f3n y operaciones con fiscales como Stornelli, jueces como Bonad\u00edo y servicios como D\u00b4Alessio, que a su vez se vinculaban a diputadas como Carri\u00f3 y ministras como Bullrich. Clar\u00edn y La Naci\u00f3n, junto con otros medios, operan la plataforma medi\u00e1tica para instalar estas operaciones.<\/p>\n<p>No fue para nada casual que los propios presidentes Bolsonaro (Brasil) e Iv\u00e1n Duque (Colombia), en su \u00faltima visita al pa\u00eds, se involucraran en las elecciones presidenciales llamando a votar abiertamente por Macri \u201cy a trabajar activamente\u201d para que gane el presidente. Los antecedentes m\u00e1s cercanos los podemos encontrar en Spruille Braden, aquel embajador de los EEUU que apoy\u00f3 a la coalici\u00f3n Uni\u00f3n Democr\u00e1tica contra Per\u00f3n en las elecciones de 1946.<\/p>\n<p>La designaci\u00f3n de Pichetto tambi\u00e9n est\u00e1 vinculada, como denuncia Alberto Fern\u00e1ndez, a frenar en el Concejo de la Magistratura el avance de la causa que lleva adelante el juez de Dolores, Ramos Padilla, ya que Pichetto preside la Comisi\u00f3n de Disciplina. En realidad, el senador deber\u00eda dejar su lugar en el Concejo ya que entr\u00f3 por el lugar que le corresponde a la oposici\u00f3n.<\/p>\n<h3>Con el MP Liberaci\u00f3n votamos al Frente de Todos<\/h3>\n<p>Los resultados en las elecciones provinciales muestran una realidad que se impone por sobre las operaciones. Para los sectores populares que venimos enfrentando esta pol\u00edtica ubicamos en la f\u00f3rmula Fern\u00e1ndez-Fern\u00e1ndez la opci\u00f3n para derrotarlos y abrir un nuevo per\u00edodo, donde el pueblo tendr\u00e1 mejores condiciones para la lucha, poder avanzar tanto en sus urgencias como en las medidas que apunten a romper el pacto con el FMI y la designaci\u00f3n de una comisi\u00f3n independiente que investigue la deuda externa que fue a parar a la timba financiera constituyendo una estafa hist\u00f3rica. As\u00ed como no abandonamos las calles para impedir que se imponga la reforma laboral que pretenden Macri, el FMI y sectores monop\u00f3licos.<\/p>\n<p>La f\u00f3rmula Fern\u00e1ndez-Fern\u00e1ndez trajo cambios en el frente, ya que se incorporaron sectores vinculados a los gobernadores que abandonaron el Peronismo Federal, y ahora el acuerdo con Massa replantea nuevos acuerdos y la fisonom\u00eda del llamado Frente Patri\u00f3tico como se hab\u00eda planteado en un principio. Ahora es Frente de Todos.<\/p>\n<p>El grado de polaridad que se impuso muestra que se han agudizado las contradicciones entre sectores de clases dominantes que anidan en uno y otro lado de la grieta. Pero el pueblo viene padeciendo la pol\u00edtica de ajuste, entrega y represi\u00f3n que hoy busca tener continuidad en la f\u00f3rmula de Macri-Pichetto, que est\u00e1 dispuesto a no soltar el mando y garantizar un segundo mandato de Cambiemos pero en una fase m\u00e1s reaccionaria y fascistoide. Por lo que no debemos subestimar el grado de maniobra del gobierno y los sectores que representa.<\/p>\n<p>Desde el MP Liberaci\u00f3n debemos redoblar el trabajo y las iniciativas reforzando la campa\u00f1a y profundizando los acuerdos unitarios en los distritos donde estamos, a la vez que ofrecemos nuestro programa y la incorporaci\u00f3n al MP Liberaci\u00f3n y el CR en el mes de su Colecta Financiera. Al calor de la campa\u00f1a electoral, son de gran importancia los acuerdos con otras fuerzas y dirigentes democr\u00e1ticos y antiimperialistas con los que nos une la necesidad de seguir empujando la movilizaci\u00f3n popular antes, durante y despu\u00e9s de las elecciones para garantizar que se concreten los anuncios de campa\u00f1a como la reactivaci\u00f3n de la industria y el comercio, mejorar los salarios para estimular el consumo popular, como vienen sosteniendo los candidatos del Frente Patri\u00f3tico.<\/p>\n<p>Pero tambi\u00e9n avanzar en las urgencias populares que exigen la reactivaci\u00f3n de sectores claves de la industria, fomentando el \u201ccompre nacional\u201d desde el Estado, privilegiando las pymes y cooperativas de trabajo. Para avanzar en la re-estatizaci\u00f3n de los servicios b\u00e1sicos como luz, gas y agua, as\u00ed como los transportes esenciales para la Naci\u00f3n, el control de las importaciones, de precios y las retenciones segmentadas y una Junta Nacional de Granos y donde el mega yacimiento Vaca Muerta sea patrimonio de la Naci\u00f3n y no el negocio desde YPF con los monopolios extranjeros petroleros que no cuentan con control de precios y mantienen dolarizadas las tarifas. En este camino, la primera tarea es derrotar a Macri-Cambiemos.<\/p>\n<!-- AddThis Advanced Settings generic via filter on the_content --><!-- AddThis Share Buttons generic via filter on the_content -->","protected":false},"excerpt":{"rendered":"<p>La imagen de Argentina en la oscuridad por el apag\u00f3n masivo producto de una falla \u2013que todav\u00eda el gobierno no sabe\u2013 es un s\u00edmbolo de la decadencia de una pol\u00edtica que llev\u00f3 al enriquecimiento descomunal a las empresas energ\u00e9ticas, entre ellas las de la familia Macri y de su entorno, con tarifazos de m\u00e1s del [&hellip;]<!-- AddThis Advanced Settings generic via filter on get_the_excerpt --><!-- AddThis Share Buttons generic via filter on get_the_excerpt --><\/p>\n","protected":false},"author":6,"featured_media":13925,"comment_status":"open","ping_status":"open","sticky":false,"template":"","format":"standard","meta":{"_jetpack_memberships_contains_paid_content":false,"footnotes":""},"categories":[1881],"tags":[519,1323],"class_list":{"0":"post-13910","1":"post","2":"type-post","3":"status-publish","4":"format-standard","5":"has-post-thumbnail","7":"category-editoriales","8":"tag-destacado","9":"tag-editorial-143"},"yoast_head":"<!-- This site is optimized with the Yoast SEO plugin v27.4 - https:\/\/yoast.com\/product\/yoast-seo-wordpress\/ -->\n<title>Un pa\u00eds en la oscuridad - Vamos por la Liberaci\u00f3n<\/title>\n<meta name=\"robots\" content=\"index, follow, max-snippet:-1, max-image-preview:large, max-video-preview:-1\" \/>\n<link rel=\"canonical\" href=\"https:\/\/vamosporlaliberacion.org\/crpmlm\/un-pais-en-la-oscuridad\/\" \/>\n<meta name=\"twitter:label1\" content=\"Escrito por\" \/>\n\t<meta name=\"twitter:data1\" content=\"vamos!\" \/>\n\t<meta name=\"twitter:label2\" content=\"Tiempo de lectura\" \/>\n\t<meta name=\"twitter:data2\" content=\"7 minutos\" \/>\n<script type=\"application\/ld+json\" class=\"yoast-schema-graph\">{\"@context\":\"https:\\\/\\\/schema.org\",\"@graph\":[{\"@type\":\"Article\",\"@id\":\"https:\\\/\\\/vamosporlaliberacion.org\\\/crpmlm\\\/un-pais-en-la-oscuridad\\\/#article\",\"isPartOf\":{\"@id\":\"https:\\\/\\\/vamosporlaliberacion.org\\\/crpmlm\\\/un-pais-en-la-oscuridad\\\/\"},\"author\":{\"name\":\"vamos!\",\"@id\":\"https:\\\/\\\/vamosporlaliberacion.org\\\/crpmlm\\\/#\\\/schema\\\/person\\\/d6eac7758df3770dae9cd9eb104d615c\"},\"headline\":\"Un pa\u00eds en la oscuridad\",\"datePublished\":\"2019-06-19T17:16:41+00:00\",\"dateModified\":\"2020-11-06T16:49:17+00:00\",\"mainEntityOfPage\":{\"@id\":\"https:\\\/\\\/vamosporlaliberacion.org\\\/crpmlm\\\/un-pais-en-la-oscuridad\\\/\"},\"wordCount\":1431,\"commentCount\":0,\"image\":{\"@id\":\"https:\\\/\\\/vamosporlaliberacion.org\\\/crpmlm\\\/un-pais-en-la-oscuridad\\\/#primaryimage\"},\"thumbnailUrl\":\"https:\\\/\\\/i0.wp.com\\\/vamosporlaliberacion.org\\\/crpmlm\\\/wp-content\\\/uploads\\\/2019\\\/06\\\/MACRI-VELA.jpg?fit=1772%2C1088&ssl=1\",\"keywords\":[\"destacado\",\"editorial 143\"],\"articleSection\":[\"Editoriales\"],\"inLanguage\":\"es\",\"potentialAction\":[{\"@type\":\"CommentAction\",\"name\":\"Comment\",\"target\":[\"https:\\\/\\\/vamosporlaliberacion.org\\\/crpmlm\\\/un-pais-en-la-oscuridad\\\/#respond\"]}]},{\"@type\":\"WebPage\",\"@id\":\"https:\\\/\\\/vamosporlaliberacion.org\\\/crpmlm\\\/un-pais-en-la-oscuridad\\\/\",\"url\":\"https:\\\/\\\/vamosporlaliberacion.org\\\/crpmlm\\\/un-pais-en-la-oscuridad\\\/\",\"name\":\"Un pa\u00eds en la oscuridad - Vamos por la Liberaci\u00f3n\",\"isPartOf\":{\"@id\":\"https:\\\/\\\/vamosporlaliberacion.org\\\/crpmlm\\\/#website\"},\"primaryImageOfPage\":{\"@id\":\"https:\\\/\\\/vamosporlaliberacion.org\\\/crpmlm\\\/un-pais-en-la-oscuridad\\\/#primaryimage\"},\"image\":{\"@id\":\"https:\\\/\\\/vamosporlaliberacion.org\\\/crpmlm\\\/un-pais-en-la-oscuridad\\\/#primaryimage\"},\"thumbnailUrl\":\"https:\\\/\\\/i0.wp.com\\\/vamosporlaliberacion.org\\\/crpmlm\\\/wp-content\\\/uploads\\\/2019\\\/06\\\/MACRI-VELA.jpg?fit=1772%2C1088&ssl=1\",\"datePublished\":\"2019-06-19T17:16:41+00:00\",\"dateModified\":\"2020-11-06T16:49:17+00:00\",\"author\":{\"@id\":\"https:\\\/\\\/vamosporlaliberacion.org\\\/crpmlm\\\/#\\\/schema\\\/person\\\/d6eac7758df3770dae9cd9eb104d615c\"},\"breadcrumb\":{\"@id\":\"https:\\\/\\\/vamosporlaliberacion.org\\\/crpmlm\\\/un-pais-en-la-oscuridad\\\/#breadcrumb\"},\"inLanguage\":\"es\",\"potentialAction\":[{\"@type\":\"ReadAction\",\"target\":[\"https:\\\/\\\/vamosporlaliberacion.org\\\/crpmlm\\\/un-pais-en-la-oscuridad\\\/\"]}]},{\"@type\":\"ImageObject\",\"inLanguage\":\"es\",\"@id\":\"https:\\\/\\\/vamosporlaliberacion.org\\\/crpmlm\\\/un-pais-en-la-oscuridad\\\/#primaryimage\",\"url\":\"https:\\\/\\\/i0.wp.com\\\/vamosporlaliberacion.org\\\/crpmlm\\\/wp-content\\\/uploads\\\/2019\\\/06\\\/MACRI-VELA.jpg?fit=1772%2C1088&ssl=1\",\"contentUrl\":\"https:\\\/\\\/i0.wp.com\\\/vamosporlaliberacion.org\\\/crpmlm\\\/wp-content\\\/uploads\\\/2019\\\/06\\\/MACRI-VELA.jpg?fit=1772%2C1088&ssl=1\",\"width\":1772,\"height\":1088},{\"@type\":\"BreadcrumbList\",\"@id\":\"https:\\\/\\\/vamosporlaliberacion.org\\\/crpmlm\\\/un-pais-en-la-oscuridad\\\/#breadcrumb\",\"itemListElement\":[{\"@type\":\"ListItem\",\"position\":1,\"name\":\"Portada\",\"item\":\"https:\\\/\\\/vamosporlaliberacion.org\\\/crpmlm\\\/\"},{\"@type\":\"ListItem\",\"position\":2,\"name\":\"Un pa\u00eds en la oscuridad\"}]},{\"@type\":\"WebSite\",\"@id\":\"https:\\\/\\\/vamosporlaliberacion.org\\\/crpmlm\\\/#website\",\"url\":\"https:\\\/\\\/vamosporlaliberacion.org\\\/crpmlm\\\/\",\"name\":\"Vamos por la Liberaci\u00f3n\",\"description\":\"Prensa CR\",\"potentialAction\":[{\"@type\":\"SearchAction\",\"target\":{\"@type\":\"EntryPoint\",\"urlTemplate\":\"https:\\\/\\\/vamosporlaliberacion.org\\\/crpmlm\\\/?s={search_term_string}\"},\"query-input\":{\"@type\":\"PropertyValueSpecification\",\"valueRequired\":true,\"valueName\":\"search_term_string\"}}],\"inLanguage\":\"es\"},{\"@type\":\"Person\",\"@id\":\"https:\\\/\\\/vamosporlaliberacion.org\\\/crpmlm\\\/#\\\/schema\\\/person\\\/d6eac7758df3770dae9cd9eb104d615c\",\"name\":\"vamos!\",\"url\":\"http:\\\/\\\/vamosporlaliberacion.org\\\/crpmlm\\\/author\\\/adminvxl\\\/\"}]}<\/script>\n<!-- \/ Yoast SEO plugin. -->","yoast_head_json":{"title":"Un pa\u00eds en la oscuridad - Vamos por la Liberaci\u00f3n","robots":{"index":"index","follow":"follow","max-snippet":"max-snippet:-1","max-image-preview":"max-image-preview:large","max-video-preview":"max-video-preview:-1"},"canonical":"https:\/\/vamosporlaliberacion.org\/crpmlm\/un-pais-en-la-oscuridad\/","twitter_misc":{"Escrito por":"vamos!","Tiempo de lectura":"7 minutos"},"schema":{"@context":"https:\/\/schema.org","@graph":[{"@type":"Article","@id":"https:\/\/vamosporlaliberacion.org\/crpmlm\/un-pais-en-la-oscuridad\/#article","isPartOf":{"@id":"https:\/\/vamosporlaliberacion.org\/crpmlm\/un-pais-en-la-oscuridad\/"},"author":{"name":"vamos!","@id":"https:\/\/vamosporlaliberacion.org\/crpmlm\/#\/schema\/person\/d6eac7758df3770dae9cd9eb104d615c"},"headline":"Un pa\u00eds en la oscuridad","datePublished":"2019-06-19T17:16:41+00:00","dateModified":"2020-11-06T16:49:17+00:00","mainEntityOfPage":{"@id":"https:\/\/vamosporlaliberacion.org\/crpmlm\/un-pais-en-la-oscuridad\/"},"wordCount":1431,"commentCount":0,"image":{"@id":"https:\/\/vamosporlaliberacion.org\/crpmlm\/un-pais-en-la-oscuridad\/#primaryimage"},"thumbnailUrl":"https:\/\/i0.wp.com\/vamosporlaliberacion.org\/crpmlm\/wp-content\/uploads\/2019\/06\/MACRI-VELA.jpg?fit=1772%2C1088&ssl=1","keywords":["destacado","editorial 143"],"articleSection":["Editoriales"],"inLanguage":"es","potentialAction":[{"@type":"CommentAction","name":"Comment","target":["https:\/\/vamosporlaliberacion.org\/crpmlm\/un-pais-en-la-oscuridad\/#respond"]}]},{"@type":"WebPage","@id":"https:\/\/vamosporlaliberacion.org\/crpmlm\/un-pais-en-la-oscuridad\/","url":"https:\/\/vamosporlaliberacion.org\/crpmlm\/un-pais-en-la-oscuridad\/","name":"Un pa\u00eds en la oscuridad - Vamos por la Liberaci\u00f3n","isPartOf":{"@id":"https:\/\/vamosporlaliberacion.org\/crpmlm\/#website"},"primaryImageOfPage":{"@id":"https:\/\/vamosporlaliberacion.org\/crpmlm\/un-pais-en-la-oscuridad\/#primaryimage"},"image":{"@id":"https:\/\/vamosporlaliberacion.org\/crpmlm\/un-pais-en-la-oscuridad\/#primaryimage"},"thumbnailUrl":"https:\/\/i0.wp.com\/vamosporlaliberacion.org\/crpmlm\/wp-content\/uploads\/2019\/06\/MACRI-VELA.jpg?fit=1772%2C1088&ssl=1","datePublished":"2019-06-19T17:16:41+00:00","dateModified":"2020-11-06T16:49:17+00:00","author":{"@id":"https:\/\/vamosporlaliberacion.org\/crpmlm\/#\/schema\/person\/d6eac7758df3770dae9cd9eb104d615c"},"breadcrumb":{"@id":"https:\/\/vamosporlaliberacion.org\/crpmlm\/un-pais-en-la-oscuridad\/#breadcrumb"},"inLanguage":"es","potentialAction":[{"@type":"ReadAction","target":["https:\/\/vamosporlaliberacion.org\/crpmlm\/un-pais-en-la-oscuridad\/"]}]},{"@type":"ImageObject","inLanguage":"es","@id":"https:\/\/vamosporlaliberacion.org\/crpmlm\/un-pais-en-la-oscuridad\/#primaryimage","url":"https:\/\/i0.wp.com\/vamosporlaliberacion.org\/crpmlm\/wp-content\/uploads\/2019\/06\/MACRI-VELA.jpg?fit=1772%2C1088&ssl=1","contentUrl":"https:\/\/i0.wp.com\/vamosporlaliberacion.org\/crpmlm\/wp-content\/uploads\/2019\/06\/MACRI-VELA.jpg?fit=1772%2C1088&ssl=1","width":1772,"height":1088},{"@type":"BreadcrumbList","@id":"https:\/\/vamosporlaliberacion.org\/crpmlm\/un-pais-en-la-oscuridad\/#breadcrumb","itemListElement":[{"@type":"ListItem","position":1,"name":"Portada","item":"https:\/\/vamosporlaliberacion.org\/crpmlm\/"},{"@type":"ListItem","position":2,"name":"Un pa\u00eds en la oscuridad"}]},{"@type":"WebSite","@id":"https:\/\/vamosporlaliberacion.org\/crpmlm\/#website","url":"https:\/\/vamosporlaliberacion.org\/crpmlm\/","name":"Vamos por la Liberaci\u00f3n","description":"Prensa CR","potentialAction":[{"@type":"SearchAction","target":{"@type":"EntryPoint","urlTemplate":"https:\/\/vamosporlaliberacion.org\/crpmlm\/?s={search_term_string}"},"query-input":{"@type":"PropertyValueSpecification","valueRequired":true,"valueName":"search_term_string"}}],"inLanguage":"es"},{"@type":"Person","@id":"https:\/\/vamosporlaliberacion.org\/crpmlm\/#\/schema\/person\/d6eac7758df3770dae9cd9eb104d615c","name":"vamos!","url":"http:\/\/vamosporlaliberacion.org\/crpmlm\/author\/adminvxl\/"}]}},"jetpack_featured_media_url":"https:\/\/i0.wp.com\/vamosporlaliberacion.org\/crpmlm\/wp-content\/uploads\/2019\/06\/MACRI-VELA.jpg?fit=1772%2C1088&ssl=1","jetpack_sharing_enabled":true,"_links":{"self":[{"href":"http:\/\/vamosporlaliberacion.org\/crpmlm\/wp-json\/wp\/v2\/posts\/13910","targetHints":{"allow":["GET"]}}],"collection":[{"href":"http:\/\/vamosporlaliberacion.org\/crpmlm\/wp-json\/wp\/v2\/posts"}],"about":[{"href":"http:\/\/vamosporlaliberacion.org\/crpmlm\/wp-json\/wp\/v2\/types\/post"}],"author":[{"embeddable":true,"href":"http:\/\/vamosporlaliberacion.org\/crpmlm\/wp-json\/wp\/v2\/users\/6"}],"replies":[{"embeddable":true,"href":"http:\/\/vamosporlaliberacion.org\/crpmlm\/wp-json\/wp\/v2\/comments?post=13910"}],"version-history":[{"count":1,"href":"http:\/\/vamosporlaliberacion.org\/crpmlm\/wp-json\/wp\/v2\/posts\/13910\/revisions"}],"predecessor-version":[{"id":21831,"href":"http:\/\/vamosporlaliberacion.org\/crpmlm\/wp-json\/wp\/v2\/posts\/13910\/revisions\/21831"}],"wp:featuredmedia":[{"embeddable":true,"href":"http:\/\/vamosporlaliberacion.org\/crpmlm\/wp-json\/wp\/v2\/media\/13925"}],"wp:attachment":[{"href":"http:\/\/vamosporlaliberacion.org\/crpmlm\/wp-json\/wp\/v2\/media?parent=13910"}],"wp:term":[{"taxonomy":"category","embeddable":true,"href":"http:\/\/vamosporlaliberacion.org\/crpmlm\/wp-json\/wp\/v2\/categories?post=13910"},{"taxonomy":"post_tag","embeddable":true,"href":"http:\/\/vamosporlaliberacion.org\/crpmlm\/wp-json\/wp\/v2\/tags?post=13910"}],"curies":[{"name":"wp","href":"https:\/\/api.w.org\/{rel}","templated":true}]}}