{"id":13884,"date":"2019-06-11T15:29:16","date_gmt":"2019-06-11T18:29:16","guid":{"rendered":"http:\/\/vamosporlaliberacion.org\/crpmlm\/?p=13884"},"modified":"2019-06-11T15:29:16","modified_gmt":"2019-06-11T18:29:16","slug":"a-planificar-una-gran-colecta-financiera-de-masas","status":"publish","type":"post","link":"http:\/\/vamosporlaliberacion.org\/crpmlm\/a-planificar-una-gran-colecta-financiera-de-masas\/","title":{"rendered":"A planificar una gran Colecta Financiera de masas"},"content":{"rendered":"<p>Desde el 20 de junio hasta fin de de julio realizaremos la colecta financiera en el marco del avance de la unidad opositora en las calles y en las urnas para derrotar a Macri, Cambiemos y el FMI. Hemos puesto de pie desde el CR en diversos regionales el Movimiento Popular Liberaci\u00f3n, un instrumento de frente \u00fanico que cuenta con 15 puntos program\u00e1ticos que ponemos a debate con amigos y aliados y que aspiramos a que sea un instrumento real de frente \u00fanico donde miles se sientan identificados y lo integren.<\/p>\n<p>En diversos distritos estamos haciendo acuerdos desde nuestra decisi\u00f3n de integrar el llamado Frente Patri\u00f3tico, integrado por el PJ y 17 partidos y organizaciones pol\u00edticas y sociales. En ese frente, en cada distrito va ser de gran importancia para poder tener presencia y estar a la altura del debate de masas y poder llegar con nuestra propuesta, contar con los recursos econ\u00f3micos necesarios para la propaganda, viajes traslados y dem\u00e1s instrumentos para la disputa pol\u00edtica. Para ello es necesario que, al calor de la planificaci\u00f3n de la Colecta Financiera, se armen los presupuestos que incluyan los gastos corrientes y extraordinarios, se designen lxs tesorerxs para poder centralizarlos y se apele al pueblo con todas las iniciativas que hagan falta para propagandizar nuestra propuestas pol\u00edtica coyunturales para las lecciones y la lucha, y mostrando el Partido que sostiene la l\u00ednea de amplia unidad para derrotar a Macri y Cambiemos en camino a la liberaci\u00f3n nacional y social en marcha al socialismo.<\/p>\n<p>Apelemos a nuestro pueblo para fortalecer el Comunismo Revolucionario que se sostiene con el aporte y la ayuda de los amigos y la cotizaci\u00f3n regular de sus afiliadxs. Porque somos verdaderamente independiente de las patronales ni el Estado.<\/p>\n<p>Planifiquemos una masiva colecta financiera en dinero y en aportes con gran ofensiva asegurando ya los aportes desde los m\u00e1s sencillos, as\u00ed como aquellos extraordinarios que contemplan aguinaldos de los compa\u00f1erxs, amigxs y aliadxs.<br \/>\nPlanifiquemos en junio, para realizar nuestra Colecta Financiera del 20 de junio al 31 de julio.<\/p>\n<!-- AddThis Advanced Settings generic via filter on the_content --><!-- AddThis Share Buttons generic via filter on the_content -->","protected":false},"excerpt":{"rendered":"<p>Desde el 20 de junio hasta fin de de julio realizaremos la colecta financiera en el marco del avance de la unidad opositora en las calles y en las urnas para derrotar a Macri, Cambiemos y el FMI. Hemos puesto de pie desde el CR en diversos regionales el Movimiento Popular Liberaci\u00f3n, un instrumento de [&hellip;]<!-- AddThis Advanced Settings generic via filter on get_the_excerpt --><!-- AddThis Share Buttons generic via filter on get_the_excerpt --><\/p>\n","protected":false},"author":6,"featured_media":13782,"comment_status":"open","ping_status":"open","sticky":false,"template":"","format":"standard","meta":{"_jetpack_memberships_contains_paid_content":false,"footnotes":""},"categories":[1699],"tags":[62,1315],"class_list":{"0":"post-13884","1":"post","2":"type-post","3":"status-publish","4":"format-standard","5":"has-post-thumbnail","7":"category-noticias","8":"tag-colecta-financiera","9":"tag-vxl-142"},"yoast_head":"<!-- This site is optimized with the Yoast SEO plugin v27.4 - https:\/\/yoast.com\/product\/yoast-seo-wordpress\/ -->\n<title>A planificar una gran Colecta Financiera de masas - Vamos por la Liberaci\u00f3n<\/title>\n<meta name=\"robots\" content=\"index, follow, max-snippet:-1, max-image-preview:large, max-video-preview:-1\" \/>\n<link rel=\"canonical\" href=\"https:\/\/vamosporlaliberacion.org\/crpmlm\/a-planificar-una-gran-colecta-financiera-de-masas\/\" \/>\n<meta name=\"twitter:label1\" content=\"Escrito por\" \/>\n\t<meta name=\"twitter:data1\" content=\"vamos!\" \/>\n\t<meta name=\"twitter:label2\" content=\"Tiempo de lectura\" \/>\n\t<meta name=\"twitter:data2\" content=\"2 minutos\" \/>\n<script type=\"application\/ld+json\" class=\"yoast-schema-graph\">{\"@context\":\"https:\\\/\\\/schema.org\",\"@graph\":[{\"@type\":\"Article\",\"@id\":\"https:\\\/\\\/vamosporlaliberacion.org\\\/crpmlm\\\/a-planificar-una-gran-colecta-financiera-de-masas\\\/#article\",\"isPartOf\":{\"@id\":\"https:\\\/\\\/vamosporlaliberacion.org\\\/crpmlm\\\/a-planificar-una-gran-colecta-financiera-de-masas\\\/\"},\"author\":{\"name\":\"vamos!\",\"@id\":\"https:\\\/\\\/vamosporlaliberacion.org\\\/crpmlm\\\/#\\\/schema\\\/person\\\/d6eac7758df3770dae9cd9eb104d615c\"},\"headline\":\"A planificar una gran Colecta Financiera de masas\",\"datePublished\":\"2019-06-11T18:29:16+00:00\",\"mainEntityOfPage\":{\"@id\":\"https:\\\/\\\/vamosporlaliberacion.org\\\/crpmlm\\\/a-planificar-una-gran-colecta-financiera-de-masas\\\/\"},\"wordCount\":357,\"commentCount\":0,\"image\":{\"@id\":\"https:\\\/\\\/vamosporlaliberacion.org\\\/crpmlm\\\/a-planificar-una-gran-colecta-financiera-de-masas\\\/#primaryimage\"},\"thumbnailUrl\":\"https:\\\/\\\/i0.wp.com\\\/vamosporlaliberacion.org\\\/crpmlm\\\/wp-content\\\/uploads\\\/2019\\\/06\\\/crpmlm1.jpeg?fit=1280%2C853&ssl=1\",\"keywords\":[\"Colecta financiera\",\"vxl 142\"],\"articleSection\":[\"Noticias\"],\"inLanguage\":\"es\",\"potentialAction\":[{\"@type\":\"CommentAction\",\"name\":\"Comment\",\"target\":[\"https:\\\/\\\/vamosporlaliberacion.org\\\/crpmlm\\\/a-planificar-una-gran-colecta-financiera-de-masas\\\/#respond\"]}]},{\"@type\":\"WebPage\",\"@id\":\"https:\\\/\\\/vamosporlaliberacion.org\\\/crpmlm\\\/a-planificar-una-gran-colecta-financiera-de-masas\\\/\",\"url\":\"https:\\\/\\\/vamosporlaliberacion.org\\\/crpmlm\\\/a-planificar-una-gran-colecta-financiera-de-masas\\\/\",\"name\":\"A planificar una gran Colecta Financiera de masas - Vamos por la Liberaci\u00f3n\",\"isPartOf\":{\"@id\":\"https:\\\/\\\/vamosporlaliberacion.org\\\/crpmlm\\\/#website\"},\"primaryImageOfPage\":{\"@id\":\"https:\\\/\\\/vamosporlaliberacion.org\\\/crpmlm\\\/a-planificar-una-gran-colecta-financiera-de-masas\\\/#primaryimage\"},\"image\":{\"@id\":\"https:\\\/\\\/vamosporlaliberacion.org\\\/crpmlm\\\/a-planificar-una-gran-colecta-financiera-de-masas\\\/#primaryimage\"},\"thumbnailUrl\":\"https:\\\/\\\/i0.wp.com\\\/vamosporlaliberacion.org\\\/crpmlm\\\/wp-content\\\/uploads\\\/2019\\\/06\\\/crpmlm1.jpeg?fit=1280%2C853&ssl=1\",\"datePublished\":\"2019-06-11T18:29:16+00:00\",\"author\":{\"@id\":\"https:\\\/\\\/vamosporlaliberacion.org\\\/crpmlm\\\/#\\\/schema\\\/person\\\/d6eac7758df3770dae9cd9eb104d615c\"},\"breadcrumb\":{\"@id\":\"https:\\\/\\\/vamosporlaliberacion.org\\\/crpmlm\\\/a-planificar-una-gran-colecta-financiera-de-masas\\\/#breadcrumb\"},\"inLanguage\":\"es\",\"potentialAction\":[{\"@type\":\"ReadAction\",\"target\":[\"https:\\\/\\\/vamosporlaliberacion.org\\\/crpmlm\\\/a-planificar-una-gran-colecta-financiera-de-masas\\\/\"]}]},{\"@type\":\"ImageObject\",\"inLanguage\":\"es\",\"@id\":\"https:\\\/\\\/vamosporlaliberacion.org\\\/crpmlm\\\/a-planificar-una-gran-colecta-financiera-de-masas\\\/#primaryimage\",\"url\":\"https:\\\/\\\/i0.wp.com\\\/vamosporlaliberacion.org\\\/crpmlm\\\/wp-content\\\/uploads\\\/2019\\\/06\\\/crpmlm1.jpeg?fit=1280%2C853&ssl=1\",\"contentUrl\":\"https:\\\/\\\/i0.wp.com\\\/vamosporlaliberacion.org\\\/crpmlm\\\/wp-content\\\/uploads\\\/2019\\\/06\\\/crpmlm1.jpeg?fit=1280%2C853&ssl=1\",\"width\":1280,\"height\":853},{\"@type\":\"BreadcrumbList\",\"@id\":\"https:\\\/\\\/vamosporlaliberacion.org\\\/crpmlm\\\/a-planificar-una-gran-colecta-financiera-de-masas\\\/#breadcrumb\",\"itemListElement\":[{\"@type\":\"ListItem\",\"position\":1,\"name\":\"Portada\",\"item\":\"https:\\\/\\\/vamosporlaliberacion.org\\\/crpmlm\\\/\"},{\"@type\":\"ListItem\",\"position\":2,\"name\":\"A planificar una gran Colecta Financiera de masas\"}]},{\"@type\":\"WebSite\",\"@id\":\"https:\\\/\\\/vamosporlaliberacion.org\\\/crpmlm\\\/#website\",\"url\":\"https:\\\/\\\/vamosporlaliberacion.org\\\/crpmlm\\\/\",\"name\":\"Vamos por la Liberaci\u00f3n\",\"description\":\"Prensa CR\",\"potentialAction\":[{\"@type\":\"SearchAction\",\"target\":{\"@type\":\"EntryPoint\",\"urlTemplate\":\"https:\\\/\\\/vamosporlaliberacion.org\\\/crpmlm\\\/?s={search_term_string}\"},\"query-input\":{\"@type\":\"PropertyValueSpecification\",\"valueRequired\":true,\"valueName\":\"search_term_string\"}}],\"inLanguage\":\"es\"},{\"@type\":\"Person\",\"@id\":\"https:\\\/\\\/vamosporlaliberacion.org\\\/crpmlm\\\/#\\\/schema\\\/person\\\/d6eac7758df3770dae9cd9eb104d615c\",\"name\":\"vamos!\",\"url\":\"http:\\\/\\\/vamosporlaliberacion.org\\\/crpmlm\\\/author\\\/adminvxl\\\/\"}]}<\/script>\n<!-- \/ Yoast SEO plugin. -->","yoast_head_json":{"title":"A planificar una gran Colecta Financiera de masas - Vamos por la Liberaci\u00f3n","robots":{"index":"index","follow":"follow","max-snippet":"max-snippet:-1","max-image-preview":"max-image-preview:large","max-video-preview":"max-video-preview:-1"},"canonical":"https:\/\/vamosporlaliberacion.org\/crpmlm\/a-planificar-una-gran-colecta-financiera-de-masas\/","twitter_misc":{"Escrito por":"vamos!","Tiempo de lectura":"2 minutos"},"schema":{"@context":"https:\/\/schema.org","@graph":[{"@type":"Article","@id":"https:\/\/vamosporlaliberacion.org\/crpmlm\/a-planificar-una-gran-colecta-financiera-de-masas\/#article","isPartOf":{"@id":"https:\/\/vamosporlaliberacion.org\/crpmlm\/a-planificar-una-gran-colecta-financiera-de-masas\/"},"author":{"name":"vamos!","@id":"https:\/\/vamosporlaliberacion.org\/crpmlm\/#\/schema\/person\/d6eac7758df3770dae9cd9eb104d615c"},"headline":"A planificar una gran Colecta Financiera de masas","datePublished":"2019-06-11T18:29:16+00:00","mainEntityOfPage":{"@id":"https:\/\/vamosporlaliberacion.org\/crpmlm\/a-planificar-una-gran-colecta-financiera-de-masas\/"},"wordCount":357,"commentCount":0,"image":{"@id":"https:\/\/vamosporlaliberacion.org\/crpmlm\/a-planificar-una-gran-colecta-financiera-de-masas\/#primaryimage"},"thumbnailUrl":"https:\/\/i0.wp.com\/vamosporlaliberacion.org\/crpmlm\/wp-content\/uploads\/2019\/06\/crpmlm1.jpeg?fit=1280%2C853&ssl=1","keywords":["Colecta financiera","vxl 142"],"articleSection":["Noticias"],"inLanguage":"es","potentialAction":[{"@type":"CommentAction","name":"Comment","target":["https:\/\/vamosporlaliberacion.org\/crpmlm\/a-planificar-una-gran-colecta-financiera-de-masas\/#respond"]}]},{"@type":"WebPage","@id":"https:\/\/vamosporlaliberacion.org\/crpmlm\/a-planificar-una-gran-colecta-financiera-de-masas\/","url":"https:\/\/vamosporlaliberacion.org\/crpmlm\/a-planificar-una-gran-colecta-financiera-de-masas\/","name":"A planificar una gran Colecta Financiera de masas - Vamos por la Liberaci\u00f3n","isPartOf":{"@id":"https:\/\/vamosporlaliberacion.org\/crpmlm\/#website"},"primaryImageOfPage":{"@id":"https:\/\/vamosporlaliberacion.org\/crpmlm\/a-planificar-una-gran-colecta-financiera-de-masas\/#primaryimage"},"image":{"@id":"https:\/\/vamosporlaliberacion.org\/crpmlm\/a-planificar-una-gran-colecta-financiera-de-masas\/#primaryimage"},"thumbnailUrl":"https:\/\/i0.wp.com\/vamosporlaliberacion.org\/crpmlm\/wp-content\/uploads\/2019\/06\/crpmlm1.jpeg?fit=1280%2C853&ssl=1","datePublished":"2019-06-11T18:29:16+00:00","author":{"@id":"https:\/\/vamosporlaliberacion.org\/crpmlm\/#\/schema\/person\/d6eac7758df3770dae9cd9eb104d615c"},"breadcrumb":{"@id":"https:\/\/vamosporlaliberacion.org\/crpmlm\/a-planificar-una-gran-colecta-financiera-de-masas\/#breadcrumb"},"inLanguage":"es","potentialAction":[{"@type":"ReadAction","target":["https:\/\/vamosporlaliberacion.org\/crpmlm\/a-planificar-una-gran-colecta-financiera-de-masas\/"]}]},{"@type":"ImageObject","inLanguage":"es","@id":"https:\/\/vamosporlaliberacion.org\/crpmlm\/a-planificar-una-gran-colecta-financiera-de-masas\/#primaryimage","url":"https:\/\/i0.wp.com\/vamosporlaliberacion.org\/crpmlm\/wp-content\/uploads\/2019\/06\/crpmlm1.jpeg?fit=1280%2C853&ssl=1","contentUrl":"https:\/\/i0.wp.com\/vamosporlaliberacion.org\/crpmlm\/wp-content\/uploads\/2019\/06\/crpmlm1.jpeg?fit=1280%2C853&ssl=1","width":1280,"height":853},{"@type":"BreadcrumbList","@id":"https:\/\/vamosporlaliberacion.org\/crpmlm\/a-planificar-una-gran-colecta-financiera-de-masas\/#breadcrumb","itemListElement":[{"@type":"ListItem","position":1,"name":"Portada","item":"https:\/\/vamosporlaliberacion.org\/crpmlm\/"},{"@type":"ListItem","position":2,"name":"A planificar una gran Colecta Financiera de masas"}]},{"@type":"WebSite","@id":"https:\/\/vamosporlaliberacion.org\/crpmlm\/#website","url":"https:\/\/vamosporlaliberacion.org\/crpmlm\/","name":"Vamos por la Liberaci\u00f3n","description":"Prensa CR","potentialAction":[{"@type":"SearchAction","target":{"@type":"EntryPoint","urlTemplate":"https:\/\/vamosporlaliberacion.org\/crpmlm\/?s={search_term_string}"},"query-input":{"@type":"PropertyValueSpecification","valueRequired":true,"valueName":"search_term_string"}}],"inLanguage":"es"},{"@type":"Person","@id":"https:\/\/vamosporlaliberacion.org\/crpmlm\/#\/schema\/person\/d6eac7758df3770dae9cd9eb104d615c","name":"vamos!","url":"http:\/\/vamosporlaliberacion.org\/crpmlm\/author\/adminvxl\/"}]}},"jetpack_featured_media_url":"https:\/\/i0.wp.com\/vamosporlaliberacion.org\/crpmlm\/wp-content\/uploads\/2019\/06\/crpmlm1.jpeg?fit=1280%2C853&ssl=1","jetpack_sharing_enabled":true,"_links":{"self":[{"href":"http:\/\/vamosporlaliberacion.org\/crpmlm\/wp-json\/wp\/v2\/posts\/13884","targetHints":{"allow":["GET"]}}],"collection":[{"href":"http:\/\/vamosporlaliberacion.org\/crpmlm\/wp-json\/wp\/v2\/posts"}],"about":[{"href":"http:\/\/vamosporlaliberacion.org\/crpmlm\/wp-json\/wp\/v2\/types\/post"}],"author":[{"embeddable":true,"href":"http:\/\/vamosporlaliberacion.org\/crpmlm\/wp-json\/wp\/v2\/users\/6"}],"replies":[{"embeddable":true,"href":"http:\/\/vamosporlaliberacion.org\/crpmlm\/wp-json\/wp\/v2\/comments?post=13884"}],"version-history":[{"count":0,"href":"http:\/\/vamosporlaliberacion.org\/crpmlm\/wp-json\/wp\/v2\/posts\/13884\/revisions"}],"wp:featuredmedia":[{"embeddable":true,"href":"http:\/\/vamosporlaliberacion.org\/crpmlm\/wp-json\/wp\/v2\/media\/13782"}],"wp:attachment":[{"href":"http:\/\/vamosporlaliberacion.org\/crpmlm\/wp-json\/wp\/v2\/media?parent=13884"}],"wp:term":[{"taxonomy":"category","embeddable":true,"href":"http:\/\/vamosporlaliberacion.org\/crpmlm\/wp-json\/wp\/v2\/categories?post=13884"},{"taxonomy":"post_tag","embeddable":true,"href":"http:\/\/vamosporlaliberacion.org\/crpmlm\/wp-json\/wp\/v2\/tags?post=13884"}],"curies":[{"name":"wp","href":"https:\/\/api.w.org\/{rel}","templated":true}]}}