{"id":13747,"date":"2019-06-03T23:35:02","date_gmt":"2019-06-04T02:35:02","guid":{"rendered":"http:\/\/vamosporlaliberacion.org\/crpmlm\/?p=13747"},"modified":"2020-10-27T09:47:18","modified_gmt":"2020-10-27T12:47:18","slug":"estatales-ultra-ajustados","status":"publish","type":"post","link":"http:\/\/vamosporlaliberacion.org\/crpmlm\/estatales-ultra-ajustados\/","title":{"rendered":"Estatales ultra ajustados"},"content":{"rendered":"<p>La paritaria del sector p\u00fablico est\u00e1 a un paso de cerrarse en manos del gobierno nacional y la lapicera c\u00f3mplice de Andr\u00e9s Rodr\u00edguez de UPCN. Seg\u00fan trasciende, lo abrochado va en sinton\u00eda con lo que promueve el ministro de Producci\u00f3n y Trabajo de la Naci\u00f3n, Dante Sica, y ratifica el fuerte ajuste que el gobierno impone para el sector p\u00fablico para cumplir con la meta del FMI.<br \/>\nSe trata de un acuerdo de un 28% total: 18% en 2019 y 10% va a 2020. Se repartir\u00e1 en cinco minicuotas. Seg\u00fan las estimaciones de ATE, s\u00f3lo en 2018 los empleados del sector perdieron un quinto de su poder adquisitivo.<\/p>\n<!-- AddThis Advanced Settings generic via filter on the_content --><!-- AddThis Share Buttons generic via filter on the_content -->","protected":false},"excerpt":{"rendered":"<p>La paritaria del sector p\u00fablico est\u00e1 a un paso de cerrarse en manos del gobierno nacional y la lapicera c\u00f3mplice de Andr\u00e9s Rodr\u00edguez de UPCN. Seg\u00fan trasciende, lo abrochado va en sinton\u00eda con lo que promueve el ministro de Producci\u00f3n y Trabajo de la Naci\u00f3n, Dante Sica, y ratifica el fuerte ajuste que el gobierno [&hellip;]<!-- AddThis Advanced Settings generic via filter on get_the_excerpt --><!-- AddThis Share Buttons generic via filter on get_the_excerpt --><\/p>\n","protected":false},"author":7,"featured_media":0,"comment_status":"open","ping_status":"open","sticky":false,"template":"","format":"standard","meta":{"_jetpack_memberships_contains_paid_content":false,"footnotes":""},"categories":[1877],"tags":[514,35,113,542,813,1312],"class_list":{"0":"post-13747","1":"post","2":"type-post","3":"status-publish","4":"format-standard","6":"category-gremiales","7":"tag-ajuste","8":"tag-ate","9":"tag-estatales","10":"tag-paritarias","11":"tag-upcn","12":"tag-vxl-141"},"yoast_head":"<!-- This site is optimized with the Yoast SEO plugin v27.4 - https:\/\/yoast.com\/product\/yoast-seo-wordpress\/ -->\n<title>Estatales ultra ajustados - Vamos por la Liberaci\u00f3n<\/title>\n<meta name=\"robots\" content=\"index, follow, max-snippet:-1, max-image-preview:large, max-video-preview:-1\" \/>\n<link rel=\"canonical\" href=\"https:\/\/vamosporlaliberacion.org\/crpmlm\/estatales-ultra-ajustados\/\" \/>\n<meta name=\"twitter:label1\" content=\"Escrito por\" \/>\n\t<meta name=\"twitter:data1\" content=\"\" \/>\n\t<meta name=\"twitter:label2\" content=\"Tiempo de lectura\" \/>\n\t<meta name=\"twitter:data2\" content=\"1 minuto\" \/>\n<script type=\"application\/ld+json\" class=\"yoast-schema-graph\">{\"@context\":\"https:\\\/\\\/schema.org\",\"@graph\":[{\"@type\":\"Article\",\"@id\":\"https:\\\/\\\/vamosporlaliberacion.org\\\/crpmlm\\\/estatales-ultra-ajustados\\\/#article\",\"isPartOf\":{\"@id\":\"https:\\\/\\\/vamosporlaliberacion.org\\\/crpmlm\\\/estatales-ultra-ajustados\\\/\"},\"author\":{\"name\":\"\",\"@id\":\"\"},\"headline\":\"Estatales ultra ajustados\",\"datePublished\":\"2019-06-04T02:35:02+00:00\",\"dateModified\":\"2020-10-27T12:47:18+00:00\",\"mainEntityOfPage\":{\"@id\":\"https:\\\/\\\/vamosporlaliberacion.org\\\/crpmlm\\\/estatales-ultra-ajustados\\\/\"},\"wordCount\":116,\"commentCount\":0,\"keywords\":[\"ajuste\",\"ATE\",\"estatales\",\"paritarias\",\"UPCN\",\"vxl 141\"],\"articleSection\":[\"Actualidad e historia del movimiento obrero\"],\"inLanguage\":\"es\",\"potentialAction\":[{\"@type\":\"CommentAction\",\"name\":\"Comment\",\"target\":[\"https:\\\/\\\/vamosporlaliberacion.org\\\/crpmlm\\\/estatales-ultra-ajustados\\\/#respond\"]}]},{\"@type\":\"WebPage\",\"@id\":\"https:\\\/\\\/vamosporlaliberacion.org\\\/crpmlm\\\/estatales-ultra-ajustados\\\/\",\"url\":\"https:\\\/\\\/vamosporlaliberacion.org\\\/crpmlm\\\/estatales-ultra-ajustados\\\/\",\"name\":\"Estatales ultra ajustados - Vamos por la Liberaci\u00f3n\",\"isPartOf\":{\"@id\":\"https:\\\/\\\/vamosporlaliberacion.org\\\/crpmlm\\\/#website\"},\"datePublished\":\"2019-06-04T02:35:02+00:00\",\"dateModified\":\"2020-10-27T12:47:18+00:00\",\"author\":{\"@id\":\"\"},\"breadcrumb\":{\"@id\":\"https:\\\/\\\/vamosporlaliberacion.org\\\/crpmlm\\\/estatales-ultra-ajustados\\\/#breadcrumb\"},\"inLanguage\":\"es\",\"potentialAction\":[{\"@type\":\"ReadAction\",\"target\":[\"https:\\\/\\\/vamosporlaliberacion.org\\\/crpmlm\\\/estatales-ultra-ajustados\\\/\"]}]},{\"@type\":\"BreadcrumbList\",\"@id\":\"https:\\\/\\\/vamosporlaliberacion.org\\\/crpmlm\\\/estatales-ultra-ajustados\\\/#breadcrumb\",\"itemListElement\":[{\"@type\":\"ListItem\",\"position\":1,\"name\":\"Portada\",\"item\":\"https:\\\/\\\/vamosporlaliberacion.org\\\/crpmlm\\\/\"},{\"@type\":\"ListItem\",\"position\":2,\"name\":\"Estatales ultra ajustados\"}]},{\"@type\":\"WebSite\",\"@id\":\"https:\\\/\\\/vamosporlaliberacion.org\\\/crpmlm\\\/#website\",\"url\":\"https:\\\/\\\/vamosporlaliberacion.org\\\/crpmlm\\\/\",\"name\":\"Vamos por la Liberaci\u00f3n\",\"description\":\"Prensa CR\",\"potentialAction\":[{\"@type\":\"SearchAction\",\"target\":{\"@type\":\"EntryPoint\",\"urlTemplate\":\"https:\\\/\\\/vamosporlaliberacion.org\\\/crpmlm\\\/?s={search_term_string}\"},\"query-input\":{\"@type\":\"PropertyValueSpecification\",\"valueRequired\":true,\"valueName\":\"search_term_string\"}}],\"inLanguage\":\"es\"},{\"@type\":\"Person\",\"@id\":\"\",\"url\":\"http:\\\/\\\/vamosporlaliberacion.org\\\/crpmlm\\\/author\\\/\"}]}<\/script>\n<!-- \/ Yoast SEO plugin. -->","yoast_head_json":{"title":"Estatales ultra ajustados - Vamos por la Liberaci\u00f3n","robots":{"index":"index","follow":"follow","max-snippet":"max-snippet:-1","max-image-preview":"max-image-preview:large","max-video-preview":"max-video-preview:-1"},"canonical":"https:\/\/vamosporlaliberacion.org\/crpmlm\/estatales-ultra-ajustados\/","twitter_misc":{"Escrito por":"","Tiempo de lectura":"1 minuto"},"schema":{"@context":"https:\/\/schema.org","@graph":[{"@type":"Article","@id":"https:\/\/vamosporlaliberacion.org\/crpmlm\/estatales-ultra-ajustados\/#article","isPartOf":{"@id":"https:\/\/vamosporlaliberacion.org\/crpmlm\/estatales-ultra-ajustados\/"},"author":{"name":"","@id":""},"headline":"Estatales ultra ajustados","datePublished":"2019-06-04T02:35:02+00:00","dateModified":"2020-10-27T12:47:18+00:00","mainEntityOfPage":{"@id":"https:\/\/vamosporlaliberacion.org\/crpmlm\/estatales-ultra-ajustados\/"},"wordCount":116,"commentCount":0,"keywords":["ajuste","ATE","estatales","paritarias","UPCN","vxl 141"],"articleSection":["Actualidad e historia del movimiento obrero"],"inLanguage":"es","potentialAction":[{"@type":"CommentAction","name":"Comment","target":["https:\/\/vamosporlaliberacion.org\/crpmlm\/estatales-ultra-ajustados\/#respond"]}]},{"@type":"WebPage","@id":"https:\/\/vamosporlaliberacion.org\/crpmlm\/estatales-ultra-ajustados\/","url":"https:\/\/vamosporlaliberacion.org\/crpmlm\/estatales-ultra-ajustados\/","name":"Estatales ultra ajustados - Vamos por la Liberaci\u00f3n","isPartOf":{"@id":"https:\/\/vamosporlaliberacion.org\/crpmlm\/#website"},"datePublished":"2019-06-04T02:35:02+00:00","dateModified":"2020-10-27T12:47:18+00:00","author":{"@id":""},"breadcrumb":{"@id":"https:\/\/vamosporlaliberacion.org\/crpmlm\/estatales-ultra-ajustados\/#breadcrumb"},"inLanguage":"es","potentialAction":[{"@type":"ReadAction","target":["https:\/\/vamosporlaliberacion.org\/crpmlm\/estatales-ultra-ajustados\/"]}]},{"@type":"BreadcrumbList","@id":"https:\/\/vamosporlaliberacion.org\/crpmlm\/estatales-ultra-ajustados\/#breadcrumb","itemListElement":[{"@type":"ListItem","position":1,"name":"Portada","item":"https:\/\/vamosporlaliberacion.org\/crpmlm\/"},{"@type":"ListItem","position":2,"name":"Estatales ultra ajustados"}]},{"@type":"WebSite","@id":"https:\/\/vamosporlaliberacion.org\/crpmlm\/#website","url":"https:\/\/vamosporlaliberacion.org\/crpmlm\/","name":"Vamos por la Liberaci\u00f3n","description":"Prensa CR","potentialAction":[{"@type":"SearchAction","target":{"@type":"EntryPoint","urlTemplate":"https:\/\/vamosporlaliberacion.org\/crpmlm\/?s={search_term_string}"},"query-input":{"@type":"PropertyValueSpecification","valueRequired":true,"valueName":"search_term_string"}}],"inLanguage":"es"},{"@type":"Person","@id":"","url":"http:\/\/vamosporlaliberacion.org\/crpmlm\/author\/"}]}},"jetpack_featured_media_url":"","jetpack_sharing_enabled":true,"_links":{"self":[{"href":"http:\/\/vamosporlaliberacion.org\/crpmlm\/wp-json\/wp\/v2\/posts\/13747","targetHints":{"allow":["GET"]}}],"collection":[{"href":"http:\/\/vamosporlaliberacion.org\/crpmlm\/wp-json\/wp\/v2\/posts"}],"about":[{"href":"http:\/\/vamosporlaliberacion.org\/crpmlm\/wp-json\/wp\/v2\/types\/post"}],"author":[{"embeddable":true,"href":"http:\/\/vamosporlaliberacion.org\/crpmlm\/wp-json\/wp\/v2\/users\/7"}],"replies":[{"embeddable":true,"href":"http:\/\/vamosporlaliberacion.org\/crpmlm\/wp-json\/wp\/v2\/comments?post=13747"}],"version-history":[{"count":1,"href":"http:\/\/vamosporlaliberacion.org\/crpmlm\/wp-json\/wp\/v2\/posts\/13747\/revisions"}],"predecessor-version":[{"id":21005,"href":"http:\/\/vamosporlaliberacion.org\/crpmlm\/wp-json\/wp\/v2\/posts\/13747\/revisions\/21005"}],"wp:attachment":[{"href":"http:\/\/vamosporlaliberacion.org\/crpmlm\/wp-json\/wp\/v2\/media?parent=13747"}],"wp:term":[{"taxonomy":"category","embeddable":true,"href":"http:\/\/vamosporlaliberacion.org\/crpmlm\/wp-json\/wp\/v2\/categories?post=13747"},{"taxonomy":"post_tag","embeddable":true,"href":"http:\/\/vamosporlaliberacion.org\/crpmlm\/wp-json\/wp\/v2\/tags?post=13747"}],"curies":[{"name":"wp","href":"https:\/\/api.w.org\/{rel}","templated":true}]}}