{"id":13745,"date":"2019-06-03T23:29:24","date_gmt":"2019-06-04T02:29:24","guid":{"rendered":"http:\/\/vamosporlaliberacion.org\/crpmlm\/?p=13745"},"modified":"2019-06-03T23:29:24","modified_gmt":"2019-06-04T02:29:24","slug":"solidaridad-con-los-trabajadores-de-pagina12","status":"publish","type":"post","link":"http:\/\/vamosporlaliberacion.org\/crpmlm\/solidaridad-con-los-trabajadores-de-pagina12\/","title":{"rendered":"Solidaridad con los trabajadores de P\u00e1gina\/12"},"content":{"rendered":"<p>Respaldamos la lucha de los trabajadores de P\u00e1gina\/12 exigiendo el cumplimiento de la paritaria y el convenio colectivo frente al incumplimiento patronal en ese medio. No desconocemos la extorsi\u00f3n medi\u00e1tica del gobierno de Macri, que se instrumenta a trav\u00e9s de la distribuci\u00f3n de la pauta oficial y de la que P\u00e1gina\/12 es blanco como todos los medios opositores. Pero no pueden ser los trabajadores la variable de ajuste de ese conflicto.<\/p>\n<p>CR y Corriente Clasista<br \/>\nRen\u00e9 Salamanca &#8211; CABA<\/p>\n<!-- AddThis Advanced Settings generic via filter on the_content --><!-- AddThis Share Buttons generic via filter on the_content -->","protected":false},"excerpt":{"rendered":"<p>Respaldamos la lucha de los trabajadores de P\u00e1gina\/12 exigiendo el cumplimiento de la paritaria y el convenio colectivo frente al incumplimiento patronal en ese medio. No desconocemos la extorsi\u00f3n medi\u00e1tica del gobierno de Macri, que se instrumenta a trav\u00e9s de la distribuci\u00f3n de la pauta oficial y de la que P\u00e1gina\/12 es blanco como todos [&hellip;]<!-- AddThis Advanced Settings generic via filter on get_the_excerpt --><!-- AddThis Share Buttons generic via filter on get_the_excerpt --><\/p>\n","protected":false},"author":7,"featured_media":13662,"comment_status":"open","ping_status":"open","sticky":false,"template":"","format":"standard","meta":{"_jetpack_memberships_contains_paid_content":false,"footnotes":""},"categories":[1699],"tags":[45,1312],"class_list":{"0":"post-13745","1":"post","2":"type-post","3":"status-publish","4":"format-standard","5":"has-post-thumbnail","7":"category-noticias","8":"tag-caba","9":"tag-vxl-141"},"yoast_head":"<!-- This site is optimized with the Yoast SEO plugin v27.4 - https:\/\/yoast.com\/product\/yoast-seo-wordpress\/ -->\n<title>Solidaridad con los trabajadores de P\u00e1gina\/12 - Vamos por la Liberaci\u00f3n<\/title>\n<meta name=\"robots\" content=\"index, follow, max-snippet:-1, max-image-preview:large, max-video-preview:-1\" \/>\n<link rel=\"canonical\" href=\"https:\/\/vamosporlaliberacion.org\/crpmlm\/solidaridad-con-los-trabajadores-de-pagina12\/\" \/>\n<meta name=\"twitter:label1\" content=\"Escrito por\" \/>\n\t<meta name=\"twitter:data1\" content=\"\" \/>\n<script type=\"application\/ld+json\" class=\"yoast-schema-graph\">{\"@context\":\"https:\\\/\\\/schema.org\",\"@graph\":[{\"@type\":\"Article\",\"@id\":\"https:\\\/\\\/vamosporlaliberacion.org\\\/crpmlm\\\/solidaridad-con-los-trabajadores-de-pagina12\\\/#article\",\"isPartOf\":{\"@id\":\"https:\\\/\\\/vamosporlaliberacion.org\\\/crpmlm\\\/solidaridad-con-los-trabajadores-de-pagina12\\\/\"},\"author\":{\"name\":\"\",\"@id\":\"\"},\"headline\":\"Solidaridad con los trabajadores de P\u00e1gina\\\/12\",\"datePublished\":\"2019-06-04T02:29:24+00:00\",\"mainEntityOfPage\":{\"@id\":\"https:\\\/\\\/vamosporlaliberacion.org\\\/crpmlm\\\/solidaridad-con-los-trabajadores-de-pagina12\\\/\"},\"wordCount\":92,\"commentCount\":0,\"image\":{\"@id\":\"https:\\\/\\\/vamosporlaliberacion.org\\\/crpmlm\\\/solidaridad-con-los-trabajadores-de-pagina12\\\/#primaryimage\"},\"thumbnailUrl\":\"https:\\\/\\\/i0.wp.com\\\/vamosporlaliberacion.org\\\/crpmlm\\\/wp-content\\\/uploads\\\/2019\\\/05\\\/P12-paro.jpg?fit=500%2C294&ssl=1\",\"keywords\":[\"CABA\",\"vxl 141\"],\"articleSection\":[\"Noticias\"],\"inLanguage\":\"es\",\"potentialAction\":[{\"@type\":\"CommentAction\",\"name\":\"Comment\",\"target\":[\"https:\\\/\\\/vamosporlaliberacion.org\\\/crpmlm\\\/solidaridad-con-los-trabajadores-de-pagina12\\\/#respond\"]}]},{\"@type\":\"WebPage\",\"@id\":\"https:\\\/\\\/vamosporlaliberacion.org\\\/crpmlm\\\/solidaridad-con-los-trabajadores-de-pagina12\\\/\",\"url\":\"https:\\\/\\\/vamosporlaliberacion.org\\\/crpmlm\\\/solidaridad-con-los-trabajadores-de-pagina12\\\/\",\"name\":\"Solidaridad con los trabajadores de P\u00e1gina\\\/12 - Vamos por la Liberaci\u00f3n\",\"isPartOf\":{\"@id\":\"https:\\\/\\\/vamosporlaliberacion.org\\\/crpmlm\\\/#website\"},\"primaryImageOfPage\":{\"@id\":\"https:\\\/\\\/vamosporlaliberacion.org\\\/crpmlm\\\/solidaridad-con-los-trabajadores-de-pagina12\\\/#primaryimage\"},\"image\":{\"@id\":\"https:\\\/\\\/vamosporlaliberacion.org\\\/crpmlm\\\/solidaridad-con-los-trabajadores-de-pagina12\\\/#primaryimage\"},\"thumbnailUrl\":\"https:\\\/\\\/i0.wp.com\\\/vamosporlaliberacion.org\\\/crpmlm\\\/wp-content\\\/uploads\\\/2019\\\/05\\\/P12-paro.jpg?fit=500%2C294&ssl=1\",\"datePublished\":\"2019-06-04T02:29:24+00:00\",\"author\":{\"@id\":\"\"},\"breadcrumb\":{\"@id\":\"https:\\\/\\\/vamosporlaliberacion.org\\\/crpmlm\\\/solidaridad-con-los-trabajadores-de-pagina12\\\/#breadcrumb\"},\"inLanguage\":\"es\",\"potentialAction\":[{\"@type\":\"ReadAction\",\"target\":[\"https:\\\/\\\/vamosporlaliberacion.org\\\/crpmlm\\\/solidaridad-con-los-trabajadores-de-pagina12\\\/\"]}]},{\"@type\":\"ImageObject\",\"inLanguage\":\"es\",\"@id\":\"https:\\\/\\\/vamosporlaliberacion.org\\\/crpmlm\\\/solidaridad-con-los-trabajadores-de-pagina12\\\/#primaryimage\",\"url\":\"https:\\\/\\\/i0.wp.com\\\/vamosporlaliberacion.org\\\/crpmlm\\\/wp-content\\\/uploads\\\/2019\\\/05\\\/P12-paro.jpg?fit=500%2C294&ssl=1\",\"contentUrl\":\"https:\\\/\\\/i0.wp.com\\\/vamosporlaliberacion.org\\\/crpmlm\\\/wp-content\\\/uploads\\\/2019\\\/05\\\/P12-paro.jpg?fit=500%2C294&ssl=1\",\"width\":500,\"height\":294},{\"@type\":\"BreadcrumbList\",\"@id\":\"https:\\\/\\\/vamosporlaliberacion.org\\\/crpmlm\\\/solidaridad-con-los-trabajadores-de-pagina12\\\/#breadcrumb\",\"itemListElement\":[{\"@type\":\"ListItem\",\"position\":1,\"name\":\"Portada\",\"item\":\"https:\\\/\\\/vamosporlaliberacion.org\\\/crpmlm\\\/\"},{\"@type\":\"ListItem\",\"position\":2,\"name\":\"Solidaridad con los trabajadores de P\u00e1gina\\\/12\"}]},{\"@type\":\"WebSite\",\"@id\":\"https:\\\/\\\/vamosporlaliberacion.org\\\/crpmlm\\\/#website\",\"url\":\"https:\\\/\\\/vamosporlaliberacion.org\\\/crpmlm\\\/\",\"name\":\"Vamos por la Liberaci\u00f3n\",\"description\":\"Prensa CR\",\"potentialAction\":[{\"@type\":\"SearchAction\",\"target\":{\"@type\":\"EntryPoint\",\"urlTemplate\":\"https:\\\/\\\/vamosporlaliberacion.org\\\/crpmlm\\\/?s={search_term_string}\"},\"query-input\":{\"@type\":\"PropertyValueSpecification\",\"valueRequired\":true,\"valueName\":\"search_term_string\"}}],\"inLanguage\":\"es\"},{\"@type\":\"Person\",\"@id\":\"\",\"url\":\"http:\\\/\\\/vamosporlaliberacion.org\\\/crpmlm\\\/author\\\/\"}]}<\/script>\n<!-- \/ Yoast SEO plugin. -->","yoast_head_json":{"title":"Solidaridad con los trabajadores de P\u00e1gina\/12 - Vamos por la Liberaci\u00f3n","robots":{"index":"index","follow":"follow","max-snippet":"max-snippet:-1","max-image-preview":"max-image-preview:large","max-video-preview":"max-video-preview:-1"},"canonical":"https:\/\/vamosporlaliberacion.org\/crpmlm\/solidaridad-con-los-trabajadores-de-pagina12\/","twitter_misc":{"Escrito por":""},"schema":{"@context":"https:\/\/schema.org","@graph":[{"@type":"Article","@id":"https:\/\/vamosporlaliberacion.org\/crpmlm\/solidaridad-con-los-trabajadores-de-pagina12\/#article","isPartOf":{"@id":"https:\/\/vamosporlaliberacion.org\/crpmlm\/solidaridad-con-los-trabajadores-de-pagina12\/"},"author":{"name":"","@id":""},"headline":"Solidaridad con los trabajadores de P\u00e1gina\/12","datePublished":"2019-06-04T02:29:24+00:00","mainEntityOfPage":{"@id":"https:\/\/vamosporlaliberacion.org\/crpmlm\/solidaridad-con-los-trabajadores-de-pagina12\/"},"wordCount":92,"commentCount":0,"image":{"@id":"https:\/\/vamosporlaliberacion.org\/crpmlm\/solidaridad-con-los-trabajadores-de-pagina12\/#primaryimage"},"thumbnailUrl":"https:\/\/i0.wp.com\/vamosporlaliberacion.org\/crpmlm\/wp-content\/uploads\/2019\/05\/P12-paro.jpg?fit=500%2C294&ssl=1","keywords":["CABA","vxl 141"],"articleSection":["Noticias"],"inLanguage":"es","potentialAction":[{"@type":"CommentAction","name":"Comment","target":["https:\/\/vamosporlaliberacion.org\/crpmlm\/solidaridad-con-los-trabajadores-de-pagina12\/#respond"]}]},{"@type":"WebPage","@id":"https:\/\/vamosporlaliberacion.org\/crpmlm\/solidaridad-con-los-trabajadores-de-pagina12\/","url":"https:\/\/vamosporlaliberacion.org\/crpmlm\/solidaridad-con-los-trabajadores-de-pagina12\/","name":"Solidaridad con los trabajadores de P\u00e1gina\/12 - Vamos por la Liberaci\u00f3n","isPartOf":{"@id":"https:\/\/vamosporlaliberacion.org\/crpmlm\/#website"},"primaryImageOfPage":{"@id":"https:\/\/vamosporlaliberacion.org\/crpmlm\/solidaridad-con-los-trabajadores-de-pagina12\/#primaryimage"},"image":{"@id":"https:\/\/vamosporlaliberacion.org\/crpmlm\/solidaridad-con-los-trabajadores-de-pagina12\/#primaryimage"},"thumbnailUrl":"https:\/\/i0.wp.com\/vamosporlaliberacion.org\/crpmlm\/wp-content\/uploads\/2019\/05\/P12-paro.jpg?fit=500%2C294&ssl=1","datePublished":"2019-06-04T02:29:24+00:00","author":{"@id":""},"breadcrumb":{"@id":"https:\/\/vamosporlaliberacion.org\/crpmlm\/solidaridad-con-los-trabajadores-de-pagina12\/#breadcrumb"},"inLanguage":"es","potentialAction":[{"@type":"ReadAction","target":["https:\/\/vamosporlaliberacion.org\/crpmlm\/solidaridad-con-los-trabajadores-de-pagina12\/"]}]},{"@type":"ImageObject","inLanguage":"es","@id":"https:\/\/vamosporlaliberacion.org\/crpmlm\/solidaridad-con-los-trabajadores-de-pagina12\/#primaryimage","url":"https:\/\/i0.wp.com\/vamosporlaliberacion.org\/crpmlm\/wp-content\/uploads\/2019\/05\/P12-paro.jpg?fit=500%2C294&ssl=1","contentUrl":"https:\/\/i0.wp.com\/vamosporlaliberacion.org\/crpmlm\/wp-content\/uploads\/2019\/05\/P12-paro.jpg?fit=500%2C294&ssl=1","width":500,"height":294},{"@type":"BreadcrumbList","@id":"https:\/\/vamosporlaliberacion.org\/crpmlm\/solidaridad-con-los-trabajadores-de-pagina12\/#breadcrumb","itemListElement":[{"@type":"ListItem","position":1,"name":"Portada","item":"https:\/\/vamosporlaliberacion.org\/crpmlm\/"},{"@type":"ListItem","position":2,"name":"Solidaridad con los trabajadores de P\u00e1gina\/12"}]},{"@type":"WebSite","@id":"https:\/\/vamosporlaliberacion.org\/crpmlm\/#website","url":"https:\/\/vamosporlaliberacion.org\/crpmlm\/","name":"Vamos por la Liberaci\u00f3n","description":"Prensa CR","potentialAction":[{"@type":"SearchAction","target":{"@type":"EntryPoint","urlTemplate":"https:\/\/vamosporlaliberacion.org\/crpmlm\/?s={search_term_string}"},"query-input":{"@type":"PropertyValueSpecification","valueRequired":true,"valueName":"search_term_string"}}],"inLanguage":"es"},{"@type":"Person","@id":"","url":"http:\/\/vamosporlaliberacion.org\/crpmlm\/author\/"}]}},"jetpack_featured_media_url":"https:\/\/i0.wp.com\/vamosporlaliberacion.org\/crpmlm\/wp-content\/uploads\/2019\/05\/P12-paro.jpg?fit=500%2C294&ssl=1","jetpack_sharing_enabled":true,"_links":{"self":[{"href":"http:\/\/vamosporlaliberacion.org\/crpmlm\/wp-json\/wp\/v2\/posts\/13745","targetHints":{"allow":["GET"]}}],"collection":[{"href":"http:\/\/vamosporlaliberacion.org\/crpmlm\/wp-json\/wp\/v2\/posts"}],"about":[{"href":"http:\/\/vamosporlaliberacion.org\/crpmlm\/wp-json\/wp\/v2\/types\/post"}],"author":[{"embeddable":true,"href":"http:\/\/vamosporlaliberacion.org\/crpmlm\/wp-json\/wp\/v2\/users\/7"}],"replies":[{"embeddable":true,"href":"http:\/\/vamosporlaliberacion.org\/crpmlm\/wp-json\/wp\/v2\/comments?post=13745"}],"version-history":[{"count":0,"href":"http:\/\/vamosporlaliberacion.org\/crpmlm\/wp-json\/wp\/v2\/posts\/13745\/revisions"}],"wp:featuredmedia":[{"embeddable":true,"href":"http:\/\/vamosporlaliberacion.org\/crpmlm\/wp-json\/wp\/v2\/media\/13662"}],"wp:attachment":[{"href":"http:\/\/vamosporlaliberacion.org\/crpmlm\/wp-json\/wp\/v2\/media?parent=13745"}],"wp:term":[{"taxonomy":"category","embeddable":true,"href":"http:\/\/vamosporlaliberacion.org\/crpmlm\/wp-json\/wp\/v2\/categories?post=13745"},{"taxonomy":"post_tag","embeddable":true,"href":"http:\/\/vamosporlaliberacion.org\/crpmlm\/wp-json\/wp\/v2\/tags?post=13745"}],"curies":[{"name":"wp","href":"https:\/\/api.w.org\/{rel}","templated":true}]}}