{"id":13703,"date":"2019-05-27T10:39:20","date_gmt":"2019-05-27T13:39:20","guid":{"rendered":"http:\/\/vamosporlaliberacion.org\/crpmlm\/?p=13703"},"modified":"2020-10-27T10:14:17","modified_gmt":"2020-10-27T13:14:17","slug":"avances-en-la-paritaria-universitaria-docente","status":"publish","type":"post","link":"http:\/\/vamosporlaliberacion.org\/crpmlm\/avances-en-la-paritaria-universitaria-docente\/","title":{"rendered":"Avances en la paritaria universitaria docente"},"content":{"rendered":"<p><strong>Por Gabriel Delisio(*)<\/strong><\/p>\n<p>El lunes 21\/5 el gobierno hizo una nueva oferta salarial, superadora de las anteriores, que las federaciones docentes evaluar\u00e1n en sus asambleas de base, plenarios de secretarios generales y, en el caso de la Conadu Hist\u00f3rica, en un congreso nacional.<\/p>\n<h3>\u00bfEn qu\u00e9 consiste la oferta?<\/h3>\n<p>La recomposici\u00f3n salarial propuesta es de: 16% en blanco (4% en mayo, 4% en julio y 8% en septiembre); y otro 4% (aproximadamente), tambi\u00e9n en blanco, a partir de enero de 2020 mediante la recomposici\u00f3n del nomenclador y un porcentaje por jerarquizaci\u00f3n. La base de c\u00e1lculo de todos los incrementos ser\u00eda sobre el salario conformado a abril de este a\u00f1o. En septiembre de este a\u00f1o y en febrero de 2020 se aplicar\u00edan cl\u00e1usulas de actualizaci\u00f3n autom\u00e1tica (\u201cgatillo\u201d) una vez conocidos los \u00edndices de inflaci\u00f3n.<\/p>\n<p>Asimismo, se propuso el blanqueo, en el transcurso del presente a\u00f1o, de todas las sumas en negro (19% en total) que fueron producto del acta salarial 2018. Esto se har\u00eda en cuatro tramos: junio, agosto, noviembre y diciembre.<\/p>\n<p>En las discusiones con la Conadu Hist\u00f3rica se propuso avanzar en la implementaci\u00f3n de un Programa Nacional de salarios para los ad-honorem (docentes sin sueldo) que podr\u00eda alcanzar a unos mil cargos en la UBA, con una partida de $80 millones que ser\u00eda aportada en partes iguales por el Ministerio de Educaci\u00f3n y la UBA.<br \/>\nLa marcha universitaria y el \u201cefecto f\u00f3rmula\u201d<\/p>\n<p>Tras una gran marcha unitaria realizada el jueves pasado (ver recuadro); varias jornadas de paro y lucha; y el paro nacional del 30 de abril, el gobierno mejor\u00f3 sensiblemente su oferta. Los porcentajes ofrecidos, que sean en blanco, la incorporaci\u00f3n de cl\u00e1usulas gatillo, el blanqueo de las sumas en negro y el compromiso de un programa de rentas para ad-honorem significativo son el resultado de la lucha.<\/p>\n<p>Sin dudas, el gobierno tambi\u00e9n busca cerrar el conflicto tras el anuncio de la f\u00f3rmula presidencial del frente opositor, atenuando el impacto que le produjo el \u201cefecto f\u00f3rmula\u201d en cuanto a su deplorable perspectiva hacia octubre y con los radicales pidiendo el cambio de f\u00f3rmula presidencial en Cambiemos.<\/p>\n<p>Adem\u00e1s, lo hacen en un sector con gran capacidad de lucha y de propagaci\u00f3n a trav\u00e9s de los medios, los estudiantes y sus familias hacia los sectores que se creyeron \u201cla meritocracia\u201d. Somos 190 mil docentes universitarios, formadores de cientos de miles de alumnos de todo el sistema universitario argentino que venimos dando una gran batalla enfrentando el ajuste en las calles y en las aulas, en medio adem\u00e1s del desmantelamiento del Conicet y el genocidio cient\u00edfico.<\/p>\n<h3>Buscando una foto<\/h3>\n<p>El ministro de Educaci\u00f3n es candidato a intendente en La Matanza. Esto podr\u00eda revelar por qu\u00e9 ahora el gobierno est\u00e1 dispuesto a incluir a la Conadu Hist\u00f3rica en la distribuci\u00f3n de fondos del 1% de la masa salarial negociada en el 2018, cuando esta federaci\u00f3n no aval\u00f3 el acuerdo paritario del a\u00f1o pasado. Estos son fondos destinados a Programas de Capacitaci\u00f3n Docente Gratuita y suelen ser usados como herramienta de extorsi\u00f3n para la firma de las actas paritarias. La firma del acuerdo 2019 por parte de todas las federaciones docentes es una foto que buscan usar electoralmente tanto el ministro como el gobierno, que durante los a\u00f1os anteriores (no electorales) se dedicaron a vapulear a la universidad p\u00fablica.<\/p>\n<h3>La lucha no termina<\/h3>\n<p>La aprobaci\u00f3n final de esta oferta depender\u00e1 de las conclusiones a las que arribemos tras los debates y los balances que hagamos con nuestros compa\u00f1eros docentes. No es poco lo que conseguimos hasta ac\u00e1 con nuestra lucha. Sin dudas es mejorable, sobre todo si pensamos en los bajos porcentajes de las primeras cuotas (que impactar\u00e1n en un medio aguinaldo desfasado de la inflaci\u00f3n) o el largo per\u00edodo entre la \u00faltima cuota en septiembre y la aplicaci\u00f3n de la cl\u00e1usula gatillo en febrero del a\u00f1o pr\u00f3ximo (con el mismo impacto en el medio aguinaldo de diciembre). Pero se equivoca el gobierno si cree que con esta oferta puede borrar la denostaci\u00f3n y el ajuste que aplic\u00f3 en sus a\u00f1os de gobierno sobre las universidades p\u00fablicas y el sistema cient\u00edfico nacional.<\/p>\n<p>Los docentes y cient\u00edficos dimos y seguiremos dando las batallas necesarias en defensa de la universidad p\u00fablica, la ciencia y la t\u00e9cnica. El paro nacional del 29 de mayo es nuestro pr\u00f3ximo moj\u00f3n en una lucha que seguiremos dando por el conjunto de las reivindicaciones de nuestro pueblo.<\/p>\n<p>PD: La informaci\u00f3n de esta nota est\u00e1 basada en lo informado por la direcci\u00f3n de la Conadu Hist\u00f3rica. Si hubiera cambios por parte del gobierno lo informaremos.<\/p>\n<p>&nbsp;<\/p>\n<p style=\"text-align: right;\">(*) Secretario adjunto de AGD-UBA.<\/p>\n<!-- AddThis Advanced Settings generic via filter on the_content --><!-- AddThis Share Buttons generic via filter on the_content -->","protected":false},"excerpt":{"rendered":"<p>Por Gabriel Delisio(*) El lunes 21\/5 el gobierno hizo una nueva oferta salarial, superadora de las anteriores, que las federaciones docentes evaluar\u00e1n en sus asambleas de base, plenarios de secretarios generales y, en el caso de la Conadu Hist\u00f3rica, en un congreso nacional. \u00bfEn qu\u00e9 consiste la oferta? La recomposici\u00f3n salarial propuesta es de: 16% [&hellip;]<!-- AddThis Advanced Settings generic via filter on get_the_excerpt --><!-- AddThis Share Buttons generic via filter on get_the_excerpt --><\/p>\n","protected":false},"author":6,"featured_media":13665,"comment_status":"open","ping_status":"open","sticky":false,"template":"","format":"standard","meta":{"_jetpack_memberships_contains_paid_content":false,"footnotes":""},"categories":[1877],"tags":[979,621,519,542,258,1312],"class_list":{"0":"post-13703","1":"post","2":"type-post","3":"status-publish","4":"format-standard","5":"has-post-thumbnail","7":"category-gremiales","8":"tag-conadu","9":"tag-conadu-historica","10":"tag-destacado","11":"tag-paritarias","12":"tag-universidad","13":"tag-vxl-141"},"yoast_head":"<!-- This site is optimized with the Yoast SEO plugin v27.4 - https:\/\/yoast.com\/product\/yoast-seo-wordpress\/ -->\n<title>Avances en la paritaria universitaria docente - Vamos por la Liberaci\u00f3n<\/title>\n<meta name=\"robots\" content=\"index, follow, max-snippet:-1, max-image-preview:large, max-video-preview:-1\" \/>\n<link rel=\"canonical\" href=\"https:\/\/vamosporlaliberacion.org\/crpmlm\/avances-en-la-paritaria-universitaria-docente\/\" \/>\n<meta name=\"twitter:label1\" content=\"Escrito por\" \/>\n\t<meta name=\"twitter:data1\" content=\"vamos!\" \/>\n\t<meta name=\"twitter:label2\" content=\"Tiempo de lectura\" \/>\n\t<meta name=\"twitter:data2\" content=\"4 minutos\" \/>\n<script type=\"application\/ld+json\" class=\"yoast-schema-graph\">{\"@context\":\"https:\\\/\\\/schema.org\",\"@graph\":[{\"@type\":\"Article\",\"@id\":\"https:\\\/\\\/vamosporlaliberacion.org\\\/crpmlm\\\/avances-en-la-paritaria-universitaria-docente\\\/#article\",\"isPartOf\":{\"@id\":\"https:\\\/\\\/vamosporlaliberacion.org\\\/crpmlm\\\/avances-en-la-paritaria-universitaria-docente\\\/\"},\"author\":{\"name\":\"vamos!\",\"@id\":\"https:\\\/\\\/vamosporlaliberacion.org\\\/crpmlm\\\/#\\\/schema\\\/person\\\/d6eac7758df3770dae9cd9eb104d615c\"},\"headline\":\"Avances en la paritaria universitaria docente\",\"datePublished\":\"2019-05-27T13:39:20+00:00\",\"dateModified\":\"2020-10-27T13:14:17+00:00\",\"mainEntityOfPage\":{\"@id\":\"https:\\\/\\\/vamosporlaliberacion.org\\\/crpmlm\\\/avances-en-la-paritaria-universitaria-docente\\\/\"},\"wordCount\":812,\"commentCount\":0,\"image\":{\"@id\":\"https:\\\/\\\/vamosporlaliberacion.org\\\/crpmlm\\\/avances-en-la-paritaria-universitaria-docente\\\/#primaryimage\"},\"thumbnailUrl\":\"https:\\\/\\\/i0.wp.com\\\/vamosporlaliberacion.org\\\/crpmlm\\\/wp-content\\\/uploads\\\/2019\\\/05\\\/Marcha-universitaria-16-de-mayo-de-Congreso-a-Plaza-de-Mayo.jpeg?fit=1578%2C1051&ssl=1\",\"keywords\":[\"CONADU\",\"CONADU Hist\u00f3rica\",\"destacado\",\"paritarias\",\"Universidad\",\"vxl 141\"],\"articleSection\":[\"Actualidad e historia del movimiento obrero\"],\"inLanguage\":\"es\",\"potentialAction\":[{\"@type\":\"CommentAction\",\"name\":\"Comment\",\"target\":[\"https:\\\/\\\/vamosporlaliberacion.org\\\/crpmlm\\\/avances-en-la-paritaria-universitaria-docente\\\/#respond\"]}]},{\"@type\":\"WebPage\",\"@id\":\"https:\\\/\\\/vamosporlaliberacion.org\\\/crpmlm\\\/avances-en-la-paritaria-universitaria-docente\\\/\",\"url\":\"https:\\\/\\\/vamosporlaliberacion.org\\\/crpmlm\\\/avances-en-la-paritaria-universitaria-docente\\\/\",\"name\":\"Avances en la paritaria universitaria docente - Vamos por la Liberaci\u00f3n\",\"isPartOf\":{\"@id\":\"https:\\\/\\\/vamosporlaliberacion.org\\\/crpmlm\\\/#website\"},\"primaryImageOfPage\":{\"@id\":\"https:\\\/\\\/vamosporlaliberacion.org\\\/crpmlm\\\/avances-en-la-paritaria-universitaria-docente\\\/#primaryimage\"},\"image\":{\"@id\":\"https:\\\/\\\/vamosporlaliberacion.org\\\/crpmlm\\\/avances-en-la-paritaria-universitaria-docente\\\/#primaryimage\"},\"thumbnailUrl\":\"https:\\\/\\\/i0.wp.com\\\/vamosporlaliberacion.org\\\/crpmlm\\\/wp-content\\\/uploads\\\/2019\\\/05\\\/Marcha-universitaria-16-de-mayo-de-Congreso-a-Plaza-de-Mayo.jpeg?fit=1578%2C1051&ssl=1\",\"datePublished\":\"2019-05-27T13:39:20+00:00\",\"dateModified\":\"2020-10-27T13:14:17+00:00\",\"author\":{\"@id\":\"https:\\\/\\\/vamosporlaliberacion.org\\\/crpmlm\\\/#\\\/schema\\\/person\\\/d6eac7758df3770dae9cd9eb104d615c\"},\"breadcrumb\":{\"@id\":\"https:\\\/\\\/vamosporlaliberacion.org\\\/crpmlm\\\/avances-en-la-paritaria-universitaria-docente\\\/#breadcrumb\"},\"inLanguage\":\"es\",\"potentialAction\":[{\"@type\":\"ReadAction\",\"target\":[\"https:\\\/\\\/vamosporlaliberacion.org\\\/crpmlm\\\/avances-en-la-paritaria-universitaria-docente\\\/\"]}]},{\"@type\":\"ImageObject\",\"inLanguage\":\"es\",\"@id\":\"https:\\\/\\\/vamosporlaliberacion.org\\\/crpmlm\\\/avances-en-la-paritaria-universitaria-docente\\\/#primaryimage\",\"url\":\"https:\\\/\\\/i0.wp.com\\\/vamosporlaliberacion.org\\\/crpmlm\\\/wp-content\\\/uploads\\\/2019\\\/05\\\/Marcha-universitaria-16-de-mayo-de-Congreso-a-Plaza-de-Mayo.jpeg?fit=1578%2C1051&ssl=1\",\"contentUrl\":\"https:\\\/\\\/i0.wp.com\\\/vamosporlaliberacion.org\\\/crpmlm\\\/wp-content\\\/uploads\\\/2019\\\/05\\\/Marcha-universitaria-16-de-mayo-de-Congreso-a-Plaza-de-Mayo.jpeg?fit=1578%2C1051&ssl=1\",\"width\":1578,\"height\":1051},{\"@type\":\"BreadcrumbList\",\"@id\":\"https:\\\/\\\/vamosporlaliberacion.org\\\/crpmlm\\\/avances-en-la-paritaria-universitaria-docente\\\/#breadcrumb\",\"itemListElement\":[{\"@type\":\"ListItem\",\"position\":1,\"name\":\"Portada\",\"item\":\"https:\\\/\\\/vamosporlaliberacion.org\\\/crpmlm\\\/\"},{\"@type\":\"ListItem\",\"position\":2,\"name\":\"Avances en la paritaria universitaria docente\"}]},{\"@type\":\"WebSite\",\"@id\":\"https:\\\/\\\/vamosporlaliberacion.org\\\/crpmlm\\\/#website\",\"url\":\"https:\\\/\\\/vamosporlaliberacion.org\\\/crpmlm\\\/\",\"name\":\"Vamos por la Liberaci\u00f3n\",\"description\":\"Prensa CR\",\"potentialAction\":[{\"@type\":\"SearchAction\",\"target\":{\"@type\":\"EntryPoint\",\"urlTemplate\":\"https:\\\/\\\/vamosporlaliberacion.org\\\/crpmlm\\\/?s={search_term_string}\"},\"query-input\":{\"@type\":\"PropertyValueSpecification\",\"valueRequired\":true,\"valueName\":\"search_term_string\"}}],\"inLanguage\":\"es\"},{\"@type\":\"Person\",\"@id\":\"https:\\\/\\\/vamosporlaliberacion.org\\\/crpmlm\\\/#\\\/schema\\\/person\\\/d6eac7758df3770dae9cd9eb104d615c\",\"name\":\"vamos!\",\"url\":\"http:\\\/\\\/vamosporlaliberacion.org\\\/crpmlm\\\/author\\\/adminvxl\\\/\"}]}<\/script>\n<!-- \/ Yoast SEO plugin. -->","yoast_head_json":{"title":"Avances en la paritaria universitaria docente - Vamos por la Liberaci\u00f3n","robots":{"index":"index","follow":"follow","max-snippet":"max-snippet:-1","max-image-preview":"max-image-preview:large","max-video-preview":"max-video-preview:-1"},"canonical":"https:\/\/vamosporlaliberacion.org\/crpmlm\/avances-en-la-paritaria-universitaria-docente\/","twitter_misc":{"Escrito por":"vamos!","Tiempo de lectura":"4 minutos"},"schema":{"@context":"https:\/\/schema.org","@graph":[{"@type":"Article","@id":"https:\/\/vamosporlaliberacion.org\/crpmlm\/avances-en-la-paritaria-universitaria-docente\/#article","isPartOf":{"@id":"https:\/\/vamosporlaliberacion.org\/crpmlm\/avances-en-la-paritaria-universitaria-docente\/"},"author":{"name":"vamos!","@id":"https:\/\/vamosporlaliberacion.org\/crpmlm\/#\/schema\/person\/d6eac7758df3770dae9cd9eb104d615c"},"headline":"Avances en la paritaria universitaria docente","datePublished":"2019-05-27T13:39:20+00:00","dateModified":"2020-10-27T13:14:17+00:00","mainEntityOfPage":{"@id":"https:\/\/vamosporlaliberacion.org\/crpmlm\/avances-en-la-paritaria-universitaria-docente\/"},"wordCount":812,"commentCount":0,"image":{"@id":"https:\/\/vamosporlaliberacion.org\/crpmlm\/avances-en-la-paritaria-universitaria-docente\/#primaryimage"},"thumbnailUrl":"https:\/\/i0.wp.com\/vamosporlaliberacion.org\/crpmlm\/wp-content\/uploads\/2019\/05\/Marcha-universitaria-16-de-mayo-de-Congreso-a-Plaza-de-Mayo.jpeg?fit=1578%2C1051&ssl=1","keywords":["CONADU","CONADU Hist\u00f3rica","destacado","paritarias","Universidad","vxl 141"],"articleSection":["Actualidad e historia del movimiento obrero"],"inLanguage":"es","potentialAction":[{"@type":"CommentAction","name":"Comment","target":["https:\/\/vamosporlaliberacion.org\/crpmlm\/avances-en-la-paritaria-universitaria-docente\/#respond"]}]},{"@type":"WebPage","@id":"https:\/\/vamosporlaliberacion.org\/crpmlm\/avances-en-la-paritaria-universitaria-docente\/","url":"https:\/\/vamosporlaliberacion.org\/crpmlm\/avances-en-la-paritaria-universitaria-docente\/","name":"Avances en la paritaria universitaria docente - Vamos por la Liberaci\u00f3n","isPartOf":{"@id":"https:\/\/vamosporlaliberacion.org\/crpmlm\/#website"},"primaryImageOfPage":{"@id":"https:\/\/vamosporlaliberacion.org\/crpmlm\/avances-en-la-paritaria-universitaria-docente\/#primaryimage"},"image":{"@id":"https:\/\/vamosporlaliberacion.org\/crpmlm\/avances-en-la-paritaria-universitaria-docente\/#primaryimage"},"thumbnailUrl":"https:\/\/i0.wp.com\/vamosporlaliberacion.org\/crpmlm\/wp-content\/uploads\/2019\/05\/Marcha-universitaria-16-de-mayo-de-Congreso-a-Plaza-de-Mayo.jpeg?fit=1578%2C1051&ssl=1","datePublished":"2019-05-27T13:39:20+00:00","dateModified":"2020-10-27T13:14:17+00:00","author":{"@id":"https:\/\/vamosporlaliberacion.org\/crpmlm\/#\/schema\/person\/d6eac7758df3770dae9cd9eb104d615c"},"breadcrumb":{"@id":"https:\/\/vamosporlaliberacion.org\/crpmlm\/avances-en-la-paritaria-universitaria-docente\/#breadcrumb"},"inLanguage":"es","potentialAction":[{"@type":"ReadAction","target":["https:\/\/vamosporlaliberacion.org\/crpmlm\/avances-en-la-paritaria-universitaria-docente\/"]}]},{"@type":"ImageObject","inLanguage":"es","@id":"https:\/\/vamosporlaliberacion.org\/crpmlm\/avances-en-la-paritaria-universitaria-docente\/#primaryimage","url":"https:\/\/i0.wp.com\/vamosporlaliberacion.org\/crpmlm\/wp-content\/uploads\/2019\/05\/Marcha-universitaria-16-de-mayo-de-Congreso-a-Plaza-de-Mayo.jpeg?fit=1578%2C1051&ssl=1","contentUrl":"https:\/\/i0.wp.com\/vamosporlaliberacion.org\/crpmlm\/wp-content\/uploads\/2019\/05\/Marcha-universitaria-16-de-mayo-de-Congreso-a-Plaza-de-Mayo.jpeg?fit=1578%2C1051&ssl=1","width":1578,"height":1051},{"@type":"BreadcrumbList","@id":"https:\/\/vamosporlaliberacion.org\/crpmlm\/avances-en-la-paritaria-universitaria-docente\/#breadcrumb","itemListElement":[{"@type":"ListItem","position":1,"name":"Portada","item":"https:\/\/vamosporlaliberacion.org\/crpmlm\/"},{"@type":"ListItem","position":2,"name":"Avances en la paritaria universitaria docente"}]},{"@type":"WebSite","@id":"https:\/\/vamosporlaliberacion.org\/crpmlm\/#website","url":"https:\/\/vamosporlaliberacion.org\/crpmlm\/","name":"Vamos por la Liberaci\u00f3n","description":"Prensa CR","potentialAction":[{"@type":"SearchAction","target":{"@type":"EntryPoint","urlTemplate":"https:\/\/vamosporlaliberacion.org\/crpmlm\/?s={search_term_string}"},"query-input":{"@type":"PropertyValueSpecification","valueRequired":true,"valueName":"search_term_string"}}],"inLanguage":"es"},{"@type":"Person","@id":"https:\/\/vamosporlaliberacion.org\/crpmlm\/#\/schema\/person\/d6eac7758df3770dae9cd9eb104d615c","name":"vamos!","url":"http:\/\/vamosporlaliberacion.org\/crpmlm\/author\/adminvxl\/"}]}},"jetpack_featured_media_url":"https:\/\/i0.wp.com\/vamosporlaliberacion.org\/crpmlm\/wp-content\/uploads\/2019\/05\/Marcha-universitaria-16-de-mayo-de-Congreso-a-Plaza-de-Mayo.jpeg?fit=1578%2C1051&ssl=1","jetpack_sharing_enabled":true,"_links":{"self":[{"href":"http:\/\/vamosporlaliberacion.org\/crpmlm\/wp-json\/wp\/v2\/posts\/13703","targetHints":{"allow":["GET"]}}],"collection":[{"href":"http:\/\/vamosporlaliberacion.org\/crpmlm\/wp-json\/wp\/v2\/posts"}],"about":[{"href":"http:\/\/vamosporlaliberacion.org\/crpmlm\/wp-json\/wp\/v2\/types\/post"}],"author":[{"embeddable":true,"href":"http:\/\/vamosporlaliberacion.org\/crpmlm\/wp-json\/wp\/v2\/users\/6"}],"replies":[{"embeddable":true,"href":"http:\/\/vamosporlaliberacion.org\/crpmlm\/wp-json\/wp\/v2\/comments?post=13703"}],"version-history":[{"count":1,"href":"http:\/\/vamosporlaliberacion.org\/crpmlm\/wp-json\/wp\/v2\/posts\/13703\/revisions"}],"predecessor-version":[{"id":21010,"href":"http:\/\/vamosporlaliberacion.org\/crpmlm\/wp-json\/wp\/v2\/posts\/13703\/revisions\/21010"}],"wp:featuredmedia":[{"embeddable":true,"href":"http:\/\/vamosporlaliberacion.org\/crpmlm\/wp-json\/wp\/v2\/media\/13665"}],"wp:attachment":[{"href":"http:\/\/vamosporlaliberacion.org\/crpmlm\/wp-json\/wp\/v2\/media?parent=13703"}],"wp:term":[{"taxonomy":"category","embeddable":true,"href":"http:\/\/vamosporlaliberacion.org\/crpmlm\/wp-json\/wp\/v2\/categories?post=13703"},{"taxonomy":"post_tag","embeddable":true,"href":"http:\/\/vamosporlaliberacion.org\/crpmlm\/wp-json\/wp\/v2\/tags?post=13703"}],"curies":[{"name":"wp","href":"https:\/\/api.w.org\/{rel}","templated":true}]}}