{"id":13632,"date":"2019-05-10T12:39:16","date_gmt":"2019-05-10T15:39:16","guid":{"rendered":"http:\/\/vamosporlaliberacion.org\/crpmlm\/?p=13632"},"modified":"2020-10-27T10:16:01","modified_gmt":"2020-10-27T13:16:01","slug":"30a-en-cada-lugar","status":"publish","type":"post","link":"http:\/\/vamosporlaliberacion.org\/crpmlm\/30a-en-cada-lugar\/","title":{"rendered":"30A en cada lugar"},"content":{"rendered":"<h3>Intimidaci\u00f3n de Gendarmer\u00eda en Bariloche<\/h3>\n<p>Delegados de ATE del CAB, CNEA y CONICET denunciaron \u201cactos intimidatorios\u201d de Gendarmer\u00eda durante la movilizaci\u00f3n del 30 de abril en Bariloche. Ese d\u00eda, trabajadores del Centro At\u00f3mico se encontr\u00e1bamos manifestando pac\u00edficamente \u201cen defensa de la ciencia, la tecnolog\u00eda y los proyectos de la instituci\u00f3n, en el marco del paro y protesta de varias centrales sindicales\u201d, expresaron. Pero \u201cante nuestra sorpresa un grupo de gendarmes comenz\u00f3 a fotografiar a varios de los manifestantes. Preguntados por el motivo de tal actitud contestaron que les pidieron \u201cun informe con fotos\u201d, denunciaron.<\/p>\n<p>Los delegados de ATE del Centro At\u00f3mico reclamaron entonces \u201csaber quien pidi\u00f3 el informe y con qu\u00e9 objetivo. Sospechamos que el \u00fanico motivo es intimidar a los que quieren protestar por sus derechos. Sostenemos que esto es incompatible con un estado de derecho y esperamos que estos actos intimidatorios no se repitan.\u201d<\/p>\n<p>&nbsp;<\/p>\n<h3><img data-recalc-dims=\"1\" loading=\"lazy\" decoding=\"async\" class=\"alignnone wp-image-13638 size-large\" src=\"https:\/\/i0.wp.com\/vamosporlaliberacion.org\/crpmlm\/wp-content\/uploads\/2019\/05\/Roca-700x525.jpeg?resize=640%2C480\" alt=\"\" width=\"640\" height=\"480\" srcset=\"https:\/\/i0.wp.com\/vamosporlaliberacion.org\/crpmlm\/wp-content\/uploads\/2019\/05\/Roca.jpeg?resize=700%2C525&amp;ssl=1 700w, https:\/\/i0.wp.com\/vamosporlaliberacion.org\/crpmlm\/wp-content\/uploads\/2019\/05\/Roca.jpeg?resize=300%2C225&amp;ssl=1 300w, https:\/\/i0.wp.com\/vamosporlaliberacion.org\/crpmlm\/wp-content\/uploads\/2019\/05\/Roca.jpeg?resize=768%2C576&amp;ssl=1 768w, https:\/\/i0.wp.com\/vamosporlaliberacion.org\/crpmlm\/wp-content\/uploads\/2019\/05\/Roca.jpeg?resize=80%2C60&amp;ssl=1 80w, https:\/\/i0.wp.com\/vamosporlaliberacion.org\/crpmlm\/wp-content\/uploads\/2019\/05\/Roca.jpeg?resize=265%2C198&amp;ssl=1 265w, https:\/\/i0.wp.com\/vamosporlaliberacion.org\/crpmlm\/wp-content\/uploads\/2019\/05\/Roca.jpeg?resize=696%2C522&amp;ssl=1 696w, https:\/\/i0.wp.com\/vamosporlaliberacion.org\/crpmlm\/wp-content\/uploads\/2019\/05\/Roca.jpeg?resize=560%2C420&amp;ssl=1 560w, https:\/\/i0.wp.com\/vamosporlaliberacion.org\/crpmlm\/wp-content\/uploads\/2019\/05\/Roca.jpeg?w=1032&amp;ssl=1 1032w\" sizes=\"auto, (max-width: 640px) 100vw, 640px\" \/>En Roca-Fiske Menuco<\/h3>\n<p>Marcha durante el 30A protagonizada por UnTER, UOCRA, Docentes por la Liberaci\u00f3n, Asamblea 8M de Fiske Menuco, trabajadores de INTA y otras organizaciones.<\/p>\n<p>&nbsp;<\/p>\n<h3><img data-recalc-dims=\"1\" loading=\"lazy\" decoding=\"async\" class=\"alignnone wp-image-13636 size-large\" src=\"https:\/\/i0.wp.com\/vamosporlaliberacion.org\/crpmlm\/wp-content\/uploads\/2019\/05\/Merlo-700x525.jpeg?resize=640%2C480\" alt=\"\" width=\"640\" height=\"480\" srcset=\"https:\/\/i0.wp.com\/vamosporlaliberacion.org\/crpmlm\/wp-content\/uploads\/2019\/05\/Merlo.jpeg?resize=700%2C525&amp;ssl=1 700w, https:\/\/i0.wp.com\/vamosporlaliberacion.org\/crpmlm\/wp-content\/uploads\/2019\/05\/Merlo.jpeg?resize=300%2C225&amp;ssl=1 300w, https:\/\/i0.wp.com\/vamosporlaliberacion.org\/crpmlm\/wp-content\/uploads\/2019\/05\/Merlo.jpeg?resize=768%2C576&amp;ssl=1 768w, https:\/\/i0.wp.com\/vamosporlaliberacion.org\/crpmlm\/wp-content\/uploads\/2019\/05\/Merlo.jpeg?resize=80%2C60&amp;ssl=1 80w, https:\/\/i0.wp.com\/vamosporlaliberacion.org\/crpmlm\/wp-content\/uploads\/2019\/05\/Merlo.jpeg?resize=265%2C198&amp;ssl=1 265w, https:\/\/i0.wp.com\/vamosporlaliberacion.org\/crpmlm\/wp-content\/uploads\/2019\/05\/Merlo.jpeg?resize=696%2C522&amp;ssl=1 696w, https:\/\/i0.wp.com\/vamosporlaliberacion.org\/crpmlm\/wp-content\/uploads\/2019\/05\/Merlo.jpeg?resize=1068%2C801&amp;ssl=1 1068w, https:\/\/i0.wp.com\/vamosporlaliberacion.org\/crpmlm\/wp-content\/uploads\/2019\/05\/Merlo.jpeg?resize=560%2C420&amp;ssl=1 560w, https:\/\/i0.wp.com\/vamosporlaliberacion.org\/crpmlm\/wp-content\/uploads\/2019\/05\/Merlo.jpeg?w=1280&amp;ssl=1 1280w\" sizes=\"auto, (max-width: 640px) 100vw, 640px\" \/>En Merlo<\/h3>\n<p>Corte fue en la ruta provincial 40 (ex 200), en el l\u00edmite entre los municipios Mariano Acosta y Marcos Paz.<\/p>\n<p>&nbsp;<\/p>\n<h3><img data-recalc-dims=\"1\" loading=\"lazy\" decoding=\"async\" class=\"alignnone wp-image-13634 size-large\" src=\"https:\/\/i0.wp.com\/vamosporlaliberacion.org\/crpmlm\/wp-content\/uploads\/2019\/05\/BB-700x460.jpg?resize=640%2C421\" alt=\"\" width=\"640\" height=\"421\" srcset=\"https:\/\/i0.wp.com\/vamosporlaliberacion.org\/crpmlm\/wp-content\/uploads\/2019\/05\/BB.jpg?resize=700%2C460&amp;ssl=1 700w, https:\/\/i0.wp.com\/vamosporlaliberacion.org\/crpmlm\/wp-content\/uploads\/2019\/05\/BB.jpg?resize=300%2C197&amp;ssl=1 300w, https:\/\/i0.wp.com\/vamosporlaliberacion.org\/crpmlm\/wp-content\/uploads\/2019\/05\/BB.jpg?resize=768%2C504&amp;ssl=1 768w, https:\/\/i0.wp.com\/vamosporlaliberacion.org\/crpmlm\/wp-content\/uploads\/2019\/05\/BB.jpg?resize=696%2C457&amp;ssl=1 696w, https:\/\/i0.wp.com\/vamosporlaliberacion.org\/crpmlm\/wp-content\/uploads\/2019\/05\/BB.jpg?resize=741%2C486&amp;ssl=1 741w, https:\/\/i0.wp.com\/vamosporlaliberacion.org\/crpmlm\/wp-content\/uploads\/2019\/05\/BB.jpg?resize=1068%2C701&amp;ssl=1 1068w, https:\/\/i0.wp.com\/vamosporlaliberacion.org\/crpmlm\/wp-content\/uploads\/2019\/05\/BB.jpg?resize=640%2C420&amp;ssl=1 640w, https:\/\/i0.wp.com\/vamosporlaliberacion.org\/crpmlm\/wp-content\/uploads\/2019\/05\/BB.jpg?w=1371&amp;ssl=1 1371w\" sizes=\"auto, (max-width: 640px) 100vw, 640px\" \/>En Bah\u00eda Blanca<\/h3>\n<p>La Corriente Clasista Ren\u00e9 Salamanca junto otras organizacioens en la movilizaci\u00f3n del 30A.<\/p>\n<p>&nbsp;<\/p>\n<h3><img data-recalc-dims=\"1\" loading=\"lazy\" decoding=\"async\" class=\"alignnone wp-image-13639 size-large\" src=\"https:\/\/i0.wp.com\/vamosporlaliberacion.org\/crpmlm\/wp-content\/uploads\/2019\/05\/santa-fe-700x394.jpeg?resize=640%2C360\" alt=\"\" width=\"640\" height=\"360\" srcset=\"https:\/\/i0.wp.com\/vamosporlaliberacion.org\/crpmlm\/wp-content\/uploads\/2019\/05\/santa-fe.jpeg?resize=700%2C394&amp;ssl=1 700w, https:\/\/i0.wp.com\/vamosporlaliberacion.org\/crpmlm\/wp-content\/uploads\/2019\/05\/santa-fe.jpeg?resize=300%2C169&amp;ssl=1 300w, https:\/\/i0.wp.com\/vamosporlaliberacion.org\/crpmlm\/wp-content\/uploads\/2019\/05\/santa-fe.jpeg?resize=768%2C432&amp;ssl=1 768w, https:\/\/i0.wp.com\/vamosporlaliberacion.org\/crpmlm\/wp-content\/uploads\/2019\/05\/santa-fe.jpeg?resize=696%2C392&amp;ssl=1 696w, https:\/\/i0.wp.com\/vamosporlaliberacion.org\/crpmlm\/wp-content\/uploads\/2019\/05\/santa-fe.jpeg?resize=1068%2C601&amp;ssl=1 1068w, https:\/\/i0.wp.com\/vamosporlaliberacion.org\/crpmlm\/wp-content\/uploads\/2019\/05\/santa-fe.jpeg?resize=747%2C420&amp;ssl=1 747w, https:\/\/i0.wp.com\/vamosporlaliberacion.org\/crpmlm\/wp-content\/uploads\/2019\/05\/santa-fe.jpeg?w=1280&amp;ssl=1 1280w\" sizes=\"auto, (max-width: 640px) 100vw, 640px\" \/>En Santa Fe<\/h3>\n<p>Las compa\u00f1eras la la CCRS y Bartolina Sisa en el cote realizado el 30A en Mart\u00edn Copa (Santa Fe), entre Baigorria y Berm\u00fadez.<\/p>\n<p>&nbsp;<\/p>\n<h3><img data-recalc-dims=\"1\" loading=\"lazy\" decoding=\"async\" class=\"alignnone wp-image-13637 size-full\" src=\"https:\/\/i0.wp.com\/vamosporlaliberacion.org\/crpmlm\/wp-content\/uploads\/2019\/05\/movilizacion-satsaid.jpeg?resize=480%2C360\" alt=\"\" width=\"480\" height=\"360\" srcset=\"https:\/\/i0.wp.com\/vamosporlaliberacion.org\/crpmlm\/wp-content\/uploads\/2019\/05\/movilizacion-satsaid.jpeg?w=480&amp;ssl=1 480w, https:\/\/i0.wp.com\/vamosporlaliberacion.org\/crpmlm\/wp-content\/uploads\/2019\/05\/movilizacion-satsaid.jpeg?resize=300%2C225&amp;ssl=1 300w, https:\/\/i0.wp.com\/vamosporlaliberacion.org\/crpmlm\/wp-content\/uploads\/2019\/05\/movilizacion-satsaid.jpeg?resize=80%2C60&amp;ssl=1 80w, https:\/\/i0.wp.com\/vamosporlaliberacion.org\/crpmlm\/wp-content\/uploads\/2019\/05\/movilizacion-satsaid.jpeg?resize=265%2C198&amp;ssl=1 265w\" sizes=\"auto, (max-width: 480px) 100vw, 480px\" \/>SATSAID contra el ajuste y por paritarias<\/h3>\n<p>El 30 de abril se cumpli\u00f3 con un alto acatamiento el paro y movilizaci\u00f3n a Plaza de Mayo convocado por el FreSiMoNa y las CTA\u2019s. Previo a llegar a la Plaza la gran columna del sindicato de televisi\u00f3n realiz\u00f3 un acto en la puerta de la ATVC (c\u00e1mara que nuclea a las empresas de cable del pa\u00eds) para exigir la reapertura de paritarias, tal como estaba establecido por lo firmado en la paritaria 2018 para el mes de marzo. Luego de la jornada de lucha, las empresas acercaron una propuesta, que result\u00f3 insuficiente, pero es un paso adelante luego de haberse negado anteriormente a realizar cualquier tipo de oferta. Esto demuestra, a contramano de lo propuesto por sindicatos como la UTA, que el camino es unir los reclamos sectoriales (como lo es la lucha salarial particular de cada gremio) a los reclamos generales contra la pol\u00edtica de ajuste llevada a cabo por el gobierno de Macri y Cambiemos.<\/p>\n<p>&nbsp;<\/p>\n<h3><img data-recalc-dims=\"1\" loading=\"lazy\" decoding=\"async\" class=\"alignnone wp-image-13635 size-large\" src=\"https:\/\/i0.wp.com\/vamosporlaliberacion.org\/crpmlm\/wp-content\/uploads\/2019\/05\/HNRG-en-paro-700x394.jpeg?resize=640%2C360\" alt=\"\" width=\"640\" height=\"360\" srcset=\"https:\/\/i0.wp.com\/vamosporlaliberacion.org\/crpmlm\/wp-content\/uploads\/2019\/05\/HNRG-en-paro.jpeg?resize=700%2C394&amp;ssl=1 700w, https:\/\/i0.wp.com\/vamosporlaliberacion.org\/crpmlm\/wp-content\/uploads\/2019\/05\/HNRG-en-paro.jpeg?resize=300%2C169&amp;ssl=1 300w, https:\/\/i0.wp.com\/vamosporlaliberacion.org\/crpmlm\/wp-content\/uploads\/2019\/05\/HNRG-en-paro.jpeg?resize=768%2C432&amp;ssl=1 768w, https:\/\/i0.wp.com\/vamosporlaliberacion.org\/crpmlm\/wp-content\/uploads\/2019\/05\/HNRG-en-paro.jpeg?resize=696%2C392&amp;ssl=1 696w, https:\/\/i0.wp.com\/vamosporlaliberacion.org\/crpmlm\/wp-content\/uploads\/2019\/05\/HNRG-en-paro.jpeg?w=1032&amp;ssl=1 1032w, https:\/\/i0.wp.com\/vamosporlaliberacion.org\/crpmlm\/wp-content\/uploads\/2019\/05\/HNRG-en-paro.jpeg?resize=746%2C420&amp;ssl=1 746w\" sizes=\"auto, (max-width: 640px) 100vw, 640px\" \/>30A en el Hospital de Ni\u00f1os<\/h3>\n<p>Paro y movilizaci\u00f3n de profesionales de la salud en el Hospital de Ni\u00f1os Ricardo Guti\u00e9rrez de la CABA. En rechazo a la politica de salud de Macri-Larreta, que han eliminado el Ministerio de Salud y fusionan hospitales; y en rechazo tambi\u00e9n a la paritaria firmada por la Asociaci\u00f3n de M\u00e9dicos Municipales con el GCABA.<\/p>\n<!-- AddThis Advanced Settings generic via filter on the_content --><!-- AddThis Share Buttons generic via filter on the_content -->","protected":false},"excerpt":{"rendered":"<p>Intimidaci\u00f3n de Gendarmer\u00eda en Bariloche Delegados de ATE del CAB, CNEA y CONICET denunciaron \u201cactos intimidatorios\u201d de Gendarmer\u00eda durante la movilizaci\u00f3n del 30 de abril en Bariloche. Ese d\u00eda, trabajadores del Centro At\u00f3mico se encontr\u00e1bamos manifestando pac\u00edficamente \u201cen defensa de la ciencia, la tecnolog\u00eda y los proyectos de la instituci\u00f3n, en el marco del paro [&hellip;]<!-- AddThis Advanced Settings generic via filter on get_the_excerpt --><!-- AddThis Share Buttons generic via filter on get_the_excerpt --><\/p>\n","protected":false},"author":6,"featured_media":13633,"comment_status":"open","ping_status":"open","sticky":false,"template":"","format":"standard","meta":{"_jetpack_memberships_contains_paid_content":false,"footnotes":""},"categories":[1877],"tags":[632,698,1240,620,1306],"class_list":{"0":"post-13632","1":"post","2":"type-post","3":"status-publish","4":"format-standard","5":"has-post-thumbnail","7":"category-gremiales","8":"tag-cta-autonoma","9":"tag-cta-de-los-trabajadores","10":"tag-fresimona","11":"tag-paro-nacional","12":"tag-vxl-140"},"yoast_head":"<!-- This site is optimized with the Yoast SEO plugin v27.4 - https:\/\/yoast.com\/product\/yoast-seo-wordpress\/ -->\n<title>30A en cada lugar - Vamos por la Liberaci\u00f3n<\/title>\n<meta name=\"robots\" content=\"index, follow, max-snippet:-1, max-image-preview:large, max-video-preview:-1\" \/>\n<link rel=\"canonical\" href=\"https:\/\/vamosporlaliberacion.org\/crpmlm\/30a-en-cada-lugar\/\" \/>\n<meta name=\"twitter:label1\" content=\"Escrito por\" \/>\n\t<meta name=\"twitter:data1\" content=\"vamos!\" \/>\n\t<meta name=\"twitter:label2\" content=\"Tiempo de lectura\" \/>\n\t<meta name=\"twitter:data2\" content=\"2 minutos\" \/>\n<script type=\"application\/ld+json\" class=\"yoast-schema-graph\">{\"@context\":\"https:\\\/\\\/schema.org\",\"@graph\":[{\"@type\":\"Article\",\"@id\":\"https:\\\/\\\/vamosporlaliberacion.org\\\/crpmlm\\\/30a-en-cada-lugar\\\/#article\",\"isPartOf\":{\"@id\":\"https:\\\/\\\/vamosporlaliberacion.org\\\/crpmlm\\\/30a-en-cada-lugar\\\/\"},\"author\":{\"name\":\"vamos!\",\"@id\":\"https:\\\/\\\/vamosporlaliberacion.org\\\/crpmlm\\\/#\\\/schema\\\/person\\\/d6eac7758df3770dae9cd9eb104d615c\"},\"headline\":\"30A en cada lugar\",\"datePublished\":\"2019-05-10T15:39:16+00:00\",\"dateModified\":\"2020-10-27T13:16:01+00:00\",\"mainEntityOfPage\":{\"@id\":\"https:\\\/\\\/vamosporlaliberacion.org\\\/crpmlm\\\/30a-en-cada-lugar\\\/\"},\"wordCount\":497,\"commentCount\":0,\"image\":{\"@id\":\"https:\\\/\\\/vamosporlaliberacion.org\\\/crpmlm\\\/30a-en-cada-lugar\\\/#primaryimage\"},\"thumbnailUrl\":\"https:\\\/\\\/i0.wp.com\\\/vamosporlaliberacion.org\\\/crpmlm\\\/wp-content\\\/uploads\\\/2019\\\/05\\\/bariloche-paro.jpg?fit=1032%2C581&ssl=1\",\"keywords\":[\"CTA Aut\u00f3noma\",\"CTA de los Trabajadores\",\"FreSiMoNa\",\"paro nacional\",\"Vxl 140\"],\"articleSection\":[\"Actualidad e historia del movimiento obrero\"],\"inLanguage\":\"es\",\"potentialAction\":[{\"@type\":\"CommentAction\",\"name\":\"Comment\",\"target\":[\"https:\\\/\\\/vamosporlaliberacion.org\\\/crpmlm\\\/30a-en-cada-lugar\\\/#respond\"]}]},{\"@type\":\"WebPage\",\"@id\":\"https:\\\/\\\/vamosporlaliberacion.org\\\/crpmlm\\\/30a-en-cada-lugar\\\/\",\"url\":\"https:\\\/\\\/vamosporlaliberacion.org\\\/crpmlm\\\/30a-en-cada-lugar\\\/\",\"name\":\"30A en cada lugar - Vamos por la Liberaci\u00f3n\",\"isPartOf\":{\"@id\":\"https:\\\/\\\/vamosporlaliberacion.org\\\/crpmlm\\\/#website\"},\"primaryImageOfPage\":{\"@id\":\"https:\\\/\\\/vamosporlaliberacion.org\\\/crpmlm\\\/30a-en-cada-lugar\\\/#primaryimage\"},\"image\":{\"@id\":\"https:\\\/\\\/vamosporlaliberacion.org\\\/crpmlm\\\/30a-en-cada-lugar\\\/#primaryimage\"},\"thumbnailUrl\":\"https:\\\/\\\/i0.wp.com\\\/vamosporlaliberacion.org\\\/crpmlm\\\/wp-content\\\/uploads\\\/2019\\\/05\\\/bariloche-paro.jpg?fit=1032%2C581&ssl=1\",\"datePublished\":\"2019-05-10T15:39:16+00:00\",\"dateModified\":\"2020-10-27T13:16:01+00:00\",\"author\":{\"@id\":\"https:\\\/\\\/vamosporlaliberacion.org\\\/crpmlm\\\/#\\\/schema\\\/person\\\/d6eac7758df3770dae9cd9eb104d615c\"},\"breadcrumb\":{\"@id\":\"https:\\\/\\\/vamosporlaliberacion.org\\\/crpmlm\\\/30a-en-cada-lugar\\\/#breadcrumb\"},\"inLanguage\":\"es\",\"potentialAction\":[{\"@type\":\"ReadAction\",\"target\":[\"https:\\\/\\\/vamosporlaliberacion.org\\\/crpmlm\\\/30a-en-cada-lugar\\\/\"]}]},{\"@type\":\"ImageObject\",\"inLanguage\":\"es\",\"@id\":\"https:\\\/\\\/vamosporlaliberacion.org\\\/crpmlm\\\/30a-en-cada-lugar\\\/#primaryimage\",\"url\":\"https:\\\/\\\/i0.wp.com\\\/vamosporlaliberacion.org\\\/crpmlm\\\/wp-content\\\/uploads\\\/2019\\\/05\\\/bariloche-paro.jpg?fit=1032%2C581&ssl=1\",\"contentUrl\":\"https:\\\/\\\/i0.wp.com\\\/vamosporlaliberacion.org\\\/crpmlm\\\/wp-content\\\/uploads\\\/2019\\\/05\\\/bariloche-paro.jpg?fit=1032%2C581&ssl=1\",\"width\":1032,\"height\":581},{\"@type\":\"BreadcrumbList\",\"@id\":\"https:\\\/\\\/vamosporlaliberacion.org\\\/crpmlm\\\/30a-en-cada-lugar\\\/#breadcrumb\",\"itemListElement\":[{\"@type\":\"ListItem\",\"position\":1,\"name\":\"Portada\",\"item\":\"https:\\\/\\\/vamosporlaliberacion.org\\\/crpmlm\\\/\"},{\"@type\":\"ListItem\",\"position\":2,\"name\":\"30A en cada lugar\"}]},{\"@type\":\"WebSite\",\"@id\":\"https:\\\/\\\/vamosporlaliberacion.org\\\/crpmlm\\\/#website\",\"url\":\"https:\\\/\\\/vamosporlaliberacion.org\\\/crpmlm\\\/\",\"name\":\"Vamos por la Liberaci\u00f3n\",\"description\":\"Prensa CR\",\"potentialAction\":[{\"@type\":\"SearchAction\",\"target\":{\"@type\":\"EntryPoint\",\"urlTemplate\":\"https:\\\/\\\/vamosporlaliberacion.org\\\/crpmlm\\\/?s={search_term_string}\"},\"query-input\":{\"@type\":\"PropertyValueSpecification\",\"valueRequired\":true,\"valueName\":\"search_term_string\"}}],\"inLanguage\":\"es\"},{\"@type\":\"Person\",\"@id\":\"https:\\\/\\\/vamosporlaliberacion.org\\\/crpmlm\\\/#\\\/schema\\\/person\\\/d6eac7758df3770dae9cd9eb104d615c\",\"name\":\"vamos!\",\"url\":\"http:\\\/\\\/vamosporlaliberacion.org\\\/crpmlm\\\/author\\\/adminvxl\\\/\"}]}<\/script>\n<!-- \/ Yoast SEO plugin. -->","yoast_head_json":{"title":"30A en cada lugar - Vamos por la Liberaci\u00f3n","robots":{"index":"index","follow":"follow","max-snippet":"max-snippet:-1","max-image-preview":"max-image-preview:large","max-video-preview":"max-video-preview:-1"},"canonical":"https:\/\/vamosporlaliberacion.org\/crpmlm\/30a-en-cada-lugar\/","twitter_misc":{"Escrito por":"vamos!","Tiempo de lectura":"2 minutos"},"schema":{"@context":"https:\/\/schema.org","@graph":[{"@type":"Article","@id":"https:\/\/vamosporlaliberacion.org\/crpmlm\/30a-en-cada-lugar\/#article","isPartOf":{"@id":"https:\/\/vamosporlaliberacion.org\/crpmlm\/30a-en-cada-lugar\/"},"author":{"name":"vamos!","@id":"https:\/\/vamosporlaliberacion.org\/crpmlm\/#\/schema\/person\/d6eac7758df3770dae9cd9eb104d615c"},"headline":"30A en cada lugar","datePublished":"2019-05-10T15:39:16+00:00","dateModified":"2020-10-27T13:16:01+00:00","mainEntityOfPage":{"@id":"https:\/\/vamosporlaliberacion.org\/crpmlm\/30a-en-cada-lugar\/"},"wordCount":497,"commentCount":0,"image":{"@id":"https:\/\/vamosporlaliberacion.org\/crpmlm\/30a-en-cada-lugar\/#primaryimage"},"thumbnailUrl":"https:\/\/i0.wp.com\/vamosporlaliberacion.org\/crpmlm\/wp-content\/uploads\/2019\/05\/bariloche-paro.jpg?fit=1032%2C581&ssl=1","keywords":["CTA Aut\u00f3noma","CTA de los Trabajadores","FreSiMoNa","paro nacional","Vxl 140"],"articleSection":["Actualidad e historia del movimiento obrero"],"inLanguage":"es","potentialAction":[{"@type":"CommentAction","name":"Comment","target":["https:\/\/vamosporlaliberacion.org\/crpmlm\/30a-en-cada-lugar\/#respond"]}]},{"@type":"WebPage","@id":"https:\/\/vamosporlaliberacion.org\/crpmlm\/30a-en-cada-lugar\/","url":"https:\/\/vamosporlaliberacion.org\/crpmlm\/30a-en-cada-lugar\/","name":"30A en cada lugar - Vamos por la Liberaci\u00f3n","isPartOf":{"@id":"https:\/\/vamosporlaliberacion.org\/crpmlm\/#website"},"primaryImageOfPage":{"@id":"https:\/\/vamosporlaliberacion.org\/crpmlm\/30a-en-cada-lugar\/#primaryimage"},"image":{"@id":"https:\/\/vamosporlaliberacion.org\/crpmlm\/30a-en-cada-lugar\/#primaryimage"},"thumbnailUrl":"https:\/\/i0.wp.com\/vamosporlaliberacion.org\/crpmlm\/wp-content\/uploads\/2019\/05\/bariloche-paro.jpg?fit=1032%2C581&ssl=1","datePublished":"2019-05-10T15:39:16+00:00","dateModified":"2020-10-27T13:16:01+00:00","author":{"@id":"https:\/\/vamosporlaliberacion.org\/crpmlm\/#\/schema\/person\/d6eac7758df3770dae9cd9eb104d615c"},"breadcrumb":{"@id":"https:\/\/vamosporlaliberacion.org\/crpmlm\/30a-en-cada-lugar\/#breadcrumb"},"inLanguage":"es","potentialAction":[{"@type":"ReadAction","target":["https:\/\/vamosporlaliberacion.org\/crpmlm\/30a-en-cada-lugar\/"]}]},{"@type":"ImageObject","inLanguage":"es","@id":"https:\/\/vamosporlaliberacion.org\/crpmlm\/30a-en-cada-lugar\/#primaryimage","url":"https:\/\/i0.wp.com\/vamosporlaliberacion.org\/crpmlm\/wp-content\/uploads\/2019\/05\/bariloche-paro.jpg?fit=1032%2C581&ssl=1","contentUrl":"https:\/\/i0.wp.com\/vamosporlaliberacion.org\/crpmlm\/wp-content\/uploads\/2019\/05\/bariloche-paro.jpg?fit=1032%2C581&ssl=1","width":1032,"height":581},{"@type":"BreadcrumbList","@id":"https:\/\/vamosporlaliberacion.org\/crpmlm\/30a-en-cada-lugar\/#breadcrumb","itemListElement":[{"@type":"ListItem","position":1,"name":"Portada","item":"https:\/\/vamosporlaliberacion.org\/crpmlm\/"},{"@type":"ListItem","position":2,"name":"30A en cada lugar"}]},{"@type":"WebSite","@id":"https:\/\/vamosporlaliberacion.org\/crpmlm\/#website","url":"https:\/\/vamosporlaliberacion.org\/crpmlm\/","name":"Vamos por la Liberaci\u00f3n","description":"Prensa CR","potentialAction":[{"@type":"SearchAction","target":{"@type":"EntryPoint","urlTemplate":"https:\/\/vamosporlaliberacion.org\/crpmlm\/?s={search_term_string}"},"query-input":{"@type":"PropertyValueSpecification","valueRequired":true,"valueName":"search_term_string"}}],"inLanguage":"es"},{"@type":"Person","@id":"https:\/\/vamosporlaliberacion.org\/crpmlm\/#\/schema\/person\/d6eac7758df3770dae9cd9eb104d615c","name":"vamos!","url":"http:\/\/vamosporlaliberacion.org\/crpmlm\/author\/adminvxl\/"}]}},"jetpack_featured_media_url":"https:\/\/i0.wp.com\/vamosporlaliberacion.org\/crpmlm\/wp-content\/uploads\/2019\/05\/bariloche-paro.jpg?fit=1032%2C581&ssl=1","jetpack_sharing_enabled":true,"_links":{"self":[{"href":"http:\/\/vamosporlaliberacion.org\/crpmlm\/wp-json\/wp\/v2\/posts\/13632","targetHints":{"allow":["GET"]}}],"collection":[{"href":"http:\/\/vamosporlaliberacion.org\/crpmlm\/wp-json\/wp\/v2\/posts"}],"about":[{"href":"http:\/\/vamosporlaliberacion.org\/crpmlm\/wp-json\/wp\/v2\/types\/post"}],"author":[{"embeddable":true,"href":"http:\/\/vamosporlaliberacion.org\/crpmlm\/wp-json\/wp\/v2\/users\/6"}],"replies":[{"embeddable":true,"href":"http:\/\/vamosporlaliberacion.org\/crpmlm\/wp-json\/wp\/v2\/comments?post=13632"}],"version-history":[{"count":1,"href":"http:\/\/vamosporlaliberacion.org\/crpmlm\/wp-json\/wp\/v2\/posts\/13632\/revisions"}],"predecessor-version":[{"id":21013,"href":"http:\/\/vamosporlaliberacion.org\/crpmlm\/wp-json\/wp\/v2\/posts\/13632\/revisions\/21013"}],"wp:featuredmedia":[{"embeddable":true,"href":"http:\/\/vamosporlaliberacion.org\/crpmlm\/wp-json\/wp\/v2\/media\/13633"}],"wp:attachment":[{"href":"http:\/\/vamosporlaliberacion.org\/crpmlm\/wp-json\/wp\/v2\/media?parent=13632"}],"wp:term":[{"taxonomy":"category","embeddable":true,"href":"http:\/\/vamosporlaliberacion.org\/crpmlm\/wp-json\/wp\/v2\/categories?post=13632"},{"taxonomy":"post_tag","embeddable":true,"href":"http:\/\/vamosporlaliberacion.org\/crpmlm\/wp-json\/wp\/v2\/tags?post=13632"}],"curies":[{"name":"wp","href":"https:\/\/api.w.org\/{rel}","templated":true}]}}