{"id":13399,"date":"2019-04-04T21:09:25","date_gmt":"2019-04-05T00:09:25","guid":{"rendered":"http:\/\/vamosporlaliberacion.org\/crpmlm\/?p=13399"},"modified":"2019-04-04T21:09:25","modified_gmt":"2019-04-05T00:09:25","slug":"heroe-de-malvinas","status":"publish","type":"post","link":"http:\/\/vamosporlaliberacion.org\/crpmlm\/heroe-de-malvinas\/","title":{"rendered":"H\u00e9roe de Malvinas"},"content":{"rendered":"<p>\u201cV\u00e1yanse ustedes, que tienen hijos. Yo me quedo\u201d, grit\u00f3 Oscar Ismael Poltronieri mientras disparaba contra los ingleses. Hace 37 a\u00f1os, con 19 a\u00f1os, oriundo de Mercedes y analfabeto, Poltronieri tuvo una participaci\u00f3n heroica en la Guerra de Malvinas, por la cual recibi\u00f3 la Cruz de la Naci\u00f3n Argentina al Heroico Valor en Combate. Es el \u00fanico conscripto vivo en recibir dicha distinci\u00f3n.<\/p>\n<p>Durante la batalla del Monte Dos Hermanas, cuando los soldados ingleses hab\u00edan rodeado a su regimiento y el ataque les imped\u00eda la retirada, \u00e9l decidi\u00f3 quedarse y cubrir el repliegue de sus m\u00e1s de 100 compa\u00f1eros con su ametralladora. As\u00ed, impidi\u00f3 el avance de todo el dispositivo ofensivo brit\u00e1nico durante m\u00e1s de 10 horas, desde las 6 de la ma\u00f1ana hasta las 4 de la tarde. Como no regresaba, lo dieron por muerto, pero volvi\u00f3 ileso.<\/p>\n<p>Tras la Guerra, Oscar intent\u00f3 suicidarse, vendi\u00f3 baratijas en los colectivos y trabaj\u00f3 de remisero. Reci\u00e9n a los 25 a\u00f1os consigui\u00f3 trabajo en una empresa l\u00e1ctea, de la que tuvo que irse cuando cambi\u00f3 de due\u00f1os y no le reconocieron la antig\u00fcedad. Finalmente ingres\u00f3 como personal civil en el Hospital Militar, donde trabaja actualmente. Poltronieri es uno de los h\u00e9roes an\u00f3nimos, olvidados y ocultados de la Guerra de Malvinas. (Fuente: losandes.com.ar)<\/p>\n<!-- AddThis Advanced Settings generic via filter on the_content --><!-- AddThis Share Buttons generic via filter on the_content -->","protected":false},"excerpt":{"rendered":"<p>\u201cV\u00e1yanse ustedes, que tienen hijos. Yo me quedo\u201d, grit\u00f3 Oscar Ismael Poltronieri mientras disparaba contra los ingleses. Hace 37 a\u00f1os, con 19 a\u00f1os, oriundo de Mercedes y analfabeto, Poltronieri tuvo una participaci\u00f3n heroica en la Guerra de Malvinas, por la cual recibi\u00f3 la Cruz de la Naci\u00f3n Argentina al Heroico Valor en Combate. Es el [&hellip;]<!-- AddThis Advanced Settings generic via filter on get_the_excerpt --><!-- AddThis Share Buttons generic via filter on get_the_excerpt --><\/p>\n","protected":false},"author":5,"featured_media":13400,"comment_status":"open","ping_status":"open","sticky":false,"template":"","format":"standard","meta":{"_jetpack_memberships_contains_paid_content":false,"footnotes":""},"categories":[1699],"tags":[817,1295],"class_list":{"0":"post-13399","1":"post","2":"type-post","3":"status-publish","4":"format-standard","5":"has-post-thumbnail","7":"category-noticias","8":"tag-malvinas-argentinas","9":"tag-vxl-138"},"yoast_head":"<!-- This site is optimized with the Yoast SEO plugin v27.4 - https:\/\/yoast.com\/product\/yoast-seo-wordpress\/ -->\n<title>H\u00e9roe de Malvinas - Vamos por la Liberaci\u00f3n<\/title>\n<meta name=\"robots\" content=\"index, follow, max-snippet:-1, max-image-preview:large, max-video-preview:-1\" \/>\n<link rel=\"canonical\" href=\"https:\/\/vamosporlaliberacion.org\/crpmlm\/heroe-de-malvinas\/\" \/>\n<meta name=\"twitter:label1\" content=\"Escrito por\" \/>\n\t<meta name=\"twitter:data1\" content=\"\" \/>\n\t<meta name=\"twitter:label2\" content=\"Tiempo de lectura\" \/>\n\t<meta name=\"twitter:data2\" content=\"1 minuto\" \/>\n<script type=\"application\/ld+json\" class=\"yoast-schema-graph\">{\"@context\":\"https:\\\/\\\/schema.org\",\"@graph\":[{\"@type\":\"Article\",\"@id\":\"https:\\\/\\\/vamosporlaliberacion.org\\\/crpmlm\\\/heroe-de-malvinas\\\/#article\",\"isPartOf\":{\"@id\":\"https:\\\/\\\/vamosporlaliberacion.org\\\/crpmlm\\\/heroe-de-malvinas\\\/\"},\"author\":{\"name\":\"\",\"@id\":\"\"},\"headline\":\"H\u00e9roe de Malvinas\",\"datePublished\":\"2019-04-05T00:09:25+00:00\",\"mainEntityOfPage\":{\"@id\":\"https:\\\/\\\/vamosporlaliberacion.org\\\/crpmlm\\\/heroe-de-malvinas\\\/\"},\"wordCount\":228,\"commentCount\":0,\"image\":{\"@id\":\"https:\\\/\\\/vamosporlaliberacion.org\\\/crpmlm\\\/heroe-de-malvinas\\\/#primaryimage\"},\"thumbnailUrl\":\"https:\\\/\\\/i0.wp.com\\\/vamosporlaliberacion.org\\\/crpmlm\\\/wp-content\\\/uploads\\\/2019\\\/04\\\/Oscar-Pol-ahora.jpg?fit=726%2C408&ssl=1\",\"keywords\":[\"Malvinas Argentinas\",\"vxl 138\"],\"articleSection\":[\"Noticias\"],\"inLanguage\":\"es\",\"potentialAction\":[{\"@type\":\"CommentAction\",\"name\":\"Comment\",\"target\":[\"https:\\\/\\\/vamosporlaliberacion.org\\\/crpmlm\\\/heroe-de-malvinas\\\/#respond\"]}]},{\"@type\":\"WebPage\",\"@id\":\"https:\\\/\\\/vamosporlaliberacion.org\\\/crpmlm\\\/heroe-de-malvinas\\\/\",\"url\":\"https:\\\/\\\/vamosporlaliberacion.org\\\/crpmlm\\\/heroe-de-malvinas\\\/\",\"name\":\"H\u00e9roe de Malvinas - Vamos por la Liberaci\u00f3n\",\"isPartOf\":{\"@id\":\"https:\\\/\\\/vamosporlaliberacion.org\\\/crpmlm\\\/#website\"},\"primaryImageOfPage\":{\"@id\":\"https:\\\/\\\/vamosporlaliberacion.org\\\/crpmlm\\\/heroe-de-malvinas\\\/#primaryimage\"},\"image\":{\"@id\":\"https:\\\/\\\/vamosporlaliberacion.org\\\/crpmlm\\\/heroe-de-malvinas\\\/#primaryimage\"},\"thumbnailUrl\":\"https:\\\/\\\/i0.wp.com\\\/vamosporlaliberacion.org\\\/crpmlm\\\/wp-content\\\/uploads\\\/2019\\\/04\\\/Oscar-Pol-ahora.jpg?fit=726%2C408&ssl=1\",\"datePublished\":\"2019-04-05T00:09:25+00:00\",\"author\":{\"@id\":\"\"},\"breadcrumb\":{\"@id\":\"https:\\\/\\\/vamosporlaliberacion.org\\\/crpmlm\\\/heroe-de-malvinas\\\/#breadcrumb\"},\"inLanguage\":\"es\",\"potentialAction\":[{\"@type\":\"ReadAction\",\"target\":[\"https:\\\/\\\/vamosporlaliberacion.org\\\/crpmlm\\\/heroe-de-malvinas\\\/\"]}]},{\"@type\":\"ImageObject\",\"inLanguage\":\"es\",\"@id\":\"https:\\\/\\\/vamosporlaliberacion.org\\\/crpmlm\\\/heroe-de-malvinas\\\/#primaryimage\",\"url\":\"https:\\\/\\\/i0.wp.com\\\/vamosporlaliberacion.org\\\/crpmlm\\\/wp-content\\\/uploads\\\/2019\\\/04\\\/Oscar-Pol-ahora.jpg?fit=726%2C408&ssl=1\",\"contentUrl\":\"https:\\\/\\\/i0.wp.com\\\/vamosporlaliberacion.org\\\/crpmlm\\\/wp-content\\\/uploads\\\/2019\\\/04\\\/Oscar-Pol-ahora.jpg?fit=726%2C408&ssl=1\",\"width\":726,\"height\":408},{\"@type\":\"BreadcrumbList\",\"@id\":\"https:\\\/\\\/vamosporlaliberacion.org\\\/crpmlm\\\/heroe-de-malvinas\\\/#breadcrumb\",\"itemListElement\":[{\"@type\":\"ListItem\",\"position\":1,\"name\":\"Portada\",\"item\":\"https:\\\/\\\/vamosporlaliberacion.org\\\/crpmlm\\\/\"},{\"@type\":\"ListItem\",\"position\":2,\"name\":\"H\u00e9roe de Malvinas\"}]},{\"@type\":\"WebSite\",\"@id\":\"https:\\\/\\\/vamosporlaliberacion.org\\\/crpmlm\\\/#website\",\"url\":\"https:\\\/\\\/vamosporlaliberacion.org\\\/crpmlm\\\/\",\"name\":\"Vamos por la Liberaci\u00f3n\",\"description\":\"Prensa CR\",\"potentialAction\":[{\"@type\":\"SearchAction\",\"target\":{\"@type\":\"EntryPoint\",\"urlTemplate\":\"https:\\\/\\\/vamosporlaliberacion.org\\\/crpmlm\\\/?s={search_term_string}\"},\"query-input\":{\"@type\":\"PropertyValueSpecification\",\"valueRequired\":true,\"valueName\":\"search_term_string\"}}],\"inLanguage\":\"es\"},{\"@type\":\"Person\",\"@id\":\"\",\"url\":\"http:\\\/\\\/vamosporlaliberacion.org\\\/crpmlm\\\/author\\\/\"}]}<\/script>\n<!-- \/ Yoast SEO plugin. -->","yoast_head_json":{"title":"H\u00e9roe de Malvinas - Vamos por la Liberaci\u00f3n","robots":{"index":"index","follow":"follow","max-snippet":"max-snippet:-1","max-image-preview":"max-image-preview:large","max-video-preview":"max-video-preview:-1"},"canonical":"https:\/\/vamosporlaliberacion.org\/crpmlm\/heroe-de-malvinas\/","twitter_misc":{"Escrito por":"","Tiempo de lectura":"1 minuto"},"schema":{"@context":"https:\/\/schema.org","@graph":[{"@type":"Article","@id":"https:\/\/vamosporlaliberacion.org\/crpmlm\/heroe-de-malvinas\/#article","isPartOf":{"@id":"https:\/\/vamosporlaliberacion.org\/crpmlm\/heroe-de-malvinas\/"},"author":{"name":"","@id":""},"headline":"H\u00e9roe de Malvinas","datePublished":"2019-04-05T00:09:25+00:00","mainEntityOfPage":{"@id":"https:\/\/vamosporlaliberacion.org\/crpmlm\/heroe-de-malvinas\/"},"wordCount":228,"commentCount":0,"image":{"@id":"https:\/\/vamosporlaliberacion.org\/crpmlm\/heroe-de-malvinas\/#primaryimage"},"thumbnailUrl":"https:\/\/i0.wp.com\/vamosporlaliberacion.org\/crpmlm\/wp-content\/uploads\/2019\/04\/Oscar-Pol-ahora.jpg?fit=726%2C408&ssl=1","keywords":["Malvinas Argentinas","vxl 138"],"articleSection":["Noticias"],"inLanguage":"es","potentialAction":[{"@type":"CommentAction","name":"Comment","target":["https:\/\/vamosporlaliberacion.org\/crpmlm\/heroe-de-malvinas\/#respond"]}]},{"@type":"WebPage","@id":"https:\/\/vamosporlaliberacion.org\/crpmlm\/heroe-de-malvinas\/","url":"https:\/\/vamosporlaliberacion.org\/crpmlm\/heroe-de-malvinas\/","name":"H\u00e9roe de Malvinas - Vamos por la Liberaci\u00f3n","isPartOf":{"@id":"https:\/\/vamosporlaliberacion.org\/crpmlm\/#website"},"primaryImageOfPage":{"@id":"https:\/\/vamosporlaliberacion.org\/crpmlm\/heroe-de-malvinas\/#primaryimage"},"image":{"@id":"https:\/\/vamosporlaliberacion.org\/crpmlm\/heroe-de-malvinas\/#primaryimage"},"thumbnailUrl":"https:\/\/i0.wp.com\/vamosporlaliberacion.org\/crpmlm\/wp-content\/uploads\/2019\/04\/Oscar-Pol-ahora.jpg?fit=726%2C408&ssl=1","datePublished":"2019-04-05T00:09:25+00:00","author":{"@id":""},"breadcrumb":{"@id":"https:\/\/vamosporlaliberacion.org\/crpmlm\/heroe-de-malvinas\/#breadcrumb"},"inLanguage":"es","potentialAction":[{"@type":"ReadAction","target":["https:\/\/vamosporlaliberacion.org\/crpmlm\/heroe-de-malvinas\/"]}]},{"@type":"ImageObject","inLanguage":"es","@id":"https:\/\/vamosporlaliberacion.org\/crpmlm\/heroe-de-malvinas\/#primaryimage","url":"https:\/\/i0.wp.com\/vamosporlaliberacion.org\/crpmlm\/wp-content\/uploads\/2019\/04\/Oscar-Pol-ahora.jpg?fit=726%2C408&ssl=1","contentUrl":"https:\/\/i0.wp.com\/vamosporlaliberacion.org\/crpmlm\/wp-content\/uploads\/2019\/04\/Oscar-Pol-ahora.jpg?fit=726%2C408&ssl=1","width":726,"height":408},{"@type":"BreadcrumbList","@id":"https:\/\/vamosporlaliberacion.org\/crpmlm\/heroe-de-malvinas\/#breadcrumb","itemListElement":[{"@type":"ListItem","position":1,"name":"Portada","item":"https:\/\/vamosporlaliberacion.org\/crpmlm\/"},{"@type":"ListItem","position":2,"name":"H\u00e9roe de Malvinas"}]},{"@type":"WebSite","@id":"https:\/\/vamosporlaliberacion.org\/crpmlm\/#website","url":"https:\/\/vamosporlaliberacion.org\/crpmlm\/","name":"Vamos por la Liberaci\u00f3n","description":"Prensa CR","potentialAction":[{"@type":"SearchAction","target":{"@type":"EntryPoint","urlTemplate":"https:\/\/vamosporlaliberacion.org\/crpmlm\/?s={search_term_string}"},"query-input":{"@type":"PropertyValueSpecification","valueRequired":true,"valueName":"search_term_string"}}],"inLanguage":"es"},{"@type":"Person","@id":"","url":"http:\/\/vamosporlaliberacion.org\/crpmlm\/author\/"}]}},"jetpack_featured_media_url":"https:\/\/i0.wp.com\/vamosporlaliberacion.org\/crpmlm\/wp-content\/uploads\/2019\/04\/Oscar-Pol-ahora.jpg?fit=726%2C408&ssl=1","jetpack_sharing_enabled":true,"_links":{"self":[{"href":"http:\/\/vamosporlaliberacion.org\/crpmlm\/wp-json\/wp\/v2\/posts\/13399","targetHints":{"allow":["GET"]}}],"collection":[{"href":"http:\/\/vamosporlaliberacion.org\/crpmlm\/wp-json\/wp\/v2\/posts"}],"about":[{"href":"http:\/\/vamosporlaliberacion.org\/crpmlm\/wp-json\/wp\/v2\/types\/post"}],"author":[{"embeddable":true,"href":"http:\/\/vamosporlaliberacion.org\/crpmlm\/wp-json\/wp\/v2\/users\/5"}],"replies":[{"embeddable":true,"href":"http:\/\/vamosporlaliberacion.org\/crpmlm\/wp-json\/wp\/v2\/comments?post=13399"}],"version-history":[{"count":0,"href":"http:\/\/vamosporlaliberacion.org\/crpmlm\/wp-json\/wp\/v2\/posts\/13399\/revisions"}],"wp:featuredmedia":[{"embeddable":true,"href":"http:\/\/vamosporlaliberacion.org\/crpmlm\/wp-json\/wp\/v2\/media\/13400"}],"wp:attachment":[{"href":"http:\/\/vamosporlaliberacion.org\/crpmlm\/wp-json\/wp\/v2\/media?parent=13399"}],"wp:term":[{"taxonomy":"category","embeddable":true,"href":"http:\/\/vamosporlaliberacion.org\/crpmlm\/wp-json\/wp\/v2\/categories?post=13399"},{"taxonomy":"post_tag","embeddable":true,"href":"http:\/\/vamosporlaliberacion.org\/crpmlm\/wp-json\/wp\/v2\/tags?post=13399"}],"curies":[{"name":"wp","href":"https:\/\/api.w.org\/{rel}","templated":true}]}}