{"id":13346,"date":"2019-03-22T12:31:54","date_gmt":"2019-03-22T15:31:54","guid":{"rendered":"http:\/\/vamosporlaliberacion.org\/crpmlm\/?p=13346"},"modified":"2019-03-22T12:31:54","modified_gmt":"2019-03-22T15:31:54","slug":"feriantes-de-once-queremos-laburar","status":"publish","type":"post","link":"http:\/\/vamosporlaliberacion.org\/crpmlm\/feriantes-de-once-queremos-laburar\/","title":{"rendered":"Feriantes de Once: \u201cQueremos laburar\u201d"},"content":{"rendered":"<p>Hace dos a\u00f1os la polic\u00eda de Larreta reprimi\u00f3 a los manteros y vendedores ambulantes de Once y los mand\u00f3 a un galp\u00f3n. Ahora nos cuentan porqu\u00e9 est\u00e1n peor y qu\u00e9 necesidades tienen.<\/p>\n<p>A los laburantes que trabajaban sobre Pueyrred\u00f3n los mandaron a dos galpones. Uno de ellos est\u00e1 ubicado en La Rioja 70, conversamos con delegadas y delegados de la feria. Janet, miembra de la agrupaci\u00f3n Corriente Clasista Ren\u00e9 Salamanca, nos cuenta: \u201cNo tenemos ni para el alquiler. Hay gente que ha quedado en la calle porque no se vende nada\u201d. Liliana coincide \u201cCada vez peor. Tenemos ideas para levantarlo pero no sabemos si nos vamos a quedar, si nos vamos a ir, en la calle tampoco se puede trabajar\u201d. Salvador afirma que las ventas bajaron un 80%. Dice que ni los vecinos de la zona conocen que existe la feria.<\/p>\n<h2>\u201cVender no es robar\u201d<\/h2>\n<p>Apuntan contra el gobierno de Larreta: \u201cNo cumplieron con el 50% de lo que prometieron. Prometieron publicidad y no hicieron nada\u201d. Un d\u00eda llovi\u00f3 y por las filtraciones del predio perdieron mercader\u00eda. El gobierno todav\u00eda no se hace cargo, a pesar de que le dieron una lista elaborada puesto por puesto. \u201cHoy la gente est\u00e1 pidiendo una forma de trabajo m\u00e1s digna. Para otras cosas hay plata, pero para esto no\u201d. Se organizaron con un delegado por pasillo. \u201cHace poquito falleci\u00f3 uno, juntaron plata entre todos, no ten\u00eda obra social, nadie tiene obra social ac\u00e1\u201d. Raquel es jubilada y ya pas\u00f3 por las ferias de Florida, de Acoyte y Rivadavia, ahora est\u00e1 en Once \u201cQue nos cambien a otro sitio o nos den algo para trabajar en otro lado\u201d, pide. Algo llamativo es que les hacen firmar una planilla de asistencia y les hacen cumplir horario. Lo \u00fanico que consiguieron es que si present\u00e1s un certificado m\u00e9dico se justifica la falta. \u201cHablamos el tema del monotributo, pero si no vendemos, \u00bfc\u00f3mo lo vamos a pagar? Nosotros queremos laburar, nada m\u00e1s\u201d. Una vez organizaron un evento, lo \u00fanico que hizo el gobierno fue darles el permiso. Salvador nos cuenta m\u00e1s reclamos que le est\u00e1n exigiendo a la Direcci\u00f3n de ferias del GCBA: \u201cLo principal es que se colabore con la difusi\u00f3n, otra idea es que se hagan ferias en la plaza once, que funcione una radio, darles la tarjeta del salario m\u00ednimo complementario a todos los feriantes (sin necesidad de hacerlo a trav\u00e9s de una agrupaci\u00f3n), poder participar de otras ferias de la ciudad. Hoy ten\u00e9s que ir a las 5 de la ma\u00f1ana a hacer cola. Si hay lugar entr\u00e1s, sino te ten\u00e9s que ir con tu mercader\u00eda. Pero podr\u00edan organizarlos mejor. Tambi\u00e9n les planteamos que pongan micros gratis para ir y venir de conurbano una vez por mes\u201d. Se defienden y afirman: \u201cVender no es robar, ni trabajar con la droga, ni con la mafia. Es trabajar dignamente\u201d.<\/p>\n<p>La situaci\u00f3n econ\u00f3mica general se siente: \u201cEs impresionante las cosas que han subido, el boleto, la luz, el gas, todos los vemos y estamos en ese punto de acuerdo de que el pa\u00eds ha cambiado much\u00edsimo\u201d. Cuentan que los mismos clientes a veces les piden bajar el precio o que les guarden prendas para el mes siguiente. \u201cLa situaci\u00f3n es una verg\u00fcenza\u201d, dice Janet.<\/p>\n<p>Son casi 300 feriantes, un 60% mujeres con hijos, otra parte son jubilados, hay personas con alg\u00fan tipo de discapacidad y la mayor\u00eda extranjeros. Cuenta Janet que algunos se empezaron a empadronar porque \u201ctanto el argentino como el extranjero la est\u00e1 padeciendo y apoyan para que cambie este gobierno porque no nos mostr\u00f3 nada positivo, solo pobreza, indignaci\u00f3n y decepci\u00f3n\u201d. Liliana est\u00e1 convencida: \u201cEsto no va a cambiar con este tipo. Ojal\u00e1 que se vaya, si se va puede ser que cambiemos. Pero si no se va, vamos a seguir as\u00ed, y va a ser peor\u201d. Saben que no son los \u00fanicos que est\u00e1n padeciendo esta situaci\u00f3n. \u201cPas\u00f3 en Liniers, en parque patricios, en constituci\u00f3n con los productores y est\u00e1 pasando ahora en San Telmo\u201d. Piensan que si se unen podr\u00edan tener m\u00e1s fuerza. \u201cOjal\u00e1 todos estemos de acuerdo en todo esto y sigamos luchando porque es lo fundamental, estar unidos y fuertes\u201d. En este sentido, compa\u00f1eros de distintos lugares de vendedores est\u00e1n impulsando con la ayuda de la CTA-A la constituci\u00f3n de un sindicato de vendedores.<\/p>\n<p style=\"text-align: right;\">Corresponsal<\/p>\n<!-- AddThis Advanced Settings generic via filter on the_content --><!-- AddThis Share Buttons generic via filter on the_content -->","protected":false},"excerpt":{"rendered":"<p>Hace dos a\u00f1os la polic\u00eda de Larreta reprimi\u00f3 a los manteros y vendedores ambulantes de Once y los mand\u00f3 a un galp\u00f3n. Ahora nos cuentan porqu\u00e9 est\u00e1n peor y qu\u00e9 necesidades tienen. A los laburantes que trabajaban sobre Pueyrred\u00f3n los mandaron a dos galpones. Uno de ellos est\u00e1 ubicado en La Rioja 70, conversamos con [&hellip;]<!-- AddThis Advanced Settings generic via filter on get_the_excerpt --><!-- AddThis Share Buttons generic via filter on get_the_excerpt --><\/p>\n","protected":false},"author":5,"featured_media":13347,"comment_status":"open","ping_status":"open","sticky":false,"template":"","format":"standard","meta":{"_jetpack_memberships_contains_paid_content":false,"footnotes":""},"categories":[1699],"tags":[45,1283],"class_list":{"0":"post-13346","1":"post","2":"type-post","3":"status-publish","4":"format-standard","5":"has-post-thumbnail","7":"category-noticias","8":"tag-caba","9":"tag-vxl-137"},"yoast_head":"<!-- This site is optimized with the Yoast SEO plugin v27.4 - https:\/\/yoast.com\/product\/yoast-seo-wordpress\/ -->\n<title>Feriantes de Once: \u201cQueremos laburar\u201d - Vamos por la Liberaci\u00f3n<\/title>\n<meta name=\"robots\" content=\"index, follow, max-snippet:-1, max-image-preview:large, max-video-preview:-1\" \/>\n<link rel=\"canonical\" href=\"https:\/\/vamosporlaliberacion.org\/crpmlm\/feriantes-de-once-queremos-laburar\/\" \/>\n<meta name=\"twitter:label1\" content=\"Escrito por\" \/>\n\t<meta name=\"twitter:data1\" content=\"\" \/>\n\t<meta name=\"twitter:label2\" content=\"Tiempo de lectura\" \/>\n\t<meta name=\"twitter:data2\" content=\"4 minutos\" \/>\n<script type=\"application\/ld+json\" class=\"yoast-schema-graph\">{\"@context\":\"https:\\\/\\\/schema.org\",\"@graph\":[{\"@type\":\"Article\",\"@id\":\"https:\\\/\\\/vamosporlaliberacion.org\\\/crpmlm\\\/feriantes-de-once-queremos-laburar\\\/#article\",\"isPartOf\":{\"@id\":\"https:\\\/\\\/vamosporlaliberacion.org\\\/crpmlm\\\/feriantes-de-once-queremos-laburar\\\/\"},\"author\":{\"name\":\"\",\"@id\":\"\"},\"headline\":\"Feriantes de Once: \u201cQueremos laburar\u201d\",\"datePublished\":\"2019-03-22T15:31:54+00:00\",\"mainEntityOfPage\":{\"@id\":\"https:\\\/\\\/vamosporlaliberacion.org\\\/crpmlm\\\/feriantes-de-once-queremos-laburar\\\/\"},\"wordCount\":762,\"commentCount\":0,\"image\":{\"@id\":\"https:\\\/\\\/vamosporlaliberacion.org\\\/crpmlm\\\/feriantes-de-once-queremos-laburar\\\/#primaryimage\"},\"thumbnailUrl\":\"https:\\\/\\\/i0.wp.com\\\/vamosporlaliberacion.org\\\/crpmlm\\\/wp-content\\\/uploads\\\/2019\\\/03\\\/WhatsApp-Image-2019-03-19-at-4.33.19-PM.jpeg?fit=622%2C435&ssl=1\",\"keywords\":[\"CABA\",\"vxl 137\"],\"articleSection\":[\"Noticias\"],\"inLanguage\":\"es\",\"potentialAction\":[{\"@type\":\"CommentAction\",\"name\":\"Comment\",\"target\":[\"https:\\\/\\\/vamosporlaliberacion.org\\\/crpmlm\\\/feriantes-de-once-queremos-laburar\\\/#respond\"]}]},{\"@type\":\"WebPage\",\"@id\":\"https:\\\/\\\/vamosporlaliberacion.org\\\/crpmlm\\\/feriantes-de-once-queremos-laburar\\\/\",\"url\":\"https:\\\/\\\/vamosporlaliberacion.org\\\/crpmlm\\\/feriantes-de-once-queremos-laburar\\\/\",\"name\":\"Feriantes de Once: \u201cQueremos laburar\u201d - Vamos por la Liberaci\u00f3n\",\"isPartOf\":{\"@id\":\"https:\\\/\\\/vamosporlaliberacion.org\\\/crpmlm\\\/#website\"},\"primaryImageOfPage\":{\"@id\":\"https:\\\/\\\/vamosporlaliberacion.org\\\/crpmlm\\\/feriantes-de-once-queremos-laburar\\\/#primaryimage\"},\"image\":{\"@id\":\"https:\\\/\\\/vamosporlaliberacion.org\\\/crpmlm\\\/feriantes-de-once-queremos-laburar\\\/#primaryimage\"},\"thumbnailUrl\":\"https:\\\/\\\/i0.wp.com\\\/vamosporlaliberacion.org\\\/crpmlm\\\/wp-content\\\/uploads\\\/2019\\\/03\\\/WhatsApp-Image-2019-03-19-at-4.33.19-PM.jpeg?fit=622%2C435&ssl=1\",\"datePublished\":\"2019-03-22T15:31:54+00:00\",\"author\":{\"@id\":\"\"},\"breadcrumb\":{\"@id\":\"https:\\\/\\\/vamosporlaliberacion.org\\\/crpmlm\\\/feriantes-de-once-queremos-laburar\\\/#breadcrumb\"},\"inLanguage\":\"es\",\"potentialAction\":[{\"@type\":\"ReadAction\",\"target\":[\"https:\\\/\\\/vamosporlaliberacion.org\\\/crpmlm\\\/feriantes-de-once-queremos-laburar\\\/\"]}]},{\"@type\":\"ImageObject\",\"inLanguage\":\"es\",\"@id\":\"https:\\\/\\\/vamosporlaliberacion.org\\\/crpmlm\\\/feriantes-de-once-queremos-laburar\\\/#primaryimage\",\"url\":\"https:\\\/\\\/i0.wp.com\\\/vamosporlaliberacion.org\\\/crpmlm\\\/wp-content\\\/uploads\\\/2019\\\/03\\\/WhatsApp-Image-2019-03-19-at-4.33.19-PM.jpeg?fit=622%2C435&ssl=1\",\"contentUrl\":\"https:\\\/\\\/i0.wp.com\\\/vamosporlaliberacion.org\\\/crpmlm\\\/wp-content\\\/uploads\\\/2019\\\/03\\\/WhatsApp-Image-2019-03-19-at-4.33.19-PM.jpeg?fit=622%2C435&ssl=1\",\"width\":622,\"height\":435},{\"@type\":\"BreadcrumbList\",\"@id\":\"https:\\\/\\\/vamosporlaliberacion.org\\\/crpmlm\\\/feriantes-de-once-queremos-laburar\\\/#breadcrumb\",\"itemListElement\":[{\"@type\":\"ListItem\",\"position\":1,\"name\":\"Portada\",\"item\":\"https:\\\/\\\/vamosporlaliberacion.org\\\/crpmlm\\\/\"},{\"@type\":\"ListItem\",\"position\":2,\"name\":\"Feriantes de Once: \u201cQueremos laburar\u201d\"}]},{\"@type\":\"WebSite\",\"@id\":\"https:\\\/\\\/vamosporlaliberacion.org\\\/crpmlm\\\/#website\",\"url\":\"https:\\\/\\\/vamosporlaliberacion.org\\\/crpmlm\\\/\",\"name\":\"Vamos por la Liberaci\u00f3n\",\"description\":\"Prensa CR\",\"potentialAction\":[{\"@type\":\"SearchAction\",\"target\":{\"@type\":\"EntryPoint\",\"urlTemplate\":\"https:\\\/\\\/vamosporlaliberacion.org\\\/crpmlm\\\/?s={search_term_string}\"},\"query-input\":{\"@type\":\"PropertyValueSpecification\",\"valueRequired\":true,\"valueName\":\"search_term_string\"}}],\"inLanguage\":\"es\"},{\"@type\":\"Person\",\"@id\":\"\",\"url\":\"http:\\\/\\\/vamosporlaliberacion.org\\\/crpmlm\\\/author\\\/\"}]}<\/script>\n<!-- \/ Yoast SEO plugin. -->","yoast_head_json":{"title":"Feriantes de Once: \u201cQueremos laburar\u201d - Vamos por la Liberaci\u00f3n","robots":{"index":"index","follow":"follow","max-snippet":"max-snippet:-1","max-image-preview":"max-image-preview:large","max-video-preview":"max-video-preview:-1"},"canonical":"https:\/\/vamosporlaliberacion.org\/crpmlm\/feriantes-de-once-queremos-laburar\/","twitter_misc":{"Escrito por":"","Tiempo de lectura":"4 minutos"},"schema":{"@context":"https:\/\/schema.org","@graph":[{"@type":"Article","@id":"https:\/\/vamosporlaliberacion.org\/crpmlm\/feriantes-de-once-queremos-laburar\/#article","isPartOf":{"@id":"https:\/\/vamosporlaliberacion.org\/crpmlm\/feriantes-de-once-queremos-laburar\/"},"author":{"name":"","@id":""},"headline":"Feriantes de Once: \u201cQueremos laburar\u201d","datePublished":"2019-03-22T15:31:54+00:00","mainEntityOfPage":{"@id":"https:\/\/vamosporlaliberacion.org\/crpmlm\/feriantes-de-once-queremos-laburar\/"},"wordCount":762,"commentCount":0,"image":{"@id":"https:\/\/vamosporlaliberacion.org\/crpmlm\/feriantes-de-once-queremos-laburar\/#primaryimage"},"thumbnailUrl":"https:\/\/i0.wp.com\/vamosporlaliberacion.org\/crpmlm\/wp-content\/uploads\/2019\/03\/WhatsApp-Image-2019-03-19-at-4.33.19-PM.jpeg?fit=622%2C435&ssl=1","keywords":["CABA","vxl 137"],"articleSection":["Noticias"],"inLanguage":"es","potentialAction":[{"@type":"CommentAction","name":"Comment","target":["https:\/\/vamosporlaliberacion.org\/crpmlm\/feriantes-de-once-queremos-laburar\/#respond"]}]},{"@type":"WebPage","@id":"https:\/\/vamosporlaliberacion.org\/crpmlm\/feriantes-de-once-queremos-laburar\/","url":"https:\/\/vamosporlaliberacion.org\/crpmlm\/feriantes-de-once-queremos-laburar\/","name":"Feriantes de Once: \u201cQueremos laburar\u201d - Vamos por la Liberaci\u00f3n","isPartOf":{"@id":"https:\/\/vamosporlaliberacion.org\/crpmlm\/#website"},"primaryImageOfPage":{"@id":"https:\/\/vamosporlaliberacion.org\/crpmlm\/feriantes-de-once-queremos-laburar\/#primaryimage"},"image":{"@id":"https:\/\/vamosporlaliberacion.org\/crpmlm\/feriantes-de-once-queremos-laburar\/#primaryimage"},"thumbnailUrl":"https:\/\/i0.wp.com\/vamosporlaliberacion.org\/crpmlm\/wp-content\/uploads\/2019\/03\/WhatsApp-Image-2019-03-19-at-4.33.19-PM.jpeg?fit=622%2C435&ssl=1","datePublished":"2019-03-22T15:31:54+00:00","author":{"@id":""},"breadcrumb":{"@id":"https:\/\/vamosporlaliberacion.org\/crpmlm\/feriantes-de-once-queremos-laburar\/#breadcrumb"},"inLanguage":"es","potentialAction":[{"@type":"ReadAction","target":["https:\/\/vamosporlaliberacion.org\/crpmlm\/feriantes-de-once-queremos-laburar\/"]}]},{"@type":"ImageObject","inLanguage":"es","@id":"https:\/\/vamosporlaliberacion.org\/crpmlm\/feriantes-de-once-queremos-laburar\/#primaryimage","url":"https:\/\/i0.wp.com\/vamosporlaliberacion.org\/crpmlm\/wp-content\/uploads\/2019\/03\/WhatsApp-Image-2019-03-19-at-4.33.19-PM.jpeg?fit=622%2C435&ssl=1","contentUrl":"https:\/\/i0.wp.com\/vamosporlaliberacion.org\/crpmlm\/wp-content\/uploads\/2019\/03\/WhatsApp-Image-2019-03-19-at-4.33.19-PM.jpeg?fit=622%2C435&ssl=1","width":622,"height":435},{"@type":"BreadcrumbList","@id":"https:\/\/vamosporlaliberacion.org\/crpmlm\/feriantes-de-once-queremos-laburar\/#breadcrumb","itemListElement":[{"@type":"ListItem","position":1,"name":"Portada","item":"https:\/\/vamosporlaliberacion.org\/crpmlm\/"},{"@type":"ListItem","position":2,"name":"Feriantes de Once: \u201cQueremos laburar\u201d"}]},{"@type":"WebSite","@id":"https:\/\/vamosporlaliberacion.org\/crpmlm\/#website","url":"https:\/\/vamosporlaliberacion.org\/crpmlm\/","name":"Vamos por la Liberaci\u00f3n","description":"Prensa CR","potentialAction":[{"@type":"SearchAction","target":{"@type":"EntryPoint","urlTemplate":"https:\/\/vamosporlaliberacion.org\/crpmlm\/?s={search_term_string}"},"query-input":{"@type":"PropertyValueSpecification","valueRequired":true,"valueName":"search_term_string"}}],"inLanguage":"es"},{"@type":"Person","@id":"","url":"http:\/\/vamosporlaliberacion.org\/crpmlm\/author\/"}]}},"jetpack_featured_media_url":"https:\/\/i0.wp.com\/vamosporlaliberacion.org\/crpmlm\/wp-content\/uploads\/2019\/03\/WhatsApp-Image-2019-03-19-at-4.33.19-PM.jpeg?fit=622%2C435&ssl=1","jetpack_sharing_enabled":true,"_links":{"self":[{"href":"http:\/\/vamosporlaliberacion.org\/crpmlm\/wp-json\/wp\/v2\/posts\/13346","targetHints":{"allow":["GET"]}}],"collection":[{"href":"http:\/\/vamosporlaliberacion.org\/crpmlm\/wp-json\/wp\/v2\/posts"}],"about":[{"href":"http:\/\/vamosporlaliberacion.org\/crpmlm\/wp-json\/wp\/v2\/types\/post"}],"author":[{"embeddable":true,"href":"http:\/\/vamosporlaliberacion.org\/crpmlm\/wp-json\/wp\/v2\/users\/5"}],"replies":[{"embeddable":true,"href":"http:\/\/vamosporlaliberacion.org\/crpmlm\/wp-json\/wp\/v2\/comments?post=13346"}],"version-history":[{"count":0,"href":"http:\/\/vamosporlaliberacion.org\/crpmlm\/wp-json\/wp\/v2\/posts\/13346\/revisions"}],"wp:featuredmedia":[{"embeddable":true,"href":"http:\/\/vamosporlaliberacion.org\/crpmlm\/wp-json\/wp\/v2\/media\/13347"}],"wp:attachment":[{"href":"http:\/\/vamosporlaliberacion.org\/crpmlm\/wp-json\/wp\/v2\/media?parent=13346"}],"wp:term":[{"taxonomy":"category","embeddable":true,"href":"http:\/\/vamosporlaliberacion.org\/crpmlm\/wp-json\/wp\/v2\/categories?post=13346"},{"taxonomy":"post_tag","embeddable":true,"href":"http:\/\/vamosporlaliberacion.org\/crpmlm\/wp-json\/wp\/v2\/tags?post=13346"}],"curies":[{"name":"wp","href":"https:\/\/api.w.org\/{rel}","templated":true}]}}