{"id":13343,"date":"2019-03-22T12:27:41","date_gmt":"2019-03-22T15:27:41","guid":{"rendered":"http:\/\/vamosporlaliberacion.org\/crpmlm\/?p=13343"},"modified":"2020-10-28T10:49:30","modified_gmt":"2020-10-28T13:49:30","slug":"docentes-bonaerenses-unidad-para-continuar-la-lucha","status":"publish","type":"post","link":"http:\/\/vamosporlaliberacion.org\/crpmlm\/docentes-bonaerenses-unidad-para-continuar-la-lucha\/","title":{"rendered":"Docentes bonaerenses: Unidad para continuar la lucha"},"content":{"rendered":"<p>Este a\u00f1o el arranque de clases en la provincia de Buenos Aires mostr\u00f3 cu\u00e1l es la situaci\u00f3n de la educaci\u00f3n bonaerense. Por un lado, la intenci\u00f3n de lucha de la docencia despu\u00e9s de una importante adhesi\u00f3n a las jornadas de paro nacional convocado por CTERA el 6 y 7, y el paro de mujeres del viernes 8 de Marzo. Por otro lado, porque el estado edilicio de las escuelas de nuestra provincia muestra una situaci\u00f3n desesperante, como se vio en la ca\u00edda de mamposter\u00eda de una escuela en Pilar con el saldo de ni\u00f1os heridos.<\/p>\n<p>Con nuevos aumentos en el transporte y una inflaci\u00f3n que desde hace muchos a\u00f1os no nos da respiro, el gobierno de Mar\u00eda Eugenia Vidal no realiz\u00f3 ninguna nueva oferta salarial luego de su \u00faltima vergonzante oferta.<\/p>\n<p>Estamos en un momento clave, es necesario que a partir de las escuelas y los cuerpos de delegados continuemos la pelea. El Frente de Unidad Docente Bonaerense tiene que recoger el guante y mostrar a la gobernadora Mar\u00eda Eugenia Vidal que los docentes bonaerenses no nos rendimos. Y por sobre todo que los y las docentes junto al conjunto de la comunidad educativa defendemos una escuela p\u00fablica, gratuita, laica y de calidad.<\/p>\n<p style=\"text-align: right;\">Corresponsal<\/p>\n<!-- AddThis Advanced Settings generic via filter on the_content --><!-- AddThis Share Buttons generic via filter on the_content -->","protected":false},"excerpt":{"rendered":"<p>Este a\u00f1o el arranque de clases en la provincia de Buenos Aires mostr\u00f3 cu\u00e1l es la situaci\u00f3n de la educaci\u00f3n bonaerense. Por un lado, la intenci\u00f3n de lucha de la docencia despu\u00e9s de una importante adhesi\u00f3n a las jornadas de paro nacional convocado por CTERA el 6 y 7, y el paro de mujeres del [&hellip;]<!-- AddThis Advanced Settings generic via filter on get_the_excerpt --><!-- AddThis Share Buttons generic via filter on get_the_excerpt --><\/p>\n","protected":false},"author":5,"featured_media":13344,"comment_status":"open","ping_status":"open","sticky":false,"template":"","format":"standard","meta":{"_jetpack_memberships_contains_paid_content":false,"footnotes":""},"categories":[1877],"tags":[395,542,201,1283],"class_list":{"0":"post-13343","1":"post","2":"type-post","3":"status-publish","4":"format-standard","5":"has-post-thumbnail","7":"category-gremiales","8":"tag-buenos-aires","9":"tag-paritarias","10":"tag-paro","11":"tag-vxl-137"},"yoast_head":"<!-- This site is optimized with the Yoast SEO plugin v27.4 - https:\/\/yoast.com\/product\/yoast-seo-wordpress\/ -->\n<title>Docentes bonaerenses: Unidad para continuar la lucha - Vamos por la Liberaci\u00f3n<\/title>\n<meta name=\"robots\" content=\"index, follow, max-snippet:-1, max-image-preview:large, max-video-preview:-1\" \/>\n<link rel=\"canonical\" href=\"https:\/\/vamosporlaliberacion.org\/crpmlm\/docentes-bonaerenses-unidad-para-continuar-la-lucha\/\" \/>\n<meta name=\"twitter:label1\" content=\"Escrito por\" \/>\n\t<meta name=\"twitter:data1\" content=\"\" \/>\n\t<meta name=\"twitter:label2\" content=\"Tiempo de lectura\" \/>\n\t<meta name=\"twitter:data2\" content=\"1 minuto\" \/>\n<script type=\"application\/ld+json\" class=\"yoast-schema-graph\">{\"@context\":\"https:\\\/\\\/schema.org\",\"@graph\":[{\"@type\":\"Article\",\"@id\":\"https:\\\/\\\/vamosporlaliberacion.org\\\/crpmlm\\\/docentes-bonaerenses-unidad-para-continuar-la-lucha\\\/#article\",\"isPartOf\":{\"@id\":\"https:\\\/\\\/vamosporlaliberacion.org\\\/crpmlm\\\/docentes-bonaerenses-unidad-para-continuar-la-lucha\\\/\"},\"author\":{\"name\":\"\",\"@id\":\"\"},\"headline\":\"Docentes bonaerenses: Unidad para continuar la lucha\",\"datePublished\":\"2019-03-22T15:27:41+00:00\",\"dateModified\":\"2020-10-28T13:49:30+00:00\",\"mainEntityOfPage\":{\"@id\":\"https:\\\/\\\/vamosporlaliberacion.org\\\/crpmlm\\\/docentes-bonaerenses-unidad-para-continuar-la-lucha\\\/\"},\"wordCount\":224,\"commentCount\":0,\"image\":{\"@id\":\"https:\\\/\\\/vamosporlaliberacion.org\\\/crpmlm\\\/docentes-bonaerenses-unidad-para-continuar-la-lucha\\\/#primaryimage\"},\"thumbnailUrl\":\"https:\\\/\\\/i0.wp.com\\\/vamosporlaliberacion.org\\\/crpmlm\\\/wp-content\\\/uploads\\\/2019\\\/03\\\/paro-docente-pba.jpg?fit=300%2C168&ssl=1\",\"keywords\":[\"Buenos Aires\",\"paritarias\",\"Paro\",\"vxl 137\"],\"articleSection\":[\"Actualidad e historia del movimiento obrero\"],\"inLanguage\":\"es\",\"potentialAction\":[{\"@type\":\"CommentAction\",\"name\":\"Comment\",\"target\":[\"https:\\\/\\\/vamosporlaliberacion.org\\\/crpmlm\\\/docentes-bonaerenses-unidad-para-continuar-la-lucha\\\/#respond\"]}]},{\"@type\":\"WebPage\",\"@id\":\"https:\\\/\\\/vamosporlaliberacion.org\\\/crpmlm\\\/docentes-bonaerenses-unidad-para-continuar-la-lucha\\\/\",\"url\":\"https:\\\/\\\/vamosporlaliberacion.org\\\/crpmlm\\\/docentes-bonaerenses-unidad-para-continuar-la-lucha\\\/\",\"name\":\"Docentes bonaerenses: Unidad para continuar la lucha - Vamos por la Liberaci\u00f3n\",\"isPartOf\":{\"@id\":\"https:\\\/\\\/vamosporlaliberacion.org\\\/crpmlm\\\/#website\"},\"primaryImageOfPage\":{\"@id\":\"https:\\\/\\\/vamosporlaliberacion.org\\\/crpmlm\\\/docentes-bonaerenses-unidad-para-continuar-la-lucha\\\/#primaryimage\"},\"image\":{\"@id\":\"https:\\\/\\\/vamosporlaliberacion.org\\\/crpmlm\\\/docentes-bonaerenses-unidad-para-continuar-la-lucha\\\/#primaryimage\"},\"thumbnailUrl\":\"https:\\\/\\\/i0.wp.com\\\/vamosporlaliberacion.org\\\/crpmlm\\\/wp-content\\\/uploads\\\/2019\\\/03\\\/paro-docente-pba.jpg?fit=300%2C168&ssl=1\",\"datePublished\":\"2019-03-22T15:27:41+00:00\",\"dateModified\":\"2020-10-28T13:49:30+00:00\",\"author\":{\"@id\":\"\"},\"breadcrumb\":{\"@id\":\"https:\\\/\\\/vamosporlaliberacion.org\\\/crpmlm\\\/docentes-bonaerenses-unidad-para-continuar-la-lucha\\\/#breadcrumb\"},\"inLanguage\":\"es\",\"potentialAction\":[{\"@type\":\"ReadAction\",\"target\":[\"https:\\\/\\\/vamosporlaliberacion.org\\\/crpmlm\\\/docentes-bonaerenses-unidad-para-continuar-la-lucha\\\/\"]}]},{\"@type\":\"ImageObject\",\"inLanguage\":\"es\",\"@id\":\"https:\\\/\\\/vamosporlaliberacion.org\\\/crpmlm\\\/docentes-bonaerenses-unidad-para-continuar-la-lucha\\\/#primaryimage\",\"url\":\"https:\\\/\\\/i0.wp.com\\\/vamosporlaliberacion.org\\\/crpmlm\\\/wp-content\\\/uploads\\\/2019\\\/03\\\/paro-docente-pba.jpg?fit=300%2C168&ssl=1\",\"contentUrl\":\"https:\\\/\\\/i0.wp.com\\\/vamosporlaliberacion.org\\\/crpmlm\\\/wp-content\\\/uploads\\\/2019\\\/03\\\/paro-docente-pba.jpg?fit=300%2C168&ssl=1\",\"width\":300,\"height\":168},{\"@type\":\"BreadcrumbList\",\"@id\":\"https:\\\/\\\/vamosporlaliberacion.org\\\/crpmlm\\\/docentes-bonaerenses-unidad-para-continuar-la-lucha\\\/#breadcrumb\",\"itemListElement\":[{\"@type\":\"ListItem\",\"position\":1,\"name\":\"Portada\",\"item\":\"https:\\\/\\\/vamosporlaliberacion.org\\\/crpmlm\\\/\"},{\"@type\":\"ListItem\",\"position\":2,\"name\":\"Docentes bonaerenses: Unidad para continuar la lucha\"}]},{\"@type\":\"WebSite\",\"@id\":\"https:\\\/\\\/vamosporlaliberacion.org\\\/crpmlm\\\/#website\",\"url\":\"https:\\\/\\\/vamosporlaliberacion.org\\\/crpmlm\\\/\",\"name\":\"Vamos por la Liberaci\u00f3n\",\"description\":\"Prensa CR\",\"potentialAction\":[{\"@type\":\"SearchAction\",\"target\":{\"@type\":\"EntryPoint\",\"urlTemplate\":\"https:\\\/\\\/vamosporlaliberacion.org\\\/crpmlm\\\/?s={search_term_string}\"},\"query-input\":{\"@type\":\"PropertyValueSpecification\",\"valueRequired\":true,\"valueName\":\"search_term_string\"}}],\"inLanguage\":\"es\"},{\"@type\":\"Person\",\"@id\":\"\",\"url\":\"http:\\\/\\\/vamosporlaliberacion.org\\\/crpmlm\\\/author\\\/\"}]}<\/script>\n<!-- \/ Yoast SEO plugin. -->","yoast_head_json":{"title":"Docentes bonaerenses: Unidad para continuar la lucha - Vamos por la Liberaci\u00f3n","robots":{"index":"index","follow":"follow","max-snippet":"max-snippet:-1","max-image-preview":"max-image-preview:large","max-video-preview":"max-video-preview:-1"},"canonical":"https:\/\/vamosporlaliberacion.org\/crpmlm\/docentes-bonaerenses-unidad-para-continuar-la-lucha\/","twitter_misc":{"Escrito por":"","Tiempo de lectura":"1 minuto"},"schema":{"@context":"https:\/\/schema.org","@graph":[{"@type":"Article","@id":"https:\/\/vamosporlaliberacion.org\/crpmlm\/docentes-bonaerenses-unidad-para-continuar-la-lucha\/#article","isPartOf":{"@id":"https:\/\/vamosporlaliberacion.org\/crpmlm\/docentes-bonaerenses-unidad-para-continuar-la-lucha\/"},"author":{"name":"","@id":""},"headline":"Docentes bonaerenses: Unidad para continuar la lucha","datePublished":"2019-03-22T15:27:41+00:00","dateModified":"2020-10-28T13:49:30+00:00","mainEntityOfPage":{"@id":"https:\/\/vamosporlaliberacion.org\/crpmlm\/docentes-bonaerenses-unidad-para-continuar-la-lucha\/"},"wordCount":224,"commentCount":0,"image":{"@id":"https:\/\/vamosporlaliberacion.org\/crpmlm\/docentes-bonaerenses-unidad-para-continuar-la-lucha\/#primaryimage"},"thumbnailUrl":"https:\/\/i0.wp.com\/vamosporlaliberacion.org\/crpmlm\/wp-content\/uploads\/2019\/03\/paro-docente-pba.jpg?fit=300%2C168&ssl=1","keywords":["Buenos Aires","paritarias","Paro","vxl 137"],"articleSection":["Actualidad e historia del movimiento obrero"],"inLanguage":"es","potentialAction":[{"@type":"CommentAction","name":"Comment","target":["https:\/\/vamosporlaliberacion.org\/crpmlm\/docentes-bonaerenses-unidad-para-continuar-la-lucha\/#respond"]}]},{"@type":"WebPage","@id":"https:\/\/vamosporlaliberacion.org\/crpmlm\/docentes-bonaerenses-unidad-para-continuar-la-lucha\/","url":"https:\/\/vamosporlaliberacion.org\/crpmlm\/docentes-bonaerenses-unidad-para-continuar-la-lucha\/","name":"Docentes bonaerenses: Unidad para continuar la lucha - Vamos por la Liberaci\u00f3n","isPartOf":{"@id":"https:\/\/vamosporlaliberacion.org\/crpmlm\/#website"},"primaryImageOfPage":{"@id":"https:\/\/vamosporlaliberacion.org\/crpmlm\/docentes-bonaerenses-unidad-para-continuar-la-lucha\/#primaryimage"},"image":{"@id":"https:\/\/vamosporlaliberacion.org\/crpmlm\/docentes-bonaerenses-unidad-para-continuar-la-lucha\/#primaryimage"},"thumbnailUrl":"https:\/\/i0.wp.com\/vamosporlaliberacion.org\/crpmlm\/wp-content\/uploads\/2019\/03\/paro-docente-pba.jpg?fit=300%2C168&ssl=1","datePublished":"2019-03-22T15:27:41+00:00","dateModified":"2020-10-28T13:49:30+00:00","author":{"@id":""},"breadcrumb":{"@id":"https:\/\/vamosporlaliberacion.org\/crpmlm\/docentes-bonaerenses-unidad-para-continuar-la-lucha\/#breadcrumb"},"inLanguage":"es","potentialAction":[{"@type":"ReadAction","target":["https:\/\/vamosporlaliberacion.org\/crpmlm\/docentes-bonaerenses-unidad-para-continuar-la-lucha\/"]}]},{"@type":"ImageObject","inLanguage":"es","@id":"https:\/\/vamosporlaliberacion.org\/crpmlm\/docentes-bonaerenses-unidad-para-continuar-la-lucha\/#primaryimage","url":"https:\/\/i0.wp.com\/vamosporlaliberacion.org\/crpmlm\/wp-content\/uploads\/2019\/03\/paro-docente-pba.jpg?fit=300%2C168&ssl=1","contentUrl":"https:\/\/i0.wp.com\/vamosporlaliberacion.org\/crpmlm\/wp-content\/uploads\/2019\/03\/paro-docente-pba.jpg?fit=300%2C168&ssl=1","width":300,"height":168},{"@type":"BreadcrumbList","@id":"https:\/\/vamosporlaliberacion.org\/crpmlm\/docentes-bonaerenses-unidad-para-continuar-la-lucha\/#breadcrumb","itemListElement":[{"@type":"ListItem","position":1,"name":"Portada","item":"https:\/\/vamosporlaliberacion.org\/crpmlm\/"},{"@type":"ListItem","position":2,"name":"Docentes bonaerenses: Unidad para continuar la lucha"}]},{"@type":"WebSite","@id":"https:\/\/vamosporlaliberacion.org\/crpmlm\/#website","url":"https:\/\/vamosporlaliberacion.org\/crpmlm\/","name":"Vamos por la Liberaci\u00f3n","description":"Prensa CR","potentialAction":[{"@type":"SearchAction","target":{"@type":"EntryPoint","urlTemplate":"https:\/\/vamosporlaliberacion.org\/crpmlm\/?s={search_term_string}"},"query-input":{"@type":"PropertyValueSpecification","valueRequired":true,"valueName":"search_term_string"}}],"inLanguage":"es"},{"@type":"Person","@id":"","url":"http:\/\/vamosporlaliberacion.org\/crpmlm\/author\/"}]}},"jetpack_featured_media_url":"https:\/\/i0.wp.com\/vamosporlaliberacion.org\/crpmlm\/wp-content\/uploads\/2019\/03\/paro-docente-pba.jpg?fit=300%2C168&ssl=1","jetpack_sharing_enabled":true,"_links":{"self":[{"href":"http:\/\/vamosporlaliberacion.org\/crpmlm\/wp-json\/wp\/v2\/posts\/13343","targetHints":{"allow":["GET"]}}],"collection":[{"href":"http:\/\/vamosporlaliberacion.org\/crpmlm\/wp-json\/wp\/v2\/posts"}],"about":[{"href":"http:\/\/vamosporlaliberacion.org\/crpmlm\/wp-json\/wp\/v2\/types\/post"}],"author":[{"embeddable":true,"href":"http:\/\/vamosporlaliberacion.org\/crpmlm\/wp-json\/wp\/v2\/users\/5"}],"replies":[{"embeddable":true,"href":"http:\/\/vamosporlaliberacion.org\/crpmlm\/wp-json\/wp\/v2\/comments?post=13343"}],"version-history":[{"count":1,"href":"http:\/\/vamosporlaliberacion.org\/crpmlm\/wp-json\/wp\/v2\/posts\/13343\/revisions"}],"predecessor-version":[{"id":21036,"href":"http:\/\/vamosporlaliberacion.org\/crpmlm\/wp-json\/wp\/v2\/posts\/13343\/revisions\/21036"}],"wp:featuredmedia":[{"embeddable":true,"href":"http:\/\/vamosporlaliberacion.org\/crpmlm\/wp-json\/wp\/v2\/media\/13344"}],"wp:attachment":[{"href":"http:\/\/vamosporlaliberacion.org\/crpmlm\/wp-json\/wp\/v2\/media?parent=13343"}],"wp:term":[{"taxonomy":"category","embeddable":true,"href":"http:\/\/vamosporlaliberacion.org\/crpmlm\/wp-json\/wp\/v2\/categories?post=13343"},{"taxonomy":"post_tag","embeddable":true,"href":"http:\/\/vamosporlaliberacion.org\/crpmlm\/wp-json\/wp\/v2\/tags?post=13343"}],"curies":[{"name":"wp","href":"https:\/\/api.w.org\/{rel}","templated":true}]}}