{"id":13340,"date":"2019-03-22T12:26:04","date_gmt":"2019-03-22T15:26:04","guid":{"rendered":"http:\/\/vamosporlaliberacion.org\/crpmlm\/?p=13340"},"modified":"2020-10-25T19:39:35","modified_gmt":"2020-10-25T22:39:35","slug":"tierra-del-fuego-paritaria-unilateral-y-una-nueva-exoneracion","status":"publish","type":"post","link":"http:\/\/vamosporlaliberacion.org\/crpmlm\/tierra-del-fuego-paritaria-unilateral-y-una-nueva-exoneracion\/","title":{"rendered":"Tierra del Fuego: Paritaria unilateral y una nueva exoneraci\u00f3n"},"content":{"rendered":"<p>La docencia fueguina se manifest\u00f3 masivamente al (no) inicio del ciclo lectivo 2019. El paro fue total en toda la provincia, con movilizaciones en Ushuaia, R\u00edo Grande y Tolhuin. La respuesta de la gobernadora Rosana Bertone: \u201cfirm\u00f3 dos decretos consecutivos completamente autoritarios, persecutorios, perversos y de desprecio por la Constituci\u00f3n, el derecho de los trabajadores y trabajadoras de la educaci\u00f3n y la vida democr\u00e1tica\u201d, expres\u00f3 el sindicato docente Sutef. Con el decreto 490 exoner\u00f3 al compa\u00f1ero Christian Schnack, por el hecho de participar de una protesta sindical. Con el siguiente, el 491, firm\u00f3 el aumento salarial de forma unilateral, dando por cerradas las negociaciones.<\/p>\n<p>El Sutef denunci\u00f3 que as\u00ed incumple \u201cel precepto constitucional que dice que por igual tarea debe haber igual remuneraci\u00f3n\u201d. Los docentes se movilizaron toda esa semana. En el 8M y al d\u00eda siguiente, s\u00e1bado 9, en una jornada provincial que cerr\u00f3 con un plenario resolutivo que aprob\u00f3 nuevas medidas.<\/p>\n<p>En la movilizaci\u00f3n del s\u00e1bado en Ushuaia, Christian expres\u00f3: \u201cNosotros cuando ponemos nuestro salario en la mesa de negociaci\u00f3n, estamos poniendo nuestra vida, y eso no todos lo entienden. Hace a\u00f1os que venimos defendiendo eso\u201d. En relaci\u00f3n a la persecuci\u00f3n de Bertone se\u00f1al\u00f3: \u201cLas exoneraciones son eso. Es decir: no hagan, no defiendan, no militen, no trabajen y, sobre todo, agachen la cabeza\u201d. E hizo referencia a lo que sinti\u00f3 cuando se enter\u00f3 de la efectivizaci\u00f3n de su exoneraci\u00f3n: \u201cLloraremos un rato m\u00e1s. Y s\u00ed, lloro. Y quiero contarles que lloro de impotencia y lloro de bronca como lloramos todos. Pero no lloramos de tristeza y ese llanto y esa l\u00e1grima no nos hace bajar la cabeza, no nos hace bajar los brazos. Nos sobra inteligencia, nos sobra valor, a no bajar los brazos y a seguir porque, como siempre se los dice Horacio pero yo lo vivo cuando voy con mi guitarra, la dignidad del docente de Tierra del Fuego est\u00e1 sembrada en todo el pa\u00eds\u201d.<\/p>\n<p>La exoneraci\u00f3n del profesor Christian Schnack es una de las 17 exoneraciones que est\u00e1n en proceso. Las mismas fueron firmadas por la ex gobernadora Fabiana R\u00edos. Algunas ya fueron ejecutadas por Bertone. Otras tienen en curso la quita de tutela sindical.<\/p>\n<!-- AddThis Advanced Settings generic via filter on the_content --><!-- AddThis Share Buttons generic via filter on the_content -->","protected":false},"excerpt":{"rendered":"<p>La docencia fueguina se manifest\u00f3 masivamente al (no) inicio del ciclo lectivo 2019. El paro fue total en toda la provincia, con movilizaciones en Ushuaia, R\u00edo Grande y Tolhuin. La respuesta de la gobernadora Rosana Bertone: \u201cfirm\u00f3 dos decretos consecutivos completamente autoritarios, persecutorios, perversos y de desprecio por la Constituci\u00f3n, el derecho de los trabajadores [&hellip;]<!-- AddThis Advanced Settings generic via filter on get_the_excerpt --><!-- AddThis Share Buttons generic via filter on get_the_excerpt --><\/p>\n","protected":false},"author":5,"featured_media":13341,"comment_status":"open","ping_status":"open","sticky":false,"template":"","format":"standard","meta":{"_jetpack_memberships_contains_paid_content":false,"footnotes":""},"categories":[1877],"tags":[520,542,201,251,1283],"class_list":{"0":"post-13340","1":"post","2":"type-post","3":"status-publish","4":"format-standard","5":"has-post-thumbnail","7":"category-gremiales","8":"tag-destacado-2","9":"tag-paritarias","10":"tag-paro","11":"tag-tierra-del-fuego","12":"tag-vxl-137"},"yoast_head":"<!-- This site is optimized with the Yoast SEO plugin v27.4 - https:\/\/yoast.com\/product\/yoast-seo-wordpress\/ -->\n<title>Tierra del Fuego: Paritaria unilateral y una nueva exoneraci\u00f3n - Vamos por la Liberaci\u00f3n<\/title>\n<meta name=\"robots\" content=\"index, follow, max-snippet:-1, max-image-preview:large, max-video-preview:-1\" \/>\n<link rel=\"canonical\" href=\"http:\/\/vamosporlaliberacion.org\/crpmlm\/tierra-del-fuego-paritaria-unilateral-y-una-nueva-exoneracion\/\" \/>\n<meta name=\"twitter:label1\" content=\"Escrito por\" \/>\n\t<meta name=\"twitter:data1\" content=\"\" \/>\n\t<meta name=\"twitter:label2\" content=\"Tiempo de lectura\" \/>\n\t<meta name=\"twitter:data2\" content=\"2 minutos\" \/>\n<script type=\"application\/ld+json\" class=\"yoast-schema-graph\">{\"@context\":\"https:\\\/\\\/schema.org\",\"@graph\":[{\"@type\":\"Article\",\"@id\":\"http:\\\/\\\/vamosporlaliberacion.org\\\/crpmlm\\\/tierra-del-fuego-paritaria-unilateral-y-una-nueva-exoneracion\\\/#article\",\"isPartOf\":{\"@id\":\"http:\\\/\\\/vamosporlaliberacion.org\\\/crpmlm\\\/tierra-del-fuego-paritaria-unilateral-y-una-nueva-exoneracion\\\/\"},\"author\":{\"name\":\"\",\"@id\":\"\"},\"headline\":\"Tierra del Fuego: Paritaria unilateral y una nueva exoneraci\u00f3n\",\"datePublished\":\"2019-03-22T15:26:04+00:00\",\"dateModified\":\"2020-10-25T22:39:35+00:00\",\"mainEntityOfPage\":{\"@id\":\"http:\\\/\\\/vamosporlaliberacion.org\\\/crpmlm\\\/tierra-del-fuego-paritaria-unilateral-y-una-nueva-exoneracion\\\/\"},\"wordCount\":389,\"commentCount\":0,\"image\":{\"@id\":\"http:\\\/\\\/vamosporlaliberacion.org\\\/crpmlm\\\/tierra-del-fuego-paritaria-unilateral-y-una-nueva-exoneracion\\\/#primaryimage\"},\"thumbnailUrl\":\"https:\\\/\\\/i0.wp.com\\\/vamosporlaliberacion.org\\\/crpmlm\\\/wp-content\\\/uploads\\\/2019\\\/03\\\/53244294_2239959299555815_7590306285573111808_o.jpg?fit=1316%2C640&ssl=1\",\"keywords\":[\"destacado 2\",\"paritarias\",\"Paro\",\"Tierra del Fuego\",\"vxl 137\"],\"articleSection\":[\"Actualidad e historia del movimiento obrero\"],\"inLanguage\":\"es\",\"potentialAction\":[{\"@type\":\"CommentAction\",\"name\":\"Comment\",\"target\":[\"http:\\\/\\\/vamosporlaliberacion.org\\\/crpmlm\\\/tierra-del-fuego-paritaria-unilateral-y-una-nueva-exoneracion\\\/#respond\"]}]},{\"@type\":\"WebPage\",\"@id\":\"http:\\\/\\\/vamosporlaliberacion.org\\\/crpmlm\\\/tierra-del-fuego-paritaria-unilateral-y-una-nueva-exoneracion\\\/\",\"url\":\"http:\\\/\\\/vamosporlaliberacion.org\\\/crpmlm\\\/tierra-del-fuego-paritaria-unilateral-y-una-nueva-exoneracion\\\/\",\"name\":\"Tierra del Fuego: Paritaria unilateral y una nueva exoneraci\u00f3n - Vamos por la Liberaci\u00f3n\",\"isPartOf\":{\"@id\":\"https:\\\/\\\/vamosporlaliberacion.org\\\/crpmlm\\\/#website\"},\"primaryImageOfPage\":{\"@id\":\"http:\\\/\\\/vamosporlaliberacion.org\\\/crpmlm\\\/tierra-del-fuego-paritaria-unilateral-y-una-nueva-exoneracion\\\/#primaryimage\"},\"image\":{\"@id\":\"http:\\\/\\\/vamosporlaliberacion.org\\\/crpmlm\\\/tierra-del-fuego-paritaria-unilateral-y-una-nueva-exoneracion\\\/#primaryimage\"},\"thumbnailUrl\":\"https:\\\/\\\/i0.wp.com\\\/vamosporlaliberacion.org\\\/crpmlm\\\/wp-content\\\/uploads\\\/2019\\\/03\\\/53244294_2239959299555815_7590306285573111808_o.jpg?fit=1316%2C640&ssl=1\",\"datePublished\":\"2019-03-22T15:26:04+00:00\",\"dateModified\":\"2020-10-25T22:39:35+00:00\",\"author\":{\"@id\":\"\"},\"breadcrumb\":{\"@id\":\"http:\\\/\\\/vamosporlaliberacion.org\\\/crpmlm\\\/tierra-del-fuego-paritaria-unilateral-y-una-nueva-exoneracion\\\/#breadcrumb\"},\"inLanguage\":\"es\",\"potentialAction\":[{\"@type\":\"ReadAction\",\"target\":[\"http:\\\/\\\/vamosporlaliberacion.org\\\/crpmlm\\\/tierra-del-fuego-paritaria-unilateral-y-una-nueva-exoneracion\\\/\"]}]},{\"@type\":\"ImageObject\",\"inLanguage\":\"es\",\"@id\":\"http:\\\/\\\/vamosporlaliberacion.org\\\/crpmlm\\\/tierra-del-fuego-paritaria-unilateral-y-una-nueva-exoneracion\\\/#primaryimage\",\"url\":\"https:\\\/\\\/i0.wp.com\\\/vamosporlaliberacion.org\\\/crpmlm\\\/wp-content\\\/uploads\\\/2019\\\/03\\\/53244294_2239959299555815_7590306285573111808_o.jpg?fit=1316%2C640&ssl=1\",\"contentUrl\":\"https:\\\/\\\/i0.wp.com\\\/vamosporlaliberacion.org\\\/crpmlm\\\/wp-content\\\/uploads\\\/2019\\\/03\\\/53244294_2239959299555815_7590306285573111808_o.jpg?fit=1316%2C640&ssl=1\",\"width\":1316,\"height\":640},{\"@type\":\"BreadcrumbList\",\"@id\":\"http:\\\/\\\/vamosporlaliberacion.org\\\/crpmlm\\\/tierra-del-fuego-paritaria-unilateral-y-una-nueva-exoneracion\\\/#breadcrumb\",\"itemListElement\":[{\"@type\":\"ListItem\",\"position\":1,\"name\":\"Portada\",\"item\":\"https:\\\/\\\/vamosporlaliberacion.org\\\/crpmlm\\\/\"},{\"@type\":\"ListItem\",\"position\":2,\"name\":\"Tierra del Fuego: Paritaria unilateral y una nueva exoneraci\u00f3n\"}]},{\"@type\":\"WebSite\",\"@id\":\"https:\\\/\\\/vamosporlaliberacion.org\\\/crpmlm\\\/#website\",\"url\":\"https:\\\/\\\/vamosporlaliberacion.org\\\/crpmlm\\\/\",\"name\":\"Vamos por la Liberaci\u00f3n\",\"description\":\"Prensa CR\",\"potentialAction\":[{\"@type\":\"SearchAction\",\"target\":{\"@type\":\"EntryPoint\",\"urlTemplate\":\"https:\\\/\\\/vamosporlaliberacion.org\\\/crpmlm\\\/?s={search_term_string}\"},\"query-input\":{\"@type\":\"PropertyValueSpecification\",\"valueRequired\":true,\"valueName\":\"search_term_string\"}}],\"inLanguage\":\"es\"},{\"@type\":\"Person\",\"@id\":\"\",\"url\":\"http:\\\/\\\/vamosporlaliberacion.org\\\/crpmlm\\\/author\\\/\"}]}<\/script>\n<!-- \/ Yoast SEO plugin. -->","yoast_head_json":{"title":"Tierra del Fuego: Paritaria unilateral y una nueva exoneraci\u00f3n - Vamos por la Liberaci\u00f3n","robots":{"index":"index","follow":"follow","max-snippet":"max-snippet:-1","max-image-preview":"max-image-preview:large","max-video-preview":"max-video-preview:-1"},"canonical":"http:\/\/vamosporlaliberacion.org\/crpmlm\/tierra-del-fuego-paritaria-unilateral-y-una-nueva-exoneracion\/","twitter_misc":{"Escrito por":"","Tiempo de lectura":"2 minutos"},"schema":{"@context":"https:\/\/schema.org","@graph":[{"@type":"Article","@id":"http:\/\/vamosporlaliberacion.org\/crpmlm\/tierra-del-fuego-paritaria-unilateral-y-una-nueva-exoneracion\/#article","isPartOf":{"@id":"http:\/\/vamosporlaliberacion.org\/crpmlm\/tierra-del-fuego-paritaria-unilateral-y-una-nueva-exoneracion\/"},"author":{"name":"","@id":""},"headline":"Tierra del Fuego: Paritaria unilateral y una nueva exoneraci\u00f3n","datePublished":"2019-03-22T15:26:04+00:00","dateModified":"2020-10-25T22:39:35+00:00","mainEntityOfPage":{"@id":"http:\/\/vamosporlaliberacion.org\/crpmlm\/tierra-del-fuego-paritaria-unilateral-y-una-nueva-exoneracion\/"},"wordCount":389,"commentCount":0,"image":{"@id":"http:\/\/vamosporlaliberacion.org\/crpmlm\/tierra-del-fuego-paritaria-unilateral-y-una-nueva-exoneracion\/#primaryimage"},"thumbnailUrl":"https:\/\/i0.wp.com\/vamosporlaliberacion.org\/crpmlm\/wp-content\/uploads\/2019\/03\/53244294_2239959299555815_7590306285573111808_o.jpg?fit=1316%2C640&ssl=1","keywords":["destacado 2","paritarias","Paro","Tierra del Fuego","vxl 137"],"articleSection":["Actualidad e historia del movimiento obrero"],"inLanguage":"es","potentialAction":[{"@type":"CommentAction","name":"Comment","target":["http:\/\/vamosporlaliberacion.org\/crpmlm\/tierra-del-fuego-paritaria-unilateral-y-una-nueva-exoneracion\/#respond"]}]},{"@type":"WebPage","@id":"http:\/\/vamosporlaliberacion.org\/crpmlm\/tierra-del-fuego-paritaria-unilateral-y-una-nueva-exoneracion\/","url":"http:\/\/vamosporlaliberacion.org\/crpmlm\/tierra-del-fuego-paritaria-unilateral-y-una-nueva-exoneracion\/","name":"Tierra del Fuego: Paritaria unilateral y una nueva exoneraci\u00f3n - Vamos por la Liberaci\u00f3n","isPartOf":{"@id":"https:\/\/vamosporlaliberacion.org\/crpmlm\/#website"},"primaryImageOfPage":{"@id":"http:\/\/vamosporlaliberacion.org\/crpmlm\/tierra-del-fuego-paritaria-unilateral-y-una-nueva-exoneracion\/#primaryimage"},"image":{"@id":"http:\/\/vamosporlaliberacion.org\/crpmlm\/tierra-del-fuego-paritaria-unilateral-y-una-nueva-exoneracion\/#primaryimage"},"thumbnailUrl":"https:\/\/i0.wp.com\/vamosporlaliberacion.org\/crpmlm\/wp-content\/uploads\/2019\/03\/53244294_2239959299555815_7590306285573111808_o.jpg?fit=1316%2C640&ssl=1","datePublished":"2019-03-22T15:26:04+00:00","dateModified":"2020-10-25T22:39:35+00:00","author":{"@id":""},"breadcrumb":{"@id":"http:\/\/vamosporlaliberacion.org\/crpmlm\/tierra-del-fuego-paritaria-unilateral-y-una-nueva-exoneracion\/#breadcrumb"},"inLanguage":"es","potentialAction":[{"@type":"ReadAction","target":["http:\/\/vamosporlaliberacion.org\/crpmlm\/tierra-del-fuego-paritaria-unilateral-y-una-nueva-exoneracion\/"]}]},{"@type":"ImageObject","inLanguage":"es","@id":"http:\/\/vamosporlaliberacion.org\/crpmlm\/tierra-del-fuego-paritaria-unilateral-y-una-nueva-exoneracion\/#primaryimage","url":"https:\/\/i0.wp.com\/vamosporlaliberacion.org\/crpmlm\/wp-content\/uploads\/2019\/03\/53244294_2239959299555815_7590306285573111808_o.jpg?fit=1316%2C640&ssl=1","contentUrl":"https:\/\/i0.wp.com\/vamosporlaliberacion.org\/crpmlm\/wp-content\/uploads\/2019\/03\/53244294_2239959299555815_7590306285573111808_o.jpg?fit=1316%2C640&ssl=1","width":1316,"height":640},{"@type":"BreadcrumbList","@id":"http:\/\/vamosporlaliberacion.org\/crpmlm\/tierra-del-fuego-paritaria-unilateral-y-una-nueva-exoneracion\/#breadcrumb","itemListElement":[{"@type":"ListItem","position":1,"name":"Portada","item":"https:\/\/vamosporlaliberacion.org\/crpmlm\/"},{"@type":"ListItem","position":2,"name":"Tierra del Fuego: Paritaria unilateral y una nueva exoneraci\u00f3n"}]},{"@type":"WebSite","@id":"https:\/\/vamosporlaliberacion.org\/crpmlm\/#website","url":"https:\/\/vamosporlaliberacion.org\/crpmlm\/","name":"Vamos por la Liberaci\u00f3n","description":"Prensa CR","potentialAction":[{"@type":"SearchAction","target":{"@type":"EntryPoint","urlTemplate":"https:\/\/vamosporlaliberacion.org\/crpmlm\/?s={search_term_string}"},"query-input":{"@type":"PropertyValueSpecification","valueRequired":true,"valueName":"search_term_string"}}],"inLanguage":"es"},{"@type":"Person","@id":"","url":"http:\/\/vamosporlaliberacion.org\/crpmlm\/author\/"}]}},"jetpack_featured_media_url":"https:\/\/i0.wp.com\/vamosporlaliberacion.org\/crpmlm\/wp-content\/uploads\/2019\/03\/53244294_2239959299555815_7590306285573111808_o.jpg?fit=1316%2C640&ssl=1","jetpack_sharing_enabled":true,"_links":{"self":[{"href":"http:\/\/vamosporlaliberacion.org\/crpmlm\/wp-json\/wp\/v2\/posts\/13340","targetHints":{"allow":["GET"]}}],"collection":[{"href":"http:\/\/vamosporlaliberacion.org\/crpmlm\/wp-json\/wp\/v2\/posts"}],"about":[{"href":"http:\/\/vamosporlaliberacion.org\/crpmlm\/wp-json\/wp\/v2\/types\/post"}],"author":[{"embeddable":true,"href":"http:\/\/vamosporlaliberacion.org\/crpmlm\/wp-json\/wp\/v2\/users\/5"}],"replies":[{"embeddable":true,"href":"http:\/\/vamosporlaliberacion.org\/crpmlm\/wp-json\/wp\/v2\/comments?post=13340"}],"version-history":[{"count":1,"href":"http:\/\/vamosporlaliberacion.org\/crpmlm\/wp-json\/wp\/v2\/posts\/13340\/revisions"}],"predecessor-version":[{"id":20538,"href":"http:\/\/vamosporlaliberacion.org\/crpmlm\/wp-json\/wp\/v2\/posts\/13340\/revisions\/20538"}],"wp:featuredmedia":[{"embeddable":true,"href":"http:\/\/vamosporlaliberacion.org\/crpmlm\/wp-json\/wp\/v2\/media\/13341"}],"wp:attachment":[{"href":"http:\/\/vamosporlaliberacion.org\/crpmlm\/wp-json\/wp\/v2\/media?parent=13340"}],"wp:term":[{"taxonomy":"category","embeddable":true,"href":"http:\/\/vamosporlaliberacion.org\/crpmlm\/wp-json\/wp\/v2\/categories?post=13340"},{"taxonomy":"post_tag","embeddable":true,"href":"http:\/\/vamosporlaliberacion.org\/crpmlm\/wp-json\/wp\/v2\/tags?post=13340"}],"curies":[{"name":"wp","href":"https:\/\/api.w.org\/{rel}","templated":true}]}}