{"id":13338,"date":"2019-03-22T12:20:44","date_gmt":"2019-03-22T15:20:44","guid":{"rendered":"http:\/\/vamosporlaliberacion.org\/crpmlm\/?p=13338"},"modified":"2019-03-22T12:20:44","modified_gmt":"2019-03-22T15:20:44","slug":"mas-deuda-bicicleta-y-recesion","status":"publish","type":"post","link":"http:\/\/vamosporlaliberacion.org\/crpmlm\/mas-deuda-bicicleta-y-recesion\/","title":{"rendered":"M\u00e1s deuda, bicicleta y recesi\u00f3n"},"content":{"rendered":"<p>Con la papa caliente de la inflaci\u00f3n de febrero de 3,9% (6,9% acumulado en dos meses) y una nueva agitaci\u00f3n del d\u00f3lar, el ministro de econom\u00eda Dujovne viaj\u00f3 a EEUU para negociar la \u201cautorizaci\u00f3n\u201d del FMI a la venta de d\u00f3lares en el mercado para mantener a raya el tipo de cambio.<\/p>\n<p>El Fondo dio luz verde para que vendan 9600 millones de d\u00f3lares hasta diciembre, aunque es apenas 200 millones m\u00e1s por mes sobre el acuerdo anterior. Para el FMI, el ajuste fiscal y los d\u00f3lares que env\u00eda al gobierno de Macri deben garantizar en primer lugar el cumplimiento de los vencimientos de capital e intereses de la deuda externa.<\/p>\n<h2>Bicicleta y recesi\u00f3n<\/h2>\n<p>La medida preferida por el macrismo para disminuir la demanda de d\u00f3lares en el mercado fueron primero las Lebac y ahora la Leliq. As\u00ed, para frenar la reciente corrida que llev\u00f3 a marcar $43 por cada d\u00f3lar, el BCRA volvi\u00f3 a subir la tasa de inter\u00e9s que paga por las Leliq a 63% anual.<\/p>\n<p>Estas Leliq son deuda de corto plazo (vencen a 7 d\u00edas) que el BCRA emite exclusivamente para los Bancos. El stock de Leliq ya supera el bill\u00f3n de pesos. Con las Lebac (antecesoras de estas Leliq) ya se hab\u00edan pagado hasta septiembre del a\u00f1o pasado 25.000 millones de d\u00f3lares de intereses, monto que invertido en la producci\u00f3n podr\u00eda haber generado un crecimiento del PBI que algunos c\u00e1lculos estiman en el 6% . Ahora, el pago de estos intereses de Leliq a los Bancos para contener un nuevo salto devaluatorio le est\u00e1 consumiendo al BCRA 2.000 millones de pesos por d\u00eda: muy alto costo para tan s\u00f3lo demorar una nueva corrida cambiaria, que adem\u00e1s lleva a hundir cada vez m\u00e1s la actividad econ\u00f3mica en la debacle de la recesi\u00f3n.<\/p>\n<h2>Deuda externa y fuga<\/h2>\n<p>Con los d\u00f3lares pedidos al FMI, el gobierno de Cambiemos tambi\u00e9n sigue aumentando la deuda externa. La deuda p\u00fablica total de la administraci\u00f3n central era en diciembre de 2015 222.000 millones de d\u00f3lares, mientras que a septiembre de 2018 ya hab\u00eda ascendido a 305.000 millones de d\u00f3lares. Pero adem\u00e1s, dentro del total, la deuda externa pas\u00f3 de 63.600 millones de d\u00f3lares a 144.800 millones de d\u00f3lares (un endeudamiento externo de 81.000 millones).<\/p>\n<p>Sin embargo, tan s\u00f3lo la fuga de capitales (contabilizando la \u201cFormaci\u00f3n de Activos Externos del sector privado no financiero\u201d) durante el macrismo sum\u00f3 61.000 millones de d\u00f3lares hasta enero de 2019.<\/p>\n<p>Por otro lado, crecen sin detenerse los vencimientos de capital e intereses de la deuda externa: en 2019 ser\u00e1n de 58.000 millones de d\u00f3lares (44.000 millones de capital y 14.000 millones de intereses). Y en los pr\u00f3ximos cinco a\u00f1os sumar\u00edan 197.000 millones de d\u00f3lares. Gracias al mega-endeudamiento y a la devaluaci\u00f3n de este gobierno, la deuda p\u00fablica ya equivale al 100% del PBI.<\/p>\n<p>El brutal ajuste del gasto p\u00fablico que lleva adelante el gobierno no es para detener la inflaci\u00f3n \u2013como pretende argumentar el macrismo\u2013 sino para garantizar el pago de los vencimientos de la deuda externa. Por eso con este ajuste, el pretendido \u201cequilibrio fiscal\u201d no incluyen el pago de intereses de la deuda, como se demuestra en los dos primeros meses del a\u00f1o: entre enero y febrero el resultado primario fue superavitario en 23.384 millones de pesos, pero como se pagaron 88.328 millones de pesos de intereses el resultado financiero fue deficitario en 64.944 millones.<\/p>\n<!-- AddThis Advanced Settings generic via filter on the_content --><!-- AddThis Share Buttons generic via filter on the_content -->","protected":false},"excerpt":{"rendered":"<p>Con la papa caliente de la inflaci\u00f3n de febrero de 3,9% (6,9% acumulado en dos meses) y una nueva agitaci\u00f3n del d\u00f3lar, el ministro de econom\u00eda Dujovne viaj\u00f3 a EEUU para negociar la \u201cautorizaci\u00f3n\u201d del FMI a la venta de d\u00f3lares en el mercado para mantener a raya el tipo de cambio. El Fondo dio [&hellip;]<!-- AddThis Advanced Settings generic via filter on get_the_excerpt --><!-- AddThis Share Buttons generic via filter on get_the_excerpt --><\/p>\n","protected":false},"author":5,"featured_media":0,"comment_status":"open","ping_status":"open","sticky":false,"template":"","format":"standard","meta":{"_jetpack_memberships_contains_paid_content":false,"footnotes":""},"categories":[1699],"tags":[84,337,1283],"class_list":{"0":"post-13338","1":"post","2":"type-post","3":"status-publish","4":"format-standard","6":"category-noticias","7":"tag-deuda-externa","8":"tag-inflacion","9":"tag-vxl-137"},"yoast_head":"<!-- This site is optimized with the Yoast SEO plugin v27.4 - https:\/\/yoast.com\/product\/yoast-seo-wordpress\/ -->\n<title>M\u00e1s deuda, bicicleta y recesi\u00f3n - Vamos por la Liberaci\u00f3n<\/title>\n<meta name=\"robots\" content=\"index, follow, max-snippet:-1, max-image-preview:large, max-video-preview:-1\" \/>\n<link rel=\"canonical\" href=\"http:\/\/vamosporlaliberacion.org\/crpmlm\/mas-deuda-bicicleta-y-recesion\/\" \/>\n<meta name=\"twitter:label1\" content=\"Escrito por\" \/>\n\t<meta name=\"twitter:data1\" content=\"\" \/>\n\t<meta name=\"twitter:label2\" content=\"Tiempo de lectura\" \/>\n\t<meta name=\"twitter:data2\" content=\"3 minutos\" \/>\n<script type=\"application\/ld+json\" class=\"yoast-schema-graph\">{\"@context\":\"https:\\\/\\\/schema.org\",\"@graph\":[{\"@type\":\"Article\",\"@id\":\"http:\\\/\\\/vamosporlaliberacion.org\\\/crpmlm\\\/mas-deuda-bicicleta-y-recesion\\\/#article\",\"isPartOf\":{\"@id\":\"http:\\\/\\\/vamosporlaliberacion.org\\\/crpmlm\\\/mas-deuda-bicicleta-y-recesion\\\/\"},\"author\":{\"name\":\"\",\"@id\":\"\"},\"headline\":\"M\u00e1s deuda, bicicleta y recesi\u00f3n\",\"datePublished\":\"2019-03-22T15:20:44+00:00\",\"mainEntityOfPage\":{\"@id\":\"http:\\\/\\\/vamosporlaliberacion.org\\\/crpmlm\\\/mas-deuda-bicicleta-y-recesion\\\/\"},\"wordCount\":590,\"commentCount\":0,\"keywords\":[\"Deuda externa\",\"inflaci\u00f3n\",\"vxl 137\"],\"articleSection\":[\"Noticias\"],\"inLanguage\":\"es\",\"potentialAction\":[{\"@type\":\"CommentAction\",\"name\":\"Comment\",\"target\":[\"http:\\\/\\\/vamosporlaliberacion.org\\\/crpmlm\\\/mas-deuda-bicicleta-y-recesion\\\/#respond\"]}]},{\"@type\":\"WebPage\",\"@id\":\"http:\\\/\\\/vamosporlaliberacion.org\\\/crpmlm\\\/mas-deuda-bicicleta-y-recesion\\\/\",\"url\":\"http:\\\/\\\/vamosporlaliberacion.org\\\/crpmlm\\\/mas-deuda-bicicleta-y-recesion\\\/\",\"name\":\"M\u00e1s deuda, bicicleta y recesi\u00f3n - Vamos por la Liberaci\u00f3n\",\"isPartOf\":{\"@id\":\"https:\\\/\\\/vamosporlaliberacion.org\\\/crpmlm\\\/#website\"},\"datePublished\":\"2019-03-22T15:20:44+00:00\",\"author\":{\"@id\":\"\"},\"breadcrumb\":{\"@id\":\"http:\\\/\\\/vamosporlaliberacion.org\\\/crpmlm\\\/mas-deuda-bicicleta-y-recesion\\\/#breadcrumb\"},\"inLanguage\":\"es\",\"potentialAction\":[{\"@type\":\"ReadAction\",\"target\":[\"http:\\\/\\\/vamosporlaliberacion.org\\\/crpmlm\\\/mas-deuda-bicicleta-y-recesion\\\/\"]}]},{\"@type\":\"BreadcrumbList\",\"@id\":\"http:\\\/\\\/vamosporlaliberacion.org\\\/crpmlm\\\/mas-deuda-bicicleta-y-recesion\\\/#breadcrumb\",\"itemListElement\":[{\"@type\":\"ListItem\",\"position\":1,\"name\":\"Portada\",\"item\":\"https:\\\/\\\/vamosporlaliberacion.org\\\/crpmlm\\\/\"},{\"@type\":\"ListItem\",\"position\":2,\"name\":\"M\u00e1s deuda, bicicleta y recesi\u00f3n\"}]},{\"@type\":\"WebSite\",\"@id\":\"https:\\\/\\\/vamosporlaliberacion.org\\\/crpmlm\\\/#website\",\"url\":\"https:\\\/\\\/vamosporlaliberacion.org\\\/crpmlm\\\/\",\"name\":\"Vamos por la Liberaci\u00f3n\",\"description\":\"Prensa CR\",\"potentialAction\":[{\"@type\":\"SearchAction\",\"target\":{\"@type\":\"EntryPoint\",\"urlTemplate\":\"https:\\\/\\\/vamosporlaliberacion.org\\\/crpmlm\\\/?s={search_term_string}\"},\"query-input\":{\"@type\":\"PropertyValueSpecification\",\"valueRequired\":true,\"valueName\":\"search_term_string\"}}],\"inLanguage\":\"es\"},{\"@type\":\"Person\",\"@id\":\"\",\"url\":\"http:\\\/\\\/vamosporlaliberacion.org\\\/crpmlm\\\/author\\\/\"}]}<\/script>\n<!-- \/ Yoast SEO plugin. -->","yoast_head_json":{"title":"M\u00e1s deuda, bicicleta y recesi\u00f3n - Vamos por la Liberaci\u00f3n","robots":{"index":"index","follow":"follow","max-snippet":"max-snippet:-1","max-image-preview":"max-image-preview:large","max-video-preview":"max-video-preview:-1"},"canonical":"http:\/\/vamosporlaliberacion.org\/crpmlm\/mas-deuda-bicicleta-y-recesion\/","twitter_misc":{"Escrito por":"","Tiempo de lectura":"3 minutos"},"schema":{"@context":"https:\/\/schema.org","@graph":[{"@type":"Article","@id":"http:\/\/vamosporlaliberacion.org\/crpmlm\/mas-deuda-bicicleta-y-recesion\/#article","isPartOf":{"@id":"http:\/\/vamosporlaliberacion.org\/crpmlm\/mas-deuda-bicicleta-y-recesion\/"},"author":{"name":"","@id":""},"headline":"M\u00e1s deuda, bicicleta y recesi\u00f3n","datePublished":"2019-03-22T15:20:44+00:00","mainEntityOfPage":{"@id":"http:\/\/vamosporlaliberacion.org\/crpmlm\/mas-deuda-bicicleta-y-recesion\/"},"wordCount":590,"commentCount":0,"keywords":["Deuda externa","inflaci\u00f3n","vxl 137"],"articleSection":["Noticias"],"inLanguage":"es","potentialAction":[{"@type":"CommentAction","name":"Comment","target":["http:\/\/vamosporlaliberacion.org\/crpmlm\/mas-deuda-bicicleta-y-recesion\/#respond"]}]},{"@type":"WebPage","@id":"http:\/\/vamosporlaliberacion.org\/crpmlm\/mas-deuda-bicicleta-y-recesion\/","url":"http:\/\/vamosporlaliberacion.org\/crpmlm\/mas-deuda-bicicleta-y-recesion\/","name":"M\u00e1s deuda, bicicleta y recesi\u00f3n - Vamos por la Liberaci\u00f3n","isPartOf":{"@id":"https:\/\/vamosporlaliberacion.org\/crpmlm\/#website"},"datePublished":"2019-03-22T15:20:44+00:00","author":{"@id":""},"breadcrumb":{"@id":"http:\/\/vamosporlaliberacion.org\/crpmlm\/mas-deuda-bicicleta-y-recesion\/#breadcrumb"},"inLanguage":"es","potentialAction":[{"@type":"ReadAction","target":["http:\/\/vamosporlaliberacion.org\/crpmlm\/mas-deuda-bicicleta-y-recesion\/"]}]},{"@type":"BreadcrumbList","@id":"http:\/\/vamosporlaliberacion.org\/crpmlm\/mas-deuda-bicicleta-y-recesion\/#breadcrumb","itemListElement":[{"@type":"ListItem","position":1,"name":"Portada","item":"https:\/\/vamosporlaliberacion.org\/crpmlm\/"},{"@type":"ListItem","position":2,"name":"M\u00e1s deuda, bicicleta y recesi\u00f3n"}]},{"@type":"WebSite","@id":"https:\/\/vamosporlaliberacion.org\/crpmlm\/#website","url":"https:\/\/vamosporlaliberacion.org\/crpmlm\/","name":"Vamos por la Liberaci\u00f3n","description":"Prensa CR","potentialAction":[{"@type":"SearchAction","target":{"@type":"EntryPoint","urlTemplate":"https:\/\/vamosporlaliberacion.org\/crpmlm\/?s={search_term_string}"},"query-input":{"@type":"PropertyValueSpecification","valueRequired":true,"valueName":"search_term_string"}}],"inLanguage":"es"},{"@type":"Person","@id":"","url":"http:\/\/vamosporlaliberacion.org\/crpmlm\/author\/"}]}},"jetpack_featured_media_url":"","jetpack_sharing_enabled":true,"_links":{"self":[{"href":"http:\/\/vamosporlaliberacion.org\/crpmlm\/wp-json\/wp\/v2\/posts\/13338","targetHints":{"allow":["GET"]}}],"collection":[{"href":"http:\/\/vamosporlaliberacion.org\/crpmlm\/wp-json\/wp\/v2\/posts"}],"about":[{"href":"http:\/\/vamosporlaliberacion.org\/crpmlm\/wp-json\/wp\/v2\/types\/post"}],"author":[{"embeddable":true,"href":"http:\/\/vamosporlaliberacion.org\/crpmlm\/wp-json\/wp\/v2\/users\/5"}],"replies":[{"embeddable":true,"href":"http:\/\/vamosporlaliberacion.org\/crpmlm\/wp-json\/wp\/v2\/comments?post=13338"}],"version-history":[{"count":0,"href":"http:\/\/vamosporlaliberacion.org\/crpmlm\/wp-json\/wp\/v2\/posts\/13338\/revisions"}],"wp:attachment":[{"href":"http:\/\/vamosporlaliberacion.org\/crpmlm\/wp-json\/wp\/v2\/media?parent=13338"}],"wp:term":[{"taxonomy":"category","embeddable":true,"href":"http:\/\/vamosporlaliberacion.org\/crpmlm\/wp-json\/wp\/v2\/categories?post=13338"},{"taxonomy":"post_tag","embeddable":true,"href":"http:\/\/vamosporlaliberacion.org\/crpmlm\/wp-json\/wp\/v2\/tags?post=13338"}],"curies":[{"name":"wp","href":"https:\/\/api.w.org\/{rel}","templated":true}]}}