{"id":13133,"date":"2019-02-22T19:18:03","date_gmt":"2019-02-22T22:18:03","guid":{"rendered":"http:\/\/vamosporlaliberacion.org\/crpmlm\/?p=13133"},"modified":"2019-02-22T19:36:04","modified_gmt":"2019-02-22T22:36:04","slug":"tarifazo-vecinos-estudiantes-y-artistas-movilizados-en-la-plata","status":"publish","type":"post","link":"http:\/\/vamosporlaliberacion.org\/crpmlm\/tarifazo-vecinos-estudiantes-y-artistas-movilizados-en-la-plata\/","title":{"rendered":"Tarifazo: Vecinos, estudiantes y artistas movilizados en La Plata"},"content":{"rendered":"<p>En el marco de la campa\u00f1a Ciudadanos contra el Tarifazo, se realiz\u00f3 la 8\u00ba manifestaci\u00f3n de los viernes con el ruidazo habitual en 7 y 50. El ruidazo comenz\u00f3 a manifestarse despu\u00e9s de aquel 28 de diciembre pasado, cuando el ministro Guillermo Dietrich anunci\u00f3 los aumentos para el 2019 de transporte, adem\u00e1s de los nuevos tarifazos de los servicios de Gas, Agua y Electricidad que se anunciaron previamente. Este nuevo hachazo al bolsillo de los trabajadores provoc\u00f3 una reacci\u00f3n inmediata en la gente que sali\u00f3 espont\u00e1neamente a las calles a manifestar su repudio ante semejante robo al bolsillo.<\/p>\n<p>Las convocatorias, luego, comenzaron a hacerse por Whatsapp y Facebook, ya que casi todos los medios gr\u00e1ficos y televisivos brillaron por su ausencia. Aun as\u00ed, cada viernes se suma m\u00e1s gente al ruidazo. Tal es as\u00ed que el viernes pasado se manifestaron los estudiantes nucleados en la FULP y el Colectivo de Artistas Latinoamericanos, con gran participaci\u00f3n, pidiendo tambi\u00e9n por reivindicaciones propias.<\/p>\n<p>Queda pendiente para la semana entrante el escrache previsto a ABSA \u2013como se hizo ya con CAMUZZI Y EDELAP\u2013, que no se pudo realizar la semana pasada debido al mal tiempo. Asimismo se realizaron otros ruidazos en distintos puntos de La Plata: adem\u00e1s del cl\u00e1sico de 7 y 50, hubo en 19 y 68, 122 y 66, 137 y 60, Arana y Centenario (Villa Elisa), Cantilo y Centenario (City Bell) y Montevideo y 11 (Berisso).<\/p>\n<p>Cabe destacar que en pleno ruidazo, mesa mediante, se organiz\u00f3 una juntada de firmas para la campa\u00f1a #YoNoLlego, que impulsa a nivel nacional la CTA Aut\u00f3noma, pidiendo por la condonaci\u00f3n de la deuda familiar, deuda que se incrementa cada vez m\u00e1s por los intereses de las tarjetas usurarias. La misma fue muy bien recibida por todos los ciudadanos ya que se volcaron a firmar las planillas y se recogieron 112 firmas. El martes 19 se realizar\u00e1 nueva reuni\u00f3n para realizar balance y pasos a seguir.<\/p>\n<p style=\"text-align: right;\">Corresponsal<\/p>\n<!-- AddThis Advanced Settings generic via filter on the_content --><!-- AddThis Share Buttons generic via filter on the_content -->","protected":false},"excerpt":{"rendered":"<p>En el marco de la campa\u00f1a Ciudadanos contra el Tarifazo, se realiz\u00f3 la 8\u00ba manifestaci\u00f3n de los viernes con el ruidazo habitual en 7 y 50. El ruidazo comenz\u00f3 a manifestarse despu\u00e9s de aquel 28 de diciembre pasado, cuando el ministro Guillermo Dietrich anunci\u00f3 los aumentos para el 2019 de transporte, adem\u00e1s de los nuevos [&hellip;]<!-- AddThis Advanced Settings generic via filter on get_the_excerpt --><!-- AddThis Share Buttons generic via filter on get_the_excerpt --><\/p>\n","protected":false},"author":5,"featured_media":13107,"comment_status":"open","ping_status":"open","sticky":false,"template":"","format":"standard","meta":{"_jetpack_memberships_contains_paid_content":false,"footnotes":""},"categories":[1699],"tags":[524,1273],"class_list":{"0":"post-13133","1":"post","2":"type-post","3":"status-publish","4":"format-standard","5":"has-post-thumbnail","7":"category-noticias","8":"tag-tarifazo","9":"tag-vxl-135"},"yoast_head":"<!-- This site is optimized with the Yoast SEO plugin v27.4 - https:\/\/yoast.com\/product\/yoast-seo-wordpress\/ -->\n<title>Tarifazo: Vecinos, estudiantes y artistas movilizados en La Plata - Vamos por la Liberaci\u00f3n<\/title>\n<meta name=\"robots\" content=\"index, follow, max-snippet:-1, max-image-preview:large, max-video-preview:-1\" \/>\n<link rel=\"canonical\" href=\"http:\/\/vamosporlaliberacion.org\/crpmlm\/tarifazo-vecinos-estudiantes-y-artistas-movilizados-en-la-plata\/\" \/>\n<meta name=\"twitter:label1\" content=\"Escrito por\" \/>\n\t<meta name=\"twitter:data1\" content=\"\" \/>\n\t<meta name=\"twitter:label2\" content=\"Tiempo de lectura\" \/>\n\t<meta name=\"twitter:data2\" content=\"2 minutos\" \/>\n<script type=\"application\/ld+json\" class=\"yoast-schema-graph\">{\"@context\":\"https:\\\/\\\/schema.org\",\"@graph\":[{\"@type\":\"Article\",\"@id\":\"http:\\\/\\\/vamosporlaliberacion.org\\\/crpmlm\\\/tarifazo-vecinos-estudiantes-y-artistas-movilizados-en-la-plata\\\/#article\",\"isPartOf\":{\"@id\":\"http:\\\/\\\/vamosporlaliberacion.org\\\/crpmlm\\\/tarifazo-vecinos-estudiantes-y-artistas-movilizados-en-la-plata\\\/\"},\"author\":{\"name\":\"\",\"@id\":\"\"},\"headline\":\"Tarifazo: Vecinos, estudiantes y artistas movilizados en La Plata\",\"datePublished\":\"2019-02-22T22:18:03+00:00\",\"dateModified\":\"2019-02-22T22:36:04+00:00\",\"mainEntityOfPage\":{\"@id\":\"http:\\\/\\\/vamosporlaliberacion.org\\\/crpmlm\\\/tarifazo-vecinos-estudiantes-y-artistas-movilizados-en-la-plata\\\/\"},\"wordCount\":331,\"commentCount\":0,\"image\":{\"@id\":\"http:\\\/\\\/vamosporlaliberacion.org\\\/crpmlm\\\/tarifazo-vecinos-estudiantes-y-artistas-movilizados-en-la-plata\\\/#primaryimage\"},\"thumbnailUrl\":\"https:\\\/\\\/i0.wp.com\\\/vamosporlaliberacion.org\\\/crpmlm\\\/wp-content\\\/uploads\\\/2019\\\/02\\\/WhatsApp-Image-2019-02-15-at-8.31.27-PM.jpeg?fit=1280%2C722&ssl=1\",\"keywords\":[\"tarifazo\",\"vxl 135\"],\"articleSection\":[\"Noticias\"],\"inLanguage\":\"es\",\"potentialAction\":[{\"@type\":\"CommentAction\",\"name\":\"Comment\",\"target\":[\"http:\\\/\\\/vamosporlaliberacion.org\\\/crpmlm\\\/tarifazo-vecinos-estudiantes-y-artistas-movilizados-en-la-plata\\\/#respond\"]}]},{\"@type\":\"WebPage\",\"@id\":\"http:\\\/\\\/vamosporlaliberacion.org\\\/crpmlm\\\/tarifazo-vecinos-estudiantes-y-artistas-movilizados-en-la-plata\\\/\",\"url\":\"http:\\\/\\\/vamosporlaliberacion.org\\\/crpmlm\\\/tarifazo-vecinos-estudiantes-y-artistas-movilizados-en-la-plata\\\/\",\"name\":\"Tarifazo: Vecinos, estudiantes y artistas movilizados en La Plata - Vamos por la Liberaci\u00f3n\",\"isPartOf\":{\"@id\":\"https:\\\/\\\/vamosporlaliberacion.org\\\/crpmlm\\\/#website\"},\"primaryImageOfPage\":{\"@id\":\"http:\\\/\\\/vamosporlaliberacion.org\\\/crpmlm\\\/tarifazo-vecinos-estudiantes-y-artistas-movilizados-en-la-plata\\\/#primaryimage\"},\"image\":{\"@id\":\"http:\\\/\\\/vamosporlaliberacion.org\\\/crpmlm\\\/tarifazo-vecinos-estudiantes-y-artistas-movilizados-en-la-plata\\\/#primaryimage\"},\"thumbnailUrl\":\"https:\\\/\\\/i0.wp.com\\\/vamosporlaliberacion.org\\\/crpmlm\\\/wp-content\\\/uploads\\\/2019\\\/02\\\/WhatsApp-Image-2019-02-15-at-8.31.27-PM.jpeg?fit=1280%2C722&ssl=1\",\"datePublished\":\"2019-02-22T22:18:03+00:00\",\"dateModified\":\"2019-02-22T22:36:04+00:00\",\"author\":{\"@id\":\"\"},\"breadcrumb\":{\"@id\":\"http:\\\/\\\/vamosporlaliberacion.org\\\/crpmlm\\\/tarifazo-vecinos-estudiantes-y-artistas-movilizados-en-la-plata\\\/#breadcrumb\"},\"inLanguage\":\"es\",\"potentialAction\":[{\"@type\":\"ReadAction\",\"target\":[\"http:\\\/\\\/vamosporlaliberacion.org\\\/crpmlm\\\/tarifazo-vecinos-estudiantes-y-artistas-movilizados-en-la-plata\\\/\"]}]},{\"@type\":\"ImageObject\",\"inLanguage\":\"es\",\"@id\":\"http:\\\/\\\/vamosporlaliberacion.org\\\/crpmlm\\\/tarifazo-vecinos-estudiantes-y-artistas-movilizados-en-la-plata\\\/#primaryimage\",\"url\":\"https:\\\/\\\/i0.wp.com\\\/vamosporlaliberacion.org\\\/crpmlm\\\/wp-content\\\/uploads\\\/2019\\\/02\\\/WhatsApp-Image-2019-02-15-at-8.31.27-PM.jpeg?fit=1280%2C722&ssl=1\",\"contentUrl\":\"https:\\\/\\\/i0.wp.com\\\/vamosporlaliberacion.org\\\/crpmlm\\\/wp-content\\\/uploads\\\/2019\\\/02\\\/WhatsApp-Image-2019-02-15-at-8.31.27-PM.jpeg?fit=1280%2C722&ssl=1\",\"width\":1280,\"height\":722},{\"@type\":\"BreadcrumbList\",\"@id\":\"http:\\\/\\\/vamosporlaliberacion.org\\\/crpmlm\\\/tarifazo-vecinos-estudiantes-y-artistas-movilizados-en-la-plata\\\/#breadcrumb\",\"itemListElement\":[{\"@type\":\"ListItem\",\"position\":1,\"name\":\"Portada\",\"item\":\"https:\\\/\\\/vamosporlaliberacion.org\\\/crpmlm\\\/\"},{\"@type\":\"ListItem\",\"position\":2,\"name\":\"Tarifazo: Vecinos, estudiantes y artistas movilizados en La Plata\"}]},{\"@type\":\"WebSite\",\"@id\":\"https:\\\/\\\/vamosporlaliberacion.org\\\/crpmlm\\\/#website\",\"url\":\"https:\\\/\\\/vamosporlaliberacion.org\\\/crpmlm\\\/\",\"name\":\"Vamos por la Liberaci\u00f3n\",\"description\":\"Prensa CR\",\"potentialAction\":[{\"@type\":\"SearchAction\",\"target\":{\"@type\":\"EntryPoint\",\"urlTemplate\":\"https:\\\/\\\/vamosporlaliberacion.org\\\/crpmlm\\\/?s={search_term_string}\"},\"query-input\":{\"@type\":\"PropertyValueSpecification\",\"valueRequired\":true,\"valueName\":\"search_term_string\"}}],\"inLanguage\":\"es\"},{\"@type\":\"Person\",\"@id\":\"\",\"url\":\"http:\\\/\\\/vamosporlaliberacion.org\\\/crpmlm\\\/author\\\/\"}]}<\/script>\n<!-- \/ Yoast SEO plugin. -->","yoast_head_json":{"title":"Tarifazo: Vecinos, estudiantes y artistas movilizados en La Plata - Vamos por la Liberaci\u00f3n","robots":{"index":"index","follow":"follow","max-snippet":"max-snippet:-1","max-image-preview":"max-image-preview:large","max-video-preview":"max-video-preview:-1"},"canonical":"http:\/\/vamosporlaliberacion.org\/crpmlm\/tarifazo-vecinos-estudiantes-y-artistas-movilizados-en-la-plata\/","twitter_misc":{"Escrito por":"","Tiempo de lectura":"2 minutos"},"schema":{"@context":"https:\/\/schema.org","@graph":[{"@type":"Article","@id":"http:\/\/vamosporlaliberacion.org\/crpmlm\/tarifazo-vecinos-estudiantes-y-artistas-movilizados-en-la-plata\/#article","isPartOf":{"@id":"http:\/\/vamosporlaliberacion.org\/crpmlm\/tarifazo-vecinos-estudiantes-y-artistas-movilizados-en-la-plata\/"},"author":{"name":"","@id":""},"headline":"Tarifazo: Vecinos, estudiantes y artistas movilizados en La Plata","datePublished":"2019-02-22T22:18:03+00:00","dateModified":"2019-02-22T22:36:04+00:00","mainEntityOfPage":{"@id":"http:\/\/vamosporlaliberacion.org\/crpmlm\/tarifazo-vecinos-estudiantes-y-artistas-movilizados-en-la-plata\/"},"wordCount":331,"commentCount":0,"image":{"@id":"http:\/\/vamosporlaliberacion.org\/crpmlm\/tarifazo-vecinos-estudiantes-y-artistas-movilizados-en-la-plata\/#primaryimage"},"thumbnailUrl":"https:\/\/i0.wp.com\/vamosporlaliberacion.org\/crpmlm\/wp-content\/uploads\/2019\/02\/WhatsApp-Image-2019-02-15-at-8.31.27-PM.jpeg?fit=1280%2C722&ssl=1","keywords":["tarifazo","vxl 135"],"articleSection":["Noticias"],"inLanguage":"es","potentialAction":[{"@type":"CommentAction","name":"Comment","target":["http:\/\/vamosporlaliberacion.org\/crpmlm\/tarifazo-vecinos-estudiantes-y-artistas-movilizados-en-la-plata\/#respond"]}]},{"@type":"WebPage","@id":"http:\/\/vamosporlaliberacion.org\/crpmlm\/tarifazo-vecinos-estudiantes-y-artistas-movilizados-en-la-plata\/","url":"http:\/\/vamosporlaliberacion.org\/crpmlm\/tarifazo-vecinos-estudiantes-y-artistas-movilizados-en-la-plata\/","name":"Tarifazo: Vecinos, estudiantes y artistas movilizados en La Plata - Vamos por la Liberaci\u00f3n","isPartOf":{"@id":"https:\/\/vamosporlaliberacion.org\/crpmlm\/#website"},"primaryImageOfPage":{"@id":"http:\/\/vamosporlaliberacion.org\/crpmlm\/tarifazo-vecinos-estudiantes-y-artistas-movilizados-en-la-plata\/#primaryimage"},"image":{"@id":"http:\/\/vamosporlaliberacion.org\/crpmlm\/tarifazo-vecinos-estudiantes-y-artistas-movilizados-en-la-plata\/#primaryimage"},"thumbnailUrl":"https:\/\/i0.wp.com\/vamosporlaliberacion.org\/crpmlm\/wp-content\/uploads\/2019\/02\/WhatsApp-Image-2019-02-15-at-8.31.27-PM.jpeg?fit=1280%2C722&ssl=1","datePublished":"2019-02-22T22:18:03+00:00","dateModified":"2019-02-22T22:36:04+00:00","author":{"@id":""},"breadcrumb":{"@id":"http:\/\/vamosporlaliberacion.org\/crpmlm\/tarifazo-vecinos-estudiantes-y-artistas-movilizados-en-la-plata\/#breadcrumb"},"inLanguage":"es","potentialAction":[{"@type":"ReadAction","target":["http:\/\/vamosporlaliberacion.org\/crpmlm\/tarifazo-vecinos-estudiantes-y-artistas-movilizados-en-la-plata\/"]}]},{"@type":"ImageObject","inLanguage":"es","@id":"http:\/\/vamosporlaliberacion.org\/crpmlm\/tarifazo-vecinos-estudiantes-y-artistas-movilizados-en-la-plata\/#primaryimage","url":"https:\/\/i0.wp.com\/vamosporlaliberacion.org\/crpmlm\/wp-content\/uploads\/2019\/02\/WhatsApp-Image-2019-02-15-at-8.31.27-PM.jpeg?fit=1280%2C722&ssl=1","contentUrl":"https:\/\/i0.wp.com\/vamosporlaliberacion.org\/crpmlm\/wp-content\/uploads\/2019\/02\/WhatsApp-Image-2019-02-15-at-8.31.27-PM.jpeg?fit=1280%2C722&ssl=1","width":1280,"height":722},{"@type":"BreadcrumbList","@id":"http:\/\/vamosporlaliberacion.org\/crpmlm\/tarifazo-vecinos-estudiantes-y-artistas-movilizados-en-la-plata\/#breadcrumb","itemListElement":[{"@type":"ListItem","position":1,"name":"Portada","item":"https:\/\/vamosporlaliberacion.org\/crpmlm\/"},{"@type":"ListItem","position":2,"name":"Tarifazo: Vecinos, estudiantes y artistas movilizados en La Plata"}]},{"@type":"WebSite","@id":"https:\/\/vamosporlaliberacion.org\/crpmlm\/#website","url":"https:\/\/vamosporlaliberacion.org\/crpmlm\/","name":"Vamos por la Liberaci\u00f3n","description":"Prensa CR","potentialAction":[{"@type":"SearchAction","target":{"@type":"EntryPoint","urlTemplate":"https:\/\/vamosporlaliberacion.org\/crpmlm\/?s={search_term_string}"},"query-input":{"@type":"PropertyValueSpecification","valueRequired":true,"valueName":"search_term_string"}}],"inLanguage":"es"},{"@type":"Person","@id":"","url":"http:\/\/vamosporlaliberacion.org\/crpmlm\/author\/"}]}},"jetpack_featured_media_url":"https:\/\/i0.wp.com\/vamosporlaliberacion.org\/crpmlm\/wp-content\/uploads\/2019\/02\/WhatsApp-Image-2019-02-15-at-8.31.27-PM.jpeg?fit=1280%2C722&ssl=1","jetpack_sharing_enabled":true,"_links":{"self":[{"href":"http:\/\/vamosporlaliberacion.org\/crpmlm\/wp-json\/wp\/v2\/posts\/13133","targetHints":{"allow":["GET"]}}],"collection":[{"href":"http:\/\/vamosporlaliberacion.org\/crpmlm\/wp-json\/wp\/v2\/posts"}],"about":[{"href":"http:\/\/vamosporlaliberacion.org\/crpmlm\/wp-json\/wp\/v2\/types\/post"}],"author":[{"embeddable":true,"href":"http:\/\/vamosporlaliberacion.org\/crpmlm\/wp-json\/wp\/v2\/users\/5"}],"replies":[{"embeddable":true,"href":"http:\/\/vamosporlaliberacion.org\/crpmlm\/wp-json\/wp\/v2\/comments?post=13133"}],"version-history":[{"count":0,"href":"http:\/\/vamosporlaliberacion.org\/crpmlm\/wp-json\/wp\/v2\/posts\/13133\/revisions"}],"wp:featuredmedia":[{"embeddable":true,"href":"http:\/\/vamosporlaliberacion.org\/crpmlm\/wp-json\/wp\/v2\/media\/13107"}],"wp:attachment":[{"href":"http:\/\/vamosporlaliberacion.org\/crpmlm\/wp-json\/wp\/v2\/media?parent=13133"}],"wp:term":[{"taxonomy":"category","embeddable":true,"href":"http:\/\/vamosporlaliberacion.org\/crpmlm\/wp-json\/wp\/v2\/categories?post=13133"},{"taxonomy":"post_tag","embeddable":true,"href":"http:\/\/vamosporlaliberacion.org\/crpmlm\/wp-json\/wp\/v2\/tags?post=13133"}],"curies":[{"name":"wp","href":"https:\/\/api.w.org\/{rel}","templated":true}]}}