{"id":13131,"date":"2019-02-22T19:14:37","date_gmt":"2019-02-22T22:14:37","guid":{"rendered":"http:\/\/vamosporlaliberacion.org\/crpmlm\/?p=13131"},"modified":"2019-02-22T19:14:37","modified_gmt":"2019-02-22T22:14:37","slug":"crece-la-campana-yonollego","status":"publish","type":"post","link":"http:\/\/vamosporlaliberacion.org\/crpmlm\/crece-la-campana-yonollego\/","title":{"rendered":"Crece la campa\u00f1a #YoNoLlego"},"content":{"rendered":"<p>Frente a la grave situaci\u00f3n que enfrentan cada vez m\u00e1s familias a causa de los tarifazos, el ajuste y los despidos, en todo el pa\u00eds va creciendo la campa\u00f1a #YoNoLlego. Los petitorios se\u00f1alan \u201clas tremendas deudas que se nos ocasionan con este servicio debido a las exorbitantes y reiteradas subas de precios, empujando a miles a la desconexi\u00f3n\u201d, con lo cual \u201cno solo se retrocede en las condiciones de vida sino que se nos empuja a vivir en situaciones cotidianas de extrema inseguridad\u201d.<\/p>\n<ul>\n<li>En Chaco, la CTA Aut\u00f3noma y las organizaciones sociales que est\u00e1n acampando en Castelli contra los aumentos de las tarifas de energ\u00eda marcharon por la ciudad repartiendo volantes y juntando firmas.<\/li>\n<li>En Tierra del Fuego, trabajadores del SUTEF y la CTA Aut\u00f3noma sacaron el reclamo a la calle en Ushuaia y R\u00edo Grande, juntando firmas y repudiando los abusivos aumentos.<\/li>\n<li>En La Plata, organizaciones populares, vecinales y estudiantiles se movilizaron y juntaron firmas por la campa\u00f1a.<\/li>\n<li>En Jun\u00edn, Provincia de Buenos Aires, organizaciones sociales, vecinos, jubilados y gremios marcharon por la ciudad con banderas y aplaudiendo bajo el lema \u201cYo no llego\u201d.<\/li>\n<li>En C\u00f3rdoba march\u00f3 la CTA Aut\u00f3noma junto a distintas organizaciones sociales contra los tarifazos y por la condonaci\u00f3n de las deudas familiares.<\/li>\n<li>En Jujuy se movilizaron hacia las empresas de servicios Ejesa, Gasnor y Agua Potable en repudio de los tarifazos.<\/li>\n<li>En Mar del Plata, el sindicato de Luz y Fuerza y la CTA Aut\u00f3noma se sumaron a la Marcha de Antorchas contra los tarifazos y por la condonaci\u00f3n de las deudas.<\/li>\n<li>En Merlo, San Juan, se realiz\u00f3 una reuni\u00f3n y acto de lanzamiento de la campa\u00f1a # YoNoLlego.<\/li>\n<li>En Tigre, Provincia de Buenos Aires, se recolectaron firmas en el barrio de Pacheco.<br \/>\nEl objetivo de la campa\u00f1a impulsada por la CTA Aut\u00f3noma y tomada en sus manos por m\u00faltiples organizaciones obreras, vecinales y populares es lograr la condonaci\u00f3n de las deudas de luz, gas, agua y telefon\u00eda desde diciembre de 2017, y los intereses de las tarjetas de cr\u00e9dito referidas a los gastos de alimentaci\u00f3n, vivienda y equipamiento, vestimenta, educaci\u00f3n, salud y movilidad. A su vez, reclama la rediscusi\u00f3n de las tarifas de los servicios y la publicaci\u00f3n de las ganancias de las empresas, tarifas diferenciales para pymes, cooperativas, empresas recuperadas y clubes de barrio, y una tarifa social real.<\/li>\n<\/ul>\n<!-- AddThis Advanced Settings generic via filter on the_content --><!-- AddThis Share Buttons generic via filter on the_content -->","protected":false},"excerpt":{"rendered":"<p>Frente a la grave situaci\u00f3n que enfrentan cada vez m\u00e1s familias a causa de los tarifazos, el ajuste y los despidos, en todo el pa\u00eds va creciendo la campa\u00f1a #YoNoLlego. Los petitorios se\u00f1alan \u201clas tremendas deudas que se nos ocasionan con este servicio debido a las exorbitantes y reiteradas subas de precios, empujando a miles [&hellip;]<!-- AddThis Advanced Settings generic via filter on get_the_excerpt --><!-- AddThis Share Buttons generic via filter on get_the_excerpt --><\/p>\n","protected":false},"author":5,"featured_media":13109,"comment_status":"open","ping_status":"open","sticky":false,"template":"","format":"standard","meta":{"_jetpack_memberships_contains_paid_content":false,"footnotes":""},"categories":[1699],"tags":[1271,524,1273],"class_list":{"0":"post-13131","1":"post","2":"type-post","3":"status-publish","4":"format-standard","5":"has-post-thumbnail","7":"category-noticias","8":"tag-yonollego","9":"tag-tarifazo","10":"tag-vxl-135"},"yoast_head":"<!-- This site is optimized with the Yoast SEO plugin v27.4 - https:\/\/yoast.com\/product\/yoast-seo-wordpress\/ -->\n<title>Crece la campa\u00f1a #YoNoLlego - Vamos por la Liberaci\u00f3n<\/title>\n<meta name=\"robots\" content=\"index, follow, max-snippet:-1, max-image-preview:large, max-video-preview:-1\" \/>\n<link rel=\"canonical\" href=\"https:\/\/vamosporlaliberacion.org\/crpmlm\/crece-la-campana-yonollego\/\" \/>\n<meta name=\"twitter:label1\" content=\"Escrito por\" \/>\n\t<meta name=\"twitter:data1\" content=\"\" \/>\n\t<meta name=\"twitter:label2\" content=\"Tiempo de lectura\" \/>\n\t<meta name=\"twitter:data2\" content=\"2 minutos\" \/>\n<script type=\"application\/ld+json\" class=\"yoast-schema-graph\">{\"@context\":\"https:\\\/\\\/schema.org\",\"@graph\":[{\"@type\":\"Article\",\"@id\":\"https:\\\/\\\/vamosporlaliberacion.org\\\/crpmlm\\\/crece-la-campana-yonollego\\\/#article\",\"isPartOf\":{\"@id\":\"https:\\\/\\\/vamosporlaliberacion.org\\\/crpmlm\\\/crece-la-campana-yonollego\\\/\"},\"author\":{\"name\":\"\",\"@id\":\"\"},\"headline\":\"Crece la campa\u00f1a #YoNoLlego\",\"datePublished\":\"2019-02-22T22:14:37+00:00\",\"mainEntityOfPage\":{\"@id\":\"https:\\\/\\\/vamosporlaliberacion.org\\\/crpmlm\\\/crece-la-campana-yonollego\\\/\"},\"wordCount\":419,\"commentCount\":0,\"image\":{\"@id\":\"https:\\\/\\\/vamosporlaliberacion.org\\\/crpmlm\\\/crece-la-campana-yonollego\\\/#primaryimage\"},\"thumbnailUrl\":\"https:\\\/\\\/i0.wp.com\\\/vamosporlaliberacion.org\\\/crpmlm\\\/wp-content\\\/uploads\\\/2019\\\/02\\\/WhatsApp-Image-2019-02-15-at-8.36.06-PM.jpeg?fit=1280%2C722&ssl=1\",\"keywords\":[\"#YoNoLlego\",\"tarifazo\",\"vxl 135\"],\"articleSection\":[\"Noticias\"],\"inLanguage\":\"es\",\"potentialAction\":[{\"@type\":\"CommentAction\",\"name\":\"Comment\",\"target\":[\"https:\\\/\\\/vamosporlaliberacion.org\\\/crpmlm\\\/crece-la-campana-yonollego\\\/#respond\"]}]},{\"@type\":\"WebPage\",\"@id\":\"https:\\\/\\\/vamosporlaliberacion.org\\\/crpmlm\\\/crece-la-campana-yonollego\\\/\",\"url\":\"https:\\\/\\\/vamosporlaliberacion.org\\\/crpmlm\\\/crece-la-campana-yonollego\\\/\",\"name\":\"Crece la campa\u00f1a #YoNoLlego - Vamos por la Liberaci\u00f3n\",\"isPartOf\":{\"@id\":\"https:\\\/\\\/vamosporlaliberacion.org\\\/crpmlm\\\/#website\"},\"primaryImageOfPage\":{\"@id\":\"https:\\\/\\\/vamosporlaliberacion.org\\\/crpmlm\\\/crece-la-campana-yonollego\\\/#primaryimage\"},\"image\":{\"@id\":\"https:\\\/\\\/vamosporlaliberacion.org\\\/crpmlm\\\/crece-la-campana-yonollego\\\/#primaryimage\"},\"thumbnailUrl\":\"https:\\\/\\\/i0.wp.com\\\/vamosporlaliberacion.org\\\/crpmlm\\\/wp-content\\\/uploads\\\/2019\\\/02\\\/WhatsApp-Image-2019-02-15-at-8.36.06-PM.jpeg?fit=1280%2C722&ssl=1\",\"datePublished\":\"2019-02-22T22:14:37+00:00\",\"author\":{\"@id\":\"\"},\"breadcrumb\":{\"@id\":\"https:\\\/\\\/vamosporlaliberacion.org\\\/crpmlm\\\/crece-la-campana-yonollego\\\/#breadcrumb\"},\"inLanguage\":\"es\",\"potentialAction\":[{\"@type\":\"ReadAction\",\"target\":[\"https:\\\/\\\/vamosporlaliberacion.org\\\/crpmlm\\\/crece-la-campana-yonollego\\\/\"]}]},{\"@type\":\"ImageObject\",\"inLanguage\":\"es\",\"@id\":\"https:\\\/\\\/vamosporlaliberacion.org\\\/crpmlm\\\/crece-la-campana-yonollego\\\/#primaryimage\",\"url\":\"https:\\\/\\\/i0.wp.com\\\/vamosporlaliberacion.org\\\/crpmlm\\\/wp-content\\\/uploads\\\/2019\\\/02\\\/WhatsApp-Image-2019-02-15-at-8.36.06-PM.jpeg?fit=1280%2C722&ssl=1\",\"contentUrl\":\"https:\\\/\\\/i0.wp.com\\\/vamosporlaliberacion.org\\\/crpmlm\\\/wp-content\\\/uploads\\\/2019\\\/02\\\/WhatsApp-Image-2019-02-15-at-8.36.06-PM.jpeg?fit=1280%2C722&ssl=1\",\"width\":1280,\"height\":722},{\"@type\":\"BreadcrumbList\",\"@id\":\"https:\\\/\\\/vamosporlaliberacion.org\\\/crpmlm\\\/crece-la-campana-yonollego\\\/#breadcrumb\",\"itemListElement\":[{\"@type\":\"ListItem\",\"position\":1,\"name\":\"Portada\",\"item\":\"https:\\\/\\\/vamosporlaliberacion.org\\\/crpmlm\\\/\"},{\"@type\":\"ListItem\",\"position\":2,\"name\":\"Crece la campa\u00f1a #YoNoLlego\"}]},{\"@type\":\"WebSite\",\"@id\":\"https:\\\/\\\/vamosporlaliberacion.org\\\/crpmlm\\\/#website\",\"url\":\"https:\\\/\\\/vamosporlaliberacion.org\\\/crpmlm\\\/\",\"name\":\"Vamos por la Liberaci\u00f3n\",\"description\":\"Prensa CR\",\"potentialAction\":[{\"@type\":\"SearchAction\",\"target\":{\"@type\":\"EntryPoint\",\"urlTemplate\":\"https:\\\/\\\/vamosporlaliberacion.org\\\/crpmlm\\\/?s={search_term_string}\"},\"query-input\":{\"@type\":\"PropertyValueSpecification\",\"valueRequired\":true,\"valueName\":\"search_term_string\"}}],\"inLanguage\":\"es\"},{\"@type\":\"Person\",\"@id\":\"\",\"url\":\"http:\\\/\\\/vamosporlaliberacion.org\\\/crpmlm\\\/author\\\/\"}]}<\/script>\n<!-- \/ Yoast SEO plugin. -->","yoast_head_json":{"title":"Crece la campa\u00f1a #YoNoLlego - Vamos por la Liberaci\u00f3n","robots":{"index":"index","follow":"follow","max-snippet":"max-snippet:-1","max-image-preview":"max-image-preview:large","max-video-preview":"max-video-preview:-1"},"canonical":"https:\/\/vamosporlaliberacion.org\/crpmlm\/crece-la-campana-yonollego\/","twitter_misc":{"Escrito por":"","Tiempo de lectura":"2 minutos"},"schema":{"@context":"https:\/\/schema.org","@graph":[{"@type":"Article","@id":"https:\/\/vamosporlaliberacion.org\/crpmlm\/crece-la-campana-yonollego\/#article","isPartOf":{"@id":"https:\/\/vamosporlaliberacion.org\/crpmlm\/crece-la-campana-yonollego\/"},"author":{"name":"","@id":""},"headline":"Crece la campa\u00f1a #YoNoLlego","datePublished":"2019-02-22T22:14:37+00:00","mainEntityOfPage":{"@id":"https:\/\/vamosporlaliberacion.org\/crpmlm\/crece-la-campana-yonollego\/"},"wordCount":419,"commentCount":0,"image":{"@id":"https:\/\/vamosporlaliberacion.org\/crpmlm\/crece-la-campana-yonollego\/#primaryimage"},"thumbnailUrl":"https:\/\/i0.wp.com\/vamosporlaliberacion.org\/crpmlm\/wp-content\/uploads\/2019\/02\/WhatsApp-Image-2019-02-15-at-8.36.06-PM.jpeg?fit=1280%2C722&ssl=1","keywords":["#YoNoLlego","tarifazo","vxl 135"],"articleSection":["Noticias"],"inLanguage":"es","potentialAction":[{"@type":"CommentAction","name":"Comment","target":["https:\/\/vamosporlaliberacion.org\/crpmlm\/crece-la-campana-yonollego\/#respond"]}]},{"@type":"WebPage","@id":"https:\/\/vamosporlaliberacion.org\/crpmlm\/crece-la-campana-yonollego\/","url":"https:\/\/vamosporlaliberacion.org\/crpmlm\/crece-la-campana-yonollego\/","name":"Crece la campa\u00f1a #YoNoLlego - Vamos por la Liberaci\u00f3n","isPartOf":{"@id":"https:\/\/vamosporlaliberacion.org\/crpmlm\/#website"},"primaryImageOfPage":{"@id":"https:\/\/vamosporlaliberacion.org\/crpmlm\/crece-la-campana-yonollego\/#primaryimage"},"image":{"@id":"https:\/\/vamosporlaliberacion.org\/crpmlm\/crece-la-campana-yonollego\/#primaryimage"},"thumbnailUrl":"https:\/\/i0.wp.com\/vamosporlaliberacion.org\/crpmlm\/wp-content\/uploads\/2019\/02\/WhatsApp-Image-2019-02-15-at-8.36.06-PM.jpeg?fit=1280%2C722&ssl=1","datePublished":"2019-02-22T22:14:37+00:00","author":{"@id":""},"breadcrumb":{"@id":"https:\/\/vamosporlaliberacion.org\/crpmlm\/crece-la-campana-yonollego\/#breadcrumb"},"inLanguage":"es","potentialAction":[{"@type":"ReadAction","target":["https:\/\/vamosporlaliberacion.org\/crpmlm\/crece-la-campana-yonollego\/"]}]},{"@type":"ImageObject","inLanguage":"es","@id":"https:\/\/vamosporlaliberacion.org\/crpmlm\/crece-la-campana-yonollego\/#primaryimage","url":"https:\/\/i0.wp.com\/vamosporlaliberacion.org\/crpmlm\/wp-content\/uploads\/2019\/02\/WhatsApp-Image-2019-02-15-at-8.36.06-PM.jpeg?fit=1280%2C722&ssl=1","contentUrl":"https:\/\/i0.wp.com\/vamosporlaliberacion.org\/crpmlm\/wp-content\/uploads\/2019\/02\/WhatsApp-Image-2019-02-15-at-8.36.06-PM.jpeg?fit=1280%2C722&ssl=1","width":1280,"height":722},{"@type":"BreadcrumbList","@id":"https:\/\/vamosporlaliberacion.org\/crpmlm\/crece-la-campana-yonollego\/#breadcrumb","itemListElement":[{"@type":"ListItem","position":1,"name":"Portada","item":"https:\/\/vamosporlaliberacion.org\/crpmlm\/"},{"@type":"ListItem","position":2,"name":"Crece la campa\u00f1a #YoNoLlego"}]},{"@type":"WebSite","@id":"https:\/\/vamosporlaliberacion.org\/crpmlm\/#website","url":"https:\/\/vamosporlaliberacion.org\/crpmlm\/","name":"Vamos por la Liberaci\u00f3n","description":"Prensa CR","potentialAction":[{"@type":"SearchAction","target":{"@type":"EntryPoint","urlTemplate":"https:\/\/vamosporlaliberacion.org\/crpmlm\/?s={search_term_string}"},"query-input":{"@type":"PropertyValueSpecification","valueRequired":true,"valueName":"search_term_string"}}],"inLanguage":"es"},{"@type":"Person","@id":"","url":"http:\/\/vamosporlaliberacion.org\/crpmlm\/author\/"}]}},"jetpack_featured_media_url":"https:\/\/i0.wp.com\/vamosporlaliberacion.org\/crpmlm\/wp-content\/uploads\/2019\/02\/WhatsApp-Image-2019-02-15-at-8.36.06-PM.jpeg?fit=1280%2C722&ssl=1","jetpack_sharing_enabled":true,"_links":{"self":[{"href":"http:\/\/vamosporlaliberacion.org\/crpmlm\/wp-json\/wp\/v2\/posts\/13131","targetHints":{"allow":["GET"]}}],"collection":[{"href":"http:\/\/vamosporlaliberacion.org\/crpmlm\/wp-json\/wp\/v2\/posts"}],"about":[{"href":"http:\/\/vamosporlaliberacion.org\/crpmlm\/wp-json\/wp\/v2\/types\/post"}],"author":[{"embeddable":true,"href":"http:\/\/vamosporlaliberacion.org\/crpmlm\/wp-json\/wp\/v2\/users\/5"}],"replies":[{"embeddable":true,"href":"http:\/\/vamosporlaliberacion.org\/crpmlm\/wp-json\/wp\/v2\/comments?post=13131"}],"version-history":[{"count":0,"href":"http:\/\/vamosporlaliberacion.org\/crpmlm\/wp-json\/wp\/v2\/posts\/13131\/revisions"}],"wp:featuredmedia":[{"embeddable":true,"href":"http:\/\/vamosporlaliberacion.org\/crpmlm\/wp-json\/wp\/v2\/media\/13109"}],"wp:attachment":[{"href":"http:\/\/vamosporlaliberacion.org\/crpmlm\/wp-json\/wp\/v2\/media?parent=13131"}],"wp:term":[{"taxonomy":"category","embeddable":true,"href":"http:\/\/vamosporlaliberacion.org\/crpmlm\/wp-json\/wp\/v2\/categories?post=13131"},{"taxonomy":"post_tag","embeddable":true,"href":"http:\/\/vamosporlaliberacion.org\/crpmlm\/wp-json\/wp\/v2\/tags?post=13131"}],"curies":[{"name":"wp","href":"https:\/\/api.w.org\/{rel}","templated":true}]}}