{"id":13124,"date":"2019-02-22T19:00:03","date_gmt":"2019-02-22T22:00:03","guid":{"rendered":"http:\/\/vamosporlaliberacion.org\/crpmlm\/?p=13124"},"modified":"2019-02-22T19:00:03","modified_gmt":"2019-02-22T22:00:03","slug":"consumimos-energia-en-exceso","status":"publish","type":"post","link":"http:\/\/vamosporlaliberacion.org\/crpmlm\/consumimos-energia-en-exceso\/","title":{"rendered":"\u00bfConsumimos energ\u00eda en \u201cexceso\u201d?"},"content":{"rendered":"<p>Intentando disimular los tarifazos y esquivar la responsabilidad sobre los cortes de luz, el gobierno viene insistiendo en que se debe bajar el consumo dom\u00e9stico. Del consumo industrial no habla demasiado porque ya logr\u00f3 bajarlo de sobremanera cerrando pymes por doquier. Pero sobre lo que consumimos en nuestros hogares, ha habido desde el inicio una campa\u00f1a de racionalizaci\u00f3n y de culpabilizaci\u00f3n al pueblo por utilizar servicios esenciales. La m\u00e1s sutil ha sido insistir en no dejar el aire prendido y en no ponerlo en menos de 24\u00baC. Pero como esto no alcanzaba, y tal como mencionamos en Vamos! N\u00ba135, Javier Gonz\u00e1lez Fraga aport\u00f3 su sinceridad brutal \u2013que otros funcionarios no se animan a explicitar\u2013 y concluy\u00f3 que los cortes de luz son por \u201cexceso de consumo\u201d (y no por falta de inversi\u00f3n).<br \/>\nNi Gonz\u00e1lez Fraga ni ning\u00fan otro funcionario dijeron si tienen alguna base concreta para poder afirmar que los cortes de luz se deben a que dejamos la luz o el aire acondicionado prendidos (sic). Entonces, para no quedarnos s\u00f3lo en la indignaci\u00f3n, reunimos algunos datos reales sobre este problema. Nadie puede desacordar con que no se debe desperdiciar nuestra energ\u00eda. Pero\u2026 \u00bfconsumimos mucho?<\/p>\n<p>El primer dato real es que, en promedio, un hogar argentino consume 252 kWh por mes (o un total de 3.024 kWh al a\u00f1o). El dato surge de un informe de la Asociaci\u00f3n de Distribuidores de Energ\u00eda El\u00e9ctrica de la Rep\u00fablica Argentina (ADEERA) de 2017. Este promedio est\u00e1 dentro de la categor\u00eda R1, que es la m\u00e1s baja y contiene a quienes consumen menos de 500 kWh por mes. En Edesur, el 99% de los hogares se encuentran en esta categor\u00eda. En Edenor, el 91%. Contando todo el pa\u00eds, el 93%. O sea que, para empezar, la enorme mayor\u00eda de los hogares tienen consumos acordes a la categor\u00eda m\u00e1s baja.<\/p>\n<p>Si analizamos a cu\u00e1nto corresponde este promedio de 252 kWh por mes, podemos comprobar que equivale aproximadamente al consumo de una heladera, un aire acondicionado, un lavarropas, una TV y algunas l\u00e1mparas. Es decir, no demasiado. Y estamos considerando que el hogar posee gas para cocinar y calentar el agua. (Para el c\u00e1lculo utilizamos la p\u00e1gina de Edenor, que tiene un aplicativo que permite calcular el consumo de cada equipo.)<\/p>\n<p>\u00bfC\u00f3mo se podr\u00eda bajar m\u00e1s el consumo seg\u00fan los cerebros macristas? Cambiando el aire acondicionado por un ventilador, que es lo que ya propuso expl\u00edcitamente Clar\u00edn: \u201cVolver al ventilador: el mejor aliado para combatir el calor y la crisis energ\u00e9tica\u201d. As\u00ed, puso en palabras los pensamientos Gonz\u00e1lez Fraga y el gobierno de Cambiemos en general. Claro que el mensaje no es para ellos, sino para los trabajadores que nos cre\u00edmos que pod\u00edamos tener \u00a1un aire acondicionado!<\/p>\n<p>El cinismo es m\u00e1s indignante si consideramos los hogares sin gas. En este caso, manteniendo un aire acondicionado y considerando que debe utilizar termotanque, horno y pava el\u00e9ctricos, el consumo sube a aproximadamente 600 kWh por mes, entrando ya en la categor\u00eda R2 (que es entre 500 kWh y 700 kWh mensuales). Es decir, superar el consumo medio de nuestro pa\u00eds pasa a ser una imposici\u00f3n si no hay gas.<\/p>\n<p>\u00c9ste no ser\u00eda s\u00f3lo el caso del NEA, que sigue sin red de gas natural. Es un caso generalizado en la propia CABA, en la cual se estrenan edificios donde se cocina y calefacciona con luz el\u00e9ctrica. \u00bfPorque es m\u00e1s eficiente? \u00a1No! Porque es m\u00e1s rentable para el que vende los departamentos. Esta irracionalidad energ\u00e9tica se debe a que este gobierno, que lleva m\u00e1s de una d\u00e9cada en la CABA, ha priorizado el negocio inmobiliario de Caputo y otros tantos primos macristas. Y no consideramos el hecho de que calefaccionar con energ\u00eda el\u00e9ctrica consume incluso mucho m\u00e1s.<\/p>\n<p><img data-recalc-dims=\"1\" loading=\"lazy\" decoding=\"async\" class=\"alignnone size-full wp-image-13126\" src=\"https:\/\/i0.wp.com\/vamosporlaliberacion.org\/crpmlm\/wp-content\/uploads\/2019\/02\/consumo-paises.jpg?resize=634%2C549\" alt=\"\" width=\"634\" height=\"549\" srcset=\"https:\/\/i0.wp.com\/vamosporlaliberacion.org\/crpmlm\/wp-content\/uploads\/2019\/02\/consumo-paises.jpg?w=634&amp;ssl=1 634w, https:\/\/i0.wp.com\/vamosporlaliberacion.org\/crpmlm\/wp-content\/uploads\/2019\/02\/consumo-paises.jpg?resize=300%2C260&amp;ssl=1 300w, https:\/\/i0.wp.com\/vamosporlaliberacion.org\/crpmlm\/wp-content\/uploads\/2019\/02\/consumo-paises.jpg?resize=534%2C462&amp;ssl=1 534w, https:\/\/i0.wp.com\/vamosporlaliberacion.org\/crpmlm\/wp-content\/uploads\/2019\/02\/consumo-paises.jpg?resize=485%2C420&amp;ssl=1 485w\" sizes=\"auto, (max-width: 634px) 100vw, 634px\" \/><\/p>\n<p>Por \u00faltimo est\u00e1 la comparaci\u00f3n con otros pa\u00edses. Los valores publicados por World Energy Council (de 2014) muestran que consumimos, en general, m\u00e1s que el resto de pa\u00edses latinoamericanos; salvo Paraguay, que consume casi lo mismo que nosotros por usuario de red el\u00e9ctrica (3.145 kWh anual por hogar). Pero esto no indica necesariamente un exceso en el consumo, sino que existen mejores condiciones del pueblo y los trabajadores. A modo de comparaci\u00f3n: consumimos una cifra equivalente a Sud\u00e1frica (3.216 kWh anuales por hogar) y mucho menos que Australia (6.839 kWh anuales por hogar). Ambos son pa\u00edses que est\u00e1n aproximadamente en la misma latitud sur que Argentina.<\/p>\n<p>Conclusi\u00f3n: sin dejar de vigilar el uso racional de la energ\u00eda, el problema de los cortes de luz y de las tarifas exorbitantes no es el \u201cexceso\u201d, sino la falta de inversi\u00f3n en transporte y distribuci\u00f3n; y en una pol\u00edtica privatista y privativa que pone por delante la ganancia empresarial antes que el acceso del pueblo a los servicios de luz, gas y agua.<\/p>\n<!-- AddThis Advanced Settings generic via filter on the_content --><!-- AddThis Share Buttons generic via filter on the_content -->","protected":false},"excerpt":{"rendered":"<p>Intentando disimular los tarifazos y esquivar la responsabilidad sobre los cortes de luz, el gobierno viene insistiendo en que se debe bajar el consumo dom\u00e9stico. Del consumo industrial no habla demasiado porque ya logr\u00f3 bajarlo de sobremanera cerrando pymes por doquier. Pero sobre lo que consumimos en nuestros hogares, ha habido desde el inicio una [&hellip;]<!-- AddThis Advanced Settings generic via filter on get_the_excerpt --><!-- AddThis Share Buttons generic via filter on get_the_excerpt --><\/p>\n","protected":false},"author":5,"featured_media":13125,"comment_status":"open","ping_status":"open","sticky":false,"template":"","format":"standard","meta":{"_jetpack_memberships_contains_paid_content":false,"footnotes":""},"categories":[1699],"tags":[520,389,524,1273],"class_list":{"0":"post-13124","1":"post","2":"type-post","3":"status-publish","4":"format-standard","5":"has-post-thumbnail","7":"category-noticias","8":"tag-destacado-2","9":"tag-energia","10":"tag-tarifazo","11":"tag-vxl-135"},"yoast_head":"<!-- This site is optimized with the Yoast SEO plugin v27.4 - https:\/\/yoast.com\/product\/yoast-seo-wordpress\/ -->\n<title>\u00bfConsumimos energ\u00eda en \u201cexceso\u201d? - Vamos por la Liberaci\u00f3n<\/title>\n<meta name=\"robots\" content=\"index, follow, max-snippet:-1, max-image-preview:large, max-video-preview:-1\" \/>\n<link rel=\"canonical\" href=\"http:\/\/vamosporlaliberacion.org\/crpmlm\/consumimos-energia-en-exceso\/\" \/>\n<meta name=\"twitter:label1\" content=\"Escrito por\" \/>\n\t<meta name=\"twitter:data1\" content=\"\" \/>\n\t<meta name=\"twitter:label2\" content=\"Tiempo de lectura\" \/>\n\t<meta name=\"twitter:data2\" content=\"4 minutos\" \/>\n<script type=\"application\/ld+json\" class=\"yoast-schema-graph\">{\"@context\":\"https:\\\/\\\/schema.org\",\"@graph\":[{\"@type\":\"Article\",\"@id\":\"http:\\\/\\\/vamosporlaliberacion.org\\\/crpmlm\\\/consumimos-energia-en-exceso\\\/#article\",\"isPartOf\":{\"@id\":\"http:\\\/\\\/vamosporlaliberacion.org\\\/crpmlm\\\/consumimos-energia-en-exceso\\\/\"},\"author\":{\"name\":\"\",\"@id\":\"\"},\"headline\":\"\u00bfConsumimos energ\u00eda en \u201cexceso\u201d?\",\"datePublished\":\"2019-02-22T22:00:03+00:00\",\"mainEntityOfPage\":{\"@id\":\"http:\\\/\\\/vamosporlaliberacion.org\\\/crpmlm\\\/consumimos-energia-en-exceso\\\/\"},\"wordCount\":846,\"commentCount\":0,\"image\":{\"@id\":\"http:\\\/\\\/vamosporlaliberacion.org\\\/crpmlm\\\/consumimos-energia-en-exceso\\\/#primaryimage\"},\"thumbnailUrl\":\"https:\\\/\\\/i0.wp.com\\\/vamosporlaliberacion.org\\\/crpmlm\\\/wp-content\\\/uploads\\\/2019\\\/02\\\/20181002164811_34601650_0_body.jpg?fit=800%2C450&ssl=1\",\"keywords\":[\"destacado 2\",\"energ\u00eda\",\"tarifazo\",\"vxl 135\"],\"articleSection\":[\"Noticias\"],\"inLanguage\":\"es\",\"potentialAction\":[{\"@type\":\"CommentAction\",\"name\":\"Comment\",\"target\":[\"http:\\\/\\\/vamosporlaliberacion.org\\\/crpmlm\\\/consumimos-energia-en-exceso\\\/#respond\"]}]},{\"@type\":\"WebPage\",\"@id\":\"http:\\\/\\\/vamosporlaliberacion.org\\\/crpmlm\\\/consumimos-energia-en-exceso\\\/\",\"url\":\"http:\\\/\\\/vamosporlaliberacion.org\\\/crpmlm\\\/consumimos-energia-en-exceso\\\/\",\"name\":\"\u00bfConsumimos energ\u00eda en \u201cexceso\u201d? - Vamos por la Liberaci\u00f3n\",\"isPartOf\":{\"@id\":\"https:\\\/\\\/vamosporlaliberacion.org\\\/crpmlm\\\/#website\"},\"primaryImageOfPage\":{\"@id\":\"http:\\\/\\\/vamosporlaliberacion.org\\\/crpmlm\\\/consumimos-energia-en-exceso\\\/#primaryimage\"},\"image\":{\"@id\":\"http:\\\/\\\/vamosporlaliberacion.org\\\/crpmlm\\\/consumimos-energia-en-exceso\\\/#primaryimage\"},\"thumbnailUrl\":\"https:\\\/\\\/i0.wp.com\\\/vamosporlaliberacion.org\\\/crpmlm\\\/wp-content\\\/uploads\\\/2019\\\/02\\\/20181002164811_34601650_0_body.jpg?fit=800%2C450&ssl=1\",\"datePublished\":\"2019-02-22T22:00:03+00:00\",\"author\":{\"@id\":\"\"},\"breadcrumb\":{\"@id\":\"http:\\\/\\\/vamosporlaliberacion.org\\\/crpmlm\\\/consumimos-energia-en-exceso\\\/#breadcrumb\"},\"inLanguage\":\"es\",\"potentialAction\":[{\"@type\":\"ReadAction\",\"target\":[\"http:\\\/\\\/vamosporlaliberacion.org\\\/crpmlm\\\/consumimos-energia-en-exceso\\\/\"]}]},{\"@type\":\"ImageObject\",\"inLanguage\":\"es\",\"@id\":\"http:\\\/\\\/vamosporlaliberacion.org\\\/crpmlm\\\/consumimos-energia-en-exceso\\\/#primaryimage\",\"url\":\"https:\\\/\\\/i0.wp.com\\\/vamosporlaliberacion.org\\\/crpmlm\\\/wp-content\\\/uploads\\\/2019\\\/02\\\/20181002164811_34601650_0_body.jpg?fit=800%2C450&ssl=1\",\"contentUrl\":\"https:\\\/\\\/i0.wp.com\\\/vamosporlaliberacion.org\\\/crpmlm\\\/wp-content\\\/uploads\\\/2019\\\/02\\\/20181002164811_34601650_0_body.jpg?fit=800%2C450&ssl=1\",\"width\":800,\"height\":450},{\"@type\":\"BreadcrumbList\",\"@id\":\"http:\\\/\\\/vamosporlaliberacion.org\\\/crpmlm\\\/consumimos-energia-en-exceso\\\/#breadcrumb\",\"itemListElement\":[{\"@type\":\"ListItem\",\"position\":1,\"name\":\"Portada\",\"item\":\"https:\\\/\\\/vamosporlaliberacion.org\\\/crpmlm\\\/\"},{\"@type\":\"ListItem\",\"position\":2,\"name\":\"\u00bfConsumimos energ\u00eda en \u201cexceso\u201d?\"}]},{\"@type\":\"WebSite\",\"@id\":\"https:\\\/\\\/vamosporlaliberacion.org\\\/crpmlm\\\/#website\",\"url\":\"https:\\\/\\\/vamosporlaliberacion.org\\\/crpmlm\\\/\",\"name\":\"Vamos por la Liberaci\u00f3n\",\"description\":\"Prensa CR\",\"potentialAction\":[{\"@type\":\"SearchAction\",\"target\":{\"@type\":\"EntryPoint\",\"urlTemplate\":\"https:\\\/\\\/vamosporlaliberacion.org\\\/crpmlm\\\/?s={search_term_string}\"},\"query-input\":{\"@type\":\"PropertyValueSpecification\",\"valueRequired\":true,\"valueName\":\"search_term_string\"}}],\"inLanguage\":\"es\"},{\"@type\":\"Person\",\"@id\":\"\",\"url\":\"http:\\\/\\\/vamosporlaliberacion.org\\\/crpmlm\\\/author\\\/\"}]}<\/script>\n<!-- \/ Yoast SEO plugin. -->","yoast_head_json":{"title":"\u00bfConsumimos energ\u00eda en \u201cexceso\u201d? - Vamos por la Liberaci\u00f3n","robots":{"index":"index","follow":"follow","max-snippet":"max-snippet:-1","max-image-preview":"max-image-preview:large","max-video-preview":"max-video-preview:-1"},"canonical":"http:\/\/vamosporlaliberacion.org\/crpmlm\/consumimos-energia-en-exceso\/","twitter_misc":{"Escrito por":"","Tiempo de lectura":"4 minutos"},"schema":{"@context":"https:\/\/schema.org","@graph":[{"@type":"Article","@id":"http:\/\/vamosporlaliberacion.org\/crpmlm\/consumimos-energia-en-exceso\/#article","isPartOf":{"@id":"http:\/\/vamosporlaliberacion.org\/crpmlm\/consumimos-energia-en-exceso\/"},"author":{"name":"","@id":""},"headline":"\u00bfConsumimos energ\u00eda en \u201cexceso\u201d?","datePublished":"2019-02-22T22:00:03+00:00","mainEntityOfPage":{"@id":"http:\/\/vamosporlaliberacion.org\/crpmlm\/consumimos-energia-en-exceso\/"},"wordCount":846,"commentCount":0,"image":{"@id":"http:\/\/vamosporlaliberacion.org\/crpmlm\/consumimos-energia-en-exceso\/#primaryimage"},"thumbnailUrl":"https:\/\/i0.wp.com\/vamosporlaliberacion.org\/crpmlm\/wp-content\/uploads\/2019\/02\/20181002164811_34601650_0_body.jpg?fit=800%2C450&ssl=1","keywords":["destacado 2","energ\u00eda","tarifazo","vxl 135"],"articleSection":["Noticias"],"inLanguage":"es","potentialAction":[{"@type":"CommentAction","name":"Comment","target":["http:\/\/vamosporlaliberacion.org\/crpmlm\/consumimos-energia-en-exceso\/#respond"]}]},{"@type":"WebPage","@id":"http:\/\/vamosporlaliberacion.org\/crpmlm\/consumimos-energia-en-exceso\/","url":"http:\/\/vamosporlaliberacion.org\/crpmlm\/consumimos-energia-en-exceso\/","name":"\u00bfConsumimos energ\u00eda en \u201cexceso\u201d? - Vamos por la Liberaci\u00f3n","isPartOf":{"@id":"https:\/\/vamosporlaliberacion.org\/crpmlm\/#website"},"primaryImageOfPage":{"@id":"http:\/\/vamosporlaliberacion.org\/crpmlm\/consumimos-energia-en-exceso\/#primaryimage"},"image":{"@id":"http:\/\/vamosporlaliberacion.org\/crpmlm\/consumimos-energia-en-exceso\/#primaryimage"},"thumbnailUrl":"https:\/\/i0.wp.com\/vamosporlaliberacion.org\/crpmlm\/wp-content\/uploads\/2019\/02\/20181002164811_34601650_0_body.jpg?fit=800%2C450&ssl=1","datePublished":"2019-02-22T22:00:03+00:00","author":{"@id":""},"breadcrumb":{"@id":"http:\/\/vamosporlaliberacion.org\/crpmlm\/consumimos-energia-en-exceso\/#breadcrumb"},"inLanguage":"es","potentialAction":[{"@type":"ReadAction","target":["http:\/\/vamosporlaliberacion.org\/crpmlm\/consumimos-energia-en-exceso\/"]}]},{"@type":"ImageObject","inLanguage":"es","@id":"http:\/\/vamosporlaliberacion.org\/crpmlm\/consumimos-energia-en-exceso\/#primaryimage","url":"https:\/\/i0.wp.com\/vamosporlaliberacion.org\/crpmlm\/wp-content\/uploads\/2019\/02\/20181002164811_34601650_0_body.jpg?fit=800%2C450&ssl=1","contentUrl":"https:\/\/i0.wp.com\/vamosporlaliberacion.org\/crpmlm\/wp-content\/uploads\/2019\/02\/20181002164811_34601650_0_body.jpg?fit=800%2C450&ssl=1","width":800,"height":450},{"@type":"BreadcrumbList","@id":"http:\/\/vamosporlaliberacion.org\/crpmlm\/consumimos-energia-en-exceso\/#breadcrumb","itemListElement":[{"@type":"ListItem","position":1,"name":"Portada","item":"https:\/\/vamosporlaliberacion.org\/crpmlm\/"},{"@type":"ListItem","position":2,"name":"\u00bfConsumimos energ\u00eda en \u201cexceso\u201d?"}]},{"@type":"WebSite","@id":"https:\/\/vamosporlaliberacion.org\/crpmlm\/#website","url":"https:\/\/vamosporlaliberacion.org\/crpmlm\/","name":"Vamos por la Liberaci\u00f3n","description":"Prensa CR","potentialAction":[{"@type":"SearchAction","target":{"@type":"EntryPoint","urlTemplate":"https:\/\/vamosporlaliberacion.org\/crpmlm\/?s={search_term_string}"},"query-input":{"@type":"PropertyValueSpecification","valueRequired":true,"valueName":"search_term_string"}}],"inLanguage":"es"},{"@type":"Person","@id":"","url":"http:\/\/vamosporlaliberacion.org\/crpmlm\/author\/"}]}},"jetpack_featured_media_url":"https:\/\/i0.wp.com\/vamosporlaliberacion.org\/crpmlm\/wp-content\/uploads\/2019\/02\/20181002164811_34601650_0_body.jpg?fit=800%2C450&ssl=1","jetpack_sharing_enabled":true,"_links":{"self":[{"href":"http:\/\/vamosporlaliberacion.org\/crpmlm\/wp-json\/wp\/v2\/posts\/13124","targetHints":{"allow":["GET"]}}],"collection":[{"href":"http:\/\/vamosporlaliberacion.org\/crpmlm\/wp-json\/wp\/v2\/posts"}],"about":[{"href":"http:\/\/vamosporlaliberacion.org\/crpmlm\/wp-json\/wp\/v2\/types\/post"}],"author":[{"embeddable":true,"href":"http:\/\/vamosporlaliberacion.org\/crpmlm\/wp-json\/wp\/v2\/users\/5"}],"replies":[{"embeddable":true,"href":"http:\/\/vamosporlaliberacion.org\/crpmlm\/wp-json\/wp\/v2\/comments?post=13124"}],"version-history":[{"count":0,"href":"http:\/\/vamosporlaliberacion.org\/crpmlm\/wp-json\/wp\/v2\/posts\/13124\/revisions"}],"wp:featuredmedia":[{"embeddable":true,"href":"http:\/\/vamosporlaliberacion.org\/crpmlm\/wp-json\/wp\/v2\/media\/13125"}],"wp:attachment":[{"href":"http:\/\/vamosporlaliberacion.org\/crpmlm\/wp-json\/wp\/v2\/media?parent=13124"}],"wp:term":[{"taxonomy":"category","embeddable":true,"href":"http:\/\/vamosporlaliberacion.org\/crpmlm\/wp-json\/wp\/v2\/categories?post=13124"},{"taxonomy":"post_tag","embeddable":true,"href":"http:\/\/vamosporlaliberacion.org\/crpmlm\/wp-json\/wp\/v2\/tags?post=13124"}],"curies":[{"name":"wp","href":"https:\/\/api.w.org\/{rel}","templated":true}]}}