{"id":12886,"date":"2018-12-21T15:16:14","date_gmt":"2018-12-21T18:16:14","guid":{"rendered":"http:\/\/vamosporlaliberacion.org\/crpmlm\/?p=12886"},"modified":"2018-12-21T15:16:14","modified_gmt":"2018-12-21T18:16:14","slug":"importante-triunfo-de-la-lucha-popular-en-al-caba","status":"publish","type":"post","link":"http:\/\/vamosporlaliberacion.org\/crpmlm\/importante-triunfo-de-la-lucha-popular-en-al-caba\/","title":{"rendered":"Importante triunfo de la lucha popular en al CABA"},"content":{"rendered":"<p>En el d\u00eda de ayer, se logr\u00f3 un importante triunfo en la CABA. Luego de un a\u00f1o de luchas, movilizaciones y de enfrentar la represi\u00f3n, el Gobierno de Rodriguez Larreta, debi\u00f3 ceder ante los reclamos. Se logr\u00f3 la apertura de un comedor vecinal en Barrio Mar\u00eda Auxiliadora, un aumento del 15% en las partidas y un subsidio de 10 mil pesos para el funcionamiento. Adem\u00e1s, se acord\u00f3 continuar con una mesa de trabajo para el 8 de enero para evaluar la apertura de otro comedor en el Barrio La Esperanza, efectivizar la provisi\u00f3n de por lo menos 800 raciones en total para merenderos en los barrios La Esperanza, Piletones, Los Pinos y en Villa 1-11-14 y otras 100 raciones de almuerzo para el comedor Lucha y Trabajo. A esto se suman la obtenci\u00f3n de becas de capacitaci\u00f3n de 1000 pesos, que comenzar\u00e1n a partir de marzo.<br \/>\nEsto ha sido logrado gracias a la lucha incansable y la unidad, que debi\u00f3 enfrentar la represi\u00f3n que incluy\u00f3 la detenci\u00f3n de Sergio Parraga, coordinador territorial de la Corriente Ren\u00e9 Salamanca. Ahora la lucha contin\u00faa para garantizar que el gobierno cumpla con lo acordado.<\/p>\n<!-- AddThis Advanced Settings generic via filter on the_content --><!-- AddThis Share Buttons generic via filter on the_content -->","protected":false},"excerpt":{"rendered":"<p>En el d\u00eda de ayer, se logr\u00f3 un importante triunfo en la CABA. Luego de un a\u00f1o de luchas, movilizaciones y de enfrentar la represi\u00f3n, el Gobierno de Rodriguez Larreta, debi\u00f3 ceder ante los reclamos. Se logr\u00f3 la apertura de un comedor vecinal en Barrio Mar\u00eda Auxiliadora, un aumento del 15% en las partidas y [&hellip;]<!-- AddThis Advanced Settings generic via filter on get_the_excerpt --><!-- AddThis Share Buttons generic via filter on get_the_excerpt --><\/p>\n","protected":false},"author":5,"featured_media":12887,"comment_status":"open","ping_status":"open","sticky":false,"template":"","format":"standard","meta":{"_jetpack_memberships_contains_paid_content":false,"footnotes":""},"categories":[1699],"tags":[45,71,521],"class_list":{"0":"post-12886","1":"post","2":"type-post","3":"status-publish","4":"format-standard","5":"has-post-thumbnail","7":"category-noticias","8":"tag-caba","9":"tag-corriente-clasista-rene-salamanca","10":"tag-destacado-1"},"yoast_head":"<!-- This site is optimized with the Yoast SEO plugin v27.4 - https:\/\/yoast.com\/product\/yoast-seo-wordpress\/ -->\n<title>Importante triunfo de la lucha popular en al CABA - Vamos por la Liberaci\u00f3n<\/title>\n<meta name=\"robots\" content=\"index, follow, max-snippet:-1, max-image-preview:large, max-video-preview:-1\" \/>\n<link rel=\"canonical\" href=\"https:\/\/vamosporlaliberacion.org\/crpmlm\/importante-triunfo-de-la-lucha-popular-en-al-caba\/\" \/>\n<meta name=\"twitter:label1\" content=\"Escrito por\" \/>\n\t<meta name=\"twitter:data1\" content=\"\" \/>\n\t<meta name=\"twitter:label2\" content=\"Tiempo de lectura\" \/>\n\t<meta name=\"twitter:data2\" content=\"1 minuto\" \/>\n<script type=\"application\/ld+json\" class=\"yoast-schema-graph\">{\"@context\":\"https:\\\/\\\/schema.org\",\"@graph\":[{\"@type\":\"Article\",\"@id\":\"https:\\\/\\\/vamosporlaliberacion.org\\\/crpmlm\\\/importante-triunfo-de-la-lucha-popular-en-al-caba\\\/#article\",\"isPartOf\":{\"@id\":\"https:\\\/\\\/vamosporlaliberacion.org\\\/crpmlm\\\/importante-triunfo-de-la-lucha-popular-en-al-caba\\\/\"},\"author\":{\"name\":\"\",\"@id\":\"\"},\"headline\":\"Importante triunfo de la lucha popular en al CABA\",\"datePublished\":\"2018-12-21T18:16:14+00:00\",\"mainEntityOfPage\":{\"@id\":\"https:\\\/\\\/vamosporlaliberacion.org\\\/crpmlm\\\/importante-triunfo-de-la-lucha-popular-en-al-caba\\\/\"},\"wordCount\":206,\"commentCount\":0,\"image\":{\"@id\":\"https:\\\/\\\/vamosporlaliberacion.org\\\/crpmlm\\\/importante-triunfo-de-la-lucha-popular-en-al-caba\\\/#primaryimage\"},\"thumbnailUrl\":\"https:\\\/\\\/i0.wp.com\\\/vamosporlaliberacion.org\\\/crpmlm\\\/wp-content\\\/uploads\\\/2018\\\/12\\\/IMG-20181219-WA0017.jpg?fit=1032%2C581&ssl=1\",\"keywords\":[\"CABA\",\"Corriente Clasista Ren\u00e9 Salamanca\",\"destacado 1\"],\"articleSection\":[\"Noticias\"],\"inLanguage\":\"es\",\"potentialAction\":[{\"@type\":\"CommentAction\",\"name\":\"Comment\",\"target\":[\"https:\\\/\\\/vamosporlaliberacion.org\\\/crpmlm\\\/importante-triunfo-de-la-lucha-popular-en-al-caba\\\/#respond\"]}]},{\"@type\":\"WebPage\",\"@id\":\"https:\\\/\\\/vamosporlaliberacion.org\\\/crpmlm\\\/importante-triunfo-de-la-lucha-popular-en-al-caba\\\/\",\"url\":\"https:\\\/\\\/vamosporlaliberacion.org\\\/crpmlm\\\/importante-triunfo-de-la-lucha-popular-en-al-caba\\\/\",\"name\":\"Importante triunfo de la lucha popular en al CABA - Vamos por la Liberaci\u00f3n\",\"isPartOf\":{\"@id\":\"https:\\\/\\\/vamosporlaliberacion.org\\\/crpmlm\\\/#website\"},\"primaryImageOfPage\":{\"@id\":\"https:\\\/\\\/vamosporlaliberacion.org\\\/crpmlm\\\/importante-triunfo-de-la-lucha-popular-en-al-caba\\\/#primaryimage\"},\"image\":{\"@id\":\"https:\\\/\\\/vamosporlaliberacion.org\\\/crpmlm\\\/importante-triunfo-de-la-lucha-popular-en-al-caba\\\/#primaryimage\"},\"thumbnailUrl\":\"https:\\\/\\\/i0.wp.com\\\/vamosporlaliberacion.org\\\/crpmlm\\\/wp-content\\\/uploads\\\/2018\\\/12\\\/IMG-20181219-WA0017.jpg?fit=1032%2C581&ssl=1\",\"datePublished\":\"2018-12-21T18:16:14+00:00\",\"author\":{\"@id\":\"\"},\"breadcrumb\":{\"@id\":\"https:\\\/\\\/vamosporlaliberacion.org\\\/crpmlm\\\/importante-triunfo-de-la-lucha-popular-en-al-caba\\\/#breadcrumb\"},\"inLanguage\":\"es\",\"potentialAction\":[{\"@type\":\"ReadAction\",\"target\":[\"https:\\\/\\\/vamosporlaliberacion.org\\\/crpmlm\\\/importante-triunfo-de-la-lucha-popular-en-al-caba\\\/\"]}]},{\"@type\":\"ImageObject\",\"inLanguage\":\"es\",\"@id\":\"https:\\\/\\\/vamosporlaliberacion.org\\\/crpmlm\\\/importante-triunfo-de-la-lucha-popular-en-al-caba\\\/#primaryimage\",\"url\":\"https:\\\/\\\/i0.wp.com\\\/vamosporlaliberacion.org\\\/crpmlm\\\/wp-content\\\/uploads\\\/2018\\\/12\\\/IMG-20181219-WA0017.jpg?fit=1032%2C581&ssl=1\",\"contentUrl\":\"https:\\\/\\\/i0.wp.com\\\/vamosporlaliberacion.org\\\/crpmlm\\\/wp-content\\\/uploads\\\/2018\\\/12\\\/IMG-20181219-WA0017.jpg?fit=1032%2C581&ssl=1\",\"width\":1032,\"height\":581},{\"@type\":\"BreadcrumbList\",\"@id\":\"https:\\\/\\\/vamosporlaliberacion.org\\\/crpmlm\\\/importante-triunfo-de-la-lucha-popular-en-al-caba\\\/#breadcrumb\",\"itemListElement\":[{\"@type\":\"ListItem\",\"position\":1,\"name\":\"Portada\",\"item\":\"https:\\\/\\\/vamosporlaliberacion.org\\\/crpmlm\\\/\"},{\"@type\":\"ListItem\",\"position\":2,\"name\":\"Importante triunfo de la lucha popular en al CABA\"}]},{\"@type\":\"WebSite\",\"@id\":\"https:\\\/\\\/vamosporlaliberacion.org\\\/crpmlm\\\/#website\",\"url\":\"https:\\\/\\\/vamosporlaliberacion.org\\\/crpmlm\\\/\",\"name\":\"Vamos por la Liberaci\u00f3n\",\"description\":\"Prensa CR\",\"potentialAction\":[{\"@type\":\"SearchAction\",\"target\":{\"@type\":\"EntryPoint\",\"urlTemplate\":\"https:\\\/\\\/vamosporlaliberacion.org\\\/crpmlm\\\/?s={search_term_string}\"},\"query-input\":{\"@type\":\"PropertyValueSpecification\",\"valueRequired\":true,\"valueName\":\"search_term_string\"}}],\"inLanguage\":\"es\"},{\"@type\":\"Person\",\"@id\":\"\",\"url\":\"http:\\\/\\\/vamosporlaliberacion.org\\\/crpmlm\\\/author\\\/\"}]}<\/script>\n<!-- \/ Yoast SEO plugin. -->","yoast_head_json":{"title":"Importante triunfo de la lucha popular en al CABA - Vamos por la Liberaci\u00f3n","robots":{"index":"index","follow":"follow","max-snippet":"max-snippet:-1","max-image-preview":"max-image-preview:large","max-video-preview":"max-video-preview:-1"},"canonical":"https:\/\/vamosporlaliberacion.org\/crpmlm\/importante-triunfo-de-la-lucha-popular-en-al-caba\/","twitter_misc":{"Escrito por":"","Tiempo de lectura":"1 minuto"},"schema":{"@context":"https:\/\/schema.org","@graph":[{"@type":"Article","@id":"https:\/\/vamosporlaliberacion.org\/crpmlm\/importante-triunfo-de-la-lucha-popular-en-al-caba\/#article","isPartOf":{"@id":"https:\/\/vamosporlaliberacion.org\/crpmlm\/importante-triunfo-de-la-lucha-popular-en-al-caba\/"},"author":{"name":"","@id":""},"headline":"Importante triunfo de la lucha popular en al CABA","datePublished":"2018-12-21T18:16:14+00:00","mainEntityOfPage":{"@id":"https:\/\/vamosporlaliberacion.org\/crpmlm\/importante-triunfo-de-la-lucha-popular-en-al-caba\/"},"wordCount":206,"commentCount":0,"image":{"@id":"https:\/\/vamosporlaliberacion.org\/crpmlm\/importante-triunfo-de-la-lucha-popular-en-al-caba\/#primaryimage"},"thumbnailUrl":"https:\/\/i0.wp.com\/vamosporlaliberacion.org\/crpmlm\/wp-content\/uploads\/2018\/12\/IMG-20181219-WA0017.jpg?fit=1032%2C581&ssl=1","keywords":["CABA","Corriente Clasista Ren\u00e9 Salamanca","destacado 1"],"articleSection":["Noticias"],"inLanguage":"es","potentialAction":[{"@type":"CommentAction","name":"Comment","target":["https:\/\/vamosporlaliberacion.org\/crpmlm\/importante-triunfo-de-la-lucha-popular-en-al-caba\/#respond"]}]},{"@type":"WebPage","@id":"https:\/\/vamosporlaliberacion.org\/crpmlm\/importante-triunfo-de-la-lucha-popular-en-al-caba\/","url":"https:\/\/vamosporlaliberacion.org\/crpmlm\/importante-triunfo-de-la-lucha-popular-en-al-caba\/","name":"Importante triunfo de la lucha popular en al CABA - Vamos por la Liberaci\u00f3n","isPartOf":{"@id":"https:\/\/vamosporlaliberacion.org\/crpmlm\/#website"},"primaryImageOfPage":{"@id":"https:\/\/vamosporlaliberacion.org\/crpmlm\/importante-triunfo-de-la-lucha-popular-en-al-caba\/#primaryimage"},"image":{"@id":"https:\/\/vamosporlaliberacion.org\/crpmlm\/importante-triunfo-de-la-lucha-popular-en-al-caba\/#primaryimage"},"thumbnailUrl":"https:\/\/i0.wp.com\/vamosporlaliberacion.org\/crpmlm\/wp-content\/uploads\/2018\/12\/IMG-20181219-WA0017.jpg?fit=1032%2C581&ssl=1","datePublished":"2018-12-21T18:16:14+00:00","author":{"@id":""},"breadcrumb":{"@id":"https:\/\/vamosporlaliberacion.org\/crpmlm\/importante-triunfo-de-la-lucha-popular-en-al-caba\/#breadcrumb"},"inLanguage":"es","potentialAction":[{"@type":"ReadAction","target":["https:\/\/vamosporlaliberacion.org\/crpmlm\/importante-triunfo-de-la-lucha-popular-en-al-caba\/"]}]},{"@type":"ImageObject","inLanguage":"es","@id":"https:\/\/vamosporlaliberacion.org\/crpmlm\/importante-triunfo-de-la-lucha-popular-en-al-caba\/#primaryimage","url":"https:\/\/i0.wp.com\/vamosporlaliberacion.org\/crpmlm\/wp-content\/uploads\/2018\/12\/IMG-20181219-WA0017.jpg?fit=1032%2C581&ssl=1","contentUrl":"https:\/\/i0.wp.com\/vamosporlaliberacion.org\/crpmlm\/wp-content\/uploads\/2018\/12\/IMG-20181219-WA0017.jpg?fit=1032%2C581&ssl=1","width":1032,"height":581},{"@type":"BreadcrumbList","@id":"https:\/\/vamosporlaliberacion.org\/crpmlm\/importante-triunfo-de-la-lucha-popular-en-al-caba\/#breadcrumb","itemListElement":[{"@type":"ListItem","position":1,"name":"Portada","item":"https:\/\/vamosporlaliberacion.org\/crpmlm\/"},{"@type":"ListItem","position":2,"name":"Importante triunfo de la lucha popular en al CABA"}]},{"@type":"WebSite","@id":"https:\/\/vamosporlaliberacion.org\/crpmlm\/#website","url":"https:\/\/vamosporlaliberacion.org\/crpmlm\/","name":"Vamos por la Liberaci\u00f3n","description":"Prensa CR","potentialAction":[{"@type":"SearchAction","target":{"@type":"EntryPoint","urlTemplate":"https:\/\/vamosporlaliberacion.org\/crpmlm\/?s={search_term_string}"},"query-input":{"@type":"PropertyValueSpecification","valueRequired":true,"valueName":"search_term_string"}}],"inLanguage":"es"},{"@type":"Person","@id":"","url":"http:\/\/vamosporlaliberacion.org\/crpmlm\/author\/"}]}},"jetpack_featured_media_url":"https:\/\/i0.wp.com\/vamosporlaliberacion.org\/crpmlm\/wp-content\/uploads\/2018\/12\/IMG-20181219-WA0017.jpg?fit=1032%2C581&ssl=1","jetpack_sharing_enabled":true,"_links":{"self":[{"href":"http:\/\/vamosporlaliberacion.org\/crpmlm\/wp-json\/wp\/v2\/posts\/12886","targetHints":{"allow":["GET"]}}],"collection":[{"href":"http:\/\/vamosporlaliberacion.org\/crpmlm\/wp-json\/wp\/v2\/posts"}],"about":[{"href":"http:\/\/vamosporlaliberacion.org\/crpmlm\/wp-json\/wp\/v2\/types\/post"}],"author":[{"embeddable":true,"href":"http:\/\/vamosporlaliberacion.org\/crpmlm\/wp-json\/wp\/v2\/users\/5"}],"replies":[{"embeddable":true,"href":"http:\/\/vamosporlaliberacion.org\/crpmlm\/wp-json\/wp\/v2\/comments?post=12886"}],"version-history":[{"count":0,"href":"http:\/\/vamosporlaliberacion.org\/crpmlm\/wp-json\/wp\/v2\/posts\/12886\/revisions"}],"wp:featuredmedia":[{"embeddable":true,"href":"http:\/\/vamosporlaliberacion.org\/crpmlm\/wp-json\/wp\/v2\/media\/12887"}],"wp:attachment":[{"href":"http:\/\/vamosporlaliberacion.org\/crpmlm\/wp-json\/wp\/v2\/media?parent=12886"}],"wp:term":[{"taxonomy":"category","embeddable":true,"href":"http:\/\/vamosporlaliberacion.org\/crpmlm\/wp-json\/wp\/v2\/categories?post=12886"},{"taxonomy":"post_tag","embeddable":true,"href":"http:\/\/vamosporlaliberacion.org\/crpmlm\/wp-json\/wp\/v2\/tags?post=12886"}],"curies":[{"name":"wp","href":"https:\/\/api.w.org\/{rel}","templated":true}]}}