{"id":12772,"date":"2018-11-22T22:09:17","date_gmt":"2018-11-23T01:09:17","guid":{"rendered":"http:\/\/vamosporlaliberacion.org\/crpmlm\/?p=12772"},"modified":"2018-11-22T22:09:17","modified_gmt":"2018-11-23T01:09:17","slug":"con-la-esperanza-en-la-lucha","status":"publish","type":"post","link":"http:\/\/vamosporlaliberacion.org\/crpmlm\/con-la-esperanza-en-la-lucha\/","title":{"rendered":"Con la esperanza en la lucha!"},"content":{"rendered":"<p>Estella Maidana vive en Tierra del Fuego desde hace 36 a\u00f1os. Oriunda de Paran\u00e1, viaja cada a\u00f1o a su provincia natal para visitar a su familia y hermanos. \u201cEn R\u00edo Grande, tu familia es tu compa\u00f1ero de trabajo\u201d, confiesa. Es divorciada, vive en esa ciudad con dos de sus cinco hijos. Es operaria de control de calidad en la f\u00e1brica de aire acondicionados Audivic, d\u00f3nde hace 20 a\u00f1os que trabaja, que lleg\u00f3 a ocupar 300 operarios hasta principio de este a\u00f1o pero que dej\u00f3 de producir.<\/p>\n<p>Ante esta grave situaci\u00f3n que implica quedar sin sustento, Estella junto a otros compa\u00f1eros-familia de trabajo viajaron hasta Buenos Aires para inscribir la cooperativa de trabajo Tierra del Fuego ex Audivic R\u00edo Grande. Desde julio de este a\u00f1o, 73 trabajadores permanecen pac\u00edficamente dentro de la f\u00e1brica pare evitar su vaciamiento. Y quieren ponerla a producir. Y se vincularon tambi\u00e9n a otras recuperadas en Buenos Aires, con qui\u00e9nes tambi\u00e9n se reunieron.<\/p>\n<p><strong>\u2013\u00bfC\u00f3mo es la vivir en la isla?<\/strong><\/p>\n<p>\u2013Algunos tienen ese concepto de que en Tierra del Fuego se gana millonada de dinero. En su momento cada uno de nosotros hizo su casa, consigui\u00f3 su auto, tenemos nuestras cosas buenas. Pero todo conlleva much\u00edsimo sacrificio. No es f\u00e1cil vivir en la isla. No es como en otros lados, si ten\u00e9s un terreno y un poco de tierra o te podes hacer una quinta o te cri\u00e1s un pollo o ten\u00e9s tu familia que te ayuda. En R\u00edo Grande tu familia es tu compa\u00f1ero de trabajo, tu amigo. Y es muy dif\u00edcil porque la vida aparte es cara. La mayor\u00eda de los que trabajamos en f\u00e1brica somos personas que hay veces que no vemos la luz del d\u00eda en el invierno. Porque entramos a trabajar y est\u00e1 oscuro; y salimos y tambi\u00e9n est\u00e1 oscuro. Y es muy sacrificado el trabajo dentro de las empresas. Te exige la vista, las manos. Hay much\u00edsima gente que sufre de artrosis, tienen problemas en las manos, la columna. Pero es un lugar donde decidimos vivir, much\u00edsima gente que se quiere quedar. En este momento que la isla est\u00e1 totalmente parada. La fuente de trabajo todos los d\u00edas se cae con este tema de que nos han recortado los beneficios de la Ley 19.640. Se deja de producir en la situaci\u00f3n del pa\u00eds. Nadie compra nada. Y el empresario siempre mide su beneficio. Y si su beneficio no est\u00e1 dentro de los par\u00e1metros que ellos desean, y vos te qued\u00e1s sin trabajo, no es el problema de ellos. Es tu problema. La verdad que se complica.<\/p>\n<p><strong>\u2013\u00bfPor qu\u00e9 decidieron ocupar la planta?<\/strong><\/p>\n<p>\u2013Nosotros ven\u00edamos ya de una situaci\u00f3n de percibir los salarios en cuotas. No hab\u00edamos cobrado el mes de mayo. El empresario dec\u00eda que dentro de la planta ya no le conven\u00eda que nosotros estuvi\u00e9ramos porque ya no pod\u00eda pagar ni el comedor ni el transporte. Entonces nos hizo una suspensi\u00f3n por un mes. Cuando lleg\u00f3 el 14 de julio nos enteramos por vecinos que se estaban llevando un tren de chipeado, que son las m\u00e1quinas completas que le ponen los chips a las placas, y con los hornos, que cocinan esos chips para que despu\u00e9s vayan al soldador. Se lo estaban llevando arriba de un cami\u00f3n volcador. M\u00e1quinas que cuestan pero millones de pesos. Y eso lo estaba llevando a cabo el apoderado de la empresa y el abogado que es apoderado del concurso de acreedores de la empresa. Cuando nos enteramos que se estaba sucediendo el vaciamiento decidimos tomar la empresa pac\u00edficamente. Y ahora estamos ah\u00ed adentro cuidando, nuestros puestos de trabajo y cuidando la maquinaria.<\/p>\n<p><strong>\u2013\u00bfC\u00f3mo se sostienen sin salario desde hace ya varios meses?<\/strong><\/p>\n<p>\u2013Desde un primer momento quien nos ayud\u00f3 a transitar todo este tiempo es el Municipio de R\u00edo Grande. Mucha gente que quiz\u00e1s no tiene para pagar un alquiler, le pagaban el alquiler. Despu\u00e9s nos daban subsidios para pagar la luz, el gas, bolsas con alimentos. Y siempre tratamos de lograr la ayuda de la gobernadora Roxana Bertone, pero nunca lo logramos. S\u00ed mando despu\u00e9s de un par de meses a sus funcionarios de tercera l\u00ednea y nos dieron un pan de $4.000 y una tarjeta para comprar alimentos de$1.500. Y la verdad que la solidaridad del pueblo de R\u00edo Grande es muy grande. Siempre que alguien necesita el pueblo est\u00e1. Siempre recibimos elementos, se hacen colectas, de todos lados recibimos. Alimentos perecederos, no perecederos. Tambi\u00e9n desde Ushuaia, la gente de Renacer, la gente de los sindicatos del municipio de Ushuaia nos ha ayudado.<\/p>\n<p><strong>\u2013\u00bfQu\u00e9 expectativas tienen de la reuni\u00f3n con otras recuperadas?<\/strong><\/p>\n<p>\u2013Ver c\u00f3mo lo hicieron los que ya lo hicieron. C\u00f3mo salen adelante con sus f\u00e1bricas recuperadas, con la salvedad por supuesto de que una f\u00e1brica recuperada en Tierra del Fuego, m\u00e1s una electr\u00f3nica, est\u00e1 bajo el r\u00e9gimen de la 19.640: es totalmente diferente al funcionamiento de alguien que est\u00e1 en el continente. Todo lo que nosotros tenemos all\u00e1, tenemos que exportarlo. Y todo pasa por el \u00e1rea aduanera. Las empresas tienen lo que se llama un proyecto productivo, que si nosotros fu\u00e9ramos cooperativa tendr\u00edamos que tratar de conseguirlo para la cooperativa. Y despu\u00e9s tratar\u00edamos de ir por la expropiaci\u00f3n de la planta. Porque es tan grande la deuda que el empresario Marcelo Solsino tiene con much\u00edsimos acreedores, internacionales, el banco provincial, Musimundo, Acarse, con los seguros, que lo m\u00e1s probable es que por m\u00e1s que la empresa se liquide, nadie cobre nada. Entonces ante esa situaci\u00f3n nosotros vamos a intentar preservar la fuente laboral. Nosotros ya hemos demostrado que lo podemos hacer. Lastimosamente hubo gente involucrada que nos perjudic\u00f3. Pero bueno, ahora vamos a ir por lo que realmente es bueno legal, buscando que las cosas sean claras, transparentes, y estamos con toda la fuerza para seguir adelante.<\/p>\n<p><strong>\u2013\u00bfCon qu\u00e9 pasos van a seguir?<\/strong><\/p>\n<p>\u2013Nosotros vinimos a ver el estado de la cooperativa anterior. Pero eso era como una especie de paraguas financiero que se le hac\u00eda al empresario para esperar que alguien compre las acciones. Porque eso es lo que muchos empresarios hacen en Tierra del Fuego. Hacen plata y despu\u00e9s se van. Esa cooperativa es imposible de reflotarla. Con esa cooperativa gan\u00f3 el empresario, gan\u00f3 el que dirig\u00eda la cooperativa, pero no sirve. Lo m\u00e1s accesible es hacer una nueva cooperativa. As\u00ed que ya ingresamos el tr\u00e1mite. Tenemos el compromiso de ciertos funcionarios de Desarrollo Social de Naci\u00f3n de sacar la matr\u00edcula lo m\u00e1s r\u00e1pido posible. Y tambi\u00e9n tenemos que ir por el juez del concurso para que nos d\u00e9 la explotaci\u00f3n.<\/p>\n<p>Vamos a buscar la ayuda a donde sea para poder salir adelante. Y la verdad es que hoy llevarle a mi compa\u00f1ero una esperanza de trabajo es muy importante. Porque nosotros somos gente grande, la que trabajamos en Audivic. Tenemos j\u00f3venes pero tambi\u00e9n tenemos gente grande. Y m\u00e1s all\u00e1 que no tenemos todos los aportes, porque los empresarios no nos han hecho todos los aportes para poder jubilarnos, entonces no nos queda otra posibilidad de seguir tratando para seguir trabajando para poder subsistir.<\/p>\n<!-- AddThis Advanced Settings generic via filter on the_content --><!-- AddThis Share Buttons generic via filter on the_content -->","protected":false},"excerpt":{"rendered":"<p>Estella Maidana vive en Tierra del Fuego desde hace 36 a\u00f1os. Oriunda de Paran\u00e1, viaja cada a\u00f1o a su provincia natal para visitar a su familia y hermanos. \u201cEn R\u00edo Grande, tu familia es tu compa\u00f1ero de trabajo\u201d, confiesa. Es divorciada, vive en esa ciudad con dos de sus cinco hijos. Es operaria de control [&hellip;]<!-- AddThis Advanced Settings generic via filter on get_the_excerpt --><!-- AddThis Share Buttons generic via filter on get_the_excerpt --><\/p>\n","protected":false},"author":5,"featured_media":12773,"comment_status":"open","ping_status":"open","sticky":false,"template":"","format":"standard","meta":{"_jetpack_memberships_contains_paid_content":false,"footnotes":""},"categories":[1699],"tags":[1262,520,251,1261],"class_list":{"0":"post-12772","1":"post","2":"type-post","3":"status-publish","4":"format-standard","5":"has-post-thumbnail","7":"category-noticias","8":"tag-audivic","9":"tag-destacado-2","10":"tag-tierra-del-fuego","11":"tag-vxl-132"},"yoast_head":"<!-- This site is optimized with the Yoast SEO plugin v27.4 - https:\/\/yoast.com\/product\/yoast-seo-wordpress\/ -->\n<title>Con la esperanza en la lucha! - Vamos por la Liberaci\u00f3n<\/title>\n<meta name=\"robots\" content=\"index, follow, max-snippet:-1, max-image-preview:large, max-video-preview:-1\" \/>\n<link rel=\"canonical\" href=\"https:\/\/vamosporlaliberacion.org\/crpmlm\/con-la-esperanza-en-la-lucha\/\" \/>\n<meta name=\"twitter:label1\" content=\"Escrito por\" \/>\n\t<meta name=\"twitter:data1\" content=\"\" \/>\n\t<meta name=\"twitter:label2\" content=\"Tiempo de lectura\" \/>\n\t<meta name=\"twitter:data2\" content=\"6 minutos\" \/>\n<script type=\"application\/ld+json\" class=\"yoast-schema-graph\">{\"@context\":\"https:\\\/\\\/schema.org\",\"@graph\":[{\"@type\":\"Article\",\"@id\":\"https:\\\/\\\/vamosporlaliberacion.org\\\/crpmlm\\\/con-la-esperanza-en-la-lucha\\\/#article\",\"isPartOf\":{\"@id\":\"https:\\\/\\\/vamosporlaliberacion.org\\\/crpmlm\\\/con-la-esperanza-en-la-lucha\\\/\"},\"author\":{\"name\":\"\",\"@id\":\"\"},\"headline\":\"Con la esperanza en la lucha!\",\"datePublished\":\"2018-11-23T01:09:17+00:00\",\"mainEntityOfPage\":{\"@id\":\"https:\\\/\\\/vamosporlaliberacion.org\\\/crpmlm\\\/con-la-esperanza-en-la-lucha\\\/\"},\"wordCount\":1255,\"commentCount\":0,\"image\":{\"@id\":\"https:\\\/\\\/vamosporlaliberacion.org\\\/crpmlm\\\/con-la-esperanza-en-la-lucha\\\/#primaryimage\"},\"thumbnailUrl\":\"https:\\\/\\\/i0.wp.com\\\/vamosporlaliberacion.org\\\/crpmlm\\\/wp-content\\\/uploads\\\/2018\\\/11\\\/WhatsApp-Image-2018-11-18-at-10.48.25-AM.jpeg?fit=1280%2C718&ssl=1\",\"keywords\":[\"Audivic\",\"destacado 2\",\"Tierra del Fuego\",\"Vxl 132\"],\"articleSection\":[\"Noticias\"],\"inLanguage\":\"es\",\"potentialAction\":[{\"@type\":\"CommentAction\",\"name\":\"Comment\",\"target\":[\"https:\\\/\\\/vamosporlaliberacion.org\\\/crpmlm\\\/con-la-esperanza-en-la-lucha\\\/#respond\"]}]},{\"@type\":\"WebPage\",\"@id\":\"https:\\\/\\\/vamosporlaliberacion.org\\\/crpmlm\\\/con-la-esperanza-en-la-lucha\\\/\",\"url\":\"https:\\\/\\\/vamosporlaliberacion.org\\\/crpmlm\\\/con-la-esperanza-en-la-lucha\\\/\",\"name\":\"Con la esperanza en la lucha! - Vamos por la Liberaci\u00f3n\",\"isPartOf\":{\"@id\":\"https:\\\/\\\/vamosporlaliberacion.org\\\/crpmlm\\\/#website\"},\"primaryImageOfPage\":{\"@id\":\"https:\\\/\\\/vamosporlaliberacion.org\\\/crpmlm\\\/con-la-esperanza-en-la-lucha\\\/#primaryimage\"},\"image\":{\"@id\":\"https:\\\/\\\/vamosporlaliberacion.org\\\/crpmlm\\\/con-la-esperanza-en-la-lucha\\\/#primaryimage\"},\"thumbnailUrl\":\"https:\\\/\\\/i0.wp.com\\\/vamosporlaliberacion.org\\\/crpmlm\\\/wp-content\\\/uploads\\\/2018\\\/11\\\/WhatsApp-Image-2018-11-18-at-10.48.25-AM.jpeg?fit=1280%2C718&ssl=1\",\"datePublished\":\"2018-11-23T01:09:17+00:00\",\"author\":{\"@id\":\"\"},\"breadcrumb\":{\"@id\":\"https:\\\/\\\/vamosporlaliberacion.org\\\/crpmlm\\\/con-la-esperanza-en-la-lucha\\\/#breadcrumb\"},\"inLanguage\":\"es\",\"potentialAction\":[{\"@type\":\"ReadAction\",\"target\":[\"https:\\\/\\\/vamosporlaliberacion.org\\\/crpmlm\\\/con-la-esperanza-en-la-lucha\\\/\"]}]},{\"@type\":\"ImageObject\",\"inLanguage\":\"es\",\"@id\":\"https:\\\/\\\/vamosporlaliberacion.org\\\/crpmlm\\\/con-la-esperanza-en-la-lucha\\\/#primaryimage\",\"url\":\"https:\\\/\\\/i0.wp.com\\\/vamosporlaliberacion.org\\\/crpmlm\\\/wp-content\\\/uploads\\\/2018\\\/11\\\/WhatsApp-Image-2018-11-18-at-10.48.25-AM.jpeg?fit=1280%2C718&ssl=1\",\"contentUrl\":\"https:\\\/\\\/i0.wp.com\\\/vamosporlaliberacion.org\\\/crpmlm\\\/wp-content\\\/uploads\\\/2018\\\/11\\\/WhatsApp-Image-2018-11-18-at-10.48.25-AM.jpeg?fit=1280%2C718&ssl=1\",\"width\":1280,\"height\":718},{\"@type\":\"BreadcrumbList\",\"@id\":\"https:\\\/\\\/vamosporlaliberacion.org\\\/crpmlm\\\/con-la-esperanza-en-la-lucha\\\/#breadcrumb\",\"itemListElement\":[{\"@type\":\"ListItem\",\"position\":1,\"name\":\"Portada\",\"item\":\"https:\\\/\\\/vamosporlaliberacion.org\\\/crpmlm\\\/\"},{\"@type\":\"ListItem\",\"position\":2,\"name\":\"Con la esperanza en la lucha!\"}]},{\"@type\":\"WebSite\",\"@id\":\"https:\\\/\\\/vamosporlaliberacion.org\\\/crpmlm\\\/#website\",\"url\":\"https:\\\/\\\/vamosporlaliberacion.org\\\/crpmlm\\\/\",\"name\":\"Vamos por la Liberaci\u00f3n\",\"description\":\"Prensa CR\",\"potentialAction\":[{\"@type\":\"SearchAction\",\"target\":{\"@type\":\"EntryPoint\",\"urlTemplate\":\"https:\\\/\\\/vamosporlaliberacion.org\\\/crpmlm\\\/?s={search_term_string}\"},\"query-input\":{\"@type\":\"PropertyValueSpecification\",\"valueRequired\":true,\"valueName\":\"search_term_string\"}}],\"inLanguage\":\"es\"},{\"@type\":\"Person\",\"@id\":\"\",\"url\":\"http:\\\/\\\/vamosporlaliberacion.org\\\/crpmlm\\\/author\\\/\"}]}<\/script>\n<!-- \/ Yoast SEO plugin. -->","yoast_head_json":{"title":"Con la esperanza en la lucha! - Vamos por la Liberaci\u00f3n","robots":{"index":"index","follow":"follow","max-snippet":"max-snippet:-1","max-image-preview":"max-image-preview:large","max-video-preview":"max-video-preview:-1"},"canonical":"https:\/\/vamosporlaliberacion.org\/crpmlm\/con-la-esperanza-en-la-lucha\/","twitter_misc":{"Escrito por":"","Tiempo de lectura":"6 minutos"},"schema":{"@context":"https:\/\/schema.org","@graph":[{"@type":"Article","@id":"https:\/\/vamosporlaliberacion.org\/crpmlm\/con-la-esperanza-en-la-lucha\/#article","isPartOf":{"@id":"https:\/\/vamosporlaliberacion.org\/crpmlm\/con-la-esperanza-en-la-lucha\/"},"author":{"name":"","@id":""},"headline":"Con la esperanza en la lucha!","datePublished":"2018-11-23T01:09:17+00:00","mainEntityOfPage":{"@id":"https:\/\/vamosporlaliberacion.org\/crpmlm\/con-la-esperanza-en-la-lucha\/"},"wordCount":1255,"commentCount":0,"image":{"@id":"https:\/\/vamosporlaliberacion.org\/crpmlm\/con-la-esperanza-en-la-lucha\/#primaryimage"},"thumbnailUrl":"https:\/\/i0.wp.com\/vamosporlaliberacion.org\/crpmlm\/wp-content\/uploads\/2018\/11\/WhatsApp-Image-2018-11-18-at-10.48.25-AM.jpeg?fit=1280%2C718&ssl=1","keywords":["Audivic","destacado 2","Tierra del Fuego","Vxl 132"],"articleSection":["Noticias"],"inLanguage":"es","potentialAction":[{"@type":"CommentAction","name":"Comment","target":["https:\/\/vamosporlaliberacion.org\/crpmlm\/con-la-esperanza-en-la-lucha\/#respond"]}]},{"@type":"WebPage","@id":"https:\/\/vamosporlaliberacion.org\/crpmlm\/con-la-esperanza-en-la-lucha\/","url":"https:\/\/vamosporlaliberacion.org\/crpmlm\/con-la-esperanza-en-la-lucha\/","name":"Con la esperanza en la lucha! - Vamos por la Liberaci\u00f3n","isPartOf":{"@id":"https:\/\/vamosporlaliberacion.org\/crpmlm\/#website"},"primaryImageOfPage":{"@id":"https:\/\/vamosporlaliberacion.org\/crpmlm\/con-la-esperanza-en-la-lucha\/#primaryimage"},"image":{"@id":"https:\/\/vamosporlaliberacion.org\/crpmlm\/con-la-esperanza-en-la-lucha\/#primaryimage"},"thumbnailUrl":"https:\/\/i0.wp.com\/vamosporlaliberacion.org\/crpmlm\/wp-content\/uploads\/2018\/11\/WhatsApp-Image-2018-11-18-at-10.48.25-AM.jpeg?fit=1280%2C718&ssl=1","datePublished":"2018-11-23T01:09:17+00:00","author":{"@id":""},"breadcrumb":{"@id":"https:\/\/vamosporlaliberacion.org\/crpmlm\/con-la-esperanza-en-la-lucha\/#breadcrumb"},"inLanguage":"es","potentialAction":[{"@type":"ReadAction","target":["https:\/\/vamosporlaliberacion.org\/crpmlm\/con-la-esperanza-en-la-lucha\/"]}]},{"@type":"ImageObject","inLanguage":"es","@id":"https:\/\/vamosporlaliberacion.org\/crpmlm\/con-la-esperanza-en-la-lucha\/#primaryimage","url":"https:\/\/i0.wp.com\/vamosporlaliberacion.org\/crpmlm\/wp-content\/uploads\/2018\/11\/WhatsApp-Image-2018-11-18-at-10.48.25-AM.jpeg?fit=1280%2C718&ssl=1","contentUrl":"https:\/\/i0.wp.com\/vamosporlaliberacion.org\/crpmlm\/wp-content\/uploads\/2018\/11\/WhatsApp-Image-2018-11-18-at-10.48.25-AM.jpeg?fit=1280%2C718&ssl=1","width":1280,"height":718},{"@type":"BreadcrumbList","@id":"https:\/\/vamosporlaliberacion.org\/crpmlm\/con-la-esperanza-en-la-lucha\/#breadcrumb","itemListElement":[{"@type":"ListItem","position":1,"name":"Portada","item":"https:\/\/vamosporlaliberacion.org\/crpmlm\/"},{"@type":"ListItem","position":2,"name":"Con la esperanza en la lucha!"}]},{"@type":"WebSite","@id":"https:\/\/vamosporlaliberacion.org\/crpmlm\/#website","url":"https:\/\/vamosporlaliberacion.org\/crpmlm\/","name":"Vamos por la Liberaci\u00f3n","description":"Prensa CR","potentialAction":[{"@type":"SearchAction","target":{"@type":"EntryPoint","urlTemplate":"https:\/\/vamosporlaliberacion.org\/crpmlm\/?s={search_term_string}"},"query-input":{"@type":"PropertyValueSpecification","valueRequired":true,"valueName":"search_term_string"}}],"inLanguage":"es"},{"@type":"Person","@id":"","url":"http:\/\/vamosporlaliberacion.org\/crpmlm\/author\/"}]}},"jetpack_featured_media_url":"https:\/\/i0.wp.com\/vamosporlaliberacion.org\/crpmlm\/wp-content\/uploads\/2018\/11\/WhatsApp-Image-2018-11-18-at-10.48.25-AM.jpeg?fit=1280%2C718&ssl=1","jetpack_sharing_enabled":true,"_links":{"self":[{"href":"http:\/\/vamosporlaliberacion.org\/crpmlm\/wp-json\/wp\/v2\/posts\/12772","targetHints":{"allow":["GET"]}}],"collection":[{"href":"http:\/\/vamosporlaliberacion.org\/crpmlm\/wp-json\/wp\/v2\/posts"}],"about":[{"href":"http:\/\/vamosporlaliberacion.org\/crpmlm\/wp-json\/wp\/v2\/types\/post"}],"author":[{"embeddable":true,"href":"http:\/\/vamosporlaliberacion.org\/crpmlm\/wp-json\/wp\/v2\/users\/5"}],"replies":[{"embeddable":true,"href":"http:\/\/vamosporlaliberacion.org\/crpmlm\/wp-json\/wp\/v2\/comments?post=12772"}],"version-history":[{"count":0,"href":"http:\/\/vamosporlaliberacion.org\/crpmlm\/wp-json\/wp\/v2\/posts\/12772\/revisions"}],"wp:featuredmedia":[{"embeddable":true,"href":"http:\/\/vamosporlaliberacion.org\/crpmlm\/wp-json\/wp\/v2\/media\/12773"}],"wp:attachment":[{"href":"http:\/\/vamosporlaliberacion.org\/crpmlm\/wp-json\/wp\/v2\/media?parent=12772"}],"wp:term":[{"taxonomy":"category","embeddable":true,"href":"http:\/\/vamosporlaliberacion.org\/crpmlm\/wp-json\/wp\/v2\/categories?post=12772"},{"taxonomy":"post_tag","embeddable":true,"href":"http:\/\/vamosporlaliberacion.org\/crpmlm\/wp-json\/wp\/v2\/tags?post=12772"}],"curies":[{"name":"wp","href":"https:\/\/api.w.org\/{rel}","templated":true}]}}