{"id":12671,"date":"2018-11-08T20:53:40","date_gmt":"2018-11-08T23:53:40","guid":{"rendered":"http:\/\/vamosporlaliberacion.org\/crpmlm\/?p=12671"},"modified":"2018-11-08T20:53:40","modified_gmt":"2018-11-08T23:53:40","slug":"las-cifras-del-fracaso-y-la-depresion","status":"publish","type":"post","link":"http:\/\/vamosporlaliberacion.org\/crpmlm\/las-cifras-del-fracaso-y-la-depresion\/","title":{"rendered":"Las cifras del fracaso y la depresi\u00f3n"},"content":{"rendered":"<p>Walter Monz\u00f3n se hizo conocido en enero de este a\u00f1o luego de arrojarse desde un puente al r\u00edo Gastona, a 70 km de San Miguel de Tucum\u00e1n, para rescatar a un ni\u00f1a de 8 a\u00f1os que se estaba ahogando. Ten\u00eda 30 a\u00f1os y hab\u00eda llegado a Tucum\u00e1n desde Chaco para trabajar como jornalero. Fue tal la repercusi\u00f3n de su acto solidario que el propio Macri busc\u00f3 salir en la foto y llam\u00f3 por tel\u00e9fono al joven obrero. \u201cHola, Walter. Soy Mauricio Macri, \u00bfc\u00f3mo and\u00e1s? Te llamaba para felicitarte y decirte que fue muy lindo lo que te sucedi\u00f3, lo que hiciste, c\u00f3mo reaccionaste\u201d, ensay\u00f3 el presidente.<\/p>\n<p>Pasaron los meses luego de ese llamado. Walter segu\u00eda esperando un trabajo que le hab\u00edan prometido en la Municipalidad y nunca llegaba. Cargaba en sus espaldas con la falta de trabajo y una familia que mantener. Despu\u00e9s, las inundaciones le arruinaron la casa y perdi\u00f3 pr\u00e1cticamente lo poco que ten\u00eda. Pero iba a recibir otro cachetazo m\u00e1s: caminando por la calle, buscando trabajo, fue detenido por la polic\u00eda y encarcelado durante seis d\u00edas, s\u00f3lo por tener una \u201cactitud sospechosa\u201d. As\u00ed fue como decidi\u00f3 migrar una vez m\u00e1s en busca de trabajo y se fue a Mendoza, a trabajar como jornalero en los vi\u00f1edos. Sin embargo, golpeado por los pesares econ\u00f3micos decidi\u00f3 hace pocos d\u00edas quitarse la vida. Es la historia de un hombre que grafica la situaci\u00f3n dram\u00e1tica que la pol\u00edtica de Macri est\u00e1 ocasionando en los hogares populares. Y cuyas cifras se muestran, parcialmente, en el Presupuesto 2019.<\/p>\n<p>El Presupuesto del gobierno para el a\u00f1o que viene no solo sincera la debacle econ\u00f3mica del 2018, sino que platea predicciones econ\u00f3micas para el 2019 que, a\u00fan sabiendo que se trata de una mentira optimista, prometen un escenario que seguir\u00e1 barranca abajo. Es el reconocimiento del fracaso de su pol\u00edtica econ\u00f3mica que ocasion\u00f3 una devaluaci\u00f3n de 100% desde enero, una inflaci\u00f3n anual que llegar\u00e1 a 45% o 50%, el aumento de la pobreza, una ca\u00edda del consumo del 3,4% y una ca\u00edda del PBI de al menos 2,4% este a\u00f1o.<\/p>\n<p>La actividad industrial acumula ca\u00eddas constantes desde mayo seg\u00fan el propio Indec. Y se derrumba la producci\u00f3n de las pymes industriales, que descendi\u00f3 por quinto mes consecutivo un 7,4 % en septiembre, seg\u00fan la CAME. Durante el gobierno de Macri se destruyeron 92.000 puestos de trabajo en el sector manufacturero. Hacia fin de a\u00f1o, el salario real habr\u00e1 perdido entre 10% y 15% frente a la inflaci\u00f3n s\u00f3lo en 2018.<\/p>\n<p>Todas estas son las consecuencias del hiperendeudamiento, la apertura indiscriminada de importaciones, el achicamiento del mercado interno, la bicicleta financiera y la desregulaci\u00f3n de la entrada y salida de capitales especulativos. Las alt\u00edsimas tasas de Lebac o Leliq atacan el financiamiento a la industria y la producci\u00f3n. Y las medidas adoptadas para calmar la crisis de la balanza externa de pagos y frenar la estampida del d\u00f3lar empujan a un escenario peor a\u00fan hacia el a\u00f1o que viene. El PBI caer\u00e1 m\u00e1s todav\u00eda. El presupuesto de Cambiemos plantea sumar \u2013a la ca\u00edda de este a\u00f1o\u2013 una nueva ca\u00edda de 0,5%. Seg\u00fan estos n\u00fameros, desde que Cambiemos asumi\u00f3 el gobierno hasta cumplir su mandato, la econom\u00eda caer\u00eda un 1,9% a lo largo del mandato de Macri. La realidad se comprueba a\u00fan m\u00e1s cruda si tenemos en cuenta que en ese mismo per\u00edodo la poblaci\u00f3n aument\u00f3 un 4%, con lo que la ca\u00edda del PBI por habitante ser\u00eda de un 5,7%.<\/p>\n<p>Peor a\u00fan, el propio FMI pronostica que la ca\u00edda ser\u00e1 a\u00fan mayor que la que dice el gobierno: 2,8% para este a\u00f1o y 1,7% para el 2019. Y la deuda p\u00fablica neta (del Estado con privados) ya superar\u00e1 el 50% del PBI. Teniendo en cuenta el crecimiento poblacional, al finalizar 2019 el poder adquisitivo promedio de los argentinos habr\u00eda bajado un 7,2% contando desde fines de 2015.<\/p>\n<p>El \u00faltimo acuerdo con el FMI establece que el BCRA no podr\u00e1 reducir la tasa de inter\u00e9s real \u201chasta que las expectativas inflacionarias a 12 meses hayan disminuido, de forma contundente, durante por lo menos dos meses consecutivos\u201d. Esta condici\u00f3n no se cumple desde hace 16 meses. Por lo tanto, el acuerdo es imponer la recesi\u00f3n a fondo. Es decir, continuar\u00e1 la destrucci\u00f3n de la industria, la ca\u00edda del consumo y la p\u00e9rdida de puestos de trabajo. Es el presupuesto de la depresi\u00f3n.<\/p>\n<!-- AddThis Advanced Settings generic via filter on the_content --><!-- AddThis Share Buttons generic via filter on the_content -->","protected":false},"excerpt":{"rendered":"<p>Walter Monz\u00f3n se hizo conocido en enero de este a\u00f1o luego de arrojarse desde un puente al r\u00edo Gastona, a 70 km de San Miguel de Tucum\u00e1n, para rescatar a un ni\u00f1a de 8 a\u00f1os que se estaba ahogando. Ten\u00eda 30 a\u00f1os y hab\u00eda llegado a Tucum\u00e1n desde Chaco para trabajar como jornalero. Fue tal [&hellip;]<!-- AddThis Advanced Settings generic via filter on get_the_excerpt --><!-- AddThis Share Buttons generic via filter on get_the_excerpt --><\/p>\n","protected":false},"author":5,"featured_media":12672,"comment_status":"open","ping_status":"open","sticky":false,"template":"","format":"standard","meta":{"_jetpack_memberships_contains_paid_content":false,"footnotes":""},"categories":[1699],"tags":[521,1237,1255],"class_list":{"0":"post-12671","1":"post","2":"type-post","3":"status-publish","4":"format-standard","5":"has-post-thumbnail","7":"category-noticias","8":"tag-destacado-1","9":"tag-presupuesto-2019","10":"tag-vxl-131"},"yoast_head":"<!-- This site is optimized with the Yoast SEO plugin v27.4 - https:\/\/yoast.com\/product\/yoast-seo-wordpress\/ -->\n<title>Las cifras del fracaso y la depresi\u00f3n - Vamos por la Liberaci\u00f3n<\/title>\n<meta name=\"robots\" content=\"index, follow, max-snippet:-1, max-image-preview:large, max-video-preview:-1\" \/>\n<link rel=\"canonical\" href=\"https:\/\/vamosporlaliberacion.org\/crpmlm\/las-cifras-del-fracaso-y-la-depresion\/\" \/>\n<meta name=\"twitter:label1\" content=\"Escrito por\" \/>\n\t<meta name=\"twitter:data1\" content=\"\" \/>\n\t<meta name=\"twitter:label2\" content=\"Tiempo de lectura\" \/>\n\t<meta name=\"twitter:data2\" content=\"4 minutos\" \/>\n<script type=\"application\/ld+json\" class=\"yoast-schema-graph\">{\"@context\":\"https:\\\/\\\/schema.org\",\"@graph\":[{\"@type\":\"Article\",\"@id\":\"https:\\\/\\\/vamosporlaliberacion.org\\\/crpmlm\\\/las-cifras-del-fracaso-y-la-depresion\\\/#article\",\"isPartOf\":{\"@id\":\"https:\\\/\\\/vamosporlaliberacion.org\\\/crpmlm\\\/las-cifras-del-fracaso-y-la-depresion\\\/\"},\"author\":{\"name\":\"\",\"@id\":\"\"},\"headline\":\"Las cifras del fracaso y la depresi\u00f3n\",\"datePublished\":\"2018-11-08T23:53:40+00:00\",\"mainEntityOfPage\":{\"@id\":\"https:\\\/\\\/vamosporlaliberacion.org\\\/crpmlm\\\/las-cifras-del-fracaso-y-la-depresion\\\/\"},\"wordCount\":785,\"commentCount\":0,\"image\":{\"@id\":\"https:\\\/\\\/vamosporlaliberacion.org\\\/crpmlm\\\/las-cifras-del-fracaso-y-la-depresion\\\/#primaryimage\"},\"thumbnailUrl\":\"https:\\\/\\\/i0.wp.com\\\/vamosporlaliberacion.org\\\/crpmlm\\\/wp-content\\\/uploads\\\/2018\\\/11\\\/ByFq0KPVG_930x525__1.jpg?fit=930%2C525&ssl=1\",\"keywords\":[\"destacado 1\",\"Presupuesto 2019\",\"vxl 131\"],\"articleSection\":[\"Noticias\"],\"inLanguage\":\"es\",\"potentialAction\":[{\"@type\":\"CommentAction\",\"name\":\"Comment\",\"target\":[\"https:\\\/\\\/vamosporlaliberacion.org\\\/crpmlm\\\/las-cifras-del-fracaso-y-la-depresion\\\/#respond\"]}]},{\"@type\":\"WebPage\",\"@id\":\"https:\\\/\\\/vamosporlaliberacion.org\\\/crpmlm\\\/las-cifras-del-fracaso-y-la-depresion\\\/\",\"url\":\"https:\\\/\\\/vamosporlaliberacion.org\\\/crpmlm\\\/las-cifras-del-fracaso-y-la-depresion\\\/\",\"name\":\"Las cifras del fracaso y la depresi\u00f3n - Vamos por la Liberaci\u00f3n\",\"isPartOf\":{\"@id\":\"https:\\\/\\\/vamosporlaliberacion.org\\\/crpmlm\\\/#website\"},\"primaryImageOfPage\":{\"@id\":\"https:\\\/\\\/vamosporlaliberacion.org\\\/crpmlm\\\/las-cifras-del-fracaso-y-la-depresion\\\/#primaryimage\"},\"image\":{\"@id\":\"https:\\\/\\\/vamosporlaliberacion.org\\\/crpmlm\\\/las-cifras-del-fracaso-y-la-depresion\\\/#primaryimage\"},\"thumbnailUrl\":\"https:\\\/\\\/i0.wp.com\\\/vamosporlaliberacion.org\\\/crpmlm\\\/wp-content\\\/uploads\\\/2018\\\/11\\\/ByFq0KPVG_930x525__1.jpg?fit=930%2C525&ssl=1\",\"datePublished\":\"2018-11-08T23:53:40+00:00\",\"author\":{\"@id\":\"\"},\"breadcrumb\":{\"@id\":\"https:\\\/\\\/vamosporlaliberacion.org\\\/crpmlm\\\/las-cifras-del-fracaso-y-la-depresion\\\/#breadcrumb\"},\"inLanguage\":\"es\",\"potentialAction\":[{\"@type\":\"ReadAction\",\"target\":[\"https:\\\/\\\/vamosporlaliberacion.org\\\/crpmlm\\\/las-cifras-del-fracaso-y-la-depresion\\\/\"]}]},{\"@type\":\"ImageObject\",\"inLanguage\":\"es\",\"@id\":\"https:\\\/\\\/vamosporlaliberacion.org\\\/crpmlm\\\/las-cifras-del-fracaso-y-la-depresion\\\/#primaryimage\",\"url\":\"https:\\\/\\\/i0.wp.com\\\/vamosporlaliberacion.org\\\/crpmlm\\\/wp-content\\\/uploads\\\/2018\\\/11\\\/ByFq0KPVG_930x525__1.jpg?fit=930%2C525&ssl=1\",\"contentUrl\":\"https:\\\/\\\/i0.wp.com\\\/vamosporlaliberacion.org\\\/crpmlm\\\/wp-content\\\/uploads\\\/2018\\\/11\\\/ByFq0KPVG_930x525__1.jpg?fit=930%2C525&ssl=1\",\"width\":930,\"height\":525},{\"@type\":\"BreadcrumbList\",\"@id\":\"https:\\\/\\\/vamosporlaliberacion.org\\\/crpmlm\\\/las-cifras-del-fracaso-y-la-depresion\\\/#breadcrumb\",\"itemListElement\":[{\"@type\":\"ListItem\",\"position\":1,\"name\":\"Portada\",\"item\":\"https:\\\/\\\/vamosporlaliberacion.org\\\/crpmlm\\\/\"},{\"@type\":\"ListItem\",\"position\":2,\"name\":\"Las cifras del fracaso y la depresi\u00f3n\"}]},{\"@type\":\"WebSite\",\"@id\":\"https:\\\/\\\/vamosporlaliberacion.org\\\/crpmlm\\\/#website\",\"url\":\"https:\\\/\\\/vamosporlaliberacion.org\\\/crpmlm\\\/\",\"name\":\"Vamos por la Liberaci\u00f3n\",\"description\":\"Prensa CR\",\"potentialAction\":[{\"@type\":\"SearchAction\",\"target\":{\"@type\":\"EntryPoint\",\"urlTemplate\":\"https:\\\/\\\/vamosporlaliberacion.org\\\/crpmlm\\\/?s={search_term_string}\"},\"query-input\":{\"@type\":\"PropertyValueSpecification\",\"valueRequired\":true,\"valueName\":\"search_term_string\"}}],\"inLanguage\":\"es\"},{\"@type\":\"Person\",\"@id\":\"\",\"url\":\"http:\\\/\\\/vamosporlaliberacion.org\\\/crpmlm\\\/author\\\/\"}]}<\/script>\n<!-- \/ Yoast SEO plugin. -->","yoast_head_json":{"title":"Las cifras del fracaso y la depresi\u00f3n - Vamos por la Liberaci\u00f3n","robots":{"index":"index","follow":"follow","max-snippet":"max-snippet:-1","max-image-preview":"max-image-preview:large","max-video-preview":"max-video-preview:-1"},"canonical":"https:\/\/vamosporlaliberacion.org\/crpmlm\/las-cifras-del-fracaso-y-la-depresion\/","twitter_misc":{"Escrito por":"","Tiempo de lectura":"4 minutos"},"schema":{"@context":"https:\/\/schema.org","@graph":[{"@type":"Article","@id":"https:\/\/vamosporlaliberacion.org\/crpmlm\/las-cifras-del-fracaso-y-la-depresion\/#article","isPartOf":{"@id":"https:\/\/vamosporlaliberacion.org\/crpmlm\/las-cifras-del-fracaso-y-la-depresion\/"},"author":{"name":"","@id":""},"headline":"Las cifras del fracaso y la depresi\u00f3n","datePublished":"2018-11-08T23:53:40+00:00","mainEntityOfPage":{"@id":"https:\/\/vamosporlaliberacion.org\/crpmlm\/las-cifras-del-fracaso-y-la-depresion\/"},"wordCount":785,"commentCount":0,"image":{"@id":"https:\/\/vamosporlaliberacion.org\/crpmlm\/las-cifras-del-fracaso-y-la-depresion\/#primaryimage"},"thumbnailUrl":"https:\/\/i0.wp.com\/vamosporlaliberacion.org\/crpmlm\/wp-content\/uploads\/2018\/11\/ByFq0KPVG_930x525__1.jpg?fit=930%2C525&ssl=1","keywords":["destacado 1","Presupuesto 2019","vxl 131"],"articleSection":["Noticias"],"inLanguage":"es","potentialAction":[{"@type":"CommentAction","name":"Comment","target":["https:\/\/vamosporlaliberacion.org\/crpmlm\/las-cifras-del-fracaso-y-la-depresion\/#respond"]}]},{"@type":"WebPage","@id":"https:\/\/vamosporlaliberacion.org\/crpmlm\/las-cifras-del-fracaso-y-la-depresion\/","url":"https:\/\/vamosporlaliberacion.org\/crpmlm\/las-cifras-del-fracaso-y-la-depresion\/","name":"Las cifras del fracaso y la depresi\u00f3n - Vamos por la Liberaci\u00f3n","isPartOf":{"@id":"https:\/\/vamosporlaliberacion.org\/crpmlm\/#website"},"primaryImageOfPage":{"@id":"https:\/\/vamosporlaliberacion.org\/crpmlm\/las-cifras-del-fracaso-y-la-depresion\/#primaryimage"},"image":{"@id":"https:\/\/vamosporlaliberacion.org\/crpmlm\/las-cifras-del-fracaso-y-la-depresion\/#primaryimage"},"thumbnailUrl":"https:\/\/i0.wp.com\/vamosporlaliberacion.org\/crpmlm\/wp-content\/uploads\/2018\/11\/ByFq0KPVG_930x525__1.jpg?fit=930%2C525&ssl=1","datePublished":"2018-11-08T23:53:40+00:00","author":{"@id":""},"breadcrumb":{"@id":"https:\/\/vamosporlaliberacion.org\/crpmlm\/las-cifras-del-fracaso-y-la-depresion\/#breadcrumb"},"inLanguage":"es","potentialAction":[{"@type":"ReadAction","target":["https:\/\/vamosporlaliberacion.org\/crpmlm\/las-cifras-del-fracaso-y-la-depresion\/"]}]},{"@type":"ImageObject","inLanguage":"es","@id":"https:\/\/vamosporlaliberacion.org\/crpmlm\/las-cifras-del-fracaso-y-la-depresion\/#primaryimage","url":"https:\/\/i0.wp.com\/vamosporlaliberacion.org\/crpmlm\/wp-content\/uploads\/2018\/11\/ByFq0KPVG_930x525__1.jpg?fit=930%2C525&ssl=1","contentUrl":"https:\/\/i0.wp.com\/vamosporlaliberacion.org\/crpmlm\/wp-content\/uploads\/2018\/11\/ByFq0KPVG_930x525__1.jpg?fit=930%2C525&ssl=1","width":930,"height":525},{"@type":"BreadcrumbList","@id":"https:\/\/vamosporlaliberacion.org\/crpmlm\/las-cifras-del-fracaso-y-la-depresion\/#breadcrumb","itemListElement":[{"@type":"ListItem","position":1,"name":"Portada","item":"https:\/\/vamosporlaliberacion.org\/crpmlm\/"},{"@type":"ListItem","position":2,"name":"Las cifras del fracaso y la depresi\u00f3n"}]},{"@type":"WebSite","@id":"https:\/\/vamosporlaliberacion.org\/crpmlm\/#website","url":"https:\/\/vamosporlaliberacion.org\/crpmlm\/","name":"Vamos por la Liberaci\u00f3n","description":"Prensa CR","potentialAction":[{"@type":"SearchAction","target":{"@type":"EntryPoint","urlTemplate":"https:\/\/vamosporlaliberacion.org\/crpmlm\/?s={search_term_string}"},"query-input":{"@type":"PropertyValueSpecification","valueRequired":true,"valueName":"search_term_string"}}],"inLanguage":"es"},{"@type":"Person","@id":"","url":"http:\/\/vamosporlaliberacion.org\/crpmlm\/author\/"}]}},"jetpack_featured_media_url":"https:\/\/i0.wp.com\/vamosporlaliberacion.org\/crpmlm\/wp-content\/uploads\/2018\/11\/ByFq0KPVG_930x525__1.jpg?fit=930%2C525&ssl=1","jetpack_sharing_enabled":true,"_links":{"self":[{"href":"http:\/\/vamosporlaliberacion.org\/crpmlm\/wp-json\/wp\/v2\/posts\/12671","targetHints":{"allow":["GET"]}}],"collection":[{"href":"http:\/\/vamosporlaliberacion.org\/crpmlm\/wp-json\/wp\/v2\/posts"}],"about":[{"href":"http:\/\/vamosporlaliberacion.org\/crpmlm\/wp-json\/wp\/v2\/types\/post"}],"author":[{"embeddable":true,"href":"http:\/\/vamosporlaliberacion.org\/crpmlm\/wp-json\/wp\/v2\/users\/5"}],"replies":[{"embeddable":true,"href":"http:\/\/vamosporlaliberacion.org\/crpmlm\/wp-json\/wp\/v2\/comments?post=12671"}],"version-history":[{"count":0,"href":"http:\/\/vamosporlaliberacion.org\/crpmlm\/wp-json\/wp\/v2\/posts\/12671\/revisions"}],"wp:featuredmedia":[{"embeddable":true,"href":"http:\/\/vamosporlaliberacion.org\/crpmlm\/wp-json\/wp\/v2\/media\/12672"}],"wp:attachment":[{"href":"http:\/\/vamosporlaliberacion.org\/crpmlm\/wp-json\/wp\/v2\/media?parent=12671"}],"wp:term":[{"taxonomy":"category","embeddable":true,"href":"http:\/\/vamosporlaliberacion.org\/crpmlm\/wp-json\/wp\/v2\/categories?post=12671"},{"taxonomy":"post_tag","embeddable":true,"href":"http:\/\/vamosporlaliberacion.org\/crpmlm\/wp-json\/wp\/v2\/tags?post=12671"}],"curies":[{"name":"wp","href":"https:\/\/api.w.org\/{rel}","templated":true}]}}