{"id":12668,"date":"2018-11-08T20:46:45","date_gmt":"2018-11-08T23:46:45","guid":{"rendered":"http:\/\/vamosporlaliberacion.org\/crpmlm\/?p=12668"},"modified":"2018-11-08T20:46:45","modified_gmt":"2018-11-08T23:46:45","slug":"represion-a-la-medida-de-la-campana-oficial","status":"publish","type":"post","link":"http:\/\/vamosporlaliberacion.org\/crpmlm\/represion-a-la-medida-de-la-campana-oficial\/","title":{"rendered":"Represi\u00f3n a la medida de la campa\u00f1a oficial"},"content":{"rendered":"<p>La Polic\u00eda detuvo 27 personas durante la represi\u00f3n policial a la movilizaci\u00f3n contra el Presupuesto 2019. Lo curioso es que las detenciones no se produjeron en Congreso, el lugar de los incidentes, sino en los alrededores, en una cacer\u00eda que se esparci\u00f3 por m\u00e1s de 20 cuadras. M\u00e1s llamativo a\u00fan fue comprobar que hubo polic\u00edas de civil entre los manifestantes, que luego pasaron a detener personas. No ser\u00eda la primera vez que, ante una masiva movilizaci\u00f3n, la polic\u00eda \u2013de uniforme y civil\u2013 provoca un disturbio, luego reprime, para finalmente detener lejos del lugar para disimular su arbitrariedad.<\/p>\n<p>Obviamente, el gobierno nacional r\u00e1pidamente culp\u00f3 a los organizadores por la presencia de \u201cgrupos violentos, encapuchados\u201d que provocaron los \u201cincidentes\u201d. Acus\u00f3 a las organizaciones convocantes de provocar los disturbios a la vez que se dispon\u00eda a votar el Presupuesto. Con la plaza Congreso ya desalojada.<\/p>\n<p>La versi\u00f3n oficial es llamativa no s\u00f3lo por d\u00f3nde fueron las detenciones sino tambi\u00e9n por qui\u00e9nes son los detenidos: Cuatro miembros de La Garganta Poderosa, entre ellos el director de la revista Nacho Levy, que fueron detenidos en las calles Carlos Calvo y 9 de Julio, \u00a1a veinte cuadras del Congreso! Tambi\u00e9n fueron detenidos, lejos del Congreso, seis trabajadores de Astilleros R\u00edo Santiago, la secretaria gremial de Suteba Ensenada Vanesa Martino y el fot\u00f3grafo de T\u00e9lam Fabricio Bacca. Para sumar indignaci\u00f3n, en una filmaci\u00f3n del canal Cr\u00f3nica TV se ve claramente como un polic\u00eda le planta una barra de metal a Nacho Levy para tratar de \u201cgenerar\u201d alguna prueba contra el periodista.<\/p>\n<p>A esto se suman los cuatro extranjeros detenidos: Baran Anil (27 a\u00f1os) de Turqu\u00eda, Luis Fretes (26 a\u00f1os) de Paraguay, y Felipe (31 a\u00f1os) y V\u00edctor Puleo Artigas (23 a\u00f1os), de Venezuela. Casualidad o buscado, el gobierno lo utiliz\u00f3 para pregonar la necesidad de deportar inmediatamente a los \u201cextranjeros delincuentes\u201d (ver Los nost\u00e1lgicos\u2026). Y la ministra de Seguridad Patricia Bullrich directamente desliz\u00f3 que iniciaron investigaciones para ver si los venezolanos son servicios de inteligencia de Nicol\u00e1s Maduro, el paraguayo un anarquista y el turco un activista contra el G-20. El diario Clar\u00edn cumpli\u00f3 su parte con una despreciable nota en la que describi\u00f3 el Facebook del joven turco, con fotos suyas en la casa del Che en Altagracia (C\u00f3rdoba), del Cordobazo o con frases pol\u00edticas\u2026 Ninguna prueba de ning\u00fan delito, pero suficiente para este \u201cperiodismo independiente\u201d.<\/p>\n<p>Los dos venezolanos fueron detenidos al \u201cvoleo\u201d a veintid\u00f3s cuadras del Congreso, el paraguayo fue apresado tambi\u00e9n arbitrariamente y el turco estaba yendo a realizar tr\u00e1mites en su embajada. Ninguno tiene antecedentes. Pero el gobierno ya los pretende deportar en un \u201cjuicio sumar\u00edsimo\u201d. Ante tanta ostentaci\u00f3n de republicanismo, el Centro de Estudios Legales y Sociales (CELS) aclar\u00f3 que: \u201cLa ley de migraciones proh\u00edbe la expulsi\u00f3n inmediata. Ni siquiera en el DNU [70\/17], declarado inconstitucional, una detenci\u00f3n es causal de expulsi\u00f3n. En este caso, no existe una decisi\u00f3n judicial firme que habilite el inicio de un tr\u00e1mite de expulsi\u00f3n\u201d.<\/p>\n<!-- AddThis Advanced Settings generic via filter on the_content --><!-- AddThis Share Buttons generic via filter on the_content -->","protected":false},"excerpt":{"rendered":"<p>La Polic\u00eda detuvo 27 personas durante la represi\u00f3n policial a la movilizaci\u00f3n contra el Presupuesto 2019. Lo curioso es que las detenciones no se produjeron en Congreso, el lugar de los incidentes, sino en los alrededores, en una cacer\u00eda que se esparci\u00f3 por m\u00e1s de 20 cuadras. M\u00e1s llamativo a\u00fan fue comprobar que hubo polic\u00edas [&hellip;]<!-- AddThis Advanced Settings generic via filter on get_the_excerpt --><!-- AddThis Share Buttons generic via filter on get_the_excerpt --><\/p>\n","protected":false},"author":5,"featured_media":12669,"comment_status":"open","ping_status":"open","sticky":false,"template":"","format":"standard","meta":{"_jetpack_memberships_contains_paid_content":false,"footnotes":""},"categories":[1699],"tags":[1237,216,1255],"class_list":{"0":"post-12668","1":"post","2":"type-post","3":"status-publish","4":"format-standard","5":"has-post-thumbnail","7":"category-noticias","8":"tag-presupuesto-2019","9":"tag-represion","10":"tag-vxl-131"},"yoast_head":"<!-- This site is optimized with the Yoast SEO plugin v27.4 - https:\/\/yoast.com\/product\/yoast-seo-wordpress\/ -->\n<title>Represi\u00f3n a la medida de la campa\u00f1a oficial - Vamos por la Liberaci\u00f3n<\/title>\n<meta name=\"robots\" content=\"index, follow, max-snippet:-1, max-image-preview:large, max-video-preview:-1\" \/>\n<link rel=\"canonical\" href=\"http:\/\/vamosporlaliberacion.org\/crpmlm\/represion-a-la-medida-de-la-campana-oficial\/\" \/>\n<meta name=\"twitter:label1\" content=\"Escrito por\" \/>\n\t<meta name=\"twitter:data1\" content=\"\" \/>\n\t<meta name=\"twitter:label2\" content=\"Tiempo de lectura\" \/>\n\t<meta name=\"twitter:data2\" content=\"3 minutos\" \/>\n<script type=\"application\/ld+json\" class=\"yoast-schema-graph\">{\"@context\":\"https:\\\/\\\/schema.org\",\"@graph\":[{\"@type\":\"Article\",\"@id\":\"http:\\\/\\\/vamosporlaliberacion.org\\\/crpmlm\\\/represion-a-la-medida-de-la-campana-oficial\\\/#article\",\"isPartOf\":{\"@id\":\"http:\\\/\\\/vamosporlaliberacion.org\\\/crpmlm\\\/represion-a-la-medida-de-la-campana-oficial\\\/\"},\"author\":{\"name\":\"\",\"@id\":\"\"},\"headline\":\"Represi\u00f3n a la medida de la campa\u00f1a oficial\",\"datePublished\":\"2018-11-08T23:46:45+00:00\",\"mainEntityOfPage\":{\"@id\":\"http:\\\/\\\/vamosporlaliberacion.org\\\/crpmlm\\\/represion-a-la-medida-de-la-campana-oficial\\\/\"},\"wordCount\":539,\"commentCount\":0,\"image\":{\"@id\":\"http:\\\/\\\/vamosporlaliberacion.org\\\/crpmlm\\\/represion-a-la-medida-de-la-campana-oficial\\\/#primaryimage\"},\"thumbnailUrl\":\"https:\\\/\\\/i0.wp.com\\\/vamosporlaliberacion.org\\\/crpmlm\\\/wp-content\\\/uploads\\\/2018\\\/11\\\/infiltrado.jpg?fit=462%2C655&ssl=1\",\"keywords\":[\"Presupuesto 2019\",\"Represi\u00f3n\",\"vxl 131\"],\"articleSection\":[\"Noticias\"],\"inLanguage\":\"es\",\"potentialAction\":[{\"@type\":\"CommentAction\",\"name\":\"Comment\",\"target\":[\"http:\\\/\\\/vamosporlaliberacion.org\\\/crpmlm\\\/represion-a-la-medida-de-la-campana-oficial\\\/#respond\"]}]},{\"@type\":\"WebPage\",\"@id\":\"http:\\\/\\\/vamosporlaliberacion.org\\\/crpmlm\\\/represion-a-la-medida-de-la-campana-oficial\\\/\",\"url\":\"http:\\\/\\\/vamosporlaliberacion.org\\\/crpmlm\\\/represion-a-la-medida-de-la-campana-oficial\\\/\",\"name\":\"Represi\u00f3n a la medida de la campa\u00f1a oficial - Vamos por la Liberaci\u00f3n\",\"isPartOf\":{\"@id\":\"https:\\\/\\\/vamosporlaliberacion.org\\\/crpmlm\\\/#website\"},\"primaryImageOfPage\":{\"@id\":\"http:\\\/\\\/vamosporlaliberacion.org\\\/crpmlm\\\/represion-a-la-medida-de-la-campana-oficial\\\/#primaryimage\"},\"image\":{\"@id\":\"http:\\\/\\\/vamosporlaliberacion.org\\\/crpmlm\\\/represion-a-la-medida-de-la-campana-oficial\\\/#primaryimage\"},\"thumbnailUrl\":\"https:\\\/\\\/i0.wp.com\\\/vamosporlaliberacion.org\\\/crpmlm\\\/wp-content\\\/uploads\\\/2018\\\/11\\\/infiltrado.jpg?fit=462%2C655&ssl=1\",\"datePublished\":\"2018-11-08T23:46:45+00:00\",\"author\":{\"@id\":\"\"},\"breadcrumb\":{\"@id\":\"http:\\\/\\\/vamosporlaliberacion.org\\\/crpmlm\\\/represion-a-la-medida-de-la-campana-oficial\\\/#breadcrumb\"},\"inLanguage\":\"es\",\"potentialAction\":[{\"@type\":\"ReadAction\",\"target\":[\"http:\\\/\\\/vamosporlaliberacion.org\\\/crpmlm\\\/represion-a-la-medida-de-la-campana-oficial\\\/\"]}]},{\"@type\":\"ImageObject\",\"inLanguage\":\"es\",\"@id\":\"http:\\\/\\\/vamosporlaliberacion.org\\\/crpmlm\\\/represion-a-la-medida-de-la-campana-oficial\\\/#primaryimage\",\"url\":\"https:\\\/\\\/i0.wp.com\\\/vamosporlaliberacion.org\\\/crpmlm\\\/wp-content\\\/uploads\\\/2018\\\/11\\\/infiltrado.jpg?fit=462%2C655&ssl=1\",\"contentUrl\":\"https:\\\/\\\/i0.wp.com\\\/vamosporlaliberacion.org\\\/crpmlm\\\/wp-content\\\/uploads\\\/2018\\\/11\\\/infiltrado.jpg?fit=462%2C655&ssl=1\",\"width\":462,\"height\":655},{\"@type\":\"BreadcrumbList\",\"@id\":\"http:\\\/\\\/vamosporlaliberacion.org\\\/crpmlm\\\/represion-a-la-medida-de-la-campana-oficial\\\/#breadcrumb\",\"itemListElement\":[{\"@type\":\"ListItem\",\"position\":1,\"name\":\"Portada\",\"item\":\"https:\\\/\\\/vamosporlaliberacion.org\\\/crpmlm\\\/\"},{\"@type\":\"ListItem\",\"position\":2,\"name\":\"Represi\u00f3n a la medida de la campa\u00f1a oficial\"}]},{\"@type\":\"WebSite\",\"@id\":\"https:\\\/\\\/vamosporlaliberacion.org\\\/crpmlm\\\/#website\",\"url\":\"https:\\\/\\\/vamosporlaliberacion.org\\\/crpmlm\\\/\",\"name\":\"Vamos por la Liberaci\u00f3n\",\"description\":\"Prensa CR\",\"potentialAction\":[{\"@type\":\"SearchAction\",\"target\":{\"@type\":\"EntryPoint\",\"urlTemplate\":\"https:\\\/\\\/vamosporlaliberacion.org\\\/crpmlm\\\/?s={search_term_string}\"},\"query-input\":{\"@type\":\"PropertyValueSpecification\",\"valueRequired\":true,\"valueName\":\"search_term_string\"}}],\"inLanguage\":\"es\"},{\"@type\":\"Person\",\"@id\":\"\",\"url\":\"http:\\\/\\\/vamosporlaliberacion.org\\\/crpmlm\\\/author\\\/\"}]}<\/script>\n<!-- \/ Yoast SEO plugin. -->","yoast_head_json":{"title":"Represi\u00f3n a la medida de la campa\u00f1a oficial - Vamos por la Liberaci\u00f3n","robots":{"index":"index","follow":"follow","max-snippet":"max-snippet:-1","max-image-preview":"max-image-preview:large","max-video-preview":"max-video-preview:-1"},"canonical":"http:\/\/vamosporlaliberacion.org\/crpmlm\/represion-a-la-medida-de-la-campana-oficial\/","twitter_misc":{"Escrito por":"","Tiempo de lectura":"3 minutos"},"schema":{"@context":"https:\/\/schema.org","@graph":[{"@type":"Article","@id":"http:\/\/vamosporlaliberacion.org\/crpmlm\/represion-a-la-medida-de-la-campana-oficial\/#article","isPartOf":{"@id":"http:\/\/vamosporlaliberacion.org\/crpmlm\/represion-a-la-medida-de-la-campana-oficial\/"},"author":{"name":"","@id":""},"headline":"Represi\u00f3n a la medida de la campa\u00f1a oficial","datePublished":"2018-11-08T23:46:45+00:00","mainEntityOfPage":{"@id":"http:\/\/vamosporlaliberacion.org\/crpmlm\/represion-a-la-medida-de-la-campana-oficial\/"},"wordCount":539,"commentCount":0,"image":{"@id":"http:\/\/vamosporlaliberacion.org\/crpmlm\/represion-a-la-medida-de-la-campana-oficial\/#primaryimage"},"thumbnailUrl":"https:\/\/i0.wp.com\/vamosporlaliberacion.org\/crpmlm\/wp-content\/uploads\/2018\/11\/infiltrado.jpg?fit=462%2C655&ssl=1","keywords":["Presupuesto 2019","Represi\u00f3n","vxl 131"],"articleSection":["Noticias"],"inLanguage":"es","potentialAction":[{"@type":"CommentAction","name":"Comment","target":["http:\/\/vamosporlaliberacion.org\/crpmlm\/represion-a-la-medida-de-la-campana-oficial\/#respond"]}]},{"@type":"WebPage","@id":"http:\/\/vamosporlaliberacion.org\/crpmlm\/represion-a-la-medida-de-la-campana-oficial\/","url":"http:\/\/vamosporlaliberacion.org\/crpmlm\/represion-a-la-medida-de-la-campana-oficial\/","name":"Represi\u00f3n a la medida de la campa\u00f1a oficial - Vamos por la Liberaci\u00f3n","isPartOf":{"@id":"https:\/\/vamosporlaliberacion.org\/crpmlm\/#website"},"primaryImageOfPage":{"@id":"http:\/\/vamosporlaliberacion.org\/crpmlm\/represion-a-la-medida-de-la-campana-oficial\/#primaryimage"},"image":{"@id":"http:\/\/vamosporlaliberacion.org\/crpmlm\/represion-a-la-medida-de-la-campana-oficial\/#primaryimage"},"thumbnailUrl":"https:\/\/i0.wp.com\/vamosporlaliberacion.org\/crpmlm\/wp-content\/uploads\/2018\/11\/infiltrado.jpg?fit=462%2C655&ssl=1","datePublished":"2018-11-08T23:46:45+00:00","author":{"@id":""},"breadcrumb":{"@id":"http:\/\/vamosporlaliberacion.org\/crpmlm\/represion-a-la-medida-de-la-campana-oficial\/#breadcrumb"},"inLanguage":"es","potentialAction":[{"@type":"ReadAction","target":["http:\/\/vamosporlaliberacion.org\/crpmlm\/represion-a-la-medida-de-la-campana-oficial\/"]}]},{"@type":"ImageObject","inLanguage":"es","@id":"http:\/\/vamosporlaliberacion.org\/crpmlm\/represion-a-la-medida-de-la-campana-oficial\/#primaryimage","url":"https:\/\/i0.wp.com\/vamosporlaliberacion.org\/crpmlm\/wp-content\/uploads\/2018\/11\/infiltrado.jpg?fit=462%2C655&ssl=1","contentUrl":"https:\/\/i0.wp.com\/vamosporlaliberacion.org\/crpmlm\/wp-content\/uploads\/2018\/11\/infiltrado.jpg?fit=462%2C655&ssl=1","width":462,"height":655},{"@type":"BreadcrumbList","@id":"http:\/\/vamosporlaliberacion.org\/crpmlm\/represion-a-la-medida-de-la-campana-oficial\/#breadcrumb","itemListElement":[{"@type":"ListItem","position":1,"name":"Portada","item":"https:\/\/vamosporlaliberacion.org\/crpmlm\/"},{"@type":"ListItem","position":2,"name":"Represi\u00f3n a la medida de la campa\u00f1a oficial"}]},{"@type":"WebSite","@id":"https:\/\/vamosporlaliberacion.org\/crpmlm\/#website","url":"https:\/\/vamosporlaliberacion.org\/crpmlm\/","name":"Vamos por la Liberaci\u00f3n","description":"Prensa CR","potentialAction":[{"@type":"SearchAction","target":{"@type":"EntryPoint","urlTemplate":"https:\/\/vamosporlaliberacion.org\/crpmlm\/?s={search_term_string}"},"query-input":{"@type":"PropertyValueSpecification","valueRequired":true,"valueName":"search_term_string"}}],"inLanguage":"es"},{"@type":"Person","@id":"","url":"http:\/\/vamosporlaliberacion.org\/crpmlm\/author\/"}]}},"jetpack_featured_media_url":"https:\/\/i0.wp.com\/vamosporlaliberacion.org\/crpmlm\/wp-content\/uploads\/2018\/11\/infiltrado.jpg?fit=462%2C655&ssl=1","jetpack_sharing_enabled":true,"_links":{"self":[{"href":"http:\/\/vamosporlaliberacion.org\/crpmlm\/wp-json\/wp\/v2\/posts\/12668","targetHints":{"allow":["GET"]}}],"collection":[{"href":"http:\/\/vamosporlaliberacion.org\/crpmlm\/wp-json\/wp\/v2\/posts"}],"about":[{"href":"http:\/\/vamosporlaliberacion.org\/crpmlm\/wp-json\/wp\/v2\/types\/post"}],"author":[{"embeddable":true,"href":"http:\/\/vamosporlaliberacion.org\/crpmlm\/wp-json\/wp\/v2\/users\/5"}],"replies":[{"embeddable":true,"href":"http:\/\/vamosporlaliberacion.org\/crpmlm\/wp-json\/wp\/v2\/comments?post=12668"}],"version-history":[{"count":0,"href":"http:\/\/vamosporlaliberacion.org\/crpmlm\/wp-json\/wp\/v2\/posts\/12668\/revisions"}],"wp:featuredmedia":[{"embeddable":true,"href":"http:\/\/vamosporlaliberacion.org\/crpmlm\/wp-json\/wp\/v2\/media\/12669"}],"wp:attachment":[{"href":"http:\/\/vamosporlaliberacion.org\/crpmlm\/wp-json\/wp\/v2\/media?parent=12668"}],"wp:term":[{"taxonomy":"category","embeddable":true,"href":"http:\/\/vamosporlaliberacion.org\/crpmlm\/wp-json\/wp\/v2\/categories?post=12668"},{"taxonomy":"post_tag","embeddable":true,"href":"http:\/\/vamosporlaliberacion.org\/crpmlm\/wp-json\/wp\/v2\/tags?post=12668"}],"curies":[{"name":"wp","href":"https:\/\/api.w.org\/{rel}","templated":true}]}}